{"id":968,"date":"2022-01-06T21:52:48","date_gmt":"2022-01-06T20:52:48","guid":{"rendered":"https:\/\/pcbigouden.fr\/?p=968"},"modified":"2022-01-22T09:55:56","modified_gmt":"2022-01-22T08:55:56","slug":"plogastel-satnt-germain-pont-labbe-fermeture-du-credit-agricole-fermeture-de-a-perception","status":"publish","type":"post","link":"https:\/\/pcbigouden.fr\/?p=968","title":{"rendered":"Plogastel Saint Germain &#8211; Pont-L&rsquo;Abb\u00e9 : fermeture du Cr\u00e9dit Agricole- fermeture de la Perception"},"content":{"rendered":"<p><strong>Vendredi 10 d\u00e9cembre<\/strong>, l.e conseil municipal de Ptogastet Saint Germain a vot\u00e9 \u00e0 l&rsquo;unanimit\u00e9 une motion d\u00e9non\u00e7ant la <strong>fermeture du Cr\u00e9dit Agricole<\/strong> annonc\u00e9e par la<br \/>\nbanque pour le 1<sup>er<\/sup> mars 2022. Dans le bourg et dans sa campagne, l&rsquo;\u00e9motion est forte.<\/p>\n<p><strong>Vendredi 31 d\u00e9cembre<\/strong>, le C<strong>entre des Finances Publiques de Pont-l&rsquo;Abb\u00e9<\/strong> fermera<br \/>\nd\u00e9finitivement.<br \/>\nLa d\u00e9sertion des services publics de nos territoires se poursuit.<!--more--><\/p>\n<p><strong>Jusqu&rsquo;o\u00f9 ira l&rsquo;abandon du monde rural et des petites villes par ces acteurs \u00e9conomiques majeurs et les services publics ?<\/strong><\/p>\n<p>Le syst\u00e8me capitaliste, \u00e0 travers la d\u00e9sertion de nos communes de ses grands groupes<br \/>\npriv\u00e9s et des services publics, broie aujourd&rsquo;hui les vies des femmes et des hommes ainsi que celles des territoires et contribue \u00e0 \u00e9puiser la plan\u00e8te. Nous le vivons au quotidien.<br \/>\nApr\u00e8s Pouldreuzic, l&rsquo;annonce du d\u00e9part de Plogastel Saint Germain du Cr\u00e9dit Agricole et la fermeture de la perception de Pont [&lsquo;Abb\u00e9 en sont des exemples.<\/p>\n<p>Oui, ces fermetures affecteront fortement [a population de plusieurs communes.<br \/>\nLes habitants devront se d\u00e9placer, pour ceux qui le peuvent, \u00e0 l&rsquo;agence bancaire ou la<br \/>\nperception la plus proche.<br \/>\nLes artisans et les commer\u00e7ants seront p\u00e9nalis\u00e9s dans leurs activit\u00e9s \u00e9conomiques.<br \/>\nLes liens sociaux et humains indispensables dans une relation avec son conseiller<br \/>\nfinancier ou fiscal mais \u00e9galement ceux, encore plus essentiels, de la vie en commun<br \/>\ndans un bourg, faite d&rsquo;\u00e9coute et de fraternit\u00e9, seront fragilis\u00e9s,<\/p>\n<p>Et que dire de l&rsquo;impact carbone que g\u00e9n\u00e9reront ces d\u00e9placements plus nombreux et<br \/>\ncouteux \u00e0 l&rsquo;heure ou s&rsquo;impose la lutte contre te r\u00e9chauffement climatique !<\/p>\n<p style=\"text-align: center;\"><strong>L&rsquo;Humain comme la nature en seront les grands perdants !<\/strong><\/p>\n<p>Ces fermetures auront aussi, ne l&rsquo;oublions pas, des r\u00e9percussions sur l&#8217;emploi.<br \/>\nElles s&rsquo;inscrivent dans une logique g\u00e9n\u00e9rale de disparition des services publics<br \/>\n(perception, poste, gendarmerie&#8230;) et de proximit\u00e9.<br \/>\nPour eux, grandes entreprises et gouvernement, seule la rentabilit\u00e9 \u00e0 court terme et les<br \/>\ndividendes aux actionnaires priment, seul le remboursement de ta dette de l\u2019\u00c9tat<br \/>\ncontract\u00e9e aupr\u00e8s des banques s&rsquo;impose.<\/p>\n<p>Pour nous, communistes, c&rsquo;est <strong>l\u2019humain et la plan\u00e8te d&rsquo;abord,<\/strong> le bonheur des<br \/>\n\u00a0\u00bb Jours Heureux \u00a0\u00bb !<br \/>\nComment ?<br \/>\nEn prenant le pouvoir sur l&rsquo;utilisation de l&rsquo;argent et en combattant le co\u00fbt du capital.<\/p>\n<p>&nbsp;<\/p>\n","protected":false},"excerpt":{"rendered":"<p>Vendredi 10 d\u00e9cembre, l.e conseil municipal de Ptogastet Saint Germain a vot\u00e9 \u00e0 l&rsquo;unanimit\u00e9 une motion d\u00e9non\u00e7ant la fermeture du Cr\u00e9dit Agricole annonc\u00e9e par la banque pour le 1er mars 2022. Dans le bourg et dans sa campagne, l&rsquo;\u00e9motion est forte. Vendredi 31 d\u00e9cembre, le Centre des Finances Publiques de Pont-l&rsquo;Abb\u00e9 fermera d\u00e9finitivement. La d\u00e9sertion &hellip; <a href=\"https:\/\/pcbigouden.fr\/?p=968\" class=\"more-link\">Continue reading <span class=\"screen-reader-text\">Plogastel Saint Germain &#8211; Pont-L&rsquo;Abb\u00e9 : fermeture du Cr\u00e9dit Agricole- fermeture de la Perception<\/span><\/a><\/p>\n","protected":false},"author":1,"featured_media":0,"comment_status":"closed","ping_status":"closed","sticky":false,"template":"","format":"standard","meta":{"_jetpack_memberships_contains_paid_content":false,"footnotes":""},"categories":[12,14],"tags":[127,36,37,115],"class_list":["post-968","post","type-post","status-publish","format-standard","hentry","category-services-publics","category-vie-locale","tag-plogastel","tag-plozevet","tag-pont-labbe","tag-service-public"],"yoast_head":"<!-- This site is optimized with the Yoast SEO plugin v27.5 - https:\/\/yoast.com\/product\/yoast-seo-wordpress\/ -->\n<title>Plogastel Saint Germain - Pont-L&#039;Abb\u00e9 : fermeture du Cr\u00e9dit Agricole- fermeture de la Perception - PCF Pays Bigouden<\/title>\n<meta name=\"robots\" content=\"index, follow, max-snippet:-1, max-image-preview:large, max-video-preview:-1\" \/>\n<link rel=\"canonical\" href=\"https:\/\/pcbigouden.fr\/?p=968\" \/>\n<meta property=\"og:locale\" content=\"fr_FR\" \/>\n<meta property=\"og:type\" content=\"article\" \/>\n<meta property=\"og:title\" content=\"Plogastel Saint Germain - Pont-L&#039;Abb\u00e9 : fermeture du Cr\u00e9dit Agricole- fermeture de la Perception - PCF Pays Bigouden\" \/>\n<meta property=\"og:description\" content=\"Vendredi 10 d\u00e9cembre, l.e conseil municipal de Ptogastet Saint Germain a vot\u00e9 \u00e0 l&rsquo;unanimit\u00e9 une motion d\u00e9non\u00e7ant la fermeture du Cr\u00e9dit Agricole annonc\u00e9e par la banque pour le 1er mars 2022. Dans le bourg et dans sa campagne, l&rsquo;\u00e9motion est forte. Vendredi 31 d\u00e9cembre, le Centre des Finances Publiques de Pont-l&rsquo;Abb\u00e9 fermera d\u00e9finitivement. La d\u00e9sertion &hellip; Continue reading Plogastel Saint Germain &#8211; Pont-L&rsquo;Abb\u00e9 : fermeture du Cr\u00e9dit Agricole- fermeture de la Perception\" \/>\n<meta property=\"og:url\" content=\"https:\/\/pcbigouden.fr\/?p=968\" \/>\n<meta property=\"og:site_name\" content=\"PCF Pays Bigouden\" \/>\n<meta property=\"article:published_time\" content=\"2022-01-06T20:52:48+00:00\" \/>\n<meta property=\"article:modified_time\" content=\"2022-01-22T08:55:56+00:00\" \/>\n<meta name=\"author\" content=\"pcbigouden\" \/>\n<meta name=\"twitter:card\" content=\"summary_large_image\" \/>\n<meta name=\"twitter:label1\" content=\"\u00c9crit par\" \/>\n\t<meta name=\"twitter:data1\" content=\"pcbigouden\" \/>\n\t<meta name=\"twitter:label2\" content=\"Dur\u00e9e de lecture estim\u00e9e\" \/>\n\t<meta name=\"twitter:data2\" content=\"2 minutes\" \/>\n<script type=\"application\/ld+json\" class=\"yoast-schema-graph\">{\"@context\":\"https:\\\/\\\/schema.org\",\"@graph\":[{\"@type\":\"Article\",\"@id\":\"https:\\\/\\\/pcbigouden.fr\\\/?p=968#article\",\"isPartOf\":{\"@id\":\"https:\\\/\\\/pcbigouden.fr\\\/?p=968\"},\"author\":{\"name\":\"pcbigouden\",\"@id\":\"https:\\\/\\\/pcbigouden.fr\\\/#\\\/schema\\\/person\\\/275123d02cb86b428226e5f9ece1fb45\"},\"headline\":\"Plogastel Saint Germain &#8211; Pont-L&rsquo;Abb\u00e9 : fermeture du Cr\u00e9dit Agricole- fermeture de la Perception\",\"datePublished\":\"2022-01-06T20:52:48+00:00\",\"dateModified\":\"2022-01-22T08:55:56+00:00\",\"mainEntityOfPage\":{\"@id\":\"https:\\\/\\\/pcbigouden.fr\\\/?p=968\"},\"wordCount\":412,\"publisher\":{\"@id\":\"https:\\\/\\\/pcbigouden.fr\\\/#organization\"},\"keywords\":[\"Plogastel\",\"Plozevet\",\"Pont L'Abb\u00e9\",\"service public\"],\"articleSection\":[\"Services Publics\",\"Vie Locale\"],\"inLanguage\":\"fr-FR\"},{\"@type\":\"WebPage\",\"@id\":\"https:\\\/\\\/pcbigouden.fr\\\/?p=968\",\"url\":\"https:\\\/\\\/pcbigouden.fr\\\/?p=968\",\"name\":\"Plogastel Saint Germain - Pont-L'Abb\u00e9 : fermeture du Cr\u00e9dit Agricole- fermeture de la Perception - PCF Pays Bigouden\",\"isPartOf\":{\"@id\":\"https:\\\/\\\/pcbigouden.fr\\\/#website\"},\"datePublished\":\"2022-01-06T20:52:48+00:00\",\"dateModified\":\"2022-01-22T08:55:56+00:00\",\"breadcrumb\":{\"@id\":\"https:\\\/\\\/pcbigouden.fr\\\/?p=968#breadcrumb\"},\"inLanguage\":\"fr-FR\",\"potentialAction\":[{\"@type\":\"ReadAction\",\"target\":[\"https:\\\/\\\/pcbigouden.fr\\\/?p=968\"]}]},{\"@type\":\"BreadcrumbList\",\"@id\":\"https:\\\/\\\/pcbigouden.fr\\\/?p=968#breadcrumb\",\"itemListElement\":[{\"@type\":\"ListItem\",\"position\":1,\"name\":\"Accueil\",\"item\":\"https:\\\/\\\/pcbigouden.fr\\\/\"},{\"@type\":\"ListItem\",\"position\":2,\"name\":\"Plogastel Saint Germain &#8211; Pont-L&rsquo;Abb\u00e9 : fermeture du Cr\u00e9dit Agricole- fermeture de la Perception\"}]},{\"@type\":\"WebSite\",\"@id\":\"https:\\\/\\\/pcbigouden.fr\\\/#website\",\"url\":\"https:\\\/\\\/pcbigouden.fr\\\/\",\"name\":\"PCF Pays Bigouden\",\"description\":\"Blog des communistes du Pays Bigouden\",\"publisher\":{\"@id\":\"https:\\\/\\\/pcbigouden.fr\\\/#organization\"},\"potentialAction\":[{\"@type\":\"SearchAction\",\"target\":{\"@type\":\"EntryPoint\",\"urlTemplate\":\"https:\\\/\\\/pcbigouden.fr\\\/?s={search_term_string}\"},\"query-input\":{\"@type\":\"PropertyValueSpecification\",\"valueRequired\":true,\"valueName\":\"search_term_string\"}}],\"inLanguage\":\"fr-FR\"},{\"@type\":\"Organization\",\"@id\":\"https:\\\/\\\/pcbigouden.fr\\\/#organization\",\"name\":\"Parti Communiste PCF Pays Bigouden\",\"url\":\"https:\\\/\\\/pcbigouden.fr\\\/\",\"logo\":{\"@type\":\"ImageObject\",\"inLanguage\":\"fr-FR\",\"@id\":\"https:\\\/\\\/pcbigouden.fr\\\/#\\\/schema\\\/logo\\\/image\\\/\",\"url\":\"https:\\\/\\\/pcbigouden.fr\\\/wp-content\\\/uploads\\\/2021\\\/10\\\/logoTB307x290.jpg\",\"contentUrl\":\"https:\\\/\\\/pcbigouden.fr\\\/wp-content\\\/uploads\\\/2021\\\/10\\\/logoTB307x290.jpg\",\"width\":307,\"height\":290,\"caption\":\"Parti Communiste PCF Pays Bigouden\"},\"image\":{\"@id\":\"https:\\\/\\\/pcbigouden.fr\\\/#\\\/schema\\\/logo\\\/image\\\/\"}},{\"@type\":\"Person\",\"@id\":\"https:\\\/\\\/pcbigouden.fr\\\/#\\\/schema\\\/person\\\/275123d02cb86b428226e5f9ece1fb45\",\"name\":\"pcbigouden\",\"image\":{\"@type\":\"ImageObject\",\"inLanguage\":\"fr-FR\",\"@id\":\"https:\\\/\\\/secure.gravatar.com\\\/avatar\\\/0b1629b930d618ad44494ab153a628070e41fe2a36494d685d6a33679cd35013?s=96&d=mm&r=g\",\"url\":\"https:\\\/\\\/secure.gravatar.com\\\/avatar\\\/0b1629b930d618ad44494ab153a628070e41fe2a36494d685d6a33679cd35013?s=96&d=mm&r=g\",\"contentUrl\":\"https:\\\/\\\/secure.gravatar.com\\\/avatar\\\/0b1629b930d618ad44494ab153a628070e41fe2a36494d685d6a33679cd35013?s=96&d=mm&r=g\",\"caption\":\"pcbigouden\"},\"sameAs\":[\"https:\\\/\\\/pcbigouden.fr\"],\"url\":\"https:\\\/\\\/pcbigouden.fr\\\/?author=1\"}]}<\/script>\n<!-- \/ Yoast SEO plugin. -->","yoast_head_json":{"title":"Plogastel Saint Germain - Pont-L'Abb\u00e9 : fermeture du Cr\u00e9dit Agricole- fermeture de la Perception - PCF Pays Bigouden","robots":{"index":"index","follow":"follow","max-snippet":"max-snippet:-1","max-image-preview":"max-image-preview:large","max-video-preview":"max-video-preview:-1"},"canonical":"https:\/\/pcbigouden.fr\/?p=968","og_locale":"fr_FR","og_type":"article","og_title":"Plogastel Saint Germain - Pont-L'Abb\u00e9 : fermeture du Cr\u00e9dit Agricole- fermeture de la Perception - PCF Pays Bigouden","og_description":"Vendredi 10 d\u00e9cembre, l.e conseil municipal de Ptogastet Saint Germain a vot\u00e9 \u00e0 l&rsquo;unanimit\u00e9 une motion d\u00e9non\u00e7ant la fermeture du Cr\u00e9dit Agricole annonc\u00e9e par la banque pour le 1er mars 2022. Dans le bourg et dans sa campagne, l&rsquo;\u00e9motion est forte. Vendredi 31 d\u00e9cembre, le Centre des Finances Publiques de Pont-l&rsquo;Abb\u00e9 fermera d\u00e9finitivement. La d\u00e9sertion &hellip; Continue reading Plogastel Saint Germain &#8211; Pont-L&rsquo;Abb\u00e9 : fermeture du Cr\u00e9dit Agricole- fermeture de la Perception","og_url":"https:\/\/pcbigouden.fr\/?p=968","og_site_name":"PCF Pays Bigouden","article_published_time":"2022-01-06T20:52:48+00:00","article_modified_time":"2022-01-22T08:55:56+00:00","author":"pcbigouden","twitter_card":"summary_large_image","twitter_misc":{"\u00c9crit par":"pcbigouden","Dur\u00e9e de lecture estim\u00e9e":"2 minutes"},"schema":{"@context":"https:\/\/schema.org","@graph":[{"@type":"Article","@id":"https:\/\/pcbigouden.fr\/?p=968#article","isPartOf":{"@id":"https:\/\/pcbigouden.fr\/?p=968"},"author":{"name":"pcbigouden","@id":"https:\/\/pcbigouden.fr\/#\/schema\/person\/275123d02cb86b428226e5f9ece1fb45"},"headline":"Plogastel Saint Germain &#8211; Pont-L&rsquo;Abb\u00e9 : fermeture du Cr\u00e9dit Agricole- fermeture de la Perception","datePublished":"2022-01-06T20:52:48+00:00","dateModified":"2022-01-22T08:55:56+00:00","mainEntityOfPage":{"@id":"https:\/\/pcbigouden.fr\/?p=968"},"wordCount":412,"publisher":{"@id":"https:\/\/pcbigouden.fr\/#organization"},"keywords":["Plogastel","Plozevet","Pont L'Abb\u00e9","service public"],"articleSection":["Services Publics","Vie Locale"],"inLanguage":"fr-FR"},{"@type":"WebPage","@id":"https:\/\/pcbigouden.fr\/?p=968","url":"https:\/\/pcbigouden.fr\/?p=968","name":"Plogastel Saint Germain - Pont-L'Abb\u00e9 : fermeture du Cr\u00e9dit Agricole- fermeture de la Perception - PCF Pays Bigouden","isPartOf":{"@id":"https:\/\/pcbigouden.fr\/#website"},"datePublished":"2022-01-06T20:52:48+00:00","dateModified":"2022-01-22T08:55:56+00:00","breadcrumb":{"@id":"https:\/\/pcbigouden.fr\/?p=968#breadcrumb"},"inLanguage":"fr-FR","potentialAction":[{"@type":"ReadAction","target":["https:\/\/pcbigouden.fr\/?p=968"]}]},{"@type":"BreadcrumbList","@id":"https:\/\/pcbigouden.fr\/?p=968#breadcrumb","itemListElement":[{"@type":"ListItem","position":1,"name":"Accueil","item":"https:\/\/pcbigouden.fr\/"},{"@type":"ListItem","position":2,"name":"Plogastel Saint Germain &#8211; Pont-L&rsquo;Abb\u00e9 : fermeture du Cr\u00e9dit Agricole- fermeture de la Perception"}]},{"@type":"WebSite","@id":"https:\/\/pcbigouden.fr\/#website","url":"https:\/\/pcbigouden.fr\/","name":"PCF Pays Bigouden","description":"Blog des communistes du Pays Bigouden","publisher":{"@id":"https:\/\/pcbigouden.fr\/#organization"},"potentialAction":[{"@type":"SearchAction","target":{"@type":"EntryPoint","urlTemplate":"https:\/\/pcbigouden.fr\/?s={search_term_string}"},"query-input":{"@type":"PropertyValueSpecification","valueRequired":true,"valueName":"search_term_string"}}],"inLanguage":"fr-FR"},{"@type":"Organization","@id":"https:\/\/pcbigouden.fr\/#organization","name":"Parti Communiste PCF Pays Bigouden","url":"https:\/\/pcbigouden.fr\/","logo":{"@type":"ImageObject","inLanguage":"fr-FR","@id":"https:\/\/pcbigouden.fr\/#\/schema\/logo\/image\/","url":"https:\/\/pcbigouden.fr\/wp-content\/uploads\/2021\/10\/logoTB307x290.jpg","contentUrl":"https:\/\/pcbigouden.fr\/wp-content\/uploads\/2021\/10\/logoTB307x290.jpg","width":307,"height":290,"caption":"Parti Communiste PCF Pays Bigouden"},"image":{"@id":"https:\/\/pcbigouden.fr\/#\/schema\/logo\/image\/"}},{"@type":"Person","@id":"https:\/\/pcbigouden.fr\/#\/schema\/person\/275123d02cb86b428226e5f9ece1fb45","name":"pcbigouden","image":{"@type":"ImageObject","inLanguage":"fr-FR","@id":"https:\/\/secure.gravatar.com\/avatar\/0b1629b930d618ad44494ab153a628070e41fe2a36494d685d6a33679cd35013?s=96&d=mm&r=g","url":"https:\/\/secure.gravatar.com\/avatar\/0b1629b930d618ad44494ab153a628070e41fe2a36494d685d6a33679cd35013?s=96&d=mm&r=g","contentUrl":"https:\/\/secure.gravatar.com\/avatar\/0b1629b930d618ad44494ab153a628070e41fe2a36494d685d6a33679cd35013?s=96&d=mm&r=g","caption":"pcbigouden"},"sameAs":["https:\/\/pcbigouden.fr"],"url":"https:\/\/pcbigouden.fr\/?author=1"}]}},"jetpack_featured_media_url":"","jetpack_sharing_enabled":true,"jetpack_likes_enabled":true,"_links":{"self":[{"href":"https:\/\/pcbigouden.fr\/index.php?rest_route=\/wp\/v2\/posts\/968","targetHints":{"allow":["GET"]}}],"collection":[{"href":"https:\/\/pcbigouden.fr\/index.php?rest_route=\/wp\/v2\/posts"}],"about":[{"href":"https:\/\/pcbigouden.fr\/index.php?rest_route=\/wp\/v2\/types\/post"}],"author":[{"embeddable":true,"href":"https:\/\/pcbigouden.fr\/index.php?rest_route=\/wp\/v2\/users\/1"}],"replies":[{"embeddable":true,"href":"https:\/\/pcbigouden.fr\/index.php?rest_route=%2Fwp%2Fv2%2Fcomments&post=968"}],"version-history":[{"count":0,"href":"https:\/\/pcbigouden.fr\/index.php?rest_route=\/wp\/v2\/posts\/968\/revisions"}],"wp:attachment":[{"href":"https:\/\/pcbigouden.fr\/index.php?rest_route=%2Fwp%2Fv2%2Fmedia&parent=968"}],"wp:term":[{"taxonomy":"category","embeddable":true,"href":"https:\/\/pcbigouden.fr\/index.php?rest_route=%2Fwp%2Fv2%2Fcategories&post=968"},{"taxonomy":"post_tag","embeddable":true,"href":"https:\/\/pcbigouden.fr\/index.php?rest_route=%2Fwp%2Fv2%2Ftags&post=968"}],"curies":[{"name":"wp","href":"https:\/\/api.w.org\/{rel}","templated":true}]}}