{"id":831,"date":"2021-11-20T08:42:13","date_gmt":"2021-11-20T07:42:13","guid":{"rendered":"https:\/\/pcbigouden.fr\/?p=831"},"modified":"2021-11-20T08:46:29","modified_gmt":"2021-11-20T07:46:29","slug":"cop26-un-acte-manque-le-defi-climatique-necessite-une-vraie-cooperation-internationale","status":"publish","type":"post","link":"https:\/\/pcbigouden.fr\/?p=831","title":{"rendered":"COP26 : un acte manqu\u00e9 \u2013 Le d\u00e9fi climatique n\u00e9cessite une vraie coop\u00e9ration internationale"},"content":{"rendered":"<p>Samedi se cl\u00f4turait la COP26 \u00e0 Glasgow. Alors que le d\u00e9fi climatique invite \u00e0 la coop\u00e9ration internationale et \u00e0 un r\u00e9el changement de mode de production, l&rsquo;accord qui a \u00e9t\u00e9 trouv\u00e9 samedi soir entre les pays participants s&rsquo;av\u00e8re \u00eatre un compromis de bas \u00e9tage.<!--more--><\/p>\n<figure class=\"image-align-center\"><img decoding=\"async\" src=\"https:\/\/image.over-blog.com\/f610IRFBJYpMs2tx04XqrZggMzg=\/filters:no_upscale()\/image%2F1489059%2F20211119%2Fob_1f066c_visuel-cop.jpg\" alt=\"\" data-amp-height=\"470\" data-amp-width=\"900\" \/><\/figure>\n<p>Le profit et la rentabilit\u00e9 plut\u00f4t que l&rsquo;humain et la plan\u00e8te, c&rsquo;est ce qui ressort de cette COP26. La COP 26 \u00e0 Glasgow est un cadre multilat\u00e9ral de n\u00e9gociations n\u00e9cessaire \u00e0 la limitation du r\u00e9chauffement climatique global \u00e0 1,5 \u00b0C \u00e0 la fin du si\u00e8cle. L\u2019Accord de Paris a fix\u00e9 cet objectif, mais les strat\u00e9gies nationales pour le r\u00e9aliser ne sont pas \u00e0 la hauteur. Cela risque de se poursuivre \u00e9tant donn\u00e9 que la version finale de l&rsquo;accord trouv\u00e9 samedi ouvre la porte \u00e0 des am\u00e9nagements pour \u00ab\u00a0circonstances nationales particuli\u00e8res\u00a0\u00bb. La coop\u00e9ration internationale est plus urgente que jamais, en particulier pour financer la transition et l\u2019adaptation des pays en d\u00e9veloppement, ceux qui subissent le plus le d\u00e9r\u00e8glement climatique et \u00e9mettent le moins de gaz \u00e0 effet de serre. Les 100 milliards d\u2019euros par an promis par les \u00c9tats ne suffiront pas et sous pression des \u00c9tats-Unis, aucune aide suppl\u00e9mentaire, notamment pour compenser les d\u00e9g\u00e2ts d\u00e9j\u00e0 subis, ne sera donn\u00e9e aux pays pauvres.<\/p>\n<p>Les pr\u00e9c\u00e9dentes COP n\u2019ont pas abouti \u00e0 un calendrier de sortie du charbon, du p\u00e9trole et du gaz. Cette derni\u00e8re s&rsquo;inscrit dans les \u00e9checs pr\u00e9c\u00e9dents. Alors que des engagements sur la sortie des sources d&rsquo;\u00e9nergie fossiles, notamment le charbon, avaient \u00e9t\u00e9 pris par une vingtaine de pays, l&rsquo;accord final est bien moins ambitieux. Sous le poids notamment de la Chine et de l&rsquo;Inde, la sortie du charbon a \u00e9t\u00e9 remplac\u00e9e par une formulation mole appelant \u00ab\u00a0\u00e0 intensifier les efforts vers la diminution progressive du charbon sans syst\u00e8me de capture de CO2 et \u00e0 la sortie des subventions inefficaces aux \u00e9nergies fossiles\u00a0\u00bb. C\u2019est pourtant l\u2019urgence afin de r\u00e9duire de moiti\u00e9 les \u00e9missions de gaz \u00e0 effet de serre avant 2030. Il faut en finir avec le \u201cmarch\u00e9 carbone\u201d permettant aux entreprises et aux \u00c9tats d\u2019acheter le droit \u00e0 polluer.<\/p>\n<p>Premi\u00e8rement, il faut d\u00e9carboner notre production d&rsquo;\u00e9nergie, comme nous le demandons, avec un mix \u00e9nerg\u00e9tique assis sur les \u00e9nergies nucl\u00e9aire et hydraulique. Deuxi\u00e8mement, l&rsquo;urgence est \u00e0 la relocalisation de la production industrielle en France. La pollution que nous \u00e9vitons d\u2019\u00e9mettre sur le sol national est provoqu\u00e9e par la production et le transport des marchandises que nous importons. Sans industrie au pays, pas d\u2019\u00e9cologie\u00a0!<\/p>\n<p>Alors que des millions de jeunes marchent \u00e0 travers le monde pour d\u00e9noncer l\u2019inaction des gouvernements dans leur lutte contre le r\u00e9chauffement climatique, le MJCF d\u00e9nonce ce nouvel acte manqu\u00e9. Il revendique la mise en place de grands travaux \u00e9cologiques pour nous permettre de d\u00e9carboner notre production \u00e9nerg\u00e9tique\u00a0:<\/p>\n<ul>\n<li>La relocalisation de la production industrielle, appuy\u00e9e par des fili\u00e8res industrielles publiques et par une \u00e9nergie publique d\u00e9carbon\u00e9e.<\/li>\n<li>Le d\u00e9veloppement du transport ferroviaire public, afin de r\u00e9duire le transport routier.<\/li>\n<li>La gratuit\u00e9 et le d\u00e9veloppement des transports en commun.<\/li>\n<li>La r\u00e9novation thermique du parc de logements, afin de r\u00e9duire la part de la consommation \u00e9nerg\u00e9tique qui y est consacr\u00e9e.<\/li>\n<li>La conditionnalit\u00e9 des aides publiques aux entreprises \u00e0 la d\u00e9carbonisation du mode de production et \u00e0 la pr\u00e9servation de la biodiversit\u00e9.<\/li>\n<\/ul>\n<p>Amado Lebaube, r\u00e9dacteur en chef d\u2019<i>Avant-Garde<\/i><\/p>\n<p><img decoding=\"async\" class=\"aligncenter\" src=\"https:\/\/image.over-blog.com\/Q0AnJ1WbjHLMyZHiYXAV62rfw68=\/filters:no_upscale()\/image%2F1489059%2F20211119%2Fob_7823b1_mjcf-2.png\" alt=\"\" data-amp-height=\"135\" data-amp-width=\"372\" \/><\/p>\n","protected":false},"excerpt":{"rendered":"<p>Samedi se cl\u00f4turait la COP26 \u00e0 Glasgow. Alors que le d\u00e9fi climatique invite \u00e0 la coop\u00e9ration internationale et \u00e0 un r\u00e9el changement de mode de production, l&rsquo;accord qui a \u00e9t\u00e9 trouv\u00e9 samedi soir entre les pays participants s&rsquo;av\u00e8re \u00eatre un compromis de bas \u00e9tage.<\/p>\n","protected":false},"author":1,"featured_media":0,"comment_status":"closed","ping_status":"closed","sticky":false,"template":"","format":"standard","meta":{"_jetpack_memberships_contains_paid_content":false,"footnotes":""},"categories":[90,59],"tags":[106,107],"class_list":["post-831","post","type-post","status-publish","format-standard","hentry","category-environnement","category-parti-communiste","tag-climat","tag-cop-26"],"yoast_head":"<!-- This site is optimized with the Yoast SEO plugin v27.5 - https:\/\/yoast.com\/product\/yoast-seo-wordpress\/ -->\n<title>COP26 : un acte manqu\u00e9 \u2013 Le d\u00e9fi climatique n\u00e9cessite une vraie coop\u00e9ration internationale - PCF Pays Bigouden<\/title>\n<meta name=\"robots\" content=\"index, follow, max-snippet:-1, max-image-preview:large, max-video-preview:-1\" \/>\n<link rel=\"canonical\" href=\"https:\/\/pcbigouden.fr\/?p=831\" \/>\n<meta property=\"og:locale\" content=\"fr_FR\" \/>\n<meta property=\"og:type\" content=\"article\" \/>\n<meta property=\"og:title\" content=\"COP26 : un acte manqu\u00e9 \u2013 Le d\u00e9fi climatique n\u00e9cessite une vraie coop\u00e9ration internationale - PCF Pays Bigouden\" \/>\n<meta property=\"og:description\" content=\"Samedi se cl\u00f4turait la COP26 \u00e0 Glasgow. Alors que le d\u00e9fi climatique invite \u00e0 la coop\u00e9ration internationale et \u00e0 un r\u00e9el changement de mode de production, l&rsquo;accord qui a \u00e9t\u00e9 trouv\u00e9 samedi soir entre les pays participants s&rsquo;av\u00e8re \u00eatre un compromis de bas \u00e9tage.\" \/>\n<meta property=\"og:url\" content=\"https:\/\/pcbigouden.fr\/?p=831\" \/>\n<meta property=\"og:site_name\" content=\"PCF Pays Bigouden\" \/>\n<meta property=\"article:published_time\" content=\"2021-11-20T07:42:13+00:00\" \/>\n<meta property=\"article:modified_time\" content=\"2021-11-20T07:46:29+00:00\" \/>\n<meta property=\"og:image\" content=\"https:\/\/image.over-blog.com\/f610IRFBJYpMs2tx04XqrZggMzg=\/filters:no_upscale()\/image%2F1489059%2F20211119%2Fob_1f066c_visuel-cop.jpg\" \/>\n<meta name=\"author\" content=\"pcbigouden\" \/>\n<meta name=\"twitter:card\" content=\"summary_large_image\" \/>\n<meta name=\"twitter:label1\" content=\"\u00c9crit par\" \/>\n\t<meta name=\"twitter:data1\" content=\"pcbigouden\" \/>\n\t<meta name=\"twitter:label2\" content=\"Dur\u00e9e de lecture estim\u00e9e\" \/>\n\t<meta name=\"twitter:data2\" content=\"3 minutes\" \/>\n<script type=\"application\/ld+json\" class=\"yoast-schema-graph\">{\"@context\":\"https:\\\/\\\/schema.org\",\"@graph\":[{\"@type\":\"Article\",\"@id\":\"https:\\\/\\\/pcbigouden.fr\\\/?p=831#article\",\"isPartOf\":{\"@id\":\"https:\\\/\\\/pcbigouden.fr\\\/?p=831\"},\"author\":{\"name\":\"pcbigouden\",\"@id\":\"https:\\\/\\\/pcbigouden.fr\\\/#\\\/schema\\\/person\\\/275123d02cb86b428226e5f9ece1fb45\"},\"headline\":\"COP26 : un acte manqu\u00e9 \u2013 Le d\u00e9fi climatique n\u00e9cessite une vraie coop\u00e9ration internationale\",\"datePublished\":\"2021-11-20T07:42:13+00:00\",\"dateModified\":\"2021-11-20T07:46:29+00:00\",\"mainEntityOfPage\":{\"@id\":\"https:\\\/\\\/pcbigouden.fr\\\/?p=831\"},\"wordCount\":614,\"publisher\":{\"@id\":\"https:\\\/\\\/pcbigouden.fr\\\/#organization\"},\"image\":{\"@id\":\"https:\\\/\\\/pcbigouden.fr\\\/?p=831#primaryimage\"},\"thumbnailUrl\":\"https:\\\/\\\/image.over-blog.com\\\/f610IRFBJYpMs2tx04XqrZggMzg=\\\/filters:no_upscale()\\\/image%2F1489059%2F20211119%2Fob_1f066c_visuel-cop.jpg\",\"keywords\":[\"climat\",\"COP 26\"],\"articleSection\":[\"Environnement\",\"Parti Communiste\"],\"inLanguage\":\"fr-FR\"},{\"@type\":\"WebPage\",\"@id\":\"https:\\\/\\\/pcbigouden.fr\\\/?p=831\",\"url\":\"https:\\\/\\\/pcbigouden.fr\\\/?p=831\",\"name\":\"COP26 : un acte manqu\u00e9 \u2013 Le d\u00e9fi climatique n\u00e9cessite une vraie coop\u00e9ration internationale - PCF Pays Bigouden\",\"isPartOf\":{\"@id\":\"https:\\\/\\\/pcbigouden.fr\\\/#website\"},\"primaryImageOfPage\":{\"@id\":\"https:\\\/\\\/pcbigouden.fr\\\/?p=831#primaryimage\"},\"image\":{\"@id\":\"https:\\\/\\\/pcbigouden.fr\\\/?p=831#primaryimage\"},\"thumbnailUrl\":\"https:\\\/\\\/image.over-blog.com\\\/f610IRFBJYpMs2tx04XqrZggMzg=\\\/filters:no_upscale()\\\/image%2F1489059%2F20211119%2Fob_1f066c_visuel-cop.jpg\",\"datePublished\":\"2021-11-20T07:42:13+00:00\",\"dateModified\":\"2021-11-20T07:46:29+00:00\",\"breadcrumb\":{\"@id\":\"https:\\\/\\\/pcbigouden.fr\\\/?p=831#breadcrumb\"},\"inLanguage\":\"fr-FR\",\"potentialAction\":[{\"@type\":\"ReadAction\",\"target\":[\"https:\\\/\\\/pcbigouden.fr\\\/?p=831\"]}]},{\"@type\":\"ImageObject\",\"inLanguage\":\"fr-FR\",\"@id\":\"https:\\\/\\\/pcbigouden.fr\\\/?p=831#primaryimage\",\"url\":\"https:\\\/\\\/image.over-blog.com\\\/f610IRFBJYpMs2tx04XqrZggMzg=\\\/filters:no_upscale()\\\/image%2F1489059%2F20211119%2Fob_1f066c_visuel-cop.jpg\",\"contentUrl\":\"https:\\\/\\\/image.over-blog.com\\\/f610IRFBJYpMs2tx04XqrZggMzg=\\\/filters:no_upscale()\\\/image%2F1489059%2F20211119%2Fob_1f066c_visuel-cop.jpg\"},{\"@type\":\"BreadcrumbList\",\"@id\":\"https:\\\/\\\/pcbigouden.fr\\\/?p=831#breadcrumb\",\"itemListElement\":[{\"@type\":\"ListItem\",\"position\":1,\"name\":\"Accueil\",\"item\":\"https:\\\/\\\/pcbigouden.fr\\\/\"},{\"@type\":\"ListItem\",\"position\":2,\"name\":\"COP26 : un acte manqu\u00e9 \u2013 Le d\u00e9fi climatique n\u00e9cessite une vraie coop\u00e9ration internationale\"}]},{\"@type\":\"WebSite\",\"@id\":\"https:\\\/\\\/pcbigouden.fr\\\/#website\",\"url\":\"https:\\\/\\\/pcbigouden.fr\\\/\",\"name\":\"PCF Pays Bigouden\",\"description\":\"Blog des communistes du Pays Bigouden\",\"publisher\":{\"@id\":\"https:\\\/\\\/pcbigouden.fr\\\/#organization\"},\"potentialAction\":[{\"@type\":\"SearchAction\",\"target\":{\"@type\":\"EntryPoint\",\"urlTemplate\":\"https:\\\/\\\/pcbigouden.fr\\\/?s={search_term_string}\"},\"query-input\":{\"@type\":\"PropertyValueSpecification\",\"valueRequired\":true,\"valueName\":\"search_term_string\"}}],\"inLanguage\":\"fr-FR\"},{\"@type\":\"Organization\",\"@id\":\"https:\\\/\\\/pcbigouden.fr\\\/#organization\",\"name\":\"Parti Communiste PCF Pays Bigouden\",\"url\":\"https:\\\/\\\/pcbigouden.fr\\\/\",\"logo\":{\"@type\":\"ImageObject\",\"inLanguage\":\"fr-FR\",\"@id\":\"https:\\\/\\\/pcbigouden.fr\\\/#\\\/schema\\\/logo\\\/image\\\/\",\"url\":\"https:\\\/\\\/pcbigouden.fr\\\/wp-content\\\/uploads\\\/2021\\\/10\\\/logoTB307x290.jpg\",\"contentUrl\":\"https:\\\/\\\/pcbigouden.fr\\\/wp-content\\\/uploads\\\/2021\\\/10\\\/logoTB307x290.jpg\",\"width\":307,\"height\":290,\"caption\":\"Parti Communiste PCF Pays Bigouden\"},\"image\":{\"@id\":\"https:\\\/\\\/pcbigouden.fr\\\/#\\\/schema\\\/logo\\\/image\\\/\"}},{\"@type\":\"Person\",\"@id\":\"https:\\\/\\\/pcbigouden.fr\\\/#\\\/schema\\\/person\\\/275123d02cb86b428226e5f9ece1fb45\",\"name\":\"pcbigouden\",\"image\":{\"@type\":\"ImageObject\",\"inLanguage\":\"fr-FR\",\"@id\":\"https:\\\/\\\/secure.gravatar.com\\\/avatar\\\/0b1629b930d618ad44494ab153a628070e41fe2a36494d685d6a33679cd35013?s=96&d=mm&r=g\",\"url\":\"https:\\\/\\\/secure.gravatar.com\\\/avatar\\\/0b1629b930d618ad44494ab153a628070e41fe2a36494d685d6a33679cd35013?s=96&d=mm&r=g\",\"contentUrl\":\"https:\\\/\\\/secure.gravatar.com\\\/avatar\\\/0b1629b930d618ad44494ab153a628070e41fe2a36494d685d6a33679cd35013?s=96&d=mm&r=g\",\"caption\":\"pcbigouden\"},\"sameAs\":[\"https:\\\/\\\/pcbigouden.fr\"],\"url\":\"https:\\\/\\\/pcbigouden.fr\\\/?author=1\"}]}<\/script>\n<!-- \/ Yoast SEO plugin. -->","yoast_head_json":{"title":"COP26 : un acte manqu\u00e9 \u2013 Le d\u00e9fi climatique n\u00e9cessite une vraie coop\u00e9ration internationale - PCF Pays Bigouden","robots":{"index":"index","follow":"follow","max-snippet":"max-snippet:-1","max-image-preview":"max-image-preview:large","max-video-preview":"max-video-preview:-1"},"canonical":"https:\/\/pcbigouden.fr\/?p=831","og_locale":"fr_FR","og_type":"article","og_title":"COP26 : un acte manqu\u00e9 \u2013 Le d\u00e9fi climatique n\u00e9cessite une vraie coop\u00e9ration internationale - PCF Pays Bigouden","og_description":"Samedi se cl\u00f4turait la COP26 \u00e0 Glasgow. Alors que le d\u00e9fi climatique invite \u00e0 la coop\u00e9ration internationale et \u00e0 un r\u00e9el changement de mode de production, l&rsquo;accord qui a \u00e9t\u00e9 trouv\u00e9 samedi soir entre les pays participants s&rsquo;av\u00e8re \u00eatre un compromis de bas \u00e9tage.","og_url":"https:\/\/pcbigouden.fr\/?p=831","og_site_name":"PCF Pays Bigouden","article_published_time":"2021-11-20T07:42:13+00:00","article_modified_time":"2021-11-20T07:46:29+00:00","og_image":[{"url":"https:\/\/image.over-blog.com\/f610IRFBJYpMs2tx04XqrZggMzg=\/filters:no_upscale()\/image%2F1489059%2F20211119%2Fob_1f066c_visuel-cop.jpg","type":"","width":"","height":""}],"author":"pcbigouden","twitter_card":"summary_large_image","twitter_misc":{"\u00c9crit par":"pcbigouden","Dur\u00e9e de lecture estim\u00e9e":"3 minutes"},"schema":{"@context":"https:\/\/schema.org","@graph":[{"@type":"Article","@id":"https:\/\/pcbigouden.fr\/?p=831#article","isPartOf":{"@id":"https:\/\/pcbigouden.fr\/?p=831"},"author":{"name":"pcbigouden","@id":"https:\/\/pcbigouden.fr\/#\/schema\/person\/275123d02cb86b428226e5f9ece1fb45"},"headline":"COP26 : un acte manqu\u00e9 \u2013 Le d\u00e9fi climatique n\u00e9cessite une vraie coop\u00e9ration internationale","datePublished":"2021-11-20T07:42:13+00:00","dateModified":"2021-11-20T07:46:29+00:00","mainEntityOfPage":{"@id":"https:\/\/pcbigouden.fr\/?p=831"},"wordCount":614,"publisher":{"@id":"https:\/\/pcbigouden.fr\/#organization"},"image":{"@id":"https:\/\/pcbigouden.fr\/?p=831#primaryimage"},"thumbnailUrl":"https:\/\/image.over-blog.com\/f610IRFBJYpMs2tx04XqrZggMzg=\/filters:no_upscale()\/image%2F1489059%2F20211119%2Fob_1f066c_visuel-cop.jpg","keywords":["climat","COP 26"],"articleSection":["Environnement","Parti Communiste"],"inLanguage":"fr-FR"},{"@type":"WebPage","@id":"https:\/\/pcbigouden.fr\/?p=831","url":"https:\/\/pcbigouden.fr\/?p=831","name":"COP26 : un acte manqu\u00e9 \u2013 Le d\u00e9fi climatique n\u00e9cessite une vraie coop\u00e9ration internationale - PCF Pays Bigouden","isPartOf":{"@id":"https:\/\/pcbigouden.fr\/#website"},"primaryImageOfPage":{"@id":"https:\/\/pcbigouden.fr\/?p=831#primaryimage"},"image":{"@id":"https:\/\/pcbigouden.fr\/?p=831#primaryimage"},"thumbnailUrl":"https:\/\/image.over-blog.com\/f610IRFBJYpMs2tx04XqrZggMzg=\/filters:no_upscale()\/image%2F1489059%2F20211119%2Fob_1f066c_visuel-cop.jpg","datePublished":"2021-11-20T07:42:13+00:00","dateModified":"2021-11-20T07:46:29+00:00","breadcrumb":{"@id":"https:\/\/pcbigouden.fr\/?p=831#breadcrumb"},"inLanguage":"fr-FR","potentialAction":[{"@type":"ReadAction","target":["https:\/\/pcbigouden.fr\/?p=831"]}]},{"@type":"ImageObject","inLanguage":"fr-FR","@id":"https:\/\/pcbigouden.fr\/?p=831#primaryimage","url":"https:\/\/image.over-blog.com\/f610IRFBJYpMs2tx04XqrZggMzg=\/filters:no_upscale()\/image%2F1489059%2F20211119%2Fob_1f066c_visuel-cop.jpg","contentUrl":"https:\/\/image.over-blog.com\/f610IRFBJYpMs2tx04XqrZggMzg=\/filters:no_upscale()\/image%2F1489059%2F20211119%2Fob_1f066c_visuel-cop.jpg"},{"@type":"BreadcrumbList","@id":"https:\/\/pcbigouden.fr\/?p=831#breadcrumb","itemListElement":[{"@type":"ListItem","position":1,"name":"Accueil","item":"https:\/\/pcbigouden.fr\/"},{"@type":"ListItem","position":2,"name":"COP26 : un acte manqu\u00e9 \u2013 Le d\u00e9fi climatique n\u00e9cessite une vraie coop\u00e9ration internationale"}]},{"@type":"WebSite","@id":"https:\/\/pcbigouden.fr\/#website","url":"https:\/\/pcbigouden.fr\/","name":"PCF Pays Bigouden","description":"Blog des communistes du Pays Bigouden","publisher":{"@id":"https:\/\/pcbigouden.fr\/#organization"},"potentialAction":[{"@type":"SearchAction","target":{"@type":"EntryPoint","urlTemplate":"https:\/\/pcbigouden.fr\/?s={search_term_string}"},"query-input":{"@type":"PropertyValueSpecification","valueRequired":true,"valueName":"search_term_string"}}],"inLanguage":"fr-FR"},{"@type":"Organization","@id":"https:\/\/pcbigouden.fr\/#organization","name":"Parti Communiste PCF Pays Bigouden","url":"https:\/\/pcbigouden.fr\/","logo":{"@type":"ImageObject","inLanguage":"fr-FR","@id":"https:\/\/pcbigouden.fr\/#\/schema\/logo\/image\/","url":"https:\/\/pcbigouden.fr\/wp-content\/uploads\/2021\/10\/logoTB307x290.jpg","contentUrl":"https:\/\/pcbigouden.fr\/wp-content\/uploads\/2021\/10\/logoTB307x290.jpg","width":307,"height":290,"caption":"Parti Communiste PCF Pays Bigouden"},"image":{"@id":"https:\/\/pcbigouden.fr\/#\/schema\/logo\/image\/"}},{"@type":"Person","@id":"https:\/\/pcbigouden.fr\/#\/schema\/person\/275123d02cb86b428226e5f9ece1fb45","name":"pcbigouden","image":{"@type":"ImageObject","inLanguage":"fr-FR","@id":"https:\/\/secure.gravatar.com\/avatar\/0b1629b930d618ad44494ab153a628070e41fe2a36494d685d6a33679cd35013?s=96&d=mm&r=g","url":"https:\/\/secure.gravatar.com\/avatar\/0b1629b930d618ad44494ab153a628070e41fe2a36494d685d6a33679cd35013?s=96&d=mm&r=g","contentUrl":"https:\/\/secure.gravatar.com\/avatar\/0b1629b930d618ad44494ab153a628070e41fe2a36494d685d6a33679cd35013?s=96&d=mm&r=g","caption":"pcbigouden"},"sameAs":["https:\/\/pcbigouden.fr"],"url":"https:\/\/pcbigouden.fr\/?author=1"}]}},"jetpack_featured_media_url":"","jetpack_sharing_enabled":true,"jetpack_likes_enabled":true,"_links":{"self":[{"href":"https:\/\/pcbigouden.fr\/index.php?rest_route=\/wp\/v2\/posts\/831","targetHints":{"allow":["GET"]}}],"collection":[{"href":"https:\/\/pcbigouden.fr\/index.php?rest_route=\/wp\/v2\/posts"}],"about":[{"href":"https:\/\/pcbigouden.fr\/index.php?rest_route=\/wp\/v2\/types\/post"}],"author":[{"embeddable":true,"href":"https:\/\/pcbigouden.fr\/index.php?rest_route=\/wp\/v2\/users\/1"}],"replies":[{"embeddable":true,"href":"https:\/\/pcbigouden.fr\/index.php?rest_route=%2Fwp%2Fv2%2Fcomments&post=831"}],"version-history":[{"count":0,"href":"https:\/\/pcbigouden.fr\/index.php?rest_route=\/wp\/v2\/posts\/831\/revisions"}],"wp:attachment":[{"href":"https:\/\/pcbigouden.fr\/index.php?rest_route=%2Fwp%2Fv2%2Fmedia&parent=831"}],"wp:term":[{"taxonomy":"category","embeddable":true,"href":"https:\/\/pcbigouden.fr\/index.php?rest_route=%2Fwp%2Fv2%2Fcategories&post=831"},{"taxonomy":"post_tag","embeddable":true,"href":"https:\/\/pcbigouden.fr\/index.php?rest_route=%2Fwp%2Fv2%2Ftags&post=831"}],"curies":[{"name":"wp","href":"https:\/\/api.w.org\/{rel}","templated":true}]}}