{"id":736,"date":"2014-03-12T09:52:41","date_gmt":"2014-03-12T08:52:41","guid":{"rendered":"https:\/\/pcbigouden.fr\/?p=736"},"modified":"2021-10-31T09:55:38","modified_gmt":"2021-10-31T08:55:38","slug":"paroles-de-candidate-dans-la-presse-regionale","status":"publish","type":"post","link":"https:\/\/pcbigouden.fr\/?p=736","title":{"rendered":"Paroles de candidate &#8230;Dans la presse r\u00e9gionale"},"content":{"rendered":"<header><\/header>\n<div class=\"body\">\n<div class=\"ob-sections\">\n<div class=\"ob-section ob-section-text\">\n<figure class=\"\n              ob-pull-left ob-media-left\n                    ob-img-size-300\n      \"><a class=\"ob-link-img\" title=\"ob_fd451f_vero-2011.jpg\" href=\"http:\/\/img.over-blog-kiwi.com\/0\/55\/61\/36\/20140312\/ob_fd451f_vero-2011.jpg\" target=\"_blank\" rel=\"fancybox noopener\"> <img decoding=\"async\" class=\"ob-media ob-img\" src=\"https:\/\/image.over-blog.com\/BoP5UsZnTcRQq-T3UK-pBmvXY98=\/fit-in\/300x300\/filters:no_upscale()\/image%2F0556136%2F20140312%2Fob_fd451f_vero-2011.jpg\" alt=\"Paroles de candidate ...Dans la presse r\u00e9gionale\" \/> <\/a><\/figure>\n<div class=\"ob-text\">\n<p>(Presse r\u00e9gionale <a href=\"http:\/\/www.letelegramme.fr\/finistere\/pont-labbe\/\">http:\/\/www.letelegramme.fr\/finistere\/pont-labbe\/<\/a> )<\/p>\n<p><em>Depuis quelques jours \u00ab Le T\u00e9l\u00e9gramme \u00bb interroge les candidats des diff\u00e9rentes listes en pr\u00e9sence pour l&rsquo;\u00e9lection municipale&#8230; Nous reprenons les r\u00e9ponses de la liste \u00ab Demain La Ville \u00bb conduite par V\u00e9ronique Blanchet \u00e0 Pont L&rsquo;Abb\u00e9<\/em><\/p>\n<p><strong>Et tout d&rsquo;abord \u00e0 propos du Logement<\/strong><\/p>\n<p><strong>Les chiffres Insee (2010) montrent qu&rsquo;il existe 8,4 % de logements vacants \u00e0 Pont-l&rsquo;Abb\u00e9, notamment en centre-ville. Comment comptez-vous y rem\u00e9dier ? C&rsquo;est la question que nous avons pos\u00e9e aux quatre candidats aux \u00e9lections municipales. <\/strong><\/p>\n<p><strong>V\u00e9ronique Blanchet.<\/strong><em> Appliquer le plan local de l&rsquo;habitat. \u00ab Les logements vacants sont priv\u00e9s. Par sa politique volontariste de l&rsquo;habitat, la CCPBS permet aux habitants d&rsquo;\u00eatre mis en relation avec l&rsquo;Agence nationale de l&rsquo;habitat. Elle encourage l&rsquo;ex\u00e9cution de travaux en accordant des subventions aux propri\u00e9taires occupants, aux propri\u00e9taires bailleurs de logements locatifs et aux copropri\u00e9taires. L&rsquo;Adil (Association d&rsquo;information sur le logement) peut offrir gratuitement au public un conseil personnalis\u00e9 juridique, financier et fiscal sur toutes les questions relatives \u00e0 l&rsquo;habitat. L&rsquo;aide au ravalement de fa\u00e7ades peut aussi inciter les propri\u00e9taires \u00e0 proc\u00e9der aux travaux pour louer leur bien. Des campagnes d&rsquo;informations r\u00e9guli\u00e8res et l&rsquo;application du plan local de l&rsquo;habitat nous permettront d&rsquo;inverser cette tendance \u00bb. . <\/em><\/p>\n<p><strong>Et concernant la jeunesse : Les projets pour les jeunes, mais aussi sur ce qu&rsquo;ils comptent faire en mati\u00e8re de rythmes scolaires. <\/strong><\/p>\n<p><strong>V\u00e9ronique Blanchet : <\/strong><em>un projet \u00e9ducatif local. \u00ab Nous proposons une nouvelle dynamique par la mise en place collective d&rsquo;un projet \u00e9ducatif local (PEL) pour et autour des enfants de 0 \u00e0 18 ans. Ensemble, nous pouvons construire des projets de d\u00e9couvertes d&rsquo;activit\u00e9s et de vacances collectives, soutenir et donner les moyens \u00e0 la cr\u00e9ation d&rsquo;un comit\u00e9 local de la jeunesse, de \u00ab juniors associations \u00bb, favoriser l&rsquo;acc\u00e8s aux brevets d&rsquo;\u00e9ducateurs sportifs et d&rsquo;animateurs. Consolider une culture de partenariat avec les associations et r\u00e9nover la ferme de Kervaz\u00e9gan pour un p\u00f4le d\u00e9di\u00e9 \u00e0 la jeunesse.\u00bbFerme de Kervaz\u00e9gan. Quel avenir ?<\/em><\/p>\n<p><strong>Nous avons demand\u00e9 aux candidats aux municipales ce qu&rsquo;ils pr\u00e9voyaient pour la ferme de Kervaz\u00e9gan. <\/strong><\/p>\n<p><strong>V\u00e9ronique Blanchet :<\/strong><em> un p\u00f4le d\u00e9di\u00e9 \u00e0 la jeunesse. \u00ab L&rsquo;\u00e9t\u00e9 dernier, dans le cadre d&rsquo;un chantier international de jeunes, des jeunes Allemands et Fran\u00e7ais ont nettoy\u00e9 les granges et d\u00e9broussaill\u00e9 le potager de la ferme de Kervaz\u00e9gan. Le projet \u00e9tait de permettre aux jeunes de l&rsquo;Accueil de loisirs de Rosquerno de s&rsquo;approprier de nouveaux espaces. Nous proposerons au Comit\u00e9 local de la jeunesse, au service Enfance Jeunesse, \u00e0 l&rsquo;Association de Rosquerno, aux Amis du Mus\u00e9e, au SPAC, \u00e0 la Direction D\u00e9partementale de la Coh\u00e9sion Sociale une initiative pour que la ferme de Kervaz\u00e9gan devienne un p\u00f4le d\u00e9di\u00e9 \u00e0 la jeunesse. \u00bb <\/em><\/p>\n<h4>Rythmes scolaires : quelles propositions ?<\/h4>\n<p><strong><em>V\u00e9ronique Blanchet. <\/em><\/strong><em>\u00ab L&rsquo;enfant \u00e9tant au coeur du dispositif, nous finalisons actuellement le Projet \u00e9ducatif de territoire avec l&rsquo;\u00e9quipe du service enfance jeunesse. Apr\u00e8s deux ans de travaux, l&rsquo;am\u00e9nagement des rythmes scolaires sera en place \u00e0 la rentr\u00e9e 2014, conform\u00e9ment \u00e0 la validation de l&#8217;emploi du temps par l&rsquo;Inspection acad\u00e9mique apr\u00e8s concertations en conseils d&rsquo;\u00e9coles et questionnaires aux parents d&rsquo;\u00e9l\u00e8ves. Garderie du matin \u00e0 partir de 7 h 30, pause m\u00e9ridienne enrichie respectant le rythme biologique des enfants. Selon leur \u00e2ge, activit\u00e9s ludiques encadr\u00e9es ou sieste pour les plus jeunes. Am\u00e9nagement des locaux en cons\u00e9quence et embauche de professionnels encadrants. Garderie du soir jusqu&rsquo;\u00e0 19 h. Financement : commune, CAF, \u00c9tat<\/em><\/p>\n<p><strong><em>Dans le cadre de la campagne des municipales, voici les rendez-vous de la liste \u00ab Demain la ville&#8230; \u00bb conduite par V\u00e9ronique Blanchet (PCF &#8211; Front de gauche). Vendredi 14 mars \u00e0 18 h 30 au patronage la\u00efque, pr\u00e9sentation du programme et \u00e9changes citoyens. <\/em><\/strong><\/p>\n<p><strong><em>Jeudi 13, \u00e0 partir de 10 h 30, permanence sur le march\u00e9. <\/em><\/strong><\/p>\n<p><strong><em>Samedi 15, r\u00e9unions citoyennes de quartier \u00e0 10 h 30 \u00e0 Kerargont, \u00e0 15 h \u00e0 la salle omnisports Kerarthur, \u00e0 17 h 30 rue de Pen Enez (EDF). <\/em><\/strong><\/p>\n<\/div>\n<\/div>\n<\/div>\n<\/div>\n","protected":false},"excerpt":{"rendered":"<p>(Presse r\u00e9gionale http:\/\/www.letelegramme.fr\/finistere\/pont-labbe\/ ) Depuis quelques jours \u00ab Le T\u00e9l\u00e9gramme \u00bb interroge les candidats des diff\u00e9rentes listes en pr\u00e9sence pour l&rsquo;\u00e9lection municipale&#8230; Nous reprenons les r\u00e9ponses de la liste \u00ab Demain La Ville \u00bb conduite par V\u00e9ronique Blanchet \u00e0 Pont L&rsquo;Abb\u00e9 Et tout d&rsquo;abord \u00e0 propos du Logement Les chiffres Insee (2010) montrent qu&rsquo;il existe &hellip; <a href=\"https:\/\/pcbigouden.fr\/?p=736\" class=\"more-link\">Continue reading <span class=\"screen-reader-text\">Paroles de candidate &#8230;Dans la presse r\u00e9gionale<\/span><\/a><\/p>\n","protected":false},"author":1,"featured_media":0,"comment_status":"closed","ping_status":"closed","sticky":false,"template":"","format":"standard","meta":{"_jetpack_memberships_contains_paid_content":false,"footnotes":""},"categories":[2,14],"tags":[99,98],"class_list":["post-736","post","type-post","status-publish","format-standard","hentry","category-democratie","category-vie-locale","tag-municipale","tag-veronique-blanchet"],"yoast_head":"<!-- This site is optimized with the Yoast SEO plugin v27.5 - https:\/\/yoast.com\/product\/yoast-seo-wordpress\/ -->\n<title>Paroles de candidate ...Dans la presse r\u00e9gionale - PCF Pays Bigouden<\/title>\n<meta name=\"robots\" content=\"index, follow, max-snippet:-1, max-image-preview:large, max-video-preview:-1\" \/>\n<link rel=\"canonical\" href=\"https:\/\/pcbigouden.fr\/?p=736\" \/>\n<meta property=\"og:locale\" content=\"fr_FR\" \/>\n<meta property=\"og:type\" content=\"article\" \/>\n<meta property=\"og:title\" content=\"Paroles de candidate ...Dans la presse r\u00e9gionale - PCF Pays Bigouden\" \/>\n<meta property=\"og:description\" content=\"(Presse r\u00e9gionale http:\/\/www.letelegramme.fr\/finistere\/pont-labbe\/ ) Depuis quelques jours \u00ab Le T\u00e9l\u00e9gramme \u00bb interroge les candidats des diff\u00e9rentes listes en pr\u00e9sence pour l&rsquo;\u00e9lection municipale&#8230; Nous reprenons les r\u00e9ponses de la liste \u00ab Demain La Ville \u00bb conduite par V\u00e9ronique Blanchet \u00e0 Pont L&rsquo;Abb\u00e9 Et tout d&rsquo;abord \u00e0 propos du Logement Les chiffres Insee (2010) montrent qu&rsquo;il existe &hellip; Continue reading Paroles de candidate &#8230;Dans la presse r\u00e9gionale\" \/>\n<meta property=\"og:url\" content=\"https:\/\/pcbigouden.fr\/?p=736\" \/>\n<meta property=\"og:site_name\" content=\"PCF Pays Bigouden\" \/>\n<meta property=\"article:published_time\" content=\"2014-03-12T08:52:41+00:00\" \/>\n<meta property=\"article:modified_time\" content=\"2021-10-31T08:55:38+00:00\" \/>\n<meta property=\"og:image\" content=\"https:\/\/image.over-blog.com\/BoP5UsZnTcRQq-T3UK-pBmvXY98=\/fit-in\/300x300\/filters:no_upscale()\/image%2F0556136%2F20140312%2Fob_fd451f_vero-2011.jpg\" \/>\n<meta name=\"author\" content=\"pcbigouden\" \/>\n<meta name=\"twitter:card\" content=\"summary_large_image\" \/>\n<meta name=\"twitter:label1\" content=\"\u00c9crit par\" \/>\n\t<meta name=\"twitter:data1\" content=\"pcbigouden\" \/>\n\t<meta name=\"twitter:label2\" content=\"Dur\u00e9e de lecture estim\u00e9e\" \/>\n\t<meta name=\"twitter:data2\" content=\"3 minutes\" \/>\n<script type=\"application\/ld+json\" class=\"yoast-schema-graph\">{\"@context\":\"https:\\\/\\\/schema.org\",\"@graph\":[{\"@type\":\"Article\",\"@id\":\"https:\\\/\\\/pcbigouden.fr\\\/?p=736#article\",\"isPartOf\":{\"@id\":\"https:\\\/\\\/pcbigouden.fr\\\/?p=736\"},\"author\":{\"name\":\"pcbigouden\",\"@id\":\"https:\\\/\\\/pcbigouden.fr\\\/#\\\/schema\\\/person\\\/275123d02cb86b428226e5f9ece1fb45\"},\"headline\":\"Paroles de candidate &#8230;Dans la presse r\u00e9gionale\",\"datePublished\":\"2014-03-12T08:52:41+00:00\",\"dateModified\":\"2021-10-31T08:55:38+00:00\",\"mainEntityOfPage\":{\"@id\":\"https:\\\/\\\/pcbigouden.fr\\\/?p=736\"},\"wordCount\":689,\"publisher\":{\"@id\":\"https:\\\/\\\/pcbigouden.fr\\\/#organization\"},\"image\":{\"@id\":\"https:\\\/\\\/pcbigouden.fr\\\/?p=736#primaryimage\"},\"thumbnailUrl\":\"https:\\\/\\\/image.over-blog.com\\\/BoP5UsZnTcRQq-T3UK-pBmvXY98=\\\/fit-in\\\/300x300\\\/filters:no_upscale()\\\/image%2F0556136%2F20140312%2Fob_fd451f_vero-2011.jpg\",\"keywords\":[\"municipale\",\"V\u00e9ronique Blanchet\"],\"articleSection\":[\"D\u00e9mocratie\",\"Vie Locale\"],\"inLanguage\":\"fr-FR\"},{\"@type\":\"WebPage\",\"@id\":\"https:\\\/\\\/pcbigouden.fr\\\/?p=736\",\"url\":\"https:\\\/\\\/pcbigouden.fr\\\/?p=736\",\"name\":\"Paroles de candidate ...Dans la presse r\u00e9gionale - PCF Pays Bigouden\",\"isPartOf\":{\"@id\":\"https:\\\/\\\/pcbigouden.fr\\\/#website\"},\"primaryImageOfPage\":{\"@id\":\"https:\\\/\\\/pcbigouden.fr\\\/?p=736#primaryimage\"},\"image\":{\"@id\":\"https:\\\/\\\/pcbigouden.fr\\\/?p=736#primaryimage\"},\"thumbnailUrl\":\"https:\\\/\\\/image.over-blog.com\\\/BoP5UsZnTcRQq-T3UK-pBmvXY98=\\\/fit-in\\\/300x300\\\/filters:no_upscale()\\\/image%2F0556136%2F20140312%2Fob_fd451f_vero-2011.jpg\",\"datePublished\":\"2014-03-12T08:52:41+00:00\",\"dateModified\":\"2021-10-31T08:55:38+00:00\",\"breadcrumb\":{\"@id\":\"https:\\\/\\\/pcbigouden.fr\\\/?p=736#breadcrumb\"},\"inLanguage\":\"fr-FR\",\"potentialAction\":[{\"@type\":\"ReadAction\",\"target\":[\"https:\\\/\\\/pcbigouden.fr\\\/?p=736\"]}]},{\"@type\":\"ImageObject\",\"inLanguage\":\"fr-FR\",\"@id\":\"https:\\\/\\\/pcbigouden.fr\\\/?p=736#primaryimage\",\"url\":\"https:\\\/\\\/image.over-blog.com\\\/BoP5UsZnTcRQq-T3UK-pBmvXY98=\\\/fit-in\\\/300x300\\\/filters:no_upscale()\\\/image%2F0556136%2F20140312%2Fob_fd451f_vero-2011.jpg\",\"contentUrl\":\"https:\\\/\\\/image.over-blog.com\\\/BoP5UsZnTcRQq-T3UK-pBmvXY98=\\\/fit-in\\\/300x300\\\/filters:no_upscale()\\\/image%2F0556136%2F20140312%2Fob_fd451f_vero-2011.jpg\"},{\"@type\":\"BreadcrumbList\",\"@id\":\"https:\\\/\\\/pcbigouden.fr\\\/?p=736#breadcrumb\",\"itemListElement\":[{\"@type\":\"ListItem\",\"position\":1,\"name\":\"Accueil\",\"item\":\"https:\\\/\\\/pcbigouden.fr\\\/\"},{\"@type\":\"ListItem\",\"position\":2,\"name\":\"Paroles de candidate &#8230;Dans la presse r\u00e9gionale\"}]},{\"@type\":\"WebSite\",\"@id\":\"https:\\\/\\\/pcbigouden.fr\\\/#website\",\"url\":\"https:\\\/\\\/pcbigouden.fr\\\/\",\"name\":\"PCF Pays Bigouden\",\"description\":\"Blog des communistes du Pays Bigouden\",\"publisher\":{\"@id\":\"https:\\\/\\\/pcbigouden.fr\\\/#organization\"},\"potentialAction\":[{\"@type\":\"SearchAction\",\"target\":{\"@type\":\"EntryPoint\",\"urlTemplate\":\"https:\\\/\\\/pcbigouden.fr\\\/?s={search_term_string}\"},\"query-input\":{\"@type\":\"PropertyValueSpecification\",\"valueRequired\":true,\"valueName\":\"search_term_string\"}}],\"inLanguage\":\"fr-FR\"},{\"@type\":\"Organization\",\"@id\":\"https:\\\/\\\/pcbigouden.fr\\\/#organization\",\"name\":\"Parti Communiste PCF Pays Bigouden\",\"url\":\"https:\\\/\\\/pcbigouden.fr\\\/\",\"logo\":{\"@type\":\"ImageObject\",\"inLanguage\":\"fr-FR\",\"@id\":\"https:\\\/\\\/pcbigouden.fr\\\/#\\\/schema\\\/logo\\\/image\\\/\",\"url\":\"https:\\\/\\\/pcbigouden.fr\\\/wp-content\\\/uploads\\\/2021\\\/10\\\/logoTB307x290.jpg\",\"contentUrl\":\"https:\\\/\\\/pcbigouden.fr\\\/wp-content\\\/uploads\\\/2021\\\/10\\\/logoTB307x290.jpg\",\"width\":307,\"height\":290,\"caption\":\"Parti Communiste PCF Pays Bigouden\"},\"image\":{\"@id\":\"https:\\\/\\\/pcbigouden.fr\\\/#\\\/schema\\\/logo\\\/image\\\/\"}},{\"@type\":\"Person\",\"@id\":\"https:\\\/\\\/pcbigouden.fr\\\/#\\\/schema\\\/person\\\/275123d02cb86b428226e5f9ece1fb45\",\"name\":\"pcbigouden\",\"image\":{\"@type\":\"ImageObject\",\"inLanguage\":\"fr-FR\",\"@id\":\"https:\\\/\\\/secure.gravatar.com\\\/avatar\\\/0b1629b930d618ad44494ab153a628070e41fe2a36494d685d6a33679cd35013?s=96&d=mm&r=g\",\"url\":\"https:\\\/\\\/secure.gravatar.com\\\/avatar\\\/0b1629b930d618ad44494ab153a628070e41fe2a36494d685d6a33679cd35013?s=96&d=mm&r=g\",\"contentUrl\":\"https:\\\/\\\/secure.gravatar.com\\\/avatar\\\/0b1629b930d618ad44494ab153a628070e41fe2a36494d685d6a33679cd35013?s=96&d=mm&r=g\",\"caption\":\"pcbigouden\"},\"sameAs\":[\"https:\\\/\\\/pcbigouden.fr\"],\"url\":\"https:\\\/\\\/pcbigouden.fr\\\/?author=1\"}]}<\/script>\n<!-- \/ Yoast SEO plugin. -->","yoast_head_json":{"title":"Paroles de candidate ...Dans la presse r\u00e9gionale - PCF Pays Bigouden","robots":{"index":"index","follow":"follow","max-snippet":"max-snippet:-1","max-image-preview":"max-image-preview:large","max-video-preview":"max-video-preview:-1"},"canonical":"https:\/\/pcbigouden.fr\/?p=736","og_locale":"fr_FR","og_type":"article","og_title":"Paroles de candidate ...Dans la presse r\u00e9gionale - PCF Pays Bigouden","og_description":"(Presse r\u00e9gionale http:\/\/www.letelegramme.fr\/finistere\/pont-labbe\/ ) Depuis quelques jours \u00ab Le T\u00e9l\u00e9gramme \u00bb interroge les candidats des diff\u00e9rentes listes en pr\u00e9sence pour l&rsquo;\u00e9lection municipale&#8230; Nous reprenons les r\u00e9ponses de la liste \u00ab Demain La Ville \u00bb conduite par V\u00e9ronique Blanchet \u00e0 Pont L&rsquo;Abb\u00e9 Et tout d&rsquo;abord \u00e0 propos du Logement Les chiffres Insee (2010) montrent qu&rsquo;il existe &hellip; Continue reading Paroles de candidate &#8230;Dans la presse r\u00e9gionale","og_url":"https:\/\/pcbigouden.fr\/?p=736","og_site_name":"PCF Pays Bigouden","article_published_time":"2014-03-12T08:52:41+00:00","article_modified_time":"2021-10-31T08:55:38+00:00","og_image":[{"url":"https:\/\/image.over-blog.com\/BoP5UsZnTcRQq-T3UK-pBmvXY98=\/fit-in\/300x300\/filters:no_upscale()\/image%2F0556136%2F20140312%2Fob_fd451f_vero-2011.jpg","type":"","width":"","height":""}],"author":"pcbigouden","twitter_card":"summary_large_image","twitter_misc":{"\u00c9crit par":"pcbigouden","Dur\u00e9e de lecture estim\u00e9e":"3 minutes"},"schema":{"@context":"https:\/\/schema.org","@graph":[{"@type":"Article","@id":"https:\/\/pcbigouden.fr\/?p=736#article","isPartOf":{"@id":"https:\/\/pcbigouden.fr\/?p=736"},"author":{"name":"pcbigouden","@id":"https:\/\/pcbigouden.fr\/#\/schema\/person\/275123d02cb86b428226e5f9ece1fb45"},"headline":"Paroles de candidate &#8230;Dans la presse r\u00e9gionale","datePublished":"2014-03-12T08:52:41+00:00","dateModified":"2021-10-31T08:55:38+00:00","mainEntityOfPage":{"@id":"https:\/\/pcbigouden.fr\/?p=736"},"wordCount":689,"publisher":{"@id":"https:\/\/pcbigouden.fr\/#organization"},"image":{"@id":"https:\/\/pcbigouden.fr\/?p=736#primaryimage"},"thumbnailUrl":"https:\/\/image.over-blog.com\/BoP5UsZnTcRQq-T3UK-pBmvXY98=\/fit-in\/300x300\/filters:no_upscale()\/image%2F0556136%2F20140312%2Fob_fd451f_vero-2011.jpg","keywords":["municipale","V\u00e9ronique Blanchet"],"articleSection":["D\u00e9mocratie","Vie Locale"],"inLanguage":"fr-FR"},{"@type":"WebPage","@id":"https:\/\/pcbigouden.fr\/?p=736","url":"https:\/\/pcbigouden.fr\/?p=736","name":"Paroles de candidate ...Dans la presse r\u00e9gionale - PCF Pays Bigouden","isPartOf":{"@id":"https:\/\/pcbigouden.fr\/#website"},"primaryImageOfPage":{"@id":"https:\/\/pcbigouden.fr\/?p=736#primaryimage"},"image":{"@id":"https:\/\/pcbigouden.fr\/?p=736#primaryimage"},"thumbnailUrl":"https:\/\/image.over-blog.com\/BoP5UsZnTcRQq-T3UK-pBmvXY98=\/fit-in\/300x300\/filters:no_upscale()\/image%2F0556136%2F20140312%2Fob_fd451f_vero-2011.jpg","datePublished":"2014-03-12T08:52:41+00:00","dateModified":"2021-10-31T08:55:38+00:00","breadcrumb":{"@id":"https:\/\/pcbigouden.fr\/?p=736#breadcrumb"},"inLanguage":"fr-FR","potentialAction":[{"@type":"ReadAction","target":["https:\/\/pcbigouden.fr\/?p=736"]}]},{"@type":"ImageObject","inLanguage":"fr-FR","@id":"https:\/\/pcbigouden.fr\/?p=736#primaryimage","url":"https:\/\/image.over-blog.com\/BoP5UsZnTcRQq-T3UK-pBmvXY98=\/fit-in\/300x300\/filters:no_upscale()\/image%2F0556136%2F20140312%2Fob_fd451f_vero-2011.jpg","contentUrl":"https:\/\/image.over-blog.com\/BoP5UsZnTcRQq-T3UK-pBmvXY98=\/fit-in\/300x300\/filters:no_upscale()\/image%2F0556136%2F20140312%2Fob_fd451f_vero-2011.jpg"},{"@type":"BreadcrumbList","@id":"https:\/\/pcbigouden.fr\/?p=736#breadcrumb","itemListElement":[{"@type":"ListItem","position":1,"name":"Accueil","item":"https:\/\/pcbigouden.fr\/"},{"@type":"ListItem","position":2,"name":"Paroles de candidate &#8230;Dans la presse r\u00e9gionale"}]},{"@type":"WebSite","@id":"https:\/\/pcbigouden.fr\/#website","url":"https:\/\/pcbigouden.fr\/","name":"PCF Pays Bigouden","description":"Blog des communistes du Pays Bigouden","publisher":{"@id":"https:\/\/pcbigouden.fr\/#organization"},"potentialAction":[{"@type":"SearchAction","target":{"@type":"EntryPoint","urlTemplate":"https:\/\/pcbigouden.fr\/?s={search_term_string}"},"query-input":{"@type":"PropertyValueSpecification","valueRequired":true,"valueName":"search_term_string"}}],"inLanguage":"fr-FR"},{"@type":"Organization","@id":"https:\/\/pcbigouden.fr\/#organization","name":"Parti Communiste PCF Pays Bigouden","url":"https:\/\/pcbigouden.fr\/","logo":{"@type":"ImageObject","inLanguage":"fr-FR","@id":"https:\/\/pcbigouden.fr\/#\/schema\/logo\/image\/","url":"https:\/\/pcbigouden.fr\/wp-content\/uploads\/2021\/10\/logoTB307x290.jpg","contentUrl":"https:\/\/pcbigouden.fr\/wp-content\/uploads\/2021\/10\/logoTB307x290.jpg","width":307,"height":290,"caption":"Parti Communiste PCF Pays Bigouden"},"image":{"@id":"https:\/\/pcbigouden.fr\/#\/schema\/logo\/image\/"}},{"@type":"Person","@id":"https:\/\/pcbigouden.fr\/#\/schema\/person\/275123d02cb86b428226e5f9ece1fb45","name":"pcbigouden","image":{"@type":"ImageObject","inLanguage":"fr-FR","@id":"https:\/\/secure.gravatar.com\/avatar\/0b1629b930d618ad44494ab153a628070e41fe2a36494d685d6a33679cd35013?s=96&d=mm&r=g","url":"https:\/\/secure.gravatar.com\/avatar\/0b1629b930d618ad44494ab153a628070e41fe2a36494d685d6a33679cd35013?s=96&d=mm&r=g","contentUrl":"https:\/\/secure.gravatar.com\/avatar\/0b1629b930d618ad44494ab153a628070e41fe2a36494d685d6a33679cd35013?s=96&d=mm&r=g","caption":"pcbigouden"},"sameAs":["https:\/\/pcbigouden.fr"],"url":"https:\/\/pcbigouden.fr\/?author=1"}]}},"jetpack_featured_media_url":"","jetpack_sharing_enabled":true,"jetpack_likes_enabled":true,"_links":{"self":[{"href":"https:\/\/pcbigouden.fr\/index.php?rest_route=\/wp\/v2\/posts\/736","targetHints":{"allow":["GET"]}}],"collection":[{"href":"https:\/\/pcbigouden.fr\/index.php?rest_route=\/wp\/v2\/posts"}],"about":[{"href":"https:\/\/pcbigouden.fr\/index.php?rest_route=\/wp\/v2\/types\/post"}],"author":[{"embeddable":true,"href":"https:\/\/pcbigouden.fr\/index.php?rest_route=\/wp\/v2\/users\/1"}],"replies":[{"embeddable":true,"href":"https:\/\/pcbigouden.fr\/index.php?rest_route=%2Fwp%2Fv2%2Fcomments&post=736"}],"version-history":[{"count":0,"href":"https:\/\/pcbigouden.fr\/index.php?rest_route=\/wp\/v2\/posts\/736\/revisions"}],"wp:attachment":[{"href":"https:\/\/pcbigouden.fr\/index.php?rest_route=%2Fwp%2Fv2%2Fmedia&parent=736"}],"wp:term":[{"taxonomy":"category","embeddable":true,"href":"https:\/\/pcbigouden.fr\/index.php?rest_route=%2Fwp%2Fv2%2Fcategories&post=736"},{"taxonomy":"post_tag","embeddable":true,"href":"https:\/\/pcbigouden.fr\/index.php?rest_route=%2Fwp%2Fv2%2Ftags&post=736"}],"curies":[{"name":"wp","href":"https:\/\/api.w.org\/{rel}","templated":true}]}}