{"id":711,"date":"2021-10-23T09:24:35","date_gmt":"2021-10-23T07:24:35","guid":{"rendered":"https:\/\/pcbigouden.fr\/?p=711"},"modified":"2021-11-06T12:13:29","modified_gmt":"2021-11-06T11:13:29","slug":"electricite-sa-production-son-prix","status":"publish","type":"post","link":"https:\/\/pcbigouden.fr\/?p=711","title":{"rendered":"\u00c9lectricit\u00e9 : sa production, son prix"},"content":{"rendered":"<p>La casse du service public d\u00e9cid\u00e9e par nos dirigeants lib\u00e9raux de tous bords et leur Europe de la \u00ab\u00a0concurrence libre et non fauss\u00e9e\u00a0\u00bb.<!--more--><span id=\"more-568\"><\/span><\/p>\n<p><em><img loading=\"lazy\" decoding=\"async\" class=\"alignnone size-full wp-image-712\" src=\"https:\/\/pcbigouden.fr\/wp-content\/uploads\/2021\/10\/privatisationEDF.jpg\" alt=\"\" width=\"820\" height=\"960\" srcset=\"https:\/\/pcbigouden.fr\/wp-content\/uploads\/2021\/10\/privatisationEDF.jpg 820w, https:\/\/pcbigouden.fr\/wp-content\/uploads\/2021\/10\/privatisationEDF-256x300.jpg 256w, https:\/\/pcbigouden.fr\/wp-content\/uploads\/2021\/10\/privatisationEDF-768x899.jpg 768w\" sizes=\"auto, (max-width: 820px) 100vw, 820px\" \/><\/em><\/p>\n<p>Dans la revue Progressistes un graphique \u00e9difiant sur la production de l\u2019\u00e9lectricit\u00e9 en Europe<\/p>\n<p><img loading=\"lazy\" decoding=\"async\" class=\"aligncenter wp-image-571 size-full\" src=\"https:\/\/gblarvor.files.wordpress.com\/2021\/10\/europeco2electricite.jpg?w=584\" sizes=\"auto, (max-width: 584px) 100vw, 584px\" srcset=\"https:\/\/gblarvor.files.wordpress.com\/2021\/10\/europeco2electricite.jpg?w=584 584w, https:\/\/gblarvor.files.wordpress.com\/2021\/10\/europeco2electricite.jpg?w=150 150w, https:\/\/gblarvor.files.wordpress.com\/2021\/10\/europeco2electricite.jpg?w=300 300w, https:\/\/gblarvor.files.wordpress.com\/2021\/10\/europeco2electricite.jpg?w=768 768w, https:\/\/gblarvor.files.wordpress.com\/2021\/10\/europeco2electricite.jpg 960w\" alt=\"\" width=\"584\" height=\"426\" data-attachment-id=\"571\" data-permalink=\"https:\/\/gblarvor.wordpress.com\/2021\/10\/24\/electricite-sa-production-son-prix\/europeco2electricite\/\" data-orig-file=\"https:\/\/gblarvor.files.wordpress.com\/2021\/10\/europeco2electricite.jpg\" data-orig-size=\"960,701\" data-comments-opened=\"0\" data-image-meta=\"{&quot;aperture&quot;:&quot;0&quot;,&quot;credit&quot;:&quot;&quot;,&quot;camera&quot;:&quot;&quot;,&quot;caption&quot;:&quot;&quot;,&quot;created_timestamp&quot;:&quot;0&quot;,&quot;copyright&quot;:&quot;&quot;,&quot;focal_length&quot;:&quot;0&quot;,&quot;iso&quot;:&quot;0&quot;,&quot;shutter_speed&quot;:&quot;0&quot;,&quot;title&quot;:&quot;&quot;,&quot;orientation&quot;:&quot;0&quot;}\" data-image-title=\"EuropeCO2\u00e9lectricit\u00e9\" data-image-description=\"\" data-image-caption=\"\" data-medium-file=\"https:\/\/gblarvor.files.wordpress.com\/2021\/10\/europeco2electricite.jpg?w=300\" data-large-file=\"https:\/\/gblarvor.files.wordpress.com\/2021\/10\/europeco2electricite.jpg?w=584\" \/><a href=\"https:\/\/gblarvor.files.wordpress.com\/2021\/10\/co2progressistes.jpg\"><img decoding=\"async\" class=\"aligncenter size-full wp-image-573\" src=\"https:\/\/gblarvor.files.wordpress.com\/2021\/10\/co2progressistes.jpg?w=584\" sizes=\"(max-width: 478px) 100vw, 478px\" srcset=\"https:\/\/gblarvor.files.wordpress.com\/2021\/10\/co2progressistes.jpg 478w, https:\/\/gblarvor.files.wordpress.com\/2021\/10\/co2progressistes.jpg?w=150 150w, https:\/\/gblarvor.files.wordpress.com\/2021\/10\/co2progressistes.jpg?w=300 300w\" alt=\"\" data-attachment-id=\"573\" data-permalink=\"https:\/\/gblarvor.wordpress.com\/2021\/10\/24\/electricite-sa-production-son-prix\/co2progressistes\/\" data-orig-file=\"https:\/\/gblarvor.files.wordpress.com\/2021\/10\/co2progressistes.jpg\" data-orig-size=\"478,186\" data-comments-opened=\"0\" data-image-meta=\"{&quot;aperture&quot;:&quot;0&quot;,&quot;credit&quot;:&quot;&quot;,&quot;camera&quot;:&quot;&quot;,&quot;caption&quot;:&quot;&quot;,&quot;created_timestamp&quot;:&quot;0&quot;,&quot;copyright&quot;:&quot;&quot;,&quot;focal_length&quot;:&quot;0&quot;,&quot;iso&quot;:&quot;0&quot;,&quot;shutter_speed&quot;:&quot;0&quot;,&quot;title&quot;:&quot;&quot;,&quot;orientation&quot;:&quot;0&quot;}\" data-image-title=\"CO2Progressistes\" data-image-description=\"\" data-image-caption=\"\" data-medium-file=\"https:\/\/gblarvor.files.wordpress.com\/2021\/10\/co2progressistes.jpg?w=300\" data-large-file=\"https:\/\/gblarvor.files.wordpress.com\/2021\/10\/co2progressistes.jpg?w=478\" \/><\/a><\/p>\n<p><img loading=\"lazy\" decoding=\"async\" class=\"alignnone wp-image-755 size-full\" src=\"https:\/\/pcbigouden.fr\/wp-content\/uploads\/2021\/10\/OuvertureConcurrence.jpg\" alt=\"\" width=\"1238\" height=\"488\" srcset=\"https:\/\/pcbigouden.fr\/wp-content\/uploads\/2021\/10\/OuvertureConcurrence.jpg 1238w, https:\/\/pcbigouden.fr\/wp-content\/uploads\/2021\/10\/OuvertureConcurrence-300x118.jpg 300w, https:\/\/pcbigouden.fr\/wp-content\/uploads\/2021\/10\/OuvertureConcurrence-1024x404.jpg 1024w, https:\/\/pcbigouden.fr\/wp-content\/uploads\/2021\/10\/OuvertureConcurrence-768x303.jpg 768w, https:\/\/pcbigouden.fr\/wp-content\/uploads\/2021\/10\/OuvertureConcurrence-500x197.jpg 500w\" sizes=\"auto, (max-width: 1238px) 100vw, 1238px\" \/><\/p>\n<p><img loading=\"lazy\" decoding=\"async\" class=\"alignnone wp-image-757 size-full\" src=\"https:\/\/pcbigouden.fr\/wp-content\/uploads\/2021\/10\/PrixElectricite.jpg\" alt=\"\" width=\"793\" height=\"608\" srcset=\"https:\/\/pcbigouden.fr\/wp-content\/uploads\/2021\/10\/PrixElectricite.jpg 793w, https:\/\/pcbigouden.fr\/wp-content\/uploads\/2021\/10\/PrixElectricite-300x230.jpg 300w, https:\/\/pcbigouden.fr\/wp-content\/uploads\/2021\/10\/PrixElectricite-768x589.jpg 768w, https:\/\/pcbigouden.fr\/wp-content\/uploads\/2021\/10\/PrixElectricite-391x300.jpg 391w\" sizes=\"auto, (max-width: 793px) 100vw, 793px\" \/><\/p>\n<p style=\"text-align: center;\">Les communistes, avec Fabien Roussel, proposent un grand p\u00f4le public de l&rsquo;\u00e9nergie.<\/p>\n","protected":false},"excerpt":{"rendered":"<p>La casse du service public d\u00e9cid\u00e9e par nos dirigeants lib\u00e9raux de tous bords et leur Europe de la \u00ab\u00a0concurrence libre et non fauss\u00e9e\u00a0\u00bb.<\/p>\n","protected":false},"author":1,"featured_media":0,"comment_status":"closed","ping_status":"closed","sticky":false,"template":"","format":"standard","meta":{"_jetpack_memberships_contains_paid_content":false,"footnotes":""},"categories":[5,90,12],"tags":[91,58],"class_list":["post-711","post","type-post","status-publish","format-standard","hentry","category-energie","category-environnement","category-services-publics","tag-edf","tag-electricite"],"yoast_head":"<!-- This site is optimized with the Yoast SEO plugin v27.5 - https:\/\/yoast.com\/product\/yoast-seo-wordpress\/ -->\n<title>\u00c9lectricit\u00e9 : sa production, son prix - PCF Pays Bigouden<\/title>\n<meta name=\"robots\" content=\"index, follow, max-snippet:-1, max-image-preview:large, max-video-preview:-1\" \/>\n<link rel=\"canonical\" href=\"https:\/\/pcbigouden.fr\/?p=711\" \/>\n<meta property=\"og:locale\" content=\"fr_FR\" \/>\n<meta property=\"og:type\" content=\"article\" \/>\n<meta property=\"og:title\" content=\"\u00c9lectricit\u00e9 : sa production, son prix - PCF Pays Bigouden\" \/>\n<meta property=\"og:description\" content=\"La casse du service public d\u00e9cid\u00e9e par nos dirigeants lib\u00e9raux de tous bords et leur Europe de la \u00ab\u00a0concurrence libre et non fauss\u00e9e\u00a0\u00bb.\" \/>\n<meta property=\"og:url\" content=\"https:\/\/pcbigouden.fr\/?p=711\" \/>\n<meta property=\"og:site_name\" content=\"PCF Pays Bigouden\" \/>\n<meta property=\"article:published_time\" content=\"2021-10-23T07:24:35+00:00\" \/>\n<meta property=\"article:modified_time\" content=\"2021-11-06T11:13:29+00:00\" \/>\n<meta property=\"og:image\" content=\"https:\/\/pcbigouden.fr\/wp-content\/uploads\/2021\/10\/privatisationEDF.jpg\" \/>\n<meta name=\"author\" content=\"pcbigouden\" \/>\n<meta name=\"twitter:card\" content=\"summary_large_image\" \/>\n<meta name=\"twitter:label1\" content=\"\u00c9crit par\" \/>\n\t<meta name=\"twitter:data1\" content=\"pcbigouden\" \/>\n<script type=\"application\/ld+json\" class=\"yoast-schema-graph\">{\"@context\":\"https:\\\/\\\/schema.org\",\"@graph\":[{\"@type\":\"Article\",\"@id\":\"https:\\\/\\\/pcbigouden.fr\\\/?p=711#article\",\"isPartOf\":{\"@id\":\"https:\\\/\\\/pcbigouden.fr\\\/?p=711\"},\"author\":{\"name\":\"pcbigouden\",\"@id\":\"https:\\\/\\\/pcbigouden.fr\\\/#\\\/schema\\\/person\\\/275123d02cb86b428226e5f9ece1fb45\"},\"headline\":\"\u00c9lectricit\u00e9 : sa production, son prix\",\"datePublished\":\"2021-10-23T07:24:35+00:00\",\"dateModified\":\"2021-11-06T11:13:29+00:00\",\"mainEntityOfPage\":{\"@id\":\"https:\\\/\\\/pcbigouden.fr\\\/?p=711\"},\"wordCount\":61,\"publisher\":{\"@id\":\"https:\\\/\\\/pcbigouden.fr\\\/#organization\"},\"image\":{\"@id\":\"https:\\\/\\\/pcbigouden.fr\\\/?p=711#primaryimage\"},\"thumbnailUrl\":\"https:\\\/\\\/pcbigouden.fr\\\/wp-content\\\/uploads\\\/2021\\\/10\\\/privatisationEDF.jpg\",\"keywords\":[\"EDF\",\"\u00e9lectricit\u00e9\"],\"articleSection\":[\"Energie\",\"Environnement\",\"Services Publics\"],\"inLanguage\":\"fr-FR\"},{\"@type\":\"WebPage\",\"@id\":\"https:\\\/\\\/pcbigouden.fr\\\/?p=711\",\"url\":\"https:\\\/\\\/pcbigouden.fr\\\/?p=711\",\"name\":\"\u00c9lectricit\u00e9 : sa production, son prix - PCF Pays Bigouden\",\"isPartOf\":{\"@id\":\"https:\\\/\\\/pcbigouden.fr\\\/#website\"},\"primaryImageOfPage\":{\"@id\":\"https:\\\/\\\/pcbigouden.fr\\\/?p=711#primaryimage\"},\"image\":{\"@id\":\"https:\\\/\\\/pcbigouden.fr\\\/?p=711#primaryimage\"},\"thumbnailUrl\":\"https:\\\/\\\/pcbigouden.fr\\\/wp-content\\\/uploads\\\/2021\\\/10\\\/privatisationEDF.jpg\",\"datePublished\":\"2021-10-23T07:24:35+00:00\",\"dateModified\":\"2021-11-06T11:13:29+00:00\",\"breadcrumb\":{\"@id\":\"https:\\\/\\\/pcbigouden.fr\\\/?p=711#breadcrumb\"},\"inLanguage\":\"fr-FR\",\"potentialAction\":[{\"@type\":\"ReadAction\",\"target\":[\"https:\\\/\\\/pcbigouden.fr\\\/?p=711\"]}]},{\"@type\":\"ImageObject\",\"inLanguage\":\"fr-FR\",\"@id\":\"https:\\\/\\\/pcbigouden.fr\\\/?p=711#primaryimage\",\"url\":\"https:\\\/\\\/pcbigouden.fr\\\/wp-content\\\/uploads\\\/2021\\\/10\\\/privatisationEDF.jpg\",\"contentUrl\":\"https:\\\/\\\/pcbigouden.fr\\\/wp-content\\\/uploads\\\/2021\\\/10\\\/privatisationEDF.jpg\",\"width\":820,\"height\":960},{\"@type\":\"BreadcrumbList\",\"@id\":\"https:\\\/\\\/pcbigouden.fr\\\/?p=711#breadcrumb\",\"itemListElement\":[{\"@type\":\"ListItem\",\"position\":1,\"name\":\"Accueil\",\"item\":\"https:\\\/\\\/pcbigouden.fr\\\/\"},{\"@type\":\"ListItem\",\"position\":2,\"name\":\"\u00c9lectricit\u00e9 : sa production, son prix\"}]},{\"@type\":\"WebSite\",\"@id\":\"https:\\\/\\\/pcbigouden.fr\\\/#website\",\"url\":\"https:\\\/\\\/pcbigouden.fr\\\/\",\"name\":\"PCF Pays Bigouden\",\"description\":\"Blog des communistes du Pays Bigouden\",\"publisher\":{\"@id\":\"https:\\\/\\\/pcbigouden.fr\\\/#organization\"},\"potentialAction\":[{\"@type\":\"SearchAction\",\"target\":{\"@type\":\"EntryPoint\",\"urlTemplate\":\"https:\\\/\\\/pcbigouden.fr\\\/?s={search_term_string}\"},\"query-input\":{\"@type\":\"PropertyValueSpecification\",\"valueRequired\":true,\"valueName\":\"search_term_string\"}}],\"inLanguage\":\"fr-FR\"},{\"@type\":\"Organization\",\"@id\":\"https:\\\/\\\/pcbigouden.fr\\\/#organization\",\"name\":\"Parti Communiste PCF Pays Bigouden\",\"url\":\"https:\\\/\\\/pcbigouden.fr\\\/\",\"logo\":{\"@type\":\"ImageObject\",\"inLanguage\":\"fr-FR\",\"@id\":\"https:\\\/\\\/pcbigouden.fr\\\/#\\\/schema\\\/logo\\\/image\\\/\",\"url\":\"https:\\\/\\\/pcbigouden.fr\\\/wp-content\\\/uploads\\\/2021\\\/10\\\/logoTB307x290.jpg\",\"contentUrl\":\"https:\\\/\\\/pcbigouden.fr\\\/wp-content\\\/uploads\\\/2021\\\/10\\\/logoTB307x290.jpg\",\"width\":307,\"height\":290,\"caption\":\"Parti Communiste PCF Pays Bigouden\"},\"image\":{\"@id\":\"https:\\\/\\\/pcbigouden.fr\\\/#\\\/schema\\\/logo\\\/image\\\/\"}},{\"@type\":\"Person\",\"@id\":\"https:\\\/\\\/pcbigouden.fr\\\/#\\\/schema\\\/person\\\/275123d02cb86b428226e5f9ece1fb45\",\"name\":\"pcbigouden\",\"image\":{\"@type\":\"ImageObject\",\"inLanguage\":\"fr-FR\",\"@id\":\"https:\\\/\\\/secure.gravatar.com\\\/avatar\\\/0b1629b930d618ad44494ab153a628070e41fe2a36494d685d6a33679cd35013?s=96&d=mm&r=g\",\"url\":\"https:\\\/\\\/secure.gravatar.com\\\/avatar\\\/0b1629b930d618ad44494ab153a628070e41fe2a36494d685d6a33679cd35013?s=96&d=mm&r=g\",\"contentUrl\":\"https:\\\/\\\/secure.gravatar.com\\\/avatar\\\/0b1629b930d618ad44494ab153a628070e41fe2a36494d685d6a33679cd35013?s=96&d=mm&r=g\",\"caption\":\"pcbigouden\"},\"sameAs\":[\"https:\\\/\\\/pcbigouden.fr\"],\"url\":\"https:\\\/\\\/pcbigouden.fr\\\/?author=1\"}]}<\/script>\n<!-- \/ Yoast SEO plugin. -->","yoast_head_json":{"title":"\u00c9lectricit\u00e9 : sa production, son prix - PCF Pays Bigouden","robots":{"index":"index","follow":"follow","max-snippet":"max-snippet:-1","max-image-preview":"max-image-preview:large","max-video-preview":"max-video-preview:-1"},"canonical":"https:\/\/pcbigouden.fr\/?p=711","og_locale":"fr_FR","og_type":"article","og_title":"\u00c9lectricit\u00e9 : sa production, son prix - PCF Pays Bigouden","og_description":"La casse du service public d\u00e9cid\u00e9e par nos dirigeants lib\u00e9raux de tous bords et leur Europe de la \u00ab\u00a0concurrence libre et non fauss\u00e9e\u00a0\u00bb.","og_url":"https:\/\/pcbigouden.fr\/?p=711","og_site_name":"PCF Pays Bigouden","article_published_time":"2021-10-23T07:24:35+00:00","article_modified_time":"2021-11-06T11:13:29+00:00","og_image":[{"url":"https:\/\/pcbigouden.fr\/wp-content\/uploads\/2021\/10\/privatisationEDF.jpg","type":"","width":"","height":""}],"author":"pcbigouden","twitter_card":"summary_large_image","twitter_misc":{"\u00c9crit par":"pcbigouden"},"schema":{"@context":"https:\/\/schema.org","@graph":[{"@type":"Article","@id":"https:\/\/pcbigouden.fr\/?p=711#article","isPartOf":{"@id":"https:\/\/pcbigouden.fr\/?p=711"},"author":{"name":"pcbigouden","@id":"https:\/\/pcbigouden.fr\/#\/schema\/person\/275123d02cb86b428226e5f9ece1fb45"},"headline":"\u00c9lectricit\u00e9 : sa production, son prix","datePublished":"2021-10-23T07:24:35+00:00","dateModified":"2021-11-06T11:13:29+00:00","mainEntityOfPage":{"@id":"https:\/\/pcbigouden.fr\/?p=711"},"wordCount":61,"publisher":{"@id":"https:\/\/pcbigouden.fr\/#organization"},"image":{"@id":"https:\/\/pcbigouden.fr\/?p=711#primaryimage"},"thumbnailUrl":"https:\/\/pcbigouden.fr\/wp-content\/uploads\/2021\/10\/privatisationEDF.jpg","keywords":["EDF","\u00e9lectricit\u00e9"],"articleSection":["Energie","Environnement","Services Publics"],"inLanguage":"fr-FR"},{"@type":"WebPage","@id":"https:\/\/pcbigouden.fr\/?p=711","url":"https:\/\/pcbigouden.fr\/?p=711","name":"\u00c9lectricit\u00e9 : sa production, son prix - PCF Pays Bigouden","isPartOf":{"@id":"https:\/\/pcbigouden.fr\/#website"},"primaryImageOfPage":{"@id":"https:\/\/pcbigouden.fr\/?p=711#primaryimage"},"image":{"@id":"https:\/\/pcbigouden.fr\/?p=711#primaryimage"},"thumbnailUrl":"https:\/\/pcbigouden.fr\/wp-content\/uploads\/2021\/10\/privatisationEDF.jpg","datePublished":"2021-10-23T07:24:35+00:00","dateModified":"2021-11-06T11:13:29+00:00","breadcrumb":{"@id":"https:\/\/pcbigouden.fr\/?p=711#breadcrumb"},"inLanguage":"fr-FR","potentialAction":[{"@type":"ReadAction","target":["https:\/\/pcbigouden.fr\/?p=711"]}]},{"@type":"ImageObject","inLanguage":"fr-FR","@id":"https:\/\/pcbigouden.fr\/?p=711#primaryimage","url":"https:\/\/pcbigouden.fr\/wp-content\/uploads\/2021\/10\/privatisationEDF.jpg","contentUrl":"https:\/\/pcbigouden.fr\/wp-content\/uploads\/2021\/10\/privatisationEDF.jpg","width":820,"height":960},{"@type":"BreadcrumbList","@id":"https:\/\/pcbigouden.fr\/?p=711#breadcrumb","itemListElement":[{"@type":"ListItem","position":1,"name":"Accueil","item":"https:\/\/pcbigouden.fr\/"},{"@type":"ListItem","position":2,"name":"\u00c9lectricit\u00e9 : sa production, son prix"}]},{"@type":"WebSite","@id":"https:\/\/pcbigouden.fr\/#website","url":"https:\/\/pcbigouden.fr\/","name":"PCF Pays Bigouden","description":"Blog des communistes du Pays Bigouden","publisher":{"@id":"https:\/\/pcbigouden.fr\/#organization"},"potentialAction":[{"@type":"SearchAction","target":{"@type":"EntryPoint","urlTemplate":"https:\/\/pcbigouden.fr\/?s={search_term_string}"},"query-input":{"@type":"PropertyValueSpecification","valueRequired":true,"valueName":"search_term_string"}}],"inLanguage":"fr-FR"},{"@type":"Organization","@id":"https:\/\/pcbigouden.fr\/#organization","name":"Parti Communiste PCF Pays Bigouden","url":"https:\/\/pcbigouden.fr\/","logo":{"@type":"ImageObject","inLanguage":"fr-FR","@id":"https:\/\/pcbigouden.fr\/#\/schema\/logo\/image\/","url":"https:\/\/pcbigouden.fr\/wp-content\/uploads\/2021\/10\/logoTB307x290.jpg","contentUrl":"https:\/\/pcbigouden.fr\/wp-content\/uploads\/2021\/10\/logoTB307x290.jpg","width":307,"height":290,"caption":"Parti Communiste PCF Pays Bigouden"},"image":{"@id":"https:\/\/pcbigouden.fr\/#\/schema\/logo\/image\/"}},{"@type":"Person","@id":"https:\/\/pcbigouden.fr\/#\/schema\/person\/275123d02cb86b428226e5f9ece1fb45","name":"pcbigouden","image":{"@type":"ImageObject","inLanguage":"fr-FR","@id":"https:\/\/secure.gravatar.com\/avatar\/0b1629b930d618ad44494ab153a628070e41fe2a36494d685d6a33679cd35013?s=96&d=mm&r=g","url":"https:\/\/secure.gravatar.com\/avatar\/0b1629b930d618ad44494ab153a628070e41fe2a36494d685d6a33679cd35013?s=96&d=mm&r=g","contentUrl":"https:\/\/secure.gravatar.com\/avatar\/0b1629b930d618ad44494ab153a628070e41fe2a36494d685d6a33679cd35013?s=96&d=mm&r=g","caption":"pcbigouden"},"sameAs":["https:\/\/pcbigouden.fr"],"url":"https:\/\/pcbigouden.fr\/?author=1"}]}},"jetpack_featured_media_url":"","jetpack_sharing_enabled":true,"jetpack_likes_enabled":true,"_links":{"self":[{"href":"https:\/\/pcbigouden.fr\/index.php?rest_route=\/wp\/v2\/posts\/711","targetHints":{"allow":["GET"]}}],"collection":[{"href":"https:\/\/pcbigouden.fr\/index.php?rest_route=\/wp\/v2\/posts"}],"about":[{"href":"https:\/\/pcbigouden.fr\/index.php?rest_route=\/wp\/v2\/types\/post"}],"author":[{"embeddable":true,"href":"https:\/\/pcbigouden.fr\/index.php?rest_route=\/wp\/v2\/users\/1"}],"replies":[{"embeddable":true,"href":"https:\/\/pcbigouden.fr\/index.php?rest_route=%2Fwp%2Fv2%2Fcomments&post=711"}],"version-history":[{"count":0,"href":"https:\/\/pcbigouden.fr\/index.php?rest_route=\/wp\/v2\/posts\/711\/revisions"}],"wp:attachment":[{"href":"https:\/\/pcbigouden.fr\/index.php?rest_route=%2Fwp%2Fv2%2Fmedia&parent=711"}],"wp:term":[{"taxonomy":"category","embeddable":true,"href":"https:\/\/pcbigouden.fr\/index.php?rest_route=%2Fwp%2Fv2%2Fcategories&post=711"},{"taxonomy":"post_tag","embeddable":true,"href":"https:\/\/pcbigouden.fr\/index.php?rest_route=%2Fwp%2Fv2%2Ftags&post=711"}],"curies":[{"name":"wp","href":"https:\/\/api.w.org\/{rel}","templated":true}]}}