{"id":675,"date":"2021-10-26T15:43:26","date_gmt":"2021-10-26T13:43:26","guid":{"rendered":"https:\/\/pcbigouden.fr\/?p=675"},"modified":"2021-11-19T21:39:19","modified_gmt":"2021-11-19T20:39:19","slug":"conseil-departemental-du-finistere-21-octobre-2021-intervention-dismael-dupont","status":"publish","type":"post","link":"https:\/\/pcbigouden.fr\/?p=675","title":{"rendered":"Conseil d\u00e9partemental du Finist\u00e8re, 21 octobre 2021 : Intervention d&rsquo;Isma\u00ebl Dupont"},"content":{"rendered":"<p>La sensibilit\u00e9 communiste est repr\u00e9sent\u00e9e par 3 \u00e9lus au Conseil D\u00e9partemental du Finist\u00e8re, membres du groupe d&rsquo;union de la gauche Finist\u00e8re &amp; Solidaires : Jacqueline H\u00e9r\u00e9, Isabelle Maugeais, qui est intervenue le 21 octobre sur la dotation aux coll\u00e8ges, et Isma\u00ebl Dupont<!--more--><\/p>\n<h3><img loading=\"lazy\" decoding=\"async\" class=\"alignnone size-full wp-image-682\" src=\"https:\/\/pcbigouden.fr\/wp-content\/uploads\/2021\/10\/ConseilDepOct21_1.jpg\" alt=\"\" width=\"940\" height=\"788\" srcset=\"https:\/\/pcbigouden.fr\/wp-content\/uploads\/2021\/10\/ConseilDepOct21_1.jpg 940w, https:\/\/pcbigouden.fr\/wp-content\/uploads\/2021\/10\/ConseilDepOct21_1-300x251.jpg 300w, https:\/\/pcbigouden.fr\/wp-content\/uploads\/2021\/10\/ConseilDepOct21_1-768x644.jpg 768w\" sizes=\"auto, (max-width: 940px) 100vw, 940px\" \/>Interventions d&rsquo;Isma\u00ebl Dupont au conseil d\u00e9partemental du Finist\u00e8re du 21 octobre 2021:<\/h3>\n<h5>1\u00e8re intervention :<\/h5>\n<p>\u00a0\u00bb Reconna\u00eetre la mobilisation des professionnels de l&rsquo;aide et l&rsquo;accompagnement \u00e0 domicile pr\u00e9sents sur le terrain pendant la crise sanitaire, ces fameux premiers de corv\u00e9e, revaloriser leurs r\u00e9mun\u00e9rations, rendre ces m\u00e9tiers de l&rsquo;aide et de l&rsquo;accompagnement a domicile plus attractifs, mieux pay\u00e9s, mieux form\u00e9s, c&rsquo;est un imp\u00e9ratif bien s\u00fbr.<\/p>\n<p>Mais qui paye, pourquoi, et sur quels principes?<\/p>\n<p>Comment veut-on structurer le secteur de l&rsquo;aide \u00e0 domicile? Quel mod\u00e8le privil\u00e9gie t-on?<\/p>\n<p>Comment engageons-nous l&rsquo;\u00e9tat \u00e0 assurer ses obligations de service public, de sant\u00e9? Car pour nous la perte d&rsquo;autonomie est une question de sant\u00e9 publique, qui doit engager une politique de solidarit\u00e9 et de service public beaucoup plus ambitieuse.<\/p>\n<p>Or, \u00e0 ce titre, le nouvel abandon de la loi grand \u00e2ge, ou de la grande loi tant attendue sur le droit \u00e0 l&rsquo;autonomie des personnes \u00e2g\u00e9es, annonc\u00e9 en catimini le 8 septembre dernier, est une catastrophe pour les personnes \u00e2g\u00e9es, les professionnels, les associations et employeurs, les familles.<\/p>\n<p>En coh\u00e9rence avec le choix de soutenir en priorit\u00e9 les structures d&rsquo;aide \u00e0 domicile \u00e0 but non lucratif avec lesquelles des partenariats forts existent, les \u00e9lus du groupe Finist\u00e8re et Solidaires s&rsquo;abstiendront.<\/p>\n<p>L&rsquo;ancienne majorit\u00e9 a apport\u00e9 un soutien mat\u00e9riel fort \u00e0 tous les Saad pendant la crise sanitaire, y compris aux Saad priv\u00e9s \u00e0 but lucratif (masques, blouses de protection, etc).<\/p>\n<p>Mais dans ce contexte budg\u00e9taire contraint, il y a eu le choix de concentrer l&rsquo;accompagnement au versement d&rsquo;une prime sur les structures d&rsquo;aide \u00e0 domicile avec lesquelles le conseil d\u00e9partemental \u00e0 des relations contractuelles, contribuant \u00e0 l&rsquo;int\u00e9r\u00eat g\u00e9n\u00e9ral, avec des contrats d&rsquo;objectifs et de moyens, des structures que l&rsquo;on tarifie et qui n&rsquo;ont pas de but lucratif, des structures habilit\u00e9es \u00e0 l&rsquo;aide sociale.<\/p>\n<p>La majorit\u00e9 de gauche avait vot\u00e9 2 millions d&rsquo;euros de primes covid pour le secteur de l&rsquo;accompagnement, et 1 million d&rsquo;euros pour les assistants familiaux, dans le contexte de la crise sanitaire.<\/p>\n<p>L&rsquo;Alliance avait vot\u00e9 pour la d\u00e9lib\u00e9ration, sans regretter l&rsquo;absence de soutien aux services d&rsquo;aide \u00e0 domicile lucratifs avant de s&rsquo;en \u00e9mouvoir dans la presse.<\/p>\n<p>Pour m\u00e9moire, le conseil d\u00e9partemental finance l&rsquo;APA mais n&rsquo;est ni employeur, ni r\u00e9ellement comp\u00e9tent (avec des moyens et compensations budg\u00e9taires qui vont avec) dans ce secteur contrairement au secteur de la protection de l&rsquo;enfance.<\/p>\n<p>Les Saad priv\u00e9s \u00e0 but lucratif sont des structures qu&rsquo;on ne tarifie pas et n&rsquo;ont pas l&rsquo;obligation de verser une prime sur leurs fonds propres\u00a0\u00bb.<\/p>\n<p>2e intervention au conseil d\u00e9partemental du Finist\u00e8re ce 21 octobre 2021, \u00e0 propos de l&rsquo;autorisation du projet de r\u00e9sidence \u00ab\u00a0\u00e2ge et vie\u00a0\u00bb et du discours du pr\u00e9sident sur l&rsquo;encouragement au d\u00e9veloppement des r\u00e9sidences seniors priv\u00e9es \u00e0 but lucratif:<\/p>\n<p>\u00ab\u00a0C&rsquo;est s\u00fbr que ces projets peuvent \u00eatre utiles pour des communes rurales, et tentants pour les collectivit\u00e9s en g\u00e9n\u00e9ral, car port\u00e9s financi\u00e8rement par des groupes priv\u00e9s.<\/p>\n<p>Ayons toutefois une vigilance par rapport \u00e0 la mani\u00e8re dont des banques, des soci\u00e9t\u00e9s d&rsquo;assurance, veulent se situer sur le march\u00e9 de l&rsquo;or gris, en \u00e9tant parfois tr\u00e8s pressants vis-\u00e0-vis des collectivit\u00e9s, proposant des projets clef en main, vendus sur de belles plaquettes de communication, r\u00e9habilitant parfois \u00e0 bon compte pour les collectivit\u00e9s des b\u00e2timents d\u00e9grad\u00e9s ou \u00e0 l&rsquo;abandon.<\/p>\n<p>Les r\u00e9sidences seniors qui ne sont pas m\u00e9dicalis\u00e9es ont des co\u00fbts plancher mensuels \u00e9lev\u00e9s, m\u00eame sans les prestations optionnelles, hors de port\u00e9e de la plupart des retrait\u00e9s.<\/p>\n<p>L&rsquo;engouement pour les r\u00e9sidences seniors est \u00e0 pond\u00e9rer car de nombreux appartements sont achet\u00e9s pour faire de la d\u00e9fiscalisation, ou lou\u00e9s pour des s\u00e9jours de vacances&#8230;<\/p>\n<p style=\"text-align: center;\">L&rsquo;important c&rsquo;est le type de ma\u00eetrise publique et d&rsquo;objectifs sociaux que l&rsquo;on veut prioritairement valoriser dans le secteur de la perte d&rsquo;autonomie et du vieillissement\u00a0\u00bb.<\/p>\n<p><strong>Conseil d\u00e9partemental du Finist\u00e8re &#8211; 21 octobre 2021.<\/strong><br \/>\n<strong>Ma 3eme intervention dans le d\u00e9bat:<\/strong><\/p>\n<p>\u00a0\u00bb Sur les communications du pr\u00e9sident dans la presse sur les actions d\u00e9partementales avant la pr\u00e9sentation aux \u00e9lus des d\u00e9lib\u00e9rations, le d\u00e9bat dans les assembl\u00e9es et commissions, le vote, sur laquelle notre coll\u00e8gue Corinne Nicole exprimait ses regrets, cela s&rsquo;inscrit dans les d\u00e9rives de l&rsquo;hyper-presidentialisation inscrites dans les logiques et les institutions de la 5e R\u00e9publique et accentu\u00e9es encore par l&rsquo;actuel pr\u00e9sident de la R\u00e9publique, qui se pr\u00e9tend jupit\u00e9rien.<br \/>\nLes Finisteriens ne veulent pas d&rsquo;un pr\u00e9sident jupit\u00e9rien.<br \/>\nIl faut respecter l&rsquo;assembl\u00e9e \u00e9lue, repr\u00e9sentante de la diversit\u00e9 politique et des cantons finist\u00e9riens. Sur les aides aux associations sportives, je regrette qu&rsquo;elles soient indiff\u00e9renci\u00e9es, non conditionn\u00e9es, indistinctes, bas\u00e9es simplement sur la proportion du nombre d&rsquo;adh\u00e9rents aux associations.<br \/>\nIl est \u00e9videmment tr\u00e8s important de soutenir le secteur sportif dans le contexte de crise sanitaire et pour son r\u00f4le social, de sant\u00e9, d&rsquo;\u00e9ducation.<br \/>\nMais on sait tous que les situations des associations sportives vivent dans le contexte du covid des situations tr\u00e8s contrast\u00e9es, en fonction de leurs contraintes (salari\u00e9s ou non, \u00e9v\u00e9nements ext\u00e9rieurs annul\u00e9s \u00e0 cause du Covid, ou non, perte d&rsquo;adh\u00e9rents ou de pratiquants, activit\u00e9s ou non pendant la p\u00e9riode du Covid).<br \/>\nCertaines ont m\u00eame demand\u00e9 la baisse de leurs subventions municipales, consid\u00e9rant qu&rsquo;elles avaient eu moins de charges de fonctionnement.<br \/>\nLe vrai enjeu pour moi, c&rsquo;est l&rsquo;acc\u00e8s universel et g\u00e9n\u00e9ralis\u00e9 \u00e0 tous aux sports, l&rsquo;acc\u00e8s d\u00e9mocratis\u00e9 \u00e0 tous les sports, notamment pour les jeunes issus des classes populaires et des milieux d\u00e9favoris\u00e9s.<br \/>\nIl est inacceptable aujourd&rsquo;hui que des enfants ne puissent acc\u00e9der \u00e0 des licences et des adh\u00e9sions sportives, \u00e0 des chaussures, \u00e0 des v\u00eatements de sport, des \u00e9quipements personnels obligatoires, faute de moyens financiers. C&rsquo;est \u00e0 mon avis sur ce plan qu&rsquo;il aurait fallu mettre en place une politique volontariste et r\u00e9fl\u00e9chie, pr\u00e9par\u00e9e d&rsquo;accessibilit\u00e9 aux sports pour tous.<br \/>\nOr, l\u00e0, on a pas de garantie que les hausses de subventions aux associations sportives se traduisent pour les usagers, du moins dans une baisse du co\u00fbt des activit\u00e9s sportives pour eux. Et pourtant l&rsquo;enjeu est essentiel en terme de formation de la personnalit\u00e9, de bien-\u00eatre, de sant\u00e9 publique, de lien et de coh\u00e9sion sociale.\u00a0\u00bb<\/p>\n<p><strong>4\u00e8me intervention d&rsquo;Isma\u00ebl Dupont:<\/strong><\/p>\n<p>\u00ab\u00a0Touchant l&rsquo;\u00e9thique politique, je voudrais appeler Monsieur Le Doar\u00e9 et l&rsquo;ensemble des \u00e9lus de la nouvelle majorit\u00e9 \u00e0 un peu plus d&rsquo;humilit\u00e9 et moins de forfanterie, un peu plus de prudence aussi dans les d\u00e9clarations budg\u00e9taires. La situation budg\u00e9taire de la collectivit\u00e9 est relativement bonne actuellement. On le doit \u00e0 l&rsquo;ancienne majorit\u00e9. Quand l&rsquo;audit financier annonce une augmentation des charges de 100 millions d&rsquo;euros \u00e0 p\u00e9rim\u00e8tre d&rsquo;intervention constant \u00e0 la fin du mandat, et que vous promettez, Monsieur le Pr\u00e9sident, 40 millions d&rsquo;euros d&rsquo;\u00e9conomie par an, on voit mal, m\u00eame avec les exemples de mesures d&rsquo;\u00e9conomie que vous donnez, dont certaines posent question et ne passeront pas comme des lettres \u00e0 la poste, comment l&rsquo;addition de ces mesures pourraient produire autant de baisses de d\u00e9penses. Donc, travaillons s\u00e9rieusement, collectivement, et cessons les rodomontades et le discours clivant de campagne \u00e9lectoral\u00a0\u00bb.<\/p>\n<p><img loading=\"lazy\" decoding=\"async\" class=\"alignnone size-full wp-image-683\" src=\"https:\/\/pcbigouden.fr\/wp-content\/uploads\/2021\/10\/ConseilDepOct21_2.jpg\" alt=\"\" width=\"1440\" height=\"1080\" srcset=\"https:\/\/pcbigouden.fr\/wp-content\/uploads\/2021\/10\/ConseilDepOct21_2.jpg 1440w, https:\/\/pcbigouden.fr\/wp-content\/uploads\/2021\/10\/ConseilDepOct21_2-300x225.jpg 300w, https:\/\/pcbigouden.fr\/wp-content\/uploads\/2021\/10\/ConseilDepOct21_2-1024x768.jpg 1024w, https:\/\/pcbigouden.fr\/wp-content\/uploads\/2021\/10\/ConseilDepOct21_2-768x576.jpg 768w\" sizes=\"auto, (max-width: 1440px) 100vw, 1440px\" \/><\/p>\n<p>Les 3 \u00e9lus de sensibilit\u00e9 communiste du groupe Finist\u00e8re &amp; Solidaires: Isabelle Maugeais, Jacqueline H\u00e9r\u00e9, Isma\u00ebl Dupont<\/p>\n<p>&nbsp;<\/p>\n","protected":false},"excerpt":{"rendered":"<p>La sensibilit\u00e9 communiste est repr\u00e9sent\u00e9e par 3 \u00e9lus au Conseil D\u00e9partemental du Finist\u00e8re, membres du groupe d&rsquo;union de la gauche Finist\u00e8re &amp; Solidaires : Jacqueline H\u00e9r\u00e9, Isabelle Maugeais, qui est intervenue le 21 octobre sur la dotation aux coll\u00e8ges, et Isma\u00ebl Dupont<\/p>\n","protected":false},"author":1,"featured_media":0,"comment_status":"closed","ping_status":"closed","sticky":false,"template":"","format":"standard","meta":{"_jetpack_memberships_contains_paid_content":false,"footnotes":""},"categories":[59],"tags":[88,87],"class_list":["post-675","post","type-post","status-publish","format-standard","hentry","category-parti-communiste","tag-conseil-departemental","tag-ismael-dupont"],"yoast_head":"<!-- This site is optimized with the Yoast SEO plugin v27.5 - https:\/\/yoast.com\/product\/yoast-seo-wordpress\/ -->\n<title>Conseil d\u00e9partemental du Finist\u00e8re, 21 octobre 2021 : Intervention d&#039;Isma\u00ebl Dupont - PCF Pays Bigouden<\/title>\n<meta name=\"robots\" content=\"index, follow, max-snippet:-1, max-image-preview:large, max-video-preview:-1\" \/>\n<link rel=\"canonical\" href=\"https:\/\/pcbigouden.fr\/?p=675\" \/>\n<meta property=\"og:locale\" content=\"fr_FR\" \/>\n<meta property=\"og:type\" content=\"article\" \/>\n<meta property=\"og:title\" content=\"Conseil d\u00e9partemental du Finist\u00e8re, 21 octobre 2021 : Intervention d&#039;Isma\u00ebl Dupont - PCF Pays Bigouden\" \/>\n<meta property=\"og:description\" content=\"La sensibilit\u00e9 communiste est repr\u00e9sent\u00e9e par 3 \u00e9lus au Conseil D\u00e9partemental du Finist\u00e8re, membres du groupe d&rsquo;union de la gauche Finist\u00e8re &amp; Solidaires : Jacqueline H\u00e9r\u00e9, Isabelle Maugeais, qui est intervenue le 21 octobre sur la dotation aux coll\u00e8ges, et Isma\u00ebl Dupont\" \/>\n<meta property=\"og:url\" content=\"https:\/\/pcbigouden.fr\/?p=675\" \/>\n<meta property=\"og:site_name\" content=\"PCF Pays Bigouden\" \/>\n<meta property=\"article:published_time\" content=\"2021-10-26T13:43:26+00:00\" \/>\n<meta property=\"article:modified_time\" content=\"2021-11-19T20:39:19+00:00\" \/>\n<meta property=\"og:image\" content=\"https:\/\/pcbigouden.fr\/wp-content\/uploads\/2021\/10\/ConseilDepOct21_1.jpg\" \/>\n<meta name=\"author\" content=\"pcbigouden\" \/>\n<meta name=\"twitter:card\" content=\"summary_large_image\" \/>\n<meta name=\"twitter:label1\" content=\"\u00c9crit par\" \/>\n\t<meta name=\"twitter:data1\" content=\"pcbigouden\" \/>\n\t<meta name=\"twitter:label2\" content=\"Dur\u00e9e de lecture estim\u00e9e\" \/>\n\t<meta name=\"twitter:data2\" content=\"6 minutes\" \/>\n<script type=\"application\/ld+json\" class=\"yoast-schema-graph\">{\"@context\":\"https:\\\/\\\/schema.org\",\"@graph\":[{\"@type\":\"Article\",\"@id\":\"https:\\\/\\\/pcbigouden.fr\\\/?p=675#article\",\"isPartOf\":{\"@id\":\"https:\\\/\\\/pcbigouden.fr\\\/?p=675\"},\"author\":{\"name\":\"pcbigouden\",\"@id\":\"https:\\\/\\\/pcbigouden.fr\\\/#\\\/schema\\\/person\\\/275123d02cb86b428226e5f9ece1fb45\"},\"headline\":\"Conseil d\u00e9partemental du Finist\u00e8re, 21 octobre 2021 : Intervention d&rsquo;Isma\u00ebl Dupont\",\"datePublished\":\"2021-10-26T13:43:26+00:00\",\"dateModified\":\"2021-11-19T20:39:19+00:00\",\"mainEntityOfPage\":{\"@id\":\"https:\\\/\\\/pcbigouden.fr\\\/?p=675\"},\"wordCount\":1376,\"publisher\":{\"@id\":\"https:\\\/\\\/pcbigouden.fr\\\/#organization\"},\"image\":{\"@id\":\"https:\\\/\\\/pcbigouden.fr\\\/?p=675#primaryimage\"},\"thumbnailUrl\":\"https:\\\/\\\/pcbigouden.fr\\\/wp-content\\\/uploads\\\/2021\\\/10\\\/ConseilDepOct21_1.jpg\",\"keywords\":[\"Conseil d\u00e9partemental\",\"Isma\u00ebl Dupont\"],\"articleSection\":[\"Parti Communiste\"],\"inLanguage\":\"fr-FR\"},{\"@type\":\"WebPage\",\"@id\":\"https:\\\/\\\/pcbigouden.fr\\\/?p=675\",\"url\":\"https:\\\/\\\/pcbigouden.fr\\\/?p=675\",\"name\":\"Conseil d\u00e9partemental du Finist\u00e8re, 21 octobre 2021 : Intervention d'Isma\u00ebl Dupont - PCF Pays Bigouden\",\"isPartOf\":{\"@id\":\"https:\\\/\\\/pcbigouden.fr\\\/#website\"},\"primaryImageOfPage\":{\"@id\":\"https:\\\/\\\/pcbigouden.fr\\\/?p=675#primaryimage\"},\"image\":{\"@id\":\"https:\\\/\\\/pcbigouden.fr\\\/?p=675#primaryimage\"},\"thumbnailUrl\":\"https:\\\/\\\/pcbigouden.fr\\\/wp-content\\\/uploads\\\/2021\\\/10\\\/ConseilDepOct21_1.jpg\",\"datePublished\":\"2021-10-26T13:43:26+00:00\",\"dateModified\":\"2021-11-19T20:39:19+00:00\",\"breadcrumb\":{\"@id\":\"https:\\\/\\\/pcbigouden.fr\\\/?p=675#breadcrumb\"},\"inLanguage\":\"fr-FR\",\"potentialAction\":[{\"@type\":\"ReadAction\",\"target\":[\"https:\\\/\\\/pcbigouden.fr\\\/?p=675\"]}]},{\"@type\":\"ImageObject\",\"inLanguage\":\"fr-FR\",\"@id\":\"https:\\\/\\\/pcbigouden.fr\\\/?p=675#primaryimage\",\"url\":\"https:\\\/\\\/pcbigouden.fr\\\/wp-content\\\/uploads\\\/2021\\\/10\\\/ConseilDepOct21_1.jpg\",\"contentUrl\":\"https:\\\/\\\/pcbigouden.fr\\\/wp-content\\\/uploads\\\/2021\\\/10\\\/ConseilDepOct21_1.jpg\",\"width\":940,\"height\":788},{\"@type\":\"BreadcrumbList\",\"@id\":\"https:\\\/\\\/pcbigouden.fr\\\/?p=675#breadcrumb\",\"itemListElement\":[{\"@type\":\"ListItem\",\"position\":1,\"name\":\"Accueil\",\"item\":\"https:\\\/\\\/pcbigouden.fr\\\/\"},{\"@type\":\"ListItem\",\"position\":2,\"name\":\"Conseil d\u00e9partemental du Finist\u00e8re, 21 octobre 2021 : Intervention d&rsquo;Isma\u00ebl Dupont\"}]},{\"@type\":\"WebSite\",\"@id\":\"https:\\\/\\\/pcbigouden.fr\\\/#website\",\"url\":\"https:\\\/\\\/pcbigouden.fr\\\/\",\"name\":\"PCF Pays Bigouden\",\"description\":\"Blog des communistes du Pays Bigouden\",\"publisher\":{\"@id\":\"https:\\\/\\\/pcbigouden.fr\\\/#organization\"},\"potentialAction\":[{\"@type\":\"SearchAction\",\"target\":{\"@type\":\"EntryPoint\",\"urlTemplate\":\"https:\\\/\\\/pcbigouden.fr\\\/?s={search_term_string}\"},\"query-input\":{\"@type\":\"PropertyValueSpecification\",\"valueRequired\":true,\"valueName\":\"search_term_string\"}}],\"inLanguage\":\"fr-FR\"},{\"@type\":\"Organization\",\"@id\":\"https:\\\/\\\/pcbigouden.fr\\\/#organization\",\"name\":\"Parti Communiste PCF Pays Bigouden\",\"url\":\"https:\\\/\\\/pcbigouden.fr\\\/\",\"logo\":{\"@type\":\"ImageObject\",\"inLanguage\":\"fr-FR\",\"@id\":\"https:\\\/\\\/pcbigouden.fr\\\/#\\\/schema\\\/logo\\\/image\\\/\",\"url\":\"https:\\\/\\\/pcbigouden.fr\\\/wp-content\\\/uploads\\\/2021\\\/10\\\/logoTB307x290.jpg\",\"contentUrl\":\"https:\\\/\\\/pcbigouden.fr\\\/wp-content\\\/uploads\\\/2021\\\/10\\\/logoTB307x290.jpg\",\"width\":307,\"height\":290,\"caption\":\"Parti Communiste PCF Pays Bigouden\"},\"image\":{\"@id\":\"https:\\\/\\\/pcbigouden.fr\\\/#\\\/schema\\\/logo\\\/image\\\/\"}},{\"@type\":\"Person\",\"@id\":\"https:\\\/\\\/pcbigouden.fr\\\/#\\\/schema\\\/person\\\/275123d02cb86b428226e5f9ece1fb45\",\"name\":\"pcbigouden\",\"image\":{\"@type\":\"ImageObject\",\"inLanguage\":\"fr-FR\",\"@id\":\"https:\\\/\\\/secure.gravatar.com\\\/avatar\\\/0b1629b930d618ad44494ab153a628070e41fe2a36494d685d6a33679cd35013?s=96&d=mm&r=g\",\"url\":\"https:\\\/\\\/secure.gravatar.com\\\/avatar\\\/0b1629b930d618ad44494ab153a628070e41fe2a36494d685d6a33679cd35013?s=96&d=mm&r=g\",\"contentUrl\":\"https:\\\/\\\/secure.gravatar.com\\\/avatar\\\/0b1629b930d618ad44494ab153a628070e41fe2a36494d685d6a33679cd35013?s=96&d=mm&r=g\",\"caption\":\"pcbigouden\"},\"sameAs\":[\"https:\\\/\\\/pcbigouden.fr\"],\"url\":\"https:\\\/\\\/pcbigouden.fr\\\/?author=1\"}]}<\/script>\n<!-- \/ Yoast SEO plugin. -->","yoast_head_json":{"title":"Conseil d\u00e9partemental du Finist\u00e8re, 21 octobre 2021 : Intervention d'Isma\u00ebl Dupont - PCF Pays Bigouden","robots":{"index":"index","follow":"follow","max-snippet":"max-snippet:-1","max-image-preview":"max-image-preview:large","max-video-preview":"max-video-preview:-1"},"canonical":"https:\/\/pcbigouden.fr\/?p=675","og_locale":"fr_FR","og_type":"article","og_title":"Conseil d\u00e9partemental du Finist\u00e8re, 21 octobre 2021 : Intervention d'Isma\u00ebl Dupont - PCF Pays Bigouden","og_description":"La sensibilit\u00e9 communiste est repr\u00e9sent\u00e9e par 3 \u00e9lus au Conseil D\u00e9partemental du Finist\u00e8re, membres du groupe d&rsquo;union de la gauche Finist\u00e8re &amp; Solidaires : Jacqueline H\u00e9r\u00e9, Isabelle Maugeais, qui est intervenue le 21 octobre sur la dotation aux coll\u00e8ges, et Isma\u00ebl Dupont","og_url":"https:\/\/pcbigouden.fr\/?p=675","og_site_name":"PCF Pays Bigouden","article_published_time":"2021-10-26T13:43:26+00:00","article_modified_time":"2021-11-19T20:39:19+00:00","og_image":[{"url":"https:\/\/pcbigouden.fr\/wp-content\/uploads\/2021\/10\/ConseilDepOct21_1.jpg","type":"","width":"","height":""}],"author":"pcbigouden","twitter_card":"summary_large_image","twitter_misc":{"\u00c9crit par":"pcbigouden","Dur\u00e9e de lecture estim\u00e9e":"6 minutes"},"schema":{"@context":"https:\/\/schema.org","@graph":[{"@type":"Article","@id":"https:\/\/pcbigouden.fr\/?p=675#article","isPartOf":{"@id":"https:\/\/pcbigouden.fr\/?p=675"},"author":{"name":"pcbigouden","@id":"https:\/\/pcbigouden.fr\/#\/schema\/person\/275123d02cb86b428226e5f9ece1fb45"},"headline":"Conseil d\u00e9partemental du Finist\u00e8re, 21 octobre 2021 : Intervention d&rsquo;Isma\u00ebl Dupont","datePublished":"2021-10-26T13:43:26+00:00","dateModified":"2021-11-19T20:39:19+00:00","mainEntityOfPage":{"@id":"https:\/\/pcbigouden.fr\/?p=675"},"wordCount":1376,"publisher":{"@id":"https:\/\/pcbigouden.fr\/#organization"},"image":{"@id":"https:\/\/pcbigouden.fr\/?p=675#primaryimage"},"thumbnailUrl":"https:\/\/pcbigouden.fr\/wp-content\/uploads\/2021\/10\/ConseilDepOct21_1.jpg","keywords":["Conseil d\u00e9partemental","Isma\u00ebl Dupont"],"articleSection":["Parti Communiste"],"inLanguage":"fr-FR"},{"@type":"WebPage","@id":"https:\/\/pcbigouden.fr\/?p=675","url":"https:\/\/pcbigouden.fr\/?p=675","name":"Conseil d\u00e9partemental du Finist\u00e8re, 21 octobre 2021 : Intervention d'Isma\u00ebl Dupont - PCF Pays Bigouden","isPartOf":{"@id":"https:\/\/pcbigouden.fr\/#website"},"primaryImageOfPage":{"@id":"https:\/\/pcbigouden.fr\/?p=675#primaryimage"},"image":{"@id":"https:\/\/pcbigouden.fr\/?p=675#primaryimage"},"thumbnailUrl":"https:\/\/pcbigouden.fr\/wp-content\/uploads\/2021\/10\/ConseilDepOct21_1.jpg","datePublished":"2021-10-26T13:43:26+00:00","dateModified":"2021-11-19T20:39:19+00:00","breadcrumb":{"@id":"https:\/\/pcbigouden.fr\/?p=675#breadcrumb"},"inLanguage":"fr-FR","potentialAction":[{"@type":"ReadAction","target":["https:\/\/pcbigouden.fr\/?p=675"]}]},{"@type":"ImageObject","inLanguage":"fr-FR","@id":"https:\/\/pcbigouden.fr\/?p=675#primaryimage","url":"https:\/\/pcbigouden.fr\/wp-content\/uploads\/2021\/10\/ConseilDepOct21_1.jpg","contentUrl":"https:\/\/pcbigouden.fr\/wp-content\/uploads\/2021\/10\/ConseilDepOct21_1.jpg","width":940,"height":788},{"@type":"BreadcrumbList","@id":"https:\/\/pcbigouden.fr\/?p=675#breadcrumb","itemListElement":[{"@type":"ListItem","position":1,"name":"Accueil","item":"https:\/\/pcbigouden.fr\/"},{"@type":"ListItem","position":2,"name":"Conseil d\u00e9partemental du Finist\u00e8re, 21 octobre 2021 : Intervention d&rsquo;Isma\u00ebl Dupont"}]},{"@type":"WebSite","@id":"https:\/\/pcbigouden.fr\/#website","url":"https:\/\/pcbigouden.fr\/","name":"PCF Pays Bigouden","description":"Blog des communistes du Pays Bigouden","publisher":{"@id":"https:\/\/pcbigouden.fr\/#organization"},"potentialAction":[{"@type":"SearchAction","target":{"@type":"EntryPoint","urlTemplate":"https:\/\/pcbigouden.fr\/?s={search_term_string}"},"query-input":{"@type":"PropertyValueSpecification","valueRequired":true,"valueName":"search_term_string"}}],"inLanguage":"fr-FR"},{"@type":"Organization","@id":"https:\/\/pcbigouden.fr\/#organization","name":"Parti Communiste PCF Pays Bigouden","url":"https:\/\/pcbigouden.fr\/","logo":{"@type":"ImageObject","inLanguage":"fr-FR","@id":"https:\/\/pcbigouden.fr\/#\/schema\/logo\/image\/","url":"https:\/\/pcbigouden.fr\/wp-content\/uploads\/2021\/10\/logoTB307x290.jpg","contentUrl":"https:\/\/pcbigouden.fr\/wp-content\/uploads\/2021\/10\/logoTB307x290.jpg","width":307,"height":290,"caption":"Parti Communiste PCF Pays Bigouden"},"image":{"@id":"https:\/\/pcbigouden.fr\/#\/schema\/logo\/image\/"}},{"@type":"Person","@id":"https:\/\/pcbigouden.fr\/#\/schema\/person\/275123d02cb86b428226e5f9ece1fb45","name":"pcbigouden","image":{"@type":"ImageObject","inLanguage":"fr-FR","@id":"https:\/\/secure.gravatar.com\/avatar\/0b1629b930d618ad44494ab153a628070e41fe2a36494d685d6a33679cd35013?s=96&d=mm&r=g","url":"https:\/\/secure.gravatar.com\/avatar\/0b1629b930d618ad44494ab153a628070e41fe2a36494d685d6a33679cd35013?s=96&d=mm&r=g","contentUrl":"https:\/\/secure.gravatar.com\/avatar\/0b1629b930d618ad44494ab153a628070e41fe2a36494d685d6a33679cd35013?s=96&d=mm&r=g","caption":"pcbigouden"},"sameAs":["https:\/\/pcbigouden.fr"],"url":"https:\/\/pcbigouden.fr\/?author=1"}]}},"jetpack_featured_media_url":"","jetpack_sharing_enabled":true,"jetpack_likes_enabled":true,"_links":{"self":[{"href":"https:\/\/pcbigouden.fr\/index.php?rest_route=\/wp\/v2\/posts\/675","targetHints":{"allow":["GET"]}}],"collection":[{"href":"https:\/\/pcbigouden.fr\/index.php?rest_route=\/wp\/v2\/posts"}],"about":[{"href":"https:\/\/pcbigouden.fr\/index.php?rest_route=\/wp\/v2\/types\/post"}],"author":[{"embeddable":true,"href":"https:\/\/pcbigouden.fr\/index.php?rest_route=\/wp\/v2\/users\/1"}],"replies":[{"embeddable":true,"href":"https:\/\/pcbigouden.fr\/index.php?rest_route=%2Fwp%2Fv2%2Fcomments&post=675"}],"version-history":[{"count":0,"href":"https:\/\/pcbigouden.fr\/index.php?rest_route=\/wp\/v2\/posts\/675\/revisions"}],"wp:attachment":[{"href":"https:\/\/pcbigouden.fr\/index.php?rest_route=%2Fwp%2Fv2%2Fmedia&parent=675"}],"wp:term":[{"taxonomy":"category","embeddable":true,"href":"https:\/\/pcbigouden.fr\/index.php?rest_route=%2Fwp%2Fv2%2Fcategories&post=675"},{"taxonomy":"post_tag","embeddable":true,"href":"https:\/\/pcbigouden.fr\/index.php?rest_route=%2Fwp%2Fv2%2Ftags&post=675"}],"curies":[{"name":"wp","href":"https:\/\/api.w.org\/{rel}","templated":true}]}}