{"id":6498,"date":"2026-09-01T11:19:19","date_gmt":"2026-09-01T09:19:19","guid":{"rendered":"https:\/\/pcbigouden.fr\/?p=6498"},"modified":"2026-09-01T11:24:34","modified_gmt":"2026-09-01T09:24:34","slug":"menaces-sur-le-financement-des-maisons-des-adolescents-mda","status":"publish","type":"post","link":"https:\/\/pcbigouden.fr\/?p=6498","title":{"rendered":"Menaces sur le financement des Maisons des adolescents (MDA)."},"content":{"rendered":"<p>En cette rentr\u00e9e scolaire, Yvonne Rainero, militante de la section de Quimper et membre de la commission nationale sant\u00e9 du PCF, alerte : les subventions aux Maisons des Adolescents (MDA) pourraient ne pas \u00eatre reconduites. Pourtant, ces structures jouent un r\u00f4le essentiel dans l\u2019accompagnement des jeunes en situation de fragilit\u00e9 psychique.<br \/>\nQuelle contradiction flagrante de notre syst\u00e8me capitaliste ! D\u2019un c\u00f4t\u00e9, il soumet les jeunes \u00e0 des pressions toujours plus lourdes \u2013 r\u00e9ussite scolaire, orientation professionnelle, \u00e9co-anxi\u00e9t\u00e9\u2026 \u2013 et, de l\u2019autre, il aggrave leur pr\u00e9carit\u00e9 en refusant de toucher aux profits, tout en imposant une aust\u00e9rit\u00e9 budg\u00e9taire qui r\u00e9duit l\u2019offre de soins. Cerise sur le g\u00e2teau : la sant\u00e9 mentale des jeunes est d\u00e9clar\u00e9e \u00ab grande cause nationale \u00bb en 2026 ! Une contradiction de plus que le projet communiste propose de d\u00e9passer.<!--more ...Lire la suite... --><\/p>\n<h3 style=\"text-align: center;\">D\u00e9claration de la F\u00e9d\u00e9ration du Finist\u00e8re du PCF<\/h3>\n<h3 style=\"text-align: center;\">Menaces sur le financement des Maisons des adolescents (MDA).<\/h3>\n<p>Dans la pr\u00e9paration fr\u00e9n\u00e9tique du budget 2027, la sant\u00e9 est particuli\u00e8rement dans le<br \/>\nviseur du gouvernement.<br \/>\nIl ne se contente pas de s\u2019en prendre brutalement au droit \u00e0 la sant\u00e9 en augmentant le<br \/>\nreste \u00e0 charge pour les malades, il vise aussi des politiques publiques essentielles.<br \/>\nAlors que la sant\u00e9 mentale est proclam\u00e9e pour la 2\u00e8me ann\u00e9e cons\u00e9cutive grande<br \/>\ncause nationale, les discours minist\u00e9riels et pr\u00e9sidentiels ont du mal \u00e0 s\u2019accorder avec<br \/>\nles faits.<br \/>\nEn cette p\u00e9riode de rentr\u00e9e scolaire et universitaire, source de pr\u00e9occupations pour les<br \/>\njeunes et leurs parents, vient s\u2019ajouter la menace de non-reconduction en 2026 et<br \/>\n2027 des financements per\u00e7us en 2025 par les Maisons des adolescents.<br \/>\nLa Ministre de la Sant\u00e9 invoque la n\u00e9cessit\u00e9 de \u00ab concilier l\u2019ensemble des priorit\u00e9s \u00bb<br \/>\ndans \u00ab un cadre budg\u00e9taire contraint \u00bb.<br \/>\nSauf que ce cadre budg\u00e9taire appara\u00eet beaucoup moins contraint d\u00e8s lors qu\u2019il s\u2019agit<br \/>\ndes cadeaux au multinationales ou de l\u2019explosion des d\u00e9penses militaires !<br \/>\nIl est clair que la sant\u00e9 mentale des jeunes ne fait pas partie de ces priorit\u00e9s<br \/>\ngouvernementales.<br \/>\nEt pourtant&#8230; Toutes les enqu\u00eates convergent, les signaux d\u2019alerte se multiplient.<br \/>\nDe plus en plus de jeunes \u00e9prouvent des sympt\u00f4mes anxieux ou d\u00e9pressifs qui se<br \/>\nnourrissent de l\u2019inqui\u00e9tude devant la situation internationale, les bouleversements<br \/>\nclimatiques, de la crainte pour leur avenir personnel, \u00e9tudes, entr\u00e9e dans l\u2019emploi\u2026<br \/>\nUn tiers des 11-24 ans d\u00e9clarent un mal-\u00eatre psychique. Chez les filles \u00e2g\u00e9es de 10 \u00e0<br \/>\n14 ans, les tentatives de suicide ont augment\u00e9 de 118 % en cinq ans. Les<br \/>\nhospitalisations en psychiatrie des adolescents ont, elles aussi, fortement progress\u00e9.<br \/>\nC\u2019est dans cette situation que le gouvernement envisage de r\u00e9duire les financements<br \/>\ndes Maisons des adolescents (MDA).<br \/>\nElles constituent pourtant un dispositif pr\u00e9cieux, permettant aux jeunes de 12 \u00e0 25 ans<br \/>\nde trouver gratuitement, pr\u00e8s de chez eux, un lieu d\u2019accueil, d\u2019\u00e9coute, de pr\u00e9vention,<br \/>\nd\u2019orientation et d\u2019accompagnement pluridisciplinaire.<br \/>\nLes Maisons des adolescents sont au nombre de deux dans le Finist\u00e8re, rattach\u00e9es \u00e0<br \/>\nnos h\u00f4pitaux publics : l\u2019une \u00e0 Quimper \u00e0 l\u2019EPSM du Finist\u00e8re Sud, l\u2019autre \u00e0 Brest au<br \/>\nCHU.<br \/>\n\u00c0 elles deux, elles accueillent plus de mille jeunes et adolescents chaque ann\u00e9e.<br \/>\nElles fonctionnent en r\u00e9seau avec les autres accueils r\u00e9partis sur le territoire du<br \/>\nd\u00e9partement.<br \/>\nCet accueil pr\u00e9coce, professionnel et bienveillant, de proximit\u00e9, permet souvent de<br \/>\nrassurer, de pr\u00e9venir l\u2019aggravation du mal-\u00eatre et d\u2019\u00e9viter l\u2019entr\u00e9e dans un parcours de<br \/>\nsoins plus lourd. Mais aussi d\u2019orienter vers le soin quand cela para\u00eet n\u00e9cessaire.<br \/>\nAu contraire des choix aust\u00e9ritaires du gouvernement, les communistes, tr\u00e8s attach\u00e9s<br \/>\naux politiques de sant\u00e9 publique, proposent la p\u00e9rennisation et le renforcement des<br \/>\nfinancements des Maisons des adolescents, avec des financements pluriannuels<br \/>\npermettant aux \u00e9quipes de travailler et de d\u00e9velopper leur pr\u00e9sence sur l\u2019ensemble du<br \/>\nterritoire.<br \/>\nNous voulons aussi renforcer les CMP (centres m\u00e9dico-psychologiques) et CMPP<br \/>\n(centres m\u00e9dico-psycho-p\u00e9dagogiques), d\u00e9velopper les \u00e9quipes mobiles, la<br \/>\npr\u00e9vention et le rep\u00e9rage pr\u00e9coce, garantir \u00e0 chaque jeune un acc\u00e8s rapide et gratuit<br \/>\naux soins, ind\u00e9pendamment de son lieu de vie et des ressources de sa famille.<br \/>\nMadame la Ministre, il faut choisir entre la priorit\u00e9 annonc\u00e9e pour la sant\u00e9 mentale et<br \/>\nles d\u00e9cisions aust\u00e9ritaires qui menacent sa prise en charge et notamment le<br \/>\nfinancement des Maisons des adolescents !<br \/>\nLe bien-\u00eatre des jeunes doit \u00eatre une pr\u00e9occupation majeure.<br \/>\nLa sant\u00e9, et la sant\u00e9 mentale, est au c\u0153ur de la vie, en prendre soin dans nos<br \/>\npolitiques publiques c&rsquo;est agir pour le bien-\u00eatre de toutes et tous, ce n&rsquo;est pas un co\u00fbt<br \/>\nmais un atout et une richesse pour notre soci\u00e9t\u00e9.<br \/>\nPour la f\u00e9d\u00e9ration du Finist\u00e8re du Parti communiste fran\u00e7ais,<br \/>\nYvonne Rainero<br \/>\nmembre de la commission nationale sant\u00e9 du PCF<br \/>\nancienne \u00e9lue \u00e0 la sant\u00e9 de Quimper<\/p>\n","protected":false},"excerpt":{"rendered":"<p>En cette rentr\u00e9e scolaire, Yvonne Rainero, militante de la section de Quimper et membre de la commission nationale sant\u00e9 du PCF, alerte : les subventions aux Maisons des Adolescents (MDA) pourraient ne pas \u00eatre reconduites. Pourtant, ces structures jouent un r\u00f4le essentiel dans l\u2019accompagnement des jeunes en situation de fragilit\u00e9 psychique. Quelle contradiction flagrante de &hellip; <a href=\"https:\/\/pcbigouden.fr\/?p=6498\" class=\"more-link\">Continue reading <span class=\"screen-reader-text\">Menaces sur le financement des Maisons des adolescents (MDA).<\/span><\/a><\/p>\n","protected":false},"author":6,"featured_media":0,"comment_status":"open","ping_status":"closed","sticky":false,"template":"","format":"standard","meta":{"footnotes":""},"categories":[184,12,13],"tags":[312,180,113],"class_list":["post-6498","post","type-post","status-publish","format-standard","hentry","category-sante","category-services-publics","category-social","tag-adolrscence","tag-jeunesse","tag-sante"],"yoast_head":"<!-- This site is optimized with the Yoast SEO plugin v28.4 - https:\/\/yoast.com\/product\/yoast-seo-wordpress\/ -->\n<title>Menaces sur le financement des Maisons des adolescents (MDA). - PCF Pays Bigouden<\/title>\n<meta name=\"robots\" content=\"index, follow, max-snippet:-1, max-image-preview:large, max-video-preview:-1\" \/>\n<link rel=\"canonical\" href=\"https:\/\/pcbigouden.fr\/?p=6498\" \/>\n<meta property=\"og:locale\" content=\"fr_FR\" \/>\n<meta property=\"og:type\" content=\"article\" \/>\n<meta property=\"og:title\" content=\"Menaces sur le financement des Maisons des adolescents (MDA). - PCF Pays Bigouden\" \/>\n<meta property=\"og:description\" content=\"En cette rentr\u00e9e scolaire, Yvonne Rainero, militante de la section de Quimper et membre de la commission nationale sant\u00e9 du PCF, alerte : les subventions aux Maisons des Adolescents (MDA) pourraient ne pas \u00eatre reconduites. Pourtant, ces structures jouent un r\u00f4le essentiel dans l\u2019accompagnement des jeunes en situation de fragilit\u00e9 psychique. Quelle contradiction flagrante de &hellip; Continue reading Menaces sur le financement des Maisons des adolescents (MDA).\" \/>\n<meta property=\"og:url\" content=\"https:\/\/pcbigouden.fr\/?p=6498\" \/>\n<meta property=\"og:site_name\" content=\"PCF Pays Bigouden\" \/>\n<meta property=\"article:published_time\" content=\"2026-09-01T09:19:19+00:00\" \/>\n<meta property=\"article:modified_time\" content=\"2026-09-01T09:24:34+00:00\" \/>\n<meta name=\"author\" content=\"sierramaestra\" \/>\n<meta name=\"twitter:card\" content=\"summary_large_image\" \/>\n<meta name=\"twitter:label1\" content=\"\u00c9crit par\" \/>\n\t<meta name=\"twitter:data1\" content=\"sierramaestra\" \/>\n\t<meta name=\"twitter:label2\" content=\"Dur\u00e9e de lecture estim\u00e9e\" \/>\n\t<meta name=\"twitter:data2\" content=\"4 minutes\" \/>\n<script type=\"application\/ld+json\" class=\"yoast-schema-graph\">{\"@context\":\"https:\\\/\\\/schema.org\",\"@graph\":[{\"@type\":\"Article\",\"@id\":\"https:\\\/\\\/pcbigouden.fr\\\/?p=6498#article\",\"isPartOf\":{\"@id\":\"https:\\\/\\\/pcbigouden.fr\\\/?p=6498\"},\"author\":{\"name\":\"sierramaestra\",\"@id\":\"https:\\\/\\\/pcbigouden.fr\\\/#\\\/schema\\\/person\\\/2f88b3db41deacf169cab9e2ff83133a\"},\"headline\":\"Menaces sur le financement des Maisons des adolescents (MDA).\",\"datePublished\":\"2026-09-01T09:19:19+00:00\",\"dateModified\":\"2026-09-01T09:24:34+00:00\",\"mainEntityOfPage\":{\"@id\":\"https:\\\/\\\/pcbigouden.fr\\\/?p=6498\"},\"wordCount\":847,\"commentCount\":0,\"publisher\":{\"@id\":\"https:\\\/\\\/pcbigouden.fr\\\/#organization\"},\"keywords\":[\"adolrscence\",\"jeunesse\",\"sant\u00e9\"],\"articleSection\":[\"Sant\u00e9\",\"Services Publics\",\"Social\"],\"inLanguage\":\"fr-FR\",\"potentialAction\":[{\"@type\":\"CommentAction\",\"name\":\"Comment\",\"target\":[\"https:\\\/\\\/pcbigouden.fr\\\/?p=6498#respond\"]}]},{\"@type\":\"WebPage\",\"@id\":\"https:\\\/\\\/pcbigouden.fr\\\/?p=6498\",\"url\":\"https:\\\/\\\/pcbigouden.fr\\\/?p=6498\",\"name\":\"Menaces sur le financement des Maisons des adolescents (MDA). - PCF Pays Bigouden\",\"isPartOf\":{\"@id\":\"https:\\\/\\\/pcbigouden.fr\\\/#website\"},\"datePublished\":\"2026-09-01T09:19:19+00:00\",\"dateModified\":\"2026-09-01T09:24:34+00:00\",\"breadcrumb\":{\"@id\":\"https:\\\/\\\/pcbigouden.fr\\\/?p=6498#breadcrumb\"},\"inLanguage\":\"fr-FR\",\"potentialAction\":[{\"@type\":\"ReadAction\",\"target\":[\"https:\\\/\\\/pcbigouden.fr\\\/?p=6498\"]}]},{\"@type\":\"BreadcrumbList\",\"@id\":\"https:\\\/\\\/pcbigouden.fr\\\/?p=6498#breadcrumb\",\"itemListElement\":[{\"@type\":\"ListItem\",\"position\":1,\"name\":\"Accueil\",\"item\":\"https:\\\/\\\/pcbigouden.fr\\\/\"},{\"@type\":\"ListItem\",\"position\":2,\"name\":\"Menaces sur le financement des Maisons des adolescents (MDA).\"}]},{\"@type\":\"WebSite\",\"@id\":\"https:\\\/\\\/pcbigouden.fr\\\/#website\",\"url\":\"https:\\\/\\\/pcbigouden.fr\\\/\",\"name\":\"PCF Pays Bigouden\",\"description\":\"Blog des communistes du Pays Bigouden\",\"publisher\":{\"@id\":\"https:\\\/\\\/pcbigouden.fr\\\/#organization\"},\"potentialAction\":[{\"@type\":\"SearchAction\",\"target\":{\"@type\":\"EntryPoint\",\"urlTemplate\":\"https:\\\/\\\/pcbigouden.fr\\\/?s={search_term_string}\"},\"query-input\":{\"@type\":\"PropertyValueSpecification\",\"valueRequired\":true,\"valueName\":\"search_term_string\"}}],\"inLanguage\":\"fr-FR\"},{\"@type\":\"Organization\",\"@id\":\"https:\\\/\\\/pcbigouden.fr\\\/#organization\",\"name\":\"Parti Communiste PCF Pays Bigouden\",\"url\":\"https:\\\/\\\/pcbigouden.fr\\\/\",\"logo\":{\"@type\":\"ImageObject\",\"inLanguage\":\"fr-FR\",\"@id\":\"https:\\\/\\\/pcbigouden.fr\\\/#\\\/schema\\\/logo\\\/image\\\/\",\"url\":\"https:\\\/\\\/pcbigouden.fr\\\/wp-content\\\/uploads\\\/2021\\\/10\\\/logoTB307x290.jpg\",\"contentUrl\":\"https:\\\/\\\/pcbigouden.fr\\\/wp-content\\\/uploads\\\/2021\\\/10\\\/logoTB307x290.jpg\",\"width\":307,\"height\":290,\"caption\":\"Parti Communiste PCF Pays Bigouden\"},\"image\":{\"@id\":\"https:\\\/\\\/pcbigouden.fr\\\/#\\\/schema\\\/logo\\\/image\\\/\"}},{\"@type\":\"Person\",\"@id\":\"https:\\\/\\\/pcbigouden.fr\\\/#\\\/schema\\\/person\\\/2f88b3db41deacf169cab9e2ff83133a\",\"name\":\"sierramaestra\",\"image\":{\"@type\":\"ImageObject\",\"inLanguage\":\"fr-FR\",\"@id\":\"https:\\\/\\\/secure.gravatar.com\\\/avatar\\\/5e822171bcc9a9856efba4097a35cfd35b4c239b7b552810087caf40ef8496b2?s=96&d=mm&r=g\",\"url\":\"https:\\\/\\\/secure.gravatar.com\\\/avatar\\\/5e822171bcc9a9856efba4097a35cfd35b4c239b7b552810087caf40ef8496b2?s=96&d=mm&r=g\",\"contentUrl\":\"https:\\\/\\\/secure.gravatar.com\\\/avatar\\\/5e822171bcc9a9856efba4097a35cfd35b4c239b7b552810087caf40ef8496b2?s=96&d=mm&r=g\",\"caption\":\"sierramaestra\"},\"url\":\"https:\\\/\\\/pcbigouden.fr\\\/?author=6\"}]}<\/script>\n<!-- \/ Yoast SEO plugin. -->","yoast_head_json":{"title":"Menaces sur le financement des Maisons des adolescents (MDA). - PCF Pays Bigouden","robots":{"index":"index","follow":"follow","max-snippet":"max-snippet:-1","max-image-preview":"max-image-preview:large","max-video-preview":"max-video-preview:-1"},"canonical":"https:\/\/pcbigouden.fr\/?p=6498","og_locale":"fr_FR","og_type":"article","og_title":"Menaces sur le financement des Maisons des adolescents (MDA). - PCF Pays Bigouden","og_description":"En cette rentr\u00e9e scolaire, Yvonne Rainero, militante de la section de Quimper et membre de la commission nationale sant\u00e9 du PCF, alerte : les subventions aux Maisons des Adolescents (MDA) pourraient ne pas \u00eatre reconduites. Pourtant, ces structures jouent un r\u00f4le essentiel dans l\u2019accompagnement des jeunes en situation de fragilit\u00e9 psychique. Quelle contradiction flagrante de &hellip; Continue reading Menaces sur le financement des Maisons des adolescents (MDA).","og_url":"https:\/\/pcbigouden.fr\/?p=6498","og_site_name":"PCF Pays Bigouden","article_published_time":"2026-09-01T09:19:19+00:00","article_modified_time":"2026-09-01T09:24:34+00:00","author":"sierramaestra","twitter_card":"summary_large_image","twitter_misc":{"\u00c9crit par":"sierramaestra","Dur\u00e9e de lecture estim\u00e9e":"4 minutes"},"schema":{"@context":"https:\/\/schema.org","@graph":[{"@type":"Article","@id":"https:\/\/pcbigouden.fr\/?p=6498#article","isPartOf":{"@id":"https:\/\/pcbigouden.fr\/?p=6498"},"author":{"name":"sierramaestra","@id":"https:\/\/pcbigouden.fr\/#\/schema\/person\/2f88b3db41deacf169cab9e2ff83133a"},"headline":"Menaces sur le financement des Maisons des adolescents (MDA).","datePublished":"2026-09-01T09:19:19+00:00","dateModified":"2026-09-01T09:24:34+00:00","mainEntityOfPage":{"@id":"https:\/\/pcbigouden.fr\/?p=6498"},"wordCount":847,"commentCount":0,"publisher":{"@id":"https:\/\/pcbigouden.fr\/#organization"},"keywords":["adolrscence","jeunesse","sant\u00e9"],"articleSection":["Sant\u00e9","Services Publics","Social"],"inLanguage":"fr-FR","potentialAction":[{"@type":"CommentAction","name":"Comment","target":["https:\/\/pcbigouden.fr\/?p=6498#respond"]}]},{"@type":"WebPage","@id":"https:\/\/pcbigouden.fr\/?p=6498","url":"https:\/\/pcbigouden.fr\/?p=6498","name":"Menaces sur le financement des Maisons des adolescents (MDA). - PCF Pays Bigouden","isPartOf":{"@id":"https:\/\/pcbigouden.fr\/#website"},"datePublished":"2026-09-01T09:19:19+00:00","dateModified":"2026-09-01T09:24:34+00:00","breadcrumb":{"@id":"https:\/\/pcbigouden.fr\/?p=6498#breadcrumb"},"inLanguage":"fr-FR","potentialAction":[{"@type":"ReadAction","target":["https:\/\/pcbigouden.fr\/?p=6498"]}]},{"@type":"BreadcrumbList","@id":"https:\/\/pcbigouden.fr\/?p=6498#breadcrumb","itemListElement":[{"@type":"ListItem","position":1,"name":"Accueil","item":"https:\/\/pcbigouden.fr\/"},{"@type":"ListItem","position":2,"name":"Menaces sur le financement des Maisons des adolescents (MDA)."}]},{"@type":"WebSite","@id":"https:\/\/pcbigouden.fr\/#website","url":"https:\/\/pcbigouden.fr\/","name":"PCF Pays Bigouden","description":"Blog des communistes du Pays Bigouden","publisher":{"@id":"https:\/\/pcbigouden.fr\/#organization"},"potentialAction":[{"@type":"SearchAction","target":{"@type":"EntryPoint","urlTemplate":"https:\/\/pcbigouden.fr\/?s={search_term_string}"},"query-input":{"@type":"PropertyValueSpecification","valueRequired":true,"valueName":"search_term_string"}}],"inLanguage":"fr-FR"},{"@type":"Organization","@id":"https:\/\/pcbigouden.fr\/#organization","name":"Parti Communiste PCF Pays Bigouden","url":"https:\/\/pcbigouden.fr\/","logo":{"@type":"ImageObject","inLanguage":"fr-FR","@id":"https:\/\/pcbigouden.fr\/#\/schema\/logo\/image\/","url":"https:\/\/pcbigouden.fr\/wp-content\/uploads\/2021\/10\/logoTB307x290.jpg","contentUrl":"https:\/\/pcbigouden.fr\/wp-content\/uploads\/2021\/10\/logoTB307x290.jpg","width":307,"height":290,"caption":"Parti Communiste PCF Pays Bigouden"},"image":{"@id":"https:\/\/pcbigouden.fr\/#\/schema\/logo\/image\/"}},{"@type":"Person","@id":"https:\/\/pcbigouden.fr\/#\/schema\/person\/2f88b3db41deacf169cab9e2ff83133a","name":"sierramaestra","image":{"@type":"ImageObject","inLanguage":"fr-FR","@id":"https:\/\/secure.gravatar.com\/avatar\/5e822171bcc9a9856efba4097a35cfd35b4c239b7b552810087caf40ef8496b2?s=96&d=mm&r=g","url":"https:\/\/secure.gravatar.com\/avatar\/5e822171bcc9a9856efba4097a35cfd35b4c239b7b552810087caf40ef8496b2?s=96&d=mm&r=g","contentUrl":"https:\/\/secure.gravatar.com\/avatar\/5e822171bcc9a9856efba4097a35cfd35b4c239b7b552810087caf40ef8496b2?s=96&d=mm&r=g","caption":"sierramaestra"},"url":"https:\/\/pcbigouden.fr\/?author=6"}]}},"jetpack_featured_media_url":"","_links":{"self":[{"href":"https:\/\/pcbigouden.fr\/index.php?rest_route=\/wp\/v2\/posts\/6498","targetHints":{"allow":["GET"]}}],"collection":[{"href":"https:\/\/pcbigouden.fr\/index.php?rest_route=\/wp\/v2\/posts"}],"about":[{"href":"https:\/\/pcbigouden.fr\/index.php?rest_route=\/wp\/v2\/types\/post"}],"author":[{"embeddable":true,"href":"https:\/\/pcbigouden.fr\/index.php?rest_route=\/wp\/v2\/users\/6"}],"replies":[{"embeddable":true,"href":"https:\/\/pcbigouden.fr\/index.php?rest_route=%2Fwp%2Fv2%2Fcomments&post=6498"}],"version-history":[{"count":4,"href":"https:\/\/pcbigouden.fr\/index.php?rest_route=\/wp\/v2\/posts\/6498\/revisions"}],"predecessor-version":[{"id":6503,"href":"https:\/\/pcbigouden.fr\/index.php?rest_route=\/wp\/v2\/posts\/6498\/revisions\/6503"}],"wp:attachment":[{"href":"https:\/\/pcbigouden.fr\/index.php?rest_route=%2Fwp%2Fv2%2Fmedia&parent=6498"}],"wp:term":[{"taxonomy":"category","embeddable":true,"href":"https:\/\/pcbigouden.fr\/index.php?rest_route=%2Fwp%2Fv2%2Fcategories&post=6498"},{"taxonomy":"post_tag","embeddable":true,"href":"https:\/\/pcbigouden.fr\/index.php?rest_route=%2Fwp%2Fv2%2Ftags&post=6498"}],"curies":[{"name":"wp","href":"https:\/\/api.w.org\/{rel}","templated":true}]}}