{"id":641,"date":"2021-02-13T11:05:46","date_gmt":"2021-02-13T10:05:46","guid":{"rendered":"https:\/\/pcbigouden.fr\/?p=641"},"modified":"2021-10-25T11:07:22","modified_gmt":"2021-10-25T09:07:22","slug":"liberons-la-monnaie-liberons-nous-de-la-dette","status":"publish","type":"post","link":"https:\/\/pcbigouden.fr\/?p=641","title":{"rendered":"Lib\u00e9rons la monnaie, lib\u00e9rons-nous de la dette!"},"content":{"rendered":"<div class=\"body\">\n<div class=\"ob-sections\">\n<div class=\"ob-section ob-section-images ob-default\">\n<div class=\"ob-row-1-col\"><a class=\"ob-link-img\" href=\"https:\/\/image.over-blog.com\/lIXnqLE-SPdyZsfCMGlmtF_FwLg=\/filters:no_upscale()\/image%2F0556136%2F20210213%2Fob_bfec2b_13-02-2021-10-59-00.jpg\" rel=\"fancybox\"><img decoding=\"async\" class=\"ob-cell ob-img ob-media aligncenter\" src=\"https:\/\/image.over-blog.com\/lIXnqLE-SPdyZsfCMGlmtF_FwLg=\/filters:no_upscale()\/image%2F0556136%2F20210213%2Fob_bfec2b_13-02-2021-10-59-00.jpg\" alt=\"Lib\u00e9rons la monnaie, lib\u00e9rons-nous de la dette!\" \/><\/a><\/div>\n<\/div>\n<div class=\"ob-section ob-section-html\">\n<p><strong>L<\/strong><strong>e monde d&rsquo;apr\u00e8s la crise du Covid-19 se pr\u00e9pare d\u00e8s aujourd&rsquo;hui.<\/strong> Et la Banque centrale europ\u00e9enne (BCE) entend bien vous pr\u00e9parer un avenir cribl\u00e9 de dettes publiques. Hors de question pour celle-ci qui cr\u00e9e de toutes pi\u00e8ces de la monnaie pour la pr\u00eater aux banques priv\u00e9es, d&rsquo;effacer la pan de dette des \u00c9tats membres de la zone euro qu&rsquo;elle d\u00e9tient. <b>\u00ab <i>L&rsquo;annulation de la dette est inenvisageable <\/i><\/b><i>\u00bb, <\/i>car contraire aux trait\u00e9s, a d\u00e9clar\u00e9 Christine Lagarde, directrice de la BCE, dans <i>le Journal du dimanche. <\/i><\/p>\n<p>La gardienne de l&rsquo;institution mon\u00e9taire r\u00e9pondait ainsi \u00e0 une tribune publi\u00e9e dans plusieurs pays \u2013 en France dans <i>le Monde \u2013 <\/i>par 150 \u00e9conomistes. Ces derniers appellent \u00e0 un tel abandon de cr\u00e9ance, afin de permettre aux \u00c9tats de r\u00e9investir. Malgr\u00e9 la crise, la zone euro a une chance, celle \u00ab <b><i>d&rsquo;avoir un cr\u00e9ancier qui ne craint pas de perdre de l&rsquo;argent: la BCE<\/i><\/b><i>\u00bb, <\/i>qui d\u00e9tient \u00ab\u00a0<b>25 % <i>de la dette publique europ\u00e9enne <\/i><\/b><i>\u00bb, <\/i>\u00e9crivent les scientifiques. En effet, pour faire face \u00e0 la crise financi\u00e8re, depuis 2012 la BCE rach\u00e8te de la dette des \u00c9tats sur le march\u00e9 secondaire pour en faire baisser les taux, et pour \u00e9viter que des pays, tel l&rsquo;Italie, ne fassent faillite. Les tenants de l&rsquo;aust\u00e9rit\u00e9 veulent refermer cette porte. Ils craignent que cette capacit\u00e9 d&rsquo;utiliser la cr\u00e9ation de monnaie par la BCE ne serve \u00e0 autre chose qu&rsquo;\u00e0 r\u00e9gler un probl\u00e8me temporaire sur les march\u00e9s. En effet, elle pourrait \u00eatre utilis\u00e9e pour \u2013 soyons fous ! \u2013 investir dans les services publics, la transition \u00e9cologique, sans respecter les crit\u00e8res n\u00e9olib\u00e9raux de rentabilit\u00e9 qui sont au c\u0153ur de la construction europ\u00e9enne. Alors, les lib\u00e9raux lancent des contre-feux, arguent que les taux sont bas, donc le service de la dette peu co\u00fbteux, et qu&rsquo;une annulation n&rsquo;est donc pas une n\u00e9cessit\u00e9. Pis, que cela pourrait attirer l&rsquo;attention des march\u00e9s. Et si on apprenait \u00e0 faire sans ?<\/p>\n<p><b><i>Ga\u00ebl DE SANTIS (Journal L\u2019Humanit\u00e9)<\/i><\/b><\/p>\n<p><b><i>==================================================<\/i><\/b><\/p>\n<\/div>\n<div class=\"ob-section ob-section-html\">\n<p align=\"center\"><strong>EN COMPL\u00c9MENT,<\/strong> cet article du journal <strong><em>OUEST-FRANCE<\/em><\/strong> qui analyse la situation au Japon et notamment la partie relative \u00e0 la situation \u00e9conomique de ce pays (PIB + 3.9 % et dette 240 % du PIB)&#8230; et en r\u00e9ponse \u00e0 la dinde emperlous\u00e9e de la BCE.<\/p>\n<p align=\"center\">&#8212;-<\/p>\n<p align=\"center\"><b>POINT DE VUE. Pourquoi le Japon \u00e9chappe (presque) au Covid-19<\/b><\/p>\n<p>Les Japonais, dont la vie est soumise \u00e0 de lourdes contraintes sociales, sont hostiles \u00e0 tout contr\u00f4le suppl\u00e9mentaire par l&rsquo;\u00c9tat. Dans la gestion de la pand\u00e9mie, ce sont le sens civique et la pression sociale qui sont en premi\u00e8re ligne. Le point de vue de Jean-Marie Bouissou, historien sp\u00e9cialiste du Japon.<\/p>\n<p>Le Japon a une population presque double de celle de la France, mais 8 fois moins de cas de Covid-19,13 fois moins de d\u00e9c\u00e8s (pas encore 6 000) et seulement 27 morts par million d&rsquo;habitants contre 870 chez nous. La mortalit\u00e9 n&rsquo;y a m\u00eame pas augment\u00e9 en 2020, alors qu&rsquo;elle a bondi de 9 % en France. Il compte pourtant 28 % de plus de 65 ans contre 18 % chez nous, alors que le virus d\u00e9cime en priorit\u00e9 les seniors.<\/p>\n<p align=\"center\"><b>Toute l&rsquo;Asie r\u00e9siste au virus<\/b><\/p>\n<p>Comme le Japon, toute l&rsquo;Asie d\u00e9fie la pand\u00e9mie<u>,<\/u> L&rsquo;Am\u00e9rique du Nord compte six fois plus de d\u00e9c\u00e8s du Covid-19 que dans la population mondiale, et l&rsquo;Europe trois fois plus. Pour l&rsquo;Asie, c&rsquo;est trois fois moins, et pour le Japon, dix fois moins (0,15 % des d\u00e9c\u00e8s pour 1,6 % de la population du monde) ! M\u00eame si la Chine sous-estime les chiffres pour raison politique et que le Japon est tent\u00e9 de le faire pour sauver ses Jeux Olympiques, on ne saurait nier la performance collective de la r\u00e9gion.<\/p>\n<p>Pour l&rsquo;expliquer, certains \u00e9voquent une hypoth\u00e9tique immunit\u00e9 g\u00e9n\u00e9tique d\u00e9velopp\u00e9e contre des virus proches du Covid-19 qui auraient frapp\u00e9 la r\u00e9gion voici cinquante si\u00e8cles. Plus concr\u00e8tement, la vaccination BCG, toujours obligatoire dans toute l&rsquo;Asie, contrarie le virus, et les comorbidit\u00e9s du type ob\u00e9sit\u00e9 et diab\u00e8te y sont r\u00e9duites par une meilleure hygi\u00e8ne (ou un moindre niveau) de vie. En outre, pour la masse de la population, les mobilit\u00e9s sont moindres que chez nous.<\/p>\n<p align=\"center\"><b>Le Japon refuse les contraintes<\/b><\/p>\n<p>Les Japonais, dont la vie est soumise \u00e0 de lourdes contraintes sociales, sont hostiles \u00e0 tout contr\u00f4le suppl\u00e9mentaire par l&rsquo;\u00c9tat. En Cor\u00e9e du Sud, la victoire sur le virus doit tout aux applications anti-Covid sur smartphones dont les informations sont transmises aux autorit\u00e9s pour organiser le tracking des personnes infect\u00e9es Au Japon, o\u00f9 l&rsquo;application d\u00e9di\u00e9e n&rsquo;a \u00e9t\u00e9 t\u00e9l\u00e9charg\u00e9e que par 20 % de la population et les autorit\u00e9s n&rsquo;ont pas automatiquement acc\u00e8s aux informations, \u00e0 peine 10 000 cas (sur 380 000\u00a0!) leur ont \u00e9t\u00e9 volontairement signal\u00e9s pour permettre le tracking.<\/p>\n<p>M\u00eame chose pour ce qui tient lieu de confinement. Le Japon a \u00e9t\u00e9 mis deux fois en <i>\u00ab \u00e9tat d&rsquo;urgence nationale<\/i> \u00bb (7 avril-25 mai 2020 et depuis le 7 janvier), mais m\u00eame alors, il n&rsquo;y a que des \u00ab <i>recommandations<\/i> \u00bb (y\u00f4sei) par les gouverneurs et les maires, que le gouvernement n&rsquo;a pas le droit de les obliger \u00e0 suivre, et qu&rsquo;ils n&rsquo;ont eux-m\u00eames pas le droit d&rsquo;imposer. Bars, restaurants et commerces n&rsquo;ont pas \u00e9t\u00e9 ferm\u00e9s : ils ont ferm\u00e9, ou simplement r\u00e9duit leur service. En guise de couvre-feu, il leur a \u00e9t\u00e9 simplement demand\u00e9 de bien vouloir cesser le service (ou seulement la vente d&rsquo;alcool) \u00e0 20 h 30. Si les d\u00e9placements individuels ont beaucoup diminu\u00e9, c&rsquo;est sans contr\u00f4les ni amendes. Le sens civique et la pression sociale en ont tenu lieu.<\/p>\n<p align=\"center\"><b>L&rsquo;\u00e9conomie et la nation tiennent bon<\/b><\/p>\n<p><b>Alors que le PIB de la France a recul\u00e9 de 8,3 % en 2020, celui du Japon a augment\u00e9 de 3,9 %. Le ch\u00f4mage (3 %) est trois fois moindre que chez nous. Le gouvernement a multipli\u00e9 les gestes envers les m\u00e9nages (octroi de 100 000 yens par personne \u00e0 chaque foyer, distribution de tickets de r\u00e9duction pour soutenir le tourisme int\u00e9rieur). Et peu importe que la dette publique d\u00e9passe 240 % du PIB (France 112 %) : on sait depuis longtemps qu&rsquo;elle ne sera jamais rembours\u00e9e.<\/b><\/p>\n<p>Enfin<sub>:<\/sub> le Japon \u00e9chappe au psychodrame. Les m\u00e9dias ne d\u00e9roulent pas le tapis rouge aux experts autoproclam\u00e9s dont les querelles entretiennent le stress. Le Premier ministre (72 ans) se garde bien d&rsquo;y para\u00eetre. Le Parlement ronronne faute d&rsquo;opposition cr\u00e9dible. Et le but national est d\u00e9sormais d&rsquo;organiser \u00ab les JO de la victoire sur le Covid \u00bb.<\/p>\n<p><b><i>Jean-Marie BOUISSOU<\/i><\/b>, historien sp\u00e9cialiste du Japon<\/p>\n<p><b>Ouest-France<\/b> du 08\/02\/2021<\/p>\n<\/div>\n<\/div>\n<\/div>\n","protected":false},"excerpt":{"rendered":"<p>Le monde d&rsquo;apr\u00e8s la crise du Covid-19 se pr\u00e9pare d\u00e8s aujourd&rsquo;hui. Et la Banque centrale europ\u00e9enne (BCE) entend bien vous pr\u00e9parer un avenir cribl\u00e9 de dettes publiques. Hors de question pour celle-ci qui cr\u00e9e de toutes pi\u00e8ces de la monnaie pour la pr\u00eater aux banques priv\u00e9es, d&rsquo;effacer la pan de dette des \u00c9tats membres de &hellip; <a href=\"https:\/\/pcbigouden.fr\/?p=641\" class=\"more-link\">Continue reading <span class=\"screen-reader-text\">Lib\u00e9rons la monnaie, lib\u00e9rons-nous de la dette!<\/span><\/a><\/p>\n","protected":false},"author":1,"featured_media":0,"comment_status":"closed","ping_status":"closed","sticky":false,"template":"","format":"standard","meta":{"_jetpack_memberships_contains_paid_content":false,"footnotes":""},"categories":[3],"tags":[78],"class_list":["post-641","post","type-post","status-publish","format-standard","hentry","category-economie","tag-dette"],"yoast_head":"<!-- This site is optimized with the Yoast SEO plugin v27.5 - https:\/\/yoast.com\/product\/yoast-seo-wordpress\/ -->\n<title>Lib\u00e9rons la monnaie, lib\u00e9rons-nous de la dette! - PCF Pays Bigouden<\/title>\n<meta name=\"robots\" content=\"index, follow, max-snippet:-1, max-image-preview:large, max-video-preview:-1\" \/>\n<link rel=\"canonical\" href=\"https:\/\/pcbigouden.fr\/?p=641\" \/>\n<meta property=\"og:locale\" content=\"fr_FR\" \/>\n<meta property=\"og:type\" content=\"article\" \/>\n<meta property=\"og:title\" content=\"Lib\u00e9rons la monnaie, lib\u00e9rons-nous de la dette! - PCF Pays Bigouden\" \/>\n<meta property=\"og:description\" content=\"Le monde d&rsquo;apr\u00e8s la crise du Covid-19 se pr\u00e9pare d\u00e8s aujourd&rsquo;hui. Et la Banque centrale europ\u00e9enne (BCE) entend bien vous pr\u00e9parer un avenir cribl\u00e9 de dettes publiques. Hors de question pour celle-ci qui cr\u00e9e de toutes pi\u00e8ces de la monnaie pour la pr\u00eater aux banques priv\u00e9es, d&rsquo;effacer la pan de dette des \u00c9tats membres de &hellip; Continue reading Lib\u00e9rons la monnaie, lib\u00e9rons-nous de la dette!\" \/>\n<meta property=\"og:url\" content=\"https:\/\/pcbigouden.fr\/?p=641\" \/>\n<meta property=\"og:site_name\" content=\"PCF Pays Bigouden\" \/>\n<meta property=\"article:published_time\" content=\"2021-02-13T10:05:46+00:00\" \/>\n<meta property=\"article:modified_time\" content=\"2021-10-25T09:07:22+00:00\" \/>\n<meta property=\"og:image\" content=\"https:\/\/image.over-blog.com\/lIXnqLE-SPdyZsfCMGlmtF_FwLg=\/filters:no_upscale()\/image%2F0556136%2F20210213%2Fob_bfec2b_13-02-2021-10-59-00.jpg\" \/>\n<meta name=\"author\" content=\"pcbigouden\" \/>\n<meta name=\"twitter:card\" content=\"summary_large_image\" \/>\n<meta name=\"twitter:label1\" content=\"\u00c9crit par\" \/>\n\t<meta name=\"twitter:data1\" content=\"pcbigouden\" \/>\n\t<meta name=\"twitter:label2\" content=\"Dur\u00e9e de lecture estim\u00e9e\" \/>\n\t<meta name=\"twitter:data2\" content=\"5 minutes\" \/>\n<script type=\"application\/ld+json\" class=\"yoast-schema-graph\">{\"@context\":\"https:\\\/\\\/schema.org\",\"@graph\":[{\"@type\":\"Article\",\"@id\":\"https:\\\/\\\/pcbigouden.fr\\\/?p=641#article\",\"isPartOf\":{\"@id\":\"https:\\\/\\\/pcbigouden.fr\\\/?p=641\"},\"author\":{\"name\":\"pcbigouden\",\"@id\":\"https:\\\/\\\/pcbigouden.fr\\\/#\\\/schema\\\/person\\\/275123d02cb86b428226e5f9ece1fb45\"},\"headline\":\"Lib\u00e9rons la monnaie, lib\u00e9rons-nous de la dette!\",\"datePublished\":\"2021-02-13T10:05:46+00:00\",\"dateModified\":\"2021-10-25T09:07:22+00:00\",\"mainEntityOfPage\":{\"@id\":\"https:\\\/\\\/pcbigouden.fr\\\/?p=641\"},\"wordCount\":1139,\"publisher\":{\"@id\":\"https:\\\/\\\/pcbigouden.fr\\\/#organization\"},\"image\":{\"@id\":\"https:\\\/\\\/pcbigouden.fr\\\/?p=641#primaryimage\"},\"thumbnailUrl\":\"https:\\\/\\\/image.over-blog.com\\\/lIXnqLE-SPdyZsfCMGlmtF_FwLg=\\\/filters:no_upscale()\\\/image%2F0556136%2F20210213%2Fob_bfec2b_13-02-2021-10-59-00.jpg\",\"keywords\":[\"dette\"],\"articleSection\":[\"Economie\"],\"inLanguage\":\"fr-FR\"},{\"@type\":\"WebPage\",\"@id\":\"https:\\\/\\\/pcbigouden.fr\\\/?p=641\",\"url\":\"https:\\\/\\\/pcbigouden.fr\\\/?p=641\",\"name\":\"Lib\u00e9rons la monnaie, lib\u00e9rons-nous de la dette! - PCF Pays Bigouden\",\"isPartOf\":{\"@id\":\"https:\\\/\\\/pcbigouden.fr\\\/#website\"},\"primaryImageOfPage\":{\"@id\":\"https:\\\/\\\/pcbigouden.fr\\\/?p=641#primaryimage\"},\"image\":{\"@id\":\"https:\\\/\\\/pcbigouden.fr\\\/?p=641#primaryimage\"},\"thumbnailUrl\":\"https:\\\/\\\/image.over-blog.com\\\/lIXnqLE-SPdyZsfCMGlmtF_FwLg=\\\/filters:no_upscale()\\\/image%2F0556136%2F20210213%2Fob_bfec2b_13-02-2021-10-59-00.jpg\",\"datePublished\":\"2021-02-13T10:05:46+00:00\",\"dateModified\":\"2021-10-25T09:07:22+00:00\",\"breadcrumb\":{\"@id\":\"https:\\\/\\\/pcbigouden.fr\\\/?p=641#breadcrumb\"},\"inLanguage\":\"fr-FR\",\"potentialAction\":[{\"@type\":\"ReadAction\",\"target\":[\"https:\\\/\\\/pcbigouden.fr\\\/?p=641\"]}]},{\"@type\":\"ImageObject\",\"inLanguage\":\"fr-FR\",\"@id\":\"https:\\\/\\\/pcbigouden.fr\\\/?p=641#primaryimage\",\"url\":\"https:\\\/\\\/image.over-blog.com\\\/lIXnqLE-SPdyZsfCMGlmtF_FwLg=\\\/filters:no_upscale()\\\/image%2F0556136%2F20210213%2Fob_bfec2b_13-02-2021-10-59-00.jpg\",\"contentUrl\":\"https:\\\/\\\/image.over-blog.com\\\/lIXnqLE-SPdyZsfCMGlmtF_FwLg=\\\/filters:no_upscale()\\\/image%2F0556136%2F20210213%2Fob_bfec2b_13-02-2021-10-59-00.jpg\"},{\"@type\":\"BreadcrumbList\",\"@id\":\"https:\\\/\\\/pcbigouden.fr\\\/?p=641#breadcrumb\",\"itemListElement\":[{\"@type\":\"ListItem\",\"position\":1,\"name\":\"Accueil\",\"item\":\"https:\\\/\\\/pcbigouden.fr\\\/\"},{\"@type\":\"ListItem\",\"position\":2,\"name\":\"Lib\u00e9rons la monnaie, lib\u00e9rons-nous de la dette!\"}]},{\"@type\":\"WebSite\",\"@id\":\"https:\\\/\\\/pcbigouden.fr\\\/#website\",\"url\":\"https:\\\/\\\/pcbigouden.fr\\\/\",\"name\":\"PCF Pays Bigouden\",\"description\":\"Blog des communistes du Pays Bigouden\",\"publisher\":{\"@id\":\"https:\\\/\\\/pcbigouden.fr\\\/#organization\"},\"potentialAction\":[{\"@type\":\"SearchAction\",\"target\":{\"@type\":\"EntryPoint\",\"urlTemplate\":\"https:\\\/\\\/pcbigouden.fr\\\/?s={search_term_string}\"},\"query-input\":{\"@type\":\"PropertyValueSpecification\",\"valueRequired\":true,\"valueName\":\"search_term_string\"}}],\"inLanguage\":\"fr-FR\"},{\"@type\":\"Organization\",\"@id\":\"https:\\\/\\\/pcbigouden.fr\\\/#organization\",\"name\":\"Parti Communiste PCF Pays Bigouden\",\"url\":\"https:\\\/\\\/pcbigouden.fr\\\/\",\"logo\":{\"@type\":\"ImageObject\",\"inLanguage\":\"fr-FR\",\"@id\":\"https:\\\/\\\/pcbigouden.fr\\\/#\\\/schema\\\/logo\\\/image\\\/\",\"url\":\"https:\\\/\\\/pcbigouden.fr\\\/wp-content\\\/uploads\\\/2021\\\/10\\\/logoTB307x290.jpg\",\"contentUrl\":\"https:\\\/\\\/pcbigouden.fr\\\/wp-content\\\/uploads\\\/2021\\\/10\\\/logoTB307x290.jpg\",\"width\":307,\"height\":290,\"caption\":\"Parti Communiste PCF Pays Bigouden\"},\"image\":{\"@id\":\"https:\\\/\\\/pcbigouden.fr\\\/#\\\/schema\\\/logo\\\/image\\\/\"}},{\"@type\":\"Person\",\"@id\":\"https:\\\/\\\/pcbigouden.fr\\\/#\\\/schema\\\/person\\\/275123d02cb86b428226e5f9ece1fb45\",\"name\":\"pcbigouden\",\"image\":{\"@type\":\"ImageObject\",\"inLanguage\":\"fr-FR\",\"@id\":\"https:\\\/\\\/secure.gravatar.com\\\/avatar\\\/0b1629b930d618ad44494ab153a628070e41fe2a36494d685d6a33679cd35013?s=96&d=mm&r=g\",\"url\":\"https:\\\/\\\/secure.gravatar.com\\\/avatar\\\/0b1629b930d618ad44494ab153a628070e41fe2a36494d685d6a33679cd35013?s=96&d=mm&r=g\",\"contentUrl\":\"https:\\\/\\\/secure.gravatar.com\\\/avatar\\\/0b1629b930d618ad44494ab153a628070e41fe2a36494d685d6a33679cd35013?s=96&d=mm&r=g\",\"caption\":\"pcbigouden\"},\"sameAs\":[\"https:\\\/\\\/pcbigouden.fr\"],\"url\":\"https:\\\/\\\/pcbigouden.fr\\\/?author=1\"}]}<\/script>\n<!-- \/ Yoast SEO plugin. -->","yoast_head_json":{"title":"Lib\u00e9rons la monnaie, lib\u00e9rons-nous de la dette! - PCF Pays Bigouden","robots":{"index":"index","follow":"follow","max-snippet":"max-snippet:-1","max-image-preview":"max-image-preview:large","max-video-preview":"max-video-preview:-1"},"canonical":"https:\/\/pcbigouden.fr\/?p=641","og_locale":"fr_FR","og_type":"article","og_title":"Lib\u00e9rons la monnaie, lib\u00e9rons-nous de la dette! - PCF Pays Bigouden","og_description":"Le monde d&rsquo;apr\u00e8s la crise du Covid-19 se pr\u00e9pare d\u00e8s aujourd&rsquo;hui. Et la Banque centrale europ\u00e9enne (BCE) entend bien vous pr\u00e9parer un avenir cribl\u00e9 de dettes publiques. Hors de question pour celle-ci qui cr\u00e9e de toutes pi\u00e8ces de la monnaie pour la pr\u00eater aux banques priv\u00e9es, d&rsquo;effacer la pan de dette des \u00c9tats membres de &hellip; Continue reading Lib\u00e9rons la monnaie, lib\u00e9rons-nous de la dette!","og_url":"https:\/\/pcbigouden.fr\/?p=641","og_site_name":"PCF Pays Bigouden","article_published_time":"2021-02-13T10:05:46+00:00","article_modified_time":"2021-10-25T09:07:22+00:00","og_image":[{"url":"https:\/\/image.over-blog.com\/lIXnqLE-SPdyZsfCMGlmtF_FwLg=\/filters:no_upscale()\/image%2F0556136%2F20210213%2Fob_bfec2b_13-02-2021-10-59-00.jpg","type":"","width":"","height":""}],"author":"pcbigouden","twitter_card":"summary_large_image","twitter_misc":{"\u00c9crit par":"pcbigouden","Dur\u00e9e de lecture estim\u00e9e":"5 minutes"},"schema":{"@context":"https:\/\/schema.org","@graph":[{"@type":"Article","@id":"https:\/\/pcbigouden.fr\/?p=641#article","isPartOf":{"@id":"https:\/\/pcbigouden.fr\/?p=641"},"author":{"name":"pcbigouden","@id":"https:\/\/pcbigouden.fr\/#\/schema\/person\/275123d02cb86b428226e5f9ece1fb45"},"headline":"Lib\u00e9rons la monnaie, lib\u00e9rons-nous de la dette!","datePublished":"2021-02-13T10:05:46+00:00","dateModified":"2021-10-25T09:07:22+00:00","mainEntityOfPage":{"@id":"https:\/\/pcbigouden.fr\/?p=641"},"wordCount":1139,"publisher":{"@id":"https:\/\/pcbigouden.fr\/#organization"},"image":{"@id":"https:\/\/pcbigouden.fr\/?p=641#primaryimage"},"thumbnailUrl":"https:\/\/image.over-blog.com\/lIXnqLE-SPdyZsfCMGlmtF_FwLg=\/filters:no_upscale()\/image%2F0556136%2F20210213%2Fob_bfec2b_13-02-2021-10-59-00.jpg","keywords":["dette"],"articleSection":["Economie"],"inLanguage":"fr-FR"},{"@type":"WebPage","@id":"https:\/\/pcbigouden.fr\/?p=641","url":"https:\/\/pcbigouden.fr\/?p=641","name":"Lib\u00e9rons la monnaie, lib\u00e9rons-nous de la dette! - PCF Pays Bigouden","isPartOf":{"@id":"https:\/\/pcbigouden.fr\/#website"},"primaryImageOfPage":{"@id":"https:\/\/pcbigouden.fr\/?p=641#primaryimage"},"image":{"@id":"https:\/\/pcbigouden.fr\/?p=641#primaryimage"},"thumbnailUrl":"https:\/\/image.over-blog.com\/lIXnqLE-SPdyZsfCMGlmtF_FwLg=\/filters:no_upscale()\/image%2F0556136%2F20210213%2Fob_bfec2b_13-02-2021-10-59-00.jpg","datePublished":"2021-02-13T10:05:46+00:00","dateModified":"2021-10-25T09:07:22+00:00","breadcrumb":{"@id":"https:\/\/pcbigouden.fr\/?p=641#breadcrumb"},"inLanguage":"fr-FR","potentialAction":[{"@type":"ReadAction","target":["https:\/\/pcbigouden.fr\/?p=641"]}]},{"@type":"ImageObject","inLanguage":"fr-FR","@id":"https:\/\/pcbigouden.fr\/?p=641#primaryimage","url":"https:\/\/image.over-blog.com\/lIXnqLE-SPdyZsfCMGlmtF_FwLg=\/filters:no_upscale()\/image%2F0556136%2F20210213%2Fob_bfec2b_13-02-2021-10-59-00.jpg","contentUrl":"https:\/\/image.over-blog.com\/lIXnqLE-SPdyZsfCMGlmtF_FwLg=\/filters:no_upscale()\/image%2F0556136%2F20210213%2Fob_bfec2b_13-02-2021-10-59-00.jpg"},{"@type":"BreadcrumbList","@id":"https:\/\/pcbigouden.fr\/?p=641#breadcrumb","itemListElement":[{"@type":"ListItem","position":1,"name":"Accueil","item":"https:\/\/pcbigouden.fr\/"},{"@type":"ListItem","position":2,"name":"Lib\u00e9rons la monnaie, lib\u00e9rons-nous de la dette!"}]},{"@type":"WebSite","@id":"https:\/\/pcbigouden.fr\/#website","url":"https:\/\/pcbigouden.fr\/","name":"PCF Pays Bigouden","description":"Blog des communistes du Pays Bigouden","publisher":{"@id":"https:\/\/pcbigouden.fr\/#organization"},"potentialAction":[{"@type":"SearchAction","target":{"@type":"EntryPoint","urlTemplate":"https:\/\/pcbigouden.fr\/?s={search_term_string}"},"query-input":{"@type":"PropertyValueSpecification","valueRequired":true,"valueName":"search_term_string"}}],"inLanguage":"fr-FR"},{"@type":"Organization","@id":"https:\/\/pcbigouden.fr\/#organization","name":"Parti Communiste PCF Pays Bigouden","url":"https:\/\/pcbigouden.fr\/","logo":{"@type":"ImageObject","inLanguage":"fr-FR","@id":"https:\/\/pcbigouden.fr\/#\/schema\/logo\/image\/","url":"https:\/\/pcbigouden.fr\/wp-content\/uploads\/2021\/10\/logoTB307x290.jpg","contentUrl":"https:\/\/pcbigouden.fr\/wp-content\/uploads\/2021\/10\/logoTB307x290.jpg","width":307,"height":290,"caption":"Parti Communiste PCF Pays Bigouden"},"image":{"@id":"https:\/\/pcbigouden.fr\/#\/schema\/logo\/image\/"}},{"@type":"Person","@id":"https:\/\/pcbigouden.fr\/#\/schema\/person\/275123d02cb86b428226e5f9ece1fb45","name":"pcbigouden","image":{"@type":"ImageObject","inLanguage":"fr-FR","@id":"https:\/\/secure.gravatar.com\/avatar\/0b1629b930d618ad44494ab153a628070e41fe2a36494d685d6a33679cd35013?s=96&d=mm&r=g","url":"https:\/\/secure.gravatar.com\/avatar\/0b1629b930d618ad44494ab153a628070e41fe2a36494d685d6a33679cd35013?s=96&d=mm&r=g","contentUrl":"https:\/\/secure.gravatar.com\/avatar\/0b1629b930d618ad44494ab153a628070e41fe2a36494d685d6a33679cd35013?s=96&d=mm&r=g","caption":"pcbigouden"},"sameAs":["https:\/\/pcbigouden.fr"],"url":"https:\/\/pcbigouden.fr\/?author=1"}]}},"jetpack_featured_media_url":"","jetpack_sharing_enabled":true,"jetpack_likes_enabled":true,"_links":{"self":[{"href":"https:\/\/pcbigouden.fr\/index.php?rest_route=\/wp\/v2\/posts\/641","targetHints":{"allow":["GET"]}}],"collection":[{"href":"https:\/\/pcbigouden.fr\/index.php?rest_route=\/wp\/v2\/posts"}],"about":[{"href":"https:\/\/pcbigouden.fr\/index.php?rest_route=\/wp\/v2\/types\/post"}],"author":[{"embeddable":true,"href":"https:\/\/pcbigouden.fr\/index.php?rest_route=\/wp\/v2\/users\/1"}],"replies":[{"embeddable":true,"href":"https:\/\/pcbigouden.fr\/index.php?rest_route=%2Fwp%2Fv2%2Fcomments&post=641"}],"version-history":[{"count":0,"href":"https:\/\/pcbigouden.fr\/index.php?rest_route=\/wp\/v2\/posts\/641\/revisions"}],"wp:attachment":[{"href":"https:\/\/pcbigouden.fr\/index.php?rest_route=%2Fwp%2Fv2%2Fmedia&parent=641"}],"wp:term":[{"taxonomy":"category","embeddable":true,"href":"https:\/\/pcbigouden.fr\/index.php?rest_route=%2Fwp%2Fv2%2Fcategories&post=641"},{"taxonomy":"post_tag","embeddable":true,"href":"https:\/\/pcbigouden.fr\/index.php?rest_route=%2Fwp%2Fv2%2Ftags&post=641"}],"curies":[{"name":"wp","href":"https:\/\/api.w.org\/{rel}","templated":true}]}}