{"id":639,"date":"2021-02-24T11:02:50","date_gmt":"2021-02-24T10:02:50","guid":{"rendered":"https:\/\/pcbigouden.fr\/?p=639"},"modified":"2021-10-25T11:04:40","modified_gmt":"2021-10-25T09:04:40","slug":"le-mistigri-de-la-dette","status":"publish","type":"post","link":"https:\/\/pcbigouden.fr\/?p=639","title":{"rendered":"Le mistigri de la dette"},"content":{"rendered":"<div class=\"body\">\n<div class=\"ob-sections\">\n<div class=\"ob-section ob-section-images ob-default\">\n<div class=\"ob-row-1-col\"><a class=\"ob-link-img\" href=\"https:\/\/image.over-blog.com\/j-RXYSvrIoZqjI1a8qg7byZmB_8=\/filters:no_upscale()\/image%2F0556136%2F20210224%2Fob_b8bf5c_24-02-2021-21-55-58.jpg\" rel=\"fancybox\"><img decoding=\"async\" class=\"ob-cell ob-img ob-media aligncenter\" src=\"https:\/\/image.over-blog.com\/j-RXYSvrIoZqjI1a8qg7byZmB_8=\/filters:no_upscale()\/image%2F0556136%2F20210224%2Fob_b8bf5c_24-02-2021-21-55-58.jpg\" alt=\"Le mistigri de la dette\" \/><\/a><\/div>\n<\/div>\n<div class=\"ob-section ob-section-html\">\n<p><strong>Il est int\u00e9ressant de constater que le d\u00e9bat \u00e9conomique actuel porte sur deux sujets semblant \u00e9trangers l&rsquo;un \u00e0 l&rsquo;autre : la dette publique et priv\u00e9e, d&rsquo;une part, les revenus sociaux et\/ou salariaux, d&rsquo;autre part. <\/strong><\/p>\n<p>\u00c0 la r\u00e9flexion, il est vrai que bien des interf\u00e9rences sont perceptibles. Ne nous explique-t-on pas que l&rsquo;aust\u00e9rit\u00e9 salariale s&rsquo;impose, que la baisse des retraites est une obligation, car, \u00e0 la suite de l&rsquo;\u00e9pid\u00e9mie du Covid-19, la dette publique atteint d\u00e9sormais 120 % du PIB, tandis que celle des entreprises d\u00e9passe les 2000 milliards d&rsquo;euros\u00a0? Une part bien plus grande de nos ressources devrait concourir \u00e0 combler ces \u00ab\u00a0trous\u00a0\u00bb, particuli\u00e8rement celui d&rsquo;une S\u00e9curit\u00e9 sociale \u00e9reint\u00e9e.<\/p>\n<p>Le risque est d&rsquo;autant plus grand que nous ne sommes qu&rsquo;au d\u00e9but des \u00ab r\u00e9pliques \u00bb telluriques de cette crise. Il faut s&rsquo;attendre prochainement \u00e0 une multiplication des faillites d&rsquo;entreprises, \u00e0 des cort\u00e8ges de charrettes de licenciements. Il est vrai que l&rsquo;\u00e9conomie mondiale a \u00e9t\u00e9 sacrement secou\u00e9e. Selon le Fonds mon\u00e9taire international, la production a baiss\u00e9 de 3,4 % aux \u00c9tats-Unis en 2020, de 7,2 % dans la zone euro, de 5,4 % en Allemagne, de 9 % en France, de 2,4 % dans les pays \u00e9mergents et en d\u00e9veloppement. L&rsquo;Organisation internationale du travail consid\u00e8re que <i>\u00ab\u00a0dans un avenir proche, les cons\u00e9quences de la crise du Covid-19 sur l&rsquo;\u00e9conomie et sur l&#8217;emploi devraient entra\u00eener <\/i><i><strong>une \u00e9norme pression \u00e0 la baisse sur les salaires <\/strong><\/i><i>\u00bb.<\/i><\/p>\n<figure class=\"image-align-right\"><img decoding=\"async\" class=\"aligncenter\" src=\"https:\/\/image.over-blog.com\/ALrS7vs6t9E6xYKNFJCrKpCoQZM=\/filters:no_upscale()\/image%2F0556136%2F20210224%2Fob_33e288_24-02-2021-06-00-55.jpg\" alt=\"\" data-amp-height=\"299\" data-amp-width=\"227\" \/><\/figure>\n<p>En v\u00e9rit\u00e9, l&rsquo;aust\u00e9rit\u00e9 pratiqu\u00e9e \u00e0 rencontre des revenus populaires, la baisse sensible du co\u00fbt du travail annonc\u00e9e sont moins dues aux exigences du d\u00e9sendettement qu&rsquo;\u00e0 celles de la rentabilit\u00e9 du capital, au besoin qu&rsquo;a ce dernier de relever ses profits. On peut d&rsquo;ailleurs constater que les grandes entreprises s&rsquo;endettent elles aussi comme jamais, moins pour relancer leurs activit\u00e9s que pour s&rsquo;adonner \u00e0 la sp\u00e9culation. C&rsquo;est ainsi que la capitalisation boursi\u00e8re mondiale, c&rsquo;est-\u00e0-dire la valeur de l&rsquo;ensemble des titres cot\u00e9s sur les march\u00e9s boursiers de la plan\u00e8te, est pass\u00e9e de janvier 2020 \u00e0 janvier 2021 de 86,99 \u00e0 110,59 milliers de milliards de dollars, augmentant de 27 % alors que la croissance \u00e9conomique mondiale a baiss\u00e9 de 3,5 %, <strong>L&rsquo;\u00e9pouvantail de la dette sert \u00e0 faire peur.<\/strong><\/p>\n<p>Pour d\u00e9masquer l&rsquo;op\u00e9ration, il para\u00eet n\u00e9cessaire de montrer que la dangerosit\u00e9 de l&rsquo;endettement tient moins \u00e0 son montant qu&rsquo;au fait qu&rsquo;il est contract\u00e9 aupr\u00e8s de march\u00e9s financiers pr\u00e9dateurs et que l&rsquo;on pourrait<strong> trouver des ressources bien moins dangereuses aupr\u00e8s de la BCE et des banques commerciales<\/strong>, \u00e0 condition d&rsquo;infl\u00e9chir leurs crit\u00e8res de financement.<\/p>\n<p><u><b><i>LA CHRONIQUE \u00c9CONOMIQUE<\/i><\/b><\/u><\/p>\n<p><u><b><i>DE PIERRE IVORRA <\/i><\/b><\/u><\/p>\n<p><b><i>(Journal <\/i><\/b><b><i>L\u2019Humanit\u00e9<\/i><\/b><b><i>)<\/i><\/b><\/p>\n<\/div>\n<\/div>\n<\/div>\n","protected":false},"excerpt":{"rendered":"<p>Il est int\u00e9ressant de constater que le d\u00e9bat \u00e9conomique actuel porte sur deux sujets semblant \u00e9trangers l&rsquo;un \u00e0 l&rsquo;autre : la dette publique et priv\u00e9e, d&rsquo;une part, les revenus sociaux et\/ou salariaux, d&rsquo;autre part. \u00c0 la r\u00e9flexion, il est vrai que bien des interf\u00e9rences sont perceptibles. Ne nous explique-t-on pas que l&rsquo;aust\u00e9rit\u00e9 salariale s&rsquo;impose, que &hellip; <a href=\"https:\/\/pcbigouden.fr\/?p=639\" class=\"more-link\">Continue reading <span class=\"screen-reader-text\">Le mistigri de la dette<\/span><\/a><\/p>\n","protected":false},"author":1,"featured_media":0,"comment_status":"closed","ping_status":"closed","sticky":false,"template":"","format":"standard","meta":{"_jetpack_memberships_contains_paid_content":false,"footnotes":""},"categories":[3],"tags":[78],"class_list":["post-639","post","type-post","status-publish","format-standard","hentry","category-economie","tag-dette"],"yoast_head":"<!-- This site is optimized with the Yoast SEO plugin v27.5 - https:\/\/yoast.com\/product\/yoast-seo-wordpress\/ -->\n<title>Le mistigri de la dette - PCF Pays Bigouden<\/title>\n<meta name=\"robots\" content=\"index, follow, max-snippet:-1, max-image-preview:large, max-video-preview:-1\" \/>\n<link rel=\"canonical\" href=\"https:\/\/pcbigouden.fr\/?p=639\" \/>\n<meta property=\"og:locale\" content=\"fr_FR\" \/>\n<meta property=\"og:type\" content=\"article\" \/>\n<meta property=\"og:title\" content=\"Le mistigri de la dette - PCF Pays Bigouden\" \/>\n<meta property=\"og:description\" content=\"Il est int\u00e9ressant de constater que le d\u00e9bat \u00e9conomique actuel porte sur deux sujets semblant \u00e9trangers l&rsquo;un \u00e0 l&rsquo;autre : la dette publique et priv\u00e9e, d&rsquo;une part, les revenus sociaux et\/ou salariaux, d&rsquo;autre part. \u00c0 la r\u00e9flexion, il est vrai que bien des interf\u00e9rences sont perceptibles. Ne nous explique-t-on pas que l&rsquo;aust\u00e9rit\u00e9 salariale s&rsquo;impose, que &hellip; Continue reading Le mistigri de la dette\" \/>\n<meta property=\"og:url\" content=\"https:\/\/pcbigouden.fr\/?p=639\" \/>\n<meta property=\"og:site_name\" content=\"PCF Pays Bigouden\" \/>\n<meta property=\"article:published_time\" content=\"2021-02-24T10:02:50+00:00\" \/>\n<meta property=\"article:modified_time\" content=\"2021-10-25T09:04:40+00:00\" \/>\n<meta property=\"og:image\" content=\"https:\/\/image.over-blog.com\/j-RXYSvrIoZqjI1a8qg7byZmB_8=\/filters:no_upscale()\/image%2F0556136%2F20210224%2Fob_b8bf5c_24-02-2021-21-55-58.jpg\" \/>\n<meta name=\"author\" content=\"pcbigouden\" \/>\n<meta name=\"twitter:card\" content=\"summary_large_image\" \/>\n<meta name=\"twitter:label1\" content=\"\u00c9crit par\" \/>\n\t<meta name=\"twitter:data1\" content=\"pcbigouden\" \/>\n\t<meta name=\"twitter:label2\" content=\"Dur\u00e9e de lecture estim\u00e9e\" \/>\n\t<meta name=\"twitter:data2\" content=\"2 minutes\" \/>\n<script type=\"application\/ld+json\" class=\"yoast-schema-graph\">{\"@context\":\"https:\\\/\\\/schema.org\",\"@graph\":[{\"@type\":\"Article\",\"@id\":\"https:\\\/\\\/pcbigouden.fr\\\/?p=639#article\",\"isPartOf\":{\"@id\":\"https:\\\/\\\/pcbigouden.fr\\\/?p=639\"},\"author\":{\"name\":\"pcbigouden\",\"@id\":\"https:\\\/\\\/pcbigouden.fr\\\/#\\\/schema\\\/person\\\/275123d02cb86b428226e5f9ece1fb45\"},\"headline\":\"Le mistigri de la dette\",\"datePublished\":\"2021-02-24T10:02:50+00:00\",\"dateModified\":\"2021-10-25T09:04:40+00:00\",\"mainEntityOfPage\":{\"@id\":\"https:\\\/\\\/pcbigouden.fr\\\/?p=639\"},\"wordCount\":464,\"publisher\":{\"@id\":\"https:\\\/\\\/pcbigouden.fr\\\/#organization\"},\"image\":{\"@id\":\"https:\\\/\\\/pcbigouden.fr\\\/?p=639#primaryimage\"},\"thumbnailUrl\":\"https:\\\/\\\/image.over-blog.com\\\/j-RXYSvrIoZqjI1a8qg7byZmB_8=\\\/filters:no_upscale()\\\/image%2F0556136%2F20210224%2Fob_b8bf5c_24-02-2021-21-55-58.jpg\",\"keywords\":[\"dette\"],\"articleSection\":[\"Economie\"],\"inLanguage\":\"fr-FR\"},{\"@type\":\"WebPage\",\"@id\":\"https:\\\/\\\/pcbigouden.fr\\\/?p=639\",\"url\":\"https:\\\/\\\/pcbigouden.fr\\\/?p=639\",\"name\":\"Le mistigri de la dette - PCF Pays Bigouden\",\"isPartOf\":{\"@id\":\"https:\\\/\\\/pcbigouden.fr\\\/#website\"},\"primaryImageOfPage\":{\"@id\":\"https:\\\/\\\/pcbigouden.fr\\\/?p=639#primaryimage\"},\"image\":{\"@id\":\"https:\\\/\\\/pcbigouden.fr\\\/?p=639#primaryimage\"},\"thumbnailUrl\":\"https:\\\/\\\/image.over-blog.com\\\/j-RXYSvrIoZqjI1a8qg7byZmB_8=\\\/filters:no_upscale()\\\/image%2F0556136%2F20210224%2Fob_b8bf5c_24-02-2021-21-55-58.jpg\",\"datePublished\":\"2021-02-24T10:02:50+00:00\",\"dateModified\":\"2021-10-25T09:04:40+00:00\",\"breadcrumb\":{\"@id\":\"https:\\\/\\\/pcbigouden.fr\\\/?p=639#breadcrumb\"},\"inLanguage\":\"fr-FR\",\"potentialAction\":[{\"@type\":\"ReadAction\",\"target\":[\"https:\\\/\\\/pcbigouden.fr\\\/?p=639\"]}]},{\"@type\":\"ImageObject\",\"inLanguage\":\"fr-FR\",\"@id\":\"https:\\\/\\\/pcbigouden.fr\\\/?p=639#primaryimage\",\"url\":\"https:\\\/\\\/image.over-blog.com\\\/j-RXYSvrIoZqjI1a8qg7byZmB_8=\\\/filters:no_upscale()\\\/image%2F0556136%2F20210224%2Fob_b8bf5c_24-02-2021-21-55-58.jpg\",\"contentUrl\":\"https:\\\/\\\/image.over-blog.com\\\/j-RXYSvrIoZqjI1a8qg7byZmB_8=\\\/filters:no_upscale()\\\/image%2F0556136%2F20210224%2Fob_b8bf5c_24-02-2021-21-55-58.jpg\"},{\"@type\":\"BreadcrumbList\",\"@id\":\"https:\\\/\\\/pcbigouden.fr\\\/?p=639#breadcrumb\",\"itemListElement\":[{\"@type\":\"ListItem\",\"position\":1,\"name\":\"Accueil\",\"item\":\"https:\\\/\\\/pcbigouden.fr\\\/\"},{\"@type\":\"ListItem\",\"position\":2,\"name\":\"Le mistigri de la dette\"}]},{\"@type\":\"WebSite\",\"@id\":\"https:\\\/\\\/pcbigouden.fr\\\/#website\",\"url\":\"https:\\\/\\\/pcbigouden.fr\\\/\",\"name\":\"PCF Pays Bigouden\",\"description\":\"Blog des communistes du Pays Bigouden\",\"publisher\":{\"@id\":\"https:\\\/\\\/pcbigouden.fr\\\/#organization\"},\"potentialAction\":[{\"@type\":\"SearchAction\",\"target\":{\"@type\":\"EntryPoint\",\"urlTemplate\":\"https:\\\/\\\/pcbigouden.fr\\\/?s={search_term_string}\"},\"query-input\":{\"@type\":\"PropertyValueSpecification\",\"valueRequired\":true,\"valueName\":\"search_term_string\"}}],\"inLanguage\":\"fr-FR\"},{\"@type\":\"Organization\",\"@id\":\"https:\\\/\\\/pcbigouden.fr\\\/#organization\",\"name\":\"Parti Communiste PCF Pays Bigouden\",\"url\":\"https:\\\/\\\/pcbigouden.fr\\\/\",\"logo\":{\"@type\":\"ImageObject\",\"inLanguage\":\"fr-FR\",\"@id\":\"https:\\\/\\\/pcbigouden.fr\\\/#\\\/schema\\\/logo\\\/image\\\/\",\"url\":\"https:\\\/\\\/pcbigouden.fr\\\/wp-content\\\/uploads\\\/2021\\\/10\\\/logoTB307x290.jpg\",\"contentUrl\":\"https:\\\/\\\/pcbigouden.fr\\\/wp-content\\\/uploads\\\/2021\\\/10\\\/logoTB307x290.jpg\",\"width\":307,\"height\":290,\"caption\":\"Parti Communiste PCF Pays Bigouden\"},\"image\":{\"@id\":\"https:\\\/\\\/pcbigouden.fr\\\/#\\\/schema\\\/logo\\\/image\\\/\"}},{\"@type\":\"Person\",\"@id\":\"https:\\\/\\\/pcbigouden.fr\\\/#\\\/schema\\\/person\\\/275123d02cb86b428226e5f9ece1fb45\",\"name\":\"pcbigouden\",\"image\":{\"@type\":\"ImageObject\",\"inLanguage\":\"fr-FR\",\"@id\":\"https:\\\/\\\/secure.gravatar.com\\\/avatar\\\/0b1629b930d618ad44494ab153a628070e41fe2a36494d685d6a33679cd35013?s=96&d=mm&r=g\",\"url\":\"https:\\\/\\\/secure.gravatar.com\\\/avatar\\\/0b1629b930d618ad44494ab153a628070e41fe2a36494d685d6a33679cd35013?s=96&d=mm&r=g\",\"contentUrl\":\"https:\\\/\\\/secure.gravatar.com\\\/avatar\\\/0b1629b930d618ad44494ab153a628070e41fe2a36494d685d6a33679cd35013?s=96&d=mm&r=g\",\"caption\":\"pcbigouden\"},\"sameAs\":[\"https:\\\/\\\/pcbigouden.fr\"],\"url\":\"https:\\\/\\\/pcbigouden.fr\\\/?author=1\"}]}<\/script>\n<!-- \/ Yoast SEO plugin. -->","yoast_head_json":{"title":"Le mistigri de la dette - PCF Pays Bigouden","robots":{"index":"index","follow":"follow","max-snippet":"max-snippet:-1","max-image-preview":"max-image-preview:large","max-video-preview":"max-video-preview:-1"},"canonical":"https:\/\/pcbigouden.fr\/?p=639","og_locale":"fr_FR","og_type":"article","og_title":"Le mistigri de la dette - PCF Pays Bigouden","og_description":"Il est int\u00e9ressant de constater que le d\u00e9bat \u00e9conomique actuel porte sur deux sujets semblant \u00e9trangers l&rsquo;un \u00e0 l&rsquo;autre : la dette publique et priv\u00e9e, d&rsquo;une part, les revenus sociaux et\/ou salariaux, d&rsquo;autre part. \u00c0 la r\u00e9flexion, il est vrai que bien des interf\u00e9rences sont perceptibles. Ne nous explique-t-on pas que l&rsquo;aust\u00e9rit\u00e9 salariale s&rsquo;impose, que &hellip; Continue reading Le mistigri de la dette","og_url":"https:\/\/pcbigouden.fr\/?p=639","og_site_name":"PCF Pays Bigouden","article_published_time":"2021-02-24T10:02:50+00:00","article_modified_time":"2021-10-25T09:04:40+00:00","og_image":[{"url":"https:\/\/image.over-blog.com\/j-RXYSvrIoZqjI1a8qg7byZmB_8=\/filters:no_upscale()\/image%2F0556136%2F20210224%2Fob_b8bf5c_24-02-2021-21-55-58.jpg","type":"","width":"","height":""}],"author":"pcbigouden","twitter_card":"summary_large_image","twitter_misc":{"\u00c9crit par":"pcbigouden","Dur\u00e9e de lecture estim\u00e9e":"2 minutes"},"schema":{"@context":"https:\/\/schema.org","@graph":[{"@type":"Article","@id":"https:\/\/pcbigouden.fr\/?p=639#article","isPartOf":{"@id":"https:\/\/pcbigouden.fr\/?p=639"},"author":{"name":"pcbigouden","@id":"https:\/\/pcbigouden.fr\/#\/schema\/person\/275123d02cb86b428226e5f9ece1fb45"},"headline":"Le mistigri de la dette","datePublished":"2021-02-24T10:02:50+00:00","dateModified":"2021-10-25T09:04:40+00:00","mainEntityOfPage":{"@id":"https:\/\/pcbigouden.fr\/?p=639"},"wordCount":464,"publisher":{"@id":"https:\/\/pcbigouden.fr\/#organization"},"image":{"@id":"https:\/\/pcbigouden.fr\/?p=639#primaryimage"},"thumbnailUrl":"https:\/\/image.over-blog.com\/j-RXYSvrIoZqjI1a8qg7byZmB_8=\/filters:no_upscale()\/image%2F0556136%2F20210224%2Fob_b8bf5c_24-02-2021-21-55-58.jpg","keywords":["dette"],"articleSection":["Economie"],"inLanguage":"fr-FR"},{"@type":"WebPage","@id":"https:\/\/pcbigouden.fr\/?p=639","url":"https:\/\/pcbigouden.fr\/?p=639","name":"Le mistigri de la dette - PCF Pays Bigouden","isPartOf":{"@id":"https:\/\/pcbigouden.fr\/#website"},"primaryImageOfPage":{"@id":"https:\/\/pcbigouden.fr\/?p=639#primaryimage"},"image":{"@id":"https:\/\/pcbigouden.fr\/?p=639#primaryimage"},"thumbnailUrl":"https:\/\/image.over-blog.com\/j-RXYSvrIoZqjI1a8qg7byZmB_8=\/filters:no_upscale()\/image%2F0556136%2F20210224%2Fob_b8bf5c_24-02-2021-21-55-58.jpg","datePublished":"2021-02-24T10:02:50+00:00","dateModified":"2021-10-25T09:04:40+00:00","breadcrumb":{"@id":"https:\/\/pcbigouden.fr\/?p=639#breadcrumb"},"inLanguage":"fr-FR","potentialAction":[{"@type":"ReadAction","target":["https:\/\/pcbigouden.fr\/?p=639"]}]},{"@type":"ImageObject","inLanguage":"fr-FR","@id":"https:\/\/pcbigouden.fr\/?p=639#primaryimage","url":"https:\/\/image.over-blog.com\/j-RXYSvrIoZqjI1a8qg7byZmB_8=\/filters:no_upscale()\/image%2F0556136%2F20210224%2Fob_b8bf5c_24-02-2021-21-55-58.jpg","contentUrl":"https:\/\/image.over-blog.com\/j-RXYSvrIoZqjI1a8qg7byZmB_8=\/filters:no_upscale()\/image%2F0556136%2F20210224%2Fob_b8bf5c_24-02-2021-21-55-58.jpg"},{"@type":"BreadcrumbList","@id":"https:\/\/pcbigouden.fr\/?p=639#breadcrumb","itemListElement":[{"@type":"ListItem","position":1,"name":"Accueil","item":"https:\/\/pcbigouden.fr\/"},{"@type":"ListItem","position":2,"name":"Le mistigri de la dette"}]},{"@type":"WebSite","@id":"https:\/\/pcbigouden.fr\/#website","url":"https:\/\/pcbigouden.fr\/","name":"PCF Pays Bigouden","description":"Blog des communistes du Pays Bigouden","publisher":{"@id":"https:\/\/pcbigouden.fr\/#organization"},"potentialAction":[{"@type":"SearchAction","target":{"@type":"EntryPoint","urlTemplate":"https:\/\/pcbigouden.fr\/?s={search_term_string}"},"query-input":{"@type":"PropertyValueSpecification","valueRequired":true,"valueName":"search_term_string"}}],"inLanguage":"fr-FR"},{"@type":"Organization","@id":"https:\/\/pcbigouden.fr\/#organization","name":"Parti Communiste PCF Pays Bigouden","url":"https:\/\/pcbigouden.fr\/","logo":{"@type":"ImageObject","inLanguage":"fr-FR","@id":"https:\/\/pcbigouden.fr\/#\/schema\/logo\/image\/","url":"https:\/\/pcbigouden.fr\/wp-content\/uploads\/2021\/10\/logoTB307x290.jpg","contentUrl":"https:\/\/pcbigouden.fr\/wp-content\/uploads\/2021\/10\/logoTB307x290.jpg","width":307,"height":290,"caption":"Parti Communiste PCF Pays Bigouden"},"image":{"@id":"https:\/\/pcbigouden.fr\/#\/schema\/logo\/image\/"}},{"@type":"Person","@id":"https:\/\/pcbigouden.fr\/#\/schema\/person\/275123d02cb86b428226e5f9ece1fb45","name":"pcbigouden","image":{"@type":"ImageObject","inLanguage":"fr-FR","@id":"https:\/\/secure.gravatar.com\/avatar\/0b1629b930d618ad44494ab153a628070e41fe2a36494d685d6a33679cd35013?s=96&d=mm&r=g","url":"https:\/\/secure.gravatar.com\/avatar\/0b1629b930d618ad44494ab153a628070e41fe2a36494d685d6a33679cd35013?s=96&d=mm&r=g","contentUrl":"https:\/\/secure.gravatar.com\/avatar\/0b1629b930d618ad44494ab153a628070e41fe2a36494d685d6a33679cd35013?s=96&d=mm&r=g","caption":"pcbigouden"},"sameAs":["https:\/\/pcbigouden.fr"],"url":"https:\/\/pcbigouden.fr\/?author=1"}]}},"jetpack_featured_media_url":"","jetpack_sharing_enabled":true,"jetpack_likes_enabled":true,"_links":{"self":[{"href":"https:\/\/pcbigouden.fr\/index.php?rest_route=\/wp\/v2\/posts\/639","targetHints":{"allow":["GET"]}}],"collection":[{"href":"https:\/\/pcbigouden.fr\/index.php?rest_route=\/wp\/v2\/posts"}],"about":[{"href":"https:\/\/pcbigouden.fr\/index.php?rest_route=\/wp\/v2\/types\/post"}],"author":[{"embeddable":true,"href":"https:\/\/pcbigouden.fr\/index.php?rest_route=\/wp\/v2\/users\/1"}],"replies":[{"embeddable":true,"href":"https:\/\/pcbigouden.fr\/index.php?rest_route=%2Fwp%2Fv2%2Fcomments&post=639"}],"version-history":[{"count":0,"href":"https:\/\/pcbigouden.fr\/index.php?rest_route=\/wp\/v2\/posts\/639\/revisions"}],"wp:attachment":[{"href":"https:\/\/pcbigouden.fr\/index.php?rest_route=%2Fwp%2Fv2%2Fmedia&parent=639"}],"wp:term":[{"taxonomy":"category","embeddable":true,"href":"https:\/\/pcbigouden.fr\/index.php?rest_route=%2Fwp%2Fv2%2Fcategories&post=639"},{"taxonomy":"post_tag","embeddable":true,"href":"https:\/\/pcbigouden.fr\/index.php?rest_route=%2Fwp%2Fv2%2Ftags&post=639"}],"curies":[{"name":"wp","href":"https:\/\/api.w.org\/{rel}","templated":true}]}}