{"id":6244,"date":"2026-05-01T10:02:23","date_gmt":"2026-05-01T08:02:23","guid":{"rendered":"https:\/\/pcbigouden.fr\/?p=6244"},"modified":"2026-05-01T10:02:23","modified_gmt":"2026-05-01T08:02:23","slug":"cachons-ces-morts-que-nous-ne-saurions-voir","status":"publish","type":"post","link":"https:\/\/pcbigouden.fr\/?p=6244","title":{"rendered":"Cachons ces morts que nous ne saurions voir !"},"content":{"rendered":"<p><strong>L\u2019avenir pour nos jeunes\u00a0: travailler plus, gagner moins avec plus d\u2019ins\u00e9curit\u00e9\u00a0<\/strong><\/p>\n<p><img loading=\"lazy\" decoding=\"async\" class=\" wp-image-6246 aligncenter\" src=\"https:\/\/pcbigouden.fr\/wp-content\/uploads\/2026\/05\/Jeunes-accidents-du-travail-300x200.webp\" alt=\"\" width=\"320\" height=\"213\" srcset=\"https:\/\/pcbigouden.fr\/wp-content\/uploads\/2026\/05\/Jeunes-accidents-du-travail-300x200.webp 300w, https:\/\/pcbigouden.fr\/wp-content\/uploads\/2026\/05\/Jeunes-accidents-du-travail-768x512.webp 768w, https:\/\/pcbigouden.fr\/wp-content\/uploads\/2026\/05\/Jeunes-accidents-du-travail-162x108.webp 162w, https:\/\/pcbigouden.fr\/wp-content\/uploads\/2026\/05\/Jeunes-accidents-du-travail.webp 800w\" sizes=\"auto, (max-width: 320px) 100vw, 320px\" \/><\/p>\n<p>En 2023, 33 jeunes de moins de 25\u00a0ans sont d\u00e9c\u00e9d\u00e9s sur leur lieu de travail, selon les donn\u00e9es du minist\u00e8re du Travail.<\/p>\n<p>En 20\u00a0ans, plus de 21\u00a0000 salari\u00e9s sont morts au travail, et 13,5\u00a0millions d\u2019autres ont \u00e9t\u00e9 bless\u00e9s\u00a0<a href=\"https:\/\/www.humanite.fr\/social-et-economie\/morts-au-travail\/21-000-morts-et-135-millions-de-blesses-en-20-ans-le-vrai-bilan-des-accidents-du-travail\">selon les donn\u00e9es compil\u00e9es par\u00a0<em>l\u2019Humanit\u00e9<\/em><\/a><em>.<\/em><\/p>\n<p>Les fichiers de la Mutualit\u00e9 sociale agricole, non comptabilis\u00e9 dans ces chiffres, font \u00e9tat d\u2019au moins 3\u00a0125 agriculteurs morts depuis 2006. Les statistiques montrent qu\u2019au cours des vingt derni\u00e8res ann\u00e9es, le nombre de morts au travail s\u2019est maintenu \u00e0 un niveau \u00e9lev\u00e9 (environ un millier de d\u00e9c\u00e8s par an en moyenne)<\/p>\n<p>L\u2019\u00e9t\u00e9 2025 un jeune originaire de Saint-L\u00f4 (Manche) est d\u00e9c\u00e9d\u00e9 le 19\u00a0juin\u00a0<a href=\"https:\/\/www.humanite.fr\/social-et-economie\/stages\/mort-au-travail-un-lyceen-meurt-durant-son-stage-dobservation-dans-un-magasin-gifi\">apr\u00e8s la chute d\u2019une palette de marchandises d\u2019un magasin Gifi<\/a>.\u00a0<em>\u00ab\u00a0Un \u00e9l\u00e8ve ne devrait pas mourir en stage. La justice d\u00e9terminera les \u00e9ventuelles responsabilit\u00e9s\u00a0\u00bb<\/em>, avait alors d\u00e9clar\u00e9 le\u00a0Sgen-CFDT Normandie. Le syndicat a \u00e9galement indiqu\u00e9 s\u2019interroger\u00a0<em>\u00ab\u00a0sur la mise en place pr\u00e9cipit\u00e9e de ces stages en Seconde g\u00e9n\u00e9rale, et sur\u00a0le sens p\u00e9dagogique dans le parcours de formation de l\u2019\u00e9l\u00e8ve\u00a0\u00bb<\/em>, rapporte\u00a0<a href=\"https:\/\/www.ouest-france.fr\/normandie\/saint-lo-50000\/un-eleve-ne-devrait-pas-mourir-en-stage-le-choc-apres-le-deces-dun-lyceen-en-stage-a-saint-lo-a95512e4-4cf8-11f0-a713-daeef56bef5e#:~:text=En%202022%2C%20un%20coll%C3%A9gien%20de,sur%20un%20chantier%20de%20d%C3%A9molition.\">le quotidien local\u00a0<em>Ouest-France<\/em><\/a><\/p>\n<p>Le vendredi 4\u00a0juillet suivant, la mort d\u2019un\u00a0jeune de\u00a016 ans dans une exploitation agricole de Vivy, au nord de Saumur (Maine-et-Loire). Tu\u00e9 apr\u00e8s avoir \u00e9t\u00e9 percut\u00e9 par le godet d\u2019un engin. Une enqu\u00eate a \u00e9t\u00e9 ouverte par le parquet de Saumur pour tenter de d\u00e9terminer les circonstances et les responsabilit\u00e9s de cet accident mortel. Au micro de France Inter, le 20\u00a0juin, la secr\u00e9taire g\u00e9n\u00e9rale du Snes-FSU, Sophie V\u00e9n\u00e9titay, avait propos\u00e9 \u00ab<em>\u00a0que les stages de seconde n\u2019aient plus lieu\u00a0\u00bb.\u00a0<\/em>La CGT de l\u2019\u00c9ducation nationale s\u2019est aussi\u00a0<a href=\"https:\/\/www.humanite.fr\/en-debat\/apprentissage\/stages-de-seconde-une-exploitation-des-enfants-au-travail\">oppos\u00e9e \u00e0 ces stages<\/a>.<\/p>\n<p>Presque dix jours apr\u00e8s, le mardi 15\u00a0juillet, vers 9\u00a0h\u00a030, \u00e0 Sainte-Flaive-des-Loups (Vend\u00e9e), un jeune homme de 19\u00a0ans est mort apr\u00e8s avoir \u00e9t\u00e9 enseveli sous du goudron br\u00fblant, rapporte\u00a0<a href=\"https:\/\/www.francebleu.fr\/infos\/faits-divers-justice\/vendee-jai-entendu-hurler-de-douleur-un-ouvrier-enseveli-sous-du-goudron-brulant-les-temoins-sous-le-choc-4220975\">Ici Loire Oc\u00e9an<\/a><em>\u00a0<\/em>(ex France Bleu).<\/p>\n<p>Une enqu\u00eate a \u00e9t\u00e9 ouverte sous la direction du parquet de La Roche-sur-Yon, \u00ab<em>\u00a0pour d\u00e9terminer les circonstances de l\u2019accident<\/em>\u00a0\u00bb. L\u2019Inspection du travail a \u00e9galement \u00e9t\u00e9 saisie de l\u2019affaire, tandis qu\u2019une p\u00e9nurie chronique d\u2019inspecteurs s\u2019est install\u00e9e en France dans le monde du travail.<\/p>\n<p>Axel avait 16\u00a0ans. Le 17\u00a0juin 2025, le lyc\u00e9en est sorti de chez lui pour se rendre \u00e0 sa premi\u00e8re journ\u00e9e de stage dans un magasin Gifi de Saint-L\u00f4 (Manche) et n\u2019en est pas revenu.\u00a0<a href=\"https:\/\/www.humanite.fr\/social-et-economie\/stages\/mort-au-travail-un-lyceen-meurt-durant-son-stage-dobservation-dans-un-magasin-gifi\">Il a trouv\u00e9 la mort<\/a>, la t\u00eate \u00e9cras\u00e9e violemment contre un trottoir, apr\u00e8s avoir vacill\u00e9 sous le poids de marchandises tomb\u00e9es d\u2019une palette.<\/p>\n<p>Pr\u00e8s de six mois plus tard, alors que l\u2019enqu\u00eate pour homicide involontaire dans le cadre du travail se poursuit afin de \u00ab<em>\u00a0d\u00e9terminer les circonstances exactes, v\u00e9rifier le respect de la l\u00e9gislation du travail et de la s\u00e9curit\u00e9 des travailleurs<\/em>\u00a0\u00bb, le p\u00e8re du lyc\u00e9en, Arnaud Darthenay, a lanc\u00e9, d\u00e9but novembre,\u00a0<a href=\"https:\/\/www.onparticipe.fr\/p\/FnHJpLu5\">une p\u00e9tition<\/a>\u00a0exigeant l\u2019arr\u00eat des stages obligatoires de seconde, selon des informations de France 3 Normandie.<\/p>\n<p><em>\u00ab\u00a0On ne peut pas mettre des vies en danger comme \u00e7a. Les enfants ne doivent pas mourir pendant un stage<\/em>\u00a0\u00bb, a t\u00e9moign\u00e9 le p\u00e8re de famille aupr\u00e8s du journal r\u00e9gional, s\u2019insurgeant contre l\u2019instauration en 2024 de ces deux semaines d\u2019observation en entreprise impos\u00e9es pendant la p\u00e9riode du bac, \u00e0 une date o\u00f9 les choix d\u2019orientation sont d\u00e9j\u00e0 largement act\u00e9s.<\/p>\n<p><strong><em>Absence d\u2019encadrement<\/em><\/strong><\/p>\n<p>Les griefs mis en avant aupr\u00e8s de France 3 Normandie par Arnaud Darthenay, qui souhaite lancer un d\u00e9bat national afin de pr\u00e9venir d\u2019autres trag\u00e9dies, sont partag\u00e9s par nombre de parents d\u2019\u00e9l\u00e8ves et de syndicats de l\u2019Education nationale. \u00c0 l\u2019unisson, ils d\u00e9noncent p\u00eale-m\u00eale l\u2019absence de vertu p\u00e9dagogique de ces deux semaines obligatoires, pr\u00e9texte pour occuper les lyc\u00e9ens d\u00e9s\u0153uvr\u00e9s pendant le tunnel du baccalaur\u00e9at, les in\u00e9galit\u00e9s face \u00e0 la recherche de ces stages qui favorisent majoritairement les \u00e9l\u00e8ves dont les familles sont dot\u00e9es d\u2019un r\u00e9seau, mais surtout l\u2019absence d\u2019encadrement pour pr\u00e9venir les risques professionnels pour de jeunes stagiaires particuli\u00e8rement vuln\u00e9rables et souvent\u00a0<em>\u00ab\u00a0l\u00e2ch\u00e9s en pleine nature\u00a0\u00bb<\/em>.<\/p>\n<p>Et \u00e7a continue en 2026, \u00e2g\u00e9 de seulement 15\u00a0ans, un adolescent\u00a0<a href=\"https:\/\/www.humanite.fr\/en-debat\/education-nationale\/mineurs-en-stage-dobservation-tirer-les-lecons-des-drames\">est mort en stage en entreprise<\/a>, vendredi 17\u00a0avril. Pr\u00e9sent sur un chantier situ\u00e9 \u00e0 Bagnols-sur-C\u00e8ze, au nord-est du Gard, le gar\u00e7on a \u00e9t\u00e9 percut\u00e9 par un v\u00e9hicule t\u00f4t dans la matin\u00e9e. Une nouvelle d\u00e9monstration de la dangerosit\u00e9 de ces stages pr\u00f4n\u00e9s par le camp macroniste.<\/p>\n<p>&nbsp;<\/p>\n<p><span style=\"font-size: 14pt;\"><strong>Pourquoi de plus en plus de jeunes meurent-ils au travail\u00a0? <\/strong><\/span><\/p>\n<p><strong> <img loading=\"lazy\" decoding=\"async\" class=\"alignnone size-full wp-image-6245\" src=\"https:\/\/pcbigouden.fr\/wp-content\/uploads\/2026\/05\/Elsa-Faucillon-Image1.jpg\" alt=\"\" width=\"150\" height=\"150\" srcset=\"https:\/\/pcbigouden.fr\/wp-content\/uploads\/2026\/05\/Elsa-Faucillon-Image1.jpg 150w, https:\/\/pcbigouden.fr\/wp-content\/uploads\/2026\/05\/Elsa-Faucillon-Image1-108x108.jpg 108w\" sizes=\"auto, (max-width: 150px) 100vw, 150px\" \/><\/strong><\/p>\n<p><span style=\"font-size: 10pt;\"><em>La d\u00e9put\u00e9e PCF Elsa Faucillon (1<sup>re<\/sup>\u00a0circonscription des Hauts-de-Seine) travaille \u00e0 une proposition de loi visant \u00e0 prot\u00e9ger les jeunes en apprentissage, aujourd\u2019hui massivement accident\u00e9s.<\/em><\/span><\/p>\n<p>C\u2019est li\u00e9 au fait que les jeunes se retrouvent en entreprise de plus en plus t\u00f4t et de plus en plus longtemps, la faute \u00e0 une multiplication de d\u00e9rogations et d\u2019assouplissements l\u00e9gislatifs depuis le d\u00e9but des ann\u00e9es 2000. Rien que depuis l\u2019arriv\u00e9e au pouvoir d\u2019Emmanuel Macron, deux facteurs ont jou\u00e9\u00a0: le d\u00e9ploiement des stages en seconde, mais aussi le renforcement de l\u2019apprentissage.<\/p>\n<p>Comme les moins de 25\u00a0ans ont 2,5 fois plus de risques d\u2019\u00eatre accident\u00e9s que les autres, plus on favorise leur pr\u00e9sence dans l\u2019entreprise et plus cela augmente le nombre d\u2019accidents.\u00a0<a href=\"https:\/\/www.google.com\/url?sa=t&amp;source=web&amp;rct=j&amp;opi=89978449&amp;url=https:\/\/www.humanite.fr\/societe\/education-nationale\/stages-en-entreprise-le-ministre-de-leducation-promet-des-ajustements-sur-la-securite-apres-le-deces-dun-lyceen&amp;ved=2ahUKEwi3-5vgl46UAxXWVaQEHXrRN7AQxfQBKAB6BAgREAE&amp;usg=AOvVaw3krtxsOlc1-RDJzIbd7zOk\">Les morts de jeunes<\/a>\u00a0ne peuvent pas \u00eatre consid\u00e9r\u00e9es comme des faits divers isol\u00e9s\u00a0: elles interrogent notre capacit\u00e9 \u00e0 garantir que la formation professionnelle, l\u2019apprentissage et les stages se d\u00e9roulent dans des conditions conformes \u00e0 l\u2019exigence de protection attach\u00e9e \u00e0 l\u2019enfance.<\/p>\n<p><strong>Justement, que nous disent ces drames du syst\u00e8me \u00e9conomique et \u00e9ducatif dans lequel nous vivons\u00a0?<\/strong><\/p>\n<p>Au XIX<sup>e<\/sup>\u00a0si\u00e8cle, c\u2019est l\u2019\u00e9cole qui a sorti les enfants des usines. Aujourd\u2019hui, on a l\u2019impression que c\u2019est elle qui fournit les gamins aux entreprises\u00a0! Avec un capitalisme de plus en plus agressif, qui ne sait plus quoi faire pour accro\u00eetre les marges des entreprises,\u00a0<a href=\"https:\/\/www.humanite.fr\/en-debat\/apprentissage\/stages-de-seconde-une-exploitation-des-enfants-au-travail\">les jeunes sont de plus en plus r\u00e9duits \u00e0 de la main-d\u2019\u0153uvre corv\u00e9able<\/a>.<\/p>\n<p>Je d\u00e9battais l\u2019autre jour avec un responsable du Medef, qui demandait \u00e0 aller davantage dans les lyc\u00e9es pour valoriser l\u2019entrepreneuriat. Je consid\u00e8re, au contraire, que les patrons n\u2019ont pas \u00e0 mettre les pieds dans l\u2019\u00e9cole. La mission de l\u2019\u00e9cole n\u2019est pas de d\u00e9velopper l\u2019employabilit\u00e9 des gamins, c\u2019est de former de futurs citoyens, m\u00eame s\u2019il va de soi que les capacit\u00e9s acquises peuvent aider les travailleurs dans leur vie active.<\/p>\n<p>Mais je le redis\u00a0: les enfants n\u2019ont rien \u00e0 faire dans l\u2019entreprise. Nous devons repenser le cadre pour inverser ce mouvement.<\/p>\n<p><strong>Vous voulez d\u00e9poser une proposition de loi (PPL) dans ce but. Que contient-elle\u00a0?<\/strong><\/p>\n<p><strong>\u00a0<\/strong>D\u2019abord, elle revient sur le d\u00e9cret d\u2019avril 2015, en conditionnant l\u2019acc\u00e8s des travailleurs de moins de 18\u00a0ans aux travaux r\u00e9glement\u00e9s (c\u2019est-\u00e0-dire consid\u00e9r\u00e9s comme dangereux mais autoris\u00e9s, NDLR) \u00e0 une d\u00e9cision pr\u00e9alable de l\u2019inspection du travail.<\/p>\n<p>Au passage, il s\u2019agit d\u2019interdire que les travaux en hauteur puissent b\u00e9n\u00e9ficier d\u2019une telle d\u00e9rogation. Ensuite, la PPL accro\u00eet les obligations de transparence pesant sur les entreprises, en les obligeant \u00e0 publier leur taux de sinistralit\u00e9 au titre des accidents du travail et des maladies professionnelles dans le registre national des entreprises.<\/p>\n<p>Par ailleurs, un article du texte vise \u00e0 permettre aux mineurs en situation professionnelle de mieux conna\u00eetre leurs droits en mati\u00e8re de droit du travail et de sant\u00e9.<\/p>\n<p>Enfin, ce texte pr\u00e9voit une nouvelle sanction \u00e0 l\u2019\u00e9gard des entreprises r\u00e9cidivistes en mati\u00e8re de manquement av\u00e9r\u00e9 \u00e0 la sant\u00e9 ou \u00e0 la s\u00e9curit\u00e9 des salari\u00e9s, en leur interdisant de candidater \u00e0 des appels d\u2019offres de march\u00e9s publics.<\/p>\n","protected":false},"excerpt":{"rendered":"<p>L\u2019avenir pour nos jeunes\u00a0: travailler plus, gagner moins avec plus d\u2019ins\u00e9curit\u00e9\u00a0 En 2023, 33 jeunes de moins de 25\u00a0ans sont d\u00e9c\u00e9d\u00e9s sur leur lieu de travail, selon les donn\u00e9es du minist\u00e8re du Travail. En 20\u00a0ans, plus de 21\u00a0000 salari\u00e9s sont morts au travail, et 13,5\u00a0millions d\u2019autres ont \u00e9t\u00e9 bless\u00e9s\u00a0selon les donn\u00e9es compil\u00e9es par\u00a0l\u2019Humanit\u00e9. Les fichiers &hellip; <a href=\"https:\/\/pcbigouden.fr\/?p=6244\" class=\"more-link\">Continue reading <span class=\"screen-reader-text\">Cachons ces morts que nous ne saurions voir !<\/span><\/a><\/p>\n","protected":false},"author":8,"featured_media":0,"comment_status":"open","ping_status":"closed","sticky":false,"template":"","format":"standard","meta":{"_jetpack_memberships_contains_paid_content":false,"footnotes":""},"categories":[13],"tags":[],"class_list":["post-6244","post","type-post","status-publish","format-standard","hentry","category-social"],"yoast_head":"<!-- This site is optimized with the Yoast SEO plugin v27.5 - https:\/\/yoast.com\/product\/yoast-seo-wordpress\/ -->\n<title>Cachons ces morts que nous ne saurions voir ! - PCF Pays Bigouden<\/title>\n<meta name=\"robots\" content=\"index, follow, max-snippet:-1, max-image-preview:large, max-video-preview:-1\" \/>\n<link rel=\"canonical\" href=\"https:\/\/pcbigouden.fr\/?p=6244\" \/>\n<meta property=\"og:locale\" content=\"fr_FR\" \/>\n<meta property=\"og:type\" content=\"article\" \/>\n<meta property=\"og:title\" content=\"Cachons ces morts que nous ne saurions voir ! - PCF Pays Bigouden\" \/>\n<meta property=\"og:description\" content=\"L\u2019avenir pour nos jeunes\u00a0: travailler plus, gagner moins avec plus d\u2019ins\u00e9curit\u00e9\u00a0 En 2023, 33 jeunes de moins de 25\u00a0ans sont d\u00e9c\u00e9d\u00e9s sur leur lieu de travail, selon les donn\u00e9es du minist\u00e8re du Travail. En 20\u00a0ans, plus de 21\u00a0000 salari\u00e9s sont morts au travail, et 13,5\u00a0millions d\u2019autres ont \u00e9t\u00e9 bless\u00e9s\u00a0selon les donn\u00e9es compil\u00e9es par\u00a0l\u2019Humanit\u00e9. Les fichiers &hellip; Continue reading Cachons ces morts que nous ne saurions voir !\" \/>\n<meta property=\"og:url\" content=\"https:\/\/pcbigouden.fr\/?p=6244\" \/>\n<meta property=\"og:site_name\" content=\"PCF Pays Bigouden\" \/>\n<meta property=\"article:published_time\" content=\"2026-05-01T08:02:23+00:00\" \/>\n<meta property=\"og:image\" content=\"https:\/\/pcbigouden.fr\/wp-content\/uploads\/2026\/05\/Jeunes-accidents-du-travail.webp\" \/>\n\t<meta property=\"og:image:width\" content=\"800\" \/>\n\t<meta property=\"og:image:height\" content=\"533\" \/>\n\t<meta property=\"og:image:type\" content=\"image\/webp\" \/>\n<meta name=\"author\" content=\"philarmor\" \/>\n<meta name=\"twitter:card\" content=\"summary_large_image\" \/>\n<meta name=\"twitter:label1\" content=\"\u00c9crit par\" \/>\n\t<meta name=\"twitter:data1\" content=\"philarmor\" \/>\n\t<meta name=\"twitter:label2\" content=\"Dur\u00e9e de lecture estim\u00e9e\" \/>\n\t<meta name=\"twitter:data2\" content=\"7 minutes\" \/>\n<script type=\"application\/ld+json\" class=\"yoast-schema-graph\">{\"@context\":\"https:\\\/\\\/schema.org\",\"@graph\":[{\"@type\":\"Article\",\"@id\":\"https:\\\/\\\/pcbigouden.fr\\\/?p=6244#article\",\"isPartOf\":{\"@id\":\"https:\\\/\\\/pcbigouden.fr\\\/?p=6244\"},\"author\":{\"name\":\"philarmor\",\"@id\":\"https:\\\/\\\/pcbigouden.fr\\\/#\\\/schema\\\/person\\\/db553cfd25f8e9e7ec7d3d2266b34e5e\"},\"headline\":\"Cachons ces morts que nous ne saurions voir !\",\"datePublished\":\"2026-05-01T08:02:23+00:00\",\"mainEntityOfPage\":{\"@id\":\"https:\\\/\\\/pcbigouden.fr\\\/?p=6244\"},\"wordCount\":1397,\"commentCount\":0,\"publisher\":{\"@id\":\"https:\\\/\\\/pcbigouden.fr\\\/#organization\"},\"image\":{\"@id\":\"https:\\\/\\\/pcbigouden.fr\\\/?p=6244#primaryimage\"},\"thumbnailUrl\":\"https:\\\/\\\/pcbigouden.fr\\\/wp-content\\\/uploads\\\/2026\\\/05\\\/Jeunes-accidents-du-travail-300x200.webp\",\"articleSection\":[\"Social\"],\"inLanguage\":\"fr-FR\",\"potentialAction\":[{\"@type\":\"CommentAction\",\"name\":\"Comment\",\"target\":[\"https:\\\/\\\/pcbigouden.fr\\\/?p=6244#respond\"]}]},{\"@type\":\"WebPage\",\"@id\":\"https:\\\/\\\/pcbigouden.fr\\\/?p=6244\",\"url\":\"https:\\\/\\\/pcbigouden.fr\\\/?p=6244\",\"name\":\"Cachons ces morts que nous ne saurions voir ! - PCF Pays Bigouden\",\"isPartOf\":{\"@id\":\"https:\\\/\\\/pcbigouden.fr\\\/#website\"},\"primaryImageOfPage\":{\"@id\":\"https:\\\/\\\/pcbigouden.fr\\\/?p=6244#primaryimage\"},\"image\":{\"@id\":\"https:\\\/\\\/pcbigouden.fr\\\/?p=6244#primaryimage\"},\"thumbnailUrl\":\"https:\\\/\\\/pcbigouden.fr\\\/wp-content\\\/uploads\\\/2026\\\/05\\\/Jeunes-accidents-du-travail-300x200.webp\",\"datePublished\":\"2026-05-01T08:02:23+00:00\",\"breadcrumb\":{\"@id\":\"https:\\\/\\\/pcbigouden.fr\\\/?p=6244#breadcrumb\"},\"inLanguage\":\"fr-FR\",\"potentialAction\":[{\"@type\":\"ReadAction\",\"target\":[\"https:\\\/\\\/pcbigouden.fr\\\/?p=6244\"]}]},{\"@type\":\"ImageObject\",\"inLanguage\":\"fr-FR\",\"@id\":\"https:\\\/\\\/pcbigouden.fr\\\/?p=6244#primaryimage\",\"url\":\"https:\\\/\\\/pcbigouden.fr\\\/wp-content\\\/uploads\\\/2026\\\/05\\\/Jeunes-accidents-du-travail.webp\",\"contentUrl\":\"https:\\\/\\\/pcbigouden.fr\\\/wp-content\\\/uploads\\\/2026\\\/05\\\/Jeunes-accidents-du-travail.webp\",\"width\":800,\"height\":533},{\"@type\":\"BreadcrumbList\",\"@id\":\"https:\\\/\\\/pcbigouden.fr\\\/?p=6244#breadcrumb\",\"itemListElement\":[{\"@type\":\"ListItem\",\"position\":1,\"name\":\"Accueil\",\"item\":\"https:\\\/\\\/pcbigouden.fr\\\/\"},{\"@type\":\"ListItem\",\"position\":2,\"name\":\"Cachons ces morts que nous ne saurions voir !\"}]},{\"@type\":\"WebSite\",\"@id\":\"https:\\\/\\\/pcbigouden.fr\\\/#website\",\"url\":\"https:\\\/\\\/pcbigouden.fr\\\/\",\"name\":\"PCF Pays Bigouden\",\"description\":\"Blog des communistes du Pays Bigouden\",\"publisher\":{\"@id\":\"https:\\\/\\\/pcbigouden.fr\\\/#organization\"},\"potentialAction\":[{\"@type\":\"SearchAction\",\"target\":{\"@type\":\"EntryPoint\",\"urlTemplate\":\"https:\\\/\\\/pcbigouden.fr\\\/?s={search_term_string}\"},\"query-input\":{\"@type\":\"PropertyValueSpecification\",\"valueRequired\":true,\"valueName\":\"search_term_string\"}}],\"inLanguage\":\"fr-FR\"},{\"@type\":\"Organization\",\"@id\":\"https:\\\/\\\/pcbigouden.fr\\\/#organization\",\"name\":\"Parti Communiste PCF Pays Bigouden\",\"url\":\"https:\\\/\\\/pcbigouden.fr\\\/\",\"logo\":{\"@type\":\"ImageObject\",\"inLanguage\":\"fr-FR\",\"@id\":\"https:\\\/\\\/pcbigouden.fr\\\/#\\\/schema\\\/logo\\\/image\\\/\",\"url\":\"https:\\\/\\\/pcbigouden.fr\\\/wp-content\\\/uploads\\\/2021\\\/10\\\/logoTB307x290.jpg\",\"contentUrl\":\"https:\\\/\\\/pcbigouden.fr\\\/wp-content\\\/uploads\\\/2021\\\/10\\\/logoTB307x290.jpg\",\"width\":307,\"height\":290,\"caption\":\"Parti Communiste PCF Pays Bigouden\"},\"image\":{\"@id\":\"https:\\\/\\\/pcbigouden.fr\\\/#\\\/schema\\\/logo\\\/image\\\/\"}},{\"@type\":\"Person\",\"@id\":\"https:\\\/\\\/pcbigouden.fr\\\/#\\\/schema\\\/person\\\/db553cfd25f8e9e7ec7d3d2266b34e5e\",\"name\":\"philarmor\",\"image\":{\"@type\":\"ImageObject\",\"inLanguage\":\"fr-FR\",\"@id\":\"https:\\\/\\\/secure.gravatar.com\\\/avatar\\\/d64b18fe41ef6147792f83422f86e16391f18bc76f91f5a4e59b9213ce0ab52c?s=96&d=mm&r=g\",\"url\":\"https:\\\/\\\/secure.gravatar.com\\\/avatar\\\/d64b18fe41ef6147792f83422f86e16391f18bc76f91f5a4e59b9213ce0ab52c?s=96&d=mm&r=g\",\"contentUrl\":\"https:\\\/\\\/secure.gravatar.com\\\/avatar\\\/d64b18fe41ef6147792f83422f86e16391f18bc76f91f5a4e59b9213ce0ab52c?s=96&d=mm&r=g\",\"caption\":\"philarmor\"},\"url\":\"https:\\\/\\\/pcbigouden.fr\\\/?author=8\"}]}<\/script>\n<!-- \/ Yoast SEO plugin. -->","yoast_head_json":{"title":"Cachons ces morts que nous ne saurions voir ! - PCF Pays Bigouden","robots":{"index":"index","follow":"follow","max-snippet":"max-snippet:-1","max-image-preview":"max-image-preview:large","max-video-preview":"max-video-preview:-1"},"canonical":"https:\/\/pcbigouden.fr\/?p=6244","og_locale":"fr_FR","og_type":"article","og_title":"Cachons ces morts que nous ne saurions voir ! - PCF Pays Bigouden","og_description":"L\u2019avenir pour nos jeunes\u00a0: travailler plus, gagner moins avec plus d\u2019ins\u00e9curit\u00e9\u00a0 En 2023, 33 jeunes de moins de 25\u00a0ans sont d\u00e9c\u00e9d\u00e9s sur leur lieu de travail, selon les donn\u00e9es du minist\u00e8re du Travail. En 20\u00a0ans, plus de 21\u00a0000 salari\u00e9s sont morts au travail, et 13,5\u00a0millions d\u2019autres ont \u00e9t\u00e9 bless\u00e9s\u00a0selon les donn\u00e9es compil\u00e9es par\u00a0l\u2019Humanit\u00e9. Les fichiers &hellip; Continue reading Cachons ces morts que nous ne saurions voir !","og_url":"https:\/\/pcbigouden.fr\/?p=6244","og_site_name":"PCF Pays Bigouden","article_published_time":"2026-05-01T08:02:23+00:00","og_image":[{"width":800,"height":533,"url":"https:\/\/pcbigouden.fr\/wp-content\/uploads\/2026\/05\/Jeunes-accidents-du-travail.webp","type":"image\/webp"}],"author":"philarmor","twitter_card":"summary_large_image","twitter_misc":{"\u00c9crit par":"philarmor","Dur\u00e9e de lecture estim\u00e9e":"7 minutes"},"schema":{"@context":"https:\/\/schema.org","@graph":[{"@type":"Article","@id":"https:\/\/pcbigouden.fr\/?p=6244#article","isPartOf":{"@id":"https:\/\/pcbigouden.fr\/?p=6244"},"author":{"name":"philarmor","@id":"https:\/\/pcbigouden.fr\/#\/schema\/person\/db553cfd25f8e9e7ec7d3d2266b34e5e"},"headline":"Cachons ces morts que nous ne saurions voir !","datePublished":"2026-05-01T08:02:23+00:00","mainEntityOfPage":{"@id":"https:\/\/pcbigouden.fr\/?p=6244"},"wordCount":1397,"commentCount":0,"publisher":{"@id":"https:\/\/pcbigouden.fr\/#organization"},"image":{"@id":"https:\/\/pcbigouden.fr\/?p=6244#primaryimage"},"thumbnailUrl":"https:\/\/pcbigouden.fr\/wp-content\/uploads\/2026\/05\/Jeunes-accidents-du-travail-300x200.webp","articleSection":["Social"],"inLanguage":"fr-FR","potentialAction":[{"@type":"CommentAction","name":"Comment","target":["https:\/\/pcbigouden.fr\/?p=6244#respond"]}]},{"@type":"WebPage","@id":"https:\/\/pcbigouden.fr\/?p=6244","url":"https:\/\/pcbigouden.fr\/?p=6244","name":"Cachons ces morts que nous ne saurions voir ! - PCF Pays Bigouden","isPartOf":{"@id":"https:\/\/pcbigouden.fr\/#website"},"primaryImageOfPage":{"@id":"https:\/\/pcbigouden.fr\/?p=6244#primaryimage"},"image":{"@id":"https:\/\/pcbigouden.fr\/?p=6244#primaryimage"},"thumbnailUrl":"https:\/\/pcbigouden.fr\/wp-content\/uploads\/2026\/05\/Jeunes-accidents-du-travail-300x200.webp","datePublished":"2026-05-01T08:02:23+00:00","breadcrumb":{"@id":"https:\/\/pcbigouden.fr\/?p=6244#breadcrumb"},"inLanguage":"fr-FR","potentialAction":[{"@type":"ReadAction","target":["https:\/\/pcbigouden.fr\/?p=6244"]}]},{"@type":"ImageObject","inLanguage":"fr-FR","@id":"https:\/\/pcbigouden.fr\/?p=6244#primaryimage","url":"https:\/\/pcbigouden.fr\/wp-content\/uploads\/2026\/05\/Jeunes-accidents-du-travail.webp","contentUrl":"https:\/\/pcbigouden.fr\/wp-content\/uploads\/2026\/05\/Jeunes-accidents-du-travail.webp","width":800,"height":533},{"@type":"BreadcrumbList","@id":"https:\/\/pcbigouden.fr\/?p=6244#breadcrumb","itemListElement":[{"@type":"ListItem","position":1,"name":"Accueil","item":"https:\/\/pcbigouden.fr\/"},{"@type":"ListItem","position":2,"name":"Cachons ces morts que nous ne saurions voir !"}]},{"@type":"WebSite","@id":"https:\/\/pcbigouden.fr\/#website","url":"https:\/\/pcbigouden.fr\/","name":"PCF Pays Bigouden","description":"Blog des communistes du Pays Bigouden","publisher":{"@id":"https:\/\/pcbigouden.fr\/#organization"},"potentialAction":[{"@type":"SearchAction","target":{"@type":"EntryPoint","urlTemplate":"https:\/\/pcbigouden.fr\/?s={search_term_string}"},"query-input":{"@type":"PropertyValueSpecification","valueRequired":true,"valueName":"search_term_string"}}],"inLanguage":"fr-FR"},{"@type":"Organization","@id":"https:\/\/pcbigouden.fr\/#organization","name":"Parti Communiste PCF Pays Bigouden","url":"https:\/\/pcbigouden.fr\/","logo":{"@type":"ImageObject","inLanguage":"fr-FR","@id":"https:\/\/pcbigouden.fr\/#\/schema\/logo\/image\/","url":"https:\/\/pcbigouden.fr\/wp-content\/uploads\/2021\/10\/logoTB307x290.jpg","contentUrl":"https:\/\/pcbigouden.fr\/wp-content\/uploads\/2021\/10\/logoTB307x290.jpg","width":307,"height":290,"caption":"Parti Communiste PCF Pays Bigouden"},"image":{"@id":"https:\/\/pcbigouden.fr\/#\/schema\/logo\/image\/"}},{"@type":"Person","@id":"https:\/\/pcbigouden.fr\/#\/schema\/person\/db553cfd25f8e9e7ec7d3d2266b34e5e","name":"philarmor","image":{"@type":"ImageObject","inLanguage":"fr-FR","@id":"https:\/\/secure.gravatar.com\/avatar\/d64b18fe41ef6147792f83422f86e16391f18bc76f91f5a4e59b9213ce0ab52c?s=96&d=mm&r=g","url":"https:\/\/secure.gravatar.com\/avatar\/d64b18fe41ef6147792f83422f86e16391f18bc76f91f5a4e59b9213ce0ab52c?s=96&d=mm&r=g","contentUrl":"https:\/\/secure.gravatar.com\/avatar\/d64b18fe41ef6147792f83422f86e16391f18bc76f91f5a4e59b9213ce0ab52c?s=96&d=mm&r=g","caption":"philarmor"},"url":"https:\/\/pcbigouden.fr\/?author=8"}]}},"jetpack_featured_media_url":"","jetpack_sharing_enabled":true,"jetpack_likes_enabled":true,"_links":{"self":[{"href":"https:\/\/pcbigouden.fr\/index.php?rest_route=\/wp\/v2\/posts\/6244","targetHints":{"allow":["GET"]}}],"collection":[{"href":"https:\/\/pcbigouden.fr\/index.php?rest_route=\/wp\/v2\/posts"}],"about":[{"href":"https:\/\/pcbigouden.fr\/index.php?rest_route=\/wp\/v2\/types\/post"}],"author":[{"embeddable":true,"href":"https:\/\/pcbigouden.fr\/index.php?rest_route=\/wp\/v2\/users\/8"}],"replies":[{"embeddable":true,"href":"https:\/\/pcbigouden.fr\/index.php?rest_route=%2Fwp%2Fv2%2Fcomments&post=6244"}],"version-history":[{"count":2,"href":"https:\/\/pcbigouden.fr\/index.php?rest_route=\/wp\/v2\/posts\/6244\/revisions"}],"predecessor-version":[{"id":6248,"href":"https:\/\/pcbigouden.fr\/index.php?rest_route=\/wp\/v2\/posts\/6244\/revisions\/6248"}],"wp:attachment":[{"href":"https:\/\/pcbigouden.fr\/index.php?rest_route=%2Fwp%2Fv2%2Fmedia&parent=6244"}],"wp:term":[{"taxonomy":"category","embeddable":true,"href":"https:\/\/pcbigouden.fr\/index.php?rest_route=%2Fwp%2Fv2%2Fcategories&post=6244"},{"taxonomy":"post_tag","embeddable":true,"href":"https:\/\/pcbigouden.fr\/index.php?rest_route=%2Fwp%2Fv2%2Ftags&post=6244"}],"curies":[{"name":"wp","href":"https:\/\/api.w.org\/{rel}","templated":true}]}}