{"id":6235,"date":"2026-04-25T10:49:21","date_gmt":"2026-04-25T08:49:21","guid":{"rendered":"https:\/\/pcbigouden.fr\/?p=6235"},"modified":"2026-04-25T10:49:21","modified_gmt":"2026-04-25T08:49:21","slug":"rsa-quelle-politique-mene-le-departement-du-finistere","status":"publish","type":"post","link":"https:\/\/pcbigouden.fr\/?p=6235","title":{"rendered":"RSA, quelle politique m\u00e8ne le d\u00e9partement du Finist\u00e8re ?"},"content":{"rendered":"<p>Ces derniers jours, le Conseil\u00a0D\u00e9partemental s\u2019est offert plusieurs pleines pages de publicit\u00e9 dans Ouest France et le T\u00e9l\u00e9gramme pour justifier sa politique en mati\u00e8re de RSA.<br \/>\nCette d\u00e9marche est sans aucun doute li\u00e9e \u00e0 l\u2019action en justice engag\u00e9e par 6 plaignant-e-s et la CGT pour \u00ab harc\u00e8lement moral et institutionnel \u00bb et \u00e0 l\u2019\u00e9cho donn\u00e9 au sujet dans des m\u00e9dias nationaux, journaux et radios.<\/p>\n<p><img loading=\"lazy\" decoding=\"async\" class=\"wp-image-6236 aligncenter\" src=\"https:\/\/pcbigouden.fr\/wp-content\/uploads\/2026\/04\/RSA-300x169.webp\" alt=\"\" width=\"418\" height=\"235\" srcset=\"https:\/\/pcbigouden.fr\/wp-content\/uploads\/2026\/04\/RSA-300x169.webp 300w, https:\/\/pcbigouden.fr\/wp-content\/uploads\/2026\/04\/RSA-1024x576.webp 1024w, https:\/\/pcbigouden.fr\/wp-content\/uploads\/2026\/04\/RSA-768x432.webp 768w, https:\/\/pcbigouden.fr\/wp-content\/uploads\/2026\/04\/RSA-863x485.webp 863w, https:\/\/pcbigouden.fr\/wp-content\/uploads\/2026\/04\/RSA-192x108.webp 192w, https:\/\/pcbigouden.fr\/wp-content\/uploads\/2026\/04\/RSA.webp 1200w\" sizes=\"auto, (max-width: 418px) 100vw, 418px\" \/><\/p>\n<p><strong>\u00a0<\/strong><strong>D\u2019o\u00f9 vient le \u00ab probl\u00e8me \u00bb ?<\/strong><br \/>\nLe D\u00e9partement affiche simultan\u00e9ment une forte ambition pour favoriser le retour \u00e0 l\u2019emploi des allocataires\u00a0du RSA et sa d\u00e9termination \u00e0 faire respecter les r\u00e8gles (sous-entendu d\u00e9busquer la \u00ab\u00a0fraude sociale\u00a0\u00bb).<br \/>\nIntention l\u00e9gitime pour ne pas dire louable : l\u2019aide au retour \u00e0 l\u2019emploi de nos concitoyen.n.e.s en grande difficult\u00e9 ou pr\u00e9caris\u00e9.e.s est un engagement, un objectif conforme \u00e0 ce que l\u2019on peut attendre d\u2019une politique de coh\u00e9sion sociale et de solidarit\u00e9 nationale digne de ce nom. Et l\u2019on peut souhaiter \u00e0 bon droit que nos \u00e9lus y consacrent une part importante de leur \u00e9nergie et de leur temps. Qui pourrait par ailleurs contester la d\u00e9fense du respect des r\u00e8gles, d\u00e9fendre la fraude, accepter que l\u2019argent public, (l\u2019argent de nos imp\u00f4ts) soit \u00ab\u00a0d\u00e9tourn\u00e9\u00a0\u00bb, son utilisation\u00a0d\u00e9voy\u00e9e ?<\/p>\n<p><strong>855 personnes priv\u00e9es du filet de s\u00e9curit\u00e9 \u00e9l\u00e9mentaire que constitue le RSA. Que deviennent elles ?<\/strong><strong><br \/>\n<\/strong>Mais au-del\u00e0 des d\u00e9clarations, l\u2019examen des donn\u00e9es fournies (par le D\u00e9partement lui-m\u00eame) les retours sur sa \u00ab\u00a0campagne\u00a0\u00bb interpellent.<br \/>\n18 000 de nos concitoyen.n.e.s \u00e9taient allocataires au d\u00e9but de celle-ci. 13 500 le demeurent aujourd\u2019hui. 4500 personnes sont donc sorties du dispositif. Le d\u00e9partement affiche un pourcentage de sorties li\u00e9e \u00e0 des contr\u00f4les et sanctions \u00e9quivalant \u00e0 19% des effectifs, soit 855 personnes.<br \/>\n855 personnes priv\u00e9es du filet de s\u00e9curit\u00e9 \u00e9l\u00e9mentaire que constitue le RSA, c\u2019est d\u00e9j\u00e0 un probl\u00e8me. Que deviennent elles ?<br \/>\nAu-del\u00e0 de cette question de fond, les retours concernant le processus d\u2019investigation aupr\u00e8s des allocataires s\u00e8me le trouble car il semble plus s\u2019apparenter \u00e0 une traque, au vu des mani\u00e8res employ\u00e9es (nous renvoyons- entre autres aux articles de Lib\u00e9ration, de l\u2019Humanit\u00e9, de M\u00e9diapart, \u00e0 l\u00a0\u2018\u00e9mission de France Culture qui ont pr\u00e9cis\u00e9ment document\u00e9 le sujet).<br \/>\nEt c\u2019est bien cela qui donne lieu au recours en justice engag\u00e9 par des allocataires soutenus par la CGT. Collecte intrusive de donn\u00e9es personnelles, traitement humiliant, cynisme et inhumanit\u00e9 bureaucratique semblent bien avoir \u00e9t\u00e9 le lot courant des personnes qui ont t\u00e9moign\u00e9.<\/p>\n<p><strong>D\u00e9testation de classe pour celles et ceux qui sont \u00e0 priori consid\u00e9r\u00e9s comme des assist\u00e9s, des parasites, des tricheurs<\/strong><br \/>\nAlors au-del\u00e0 des d\u00e9clarations vertueuses sur le retour \u00e0 l\u2019emploi et le respect des r\u00e8gles se pose la question du positionnement politique du D\u00e9partement, de ses conceptions \u00e0 l\u2019\u00e9gard des allocataires qui semblent \u00e0 priori consid\u00e9r\u00e9s comme des profiteurs, des tricheurs.<br \/>\nLe D\u00e9partement pr\u00e9cise dans son placard publicitaire que son \u00ab plan RSA n\u2019est pas fond\u00e9 sur l\u2019id\u00e9ologie mais sur la volont\u00e9 de rendre le service public plus efficace au b\u00e9n\u00e9fice des plus vuln\u00e9rables \u00bb.<br \/>\nPourtant les mani\u00e8res de faire, l\u2019acharnement, le m\u00e9pris humain, la brutalit\u00e9 sociale, r\u00e9sonnent \u00e9trangement avec la petite musique que nous joue \u00ab\u00a0l\u2019arc r\u00e9publicain\u00a0\u00bb de droite et d\u2019extr\u00eame droite sur l\u2019assistanat, la fraude sociale.<br \/>\nLa D\u00e9fenseuse des Droits ne s\u2019y est pas tromp\u00e9 lorsqu\u2019elle a appel\u00e9 dans son dernier rapport \u00ab\u00a0au respect des droits fondamentaux des b\u00e9n\u00e9ficiaires de prestations\u00a0\u00bb.<br \/>\nD\u00e9testation de classe pour celles et ceux qui sont \u00e0 priori consid\u00e9r\u00e9s comme des assist\u00e9s, des parasites, des tricheurs.<br \/>\nD\u00e9testation de l\u2019assistanat et de la fraude bien s\u00e9lective, car on peut regretter de ne pas constater la m\u00eame ardeur dans les instances \u00ab\u00a0relais\u00a0\u00bb de nos \u00e9lus de droite, au s\u00e9nat par exemple, \u00e0 poursuivre la fraude fiscale pourtant particuli\u00e8rement pr\u00e9judiciable aux finances publiques, aux contribuables qui paient leurs imp\u00f4ts, au bien commun, \u00e0 la coh\u00e9sion nationale, au patriotisme social\u2026<\/p>\n<p><strong>Violence faite aux \u00ab\u00a0pauvres\u00a0\u00bb<\/strong><\/p>\n<p><strong>Incroyable mansu\u00e9tude pour les \u00ab\u00a0riches\u00a0\u00bb. <\/strong><\/p>\n<p><strong>Cette violence, les placards publicitaires du d\u00e9partement du Finist\u00e8re, ne l\u2019effaceront pas.<\/strong><\/p>\n","protected":false},"excerpt":{"rendered":"<p>Ces derniers jours, le Conseil\u00a0D\u00e9partemental s\u2019est offert plusieurs pleines pages de publicit\u00e9 dans Ouest France et le T\u00e9l\u00e9gramme pour justifier sa politique en mati\u00e8re de RSA. Cette d\u00e9marche est sans aucun doute li\u00e9e \u00e0 l\u2019action en justice engag\u00e9e par 6 plaignant-e-s et la CGT pour \u00ab harc\u00e8lement moral et institutionnel \u00bb et \u00e0 l\u2019\u00e9cho donn\u00e9 &hellip; <a href=\"https:\/\/pcbigouden.fr\/?p=6235\" class=\"more-link\">Continue reading <span class=\"screen-reader-text\">RSA, quelle politique m\u00e8ne le d\u00e9partement du Finist\u00e8re ?<\/span><\/a><\/p>\n","protected":false},"author":8,"featured_media":0,"comment_status":"open","ping_status":"closed","sticky":false,"template":"","format":"standard","meta":{"_jetpack_memberships_contains_paid_content":false,"footnotes":""},"categories":[13],"tags":[],"class_list":["post-6235","post","type-post","status-publish","format-standard","hentry","category-social"],"yoast_head":"<!-- This site is optimized with the Yoast SEO plugin v27.5 - https:\/\/yoast.com\/product\/yoast-seo-wordpress\/ -->\n<title>RSA, quelle politique m\u00e8ne le d\u00e9partement du Finist\u00e8re ? - PCF Pays Bigouden<\/title>\n<meta name=\"robots\" content=\"index, follow, max-snippet:-1, max-image-preview:large, max-video-preview:-1\" \/>\n<link rel=\"canonical\" href=\"https:\/\/pcbigouden.fr\/?p=6235\" \/>\n<meta property=\"og:locale\" content=\"fr_FR\" \/>\n<meta property=\"og:type\" content=\"article\" \/>\n<meta property=\"og:title\" content=\"RSA, quelle politique m\u00e8ne le d\u00e9partement du Finist\u00e8re ? - PCF Pays Bigouden\" \/>\n<meta property=\"og:description\" content=\"Ces derniers jours, le Conseil\u00a0D\u00e9partemental s\u2019est offert plusieurs pleines pages de publicit\u00e9 dans Ouest France et le T\u00e9l\u00e9gramme pour justifier sa politique en mati\u00e8re de RSA. Cette d\u00e9marche est sans aucun doute li\u00e9e \u00e0 l\u2019action en justice engag\u00e9e par 6 plaignant-e-s et la CGT pour \u00ab harc\u00e8lement moral et institutionnel \u00bb et \u00e0 l\u2019\u00e9cho donn\u00e9 &hellip; Continue reading RSA, quelle politique m\u00e8ne le d\u00e9partement du Finist\u00e8re ?\" \/>\n<meta property=\"og:url\" content=\"https:\/\/pcbigouden.fr\/?p=6235\" \/>\n<meta property=\"og:site_name\" content=\"PCF Pays Bigouden\" \/>\n<meta property=\"article:published_time\" content=\"2026-04-25T08:49:21+00:00\" \/>\n<meta property=\"og:image\" content=\"https:\/\/pcbigouden.fr\/wp-content\/uploads\/2026\/04\/RSA.webp\" \/>\n\t<meta property=\"og:image:width\" content=\"1200\" \/>\n\t<meta property=\"og:image:height\" content=\"675\" \/>\n\t<meta property=\"og:image:type\" content=\"image\/webp\" \/>\n<meta name=\"author\" content=\"philarmor\" \/>\n<meta name=\"twitter:card\" content=\"summary_large_image\" \/>\n<meta name=\"twitter:label1\" content=\"\u00c9crit par\" \/>\n\t<meta name=\"twitter:data1\" content=\"philarmor\" \/>\n\t<meta name=\"twitter:label2\" content=\"Dur\u00e9e de lecture estim\u00e9e\" \/>\n\t<meta name=\"twitter:data2\" content=\"4 minutes\" \/>\n<script type=\"application\/ld+json\" class=\"yoast-schema-graph\">{\"@context\":\"https:\\\/\\\/schema.org\",\"@graph\":[{\"@type\":\"Article\",\"@id\":\"https:\\\/\\\/pcbigouden.fr\\\/?p=6235#article\",\"isPartOf\":{\"@id\":\"https:\\\/\\\/pcbigouden.fr\\\/?p=6235\"},\"author\":{\"name\":\"philarmor\",\"@id\":\"https:\\\/\\\/pcbigouden.fr\\\/#\\\/schema\\\/person\\\/db553cfd25f8e9e7ec7d3d2266b34e5e\"},\"headline\":\"RSA, quelle politique m\u00e8ne le d\u00e9partement du Finist\u00e8re ?\",\"datePublished\":\"2026-04-25T08:49:21+00:00\",\"mainEntityOfPage\":{\"@id\":\"https:\\\/\\\/pcbigouden.fr\\\/?p=6235\"},\"wordCount\":745,\"commentCount\":0,\"publisher\":{\"@id\":\"https:\\\/\\\/pcbigouden.fr\\\/#organization\"},\"image\":{\"@id\":\"https:\\\/\\\/pcbigouden.fr\\\/?p=6235#primaryimage\"},\"thumbnailUrl\":\"https:\\\/\\\/pcbigouden.fr\\\/wp-content\\\/uploads\\\/2026\\\/04\\\/RSA-300x169.webp\",\"articleSection\":[\"Social\"],\"inLanguage\":\"fr-FR\",\"potentialAction\":[{\"@type\":\"CommentAction\",\"name\":\"Comment\",\"target\":[\"https:\\\/\\\/pcbigouden.fr\\\/?p=6235#respond\"]}]},{\"@type\":\"WebPage\",\"@id\":\"https:\\\/\\\/pcbigouden.fr\\\/?p=6235\",\"url\":\"https:\\\/\\\/pcbigouden.fr\\\/?p=6235\",\"name\":\"RSA, quelle politique m\u00e8ne le d\u00e9partement du Finist\u00e8re ? - PCF Pays Bigouden\",\"isPartOf\":{\"@id\":\"https:\\\/\\\/pcbigouden.fr\\\/#website\"},\"primaryImageOfPage\":{\"@id\":\"https:\\\/\\\/pcbigouden.fr\\\/?p=6235#primaryimage\"},\"image\":{\"@id\":\"https:\\\/\\\/pcbigouden.fr\\\/?p=6235#primaryimage\"},\"thumbnailUrl\":\"https:\\\/\\\/pcbigouden.fr\\\/wp-content\\\/uploads\\\/2026\\\/04\\\/RSA-300x169.webp\",\"datePublished\":\"2026-04-25T08:49:21+00:00\",\"breadcrumb\":{\"@id\":\"https:\\\/\\\/pcbigouden.fr\\\/?p=6235#breadcrumb\"},\"inLanguage\":\"fr-FR\",\"potentialAction\":[{\"@type\":\"ReadAction\",\"target\":[\"https:\\\/\\\/pcbigouden.fr\\\/?p=6235\"]}]},{\"@type\":\"ImageObject\",\"inLanguage\":\"fr-FR\",\"@id\":\"https:\\\/\\\/pcbigouden.fr\\\/?p=6235#primaryimage\",\"url\":\"https:\\\/\\\/pcbigouden.fr\\\/wp-content\\\/uploads\\\/2026\\\/04\\\/RSA.webp\",\"contentUrl\":\"https:\\\/\\\/pcbigouden.fr\\\/wp-content\\\/uploads\\\/2026\\\/04\\\/RSA.webp\",\"width\":1200,\"height\":675},{\"@type\":\"BreadcrumbList\",\"@id\":\"https:\\\/\\\/pcbigouden.fr\\\/?p=6235#breadcrumb\",\"itemListElement\":[{\"@type\":\"ListItem\",\"position\":1,\"name\":\"Accueil\",\"item\":\"https:\\\/\\\/pcbigouden.fr\\\/\"},{\"@type\":\"ListItem\",\"position\":2,\"name\":\"RSA, quelle politique m\u00e8ne le d\u00e9partement du Finist\u00e8re ?\"}]},{\"@type\":\"WebSite\",\"@id\":\"https:\\\/\\\/pcbigouden.fr\\\/#website\",\"url\":\"https:\\\/\\\/pcbigouden.fr\\\/\",\"name\":\"PCF Pays Bigouden\",\"description\":\"Blog des communistes du Pays Bigouden\",\"publisher\":{\"@id\":\"https:\\\/\\\/pcbigouden.fr\\\/#organization\"},\"potentialAction\":[{\"@type\":\"SearchAction\",\"target\":{\"@type\":\"EntryPoint\",\"urlTemplate\":\"https:\\\/\\\/pcbigouden.fr\\\/?s={search_term_string}\"},\"query-input\":{\"@type\":\"PropertyValueSpecification\",\"valueRequired\":true,\"valueName\":\"search_term_string\"}}],\"inLanguage\":\"fr-FR\"},{\"@type\":\"Organization\",\"@id\":\"https:\\\/\\\/pcbigouden.fr\\\/#organization\",\"name\":\"Parti Communiste PCF Pays Bigouden\",\"url\":\"https:\\\/\\\/pcbigouden.fr\\\/\",\"logo\":{\"@type\":\"ImageObject\",\"inLanguage\":\"fr-FR\",\"@id\":\"https:\\\/\\\/pcbigouden.fr\\\/#\\\/schema\\\/logo\\\/image\\\/\",\"url\":\"https:\\\/\\\/pcbigouden.fr\\\/wp-content\\\/uploads\\\/2021\\\/10\\\/logoTB307x290.jpg\",\"contentUrl\":\"https:\\\/\\\/pcbigouden.fr\\\/wp-content\\\/uploads\\\/2021\\\/10\\\/logoTB307x290.jpg\",\"width\":307,\"height\":290,\"caption\":\"Parti Communiste PCF Pays Bigouden\"},\"image\":{\"@id\":\"https:\\\/\\\/pcbigouden.fr\\\/#\\\/schema\\\/logo\\\/image\\\/\"}},{\"@type\":\"Person\",\"@id\":\"https:\\\/\\\/pcbigouden.fr\\\/#\\\/schema\\\/person\\\/db553cfd25f8e9e7ec7d3d2266b34e5e\",\"name\":\"philarmor\",\"image\":{\"@type\":\"ImageObject\",\"inLanguage\":\"fr-FR\",\"@id\":\"https:\\\/\\\/secure.gravatar.com\\\/avatar\\\/d64b18fe41ef6147792f83422f86e16391f18bc76f91f5a4e59b9213ce0ab52c?s=96&d=mm&r=g\",\"url\":\"https:\\\/\\\/secure.gravatar.com\\\/avatar\\\/d64b18fe41ef6147792f83422f86e16391f18bc76f91f5a4e59b9213ce0ab52c?s=96&d=mm&r=g\",\"contentUrl\":\"https:\\\/\\\/secure.gravatar.com\\\/avatar\\\/d64b18fe41ef6147792f83422f86e16391f18bc76f91f5a4e59b9213ce0ab52c?s=96&d=mm&r=g\",\"caption\":\"philarmor\"},\"url\":\"https:\\\/\\\/pcbigouden.fr\\\/?author=8\"}]}<\/script>\n<!-- \/ Yoast SEO plugin. -->","yoast_head_json":{"title":"RSA, quelle politique m\u00e8ne le d\u00e9partement du Finist\u00e8re ? - PCF Pays Bigouden","robots":{"index":"index","follow":"follow","max-snippet":"max-snippet:-1","max-image-preview":"max-image-preview:large","max-video-preview":"max-video-preview:-1"},"canonical":"https:\/\/pcbigouden.fr\/?p=6235","og_locale":"fr_FR","og_type":"article","og_title":"RSA, quelle politique m\u00e8ne le d\u00e9partement du Finist\u00e8re ? - PCF Pays Bigouden","og_description":"Ces derniers jours, le Conseil\u00a0D\u00e9partemental s\u2019est offert plusieurs pleines pages de publicit\u00e9 dans Ouest France et le T\u00e9l\u00e9gramme pour justifier sa politique en mati\u00e8re de RSA. Cette d\u00e9marche est sans aucun doute li\u00e9e \u00e0 l\u2019action en justice engag\u00e9e par 6 plaignant-e-s et la CGT pour \u00ab harc\u00e8lement moral et institutionnel \u00bb et \u00e0 l\u2019\u00e9cho donn\u00e9 &hellip; Continue reading RSA, quelle politique m\u00e8ne le d\u00e9partement du Finist\u00e8re ?","og_url":"https:\/\/pcbigouden.fr\/?p=6235","og_site_name":"PCF Pays Bigouden","article_published_time":"2026-04-25T08:49:21+00:00","og_image":[{"width":1200,"height":675,"url":"https:\/\/pcbigouden.fr\/wp-content\/uploads\/2026\/04\/RSA.webp","type":"image\/webp"}],"author":"philarmor","twitter_card":"summary_large_image","twitter_misc":{"\u00c9crit par":"philarmor","Dur\u00e9e de lecture estim\u00e9e":"4 minutes"},"schema":{"@context":"https:\/\/schema.org","@graph":[{"@type":"Article","@id":"https:\/\/pcbigouden.fr\/?p=6235#article","isPartOf":{"@id":"https:\/\/pcbigouden.fr\/?p=6235"},"author":{"name":"philarmor","@id":"https:\/\/pcbigouden.fr\/#\/schema\/person\/db553cfd25f8e9e7ec7d3d2266b34e5e"},"headline":"RSA, quelle politique m\u00e8ne le d\u00e9partement du Finist\u00e8re ?","datePublished":"2026-04-25T08:49:21+00:00","mainEntityOfPage":{"@id":"https:\/\/pcbigouden.fr\/?p=6235"},"wordCount":745,"commentCount":0,"publisher":{"@id":"https:\/\/pcbigouden.fr\/#organization"},"image":{"@id":"https:\/\/pcbigouden.fr\/?p=6235#primaryimage"},"thumbnailUrl":"https:\/\/pcbigouden.fr\/wp-content\/uploads\/2026\/04\/RSA-300x169.webp","articleSection":["Social"],"inLanguage":"fr-FR","potentialAction":[{"@type":"CommentAction","name":"Comment","target":["https:\/\/pcbigouden.fr\/?p=6235#respond"]}]},{"@type":"WebPage","@id":"https:\/\/pcbigouden.fr\/?p=6235","url":"https:\/\/pcbigouden.fr\/?p=6235","name":"RSA, quelle politique m\u00e8ne le d\u00e9partement du Finist\u00e8re ? - PCF Pays Bigouden","isPartOf":{"@id":"https:\/\/pcbigouden.fr\/#website"},"primaryImageOfPage":{"@id":"https:\/\/pcbigouden.fr\/?p=6235#primaryimage"},"image":{"@id":"https:\/\/pcbigouden.fr\/?p=6235#primaryimage"},"thumbnailUrl":"https:\/\/pcbigouden.fr\/wp-content\/uploads\/2026\/04\/RSA-300x169.webp","datePublished":"2026-04-25T08:49:21+00:00","breadcrumb":{"@id":"https:\/\/pcbigouden.fr\/?p=6235#breadcrumb"},"inLanguage":"fr-FR","potentialAction":[{"@type":"ReadAction","target":["https:\/\/pcbigouden.fr\/?p=6235"]}]},{"@type":"ImageObject","inLanguage":"fr-FR","@id":"https:\/\/pcbigouden.fr\/?p=6235#primaryimage","url":"https:\/\/pcbigouden.fr\/wp-content\/uploads\/2026\/04\/RSA.webp","contentUrl":"https:\/\/pcbigouden.fr\/wp-content\/uploads\/2026\/04\/RSA.webp","width":1200,"height":675},{"@type":"BreadcrumbList","@id":"https:\/\/pcbigouden.fr\/?p=6235#breadcrumb","itemListElement":[{"@type":"ListItem","position":1,"name":"Accueil","item":"https:\/\/pcbigouden.fr\/"},{"@type":"ListItem","position":2,"name":"RSA, quelle politique m\u00e8ne le d\u00e9partement du Finist\u00e8re ?"}]},{"@type":"WebSite","@id":"https:\/\/pcbigouden.fr\/#website","url":"https:\/\/pcbigouden.fr\/","name":"PCF Pays Bigouden","description":"Blog des communistes du Pays Bigouden","publisher":{"@id":"https:\/\/pcbigouden.fr\/#organization"},"potentialAction":[{"@type":"SearchAction","target":{"@type":"EntryPoint","urlTemplate":"https:\/\/pcbigouden.fr\/?s={search_term_string}"},"query-input":{"@type":"PropertyValueSpecification","valueRequired":true,"valueName":"search_term_string"}}],"inLanguage":"fr-FR"},{"@type":"Organization","@id":"https:\/\/pcbigouden.fr\/#organization","name":"Parti Communiste PCF Pays Bigouden","url":"https:\/\/pcbigouden.fr\/","logo":{"@type":"ImageObject","inLanguage":"fr-FR","@id":"https:\/\/pcbigouden.fr\/#\/schema\/logo\/image\/","url":"https:\/\/pcbigouden.fr\/wp-content\/uploads\/2021\/10\/logoTB307x290.jpg","contentUrl":"https:\/\/pcbigouden.fr\/wp-content\/uploads\/2021\/10\/logoTB307x290.jpg","width":307,"height":290,"caption":"Parti Communiste PCF Pays Bigouden"},"image":{"@id":"https:\/\/pcbigouden.fr\/#\/schema\/logo\/image\/"}},{"@type":"Person","@id":"https:\/\/pcbigouden.fr\/#\/schema\/person\/db553cfd25f8e9e7ec7d3d2266b34e5e","name":"philarmor","image":{"@type":"ImageObject","inLanguage":"fr-FR","@id":"https:\/\/secure.gravatar.com\/avatar\/d64b18fe41ef6147792f83422f86e16391f18bc76f91f5a4e59b9213ce0ab52c?s=96&d=mm&r=g","url":"https:\/\/secure.gravatar.com\/avatar\/d64b18fe41ef6147792f83422f86e16391f18bc76f91f5a4e59b9213ce0ab52c?s=96&d=mm&r=g","contentUrl":"https:\/\/secure.gravatar.com\/avatar\/d64b18fe41ef6147792f83422f86e16391f18bc76f91f5a4e59b9213ce0ab52c?s=96&d=mm&r=g","caption":"philarmor"},"url":"https:\/\/pcbigouden.fr\/?author=8"}]}},"jetpack_featured_media_url":"","jetpack_sharing_enabled":true,"jetpack_likes_enabled":true,"_links":{"self":[{"href":"https:\/\/pcbigouden.fr\/index.php?rest_route=\/wp\/v2\/posts\/6235","targetHints":{"allow":["GET"]}}],"collection":[{"href":"https:\/\/pcbigouden.fr\/index.php?rest_route=\/wp\/v2\/posts"}],"about":[{"href":"https:\/\/pcbigouden.fr\/index.php?rest_route=\/wp\/v2\/types\/post"}],"author":[{"embeddable":true,"href":"https:\/\/pcbigouden.fr\/index.php?rest_route=\/wp\/v2\/users\/8"}],"replies":[{"embeddable":true,"href":"https:\/\/pcbigouden.fr\/index.php?rest_route=%2Fwp%2Fv2%2Fcomments&post=6235"}],"version-history":[{"count":2,"href":"https:\/\/pcbigouden.fr\/index.php?rest_route=\/wp\/v2\/posts\/6235\/revisions"}],"predecessor-version":[{"id":6238,"href":"https:\/\/pcbigouden.fr\/index.php?rest_route=\/wp\/v2\/posts\/6235\/revisions\/6238"}],"wp:attachment":[{"href":"https:\/\/pcbigouden.fr\/index.php?rest_route=%2Fwp%2Fv2%2Fmedia&parent=6235"}],"wp:term":[{"taxonomy":"category","embeddable":true,"href":"https:\/\/pcbigouden.fr\/index.php?rest_route=%2Fwp%2Fv2%2Fcategories&post=6235"},{"taxonomy":"post_tag","embeddable":true,"href":"https:\/\/pcbigouden.fr\/index.php?rest_route=%2Fwp%2Fv2%2Ftags&post=6235"}],"curies":[{"name":"wp","href":"https:\/\/api.w.org\/{rel}","templated":true}]}}