{"id":623,"date":"2019-06-10T10:12:02","date_gmt":"2019-06-10T08:12:02","guid":{"rendered":"https:\/\/pcbigouden.fr\/?p=623"},"modified":"2021-10-28T08:47:44","modified_gmt":"2021-10-28T06:47:44","slug":"electricite-le-cout-de-leurope-liberale","status":"publish","type":"post","link":"https:\/\/pcbigouden.fr\/?p=623","title":{"rendered":"Electricit\u00e9 : le co\u00fbt de l&rsquo;Europe lib\u00e9rale"},"content":{"rendered":"<header><\/header>\n<div class=\"body\">\n<div class=\"ob-sections\">\n<div class=\"ob-section ob-section-images ob-default\">\n<div class=\"ob-row-1-col\"><a class=\"ob-link-img\" href=\"https:\/\/img.over-blog-kiwi.com\/0\/55\/61\/36\/20190610\/ob_431559_10-06-2019-05-54-46.jpg\" rel=\"fancybox\"><img decoding=\"async\" class=\"ob-cell ob-img ob-media aligncenter\" src=\"https:\/\/img.over-blog-kiwi.com\/0\/55\/61\/36\/20190610\/ob_431559_10-06-2019-05-54-46.jpg\" alt=\"Electricit\u00e9 : le co\u00fbt de l'Europe lib\u00e9rale\" \/><\/a><\/div>\n<\/div>\n<div class=\"ob-section ob-section-html\">\n<p><strong>Depuis le 1er juin dernier, le tarif de l&rsquo;\u00e9lectricit\u00e9<\/strong> pour les particuliers que nous sommes \u2013 le \u00ab\u00a0<b><i>tarif bleu<\/i><\/b>\u00a0\u00bb d&rsquo;EDF \u2013 a, comme on sait, augment\u00e9 de 5,9%, sur d\u00e9cision du gouvernement. Plus de 25 millions de foyers verront donc leur pouvoir d&rsquo;achat rogn\u00e9 d&rsquo;autant. C&rsquo;est l&rsquo;occasion de revenir sur l&rsquo;une des dispositions les plus cyniques et scandaleuses des trait\u00e9s europ\u00e9ens, notamment depuis l&rsquo;Acte unique europ\u00e9en (1986) et Maastricht (1992) : l&rsquo;obligation d&rsquo;ouvrir \u00e0 la concurrence tous les \u00ab\u00a0<b><i>monopoles publics<\/i><\/b>\u00a0\u00bb (comprenez : les entreprises publiques de service public : ferroviaire, postal, de l&rsquo;\u00e9nergie, etc..). La France s&rsquo;\u00e9tait d&rsquo;autant plus ex\u00e9cut\u00e9e qu&rsquo;elle \u00e9tait co-r\u00e9dactrice de ces trait\u00e9s. Restait le probl\u00e8me \u00e9pineux des centrales nucl\u00e9aires : difficile de c\u00e9der au priv\u00e9 une partie d&rsquo;un secteur aussi strat\u00e9gique et aussi sensible ! Or, celui-ci fit des jaloux parmi les concurrents d&rsquo;EDF car, les centrales \u00e9tant amorties, les co\u00fbts de production y \u00e9taient particuli\u00e8rement comp\u00e9titifs, notamment \u00e0 partir de 2005. Le principe sacro-saint de l&rsquo;Europe lib\u00e9rale \u2013 \u00ab\u00a0<b><i>la concurrence libre et non fauss\u00e9e<\/i><\/b>\u00a0\u00bb- supposait donc que soit assur\u00e9 urgemment l&rsquo;acc\u00e8s des concurrents d&rsquo;EDF \u00e0 l&rsquo;\u00e9lectricit\u00e9 bon march\u00e9 de l&rsquo;op\u00e9rateur historique.<\/p>\n<p>Sous leur pression, la Commission europ\u00e9enne finit par poursuivre la France en 2008 pour transposition insuffisante des directives concern\u00e9es. C&rsquo;est ainsi que, pour se mettre en r\u00e8gle, les autorit\u00e9s fran\u00e7aises adopt\u00e8rent en 2010 la loi NOME (Nouvelle organisation des march\u00e9s de l&rsquo;\u00e9nergie). Celle-ci oblige EDF \u00e0 vendre le quart de sa production \u00e0 ses concurrents \u00e0 un prix fix\u00e9 \u00e0 l&rsquo;avance et calcul\u00e9 pour \u00eatre, sauf accident, sensiblement inf\u00e9rieur aux tarifs du march\u00e9, ce qui permet \u00e0 des firmes comme Direct-Energie ou Total&#8230; de prendre plus facilement des clients \u00e0 EDF tout en augmentant, eux aussi, leurs tarifs ! On marche sur la t\u00eate.<\/p>\n<p>Les partisans de cette logique justifiaient cette mesure par le souci de satisfaire les services \u00ab\u00a0<i>\u00e0 moindre co\u00fbt<\/i>\u00a0\u00bb en \u00e9vitant les \u00ab\u00a0<i>abus de position dominante<\/i>\u00a0\u00bb des fameux \u00ab\u00a0<i>monopoles publics<\/i>\u00a0\u00bb&#8230; On attend toujours leur commentaire sur la nouvelle augmentation que la \u00ab libre concurrence \u00bb (&#8230;fauss\u00e9e) vient de provoquer. Muets sur ce point, ils sont, en revanche, prolixes quand il s&rsquo;agit de demander la prolongation au-del\u00e0 de 2025 (date-butoir inscrite dans la loi de 2010) du m\u00e9canisme dit de \u00ab\u00a0<i>l&rsquo;Acc\u00e8s R\u00e9gul\u00e9 \u00e0 l&rsquo;Electricit\u00e9 Nucl\u00e9aire Historique<\/i>\u00a0\u00bb, et m\u00eame de plaider en faveur de l&rsquo;augmentation de la part de la production d&rsquo;\u00e9lectricit\u00e9 d&rsquo;EDF (au-del\u00e0 des 25% pr\u00e9vus dans la loi actuelle) mise \u00e0 la disposition de ses concurrents.<\/p>\n<p><strong>C&rsquo;est dire si le moment se pr\u00eate comme jamais \u00e0 un r\u00e9examen complet de ce syst\u00e8me pervers et contreproductif pour les usagers comme pour l&rsquo;entreprise EDF<\/strong>.<\/p>\n<p><b><i>Francis Wurtz<\/i><\/b><\/p>\n<\/div>\n<div class=\"ob-section ob-section-html\">\n<div>\n<p align=\"center\">\n<p align=\"center\"><b>Si c\u2019est lui qui le dit&#8230;<\/b><\/p>\n<p align=\"center\">\n<p align=\"center\"><b>Pour le patron d\u2019EDF, l&rsquo;\u00e9lectricit\u00e9 est trop tax\u00e9e en France<\/b><\/p>\n<p>\u00a0\u00ab\u00a0<b><i>Il faudrait peut-\u00eatre r\u00e9fl\u00e9chir \u00e0 moins taxer l&rsquo;\u00e9lectricit\u00e9 puisqu&rsquo;elle n&rsquo;\u00e9met pas de dioxyde de carbone<\/i><\/b>\u00a0\u00bb. Cette phrase de Jean-Bernard L\u00e9vy, PDG d\u2019EDF, sur <i>Europe 1<\/i>, arrive \u00e0 point nomm\u00e9.<\/p>\n<p>Le 1<sup>er<\/sup> juin,<b> <\/b>les tarifs de l\u2019\u00e9lectricit\u00e9 augmenteront de 5,9%. Ce taux a \u00e9t\u00e9 propos\u00e9 par la CRE (Commission de r\u00e9gulation de l&rsquo;\u00e9nergie) en f\u00e9vrier et a \u00e9t\u00e9 valid\u00e9 par le gouvernement. Reste d\u00e9sormais \u00e0 publier cette d\u00e9cision dans le Journal Officiel.<\/p>\n<p>S\u2019il ne conteste pas la n\u00e9cessit\u00e9 d\u2019augmenter les tarifs, le patron d\u2019EDF pointe la part des taxes sur la facture des usagers. \u00ab\u00a0<em><b>Je rappelle que quand on paye une facture d&rsquo;\u00e9lectricit\u00e9, on paye plus du tiers de taxes. C&rsquo;est comme si on avait une TVA \u00e0 55 %<\/b><b>\u00a0<\/b><\/em>\u00bb, pr\u00e9cise le PDG d&rsquo;EDF.<\/p>\n<\/div>\n<\/div>\n<\/div>\n<\/div>\n","protected":false},"excerpt":{"rendered":"<p>Depuis le 1er juin dernier, le tarif de l&rsquo;\u00e9lectricit\u00e9 pour les particuliers que nous sommes \u2013 le \u00ab\u00a0tarif bleu\u00a0\u00bb d&rsquo;EDF \u2013 a, comme on sait, augment\u00e9 de 5,9%, sur d\u00e9cision du gouvernement. Plus de 25 millions de foyers verront donc leur pouvoir d&rsquo;achat rogn\u00e9 d&rsquo;autant. C&rsquo;est l&rsquo;occasion de revenir sur l&rsquo;une des dispositions les plus &hellip; <a href=\"https:\/\/pcbigouden.fr\/?p=623\" class=\"more-link\">Continue reading <span class=\"screen-reader-text\">Electricit\u00e9 : le co\u00fbt de l&rsquo;Europe lib\u00e9rale<\/span><\/a><\/p>\n","protected":false},"author":1,"featured_media":0,"comment_status":"closed","ping_status":"closed","sticky":false,"template":"","format":"standard","meta":{"_jetpack_memberships_contains_paid_content":false,"footnotes":""},"categories":[7],"tags":[58,63,27],"class_list":["post-623","post","type-post","status-publish","format-standard","hentry","category-non-classe","tag-electricite","tag-europe","tag-liberalisme"],"yoast_head":"<!-- This site is optimized with the Yoast SEO plugin v27.5 - https:\/\/yoast.com\/product\/yoast-seo-wordpress\/ -->\n<title>Electricit\u00e9 : le co\u00fbt de l&#039;Europe lib\u00e9rale - PCF Pays Bigouden<\/title>\n<meta name=\"robots\" content=\"index, follow, max-snippet:-1, max-image-preview:large, max-video-preview:-1\" \/>\n<link rel=\"canonical\" href=\"https:\/\/pcbigouden.fr\/?p=623\" \/>\n<meta property=\"og:locale\" content=\"fr_FR\" \/>\n<meta property=\"og:type\" content=\"article\" \/>\n<meta property=\"og:title\" content=\"Electricit\u00e9 : le co\u00fbt de l&#039;Europe lib\u00e9rale - PCF Pays Bigouden\" \/>\n<meta property=\"og:description\" content=\"Depuis le 1er juin dernier, le tarif de l&rsquo;\u00e9lectricit\u00e9 pour les particuliers que nous sommes \u2013 le \u00ab\u00a0tarif bleu\u00a0\u00bb d&rsquo;EDF \u2013 a, comme on sait, augment\u00e9 de 5,9%, sur d\u00e9cision du gouvernement. Plus de 25 millions de foyers verront donc leur pouvoir d&rsquo;achat rogn\u00e9 d&rsquo;autant. C&rsquo;est l&rsquo;occasion de revenir sur l&rsquo;une des dispositions les plus &hellip; Continue reading Electricit\u00e9 : le co\u00fbt de l&rsquo;Europe lib\u00e9rale\" \/>\n<meta property=\"og:url\" content=\"https:\/\/pcbigouden.fr\/?p=623\" \/>\n<meta property=\"og:site_name\" content=\"PCF Pays Bigouden\" \/>\n<meta property=\"article:published_time\" content=\"2019-06-10T08:12:02+00:00\" \/>\n<meta property=\"article:modified_time\" content=\"2021-10-28T06:47:44+00:00\" \/>\n<meta property=\"og:image\" content=\"https:\/\/img.over-blog-kiwi.com\/0\/55\/61\/36\/20190610\/ob_431559_10-06-2019-05-54-46.jpg\" \/>\n<meta name=\"author\" content=\"pcbigouden\" \/>\n<meta name=\"twitter:card\" content=\"summary_large_image\" \/>\n<meta name=\"twitter:label1\" content=\"\u00c9crit par\" \/>\n\t<meta name=\"twitter:data1\" content=\"pcbigouden\" \/>\n\t<meta name=\"twitter:label2\" content=\"Dur\u00e9e de lecture estim\u00e9e\" \/>\n\t<meta name=\"twitter:data2\" content=\"3 minutes\" \/>\n<script type=\"application\/ld+json\" class=\"yoast-schema-graph\">{\"@context\":\"https:\\\/\\\/schema.org\",\"@graph\":[{\"@type\":\"Article\",\"@id\":\"https:\\\/\\\/pcbigouden.fr\\\/?p=623#article\",\"isPartOf\":{\"@id\":\"https:\\\/\\\/pcbigouden.fr\\\/?p=623\"},\"author\":{\"name\":\"pcbigouden\",\"@id\":\"https:\\\/\\\/pcbigouden.fr\\\/#\\\/schema\\\/person\\\/275123d02cb86b428226e5f9ece1fb45\"},\"headline\":\"Electricit\u00e9 : le co\u00fbt de l&rsquo;Europe lib\u00e9rale\",\"datePublished\":\"2019-06-10T08:12:02+00:00\",\"dateModified\":\"2021-10-28T06:47:44+00:00\",\"mainEntityOfPage\":{\"@id\":\"https:\\\/\\\/pcbigouden.fr\\\/?p=623\"},\"wordCount\":637,\"publisher\":{\"@id\":\"https:\\\/\\\/pcbigouden.fr\\\/#organization\"},\"image\":{\"@id\":\"https:\\\/\\\/pcbigouden.fr\\\/?p=623#primaryimage\"},\"thumbnailUrl\":\"https:\\\/\\\/img.over-blog-kiwi.com\\\/0\\\/55\\\/61\\\/36\\\/20190610\\\/ob_431559_10-06-2019-05-54-46.jpg\",\"keywords\":[\"\u00e9lectricit\u00e9\",\"Europe\",\"lib\u00e9ralisme\"],\"inLanguage\":\"fr-FR\"},{\"@type\":\"WebPage\",\"@id\":\"https:\\\/\\\/pcbigouden.fr\\\/?p=623\",\"url\":\"https:\\\/\\\/pcbigouden.fr\\\/?p=623\",\"name\":\"Electricit\u00e9 : le co\u00fbt de l'Europe lib\u00e9rale - PCF Pays Bigouden\",\"isPartOf\":{\"@id\":\"https:\\\/\\\/pcbigouden.fr\\\/#website\"},\"primaryImageOfPage\":{\"@id\":\"https:\\\/\\\/pcbigouden.fr\\\/?p=623#primaryimage\"},\"image\":{\"@id\":\"https:\\\/\\\/pcbigouden.fr\\\/?p=623#primaryimage\"},\"thumbnailUrl\":\"https:\\\/\\\/img.over-blog-kiwi.com\\\/0\\\/55\\\/61\\\/36\\\/20190610\\\/ob_431559_10-06-2019-05-54-46.jpg\",\"datePublished\":\"2019-06-10T08:12:02+00:00\",\"dateModified\":\"2021-10-28T06:47:44+00:00\",\"breadcrumb\":{\"@id\":\"https:\\\/\\\/pcbigouden.fr\\\/?p=623#breadcrumb\"},\"inLanguage\":\"fr-FR\",\"potentialAction\":[{\"@type\":\"ReadAction\",\"target\":[\"https:\\\/\\\/pcbigouden.fr\\\/?p=623\"]}]},{\"@type\":\"ImageObject\",\"inLanguage\":\"fr-FR\",\"@id\":\"https:\\\/\\\/pcbigouden.fr\\\/?p=623#primaryimage\",\"url\":\"https:\\\/\\\/img.over-blog-kiwi.com\\\/0\\\/55\\\/61\\\/36\\\/20190610\\\/ob_431559_10-06-2019-05-54-46.jpg\",\"contentUrl\":\"https:\\\/\\\/img.over-blog-kiwi.com\\\/0\\\/55\\\/61\\\/36\\\/20190610\\\/ob_431559_10-06-2019-05-54-46.jpg\"},{\"@type\":\"BreadcrumbList\",\"@id\":\"https:\\\/\\\/pcbigouden.fr\\\/?p=623#breadcrumb\",\"itemListElement\":[{\"@type\":\"ListItem\",\"position\":1,\"name\":\"Accueil\",\"item\":\"https:\\\/\\\/pcbigouden.fr\\\/\"},{\"@type\":\"ListItem\",\"position\":2,\"name\":\"Electricit\u00e9 : le co\u00fbt de l&rsquo;Europe lib\u00e9rale\"}]},{\"@type\":\"WebSite\",\"@id\":\"https:\\\/\\\/pcbigouden.fr\\\/#website\",\"url\":\"https:\\\/\\\/pcbigouden.fr\\\/\",\"name\":\"PCF Pays Bigouden\",\"description\":\"Blog des communistes du Pays Bigouden\",\"publisher\":{\"@id\":\"https:\\\/\\\/pcbigouden.fr\\\/#organization\"},\"potentialAction\":[{\"@type\":\"SearchAction\",\"target\":{\"@type\":\"EntryPoint\",\"urlTemplate\":\"https:\\\/\\\/pcbigouden.fr\\\/?s={search_term_string}\"},\"query-input\":{\"@type\":\"PropertyValueSpecification\",\"valueRequired\":true,\"valueName\":\"search_term_string\"}}],\"inLanguage\":\"fr-FR\"},{\"@type\":\"Organization\",\"@id\":\"https:\\\/\\\/pcbigouden.fr\\\/#organization\",\"name\":\"Parti Communiste PCF Pays Bigouden\",\"url\":\"https:\\\/\\\/pcbigouden.fr\\\/\",\"logo\":{\"@type\":\"ImageObject\",\"inLanguage\":\"fr-FR\",\"@id\":\"https:\\\/\\\/pcbigouden.fr\\\/#\\\/schema\\\/logo\\\/image\\\/\",\"url\":\"https:\\\/\\\/pcbigouden.fr\\\/wp-content\\\/uploads\\\/2021\\\/10\\\/logoTB307x290.jpg\",\"contentUrl\":\"https:\\\/\\\/pcbigouden.fr\\\/wp-content\\\/uploads\\\/2021\\\/10\\\/logoTB307x290.jpg\",\"width\":307,\"height\":290,\"caption\":\"Parti Communiste PCF Pays Bigouden\"},\"image\":{\"@id\":\"https:\\\/\\\/pcbigouden.fr\\\/#\\\/schema\\\/logo\\\/image\\\/\"}},{\"@type\":\"Person\",\"@id\":\"https:\\\/\\\/pcbigouden.fr\\\/#\\\/schema\\\/person\\\/275123d02cb86b428226e5f9ece1fb45\",\"name\":\"pcbigouden\",\"image\":{\"@type\":\"ImageObject\",\"inLanguage\":\"fr-FR\",\"@id\":\"https:\\\/\\\/secure.gravatar.com\\\/avatar\\\/0b1629b930d618ad44494ab153a628070e41fe2a36494d685d6a33679cd35013?s=96&d=mm&r=g\",\"url\":\"https:\\\/\\\/secure.gravatar.com\\\/avatar\\\/0b1629b930d618ad44494ab153a628070e41fe2a36494d685d6a33679cd35013?s=96&d=mm&r=g\",\"contentUrl\":\"https:\\\/\\\/secure.gravatar.com\\\/avatar\\\/0b1629b930d618ad44494ab153a628070e41fe2a36494d685d6a33679cd35013?s=96&d=mm&r=g\",\"caption\":\"pcbigouden\"},\"sameAs\":[\"https:\\\/\\\/pcbigouden.fr\"],\"url\":\"https:\\\/\\\/pcbigouden.fr\\\/?author=1\"}]}<\/script>\n<!-- \/ Yoast SEO plugin. -->","yoast_head_json":{"title":"Electricit\u00e9 : le co\u00fbt de l'Europe lib\u00e9rale - PCF Pays Bigouden","robots":{"index":"index","follow":"follow","max-snippet":"max-snippet:-1","max-image-preview":"max-image-preview:large","max-video-preview":"max-video-preview:-1"},"canonical":"https:\/\/pcbigouden.fr\/?p=623","og_locale":"fr_FR","og_type":"article","og_title":"Electricit\u00e9 : le co\u00fbt de l'Europe lib\u00e9rale - PCF Pays Bigouden","og_description":"Depuis le 1er juin dernier, le tarif de l&rsquo;\u00e9lectricit\u00e9 pour les particuliers que nous sommes \u2013 le \u00ab\u00a0tarif bleu\u00a0\u00bb d&rsquo;EDF \u2013 a, comme on sait, augment\u00e9 de 5,9%, sur d\u00e9cision du gouvernement. Plus de 25 millions de foyers verront donc leur pouvoir d&rsquo;achat rogn\u00e9 d&rsquo;autant. C&rsquo;est l&rsquo;occasion de revenir sur l&rsquo;une des dispositions les plus &hellip; Continue reading Electricit\u00e9 : le co\u00fbt de l&rsquo;Europe lib\u00e9rale","og_url":"https:\/\/pcbigouden.fr\/?p=623","og_site_name":"PCF Pays Bigouden","article_published_time":"2019-06-10T08:12:02+00:00","article_modified_time":"2021-10-28T06:47:44+00:00","og_image":[{"url":"https:\/\/img.over-blog-kiwi.com\/0\/55\/61\/36\/20190610\/ob_431559_10-06-2019-05-54-46.jpg","type":"","width":"","height":""}],"author":"pcbigouden","twitter_card":"summary_large_image","twitter_misc":{"\u00c9crit par":"pcbigouden","Dur\u00e9e de lecture estim\u00e9e":"3 minutes"},"schema":{"@context":"https:\/\/schema.org","@graph":[{"@type":"Article","@id":"https:\/\/pcbigouden.fr\/?p=623#article","isPartOf":{"@id":"https:\/\/pcbigouden.fr\/?p=623"},"author":{"name":"pcbigouden","@id":"https:\/\/pcbigouden.fr\/#\/schema\/person\/275123d02cb86b428226e5f9ece1fb45"},"headline":"Electricit\u00e9 : le co\u00fbt de l&rsquo;Europe lib\u00e9rale","datePublished":"2019-06-10T08:12:02+00:00","dateModified":"2021-10-28T06:47:44+00:00","mainEntityOfPage":{"@id":"https:\/\/pcbigouden.fr\/?p=623"},"wordCount":637,"publisher":{"@id":"https:\/\/pcbigouden.fr\/#organization"},"image":{"@id":"https:\/\/pcbigouden.fr\/?p=623#primaryimage"},"thumbnailUrl":"https:\/\/img.over-blog-kiwi.com\/0\/55\/61\/36\/20190610\/ob_431559_10-06-2019-05-54-46.jpg","keywords":["\u00e9lectricit\u00e9","Europe","lib\u00e9ralisme"],"inLanguage":"fr-FR"},{"@type":"WebPage","@id":"https:\/\/pcbigouden.fr\/?p=623","url":"https:\/\/pcbigouden.fr\/?p=623","name":"Electricit\u00e9 : le co\u00fbt de l'Europe lib\u00e9rale - PCF Pays Bigouden","isPartOf":{"@id":"https:\/\/pcbigouden.fr\/#website"},"primaryImageOfPage":{"@id":"https:\/\/pcbigouden.fr\/?p=623#primaryimage"},"image":{"@id":"https:\/\/pcbigouden.fr\/?p=623#primaryimage"},"thumbnailUrl":"https:\/\/img.over-blog-kiwi.com\/0\/55\/61\/36\/20190610\/ob_431559_10-06-2019-05-54-46.jpg","datePublished":"2019-06-10T08:12:02+00:00","dateModified":"2021-10-28T06:47:44+00:00","breadcrumb":{"@id":"https:\/\/pcbigouden.fr\/?p=623#breadcrumb"},"inLanguage":"fr-FR","potentialAction":[{"@type":"ReadAction","target":["https:\/\/pcbigouden.fr\/?p=623"]}]},{"@type":"ImageObject","inLanguage":"fr-FR","@id":"https:\/\/pcbigouden.fr\/?p=623#primaryimage","url":"https:\/\/img.over-blog-kiwi.com\/0\/55\/61\/36\/20190610\/ob_431559_10-06-2019-05-54-46.jpg","contentUrl":"https:\/\/img.over-blog-kiwi.com\/0\/55\/61\/36\/20190610\/ob_431559_10-06-2019-05-54-46.jpg"},{"@type":"BreadcrumbList","@id":"https:\/\/pcbigouden.fr\/?p=623#breadcrumb","itemListElement":[{"@type":"ListItem","position":1,"name":"Accueil","item":"https:\/\/pcbigouden.fr\/"},{"@type":"ListItem","position":2,"name":"Electricit\u00e9 : le co\u00fbt de l&rsquo;Europe lib\u00e9rale"}]},{"@type":"WebSite","@id":"https:\/\/pcbigouden.fr\/#website","url":"https:\/\/pcbigouden.fr\/","name":"PCF Pays Bigouden","description":"Blog des communistes du Pays Bigouden","publisher":{"@id":"https:\/\/pcbigouden.fr\/#organization"},"potentialAction":[{"@type":"SearchAction","target":{"@type":"EntryPoint","urlTemplate":"https:\/\/pcbigouden.fr\/?s={search_term_string}"},"query-input":{"@type":"PropertyValueSpecification","valueRequired":true,"valueName":"search_term_string"}}],"inLanguage":"fr-FR"},{"@type":"Organization","@id":"https:\/\/pcbigouden.fr\/#organization","name":"Parti Communiste PCF Pays Bigouden","url":"https:\/\/pcbigouden.fr\/","logo":{"@type":"ImageObject","inLanguage":"fr-FR","@id":"https:\/\/pcbigouden.fr\/#\/schema\/logo\/image\/","url":"https:\/\/pcbigouden.fr\/wp-content\/uploads\/2021\/10\/logoTB307x290.jpg","contentUrl":"https:\/\/pcbigouden.fr\/wp-content\/uploads\/2021\/10\/logoTB307x290.jpg","width":307,"height":290,"caption":"Parti Communiste PCF Pays Bigouden"},"image":{"@id":"https:\/\/pcbigouden.fr\/#\/schema\/logo\/image\/"}},{"@type":"Person","@id":"https:\/\/pcbigouden.fr\/#\/schema\/person\/275123d02cb86b428226e5f9ece1fb45","name":"pcbigouden","image":{"@type":"ImageObject","inLanguage":"fr-FR","@id":"https:\/\/secure.gravatar.com\/avatar\/0b1629b930d618ad44494ab153a628070e41fe2a36494d685d6a33679cd35013?s=96&d=mm&r=g","url":"https:\/\/secure.gravatar.com\/avatar\/0b1629b930d618ad44494ab153a628070e41fe2a36494d685d6a33679cd35013?s=96&d=mm&r=g","contentUrl":"https:\/\/secure.gravatar.com\/avatar\/0b1629b930d618ad44494ab153a628070e41fe2a36494d685d6a33679cd35013?s=96&d=mm&r=g","caption":"pcbigouden"},"sameAs":["https:\/\/pcbigouden.fr"],"url":"https:\/\/pcbigouden.fr\/?author=1"}]}},"jetpack_featured_media_url":"","jetpack_sharing_enabled":true,"jetpack_likes_enabled":true,"_links":{"self":[{"href":"https:\/\/pcbigouden.fr\/index.php?rest_route=\/wp\/v2\/posts\/623","targetHints":{"allow":["GET"]}}],"collection":[{"href":"https:\/\/pcbigouden.fr\/index.php?rest_route=\/wp\/v2\/posts"}],"about":[{"href":"https:\/\/pcbigouden.fr\/index.php?rest_route=\/wp\/v2\/types\/post"}],"author":[{"embeddable":true,"href":"https:\/\/pcbigouden.fr\/index.php?rest_route=\/wp\/v2\/users\/1"}],"replies":[{"embeddable":true,"href":"https:\/\/pcbigouden.fr\/index.php?rest_route=%2Fwp%2Fv2%2Fcomments&post=623"}],"version-history":[{"count":0,"href":"https:\/\/pcbigouden.fr\/index.php?rest_route=\/wp\/v2\/posts\/623\/revisions"}],"wp:attachment":[{"href":"https:\/\/pcbigouden.fr\/index.php?rest_route=%2Fwp%2Fv2%2Fmedia&parent=623"}],"wp:term":[{"taxonomy":"category","embeddable":true,"href":"https:\/\/pcbigouden.fr\/index.php?rest_route=%2Fwp%2Fv2%2Fcategories&post=623"},{"taxonomy":"post_tag","embeddable":true,"href":"https:\/\/pcbigouden.fr\/index.php?rest_route=%2Fwp%2Fv2%2Ftags&post=623"}],"curies":[{"name":"wp","href":"https:\/\/api.w.org\/{rel}","templated":true}]}}