{"id":6205,"date":"2026-03-24T09:20:31","date_gmt":"2026-03-24T08:20:31","guid":{"rendered":"https:\/\/pcbigouden.fr\/?p=6205"},"modified":"2026-03-24T09:20:31","modified_gmt":"2026-03-24T08:20:31","slug":"qui-a-cree-le-front-national-fn-rn-un-peu-dhistoire-les-racines-sont-seulement-en-sommeil","status":"publish","type":"post","link":"https:\/\/pcbigouden.fr\/?p=6205","title":{"rendered":"Qui a cr\u00e9\u00e9 le Front National FN-RN ? Un peu d&rsquo;histoire.. Les racines sont seulement en sommeil."},"content":{"rendered":"<h5 class=\"LNTPh _41dFf huQZ5\" style=\"text-align: center;\"><em>\u00ab\u00a0Celui qui ne conna\u00eet pas l&rsquo;histoire est condamn\u00e9 \u00e0 la revivre\u00a0\u00bb<\/em><\/h5>\n<p>Durant la seconde guerre mondiale l&rsquo;extr\u00eame droite fran\u00e7aise a organis\u00e9 le d\u00e9part de plusieurs milliers d&rsquo;homme pour combattre au cot\u00e9s des troupes nazies.<\/p>\n<p>Ces soldats fran\u00e7ais, sous l&rsquo;uniforme allemand, se sont conduit de mani\u00e8re ignoble en Bielorussie et en Pologne, organisant des massacres de civils, d\u00e9truisant des villages. Ensuite ils ont coontinu\u00a0\u00bb leurs crimes au sein des milices du r\u00e9gime de\u00a0 Vichy<\/p>\n<ul>\n<li>On notera la pr\u00e9sence pour la LVF (L\u00e9gion des Volontaires Fran\u00e7ais contre le bolch\u00e9visme), de l&rsquo;autonomiste breton le \u00a0\u00bbGrand druide\u00a0\u00bb Taldir Jaffrennou (auteur du Bro goz ma zadou) : voir le livre de Daniel Quillivic, \u00ab\u00a0Bro Goz &#8211; l&rsquo;imposture\u00a0\u00bb, paragraphe 1942, 1er mars, Taldir, l&rsquo;heureux parrain&#8230;, pages 311 et 312.<\/li>\n<\/ul>\n<p>A la lib\u00e9ration certains ont \u00e9t\u00e9 jug\u00e9s. Plus tard des rescap\u00e9s ont cr\u00e9\u00e9 le Front National en compagnie de Jean Marie Le Pen, papa de Marine Le Pen et tonton de\u00a0 Marion Mar\u00e9chal.<\/p>\n<p>Les racines profondes du FN-RN sont noires et sanglantes. Sur ces racines la pousse de rejets est \u00e0 craindre, il faut en \u00eatre conscient.<\/p>\n<p>Les droites, macronie et LR, ont mis en place une fa\u00e7ade de respectabilit\u00e9 pour ce parti dans le but de l&rsquo;utiliser pour sauvegarder la domination du capital. On retrouve le \u00ab\u00a0Plutot\u00a0 Hitler que le Front Populaire\u00a0\u00bb des ann\u00e9es 30.<\/p>\n<p>Mais derri\u00e8re cette\u00a0 fa\u00e7ade, d\u00e9cor de th\u00e9atre tenu \u00e0 bout de bras par les m\u00e9dias complices, il y a la face cach\u00e9e pr\u00eate \u00e0 resurgir. N&rsquo;oublions pas l&rsquo;histoire, regardons ce qui arrive dans d&rsquo;autres pays. Ne soyons pas na\u00effs.<\/p>\n<h4><strong>Bertold Brecht :<\/strong>\u00a0<em>\u00ab\u00a0<span class=\"d2edcug0 hpfvmrgz qv66sw1b c1et5uql lr9zc1uh a8c37x1j keod5gw0 nxhoafnm aigsh9s9 d3f4x2em fe6kdd0r mau55g9w c8b282yb iv3no6db jq4qci2q a3bd9o3v knj5qynh oo9gr5id hzawbc8m\" dir=\"auto\">Le ventre est encore f\u00e9cond, d\u2019o\u00f9 a surgi la b\u00eate immonde.\u00bb<\/span><\/em><\/h4>\n<h2 style=\"text-align: center;\"><strong>La cr\u00e9ation du FN-RN<\/strong><\/h2>\n<p>Dans le documentaire <strong>Les soldats fran\u00e7ais du Reich<\/strong>, difus\u00e9 sur Arte le 17 mars 2026, il est rappel\u00e9 que certains militants d\u2019extr\u00eame droite issus de la collaboration ou de mouvements nationalistes ont particip\u00e9 \u00e0 la cr\u00e9ation du <strong>Front national<\/strong> en 1972 autour de <strong>Jean\u2011Marie Le Pen<\/strong>. (<a title=\"Les soldats fran\u00e7ais du Reich, sur Arte le ...\" href=\"https:\/\/www.linternaute.com\/television\/documentaire-les-soldats-francais-du-reich-p6960509\/les-soldats-francais-du-reich-e6960511\/?utm_source=chatgpt.com\">Linternaute.com<\/a>)<\/p>\n<p>Parmi les <strong>fondateurs ou co-fondateurs cit\u00e9s le plus souvent<\/strong> dans les travaux historiques et dans ce type de documentaire, on trouve notamment :<\/p>\n<ul>\n<li><strong>Pierre Bousquet<\/strong> \u2013 ancien volontaire de la division SS \u00ab Charlemagne \u00bb ; il d\u00e9pose avec Le Pen les statuts du parti et en devient le premier tr\u00e9sorier. (<a title=\"Les soldats fran\u00e7ais du Reich, sur Arte le ...\" href=\"https:\/\/www.linternaute.com\/television\/documentaire-les-soldats-francais-du-reich-p6960509\/les-soldats-francais-du-reich-e6960511\/?utm_source=chatgpt.com\">Linternaute.com<\/a>)<\/li>\n<li><strong>Victor Barth\u00e9lemy<\/strong> \u2013 ancien membre de la <strong>LVF<\/strong> (L\u00e9gion des volontaires fran\u00e7ais contre le bolchevisme) et collaborateur sous Vichy. (<a title=\"La France dans le train de la mort du RN\" href=\"https:\/\/www.legrandsoir.info\/la-france-dans-le-train-de-la-mort-du-rn-39687.html?utm_source=chatgpt.com\">Le Grand Soir<\/a>)<\/li>\n<li><strong>Roland Gaucher<\/strong> \u2013 ancien collaborateur condamn\u00e9 apr\u00e8s la Lib\u00e9ration. (<a title=\"La France dans le train de la mort du RN\" href=\"https:\/\/www.legrandsoir.info\/la-france-dans-le-train-de-la-mort-du-rn-39687.html?utm_source=chatgpt.com\">Le Grand Soir<\/a>)<\/li>\n<li><strong>L\u00e9on Gaultier<\/strong> \u2013 ancien Waffen-SS et proche de Le Pen. (<a title=\"La France dans le train de la mort du RN\" href=\"https:\/\/www.legrandsoir.info\/la-france-dans-le-train-de-la-mort-du-rn-39687.html?utm_source=chatgpt.com\">Le Grand Soir<\/a>)<\/li>\n<li><strong>Fran\u00e7ois Brigneau<\/strong> \u2013 ancien milicien et collaborateur, impliqu\u00e9 dans la cr\u00e9ation du parti. (<a title=\"Aujourd\u2019hui comme hier\u2026. R\u00e9sistance\u00a0!\" href=\"https:\/\/dahut.info\/article\/local\/aujourdhui-comme-hier-resistance-7173?utm_source=chatgpt.com\">Dahut<\/a>)<\/li>\n<\/ul>\n<p>Le Front national est cr\u00e9\u00e9 en <strong>octobre 1972<\/strong> comme coalition de plusieurs groupes d\u2019extr\u00eame droite (notamment <strong>Ordre nouveau<\/strong>) cherchant un candidat et un visage \u00e9lectoral, r\u00f4le que prend <strong>Jean-Marie Le Pen<\/strong>. (<a title=\"Le Rassemblement national est-il h\u00e9ritier de Waffen-SS et du r\u00e9gime de Vichy, comme l'affirme la d\u00e9put\u00e9e LFI Sarah Legrain ? \u2013 DE FACTO \u2013 Des cl\u00e9s pour mieux s'informer\" href=\"https:\/\/defacto-observatoire.fr\/Medias\/FTVI\/Fact-checks\/Le-Rassemblement-national-est-il-heritier-de-Waffen-SS-et-du-regime-de-Vichy-comme-l-affirme-la-deputee-LFI-Sarah-Legrain\/?utm_source=chatgpt.com\">defacto-observatoire.fr<\/a>)<\/p>\n<p>\u2705 <strong>En r\u00e9sum\u00e9 :<\/strong> les noms que le documentaire \u00e9voque g\u00e9n\u00e9ralement aux c\u00f4t\u00e9s de Le Pen sont surtout <strong>Pierre Bousquet, Victor Barth\u00e9lemy, Roland Gaucher, L\u00e9on Gaultier et Fran\u00e7ois Brigneau<\/strong> (entre autres militants issus de divers mouvements d\u2019extr\u00eame droite de l\u2019apr\u00e8s-guerre).<\/p>\n<p>&nbsp;<\/p>\n<p>&nbsp;<\/p>\n<p>Le film documentaire\u00a0 visible sur Arte &#8211; 2 \u00e9pisodes &#8211;<\/p>\n<div>\n<div class=\"_6SuYp _1xQVj pKXpZ HRRNA yBcu6\">\n<div class=\"_1xQVj G-2qb _5eIRO\">\n<div class=\"Y0QFS _1xQVj\">\n<div class=\"LNTPh aHaFk vSaqU\"><span style=\"color: initial;\">Les soldats fran\u00e7ais du Reich &#8211; Jean Bulot | Fondation Shoah<\/span><\/div>\n<\/div>\n<\/div>\n<div class=\"_1xQVj G-2qb _5eIRO\">\n<div class=\"Zbuyw LhDtW HZJZ- o5nNc _3uPiH\"><\/div>\n<div class=\"Y0QFS _1xQVj\">\n<div class=\"LNTPh aHaFk vSaqU\">fondationshoah.org<\/div>\n<\/div>\n<\/div>\n<div class=\"_1xQVj zY7ez _3y9s-\">\n<div class=\"HhS7p aHaFk gW4ak Zxaxi\">\u201cLes Soldats fran\u00e7ais du Reich\u201d : quand des milliers de Fran\u00e7ais s\u2019engageaient sous l\u2019uniforme nazi<\/div>\n<\/div>\n<div class=\"_1xQVj G-2qb _5eIRO\">\n<div class=\"Zbuyw LhDtW HZJZ- o5nNc _3uPiH\"><\/div>\n<div class=\"Y0QFS _1xQVj\">\n<div class=\"LNTPh aHaFk vSaqU\"><\/div>\n<\/div>\n<\/div>\n<div class=\"_1xQVj zY7ez _3y9s-\">\n<div class=\"HhS7p aHaFk gW4ak Zxaxi\">Les soldats fran\u00e7ais du Reich &#8211; les replays et vid\u00e9os en streaming &#8211; Outre-mer La 1\u00e8re<\/div>\n<\/div>\n<div class=\"_1xQVj G-2qb _5eIRO\">\n<div class=\"Zbuyw LhDtW HZJZ- o5nNc _3uPiH\"><\/div>\n<div class=\"Y0QFS _1xQVj\">\n<div class=\"LNTPh aHaFk vSaqU\"><\/div>\n<\/div>\n<\/div>\n<\/div>\n<\/div>\n<p class=\"LNTPh aVNer\">Entre\u00a0<strong class=\"LNTPh JtdkY\">1941 et 1945<\/strong>, pr\u00e8s de\u00a0<strong class=\"LNTPh JtdkY\">30 000 \u00e0 40 000 Fran\u00e7ais<\/strong>\u00a0se sont engag\u00e9s dans les rangs de la\u00a0<strong class=\"LNTPh JtdkY\">Wehrmacht<\/strong>, de la\u00a0<strong class=\"LNTPh JtdkY\">SS<\/strong>\u00a0ou de la\u00a0<strong class=\"LNTPh JtdkY\">Milice<\/strong>, participant activement \u00e0 la guerre d&rsquo;extermination nazie, notamment sur le\u00a0<strong class=\"LNTPh JtdkY\">front de l&rsquo;Est<\/strong>\u00a0et dans la traque des r\u00e9sistants.<\/p>\n<h2>Episode 1<\/h2>\n<p>voir \u00e0 la fin de l&rsquo;\u00e9pisode 2 la cr\u00e9ation du FN-RN<br \/>\n<iframe loading=\"lazy\" title=\"Les soldats fran\u00e7ais du Reich (1\/2) | Documentaire | ARTE\" src=\"https:\/\/www.youtube.com\/embed\/0tUv-rRUtus\" width=\"802\" height=\"451\" frameborder=\"0\" allowfullscreen=\"allowfullscreen\" data-mce-fragment=\"1\"><\/iframe><\/p>\n<h2>Episode 2<\/h2>\n<p>voir \u00e0 la fin de l&rsquo;\u00e9pisode 2 la cr\u00e9ation du FN-RN<\/p>\n<p><a href=\"https:\/\/www.arte.tv\/fr\/videos\/120853-002-A\/les-soldats-francais-du-reich-2-2\/\" target=\"_blank\" rel=\"noopener\">\u00a0https:\/\/www.arte.tv\/fr\/videos\/120853-002-A\/les-soldats-francais-du-reich-2-2\/<\/a><\/p>\n<p><iframe loading=\"lazy\" title=\"Les soldats fran\u00e7ais du Reich (2\/2) | Documentaire | ARTE\" src=\"https:\/\/www.youtube.com\/embed\/UXxcOEEcMPs\" width=\"802\" height=\"451\" frameborder=\"0\" allowfullscreen=\"allowfullscreen\" data-mce-fragment=\"1\"><\/iframe><\/p>\n<hr \/>\n<p>Lu daans l&rsquo;Humanit\u00e9 ;<\/p>\n<div class=\"bg-grey-blue u-relative single__hero\">\n<div class=\"gs-container\">\n<div class=\"gs-row\">\n<h1 class=\"t-article-h1 u-margin-b-6 c-red gs-column @sm:gs-column-8 @lg:gs-column-10 @wd:gs-column-8 u-centered-on-x u-block t-align-center\">\u00ab\u00a0Aujourd\u2019hui encore, leurs h\u00e9ritiers d\u00e9filent et attendent le retour des combats\u00a0\u00bb : qui \u00e9taient les Fran\u00e7ais engag\u00e9s sous uniforme nazi\u00a0?<\/h1>\n<\/div>\n<\/div>\n<\/div>\n<div class=\"single__content gs-container\">\n<div class=\"gs-row\">\n<div class=\"@lg:gs-column-8\">\n<article class=\"single__content__text\">\n<div class=\"rich-text u-margin-b-3 u-padding-b-0 u-padding-t-0\">\n<p class=\"chapo\">Le documentariste Jean Bulot retrace le parcours sanglant des engag\u00e9s dans la L\u00e9gion des volontaires fran\u00e7ais contre le bolchevisme, entre adoration de Hitler et massacres.<\/p>\n<\/div>\n<div class=\"single__content__text__reverse u-flex-column\">\n<div class=\"single__content__text__published u-align-items-center c-purple t-label-medium u-flex-row u-margin-b-1\">\n<div class=\"u-inline-flex u-align-items-center\">\n<p><span style=\"color: initial;\">Publi\u00e9 le 16 mars 2026<\/span><\/p>\n<\/div>\n<\/div>\n<div class=\"u-flex-column @lg:u-flex-row u-margin-t-3 u-justify-content-space-between @lg:u-margin-b-3\">\n<div class=\"single__author c-black u-justify-content-start u-align-items-center u-flex-row\"><\/div>\n<div class=\"single__share-btns u-hidden @lg:u-flex u-margin-b-2 u-margin-t-2 @lg:u-margin-b-0 @lg:u-margin-b-0\"><\/div>\n<\/div>\n<\/div>\n<div class=\"single__thumbnail\">\n<div class=\"single__thumbnail__img\">\n<figure class=\"wp-block-image size-large wp-lightbox-container\" data-wp-context=\"{&quot;imageId&quot;:&quot;69bcffbd3b52b&quot;}\" data-wp-interactive=\"core\/image\" data-wp-key=\"69bcffbd3b52b\"><img loading=\"lazy\" decoding=\"async\" class=\"wp-image-3531819\" src=\"https:\/\/www.humanite.fr\/wp-content\/uploads\/2026\/03\/p22-Soldats-du-Reich_MAR.jpg?w=1200\" alt=\"\" width=\"1200\" height=\"686\" data-wp-class--hide=\"state.isContentHidden\" data-wp-class--show=\"state.isContentVisible\" data-wp-init=\"callbacks.setButtonStyles\" data-wp-on--click=\"actions.showLightbox\" data-wp-on--load=\"callbacks.setButtonStyles\" data-wp-on-window--resize=\"callbacks.setButtonStyles\" \/><button class=\"lightbox-trigger\" type=\"button\" aria-haspopup=\"dialog\" aria-label=\"Enlarge\" data-wp-init=\"callbacks.initTriggerButton\" data-wp-on--click=\"actions.showLightbox\" data-wp-style--right=\"state.imageButtonRight\" data-wp-style--top=\"state.imageButtonTop\"><\/button><figcaption class=\"wp-element-caption\">Les soldats fran\u00e7ais du Reich. Sur cette photo, Henri-Andr\u00e9 Lacroix (1er \u00e0 gauche), chef de bataillon, a \u00e9t\u00e9 m\u00e9daill\u00e9 de la Wehrmacht.<br \/>\n\u00a9 Archives du Rho\u0302ne<\/figcaption><\/figure>\n<\/div>\n<\/div>\n<div class=\"rich-text\">\n<div class=\"gs-row\">\n<div id=\"post-content\" class=\"u-width-100% gs-column\" data-poool=\"0\">\n<p>Ils \u00e9taient pr\u00eats \u00e0 mourir pour\u00a0<a href=\"https:\/\/www.humanite.fr\/medias\/2e-guerre-mondiale\/les-ambassadeurs-de-la-collaboration-sur-arte-loccupation-nazie-vue-des-salons-parisiens\">le Reich de Hitler<\/a>. Ils ont, en son nom, commis des atrocit\u00e9s \u00e9pouvantables, de 1941 \u00e0 1944. Ils ont continu\u00e9, dans l\u2019ombre, apr\u00e8s la guerre, \u00e0 \u0153uvrer en silence, jusqu\u2019\u00e0 cr\u00e9er le Front national, en 1972\u00a0: ils, ce sont\u00a0<a href=\"https:\/\/www.humanite.fr\/medias\/documentaire\/la-route-sanglante-de-la-division-das-reich\">les soldats fran\u00e7ais engag\u00e9s dans la SS<\/a>\u00a0ou dans la Wehrmacht.<\/p>\n<p>Ils avaient un nom\u00a0: La L\u00e9gion des volontaires fran\u00e7ais contre le bolchevisme, qu\u2019on a souvent r\u00e9duit \u00e0 l\u2019abr\u00e9viation LVF. Le r\u00e9alisateur, Jean Bulot, retrace dans un documentaire en deux \u00e9pisodes d\u2019une heure le chemin sanglant et tr\u00e8s politique de ces recrues du nazisme.<\/p>\n<p>Cette \u00e9pop\u00e9e lamentable commence le 18\u00a0juillet 1941, sur l\u2019initiative de Pierre Cl\u00e9menti,\u00a0<a href=\"https:\/\/www.humanite.fr\/en-debat\/philippe-petain\/la-france-de-petain-de-la-milice-de-la-lvf-et-de-tous-les-fascismes\">chef du Parti fran\u00e7ais national-collectiviste, de triste m\u00e9moire<\/a>. Tr\u00e8s vite, des lieux de recrutement, souvent des boutiques dont on a d\u00e9poss\u00e9d\u00e9 des familles juives, ont ouvert. Ce sont des hommes de tous \u00e2ges, le plus jeune a 15\u00a0ans, des p\u00e8res de famille, des personnes qui n\u2019ont aucune exp\u00e9rience de la guerre, qui s\u2019engagent. Ils vont \u00eatre envoy\u00e9s, mal form\u00e9s par les nazis, sur les fronts de l\u2019est.<\/p>\n<h2 class=\"wp-block-heading\">\u00ab C\u2019est la glorification de la sauvagerie, de la barbarie\u00a0\u00bb<\/h2>\n<p>Ils vont surtout \u00eatre balanc\u00e9s en Bi\u00e9lorussie, o\u00f9 ils assistent aux exactions immondes des Einsatzgruppen (des unit\u00e9s d\u2019extermination) commises contre les juifs, avec un mode op\u00e9ratoire qu\u2019ils reproduiront une fois de retour en France dans nombre de communes\u00a0: rassembler la population, violer, piller, d\u00e9cimer, et tout br\u00fbler.<\/p>\n<p>En France, on conna\u00eet \u00e9videmment l\u2019exemple si terrible d\u2019Oradour-sur-Glane, mais ces tristes sbires ont proc\u00e9d\u00e9 de la m\u00eame mani\u00e8re \u00e0 Limonest, \u00e0 Portes-l\u00e8s-Valences, \u00e0 Grenoble, \u00e0 Rillieux-la-Pape, \u00e0 Vassieux-en-Vercors\u2026\u00a0<em>\u00ab C\u2019est la glorification de la sauvagerie, de la barbarie\u00a0\u00bb<\/em>, insiste\u00a0<a href=\"https:\/\/www.humanite.fr\/politique\/extreme-droite\/fascisme-vs-antifascisme-le-regard-de-johann-chapoutot-sur-le-renversement-des-valeurs\">l\u2019historien Johann Chapoutot<\/a>.<\/p>\n<div id=\"engage-article-par-5\"><\/div>\n<div class=\"seealso-component u-relative u-flex-column u-align-items-center u-margin-b-4 u-margin-t-6 @lg:u-margin-b-8 @lg:u-margin-t-8\">\n<p><span class=\"u-absolute u-width-100% t-header-medium t-align-center c-red seealso-component__title\">Sur le m\u00eame th\u00e8me<\/span><\/p>\n<div class=\"seealso-component__content u-flex-column @lg:u-flex-row @lg:u-align-items-start u-justify-content-space-between\">\n<p><a class=\"same-theme\" href=\"https:\/\/www.humanite.fr\/en-debat\/80-ans-de-la-liberation\/oradour-sur-glane-80-ans-apres-les-massacres-de-la-sinistre-das-reich\" data-slug=\"oradour-sur-glane-80-ans-apres-les-massacres-de-la-sinistre-das-reich\"><img loading=\"lazy\" decoding=\"async\" class=\"\" src=\"https:\/\/www.humanite.fr\/wp-content\/uploads\/2024\/06\/P27-DAS-REICH_VEN.jpg?w=300\" sizes=\"auto, (max-width: 300px) 100vw, 300px\" srcset=\"https:\/\/www.humanite.fr\/wp-content\/uploads\/2024\/06\/P27-DAS-REICH_VEN.jpg 1500w, https:\/\/www.humanite.fr\/wp-content\/uploads\/2024\/06\/P27-DAS-REICH_VEN.jpg?resize=300,242 300w, https:\/\/www.humanite.fr\/wp-content\/uploads\/2024\/06\/P27-DAS-REICH_VEN.jpg?resize=768,619 768w, https:\/\/www.humanite.fr\/wp-content\/uploads\/2024\/06\/P27-DAS-REICH_VEN.jpg?resize=1200,967 1200w, https:\/\/www.humanite.fr\/wp-content\/uploads\/2024\/06\/P27-DAS-REICH_VEN.jpg?resize=60,48 60w\" alt=\"\" width=\"300\" height=\"242\" \/><\/a><\/p>\n<div class=\"u-flex-row u-justify-content-space-between u-width-100% seealso-component__content__text u-align-items-center @lg:u-margin-t-0 u-margin-t-1\">\n<p class=\"u-margin-b-0 t-article-h3 c-purple\">Oradour-sur-Glane\u00a0: 80\u00a0ans apr\u00e8s, les massacres de la sinistre Das Reich<\/p>\n<\/div>\n<\/div>\n<\/div>\n<p>Certains ont bien s\u00fbr \u00e9t\u00e9 condamn\u00e9s et ex\u00e9cut\u00e9s apr\u00e8s la guerre. D\u2019autres ont continu\u00e9, dans l\u2019ombre, \u00e0 \u0153uvrer. L\u2019historien Christian Ingrao le dit sans ambages et sans d\u00e9tour\u00a0:\u00a0<em>\u00ab\u00a0Aujourd\u2019hui encore, leurs h\u00e9ritiers d\u00e9filent et attendent le retour des combats.\u00a0\u00bb<\/em><\/p>\n<p class=\"wp-block-huma-titre-oeuvre\"><a href=\"https:\/\/www.arte.tv\/fr\/videos\/RC-027698\/les-soldats-francais-du-reich\/\"><em>Les Soldats fran\u00e7ais du Reich<\/em>, Arte,\u00a0<\/a>mardi 17 mars, 20h55<\/p>\n<div id=\"engage-article-fin\"><\/div>\n<div id=\"form_don\" class=\"wp-block-group\">\n<div class=\"wp-block-group__inner-container is-layout-constrained wp-block-group-is-layout-constrained\">\n<h2 class=\"wp-block-heading\">Face \u00e0 l\u2019extr\u00eame droite, ne rien l\u00e2cher\u00a0!<\/h2>\n<p>C\u2019est pied \u00e0 pied, argument contre argument qu\u2019il faut combattre l\u2019extr\u00eame droite. Et c\u2019est ce que nous faisons chaque jour dans l\u2019Humanit\u00e9.<\/p>\n<p>Face aux attaques incessantes des racistes et des porteurs de haine\u00a0: soutenez-nous\u00a0! Ensemble, faisons entendre une autre voix dans ce d\u00e9bat public toujours plus naus\u00e9abond.<\/p>\n<hr \/>\n<p>Ecouter en diff\u00e9e\u00e9 sur France Culture une \u00e9mission \u00e0 ce sujet<\/p>\n<\/div>\n<\/div>\n<\/div>\n<\/div>\n<\/div>\n<\/article>\n<\/div>\n<\/div>\n<\/div>\n","protected":false},"excerpt":{"rendered":"<p>\u00ab\u00a0Celui qui ne conna\u00eet pas l&rsquo;histoire est condamn\u00e9 \u00e0 la revivre\u00a0\u00bb Durant la seconde guerre mondiale l&rsquo;extr\u00eame droite fran\u00e7aise a organis\u00e9 le d\u00e9part de plusieurs milliers d&rsquo;homme pour combattre au cot\u00e9s des troupes nazies. Ces soldats fran\u00e7ais, sous l&rsquo;uniforme allemand, se sont conduit de mani\u00e8re ignoble en Bielorussie et en Pologne, organisant des massacres de &hellip; <a href=\"https:\/\/pcbigouden.fr\/?p=6205\" class=\"more-link\">Continue reading <span class=\"screen-reader-text\">Qui a cr\u00e9\u00e9 le Front National FN-RN ? Un peu d&rsquo;histoire.. Les racines sont seulement en sommeil.<\/span><\/a><\/p>\n","protected":false},"author":6,"featured_media":0,"comment_status":"open","ping_status":"closed","sticky":false,"template":"","format":"standard","meta":{"_jetpack_memberships_contains_paid_content":false,"footnotes":""},"categories":[285],"tags":[287,75,297,145,299,298,92],"class_list":["post-6205","post","type-post","status-publish","format-standard","hentry","category-exteme-droite","tag-bardella","tag-extreme-droite","tag-fn","tag-le-pen","tag-lvf","tag-nazis","tag-rn"],"yoast_head":"<!-- This site is optimized with the Yoast SEO plugin v27.5 - https:\/\/yoast.com\/product\/yoast-seo-wordpress\/ -->\n<title>Qui a cr\u00e9\u00e9 le Front National FN-RN ? Un peu d&#039;histoire.. Les racines sont seulement en sommeil. - PCF Pays Bigouden<\/title>\n<meta name=\"robots\" content=\"index, follow, max-snippet:-1, max-image-preview:large, max-video-preview:-1\" \/>\n<link rel=\"canonical\" href=\"https:\/\/pcbigouden.fr\/?p=6205\" \/>\n<meta property=\"og:locale\" content=\"fr_FR\" \/>\n<meta property=\"og:type\" content=\"article\" \/>\n<meta property=\"og:title\" content=\"Qui a cr\u00e9\u00e9 le Front National FN-RN ? Un peu d&#039;histoire.. Les racines sont seulement en sommeil. - PCF Pays Bigouden\" \/>\n<meta property=\"og:description\" content=\"\u00ab\u00a0Celui qui ne conna\u00eet pas l&rsquo;histoire est condamn\u00e9 \u00e0 la revivre\u00a0\u00bb Durant la seconde guerre mondiale l&rsquo;extr\u00eame droite fran\u00e7aise a organis\u00e9 le d\u00e9part de plusieurs milliers d&rsquo;homme pour combattre au cot\u00e9s des troupes nazies. Ces soldats fran\u00e7ais, sous l&rsquo;uniforme allemand, se sont conduit de mani\u00e8re ignoble en Bielorussie et en Pologne, organisant des massacres de &hellip; Continue reading Qui a cr\u00e9\u00e9 le Front National FN-RN ? Un peu d&rsquo;histoire.. Les racines sont seulement en sommeil.\" \/>\n<meta property=\"og:url\" content=\"https:\/\/pcbigouden.fr\/?p=6205\" \/>\n<meta property=\"og:site_name\" content=\"PCF Pays Bigouden\" \/>\n<meta property=\"article:published_time\" content=\"2026-03-24T08:20:31+00:00\" \/>\n<meta name=\"author\" content=\"sierramaestra\" \/>\n<meta name=\"twitter:card\" content=\"summary_large_image\" \/>\n<meta name=\"twitter:label1\" content=\"\u00c9crit par\" \/>\n\t<meta name=\"twitter:data1\" content=\"sierramaestra\" \/>\n\t<meta name=\"twitter:label2\" content=\"Dur\u00e9e de lecture estim\u00e9e\" \/>\n\t<meta name=\"twitter:data2\" content=\"6 minutes\" \/>\n<script type=\"application\/ld+json\" class=\"yoast-schema-graph\">{\"@context\":\"https:\\\/\\\/schema.org\",\"@graph\":[{\"@type\":\"Article\",\"@id\":\"https:\\\/\\\/pcbigouden.fr\\\/?p=6205#article\",\"isPartOf\":{\"@id\":\"https:\\\/\\\/pcbigouden.fr\\\/?p=6205\"},\"author\":{\"name\":\"sierramaestra\",\"@id\":\"https:\\\/\\\/pcbigouden.fr\\\/#\\\/schema\\\/person\\\/2f88b3db41deacf169cab9e2ff83133a\"},\"headline\":\"Qui a cr\u00e9\u00e9 le Front National FN-RN ? Un peu d&rsquo;histoire.. Les racines sont seulement en sommeil.\",\"datePublished\":\"2026-03-24T08:20:31+00:00\",\"mainEntityOfPage\":{\"@id\":\"https:\\\/\\\/pcbigouden.fr\\\/?p=6205\"},\"wordCount\":1263,\"commentCount\":0,\"publisher\":{\"@id\":\"https:\\\/\\\/pcbigouden.fr\\\/#organization\"},\"image\":{\"@id\":\"https:\\\/\\\/pcbigouden.fr\\\/?p=6205#primaryimage\"},\"thumbnailUrl\":\"https:\\\/\\\/www.humanite.fr\\\/wp-content\\\/uploads\\\/2026\\\/03\\\/p22-Soldats-du-Reich_MAR.jpg?w=1200\",\"keywords\":[\"Bardella\",\"extr\u00eame-droite\",\"FN\",\"Le Pen\",\"LVF\",\"nazis\",\"RN\"],\"articleSection\":[\"Ext\u00eame droite\"],\"inLanguage\":\"fr-FR\",\"potentialAction\":[{\"@type\":\"CommentAction\",\"name\":\"Comment\",\"target\":[\"https:\\\/\\\/pcbigouden.fr\\\/?p=6205#respond\"]}]},{\"@type\":\"WebPage\",\"@id\":\"https:\\\/\\\/pcbigouden.fr\\\/?p=6205\",\"url\":\"https:\\\/\\\/pcbigouden.fr\\\/?p=6205\",\"name\":\"Qui a cr\u00e9\u00e9 le Front National FN-RN ? Un peu d'histoire.. Les racines sont seulement en sommeil. - PCF Pays Bigouden\",\"isPartOf\":{\"@id\":\"https:\\\/\\\/pcbigouden.fr\\\/#website\"},\"primaryImageOfPage\":{\"@id\":\"https:\\\/\\\/pcbigouden.fr\\\/?p=6205#primaryimage\"},\"image\":{\"@id\":\"https:\\\/\\\/pcbigouden.fr\\\/?p=6205#primaryimage\"},\"thumbnailUrl\":\"https:\\\/\\\/www.humanite.fr\\\/wp-content\\\/uploads\\\/2026\\\/03\\\/p22-Soldats-du-Reich_MAR.jpg?w=1200\",\"datePublished\":\"2026-03-24T08:20:31+00:00\",\"breadcrumb\":{\"@id\":\"https:\\\/\\\/pcbigouden.fr\\\/?p=6205#breadcrumb\"},\"inLanguage\":\"fr-FR\",\"potentialAction\":[{\"@type\":\"ReadAction\",\"target\":[\"https:\\\/\\\/pcbigouden.fr\\\/?p=6205\"]}]},{\"@type\":\"ImageObject\",\"inLanguage\":\"fr-FR\",\"@id\":\"https:\\\/\\\/pcbigouden.fr\\\/?p=6205#primaryimage\",\"url\":\"https:\\\/\\\/www.humanite.fr\\\/wp-content\\\/uploads\\\/2026\\\/03\\\/p22-Soldats-du-Reich_MAR.jpg?w=1200\",\"contentUrl\":\"https:\\\/\\\/www.humanite.fr\\\/wp-content\\\/uploads\\\/2026\\\/03\\\/p22-Soldats-du-Reich_MAR.jpg?w=1200\"},{\"@type\":\"BreadcrumbList\",\"@id\":\"https:\\\/\\\/pcbigouden.fr\\\/?p=6205#breadcrumb\",\"itemListElement\":[{\"@type\":\"ListItem\",\"position\":1,\"name\":\"Accueil\",\"item\":\"https:\\\/\\\/pcbigouden.fr\\\/\"},{\"@type\":\"ListItem\",\"position\":2,\"name\":\"Qui a cr\u00e9\u00e9 le Front National FN-RN ? Un peu d&rsquo;histoire.. Les racines sont seulement en sommeil.\"}]},{\"@type\":\"WebSite\",\"@id\":\"https:\\\/\\\/pcbigouden.fr\\\/#website\",\"url\":\"https:\\\/\\\/pcbigouden.fr\\\/\",\"name\":\"PCF Pays Bigouden\",\"description\":\"Blog des communistes du Pays Bigouden\",\"publisher\":{\"@id\":\"https:\\\/\\\/pcbigouden.fr\\\/#organization\"},\"potentialAction\":[{\"@type\":\"SearchAction\",\"target\":{\"@type\":\"EntryPoint\",\"urlTemplate\":\"https:\\\/\\\/pcbigouden.fr\\\/?s={search_term_string}\"},\"query-input\":{\"@type\":\"PropertyValueSpecification\",\"valueRequired\":true,\"valueName\":\"search_term_string\"}}],\"inLanguage\":\"fr-FR\"},{\"@type\":\"Organization\",\"@id\":\"https:\\\/\\\/pcbigouden.fr\\\/#organization\",\"name\":\"Parti Communiste PCF Pays Bigouden\",\"url\":\"https:\\\/\\\/pcbigouden.fr\\\/\",\"logo\":{\"@type\":\"ImageObject\",\"inLanguage\":\"fr-FR\",\"@id\":\"https:\\\/\\\/pcbigouden.fr\\\/#\\\/schema\\\/logo\\\/image\\\/\",\"url\":\"https:\\\/\\\/pcbigouden.fr\\\/wp-content\\\/uploads\\\/2021\\\/10\\\/logoTB307x290.jpg\",\"contentUrl\":\"https:\\\/\\\/pcbigouden.fr\\\/wp-content\\\/uploads\\\/2021\\\/10\\\/logoTB307x290.jpg\",\"width\":307,\"height\":290,\"caption\":\"Parti Communiste PCF Pays Bigouden\"},\"image\":{\"@id\":\"https:\\\/\\\/pcbigouden.fr\\\/#\\\/schema\\\/logo\\\/image\\\/\"}},{\"@type\":\"Person\",\"@id\":\"https:\\\/\\\/pcbigouden.fr\\\/#\\\/schema\\\/person\\\/2f88b3db41deacf169cab9e2ff83133a\",\"name\":\"sierramaestra\",\"image\":{\"@type\":\"ImageObject\",\"inLanguage\":\"fr-FR\",\"@id\":\"https:\\\/\\\/secure.gravatar.com\\\/avatar\\\/5e822171bcc9a9856efba4097a35cfd35b4c239b7b552810087caf40ef8496b2?s=96&d=mm&r=g\",\"url\":\"https:\\\/\\\/secure.gravatar.com\\\/avatar\\\/5e822171bcc9a9856efba4097a35cfd35b4c239b7b552810087caf40ef8496b2?s=96&d=mm&r=g\",\"contentUrl\":\"https:\\\/\\\/secure.gravatar.com\\\/avatar\\\/5e822171bcc9a9856efba4097a35cfd35b4c239b7b552810087caf40ef8496b2?s=96&d=mm&r=g\",\"caption\":\"sierramaestra\"},\"url\":\"https:\\\/\\\/pcbigouden.fr\\\/?author=6\"}]}<\/script>\n<!-- \/ Yoast SEO plugin. -->","yoast_head_json":{"title":"Qui a cr\u00e9\u00e9 le Front National FN-RN ? Un peu d'histoire.. Les racines sont seulement en sommeil. - PCF Pays Bigouden","robots":{"index":"index","follow":"follow","max-snippet":"max-snippet:-1","max-image-preview":"max-image-preview:large","max-video-preview":"max-video-preview:-1"},"canonical":"https:\/\/pcbigouden.fr\/?p=6205","og_locale":"fr_FR","og_type":"article","og_title":"Qui a cr\u00e9\u00e9 le Front National FN-RN ? Un peu d'histoire.. Les racines sont seulement en sommeil. - PCF Pays Bigouden","og_description":"\u00ab\u00a0Celui qui ne conna\u00eet pas l&rsquo;histoire est condamn\u00e9 \u00e0 la revivre\u00a0\u00bb Durant la seconde guerre mondiale l&rsquo;extr\u00eame droite fran\u00e7aise a organis\u00e9 le d\u00e9part de plusieurs milliers d&rsquo;homme pour combattre au cot\u00e9s des troupes nazies. Ces soldats fran\u00e7ais, sous l&rsquo;uniforme allemand, se sont conduit de mani\u00e8re ignoble en Bielorussie et en Pologne, organisant des massacres de &hellip; Continue reading Qui a cr\u00e9\u00e9 le Front National FN-RN ? Un peu d&rsquo;histoire.. Les racines sont seulement en sommeil.","og_url":"https:\/\/pcbigouden.fr\/?p=6205","og_site_name":"PCF Pays Bigouden","article_published_time":"2026-03-24T08:20:31+00:00","author":"sierramaestra","twitter_card":"summary_large_image","twitter_misc":{"\u00c9crit par":"sierramaestra","Dur\u00e9e de lecture estim\u00e9e":"6 minutes"},"schema":{"@context":"https:\/\/schema.org","@graph":[{"@type":"Article","@id":"https:\/\/pcbigouden.fr\/?p=6205#article","isPartOf":{"@id":"https:\/\/pcbigouden.fr\/?p=6205"},"author":{"name":"sierramaestra","@id":"https:\/\/pcbigouden.fr\/#\/schema\/person\/2f88b3db41deacf169cab9e2ff83133a"},"headline":"Qui a cr\u00e9\u00e9 le Front National FN-RN ? Un peu d&rsquo;histoire.. Les racines sont seulement en sommeil.","datePublished":"2026-03-24T08:20:31+00:00","mainEntityOfPage":{"@id":"https:\/\/pcbigouden.fr\/?p=6205"},"wordCount":1263,"commentCount":0,"publisher":{"@id":"https:\/\/pcbigouden.fr\/#organization"},"image":{"@id":"https:\/\/pcbigouden.fr\/?p=6205#primaryimage"},"thumbnailUrl":"https:\/\/www.humanite.fr\/wp-content\/uploads\/2026\/03\/p22-Soldats-du-Reich_MAR.jpg?w=1200","keywords":["Bardella","extr\u00eame-droite","FN","Le Pen","LVF","nazis","RN"],"articleSection":["Ext\u00eame droite"],"inLanguage":"fr-FR","potentialAction":[{"@type":"CommentAction","name":"Comment","target":["https:\/\/pcbigouden.fr\/?p=6205#respond"]}]},{"@type":"WebPage","@id":"https:\/\/pcbigouden.fr\/?p=6205","url":"https:\/\/pcbigouden.fr\/?p=6205","name":"Qui a cr\u00e9\u00e9 le Front National FN-RN ? Un peu d'histoire.. Les racines sont seulement en sommeil. - PCF Pays Bigouden","isPartOf":{"@id":"https:\/\/pcbigouden.fr\/#website"},"primaryImageOfPage":{"@id":"https:\/\/pcbigouden.fr\/?p=6205#primaryimage"},"image":{"@id":"https:\/\/pcbigouden.fr\/?p=6205#primaryimage"},"thumbnailUrl":"https:\/\/www.humanite.fr\/wp-content\/uploads\/2026\/03\/p22-Soldats-du-Reich_MAR.jpg?w=1200","datePublished":"2026-03-24T08:20:31+00:00","breadcrumb":{"@id":"https:\/\/pcbigouden.fr\/?p=6205#breadcrumb"},"inLanguage":"fr-FR","potentialAction":[{"@type":"ReadAction","target":["https:\/\/pcbigouden.fr\/?p=6205"]}]},{"@type":"ImageObject","inLanguage":"fr-FR","@id":"https:\/\/pcbigouden.fr\/?p=6205#primaryimage","url":"https:\/\/www.humanite.fr\/wp-content\/uploads\/2026\/03\/p22-Soldats-du-Reich_MAR.jpg?w=1200","contentUrl":"https:\/\/www.humanite.fr\/wp-content\/uploads\/2026\/03\/p22-Soldats-du-Reich_MAR.jpg?w=1200"},{"@type":"BreadcrumbList","@id":"https:\/\/pcbigouden.fr\/?p=6205#breadcrumb","itemListElement":[{"@type":"ListItem","position":1,"name":"Accueil","item":"https:\/\/pcbigouden.fr\/"},{"@type":"ListItem","position":2,"name":"Qui a cr\u00e9\u00e9 le Front National FN-RN ? Un peu d&rsquo;histoire.. Les racines sont seulement en sommeil."}]},{"@type":"WebSite","@id":"https:\/\/pcbigouden.fr\/#website","url":"https:\/\/pcbigouden.fr\/","name":"PCF Pays Bigouden","description":"Blog des communistes du Pays Bigouden","publisher":{"@id":"https:\/\/pcbigouden.fr\/#organization"},"potentialAction":[{"@type":"SearchAction","target":{"@type":"EntryPoint","urlTemplate":"https:\/\/pcbigouden.fr\/?s={search_term_string}"},"query-input":{"@type":"PropertyValueSpecification","valueRequired":true,"valueName":"search_term_string"}}],"inLanguage":"fr-FR"},{"@type":"Organization","@id":"https:\/\/pcbigouden.fr\/#organization","name":"Parti Communiste PCF Pays Bigouden","url":"https:\/\/pcbigouden.fr\/","logo":{"@type":"ImageObject","inLanguage":"fr-FR","@id":"https:\/\/pcbigouden.fr\/#\/schema\/logo\/image\/","url":"https:\/\/pcbigouden.fr\/wp-content\/uploads\/2021\/10\/logoTB307x290.jpg","contentUrl":"https:\/\/pcbigouden.fr\/wp-content\/uploads\/2021\/10\/logoTB307x290.jpg","width":307,"height":290,"caption":"Parti Communiste PCF Pays Bigouden"},"image":{"@id":"https:\/\/pcbigouden.fr\/#\/schema\/logo\/image\/"}},{"@type":"Person","@id":"https:\/\/pcbigouden.fr\/#\/schema\/person\/2f88b3db41deacf169cab9e2ff83133a","name":"sierramaestra","image":{"@type":"ImageObject","inLanguage":"fr-FR","@id":"https:\/\/secure.gravatar.com\/avatar\/5e822171bcc9a9856efba4097a35cfd35b4c239b7b552810087caf40ef8496b2?s=96&d=mm&r=g","url":"https:\/\/secure.gravatar.com\/avatar\/5e822171bcc9a9856efba4097a35cfd35b4c239b7b552810087caf40ef8496b2?s=96&d=mm&r=g","contentUrl":"https:\/\/secure.gravatar.com\/avatar\/5e822171bcc9a9856efba4097a35cfd35b4c239b7b552810087caf40ef8496b2?s=96&d=mm&r=g","caption":"sierramaestra"},"url":"https:\/\/pcbigouden.fr\/?author=6"}]}},"jetpack_featured_media_url":"","jetpack_sharing_enabled":true,"jetpack_likes_enabled":true,"_links":{"self":[{"href":"https:\/\/pcbigouden.fr\/index.php?rest_route=\/wp\/v2\/posts\/6205","targetHints":{"allow":["GET"]}}],"collection":[{"href":"https:\/\/pcbigouden.fr\/index.php?rest_route=\/wp\/v2\/posts"}],"about":[{"href":"https:\/\/pcbigouden.fr\/index.php?rest_route=\/wp\/v2\/types\/post"}],"author":[{"embeddable":true,"href":"https:\/\/pcbigouden.fr\/index.php?rest_route=\/wp\/v2\/users\/6"}],"replies":[{"embeddable":true,"href":"https:\/\/pcbigouden.fr\/index.php?rest_route=%2Fwp%2Fv2%2Fcomments&post=6205"}],"version-history":[{"count":5,"href":"https:\/\/pcbigouden.fr\/index.php?rest_route=\/wp\/v2\/posts\/6205\/revisions"}],"predecessor-version":[{"id":6210,"href":"https:\/\/pcbigouden.fr\/index.php?rest_route=\/wp\/v2\/posts\/6205\/revisions\/6210"}],"wp:attachment":[{"href":"https:\/\/pcbigouden.fr\/index.php?rest_route=%2Fwp%2Fv2%2Fmedia&parent=6205"}],"wp:term":[{"taxonomy":"category","embeddable":true,"href":"https:\/\/pcbigouden.fr\/index.php?rest_route=%2Fwp%2Fv2%2Fcategories&post=6205"},{"taxonomy":"post_tag","embeddable":true,"href":"https:\/\/pcbigouden.fr\/index.php?rest_route=%2Fwp%2Fv2%2Ftags&post=6205"}],"curies":[{"name":"wp","href":"https:\/\/api.w.org\/{rel}","templated":true}]}}