{"id":5993,"date":"2026-01-02T08:30:36","date_gmt":"2026-01-02T07:30:36","guid":{"rendered":"https:\/\/pcbigouden.fr\/?p=5993"},"modified":"2026-01-02T12:08:00","modified_gmt":"2026-01-02T11:08:00","slug":"des-paroles-et-des-actes","status":"publish","type":"post","link":"https:\/\/pcbigouden.fr\/?p=5993","title":{"rendered":"Des paroles et des actes"},"content":{"rendered":"<p>Lors de ses v\u0153ux pour la nouvelle ann\u00e9e, Macron se f\u00e9licite et f\u00e9licite.<\/p>\n<p>Saluant <em>\u00ab\u00a0les forces de s\u00e9curit\u00e9\u00a0\u00bb<\/em>, les <em>\u00ab\u00a0b\u00e9n\u00e9voles\u00a0\u00bb<\/em>, les <em>\u00ab\u00a0travailleurs\u00a0\u00bb,<\/em> les <em>\u00ab\u00a0soignants\u00a0\u00bb, \u00ab\u00a0en premi\u00e8re ligne face aux difficult\u00e9s pour apporter secours et fraternit\u00e9\u00a0\u00bb<\/em>, Emmanuel Macron a rappel\u00e9 leur r\u00f4le essentiel\u00a0: <em>\u00ab\u00a0Ainsi va le destin des nations qui tiennent gr\u00e2ce au d\u00e9vouement de leurs concitoyens. Gr\u00e2ce \u00e0 vous, nous tenons. Fort de nos institutions, nos services publics\u00a0\u00bb<\/em>.<\/p>\n<p>De m\u00eame, les maires, <em>\u00ab\u00a0de tous les combats, de toutes les crises, \u00e0 mes c\u00f4t\u00e9s et \u00e0 votre service\u00a0\u00bb<\/em>.<\/p>\n<p>Il oublie pourtant la mise \u00e0 mal de nos services publics \u00e9trangl\u00e9s par les diff\u00e9rents budgets aust\u00e9ritaires successifs propos\u00e9s et vot\u00e9s par son propre camp.<!--more   ...Lire la suite...   --><\/p>\n<p>Il oublie les diff\u00e9rentes coupes appliqu\u00e9es et pr\u00e9vues pour les collectivit\u00e9s : le nouvel effort de 8 milliards d\u2019euros r\u00e9clam\u00e9 pour 2026, soit trois \u00e0 quatre fois plus qu\u2019en 2025.<\/p>\n<p>Et il promet des <em>\u00ab\u00a0r\u00e9ponses\u00a0\u00bb<\/em> face aux <em>\u00ab\u00a0urgences\u00a0\u00bb<\/em>\u00a0: <em>\u00ab\u00a0se doter d\u2019un budget, agir pour les agriculteurs, renforcer notre \u00e9conomie en simplifiant les r\u00e8gles pour nos entrepreneurs et nos agriculteurs, mener sans rel\u00e2che la lutte contre le trafic de drogue, poursuivre la formation de nos enseignants, mettre en \u0153uvre une d\u00e9centralisation concr\u00e8te et radicale et r\u00e9pondre aux aspirations l\u00e9gitimes de la Corse et de plusieurs territoires d\u2019outre-mer\u00a0\u00bb<\/em>.<\/p>\n<p><em>\u00ab\u00a0Regardons loin, regardons devant\u00a0\u00bb<\/em>, flattant ce qui constitue selon lui l\u2019esprit fran\u00e7ais\u00a0: le d\u00e9sir de<em> \u00ab\u00a0paix\u00a0\u00bb<\/em>, la qu\u00eate de <em>\u00ab\u00a0libert\u00e9\u00a0\u00bb,<\/em> <em>\u00ab\u00a0Je nous souhaite de r\u00e9sister \u00e0 l\u2019air du temps tout car nous sommes fran\u00e7ais\u00a0\u00bb<\/em>. Franchouillardise, quand tu nous tiens.<\/p>\n<p>Mais c\u2019est vite oubli\u00e9 son inaction face au g\u00e9nocide qui continue en Palestine, sa volont\u00e9 d\u2019augmenter le budget des arm\u00e9es pour entrainer l\u2019Europe vers encore plus de conflit.<\/p>\n<p>C\u2019est vite oubli\u00e9 le refus de son camp pour plus de justice fiscale, les 211 milliards offerts au grand capital, ses positionnements mous face au r\u00e9chauffement climatique.<\/p>\n<p>C\u2019est vite oubli\u00e9 que pr\u00e8s de 10 millions de nos concitoyens vivent sous le seuil de pauvret\u00e9, mais il ose quand m\u00eame parler de l\u2019attention port\u00e9e \u00e0 <em>\u00ab\u00a0l\u2019humain\u00a0\u00bb.<\/em><\/p>\n<p>Et pour finir, de verser dans le pathos\u00a0: <em>\u00ab\u00a0Ne renon\u00e7ons pas<\/em>\u00a0! <em>Ne renon\u00e7ons pas \u00e0 \u00eatre une nation plus solidaire, plus fraternelle\u00a0\u00bb.<\/em><\/p>\n<p>Alors oui, M. Macron, nous ne renoncerons pas. Mais pas comme vous l\u2019entendez. Car il y a les paroles, mais aussi les actes. Nous n\u2019aurons pas la m\u00e9moire courte en 2026, dans la rue, dans les urnes. Vous continuerez de nous trouver face \u00e0 vous et vos amis les riches.<\/p>\n","protected":false},"excerpt":{"rendered":"<p>Lors de ses v\u0153ux pour la nouvelle ann\u00e9e, Macron se f\u00e9licite et f\u00e9licite. Saluant \u00ab\u00a0les forces de s\u00e9curit\u00e9\u00a0\u00bb, les \u00ab\u00a0b\u00e9n\u00e9voles\u00a0\u00bb, les \u00ab\u00a0travailleurs\u00a0\u00bb, les \u00ab\u00a0soignants\u00a0\u00bb, \u00ab\u00a0en premi\u00e8re ligne face aux difficult\u00e9s pour apporter secours et fraternit\u00e9\u00a0\u00bb, Emmanuel Macron a rappel\u00e9 leur r\u00f4le essentiel\u00a0: \u00ab\u00a0Ainsi va le destin des nations qui tiennent gr\u00e2ce au d\u00e9vouement de leurs &hellip; <a href=\"https:\/\/pcbigouden.fr\/?p=5993\" class=\"more-link\">Continue reading <span class=\"screen-reader-text\">Des paroles et des actes<\/span><\/a><\/p>\n","protected":false},"author":5,"featured_media":0,"comment_status":"open","ping_status":"closed","sticky":false,"template":"","format":"standard","meta":{"_jetpack_memberships_contains_paid_content":false,"footnotes":""},"categories":[2,3,4,59,13],"tags":[18,144,60,65],"class_list":["post-5993","post","type-post","status-publish","format-standard","hentry","category-democratie","category-economie","category-electionpresid-2022","category-parti-communiste","category-social","tag-capitalisme","tag-macron","tag-pcf","tag-social"],"yoast_head":"<!-- This site is optimized with the Yoast SEO plugin v27.5 - https:\/\/yoast.com\/product\/yoast-seo-wordpress\/ -->\n<title>Des paroles et des actes - PCF Pays Bigouden<\/title>\n<meta name=\"robots\" content=\"index, follow, max-snippet:-1, max-image-preview:large, max-video-preview:-1\" \/>\n<link rel=\"canonical\" href=\"https:\/\/pcbigouden.fr\/?p=5993\" \/>\n<meta property=\"og:locale\" content=\"fr_FR\" \/>\n<meta property=\"og:type\" content=\"article\" \/>\n<meta property=\"og:title\" content=\"Des paroles et des actes - PCF Pays Bigouden\" \/>\n<meta property=\"og:description\" content=\"Lors de ses v\u0153ux pour la nouvelle ann\u00e9e, Macron se f\u00e9licite et f\u00e9licite. Saluant \u00ab\u00a0les forces de s\u00e9curit\u00e9\u00a0\u00bb, les \u00ab\u00a0b\u00e9n\u00e9voles\u00a0\u00bb, les \u00ab\u00a0travailleurs\u00a0\u00bb, les \u00ab\u00a0soignants\u00a0\u00bb, \u00ab\u00a0en premi\u00e8re ligne face aux difficult\u00e9s pour apporter secours et fraternit\u00e9\u00a0\u00bb, Emmanuel Macron a rappel\u00e9 leur r\u00f4le essentiel\u00a0: \u00ab\u00a0Ainsi va le destin des nations qui tiennent gr\u00e2ce au d\u00e9vouement de leurs &hellip; Continue reading Des paroles et des actes\" \/>\n<meta property=\"og:url\" content=\"https:\/\/pcbigouden.fr\/?p=5993\" \/>\n<meta property=\"og:site_name\" content=\"PCF Pays Bigouden\" \/>\n<meta property=\"article:published_time\" content=\"2026-01-02T07:30:36+00:00\" \/>\n<meta property=\"article:modified_time\" content=\"2026-01-02T11:08:00+00:00\" \/>\n<meta name=\"author\" content=\"cortomaltes29\" \/>\n<meta name=\"twitter:card\" content=\"summary_large_image\" \/>\n<meta name=\"twitter:label1\" content=\"\u00c9crit par\" \/>\n\t<meta name=\"twitter:data1\" content=\"cortomaltes29\" \/>\n\t<meta name=\"twitter:label2\" content=\"Dur\u00e9e de lecture estim\u00e9e\" \/>\n\t<meta name=\"twitter:data2\" content=\"2 minutes\" \/>\n<script type=\"application\/ld+json\" class=\"yoast-schema-graph\">{\"@context\":\"https:\\\/\\\/schema.org\",\"@graph\":[{\"@type\":\"Article\",\"@id\":\"https:\\\/\\\/pcbigouden.fr\\\/?p=5993#article\",\"isPartOf\":{\"@id\":\"https:\\\/\\\/pcbigouden.fr\\\/?p=5993\"},\"author\":{\"name\":\"cortomaltes29\",\"@id\":\"https:\\\/\\\/pcbigouden.fr\\\/#\\\/schema\\\/person\\\/dc763e11bee76f6c59d8d18653939a2c\"},\"headline\":\"Des paroles et des actes\",\"datePublished\":\"2026-01-02T07:30:36+00:00\",\"dateModified\":\"2026-01-02T11:08:00+00:00\",\"mainEntityOfPage\":{\"@id\":\"https:\\\/\\\/pcbigouden.fr\\\/?p=5993\"},\"wordCount\":453,\"commentCount\":0,\"publisher\":{\"@id\":\"https:\\\/\\\/pcbigouden.fr\\\/#organization\"},\"keywords\":[\"capitalisme\",\"Macron\",\"pcf\",\"social\"],\"articleSection\":[\"D\u00e9mocratie\",\"Economie\",\"\u00c9lections\",\"Parti Communiste\",\"Social\"],\"inLanguage\":\"fr-FR\",\"potentialAction\":[{\"@type\":\"CommentAction\",\"name\":\"Comment\",\"target\":[\"https:\\\/\\\/pcbigouden.fr\\\/?p=5993#respond\"]}]},{\"@type\":\"WebPage\",\"@id\":\"https:\\\/\\\/pcbigouden.fr\\\/?p=5993\",\"url\":\"https:\\\/\\\/pcbigouden.fr\\\/?p=5993\",\"name\":\"Des paroles et des actes - PCF Pays Bigouden\",\"isPartOf\":{\"@id\":\"https:\\\/\\\/pcbigouden.fr\\\/#website\"},\"datePublished\":\"2026-01-02T07:30:36+00:00\",\"dateModified\":\"2026-01-02T11:08:00+00:00\",\"breadcrumb\":{\"@id\":\"https:\\\/\\\/pcbigouden.fr\\\/?p=5993#breadcrumb\"},\"inLanguage\":\"fr-FR\",\"potentialAction\":[{\"@type\":\"ReadAction\",\"target\":[\"https:\\\/\\\/pcbigouden.fr\\\/?p=5993\"]}]},{\"@type\":\"BreadcrumbList\",\"@id\":\"https:\\\/\\\/pcbigouden.fr\\\/?p=5993#breadcrumb\",\"itemListElement\":[{\"@type\":\"ListItem\",\"position\":1,\"name\":\"Accueil\",\"item\":\"https:\\\/\\\/pcbigouden.fr\\\/\"},{\"@type\":\"ListItem\",\"position\":2,\"name\":\"Des paroles et des actes\"}]},{\"@type\":\"WebSite\",\"@id\":\"https:\\\/\\\/pcbigouden.fr\\\/#website\",\"url\":\"https:\\\/\\\/pcbigouden.fr\\\/\",\"name\":\"PCF Pays Bigouden\",\"description\":\"Blog des communistes du Pays Bigouden\",\"publisher\":{\"@id\":\"https:\\\/\\\/pcbigouden.fr\\\/#organization\"},\"potentialAction\":[{\"@type\":\"SearchAction\",\"target\":{\"@type\":\"EntryPoint\",\"urlTemplate\":\"https:\\\/\\\/pcbigouden.fr\\\/?s={search_term_string}\"},\"query-input\":{\"@type\":\"PropertyValueSpecification\",\"valueRequired\":true,\"valueName\":\"search_term_string\"}}],\"inLanguage\":\"fr-FR\"},{\"@type\":\"Organization\",\"@id\":\"https:\\\/\\\/pcbigouden.fr\\\/#organization\",\"name\":\"Parti Communiste PCF Pays Bigouden\",\"url\":\"https:\\\/\\\/pcbigouden.fr\\\/\",\"logo\":{\"@type\":\"ImageObject\",\"inLanguage\":\"fr-FR\",\"@id\":\"https:\\\/\\\/pcbigouden.fr\\\/#\\\/schema\\\/logo\\\/image\\\/\",\"url\":\"https:\\\/\\\/pcbigouden.fr\\\/wp-content\\\/uploads\\\/2021\\\/10\\\/logoTB307x290.jpg\",\"contentUrl\":\"https:\\\/\\\/pcbigouden.fr\\\/wp-content\\\/uploads\\\/2021\\\/10\\\/logoTB307x290.jpg\",\"width\":307,\"height\":290,\"caption\":\"Parti Communiste PCF Pays Bigouden\"},\"image\":{\"@id\":\"https:\\\/\\\/pcbigouden.fr\\\/#\\\/schema\\\/logo\\\/image\\\/\"}},{\"@type\":\"Person\",\"@id\":\"https:\\\/\\\/pcbigouden.fr\\\/#\\\/schema\\\/person\\\/dc763e11bee76f6c59d8d18653939a2c\",\"name\":\"cortomaltes29\",\"image\":{\"@type\":\"ImageObject\",\"inLanguage\":\"fr-FR\",\"@id\":\"https:\\\/\\\/secure.gravatar.com\\\/avatar\\\/c2ce5036b4b39dfed348d934e527c141cfac704b84e909e2086924ec476d0315?s=96&d=mm&r=g\",\"url\":\"https:\\\/\\\/secure.gravatar.com\\\/avatar\\\/c2ce5036b4b39dfed348d934e527c141cfac704b84e909e2086924ec476d0315?s=96&d=mm&r=g\",\"contentUrl\":\"https:\\\/\\\/secure.gravatar.com\\\/avatar\\\/c2ce5036b4b39dfed348d934e527c141cfac704b84e909e2086924ec476d0315?s=96&d=mm&r=g\",\"caption\":\"cortomaltes29\"},\"url\":\"https:\\\/\\\/pcbigouden.fr\\\/?author=5\"}]}<\/script>\n<!-- \/ Yoast SEO plugin. -->","yoast_head_json":{"title":"Des paroles et des actes - PCF Pays Bigouden","robots":{"index":"index","follow":"follow","max-snippet":"max-snippet:-1","max-image-preview":"max-image-preview:large","max-video-preview":"max-video-preview:-1"},"canonical":"https:\/\/pcbigouden.fr\/?p=5993","og_locale":"fr_FR","og_type":"article","og_title":"Des paroles et des actes - PCF Pays Bigouden","og_description":"Lors de ses v\u0153ux pour la nouvelle ann\u00e9e, Macron se f\u00e9licite et f\u00e9licite. Saluant \u00ab\u00a0les forces de s\u00e9curit\u00e9\u00a0\u00bb, les \u00ab\u00a0b\u00e9n\u00e9voles\u00a0\u00bb, les \u00ab\u00a0travailleurs\u00a0\u00bb, les \u00ab\u00a0soignants\u00a0\u00bb, \u00ab\u00a0en premi\u00e8re ligne face aux difficult\u00e9s pour apporter secours et fraternit\u00e9\u00a0\u00bb, Emmanuel Macron a rappel\u00e9 leur r\u00f4le essentiel\u00a0: \u00ab\u00a0Ainsi va le destin des nations qui tiennent gr\u00e2ce au d\u00e9vouement de leurs &hellip; Continue reading Des paroles et des actes","og_url":"https:\/\/pcbigouden.fr\/?p=5993","og_site_name":"PCF Pays Bigouden","article_published_time":"2026-01-02T07:30:36+00:00","article_modified_time":"2026-01-02T11:08:00+00:00","author":"cortomaltes29","twitter_card":"summary_large_image","twitter_misc":{"\u00c9crit par":"cortomaltes29","Dur\u00e9e de lecture estim\u00e9e":"2 minutes"},"schema":{"@context":"https:\/\/schema.org","@graph":[{"@type":"Article","@id":"https:\/\/pcbigouden.fr\/?p=5993#article","isPartOf":{"@id":"https:\/\/pcbigouden.fr\/?p=5993"},"author":{"name":"cortomaltes29","@id":"https:\/\/pcbigouden.fr\/#\/schema\/person\/dc763e11bee76f6c59d8d18653939a2c"},"headline":"Des paroles et des actes","datePublished":"2026-01-02T07:30:36+00:00","dateModified":"2026-01-02T11:08:00+00:00","mainEntityOfPage":{"@id":"https:\/\/pcbigouden.fr\/?p=5993"},"wordCount":453,"commentCount":0,"publisher":{"@id":"https:\/\/pcbigouden.fr\/#organization"},"keywords":["capitalisme","Macron","pcf","social"],"articleSection":["D\u00e9mocratie","Economie","\u00c9lections","Parti Communiste","Social"],"inLanguage":"fr-FR","potentialAction":[{"@type":"CommentAction","name":"Comment","target":["https:\/\/pcbigouden.fr\/?p=5993#respond"]}]},{"@type":"WebPage","@id":"https:\/\/pcbigouden.fr\/?p=5993","url":"https:\/\/pcbigouden.fr\/?p=5993","name":"Des paroles et des actes - PCF Pays Bigouden","isPartOf":{"@id":"https:\/\/pcbigouden.fr\/#website"},"datePublished":"2026-01-02T07:30:36+00:00","dateModified":"2026-01-02T11:08:00+00:00","breadcrumb":{"@id":"https:\/\/pcbigouden.fr\/?p=5993#breadcrumb"},"inLanguage":"fr-FR","potentialAction":[{"@type":"ReadAction","target":["https:\/\/pcbigouden.fr\/?p=5993"]}]},{"@type":"BreadcrumbList","@id":"https:\/\/pcbigouden.fr\/?p=5993#breadcrumb","itemListElement":[{"@type":"ListItem","position":1,"name":"Accueil","item":"https:\/\/pcbigouden.fr\/"},{"@type":"ListItem","position":2,"name":"Des paroles et des actes"}]},{"@type":"WebSite","@id":"https:\/\/pcbigouden.fr\/#website","url":"https:\/\/pcbigouden.fr\/","name":"PCF Pays Bigouden","description":"Blog des communistes du Pays Bigouden","publisher":{"@id":"https:\/\/pcbigouden.fr\/#organization"},"potentialAction":[{"@type":"SearchAction","target":{"@type":"EntryPoint","urlTemplate":"https:\/\/pcbigouden.fr\/?s={search_term_string}"},"query-input":{"@type":"PropertyValueSpecification","valueRequired":true,"valueName":"search_term_string"}}],"inLanguage":"fr-FR"},{"@type":"Organization","@id":"https:\/\/pcbigouden.fr\/#organization","name":"Parti Communiste PCF Pays Bigouden","url":"https:\/\/pcbigouden.fr\/","logo":{"@type":"ImageObject","inLanguage":"fr-FR","@id":"https:\/\/pcbigouden.fr\/#\/schema\/logo\/image\/","url":"https:\/\/pcbigouden.fr\/wp-content\/uploads\/2021\/10\/logoTB307x290.jpg","contentUrl":"https:\/\/pcbigouden.fr\/wp-content\/uploads\/2021\/10\/logoTB307x290.jpg","width":307,"height":290,"caption":"Parti Communiste PCF Pays Bigouden"},"image":{"@id":"https:\/\/pcbigouden.fr\/#\/schema\/logo\/image\/"}},{"@type":"Person","@id":"https:\/\/pcbigouden.fr\/#\/schema\/person\/dc763e11bee76f6c59d8d18653939a2c","name":"cortomaltes29","image":{"@type":"ImageObject","inLanguage":"fr-FR","@id":"https:\/\/secure.gravatar.com\/avatar\/c2ce5036b4b39dfed348d934e527c141cfac704b84e909e2086924ec476d0315?s=96&d=mm&r=g","url":"https:\/\/secure.gravatar.com\/avatar\/c2ce5036b4b39dfed348d934e527c141cfac704b84e909e2086924ec476d0315?s=96&d=mm&r=g","contentUrl":"https:\/\/secure.gravatar.com\/avatar\/c2ce5036b4b39dfed348d934e527c141cfac704b84e909e2086924ec476d0315?s=96&d=mm&r=g","caption":"cortomaltes29"},"url":"https:\/\/pcbigouden.fr\/?author=5"}]}},"jetpack_featured_media_url":"","jetpack_sharing_enabled":true,"jetpack_likes_enabled":true,"_links":{"self":[{"href":"https:\/\/pcbigouden.fr\/index.php?rest_route=\/wp\/v2\/posts\/5993","targetHints":{"allow":["GET"]}}],"collection":[{"href":"https:\/\/pcbigouden.fr\/index.php?rest_route=\/wp\/v2\/posts"}],"about":[{"href":"https:\/\/pcbigouden.fr\/index.php?rest_route=\/wp\/v2\/types\/post"}],"author":[{"embeddable":true,"href":"https:\/\/pcbigouden.fr\/index.php?rest_route=\/wp\/v2\/users\/5"}],"replies":[{"embeddable":true,"href":"https:\/\/pcbigouden.fr\/index.php?rest_route=%2Fwp%2Fv2%2Fcomments&post=5993"}],"version-history":[{"count":4,"href":"https:\/\/pcbigouden.fr\/index.php?rest_route=\/wp\/v2\/posts\/5993\/revisions"}],"predecessor-version":[{"id":5997,"href":"https:\/\/pcbigouden.fr\/index.php?rest_route=\/wp\/v2\/posts\/5993\/revisions\/5997"}],"wp:attachment":[{"href":"https:\/\/pcbigouden.fr\/index.php?rest_route=%2Fwp%2Fv2%2Fmedia&parent=5993"}],"wp:term":[{"taxonomy":"category","embeddable":true,"href":"https:\/\/pcbigouden.fr\/index.php?rest_route=%2Fwp%2Fv2%2Fcategories&post=5993"},{"taxonomy":"post_tag","embeddable":true,"href":"https:\/\/pcbigouden.fr\/index.php?rest_route=%2Fwp%2Fv2%2Ftags&post=5993"}],"curies":[{"name":"wp","href":"https:\/\/api.w.org\/{rel}","templated":true}]}}