{"id":5929,"date":"2025-12-10T16:26:54","date_gmt":"2025-12-10T15:26:54","guid":{"rendered":"https:\/\/pcbigouden.fr\/?p=5929"},"modified":"2025-12-11T10:24:41","modified_gmt":"2025-12-11T09:24:41","slug":"la-laicite-se-fete-en-pays-bigouden","status":"publish","type":"post","link":"https:\/\/pcbigouden.fr\/?p=5929","title":{"rendered":"La la\u00efcit\u00e9 se f\u00eate en pays bigouden"},"content":{"rendered":"<p><a href=\"https:\/\/pcbigouden.fr\/wp-content\/uploads\/2025\/12\/AL.png\"><img loading=\"lazy\" decoding=\"async\" class=\"size-medium wp-image-5933 alignright\" src=\"https:\/\/pcbigouden.fr\/wp-content\/uploads\/2025\/12\/AL-300x213.png\" alt=\"\" width=\"300\" height=\"213\" srcset=\"https:\/\/pcbigouden.fr\/wp-content\/uploads\/2025\/12\/AL-300x213.png 300w, https:\/\/pcbigouden.fr\/wp-content\/uploads\/2025\/12\/AL-152x108.png 152w, https:\/\/pcbigouden.fr\/wp-content\/uploads\/2025\/12\/AL.png 350w\" sizes=\"auto, (max-width: 300px) 100vw, 300px\" \/><\/a><\/p>\n<p>Parce que la la\u00efcit\u00e9 n&rsquo;est pas qu&rsquo;un mot, l&rsquo;Amicale La\u00efque de Pont-l&rsquo;Abb\u00e9 vous invite \u00e0 faire la f\u00eate \u00e0 l&rsquo;occasion des 120 ans de la La\u00efcit\u00e9. Vous trouverez en PJ l&rsquo;affiche d\u00e9di\u00e9e. N&rsquo;h\u00e9sitez pas \u00e0 la diffuser le plus largement possible, plus on est de fous, plus on rit !<\/p>\n<p>Salutations amicalistes<\/p>\n<p>&nbsp;<\/p>\n<h2><a href=\"https:\/\/pcbigouden.fr\/wp-content\/uploads\/2025\/12\/Affiche.pdf\">Affiche<\/a><\/h2>\n","protected":false},"excerpt":{"rendered":"<p>Parce que la la\u00efcit\u00e9 n&rsquo;est pas qu&rsquo;un mot, l&rsquo;Amicale La\u00efque de Pont-l&rsquo;Abb\u00e9 vous invite \u00e0 faire la f\u00eate \u00e0 l&rsquo;occasion des 120 ans de la La\u00efcit\u00e9. Vous trouverez en PJ l&rsquo;affiche d\u00e9di\u00e9e. N&rsquo;h\u00e9sitez pas \u00e0 la diffuser le plus largement possible, plus on est de fous, plus on rit ! Salutations amicalistes &nbsp; Affiche<\/p>\n","protected":false},"author":5,"featured_media":0,"comment_status":"open","ping_status":"closed","sticky":false,"template":"","format":"standard","meta":{"_jetpack_memberships_contains_paid_content":false,"footnotes":""},"categories":[2,14],"tags":[288,94,289],"class_list":["post-5929","post","type-post","status-publish","format-standard","hentry","category-democratie","category-vie-locale","tag-amicale-laique","tag-bigouden","tag-laicite"],"yoast_head":"<!-- This site is optimized with the Yoast SEO plugin v27.5 - https:\/\/yoast.com\/product\/yoast-seo-wordpress\/ -->\n<title>La la\u00efcit\u00e9 se f\u00eate en pays bigouden - PCF Pays Bigouden<\/title>\n<meta name=\"robots\" content=\"index, follow, max-snippet:-1, max-image-preview:large, max-video-preview:-1\" \/>\n<link rel=\"canonical\" href=\"https:\/\/pcbigouden.fr\/?p=5929\" \/>\n<meta property=\"og:locale\" content=\"fr_FR\" \/>\n<meta property=\"og:type\" content=\"article\" \/>\n<meta property=\"og:title\" content=\"La la\u00efcit\u00e9 se f\u00eate en pays bigouden - PCF Pays Bigouden\" \/>\n<meta property=\"og:description\" content=\"Parce que la la\u00efcit\u00e9 n&rsquo;est pas qu&rsquo;un mot, l&rsquo;Amicale La\u00efque de Pont-l&rsquo;Abb\u00e9 vous invite \u00e0 faire la f\u00eate \u00e0 l&rsquo;occasion des 120 ans de la La\u00efcit\u00e9. Vous trouverez en PJ l&rsquo;affiche d\u00e9di\u00e9e. N&rsquo;h\u00e9sitez pas \u00e0 la diffuser le plus largement possible, plus on est de fous, plus on rit ! Salutations amicalistes &nbsp; Affiche\" \/>\n<meta property=\"og:url\" content=\"https:\/\/pcbigouden.fr\/?p=5929\" \/>\n<meta property=\"og:site_name\" content=\"PCF Pays Bigouden\" \/>\n<meta property=\"article:published_time\" content=\"2025-12-10T15:26:54+00:00\" \/>\n<meta property=\"article:modified_time\" content=\"2025-12-11T09:24:41+00:00\" \/>\n<meta property=\"og:image\" content=\"https:\/\/pcbigouden.fr\/wp-content\/uploads\/2025\/12\/AL.png\" \/>\n\t<meta property=\"og:image:width\" content=\"350\" \/>\n\t<meta property=\"og:image:height\" content=\"248\" \/>\n\t<meta property=\"og:image:type\" content=\"image\/png\" \/>\n<meta name=\"author\" content=\"cortomaltes29\" \/>\n<meta name=\"twitter:card\" content=\"summary_large_image\" \/>\n<meta name=\"twitter:label1\" content=\"\u00c9crit par\" \/>\n\t<meta name=\"twitter:data1\" content=\"cortomaltes29\" \/>\n<script type=\"application\/ld+json\" class=\"yoast-schema-graph\">{\"@context\":\"https:\\\/\\\/schema.org\",\"@graph\":[{\"@type\":\"Article\",\"@id\":\"https:\\\/\\\/pcbigouden.fr\\\/?p=5929#article\",\"isPartOf\":{\"@id\":\"https:\\\/\\\/pcbigouden.fr\\\/?p=5929\"},\"author\":{\"name\":\"cortomaltes29\",\"@id\":\"https:\\\/\\\/pcbigouden.fr\\\/#\\\/schema\\\/person\\\/dc763e11bee76f6c59d8d18653939a2c\"},\"headline\":\"La la\u00efcit\u00e9 se f\u00eate en pays bigouden\",\"datePublished\":\"2025-12-10T15:26:54+00:00\",\"dateModified\":\"2025-12-11T09:24:41+00:00\",\"mainEntityOfPage\":{\"@id\":\"https:\\\/\\\/pcbigouden.fr\\\/?p=5929\"},\"wordCount\":72,\"commentCount\":0,\"publisher\":{\"@id\":\"https:\\\/\\\/pcbigouden.fr\\\/#organization\"},\"image\":{\"@id\":\"https:\\\/\\\/pcbigouden.fr\\\/?p=5929#primaryimage\"},\"thumbnailUrl\":\"https:\\\/\\\/pcbigouden.fr\\\/wp-content\\\/uploads\\\/2025\\\/12\\\/AL-300x213.png\",\"keywords\":[\"amicale la\u00efque\",\"bigouden\",\"La\u00efcit\u00e9\"],\"articleSection\":[\"D\u00e9mocratie\",\"Vie Locale\"],\"inLanguage\":\"fr-FR\",\"potentialAction\":[{\"@type\":\"CommentAction\",\"name\":\"Comment\",\"target\":[\"https:\\\/\\\/pcbigouden.fr\\\/?p=5929#respond\"]}]},{\"@type\":\"WebPage\",\"@id\":\"https:\\\/\\\/pcbigouden.fr\\\/?p=5929\",\"url\":\"https:\\\/\\\/pcbigouden.fr\\\/?p=5929\",\"name\":\"La la\u00efcit\u00e9 se f\u00eate en pays bigouden - PCF Pays Bigouden\",\"isPartOf\":{\"@id\":\"https:\\\/\\\/pcbigouden.fr\\\/#website\"},\"primaryImageOfPage\":{\"@id\":\"https:\\\/\\\/pcbigouden.fr\\\/?p=5929#primaryimage\"},\"image\":{\"@id\":\"https:\\\/\\\/pcbigouden.fr\\\/?p=5929#primaryimage\"},\"thumbnailUrl\":\"https:\\\/\\\/pcbigouden.fr\\\/wp-content\\\/uploads\\\/2025\\\/12\\\/AL-300x213.png\",\"datePublished\":\"2025-12-10T15:26:54+00:00\",\"dateModified\":\"2025-12-11T09:24:41+00:00\",\"breadcrumb\":{\"@id\":\"https:\\\/\\\/pcbigouden.fr\\\/?p=5929#breadcrumb\"},\"inLanguage\":\"fr-FR\",\"potentialAction\":[{\"@type\":\"ReadAction\",\"target\":[\"https:\\\/\\\/pcbigouden.fr\\\/?p=5929\"]}]},{\"@type\":\"ImageObject\",\"inLanguage\":\"fr-FR\",\"@id\":\"https:\\\/\\\/pcbigouden.fr\\\/?p=5929#primaryimage\",\"url\":\"https:\\\/\\\/pcbigouden.fr\\\/wp-content\\\/uploads\\\/2025\\\/12\\\/AL.png\",\"contentUrl\":\"https:\\\/\\\/pcbigouden.fr\\\/wp-content\\\/uploads\\\/2025\\\/12\\\/AL.png\",\"width\":350,\"height\":248},{\"@type\":\"BreadcrumbList\",\"@id\":\"https:\\\/\\\/pcbigouden.fr\\\/?p=5929#breadcrumb\",\"itemListElement\":[{\"@type\":\"ListItem\",\"position\":1,\"name\":\"Accueil\",\"item\":\"https:\\\/\\\/pcbigouden.fr\\\/\"},{\"@type\":\"ListItem\",\"position\":2,\"name\":\"La la\u00efcit\u00e9 se f\u00eate en pays bigouden\"}]},{\"@type\":\"WebSite\",\"@id\":\"https:\\\/\\\/pcbigouden.fr\\\/#website\",\"url\":\"https:\\\/\\\/pcbigouden.fr\\\/\",\"name\":\"PCF Pays Bigouden\",\"description\":\"Blog des communistes du Pays Bigouden\",\"publisher\":{\"@id\":\"https:\\\/\\\/pcbigouden.fr\\\/#organization\"},\"potentialAction\":[{\"@type\":\"SearchAction\",\"target\":{\"@type\":\"EntryPoint\",\"urlTemplate\":\"https:\\\/\\\/pcbigouden.fr\\\/?s={search_term_string}\"},\"query-input\":{\"@type\":\"PropertyValueSpecification\",\"valueRequired\":true,\"valueName\":\"search_term_string\"}}],\"inLanguage\":\"fr-FR\"},{\"@type\":\"Organization\",\"@id\":\"https:\\\/\\\/pcbigouden.fr\\\/#organization\",\"name\":\"Parti Communiste PCF Pays Bigouden\",\"url\":\"https:\\\/\\\/pcbigouden.fr\\\/\",\"logo\":{\"@type\":\"ImageObject\",\"inLanguage\":\"fr-FR\",\"@id\":\"https:\\\/\\\/pcbigouden.fr\\\/#\\\/schema\\\/logo\\\/image\\\/\",\"url\":\"https:\\\/\\\/pcbigouden.fr\\\/wp-content\\\/uploads\\\/2021\\\/10\\\/logoTB307x290.jpg\",\"contentUrl\":\"https:\\\/\\\/pcbigouden.fr\\\/wp-content\\\/uploads\\\/2021\\\/10\\\/logoTB307x290.jpg\",\"width\":307,\"height\":290,\"caption\":\"Parti Communiste PCF Pays Bigouden\"},\"image\":{\"@id\":\"https:\\\/\\\/pcbigouden.fr\\\/#\\\/schema\\\/logo\\\/image\\\/\"}},{\"@type\":\"Person\",\"@id\":\"https:\\\/\\\/pcbigouden.fr\\\/#\\\/schema\\\/person\\\/dc763e11bee76f6c59d8d18653939a2c\",\"name\":\"cortomaltes29\",\"image\":{\"@type\":\"ImageObject\",\"inLanguage\":\"fr-FR\",\"@id\":\"https:\\\/\\\/secure.gravatar.com\\\/avatar\\\/c2ce5036b4b39dfed348d934e527c141cfac704b84e909e2086924ec476d0315?s=96&d=mm&r=g\",\"url\":\"https:\\\/\\\/secure.gravatar.com\\\/avatar\\\/c2ce5036b4b39dfed348d934e527c141cfac704b84e909e2086924ec476d0315?s=96&d=mm&r=g\",\"contentUrl\":\"https:\\\/\\\/secure.gravatar.com\\\/avatar\\\/c2ce5036b4b39dfed348d934e527c141cfac704b84e909e2086924ec476d0315?s=96&d=mm&r=g\",\"caption\":\"cortomaltes29\"},\"url\":\"https:\\\/\\\/pcbigouden.fr\\\/?author=5\"}]}<\/script>\n<!-- \/ Yoast SEO plugin. -->","yoast_head_json":{"title":"La la\u00efcit\u00e9 se f\u00eate en pays bigouden - PCF Pays Bigouden","robots":{"index":"index","follow":"follow","max-snippet":"max-snippet:-1","max-image-preview":"max-image-preview:large","max-video-preview":"max-video-preview:-1"},"canonical":"https:\/\/pcbigouden.fr\/?p=5929","og_locale":"fr_FR","og_type":"article","og_title":"La la\u00efcit\u00e9 se f\u00eate en pays bigouden - PCF Pays Bigouden","og_description":"Parce que la la\u00efcit\u00e9 n&rsquo;est pas qu&rsquo;un mot, l&rsquo;Amicale La\u00efque de Pont-l&rsquo;Abb\u00e9 vous invite \u00e0 faire la f\u00eate \u00e0 l&rsquo;occasion des 120 ans de la La\u00efcit\u00e9. Vous trouverez en PJ l&rsquo;affiche d\u00e9di\u00e9e. N&rsquo;h\u00e9sitez pas \u00e0 la diffuser le plus largement possible, plus on est de fous, plus on rit ! Salutations amicalistes &nbsp; Affiche","og_url":"https:\/\/pcbigouden.fr\/?p=5929","og_site_name":"PCF Pays Bigouden","article_published_time":"2025-12-10T15:26:54+00:00","article_modified_time":"2025-12-11T09:24:41+00:00","og_image":[{"width":350,"height":248,"url":"https:\/\/pcbigouden.fr\/wp-content\/uploads\/2025\/12\/AL.png","type":"image\/png"}],"author":"cortomaltes29","twitter_card":"summary_large_image","twitter_misc":{"\u00c9crit par":"cortomaltes29"},"schema":{"@context":"https:\/\/schema.org","@graph":[{"@type":"Article","@id":"https:\/\/pcbigouden.fr\/?p=5929#article","isPartOf":{"@id":"https:\/\/pcbigouden.fr\/?p=5929"},"author":{"name":"cortomaltes29","@id":"https:\/\/pcbigouden.fr\/#\/schema\/person\/dc763e11bee76f6c59d8d18653939a2c"},"headline":"La la\u00efcit\u00e9 se f\u00eate en pays bigouden","datePublished":"2025-12-10T15:26:54+00:00","dateModified":"2025-12-11T09:24:41+00:00","mainEntityOfPage":{"@id":"https:\/\/pcbigouden.fr\/?p=5929"},"wordCount":72,"commentCount":0,"publisher":{"@id":"https:\/\/pcbigouden.fr\/#organization"},"image":{"@id":"https:\/\/pcbigouden.fr\/?p=5929#primaryimage"},"thumbnailUrl":"https:\/\/pcbigouden.fr\/wp-content\/uploads\/2025\/12\/AL-300x213.png","keywords":["amicale la\u00efque","bigouden","La\u00efcit\u00e9"],"articleSection":["D\u00e9mocratie","Vie Locale"],"inLanguage":"fr-FR","potentialAction":[{"@type":"CommentAction","name":"Comment","target":["https:\/\/pcbigouden.fr\/?p=5929#respond"]}]},{"@type":"WebPage","@id":"https:\/\/pcbigouden.fr\/?p=5929","url":"https:\/\/pcbigouden.fr\/?p=5929","name":"La la\u00efcit\u00e9 se f\u00eate en pays bigouden - PCF Pays Bigouden","isPartOf":{"@id":"https:\/\/pcbigouden.fr\/#website"},"primaryImageOfPage":{"@id":"https:\/\/pcbigouden.fr\/?p=5929#primaryimage"},"image":{"@id":"https:\/\/pcbigouden.fr\/?p=5929#primaryimage"},"thumbnailUrl":"https:\/\/pcbigouden.fr\/wp-content\/uploads\/2025\/12\/AL-300x213.png","datePublished":"2025-12-10T15:26:54+00:00","dateModified":"2025-12-11T09:24:41+00:00","breadcrumb":{"@id":"https:\/\/pcbigouden.fr\/?p=5929#breadcrumb"},"inLanguage":"fr-FR","potentialAction":[{"@type":"ReadAction","target":["https:\/\/pcbigouden.fr\/?p=5929"]}]},{"@type":"ImageObject","inLanguage":"fr-FR","@id":"https:\/\/pcbigouden.fr\/?p=5929#primaryimage","url":"https:\/\/pcbigouden.fr\/wp-content\/uploads\/2025\/12\/AL.png","contentUrl":"https:\/\/pcbigouden.fr\/wp-content\/uploads\/2025\/12\/AL.png","width":350,"height":248},{"@type":"BreadcrumbList","@id":"https:\/\/pcbigouden.fr\/?p=5929#breadcrumb","itemListElement":[{"@type":"ListItem","position":1,"name":"Accueil","item":"https:\/\/pcbigouden.fr\/"},{"@type":"ListItem","position":2,"name":"La la\u00efcit\u00e9 se f\u00eate en pays bigouden"}]},{"@type":"WebSite","@id":"https:\/\/pcbigouden.fr\/#website","url":"https:\/\/pcbigouden.fr\/","name":"PCF Pays Bigouden","description":"Blog des communistes du Pays Bigouden","publisher":{"@id":"https:\/\/pcbigouden.fr\/#organization"},"potentialAction":[{"@type":"SearchAction","target":{"@type":"EntryPoint","urlTemplate":"https:\/\/pcbigouden.fr\/?s={search_term_string}"},"query-input":{"@type":"PropertyValueSpecification","valueRequired":true,"valueName":"search_term_string"}}],"inLanguage":"fr-FR"},{"@type":"Organization","@id":"https:\/\/pcbigouden.fr\/#organization","name":"Parti Communiste PCF Pays Bigouden","url":"https:\/\/pcbigouden.fr\/","logo":{"@type":"ImageObject","inLanguage":"fr-FR","@id":"https:\/\/pcbigouden.fr\/#\/schema\/logo\/image\/","url":"https:\/\/pcbigouden.fr\/wp-content\/uploads\/2021\/10\/logoTB307x290.jpg","contentUrl":"https:\/\/pcbigouden.fr\/wp-content\/uploads\/2021\/10\/logoTB307x290.jpg","width":307,"height":290,"caption":"Parti Communiste PCF Pays Bigouden"},"image":{"@id":"https:\/\/pcbigouden.fr\/#\/schema\/logo\/image\/"}},{"@type":"Person","@id":"https:\/\/pcbigouden.fr\/#\/schema\/person\/dc763e11bee76f6c59d8d18653939a2c","name":"cortomaltes29","image":{"@type":"ImageObject","inLanguage":"fr-FR","@id":"https:\/\/secure.gravatar.com\/avatar\/c2ce5036b4b39dfed348d934e527c141cfac704b84e909e2086924ec476d0315?s=96&d=mm&r=g","url":"https:\/\/secure.gravatar.com\/avatar\/c2ce5036b4b39dfed348d934e527c141cfac704b84e909e2086924ec476d0315?s=96&d=mm&r=g","contentUrl":"https:\/\/secure.gravatar.com\/avatar\/c2ce5036b4b39dfed348d934e527c141cfac704b84e909e2086924ec476d0315?s=96&d=mm&r=g","caption":"cortomaltes29"},"url":"https:\/\/pcbigouden.fr\/?author=5"}]}},"jetpack_featured_media_url":"","jetpack_sharing_enabled":true,"jetpack_likes_enabled":true,"_links":{"self":[{"href":"https:\/\/pcbigouden.fr\/index.php?rest_route=\/wp\/v2\/posts\/5929","targetHints":{"allow":["GET"]}}],"collection":[{"href":"https:\/\/pcbigouden.fr\/index.php?rest_route=\/wp\/v2\/posts"}],"about":[{"href":"https:\/\/pcbigouden.fr\/index.php?rest_route=\/wp\/v2\/types\/post"}],"author":[{"embeddable":true,"href":"https:\/\/pcbigouden.fr\/index.php?rest_route=\/wp\/v2\/users\/5"}],"replies":[{"embeddable":true,"href":"https:\/\/pcbigouden.fr\/index.php?rest_route=%2Fwp%2Fv2%2Fcomments&post=5929"}],"version-history":[{"count":3,"href":"https:\/\/pcbigouden.fr\/index.php?rest_route=\/wp\/v2\/posts\/5929\/revisions"}],"predecessor-version":[{"id":5936,"href":"https:\/\/pcbigouden.fr\/index.php?rest_route=\/wp\/v2\/posts\/5929\/revisions\/5936"}],"wp:attachment":[{"href":"https:\/\/pcbigouden.fr\/index.php?rest_route=%2Fwp%2Fv2%2Fmedia&parent=5929"}],"wp:term":[{"taxonomy":"category","embeddable":true,"href":"https:\/\/pcbigouden.fr\/index.php?rest_route=%2Fwp%2Fv2%2Fcategories&post=5929"},{"taxonomy":"post_tag","embeddable":true,"href":"https:\/\/pcbigouden.fr\/index.php?rest_route=%2Fwp%2Fv2%2Ftags&post=5929"}],"curies":[{"name":"wp","href":"https:\/\/api.w.org\/{rel}","templated":true}]}}