{"id":5894,"date":"2025-11-25T11:37:40","date_gmt":"2025-11-25T10:37:40","guid":{"rendered":"https:\/\/pcbigouden.fr\/?p=5894"},"modified":"2025-12-02T10:02:04","modified_gmt":"2025-12-02T09:02:04","slug":"le-rn-naime-pas-le-peuple","status":"publish","type":"post","link":"https:\/\/pcbigouden.fr\/?p=5894","title":{"rendered":"Le RN n&rsquo;aime pas le peuple"},"content":{"rendered":"<h3 style=\"text-align: center;\">Le Rassemblement national,<\/h3>\n<p>Le parti du rassemblement national n\u2019aime ni le peuple,(les classes popu-<br \/>\nlaires, la classe travailleuse), ni la patrie. Il est l\u2019ultime rempart dans la d\u00e9-<br \/>\nfense des int\u00e9r\u00eats de la classe capitaliste des oligarchies dominantes et me-<br \/>\nnace la coh\u00e9sion sociale et la paix civile.<!--more ...Lire la suite... --><\/p>\n<h3>D\u2019o\u00f9 vient le rassemblement national et ce qu\u2019il est<\/h3>\n<p>Le rassemblement national, ex front national a \u00e9t\u00e9 fond\u00e9 par d\u2019anciens colla-<br \/>\nborateurs pro-nazis et des militants de l\u2019Alg\u00e9rie fran\u00e7aise, de l\u2019OAS.<br \/>\nIl s\u2019inscrit dans la longue lign\u00e9e de l\u2019extr\u00eame droite fran\u00e7aise, sa galaxie de<br \/>\nchouans, de monarchistes, depuis l\u2019affaire Dreyfus jusqu\u2019au r\u00e9gime dictato-<br \/>\nrial, fasciste et collaborationniste de P\u00e9tain.<br \/>\nQuelle que soient ses tentatives de relooking, ses euph\u00e9misations (il ne parle<br \/>\nplus par exemple de nationalistes mais de patriotes), derri\u00e8re le rideau d\u2019une<br \/>\nrespectabilit\u00e9 affich\u00e9e, la double h\u00e9lice de son ADN chante toujours la ren-<br \/>\ngaine du racisme, de l\u2019antis\u00e9mitisme, de l\u2019ordre et de l\u2019autorit\u00e9.<br \/>\nL\u2019entre-deux tours des derni\u00e8res \u00e9lections l\u00e9gislatives, alors que lui pous-<br \/>\nsaient les ailes d\u2019une victoire suppos\u00e9e, a vu le surgissement d\u2019un flot de<br \/>\npropos racistes, une vague naus\u00e9abonde sur laquelle surfaient nombre de<br \/>\nses candidats. La parole se lib\u00e9rait\u2026<br \/>\nPlus r\u00e9cemment \u00e0 l\u2019occasion du vote propos\u00e9 \u00e0 l\u2019assembl\u00e9e, dans le cadre<br \/>\nde sa niche parlementaire, sur la remise en cause de l\u2019accord de 68 avec<br \/>\nl\u2019Alg\u00e9rie, on a vu ressurgir son vieux fond raciste, sa jubilation haineuse. Le<br \/>\nrassemblement national est un parti du pass\u00e9, qui ne r\u00e9pond en rien aux en-<br \/>\njeux et probl\u00e8mes actuels<\/p>\n<h3>Apart\u00e9 sur l\u2019antis\u00e9mitisme et le soutien du rassemblement national<br \/>\n\u00e0 Netanyahu<\/h3>\n<p>L\u2019antis\u00e9mitisme est une constante historique de l\u2019extr\u00eame droite, une de ses<br \/>\nobsessions (sans l\u2019extr\u00eame droite y aurait il eu en France une affaire Dreyfus<br \/>\n?) Et pourtant, soudainement, le rassemblement national devient le d\u00e9fen-<br \/>\nseur de la communaut\u00e9 juive de France et assure Netanyahu d\u2019un soutien<br \/>\ninconditionnel !<br \/>\nCe myst\u00e8re n\u2019en n\u2019est pas un. Le combat de l\u2019antis\u00e9mitisme n\u2019est pas celui<br \/>\ndu rassemblement national. Ce qui est son combat c\u2019est la d\u00e9testation de<br \/>\nl\u2019arabe et par extension du musulman. Et surtout, surtout, son soutien va \u00e0<br \/>\ntous les gouvernements autoritaires et fascistes. De ce point de vue, nous y<br \/>\nreviendrons, le rassemblement national est coh\u00e9rent : il ne soutient pas Ne-<br \/>\ntanyahu en tant que juif, il soutient le raciste et l\u2019extr\u00e9miste qui combat les<br \/>\narabes et une forme de d\u00e9mocratie qu\u2019il d\u00e9teste (n\u2019oublions pas que N\u00e9ta-<br \/>\nnyahu combat activement l\u2019Etat de droit en Israel ).<br \/>\nPourquoi le rassemblement national n\u2019est pas \u00ab patriote \u00bb<br \/>\nEtant de gauche, il convient de se clarifier sur cette notion : la patrie, notion<br \/>\nconfisqu\u00e9e par la droite et l\u2019extr\u00eame droite est issue de la grande r\u00e9volution<br \/>\nfran\u00e7aise, de ses combats existentiels pour survivre face \u00e0 l\u2019agression<br \/>\nconcert\u00e9e et cumul\u00e9e des monarchies d\u2019Europe.<br \/>\nLa patrie est l\u2019espace de la r\u00e9publique entendue comme une communaut\u00e9<br \/>\nqui entend d\u00e9finir et choisir son destin.<br \/>\nPatrie et r\u00e9publique sont indissociables.<br \/>\nLa r\u00e9publique \u00e9tant entendue ici comme le lieu et le temps o\u00f9 se d\u00e9finissent<br \/>\nles r\u00e8gles d\u2019un vivre ensemble qui place le \u00ab contrat social \u00bb au dessus de<br \/>\ntoute autre consid\u00e9ration, notamment celle de la \u00ab race \u00bb, le grand d\u00e9lire<br \/>\nd\u2019une partie de la droite et de l\u2019ensemble des extr\u00eames droites.<br \/>\nJaur\u00e8s a eu une formulation que le Front National a tent\u00e9 de r\u00e9cup\u00e9rer en<br \/>\nson temps : \u00ab la patrie est ce qui appartient \u00e0 ceux qui n\u2019ont rien \u00bb.<br \/>\nVu superficiellement , c\u2019est la caution \u00e0 tous les dingues du nationalisme ob-<br \/>\nnubil\u00e9s par \u00ab la puret\u00e9 du sang \u00bb. Mais avec un peu de profondeur, la r\u00e9pu-<br \/>\nblique est l\u2019espace et le temps d\u00e9mocratique qui vise \u00e0 permettre \u00e0 chacun.e<br \/>\nindividuellement et collectivement de construire son destin et de se le r\u00e9ap-<br \/>\nproprier. La r\u00e9f\u00e9rence pourrait \u00e0 ce titre \u00eatre celle du combat des r\u00e9publi-<br \/>\ncains espagnols pour une soci\u00e9t\u00e9 libre et \u00e9mancip\u00e9e.<\/p>\n<h3>Mais pourquoi donc le rassemblement national n\u2019est pas patriote ?<\/h3>\n<p>Le rassemblement national n\u2019est pas patriote parce que son tropisme autori-<br \/>\ntaire et dictatorial l\u2019am\u00e8ne \u00e0 pr\u00e9f\u00e9rer les tyrans, les r\u00e9gimes et les dirigeants<br \/>\nfasciste, m\u00eame \u00e9trangers, \u00e0 une communaut\u00e9 nationale libre et solidaire, li-<br \/>\nb\u00e9r\u00e9e de toutes les formes de domination.<br \/>\nLe rassemblement national aime Bacher El Assad, Poutine, et maintenant<br \/>\nTrump.<br \/>\nC\u2019est une des contradictions du fascisme fran\u00e7ais. Ca ne date pas d\u2019au-<br \/>\njourd\u2019hui, le r\u00e9gime de Vichy a montr\u00e9 jusqu\u2019\u00e0 quel point les \u00ab nationalistes \u00bb<br \/>\npouvaient \u00eatre des traitres \u00e0 la nation.<br \/>\nLe r\u00e9gime de Poutine est une r\u00e9gime pr\u00e9dateur, maffieux, dictatorial, une<br \/>\nmonstruosit\u00e9 issue de l\u2019\u00e9chec \u00ab communiste \u00bb et aucune consid\u00e9ration<br \/>\n\u00ab g\u00e9opolitique \u00bb (l\u2019imp\u00e9rialisme am\u00e9ricain, l\u2019OTAN ) ne doit nous le faire ou-<br \/>\nblier.<br \/>\nEn cas de conflit avec la Russie de Poutine il est \u00e9vident que le rassemble-<br \/>\nment national serait pour le moins emp\u00eatr\u00e9 dans son tropisme pour les r\u00e9-<br \/>\ngimes autoritaires.<br \/>\nLe rassemblement national n\u2019aime pas le peuple, la classe travailleuse.<br \/>\nQuasiment tous les votes pour adopter des mesures de justice sociale, fis-<br \/>\ncale, ont \u00e9t\u00e9 retoqu\u00e9s par le rassemblement national. Il favorise syst\u00e9mati-<br \/>\nquement les int\u00e9r\u00eats des capitalistes, des milliardaires, des plus riches d\u00e8s<br \/>\nlors qu\u2019ils sont fran\u00e7ais.<br \/>\nIl apparait \u00e9vident que tout campagne d\u2019information \u00ab progressiste \u00bb doit<br \/>\nmettre en avant ces votes, leur nature.<br \/>\nLe rassemblement national d\u00e9nonce \u00ab l\u2019assistanat \u00bb au profit de \u00ab ceux qui<br \/>\ntravaillent dur \u00bb et ce faisant, il d\u00e9nonce les \u00ab pauvres \u00bb qui profiteraient des<br \/>\naides sociales, les \u00ab assist\u00e9s \u00bb (il s\u2019en prend d\u2019abord aux immigr\u00e9s, mais,<br \/>\njuste apr\u00e8s, aux autres, les pauvres \u00ab de souche \u00bb) car il partage fondamen-<br \/>\ntalement la vision id\u00e9ologique des dominants : les pauvres sont des fei-<br \/>\ngnants, des incapables, des poids pour la communaut\u00e9.<br \/>\nLe fascisme est une doctrine qui encense les \u00ab forts \u00bb, les \u00ab puissants \u00bb et<br \/>\ncondamn\u00e9 les \u00ab faibles \u00bb consid\u00e9r\u00e9s comme des rebuts de la soci\u00e9t\u00e9.<br \/>\nAinsi, le rassemblement national aime bien d\u00e9noncer les \u00ab assist\u00e9s \u00bb mais<br \/>\nceux d\u2019en bas , pas ceux d\u2019en haut. A noter au passage le plaidoyer de Bar-<br \/>\ndella pour les patrons qui se l\u00e8vent t\u00f4t pout travailler\u2026<\/p>\n<h3>Le rassemblement national un parti de guerre civile qui menace la tranquillit\u00e9<br \/>\npublique, la paix civile<\/h3>\n<p>Le rassemblement national est pr\u00eat \u00e0 dresser les uns contre les autres les<br \/>\ncat\u00e9gories de population. Il ne porte que des passions tristes : m\u00e9pris, haine,<br \/>\nbrutalit\u00e9, cruaut\u00e9 (pensons \u00e0 la volont\u00e9 de supprimer l\u2019aide m\u00e9dicale univer-<br \/>\nselle) au profit de son fantasme nostalgique pour un ordre social ancien, au-<br \/>\ntoritaire, hi\u00e9rarchique et \u00e9litiste, baignant dans les miasmes de la puret\u00e9 eth-<br \/>\nnique : les fran\u00e7ais de souche<br \/>\nCe parti peut encore faire du mal et il en fera si on le laisse faire.<\/p>\n<h3>Le rassemblement national et l\u2019Etat de droit<\/h3>\n<p>Les fascistes n\u2019ont pas envie de respecter le droit d\u2019un \u00e9tat de droit car ils<br \/>\nr\u00eavent d\u2019un Etat o\u00f9 le droit soit celui de leur bon vouloir, de leur puissance<br \/>\nincontest\u00e9e. Marine Le Pen condamn\u00e9e pour avoir d\u00e9tourn\u00e9 de l\u2019argent pu-<br \/>\nblic conteste un ordre qui lui interdit de se pr\u00e9senter aux \u00e9lections. Elle s\u2019en<br \/>\nprend aux juges, la \u00ab r\u00e9publique des juges \u00bb, oubliant que les juges n\u2019ap-<br \/>\npliquent que les lois vot\u00e9es par les majorit\u00e9s parlementaires \u00e9lues. Que fe-<br \/>\nraient donc du droit ces extr\u00e9mistes au pouvoir ?<\/p>\n","protected":false},"excerpt":{"rendered":"<p>Le Rassemblement national, Le parti du rassemblement national n\u2019aime ni le peuple,(les classes popu- laires, la classe travailleuse), ni la patrie. Il est l\u2019ultime rempart dans la d\u00e9- fense des int\u00e9r\u00eats de la classe capitaliste des oligarchies dominantes et me- nace la coh\u00e9sion sociale et la paix civile.<\/p>\n","protected":false},"author":11,"featured_media":0,"comment_status":"open","ping_status":"closed","sticky":false,"template":"","format":"standard","meta":{"_jetpack_memberships_contains_paid_content":false,"footnotes":""},"categories":[2,285],"tags":[287,75,245,145,92],"class_list":["post-5894","post","type-post","status-publish","format-standard","hentry","category-democratie","category-exteme-droite","tag-bardella","tag-extreme-droite","tag-fascisme","tag-le-pen","tag-rn"],"yoast_head":"<!-- This site is optimized with the Yoast SEO plugin v27.5 - https:\/\/yoast.com\/product\/yoast-seo-wordpress\/ -->\n<title>Le RN n&#039;aime pas le peuple - PCF Pays Bigouden<\/title>\n<meta name=\"robots\" content=\"index, follow, max-snippet:-1, max-image-preview:large, max-video-preview:-1\" \/>\n<link rel=\"canonical\" href=\"https:\/\/pcbigouden.fr\/?p=5894\" \/>\n<meta property=\"og:locale\" content=\"fr_FR\" \/>\n<meta property=\"og:type\" content=\"article\" \/>\n<meta property=\"og:title\" content=\"Le RN n&#039;aime pas le peuple - PCF Pays Bigouden\" \/>\n<meta property=\"og:description\" content=\"Le Rassemblement national, Le parti du rassemblement national n\u2019aime ni le peuple,(les classes popu- laires, la classe travailleuse), ni la patrie. Il est l\u2019ultime rempart dans la d\u00e9- fense des int\u00e9r\u00eats de la classe capitaliste des oligarchies dominantes et me- nace la coh\u00e9sion sociale et la paix civile.\" \/>\n<meta property=\"og:url\" content=\"https:\/\/pcbigouden.fr\/?p=5894\" \/>\n<meta property=\"og:site_name\" content=\"PCF Pays Bigouden\" \/>\n<meta property=\"article:published_time\" content=\"2025-11-25T10:37:40+00:00\" \/>\n<meta property=\"article:modified_time\" content=\"2025-12-02T09:02:04+00:00\" \/>\n<meta name=\"author\" content=\"raphael\" \/>\n<meta name=\"twitter:card\" content=\"summary_large_image\" \/>\n<meta name=\"twitter:label1\" content=\"\u00c9crit par\" \/>\n\t<meta name=\"twitter:data1\" content=\"raphael\" \/>\n\t<meta name=\"twitter:label2\" content=\"Dur\u00e9e de lecture estim\u00e9e\" \/>\n\t<meta name=\"twitter:data2\" content=\"7 minutes\" \/>\n<script type=\"application\/ld+json\" class=\"yoast-schema-graph\">{\"@context\":\"https:\\\/\\\/schema.org\",\"@graph\":[{\"@type\":\"Article\",\"@id\":\"https:\\\/\\\/pcbigouden.fr\\\/?p=5894#article\",\"isPartOf\":{\"@id\":\"https:\\\/\\\/pcbigouden.fr\\\/?p=5894\"},\"author\":{\"name\":\"raphael\",\"@id\":\"https:\\\/\\\/pcbigouden.fr\\\/#\\\/schema\\\/person\\\/3c3084fb159cfdf001cfc123c12fb924\"},\"headline\":\"Le RN n&rsquo;aime pas le peuple\",\"datePublished\":\"2025-11-25T10:37:40+00:00\",\"dateModified\":\"2025-12-02T09:02:04+00:00\",\"mainEntityOfPage\":{\"@id\":\"https:\\\/\\\/pcbigouden.fr\\\/?p=5894\"},\"wordCount\":1337,\"commentCount\":0,\"publisher\":{\"@id\":\"https:\\\/\\\/pcbigouden.fr\\\/#organization\"},\"keywords\":[\"Bardella\",\"extr\u00eame-droite\",\"fascisme\",\"Le Pen\",\"RN\"],\"articleSection\":[\"D\u00e9mocratie\",\"Ext\u00eame droite\"],\"inLanguage\":\"fr-FR\",\"potentialAction\":[{\"@type\":\"CommentAction\",\"name\":\"Comment\",\"target\":[\"https:\\\/\\\/pcbigouden.fr\\\/?p=5894#respond\"]}]},{\"@type\":\"WebPage\",\"@id\":\"https:\\\/\\\/pcbigouden.fr\\\/?p=5894\",\"url\":\"https:\\\/\\\/pcbigouden.fr\\\/?p=5894\",\"name\":\"Le RN n'aime pas le peuple - PCF Pays Bigouden\",\"isPartOf\":{\"@id\":\"https:\\\/\\\/pcbigouden.fr\\\/#website\"},\"datePublished\":\"2025-11-25T10:37:40+00:00\",\"dateModified\":\"2025-12-02T09:02:04+00:00\",\"breadcrumb\":{\"@id\":\"https:\\\/\\\/pcbigouden.fr\\\/?p=5894#breadcrumb\"},\"inLanguage\":\"fr-FR\",\"potentialAction\":[{\"@type\":\"ReadAction\",\"target\":[\"https:\\\/\\\/pcbigouden.fr\\\/?p=5894\"]}]},{\"@type\":\"BreadcrumbList\",\"@id\":\"https:\\\/\\\/pcbigouden.fr\\\/?p=5894#breadcrumb\",\"itemListElement\":[{\"@type\":\"ListItem\",\"position\":1,\"name\":\"Accueil\",\"item\":\"https:\\\/\\\/pcbigouden.fr\\\/\"},{\"@type\":\"ListItem\",\"position\":2,\"name\":\"Le RN n&rsquo;aime pas le peuple\"}]},{\"@type\":\"WebSite\",\"@id\":\"https:\\\/\\\/pcbigouden.fr\\\/#website\",\"url\":\"https:\\\/\\\/pcbigouden.fr\\\/\",\"name\":\"PCF Pays Bigouden\",\"description\":\"Blog des communistes du Pays Bigouden\",\"publisher\":{\"@id\":\"https:\\\/\\\/pcbigouden.fr\\\/#organization\"},\"potentialAction\":[{\"@type\":\"SearchAction\",\"target\":{\"@type\":\"EntryPoint\",\"urlTemplate\":\"https:\\\/\\\/pcbigouden.fr\\\/?s={search_term_string}\"},\"query-input\":{\"@type\":\"PropertyValueSpecification\",\"valueRequired\":true,\"valueName\":\"search_term_string\"}}],\"inLanguage\":\"fr-FR\"},{\"@type\":\"Organization\",\"@id\":\"https:\\\/\\\/pcbigouden.fr\\\/#organization\",\"name\":\"Parti Communiste PCF Pays Bigouden\",\"url\":\"https:\\\/\\\/pcbigouden.fr\\\/\",\"logo\":{\"@type\":\"ImageObject\",\"inLanguage\":\"fr-FR\",\"@id\":\"https:\\\/\\\/pcbigouden.fr\\\/#\\\/schema\\\/logo\\\/image\\\/\",\"url\":\"https:\\\/\\\/pcbigouden.fr\\\/wp-content\\\/uploads\\\/2021\\\/10\\\/logoTB307x290.jpg\",\"contentUrl\":\"https:\\\/\\\/pcbigouden.fr\\\/wp-content\\\/uploads\\\/2021\\\/10\\\/logoTB307x290.jpg\",\"width\":307,\"height\":290,\"caption\":\"Parti Communiste PCF Pays Bigouden\"},\"image\":{\"@id\":\"https:\\\/\\\/pcbigouden.fr\\\/#\\\/schema\\\/logo\\\/image\\\/\"}},{\"@type\":\"Person\",\"@id\":\"https:\\\/\\\/pcbigouden.fr\\\/#\\\/schema\\\/person\\\/3c3084fb159cfdf001cfc123c12fb924\",\"name\":\"raphael\",\"image\":{\"@type\":\"ImageObject\",\"inLanguage\":\"fr-FR\",\"@id\":\"https:\\\/\\\/secure.gravatar.com\\\/avatar\\\/d7c768d6315f212c80b762e1de87f137d4824459ac77f25fb19c81a1b1fa328c?s=96&d=mm&r=g\",\"url\":\"https:\\\/\\\/secure.gravatar.com\\\/avatar\\\/d7c768d6315f212c80b762e1de87f137d4824459ac77f25fb19c81a1b1fa328c?s=96&d=mm&r=g\",\"contentUrl\":\"https:\\\/\\\/secure.gravatar.com\\\/avatar\\\/d7c768d6315f212c80b762e1de87f137d4824459ac77f25fb19c81a1b1fa328c?s=96&d=mm&r=g\",\"caption\":\"raphael\"},\"url\":\"https:\\\/\\\/pcbigouden.fr\\\/?author=11\"}]}<\/script>\n<!-- \/ Yoast SEO plugin. -->","yoast_head_json":{"title":"Le RN n'aime pas le peuple - PCF Pays Bigouden","robots":{"index":"index","follow":"follow","max-snippet":"max-snippet:-1","max-image-preview":"max-image-preview:large","max-video-preview":"max-video-preview:-1"},"canonical":"https:\/\/pcbigouden.fr\/?p=5894","og_locale":"fr_FR","og_type":"article","og_title":"Le RN n'aime pas le peuple - PCF Pays Bigouden","og_description":"Le Rassemblement national, Le parti du rassemblement national n\u2019aime ni le peuple,(les classes popu- laires, la classe travailleuse), ni la patrie. Il est l\u2019ultime rempart dans la d\u00e9- fense des int\u00e9r\u00eats de la classe capitaliste des oligarchies dominantes et me- nace la coh\u00e9sion sociale et la paix civile.","og_url":"https:\/\/pcbigouden.fr\/?p=5894","og_site_name":"PCF Pays Bigouden","article_published_time":"2025-11-25T10:37:40+00:00","article_modified_time":"2025-12-02T09:02:04+00:00","author":"raphael","twitter_card":"summary_large_image","twitter_misc":{"\u00c9crit par":"raphael","Dur\u00e9e de lecture estim\u00e9e":"7 minutes"},"schema":{"@context":"https:\/\/schema.org","@graph":[{"@type":"Article","@id":"https:\/\/pcbigouden.fr\/?p=5894#article","isPartOf":{"@id":"https:\/\/pcbigouden.fr\/?p=5894"},"author":{"name":"raphael","@id":"https:\/\/pcbigouden.fr\/#\/schema\/person\/3c3084fb159cfdf001cfc123c12fb924"},"headline":"Le RN n&rsquo;aime pas le peuple","datePublished":"2025-11-25T10:37:40+00:00","dateModified":"2025-12-02T09:02:04+00:00","mainEntityOfPage":{"@id":"https:\/\/pcbigouden.fr\/?p=5894"},"wordCount":1337,"commentCount":0,"publisher":{"@id":"https:\/\/pcbigouden.fr\/#organization"},"keywords":["Bardella","extr\u00eame-droite","fascisme","Le Pen","RN"],"articleSection":["D\u00e9mocratie","Ext\u00eame droite"],"inLanguage":"fr-FR","potentialAction":[{"@type":"CommentAction","name":"Comment","target":["https:\/\/pcbigouden.fr\/?p=5894#respond"]}]},{"@type":"WebPage","@id":"https:\/\/pcbigouden.fr\/?p=5894","url":"https:\/\/pcbigouden.fr\/?p=5894","name":"Le RN n'aime pas le peuple - PCF Pays Bigouden","isPartOf":{"@id":"https:\/\/pcbigouden.fr\/#website"},"datePublished":"2025-11-25T10:37:40+00:00","dateModified":"2025-12-02T09:02:04+00:00","breadcrumb":{"@id":"https:\/\/pcbigouden.fr\/?p=5894#breadcrumb"},"inLanguage":"fr-FR","potentialAction":[{"@type":"ReadAction","target":["https:\/\/pcbigouden.fr\/?p=5894"]}]},{"@type":"BreadcrumbList","@id":"https:\/\/pcbigouden.fr\/?p=5894#breadcrumb","itemListElement":[{"@type":"ListItem","position":1,"name":"Accueil","item":"https:\/\/pcbigouden.fr\/"},{"@type":"ListItem","position":2,"name":"Le RN n&rsquo;aime pas le peuple"}]},{"@type":"WebSite","@id":"https:\/\/pcbigouden.fr\/#website","url":"https:\/\/pcbigouden.fr\/","name":"PCF Pays Bigouden","description":"Blog des communistes du Pays Bigouden","publisher":{"@id":"https:\/\/pcbigouden.fr\/#organization"},"potentialAction":[{"@type":"SearchAction","target":{"@type":"EntryPoint","urlTemplate":"https:\/\/pcbigouden.fr\/?s={search_term_string}"},"query-input":{"@type":"PropertyValueSpecification","valueRequired":true,"valueName":"search_term_string"}}],"inLanguage":"fr-FR"},{"@type":"Organization","@id":"https:\/\/pcbigouden.fr\/#organization","name":"Parti Communiste PCF Pays Bigouden","url":"https:\/\/pcbigouden.fr\/","logo":{"@type":"ImageObject","inLanguage":"fr-FR","@id":"https:\/\/pcbigouden.fr\/#\/schema\/logo\/image\/","url":"https:\/\/pcbigouden.fr\/wp-content\/uploads\/2021\/10\/logoTB307x290.jpg","contentUrl":"https:\/\/pcbigouden.fr\/wp-content\/uploads\/2021\/10\/logoTB307x290.jpg","width":307,"height":290,"caption":"Parti Communiste PCF Pays Bigouden"},"image":{"@id":"https:\/\/pcbigouden.fr\/#\/schema\/logo\/image\/"}},{"@type":"Person","@id":"https:\/\/pcbigouden.fr\/#\/schema\/person\/3c3084fb159cfdf001cfc123c12fb924","name":"raphael","image":{"@type":"ImageObject","inLanguage":"fr-FR","@id":"https:\/\/secure.gravatar.com\/avatar\/d7c768d6315f212c80b762e1de87f137d4824459ac77f25fb19c81a1b1fa328c?s=96&d=mm&r=g","url":"https:\/\/secure.gravatar.com\/avatar\/d7c768d6315f212c80b762e1de87f137d4824459ac77f25fb19c81a1b1fa328c?s=96&d=mm&r=g","contentUrl":"https:\/\/secure.gravatar.com\/avatar\/d7c768d6315f212c80b762e1de87f137d4824459ac77f25fb19c81a1b1fa328c?s=96&d=mm&r=g","caption":"raphael"},"url":"https:\/\/pcbigouden.fr\/?author=11"}]}},"jetpack_featured_media_url":"","jetpack_sharing_enabled":true,"jetpack_likes_enabled":true,"_links":{"self":[{"href":"https:\/\/pcbigouden.fr\/index.php?rest_route=\/wp\/v2\/posts\/5894","targetHints":{"allow":["GET"]}}],"collection":[{"href":"https:\/\/pcbigouden.fr\/index.php?rest_route=\/wp\/v2\/posts"}],"about":[{"href":"https:\/\/pcbigouden.fr\/index.php?rest_route=\/wp\/v2\/types\/post"}],"author":[{"embeddable":true,"href":"https:\/\/pcbigouden.fr\/index.php?rest_route=\/wp\/v2\/users\/11"}],"replies":[{"embeddable":true,"href":"https:\/\/pcbigouden.fr\/index.php?rest_route=%2Fwp%2Fv2%2Fcomments&post=5894"}],"version-history":[{"count":12,"href":"https:\/\/pcbigouden.fr\/index.php?rest_route=\/wp\/v2\/posts\/5894\/revisions"}],"predecessor-version":[{"id":5915,"href":"https:\/\/pcbigouden.fr\/index.php?rest_route=\/wp\/v2\/posts\/5894\/revisions\/5915"}],"wp:attachment":[{"href":"https:\/\/pcbigouden.fr\/index.php?rest_route=%2Fwp%2Fv2%2Fmedia&parent=5894"}],"wp:term":[{"taxonomy":"category","embeddable":true,"href":"https:\/\/pcbigouden.fr\/index.php?rest_route=%2Fwp%2Fv2%2Fcategories&post=5894"},{"taxonomy":"post_tag","embeddable":true,"href":"https:\/\/pcbigouden.fr\/index.php?rest_route=%2Fwp%2Fv2%2Ftags&post=5894"}],"curies":[{"name":"wp","href":"https:\/\/api.w.org\/{rel}","templated":true}]}}