{"id":5739,"date":"2025-10-13T06:54:40","date_gmt":"2025-10-13T04:54:40","guid":{"rendered":"https:\/\/pcbigouden.fr\/?p=5739"},"modified":"2025-10-21T12:29:13","modified_gmt":"2025-10-21T10:29:13","slug":"macron-veut-macron-decide-macron-persiste-dans-son-deni-democratique","status":"publish","type":"post","link":"https:\/\/pcbigouden.fr\/?p=5739","title":{"rendered":"Macron veut, Macron d\u00e9cide, Macron persiste dans son d\u00e9ni d\u00e9mocratique"},"content":{"rendered":"<blockquote><p><a href=\"https:\/\/pcbigouden.fr\/wp-content\/uploads\/2025\/10\/meprisant.jpg\"><img loading=\"lazy\" decoding=\"async\" class=\"alignnone wp-image-5740 size-medium_large\" src=\"https:\/\/pcbigouden.fr\/wp-content\/uploads\/2025\/10\/meprisant-768x960.jpg\" alt=\"\" width=\"768\" height=\"960\" srcset=\"https:\/\/pcbigouden.fr\/wp-content\/uploads\/2025\/10\/meprisant-768x960.jpg 768w, https:\/\/pcbigouden.fr\/wp-content\/uploads\/2025\/10\/meprisant-240x300.jpg 240w, https:\/\/pcbigouden.fr\/wp-content\/uploads\/2025\/10\/meprisant-819x1024.jpg 819w, https:\/\/pcbigouden.fr\/wp-content\/uploads\/2025\/10\/meprisant-863x1079.jpg 863w, https:\/\/pcbigouden.fr\/wp-content\/uploads\/2025\/10\/meprisant-86x108.jpg 86w, https:\/\/pcbigouden.fr\/wp-content\/uploads\/2025\/10\/meprisant.jpg 1080w\" sizes=\"auto, (max-width: 768px) 100vw, 768px\" \/><\/a><\/p>\n<div>\n<div><\/div>\n<\/div>\n<div dir=\"auto\"><\/div>\n<div>\n<div dir=\"auto\">\u00a0 Au moment o\u00f9 ses lignes sont \u00e9crites, un nouveau gouvernement vient d&rsquo;\u00eatre nomm\u00e9]<\/div>\n<div>\n<div dir=\"auto\"><\/div>\n<div dir=\"auto\" style=\"text-align: center;\"><strong><span dir=\"auto\">R\u00e9solution du Conseil national du PCF \u2013<\/span><\/strong><\/div>\n<div dir=\"auto\"><\/div>\n<div dir=\"auto\"><span dir=\"auto\"> Face au m\u00e9pris du Pr\u00e9sident de la R\u00e9publique, construisons l\u2019alternative du progr\u00e8s et de la paix !<\/span><\/div>\n<\/div>\n<div>\n<div dir=\"auto\"><span dir=\"auto\">La nomination de S\u00e9bastien Lecornu \u00e0 Matignon illustre le refus d\u2019Emmanuel Macron de changer de cap. Son gouvernement persiste dans une politique au service du capital, alors que 12 millions de nos concitoyens vivent sous le seuil de pauvret\u00e9 et que les 500 plus grandes fortunes d\u00e9tiennent 1 128 milliards d\u2019euros.<\/span><\/div>\n<\/div>\n<div>\n<div dir=\"auto\"><span dir=\"auto\">Le PCF d\u00e9nonce ce d\u00e9ni d\u00e9mocratique et appelle \u00e0 une mobilisation large du monde du travail, de la jeunesse et des forces citoyennes pour construire une alternative politique au service du peuple et de la Nation.<\/span><\/div>\n<\/div>\n<div>\n<div dir=\"auto\"><span dir=\"auto\">Nous affirmons la n\u00e9cessit\u00e9 d\u2019un changement profond, autour de mesures de progr\u00e8s et de justice sociale :<\/span><\/div>\n<div dir=\"auto\"><span dir=\"auto\"><img loading=\"lazy\" decoding=\"async\" src=\"https:\/\/static.xx.fbcdn.net\/images\/emoji.php\/v9\/t33\/1\/16\/2705.png\" alt=\"\u2705\" width=\"16\" height=\"16\" \/> Augmentation des salaires et \u00e9galit\u00e9 professionnelle femmes-hommes<\/span><\/div>\n<div dir=\"auto\"><span dir=\"auto\"><img loading=\"lazy\" decoding=\"async\" src=\"https:\/\/static.xx.fbcdn.net\/images\/emoji.php\/v9\/t33\/1\/16\/2705.png\" alt=\"\u2705\" width=\"16\" height=\"16\" \/> Abrogation de la r\u00e9forme des retraites<\/span><\/div>\n<div dir=\"auto\"><span dir=\"auto\"><img loading=\"lazy\" decoding=\"async\" src=\"https:\/\/static.xx.fbcdn.net\/images\/emoji.php\/v9\/t33\/1\/16\/2705.png\" alt=\"\u2705\" width=\"16\" height=\"16\" \/> Taxation des hauts revenus et du capital, crit\u00e8res sociaux et \u00e9cologiques pour les aides publiques<\/span><\/div>\n<div dir=\"auto\"><span dir=\"auto\"><img loading=\"lazy\" decoding=\"async\" src=\"https:\/\/static.xx.fbcdn.net\/images\/emoji.php\/v9\/t33\/1\/16\/2705.png\" alt=\"\u2705\" width=\"16\" height=\"16\" \/> Fonds de 100 milliards d\u2019euros pour l\u2019emploi, la formation et les services publics<\/span><\/div>\n<\/div>\n<div>\n<div dir=\"auto\"><span dir=\"auto\">Le temps est venu de redonner au peuple le pouvoir sur l\u2019argent, la production et la R\u00e9publique. Ensemble, faisons grandir l\u2019alternative pour le progr\u00e8s et la paix !<\/span><\/div>\n<\/div>\n<\/div>\n<\/blockquote>\n<p>&nbsp;<\/p>\n<h3><a href=\"https:\/\/pcbigouden.fr\/?attachment_id=5748\" target=\"_blank\" rel=\"attachment noopener wp-att-5748\">R\u00e9solution-CN &#8211; le 11\/10\/25<\/a><\/h3>\n<h3><a href=\"https:\/\/pcbigouden.fr\/?attachment_id=5749\" target=\"_blank\" rel=\"attachment noopener wp-att-5749\">intervention du secr\u00e9taire f\u00e9d\u00e9ral du Finist\u00e8re<\/a><\/h3>\n<p style=\"text-align: center;\">Intervention de St\u00e9phane Peu au nom du groupe GDR \u00e0 l&rsquo;Assembl\u00e9e nationale<\/p>\n<p><iframe loading=\"lazy\" title=\"St\u00e9phane Peu r\u00e9pond \u00e0 la d\u00e9claration de politique g\u00e9n\u00e9rale de S\u00e9bastien Lecornu - 14\/10\/2025\" src=\"https:\/\/www.youtube.com\/embed\/gU5YNyyxI_Q\" width=\"702\" height=\"395\" frameborder=\"0\" allowfullscreen=\"allowfullscreen\"><\/iframe><\/p>\n","protected":false},"excerpt":{"rendered":"<p>\u00a0 Au moment o\u00f9 ses lignes sont \u00e9crites, un nouveau gouvernement vient d&rsquo;\u00eatre nomm\u00e9] R\u00e9solution du Conseil national du PCF \u2013 Face au m\u00e9pris du Pr\u00e9sident de la R\u00e9publique, construisons l\u2019alternative du progr\u00e8s et de la paix ! La nomination de S\u00e9bastien Lecornu \u00e0 Matignon illustre le refus d\u2019Emmanuel Macron de changer de cap. Son &hellip; <a href=\"https:\/\/pcbigouden.fr\/?p=5739\" class=\"more-link\">Continue reading <span class=\"screen-reader-text\">Macron veut, Macron d\u00e9cide, Macron persiste dans son d\u00e9ni d\u00e9mocratique<\/span><\/a><\/p>\n","protected":false},"author":5,"featured_media":0,"comment_status":"open","ping_status":"closed","sticky":false,"template":"","format":"standard","meta":{"_jetpack_memberships_contains_paid_content":false,"footnotes":""},"categories":[2,4,59],"tags":[21,281,282,284,144,283],"class_list":["post-5739","post","type-post","status-publish","format-standard","hentry","category-democratie","category-electionpresid-2022","category-parti-communiste","tag-democratie","tag-elections","tag-gouvernement","tag-lecornu","tag-macron","tag-stephane-peu"],"yoast_head":"<!-- This site is optimized with the Yoast SEO plugin v27.5 - https:\/\/yoast.com\/product\/yoast-seo-wordpress\/ -->\n<title>Macron veut, Macron d\u00e9cide, Macron persiste dans son d\u00e9ni d\u00e9mocratique - PCF Pays Bigouden<\/title>\n<meta name=\"robots\" content=\"index, follow, max-snippet:-1, max-image-preview:large, max-video-preview:-1\" \/>\n<link rel=\"canonical\" href=\"https:\/\/pcbigouden.fr\/?p=5739\" \/>\n<meta property=\"og:locale\" content=\"fr_FR\" \/>\n<meta property=\"og:type\" content=\"article\" \/>\n<meta property=\"og:title\" content=\"Macron veut, Macron d\u00e9cide, Macron persiste dans son d\u00e9ni d\u00e9mocratique - PCF Pays Bigouden\" \/>\n<meta property=\"og:description\" content=\"\u00a0 Au moment o\u00f9 ses lignes sont \u00e9crites, un nouveau gouvernement vient d&rsquo;\u00eatre nomm\u00e9] R\u00e9solution du Conseil national du PCF \u2013 Face au m\u00e9pris du Pr\u00e9sident de la R\u00e9publique, construisons l\u2019alternative du progr\u00e8s et de la paix ! La nomination de S\u00e9bastien Lecornu \u00e0 Matignon illustre le refus d\u2019Emmanuel Macron de changer de cap. Son &hellip; Continue reading Macron veut, Macron d\u00e9cide, Macron persiste dans son d\u00e9ni d\u00e9mocratique\" \/>\n<meta property=\"og:url\" content=\"https:\/\/pcbigouden.fr\/?p=5739\" \/>\n<meta property=\"og:site_name\" content=\"PCF Pays Bigouden\" \/>\n<meta property=\"article:published_time\" content=\"2025-10-13T04:54:40+00:00\" \/>\n<meta property=\"article:modified_time\" content=\"2025-10-21T10:29:13+00:00\" \/>\n<meta property=\"og:image\" content=\"https:\/\/pcbigouden.fr\/wp-content\/uploads\/2025\/10\/meprisant.jpg\" \/>\n\t<meta property=\"og:image:width\" content=\"1080\" \/>\n\t<meta property=\"og:image:height\" content=\"1350\" \/>\n\t<meta property=\"og:image:type\" content=\"image\/jpeg\" \/>\n<meta name=\"author\" content=\"cortomaltes29\" \/>\n<meta name=\"twitter:card\" content=\"summary_large_image\" \/>\n<meta name=\"twitter:label1\" content=\"\u00c9crit par\" \/>\n\t<meta name=\"twitter:data1\" content=\"cortomaltes29\" \/>\n\t<meta name=\"twitter:label2\" content=\"Dur\u00e9e de lecture estim\u00e9e\" \/>\n\t<meta name=\"twitter:data2\" content=\"1 minute\" \/>\n<script type=\"application\/ld+json\" class=\"yoast-schema-graph\">{\"@context\":\"https:\\\/\\\/schema.org\",\"@graph\":[{\"@type\":\"Article\",\"@id\":\"https:\\\/\\\/pcbigouden.fr\\\/?p=5739#article\",\"isPartOf\":{\"@id\":\"https:\\\/\\\/pcbigouden.fr\\\/?p=5739\"},\"author\":{\"name\":\"cortomaltes29\",\"@id\":\"https:\\\/\\\/pcbigouden.fr\\\/#\\\/schema\\\/person\\\/dc763e11bee76f6c59d8d18653939a2c\"},\"headline\":\"Macron veut, Macron d\u00e9cide, Macron persiste dans son d\u00e9ni d\u00e9mocratique\",\"datePublished\":\"2025-10-13T04:54:40+00:00\",\"dateModified\":\"2025-10-21T10:29:13+00:00\",\"mainEntityOfPage\":{\"@id\":\"https:\\\/\\\/pcbigouden.fr\\\/?p=5739\"},\"wordCount\":266,\"commentCount\":0,\"publisher\":{\"@id\":\"https:\\\/\\\/pcbigouden.fr\\\/#organization\"},\"image\":{\"@id\":\"https:\\\/\\\/pcbigouden.fr\\\/?p=5739#primaryimage\"},\"thumbnailUrl\":\"https:\\\/\\\/pcbigouden.fr\\\/wp-content\\\/uploads\\\/2025\\\/10\\\/meprisant-768x960.jpg\",\"keywords\":[\"D\u00e9mocratie\",\"\u00e9lections\",\"gouvernement\",\"Lecornu\",\"Macron\",\"St\u00e9phane Peu\"],\"articleSection\":[\"D\u00e9mocratie\",\"\u00c9lections\",\"Parti Communiste\"],\"inLanguage\":\"fr-FR\",\"potentialAction\":[{\"@type\":\"CommentAction\",\"name\":\"Comment\",\"target\":[\"https:\\\/\\\/pcbigouden.fr\\\/?p=5739#respond\"]}]},{\"@type\":\"WebPage\",\"@id\":\"https:\\\/\\\/pcbigouden.fr\\\/?p=5739\",\"url\":\"https:\\\/\\\/pcbigouden.fr\\\/?p=5739\",\"name\":\"Macron veut, Macron d\u00e9cide, Macron persiste dans son d\u00e9ni d\u00e9mocratique - PCF Pays Bigouden\",\"isPartOf\":{\"@id\":\"https:\\\/\\\/pcbigouden.fr\\\/#website\"},\"primaryImageOfPage\":{\"@id\":\"https:\\\/\\\/pcbigouden.fr\\\/?p=5739#primaryimage\"},\"image\":{\"@id\":\"https:\\\/\\\/pcbigouden.fr\\\/?p=5739#primaryimage\"},\"thumbnailUrl\":\"https:\\\/\\\/pcbigouden.fr\\\/wp-content\\\/uploads\\\/2025\\\/10\\\/meprisant-768x960.jpg\",\"datePublished\":\"2025-10-13T04:54:40+00:00\",\"dateModified\":\"2025-10-21T10:29:13+00:00\",\"breadcrumb\":{\"@id\":\"https:\\\/\\\/pcbigouden.fr\\\/?p=5739#breadcrumb\"},\"inLanguage\":\"fr-FR\",\"potentialAction\":[{\"@type\":\"ReadAction\",\"target\":[\"https:\\\/\\\/pcbigouden.fr\\\/?p=5739\"]}]},{\"@type\":\"ImageObject\",\"inLanguage\":\"fr-FR\",\"@id\":\"https:\\\/\\\/pcbigouden.fr\\\/?p=5739#primaryimage\",\"url\":\"https:\\\/\\\/pcbigouden.fr\\\/wp-content\\\/uploads\\\/2025\\\/10\\\/meprisant.jpg\",\"contentUrl\":\"https:\\\/\\\/pcbigouden.fr\\\/wp-content\\\/uploads\\\/2025\\\/10\\\/meprisant.jpg\",\"width\":1080,\"height\":1350},{\"@type\":\"BreadcrumbList\",\"@id\":\"https:\\\/\\\/pcbigouden.fr\\\/?p=5739#breadcrumb\",\"itemListElement\":[{\"@type\":\"ListItem\",\"position\":1,\"name\":\"Accueil\",\"item\":\"https:\\\/\\\/pcbigouden.fr\\\/\"},{\"@type\":\"ListItem\",\"position\":2,\"name\":\"Macron veut, Macron d\u00e9cide, Macron persiste dans son d\u00e9ni d\u00e9mocratique\"}]},{\"@type\":\"WebSite\",\"@id\":\"https:\\\/\\\/pcbigouden.fr\\\/#website\",\"url\":\"https:\\\/\\\/pcbigouden.fr\\\/\",\"name\":\"PCF Pays Bigouden\",\"description\":\"Blog des communistes du Pays Bigouden\",\"publisher\":{\"@id\":\"https:\\\/\\\/pcbigouden.fr\\\/#organization\"},\"potentialAction\":[{\"@type\":\"SearchAction\",\"target\":{\"@type\":\"EntryPoint\",\"urlTemplate\":\"https:\\\/\\\/pcbigouden.fr\\\/?s={search_term_string}\"},\"query-input\":{\"@type\":\"PropertyValueSpecification\",\"valueRequired\":true,\"valueName\":\"search_term_string\"}}],\"inLanguage\":\"fr-FR\"},{\"@type\":\"Organization\",\"@id\":\"https:\\\/\\\/pcbigouden.fr\\\/#organization\",\"name\":\"Parti Communiste PCF Pays Bigouden\",\"url\":\"https:\\\/\\\/pcbigouden.fr\\\/\",\"logo\":{\"@type\":\"ImageObject\",\"inLanguage\":\"fr-FR\",\"@id\":\"https:\\\/\\\/pcbigouden.fr\\\/#\\\/schema\\\/logo\\\/image\\\/\",\"url\":\"https:\\\/\\\/pcbigouden.fr\\\/wp-content\\\/uploads\\\/2021\\\/10\\\/logoTB307x290.jpg\",\"contentUrl\":\"https:\\\/\\\/pcbigouden.fr\\\/wp-content\\\/uploads\\\/2021\\\/10\\\/logoTB307x290.jpg\",\"width\":307,\"height\":290,\"caption\":\"Parti Communiste PCF Pays Bigouden\"},\"image\":{\"@id\":\"https:\\\/\\\/pcbigouden.fr\\\/#\\\/schema\\\/logo\\\/image\\\/\"}},{\"@type\":\"Person\",\"@id\":\"https:\\\/\\\/pcbigouden.fr\\\/#\\\/schema\\\/person\\\/dc763e11bee76f6c59d8d18653939a2c\",\"name\":\"cortomaltes29\",\"image\":{\"@type\":\"ImageObject\",\"inLanguage\":\"fr-FR\",\"@id\":\"https:\\\/\\\/secure.gravatar.com\\\/avatar\\\/c2ce5036b4b39dfed348d934e527c141cfac704b84e909e2086924ec476d0315?s=96&d=mm&r=g\",\"url\":\"https:\\\/\\\/secure.gravatar.com\\\/avatar\\\/c2ce5036b4b39dfed348d934e527c141cfac704b84e909e2086924ec476d0315?s=96&d=mm&r=g\",\"contentUrl\":\"https:\\\/\\\/secure.gravatar.com\\\/avatar\\\/c2ce5036b4b39dfed348d934e527c141cfac704b84e909e2086924ec476d0315?s=96&d=mm&r=g\",\"caption\":\"cortomaltes29\"},\"url\":\"https:\\\/\\\/pcbigouden.fr\\\/?author=5\"}]}<\/script>\n<!-- \/ Yoast SEO plugin. -->","yoast_head_json":{"title":"Macron veut, Macron d\u00e9cide, Macron persiste dans son d\u00e9ni d\u00e9mocratique - PCF Pays Bigouden","robots":{"index":"index","follow":"follow","max-snippet":"max-snippet:-1","max-image-preview":"max-image-preview:large","max-video-preview":"max-video-preview:-1"},"canonical":"https:\/\/pcbigouden.fr\/?p=5739","og_locale":"fr_FR","og_type":"article","og_title":"Macron veut, Macron d\u00e9cide, Macron persiste dans son d\u00e9ni d\u00e9mocratique - PCF Pays Bigouden","og_description":"\u00a0 Au moment o\u00f9 ses lignes sont \u00e9crites, un nouveau gouvernement vient d&rsquo;\u00eatre nomm\u00e9] R\u00e9solution du Conseil national du PCF \u2013 Face au m\u00e9pris du Pr\u00e9sident de la R\u00e9publique, construisons l\u2019alternative du progr\u00e8s et de la paix ! La nomination de S\u00e9bastien Lecornu \u00e0 Matignon illustre le refus d\u2019Emmanuel Macron de changer de cap. Son &hellip; Continue reading Macron veut, Macron d\u00e9cide, Macron persiste dans son d\u00e9ni d\u00e9mocratique","og_url":"https:\/\/pcbigouden.fr\/?p=5739","og_site_name":"PCF Pays Bigouden","article_published_time":"2025-10-13T04:54:40+00:00","article_modified_time":"2025-10-21T10:29:13+00:00","og_image":[{"width":1080,"height":1350,"url":"https:\/\/pcbigouden.fr\/wp-content\/uploads\/2025\/10\/meprisant.jpg","type":"image\/jpeg"}],"author":"cortomaltes29","twitter_card":"summary_large_image","twitter_misc":{"\u00c9crit par":"cortomaltes29","Dur\u00e9e de lecture estim\u00e9e":"1 minute"},"schema":{"@context":"https:\/\/schema.org","@graph":[{"@type":"Article","@id":"https:\/\/pcbigouden.fr\/?p=5739#article","isPartOf":{"@id":"https:\/\/pcbigouden.fr\/?p=5739"},"author":{"name":"cortomaltes29","@id":"https:\/\/pcbigouden.fr\/#\/schema\/person\/dc763e11bee76f6c59d8d18653939a2c"},"headline":"Macron veut, Macron d\u00e9cide, Macron persiste dans son d\u00e9ni d\u00e9mocratique","datePublished":"2025-10-13T04:54:40+00:00","dateModified":"2025-10-21T10:29:13+00:00","mainEntityOfPage":{"@id":"https:\/\/pcbigouden.fr\/?p=5739"},"wordCount":266,"commentCount":0,"publisher":{"@id":"https:\/\/pcbigouden.fr\/#organization"},"image":{"@id":"https:\/\/pcbigouden.fr\/?p=5739#primaryimage"},"thumbnailUrl":"https:\/\/pcbigouden.fr\/wp-content\/uploads\/2025\/10\/meprisant-768x960.jpg","keywords":["D\u00e9mocratie","\u00e9lections","gouvernement","Lecornu","Macron","St\u00e9phane Peu"],"articleSection":["D\u00e9mocratie","\u00c9lections","Parti Communiste"],"inLanguage":"fr-FR","potentialAction":[{"@type":"CommentAction","name":"Comment","target":["https:\/\/pcbigouden.fr\/?p=5739#respond"]}]},{"@type":"WebPage","@id":"https:\/\/pcbigouden.fr\/?p=5739","url":"https:\/\/pcbigouden.fr\/?p=5739","name":"Macron veut, Macron d\u00e9cide, Macron persiste dans son d\u00e9ni d\u00e9mocratique - PCF Pays Bigouden","isPartOf":{"@id":"https:\/\/pcbigouden.fr\/#website"},"primaryImageOfPage":{"@id":"https:\/\/pcbigouden.fr\/?p=5739#primaryimage"},"image":{"@id":"https:\/\/pcbigouden.fr\/?p=5739#primaryimage"},"thumbnailUrl":"https:\/\/pcbigouden.fr\/wp-content\/uploads\/2025\/10\/meprisant-768x960.jpg","datePublished":"2025-10-13T04:54:40+00:00","dateModified":"2025-10-21T10:29:13+00:00","breadcrumb":{"@id":"https:\/\/pcbigouden.fr\/?p=5739#breadcrumb"},"inLanguage":"fr-FR","potentialAction":[{"@type":"ReadAction","target":["https:\/\/pcbigouden.fr\/?p=5739"]}]},{"@type":"ImageObject","inLanguage":"fr-FR","@id":"https:\/\/pcbigouden.fr\/?p=5739#primaryimage","url":"https:\/\/pcbigouden.fr\/wp-content\/uploads\/2025\/10\/meprisant.jpg","contentUrl":"https:\/\/pcbigouden.fr\/wp-content\/uploads\/2025\/10\/meprisant.jpg","width":1080,"height":1350},{"@type":"BreadcrumbList","@id":"https:\/\/pcbigouden.fr\/?p=5739#breadcrumb","itemListElement":[{"@type":"ListItem","position":1,"name":"Accueil","item":"https:\/\/pcbigouden.fr\/"},{"@type":"ListItem","position":2,"name":"Macron veut, Macron d\u00e9cide, Macron persiste dans son d\u00e9ni d\u00e9mocratique"}]},{"@type":"WebSite","@id":"https:\/\/pcbigouden.fr\/#website","url":"https:\/\/pcbigouden.fr\/","name":"PCF Pays Bigouden","description":"Blog des communistes du Pays Bigouden","publisher":{"@id":"https:\/\/pcbigouden.fr\/#organization"},"potentialAction":[{"@type":"SearchAction","target":{"@type":"EntryPoint","urlTemplate":"https:\/\/pcbigouden.fr\/?s={search_term_string}"},"query-input":{"@type":"PropertyValueSpecification","valueRequired":true,"valueName":"search_term_string"}}],"inLanguage":"fr-FR"},{"@type":"Organization","@id":"https:\/\/pcbigouden.fr\/#organization","name":"Parti Communiste PCF Pays Bigouden","url":"https:\/\/pcbigouden.fr\/","logo":{"@type":"ImageObject","inLanguage":"fr-FR","@id":"https:\/\/pcbigouden.fr\/#\/schema\/logo\/image\/","url":"https:\/\/pcbigouden.fr\/wp-content\/uploads\/2021\/10\/logoTB307x290.jpg","contentUrl":"https:\/\/pcbigouden.fr\/wp-content\/uploads\/2021\/10\/logoTB307x290.jpg","width":307,"height":290,"caption":"Parti Communiste PCF Pays Bigouden"},"image":{"@id":"https:\/\/pcbigouden.fr\/#\/schema\/logo\/image\/"}},{"@type":"Person","@id":"https:\/\/pcbigouden.fr\/#\/schema\/person\/dc763e11bee76f6c59d8d18653939a2c","name":"cortomaltes29","image":{"@type":"ImageObject","inLanguage":"fr-FR","@id":"https:\/\/secure.gravatar.com\/avatar\/c2ce5036b4b39dfed348d934e527c141cfac704b84e909e2086924ec476d0315?s=96&d=mm&r=g","url":"https:\/\/secure.gravatar.com\/avatar\/c2ce5036b4b39dfed348d934e527c141cfac704b84e909e2086924ec476d0315?s=96&d=mm&r=g","contentUrl":"https:\/\/secure.gravatar.com\/avatar\/c2ce5036b4b39dfed348d934e527c141cfac704b84e909e2086924ec476d0315?s=96&d=mm&r=g","caption":"cortomaltes29"},"url":"https:\/\/pcbigouden.fr\/?author=5"}]}},"jetpack_featured_media_url":"","jetpack_sharing_enabled":true,"jetpack_likes_enabled":true,"_links":{"self":[{"href":"https:\/\/pcbigouden.fr\/index.php?rest_route=\/wp\/v2\/posts\/5739","targetHints":{"allow":["GET"]}}],"collection":[{"href":"https:\/\/pcbigouden.fr\/index.php?rest_route=\/wp\/v2\/posts"}],"about":[{"href":"https:\/\/pcbigouden.fr\/index.php?rest_route=\/wp\/v2\/types\/post"}],"author":[{"embeddable":true,"href":"https:\/\/pcbigouden.fr\/index.php?rest_route=\/wp\/v2\/users\/5"}],"replies":[{"embeddable":true,"href":"https:\/\/pcbigouden.fr\/index.php?rest_route=%2Fwp%2Fv2%2Fcomments&post=5739"}],"version-history":[{"count":15,"href":"https:\/\/pcbigouden.fr\/index.php?rest_route=\/wp\/v2\/posts\/5739\/revisions"}],"predecessor-version":[{"id":5761,"href":"https:\/\/pcbigouden.fr\/index.php?rest_route=\/wp\/v2\/posts\/5739\/revisions\/5761"}],"wp:attachment":[{"href":"https:\/\/pcbigouden.fr\/index.php?rest_route=%2Fwp%2Fv2%2Fmedia&parent=5739"}],"wp:term":[{"taxonomy":"category","embeddable":true,"href":"https:\/\/pcbigouden.fr\/index.php?rest_route=%2Fwp%2Fv2%2Fcategories&post=5739"},{"taxonomy":"post_tag","embeddable":true,"href":"https:\/\/pcbigouden.fr\/index.php?rest_route=%2Fwp%2Fv2%2Ftags&post=5739"}],"curies":[{"name":"wp","href":"https:\/\/api.w.org\/{rel}","templated":true}]}}