{"id":5712,"date":"2025-10-03T06:36:21","date_gmt":"2025-10-03T04:36:21","guid":{"rendered":"https:\/\/pcbigouden.fr\/?p=5712"},"modified":"2025-10-06T15:05:20","modified_gmt":"2025-10-06T13:05:20","slug":"manifestation-du-2-octobre-a-quimper","status":"publish","type":"post","link":"https:\/\/pcbigouden.fr\/?p=5712","title":{"rendered":"Manifestation du 2 octobre \u00e0 Quimper"},"content":{"rendered":"<p>Environ 2 000 personnes ont d\u00e9fil\u00e9 dans les rues de Quimper \u00e0 l\u2019appel de l\u2019intersyndicale<!--more--><\/p>\n<p><u>Pour\u00a0:<\/u><\/p>\n<ul>\n<li>L\u2019abandon de l\u2019ensemble du projet de budget<\/li>\n<li>La justice fiscale,<\/li>\n<li>La conditionnalit\u00e9 sociale et environnementale des 211 milliards d\u2019euros d\u2019aides publiques aux entreprises priv\u00e9es ;<\/li>\n<li>Des moyens budg\u00e9taires \u00e0 la hauteur pour les services publics<\/li>\n<li>Des investissements dans une transition \u00e9cologique juste et la r\u00e9industrialisation de la France, et des mesures contre les licenciements.<\/li>\n<li><a href=\"https:\/\/pcbigouden.fr\/?attachment_id=5714\" rel=\"attachment wp-att-5714\"><img loading=\"lazy\" decoding=\"async\" class=\"alignnone size-full wp-image-5714\" src=\"https:\/\/pcbigouden.fr\/wp-content\/uploads\/2025\/10\/1.jpg\" alt=\"\" width=\"800\" height=\"639\" srcset=\"https:\/\/pcbigouden.fr\/wp-content\/uploads\/2025\/10\/1.jpg 800w, https:\/\/pcbigouden.fr\/wp-content\/uploads\/2025\/10\/1-300x240.jpg 300w, https:\/\/pcbigouden.fr\/wp-content\/uploads\/2025\/10\/1-768x613.jpg 768w, https:\/\/pcbigouden.fr\/wp-content\/uploads\/2025\/10\/1-135x108.jpg 135w\" sizes=\"auto, (max-width: 800px) 100vw, 800px\" \/><\/a><a href=\"https:\/\/pcbigouden.fr\/?attachment_id=5715\" rel=\"attachment wp-att-5715\"><img loading=\"lazy\" decoding=\"async\" class=\"alignnone size-full wp-image-5715\" src=\"https:\/\/pcbigouden.fr\/wp-content\/uploads\/2025\/10\/2.jpeg\" alt=\"\" width=\"600\" height=\"800\" srcset=\"https:\/\/pcbigouden.fr\/wp-content\/uploads\/2025\/10\/2.jpeg 600w, https:\/\/pcbigouden.fr\/wp-content\/uploads\/2025\/10\/2-225x300.jpeg 225w, https:\/\/pcbigouden.fr\/wp-content\/uploads\/2025\/10\/2-81x108.jpeg 81w\" sizes=\"auto, (max-width: 600px) 100vw, 600px\" \/><\/a><a href=\"https:\/\/pcbigouden.fr\/?attachment_id=5716\" rel=\"attachment wp-att-5716\"><img loading=\"lazy\" decoding=\"async\" class=\"alignnone size-full wp-image-5716\" src=\"https:\/\/pcbigouden.fr\/wp-content\/uploads\/2025\/10\/3.jpg\" alt=\"\" width=\"800\" height=\"705\" srcset=\"https:\/\/pcbigouden.fr\/wp-content\/uploads\/2025\/10\/3.jpg 800w, https:\/\/pcbigouden.fr\/wp-content\/uploads\/2025\/10\/3-300x264.jpg 300w, https:\/\/pcbigouden.fr\/wp-content\/uploads\/2025\/10\/3-768x677.jpg 768w, https:\/\/pcbigouden.fr\/wp-content\/uploads\/2025\/10\/3-123x108.jpg 123w\" sizes=\"auto, (max-width: 800px) 100vw, 800px\" \/><\/a><a href=\"https:\/\/pcbigouden.fr\/?attachment_id=5717\" rel=\"attachment wp-att-5717\"><img loading=\"lazy\" decoding=\"async\" class=\"alignnone size-full wp-image-5717\" src=\"https:\/\/pcbigouden.fr\/wp-content\/uploads\/2025\/10\/4.jpg\" alt=\"\" width=\"600\" height=\"800\" srcset=\"https:\/\/pcbigouden.fr\/wp-content\/uploads\/2025\/10\/4.jpg 600w, https:\/\/pcbigouden.fr\/wp-content\/uploads\/2025\/10\/4-225x300.jpg 225w, https:\/\/pcbigouden.fr\/wp-content\/uploads\/2025\/10\/4-81x108.jpg 81w\" sizes=\"auto, (max-width: 600px) 100vw, 600px\" \/><\/a><a href=\"https:\/\/pcbigouden.fr\/?attachment_id=5718\" rel=\"attachment wp-att-5718\"><img loading=\"lazy\" decoding=\"async\" class=\"alignnone size-full wp-image-5718\" src=\"https:\/\/pcbigouden.fr\/wp-content\/uploads\/2025\/10\/5.jpeg\" alt=\"\" width=\"705\" height=\"800\" srcset=\"https:\/\/pcbigouden.fr\/wp-content\/uploads\/2025\/10\/5.jpeg 705w, https:\/\/pcbigouden.fr\/wp-content\/uploads\/2025\/10\/5-264x300.jpeg 264w, https:\/\/pcbigouden.fr\/wp-content\/uploads\/2025\/10\/5-95x108.jpeg 95w\" sizes=\"auto, (max-width: 705px) 100vw, 705px\" \/><\/a><a href=\"https:\/\/pcbigouden.fr\/?attachment_id=5719\" rel=\"attachment wp-att-5719\"><img loading=\"lazy\" decoding=\"async\" class=\"alignnone size-full wp-image-5719\" src=\"https:\/\/pcbigouden.fr\/wp-content\/uploads\/2025\/10\/6.jpeg\" alt=\"\" width=\"600\" height=\"800\" srcset=\"https:\/\/pcbigouden.fr\/wp-content\/uploads\/2025\/10\/6.jpeg 600w, https:\/\/pcbigouden.fr\/wp-content\/uploads\/2025\/10\/6-225x300.jpeg 225w, https:\/\/pcbigouden.fr\/wp-content\/uploads\/2025\/10\/6-81x108.jpeg 81w\" sizes=\"auto, (max-width: 600px) 100vw, 600px\" \/><\/a><a href=\"https:\/\/pcbigouden.fr\/?attachment_id=5720\" rel=\"attachment wp-att-5720\"><img loading=\"lazy\" decoding=\"async\" class=\"alignnone size-full wp-image-5720\" src=\"https:\/\/pcbigouden.fr\/wp-content\/uploads\/2025\/10\/7.jpeg\" alt=\"\" width=\"600\" height=\"800\" srcset=\"https:\/\/pcbigouden.fr\/wp-content\/uploads\/2025\/10\/7.jpeg 600w, https:\/\/pcbigouden.fr\/wp-content\/uploads\/2025\/10\/7-225x300.jpeg 225w, https:\/\/pcbigouden.fr\/wp-content\/uploads\/2025\/10\/7-81x108.jpeg 81w\" sizes=\"auto, (max-width: 600px) 100vw, 600px\" \/><\/a><a href=\"https:\/\/pcbigouden.fr\/?attachment_id=5721\" rel=\"attachment wp-att-5721\"><img loading=\"lazy\" decoding=\"async\" class=\"alignnone size-full wp-image-5721\" src=\"https:\/\/pcbigouden.fr\/wp-content\/uploads\/2025\/10\/8.jpg\" alt=\"\" width=\"800\" height=\"600\" srcset=\"https:\/\/pcbigouden.fr\/wp-content\/uploads\/2025\/10\/8.jpg 800w, https:\/\/pcbigouden.fr\/wp-content\/uploads\/2025\/10\/8-300x225.jpg 300w, https:\/\/pcbigouden.fr\/wp-content\/uploads\/2025\/10\/8-768x576.jpg 768w, https:\/\/pcbigouden.fr\/wp-content\/uploads\/2025\/10\/8-144x108.jpg 144w\" sizes=\"auto, (max-width: 800px) 100vw, 800px\" \/><\/a><a href=\"https:\/\/pcbigouden.fr\/?attachment_id=5722\" rel=\"attachment wp-att-5722\"><img loading=\"lazy\" decoding=\"async\" class=\"alignnone size-full wp-image-5722\" src=\"https:\/\/pcbigouden.fr\/wp-content\/uploads\/2025\/10\/9.jpg\" alt=\"\" width=\"633\" height=\"800\" srcset=\"https:\/\/pcbigouden.fr\/wp-content\/uploads\/2025\/10\/9.jpg 633w, https:\/\/pcbigouden.fr\/wp-content\/uploads\/2025\/10\/9-237x300.jpg 237w, https:\/\/pcbigouden.fr\/wp-content\/uploads\/2025\/10\/9-85x108.jpg 85w\" sizes=\"auto, (max-width: 633px) 100vw, 633px\" \/><\/a><\/li>\n<\/ul>\n","protected":false},"excerpt":{"rendered":"<p>Environ 2 000 personnes ont d\u00e9fil\u00e9 dans les rues de Quimper \u00e0 l\u2019appel de l\u2019intersyndicale<\/p>\n","protected":false},"author":5,"featured_media":0,"comment_status":"open","ping_status":"closed","sticky":false,"template":"","format":"standard","meta":{"_jetpack_memberships_contains_paid_content":false,"footnotes":""},"categories":[2,3,252,10,184,11,12,13,14],"tags":[],"class_list":["post-5712","post","type-post","status-publish","format-standard","hentry","category-democratie","category-economie","category-manifestation","category-retraites","category-sante","category-securite-sociale","category-services-publics","category-social","category-vie-locale"],"yoast_head":"<!-- This site is optimized with the Yoast SEO plugin v27.5 - https:\/\/yoast.com\/product\/yoast-seo-wordpress\/ -->\n<title>Manifestation du 2 octobre \u00e0 Quimper - PCF Pays Bigouden<\/title>\n<meta name=\"robots\" content=\"index, follow, max-snippet:-1, max-image-preview:large, max-video-preview:-1\" \/>\n<link rel=\"canonical\" href=\"https:\/\/pcbigouden.fr\/?p=5712\" \/>\n<meta property=\"og:locale\" content=\"fr_FR\" \/>\n<meta property=\"og:type\" content=\"article\" \/>\n<meta property=\"og:title\" content=\"Manifestation du 2 octobre \u00e0 Quimper - PCF Pays Bigouden\" \/>\n<meta property=\"og:description\" content=\"Environ 2 000 personnes ont d\u00e9fil\u00e9 dans les rues de Quimper \u00e0 l\u2019appel de l\u2019intersyndicale\" \/>\n<meta property=\"og:url\" content=\"https:\/\/pcbigouden.fr\/?p=5712\" \/>\n<meta property=\"og:site_name\" content=\"PCF Pays Bigouden\" \/>\n<meta property=\"article:published_time\" content=\"2025-10-03T04:36:21+00:00\" \/>\n<meta property=\"article:modified_time\" content=\"2025-10-06T13:05:20+00:00\" \/>\n<meta property=\"og:image\" content=\"https:\/\/pcbigouden.fr\/wp-content\/uploads\/2025\/10\/1.jpg\" \/>\n\t<meta property=\"og:image:width\" content=\"800\" \/>\n\t<meta property=\"og:image:height\" content=\"639\" \/>\n\t<meta property=\"og:image:type\" content=\"image\/jpeg\" \/>\n<meta name=\"author\" content=\"cortomaltes29\" \/>\n<meta name=\"twitter:card\" content=\"summary_large_image\" \/>\n<meta name=\"twitter:label1\" content=\"\u00c9crit par\" \/>\n\t<meta name=\"twitter:data1\" content=\"cortomaltes29\" \/>\n<script type=\"application\/ld+json\" class=\"yoast-schema-graph\">{\"@context\":\"https:\\\/\\\/schema.org\",\"@graph\":[{\"@type\":\"Article\",\"@id\":\"https:\\\/\\\/pcbigouden.fr\\\/?p=5712#article\",\"isPartOf\":{\"@id\":\"https:\\\/\\\/pcbigouden.fr\\\/?p=5712\"},\"author\":{\"name\":\"cortomaltes29\",\"@id\":\"https:\\\/\\\/pcbigouden.fr\\\/#\\\/schema\\\/person\\\/dc763e11bee76f6c59d8d18653939a2c\"},\"headline\":\"Manifestation du 2 octobre \u00e0 Quimper\",\"datePublished\":\"2025-10-03T04:36:21+00:00\",\"dateModified\":\"2025-10-06T13:05:20+00:00\",\"mainEntityOfPage\":{\"@id\":\"https:\\\/\\\/pcbigouden.fr\\\/?p=5712\"},\"wordCount\":78,\"commentCount\":0,\"publisher\":{\"@id\":\"https:\\\/\\\/pcbigouden.fr\\\/#organization\"},\"image\":{\"@id\":\"https:\\\/\\\/pcbigouden.fr\\\/?p=5712#primaryimage\"},\"thumbnailUrl\":\"https:\\\/\\\/pcbigouden.fr\\\/wp-content\\\/uploads\\\/2025\\\/10\\\/1.jpg\",\"articleSection\":[\"D\u00e9mocratie\",\"Economie\",\"Manifestation\",\"Retraites\",\"Sant\u00e9\",\"S\u00e9curit\u00e9 Sociale\",\"Services Publics\",\"Social\",\"Vie Locale\"],\"inLanguage\":\"fr-FR\",\"potentialAction\":[{\"@type\":\"CommentAction\",\"name\":\"Comment\",\"target\":[\"https:\\\/\\\/pcbigouden.fr\\\/?p=5712#respond\"]}]},{\"@type\":\"WebPage\",\"@id\":\"https:\\\/\\\/pcbigouden.fr\\\/?p=5712\",\"url\":\"https:\\\/\\\/pcbigouden.fr\\\/?p=5712\",\"name\":\"Manifestation du 2 octobre \u00e0 Quimper - PCF Pays Bigouden\",\"isPartOf\":{\"@id\":\"https:\\\/\\\/pcbigouden.fr\\\/#website\"},\"primaryImageOfPage\":{\"@id\":\"https:\\\/\\\/pcbigouden.fr\\\/?p=5712#primaryimage\"},\"image\":{\"@id\":\"https:\\\/\\\/pcbigouden.fr\\\/?p=5712#primaryimage\"},\"thumbnailUrl\":\"https:\\\/\\\/pcbigouden.fr\\\/wp-content\\\/uploads\\\/2025\\\/10\\\/1.jpg\",\"datePublished\":\"2025-10-03T04:36:21+00:00\",\"dateModified\":\"2025-10-06T13:05:20+00:00\",\"breadcrumb\":{\"@id\":\"https:\\\/\\\/pcbigouden.fr\\\/?p=5712#breadcrumb\"},\"inLanguage\":\"fr-FR\",\"potentialAction\":[{\"@type\":\"ReadAction\",\"target\":[\"https:\\\/\\\/pcbigouden.fr\\\/?p=5712\"]}]},{\"@type\":\"ImageObject\",\"inLanguage\":\"fr-FR\",\"@id\":\"https:\\\/\\\/pcbigouden.fr\\\/?p=5712#primaryimage\",\"url\":\"https:\\\/\\\/pcbigouden.fr\\\/wp-content\\\/uploads\\\/2025\\\/10\\\/1.jpg\",\"contentUrl\":\"https:\\\/\\\/pcbigouden.fr\\\/wp-content\\\/uploads\\\/2025\\\/10\\\/1.jpg\",\"width\":800,\"height\":639},{\"@type\":\"BreadcrumbList\",\"@id\":\"https:\\\/\\\/pcbigouden.fr\\\/?p=5712#breadcrumb\",\"itemListElement\":[{\"@type\":\"ListItem\",\"position\":1,\"name\":\"Accueil\",\"item\":\"https:\\\/\\\/pcbigouden.fr\\\/\"},{\"@type\":\"ListItem\",\"position\":2,\"name\":\"Manifestation du 2 octobre \u00e0 Quimper\"}]},{\"@type\":\"WebSite\",\"@id\":\"https:\\\/\\\/pcbigouden.fr\\\/#website\",\"url\":\"https:\\\/\\\/pcbigouden.fr\\\/\",\"name\":\"PCF Pays Bigouden\",\"description\":\"Blog des communistes du Pays Bigouden\",\"publisher\":{\"@id\":\"https:\\\/\\\/pcbigouden.fr\\\/#organization\"},\"potentialAction\":[{\"@type\":\"SearchAction\",\"target\":{\"@type\":\"EntryPoint\",\"urlTemplate\":\"https:\\\/\\\/pcbigouden.fr\\\/?s={search_term_string}\"},\"query-input\":{\"@type\":\"PropertyValueSpecification\",\"valueRequired\":true,\"valueName\":\"search_term_string\"}}],\"inLanguage\":\"fr-FR\"},{\"@type\":\"Organization\",\"@id\":\"https:\\\/\\\/pcbigouden.fr\\\/#organization\",\"name\":\"Parti Communiste PCF Pays Bigouden\",\"url\":\"https:\\\/\\\/pcbigouden.fr\\\/\",\"logo\":{\"@type\":\"ImageObject\",\"inLanguage\":\"fr-FR\",\"@id\":\"https:\\\/\\\/pcbigouden.fr\\\/#\\\/schema\\\/logo\\\/image\\\/\",\"url\":\"https:\\\/\\\/pcbigouden.fr\\\/wp-content\\\/uploads\\\/2021\\\/10\\\/logoTB307x290.jpg\",\"contentUrl\":\"https:\\\/\\\/pcbigouden.fr\\\/wp-content\\\/uploads\\\/2021\\\/10\\\/logoTB307x290.jpg\",\"width\":307,\"height\":290,\"caption\":\"Parti Communiste PCF Pays Bigouden\"},\"image\":{\"@id\":\"https:\\\/\\\/pcbigouden.fr\\\/#\\\/schema\\\/logo\\\/image\\\/\"}},{\"@type\":\"Person\",\"@id\":\"https:\\\/\\\/pcbigouden.fr\\\/#\\\/schema\\\/person\\\/dc763e11bee76f6c59d8d18653939a2c\",\"name\":\"cortomaltes29\",\"image\":{\"@type\":\"ImageObject\",\"inLanguage\":\"fr-FR\",\"@id\":\"https:\\\/\\\/secure.gravatar.com\\\/avatar\\\/c2ce5036b4b39dfed348d934e527c141cfac704b84e909e2086924ec476d0315?s=96&d=mm&r=g\",\"url\":\"https:\\\/\\\/secure.gravatar.com\\\/avatar\\\/c2ce5036b4b39dfed348d934e527c141cfac704b84e909e2086924ec476d0315?s=96&d=mm&r=g\",\"contentUrl\":\"https:\\\/\\\/secure.gravatar.com\\\/avatar\\\/c2ce5036b4b39dfed348d934e527c141cfac704b84e909e2086924ec476d0315?s=96&d=mm&r=g\",\"caption\":\"cortomaltes29\"},\"url\":\"https:\\\/\\\/pcbigouden.fr\\\/?author=5\"}]}<\/script>\n<!-- \/ Yoast SEO plugin. -->","yoast_head_json":{"title":"Manifestation du 2 octobre \u00e0 Quimper - PCF Pays Bigouden","robots":{"index":"index","follow":"follow","max-snippet":"max-snippet:-1","max-image-preview":"max-image-preview:large","max-video-preview":"max-video-preview:-1"},"canonical":"https:\/\/pcbigouden.fr\/?p=5712","og_locale":"fr_FR","og_type":"article","og_title":"Manifestation du 2 octobre \u00e0 Quimper - PCF Pays Bigouden","og_description":"Environ 2 000 personnes ont d\u00e9fil\u00e9 dans les rues de Quimper \u00e0 l\u2019appel de l\u2019intersyndicale","og_url":"https:\/\/pcbigouden.fr\/?p=5712","og_site_name":"PCF Pays Bigouden","article_published_time":"2025-10-03T04:36:21+00:00","article_modified_time":"2025-10-06T13:05:20+00:00","og_image":[{"width":800,"height":639,"url":"https:\/\/pcbigouden.fr\/wp-content\/uploads\/2025\/10\/1.jpg","type":"image\/jpeg"}],"author":"cortomaltes29","twitter_card":"summary_large_image","twitter_misc":{"\u00c9crit par":"cortomaltes29"},"schema":{"@context":"https:\/\/schema.org","@graph":[{"@type":"Article","@id":"https:\/\/pcbigouden.fr\/?p=5712#article","isPartOf":{"@id":"https:\/\/pcbigouden.fr\/?p=5712"},"author":{"name":"cortomaltes29","@id":"https:\/\/pcbigouden.fr\/#\/schema\/person\/dc763e11bee76f6c59d8d18653939a2c"},"headline":"Manifestation du 2 octobre \u00e0 Quimper","datePublished":"2025-10-03T04:36:21+00:00","dateModified":"2025-10-06T13:05:20+00:00","mainEntityOfPage":{"@id":"https:\/\/pcbigouden.fr\/?p=5712"},"wordCount":78,"commentCount":0,"publisher":{"@id":"https:\/\/pcbigouden.fr\/#organization"},"image":{"@id":"https:\/\/pcbigouden.fr\/?p=5712#primaryimage"},"thumbnailUrl":"https:\/\/pcbigouden.fr\/wp-content\/uploads\/2025\/10\/1.jpg","articleSection":["D\u00e9mocratie","Economie","Manifestation","Retraites","Sant\u00e9","S\u00e9curit\u00e9 Sociale","Services Publics","Social","Vie Locale"],"inLanguage":"fr-FR","potentialAction":[{"@type":"CommentAction","name":"Comment","target":["https:\/\/pcbigouden.fr\/?p=5712#respond"]}]},{"@type":"WebPage","@id":"https:\/\/pcbigouden.fr\/?p=5712","url":"https:\/\/pcbigouden.fr\/?p=5712","name":"Manifestation du 2 octobre \u00e0 Quimper - PCF Pays Bigouden","isPartOf":{"@id":"https:\/\/pcbigouden.fr\/#website"},"primaryImageOfPage":{"@id":"https:\/\/pcbigouden.fr\/?p=5712#primaryimage"},"image":{"@id":"https:\/\/pcbigouden.fr\/?p=5712#primaryimage"},"thumbnailUrl":"https:\/\/pcbigouden.fr\/wp-content\/uploads\/2025\/10\/1.jpg","datePublished":"2025-10-03T04:36:21+00:00","dateModified":"2025-10-06T13:05:20+00:00","breadcrumb":{"@id":"https:\/\/pcbigouden.fr\/?p=5712#breadcrumb"},"inLanguage":"fr-FR","potentialAction":[{"@type":"ReadAction","target":["https:\/\/pcbigouden.fr\/?p=5712"]}]},{"@type":"ImageObject","inLanguage":"fr-FR","@id":"https:\/\/pcbigouden.fr\/?p=5712#primaryimage","url":"https:\/\/pcbigouden.fr\/wp-content\/uploads\/2025\/10\/1.jpg","contentUrl":"https:\/\/pcbigouden.fr\/wp-content\/uploads\/2025\/10\/1.jpg","width":800,"height":639},{"@type":"BreadcrumbList","@id":"https:\/\/pcbigouden.fr\/?p=5712#breadcrumb","itemListElement":[{"@type":"ListItem","position":1,"name":"Accueil","item":"https:\/\/pcbigouden.fr\/"},{"@type":"ListItem","position":2,"name":"Manifestation du 2 octobre \u00e0 Quimper"}]},{"@type":"WebSite","@id":"https:\/\/pcbigouden.fr\/#website","url":"https:\/\/pcbigouden.fr\/","name":"PCF Pays Bigouden","description":"Blog des communistes du Pays Bigouden","publisher":{"@id":"https:\/\/pcbigouden.fr\/#organization"},"potentialAction":[{"@type":"SearchAction","target":{"@type":"EntryPoint","urlTemplate":"https:\/\/pcbigouden.fr\/?s={search_term_string}"},"query-input":{"@type":"PropertyValueSpecification","valueRequired":true,"valueName":"search_term_string"}}],"inLanguage":"fr-FR"},{"@type":"Organization","@id":"https:\/\/pcbigouden.fr\/#organization","name":"Parti Communiste PCF Pays Bigouden","url":"https:\/\/pcbigouden.fr\/","logo":{"@type":"ImageObject","inLanguage":"fr-FR","@id":"https:\/\/pcbigouden.fr\/#\/schema\/logo\/image\/","url":"https:\/\/pcbigouden.fr\/wp-content\/uploads\/2021\/10\/logoTB307x290.jpg","contentUrl":"https:\/\/pcbigouden.fr\/wp-content\/uploads\/2021\/10\/logoTB307x290.jpg","width":307,"height":290,"caption":"Parti Communiste PCF Pays Bigouden"},"image":{"@id":"https:\/\/pcbigouden.fr\/#\/schema\/logo\/image\/"}},{"@type":"Person","@id":"https:\/\/pcbigouden.fr\/#\/schema\/person\/dc763e11bee76f6c59d8d18653939a2c","name":"cortomaltes29","image":{"@type":"ImageObject","inLanguage":"fr-FR","@id":"https:\/\/secure.gravatar.com\/avatar\/c2ce5036b4b39dfed348d934e527c141cfac704b84e909e2086924ec476d0315?s=96&d=mm&r=g","url":"https:\/\/secure.gravatar.com\/avatar\/c2ce5036b4b39dfed348d934e527c141cfac704b84e909e2086924ec476d0315?s=96&d=mm&r=g","contentUrl":"https:\/\/secure.gravatar.com\/avatar\/c2ce5036b4b39dfed348d934e527c141cfac704b84e909e2086924ec476d0315?s=96&d=mm&r=g","caption":"cortomaltes29"},"url":"https:\/\/pcbigouden.fr\/?author=5"}]}},"jetpack_featured_media_url":"","jetpack_sharing_enabled":true,"jetpack_likes_enabled":true,"_links":{"self":[{"href":"https:\/\/pcbigouden.fr\/index.php?rest_route=\/wp\/v2\/posts\/5712","targetHints":{"allow":["GET"]}}],"collection":[{"href":"https:\/\/pcbigouden.fr\/index.php?rest_route=\/wp\/v2\/posts"}],"about":[{"href":"https:\/\/pcbigouden.fr\/index.php?rest_route=\/wp\/v2\/types\/post"}],"author":[{"embeddable":true,"href":"https:\/\/pcbigouden.fr\/index.php?rest_route=\/wp\/v2\/users\/5"}],"replies":[{"embeddable":true,"href":"https:\/\/pcbigouden.fr\/index.php?rest_route=%2Fwp%2Fv2%2Fcomments&post=5712"}],"version-history":[{"count":5,"href":"https:\/\/pcbigouden.fr\/index.php?rest_route=\/wp\/v2\/posts\/5712\/revisions"}],"predecessor-version":[{"id":5734,"href":"https:\/\/pcbigouden.fr\/index.php?rest_route=\/wp\/v2\/posts\/5712\/revisions\/5734"}],"wp:attachment":[{"href":"https:\/\/pcbigouden.fr\/index.php?rest_route=%2Fwp%2Fv2%2Fmedia&parent=5712"}],"wp:term":[{"taxonomy":"category","embeddable":true,"href":"https:\/\/pcbigouden.fr\/index.php?rest_route=%2Fwp%2Fv2%2Fcategories&post=5712"},{"taxonomy":"post_tag","embeddable":true,"href":"https:\/\/pcbigouden.fr\/index.php?rest_route=%2Fwp%2Fv2%2Ftags&post=5712"}],"curies":[{"name":"wp","href":"https:\/\/api.w.org\/{rel}","templated":true}]}}