{"id":5702,"date":"2025-09-30T09:00:05","date_gmt":"2025-09-30T07:00:05","guid":{"rendered":"https:\/\/pcbigouden.fr\/?p=5702"},"modified":"2025-11-13T10:42:53","modified_gmt":"2025-11-13T09:42:53","slug":"manifestation-2-octobre","status":"publish","type":"post","link":"https:\/\/pcbigouden.fr\/?p=5702","title":{"rendered":"Manifestation 2 octobre"},"content":{"rendered":"<p><span style=\"font-family: georgia, palatino, serif; font-size: 12pt;\">Face \u00e0 la volont\u00e9 du premier ministre de ne pas entendre nos revendications pour plus de justice sociale, nous appelons l&rsquo;ensemble des travailleurs et travailleuses, l&rsquo;ensemble de nos concitoyen.ne.s \u00e0 participer massivement \u00e0 la manifestation organis\u00e9e par l&rsquo;ensemble des organisations syndicales :<\/span><\/p>\n<p><span style=\"font-family: georgia, palatino, serif; font-size: 12pt;\"><span style=\"font-size: 18pt;\"><strong>le jeudi 2 octobre 2025, \u00e0 10h place de la r\u00e9sistance \u00e0 Quimper<\/strong><\/span><\/span><!--more .. voir le tract intersyndical.. --><\/p>\n<p><span style=\"font-family: georgia, palatino, serif; font-size: 12pt;\"> <a href=\"https:\/\/pcbigouden.fr\/?attachment_id=5704\" rel=\"attachment wp-att-5704\"><img loading=\"lazy\" decoding=\"async\" class=\"alignnone size-full wp-image-5704\" src=\"https:\/\/pcbigouden.fr\/wp-content\/uploads\/2025\/09\/canvas.png\" alt=\"\" width=\"1375\" height=\"1945\" srcset=\"https:\/\/pcbigouden.fr\/wp-content\/uploads\/2025\/09\/canvas.png 1375w, https:\/\/pcbigouden.fr\/wp-content\/uploads\/2025\/09\/canvas-212x300.png 212w, https:\/\/pcbigouden.fr\/wp-content\/uploads\/2025\/09\/canvas-724x1024.png 724w, https:\/\/pcbigouden.fr\/wp-content\/uploads\/2025\/09\/canvas-768x1086.png 768w, https:\/\/pcbigouden.fr\/wp-content\/uploads\/2025\/09\/canvas-1086x1536.png 1086w, https:\/\/pcbigouden.fr\/wp-content\/uploads\/2025\/09\/canvas-863x1221.png 863w, https:\/\/pcbigouden.fr\/wp-content\/uploads\/2025\/09\/canvas-76x108.png 76w, https:\/\/pcbigouden.fr\/wp-content\/uploads\/2025\/09\/canvas-1320x1867.png 1320w\" sizes=\"auto, (max-width: 1375px) 100vw, 1375px\" \/><\/a><\/span><\/p>\n","protected":false},"excerpt":{"rendered":"<p>Face \u00e0 la volont\u00e9 du premier ministre de ne pas entendre nos revendications pour plus de justice sociale, nous appelons l&rsquo;ensemble des travailleurs et travailleuses, l&rsquo;ensemble de nos concitoyen.ne.s \u00e0 participer massivement \u00e0 la manifestation organis\u00e9e par l&rsquo;ensemble des organisations syndicales : le jeudi 2 octobre 2025, \u00e0 10h place de la r\u00e9sistance \u00e0 Quimper<\/p>\n","protected":false},"author":5,"featured_media":0,"comment_status":"open","ping_status":"closed","sticky":false,"template":"","format":"standard","meta":{"_jetpack_memberships_contains_paid_content":false,"footnotes":""},"categories":[2,3,252,10,184,11,12,13,14],"tags":[],"class_list":["post-5702","post","type-post","status-publish","format-standard","hentry","category-democratie","category-economie","category-manifestation","category-retraites","category-sante","category-securite-sociale","category-services-publics","category-social","category-vie-locale"],"yoast_head":"<!-- This site is optimized with the Yoast SEO plugin v27.5 - https:\/\/yoast.com\/product\/yoast-seo-wordpress\/ -->\n<title>Manifestation 2 octobre - PCF Pays Bigouden<\/title>\n<meta name=\"robots\" content=\"index, follow, max-snippet:-1, max-image-preview:large, max-video-preview:-1\" \/>\n<link rel=\"canonical\" href=\"https:\/\/pcbigouden.fr\/?p=5702\" \/>\n<meta property=\"og:locale\" content=\"fr_FR\" \/>\n<meta property=\"og:type\" content=\"article\" \/>\n<meta property=\"og:title\" content=\"Manifestation 2 octobre - PCF Pays Bigouden\" \/>\n<meta property=\"og:description\" content=\"Face \u00e0 la volont\u00e9 du premier ministre de ne pas entendre nos revendications pour plus de justice sociale, nous appelons l&rsquo;ensemble des travailleurs et travailleuses, l&rsquo;ensemble de nos concitoyen.ne.s \u00e0 participer massivement \u00e0 la manifestation organis\u00e9e par l&rsquo;ensemble des organisations syndicales : le jeudi 2 octobre 2025, \u00e0 10h place de la r\u00e9sistance \u00e0 Quimper\" \/>\n<meta property=\"og:url\" content=\"https:\/\/pcbigouden.fr\/?p=5702\" \/>\n<meta property=\"og:site_name\" content=\"PCF Pays Bigouden\" \/>\n<meta property=\"article:published_time\" content=\"2025-09-30T07:00:05+00:00\" \/>\n<meta property=\"article:modified_time\" content=\"2025-11-13T09:42:53+00:00\" \/>\n<meta property=\"og:image\" content=\"https:\/\/pcbigouden.fr\/wp-content\/uploads\/2025\/09\/canvas.png\" \/>\n\t<meta property=\"og:image:width\" content=\"1375\" \/>\n\t<meta property=\"og:image:height\" content=\"1945\" \/>\n\t<meta property=\"og:image:type\" content=\"image\/png\" \/>\n<meta name=\"author\" content=\"cortomaltes29\" \/>\n<meta name=\"twitter:card\" content=\"summary_large_image\" \/>\n<meta name=\"twitter:label1\" content=\"\u00c9crit par\" \/>\n\t<meta name=\"twitter:data1\" content=\"cortomaltes29\" \/>\n<script type=\"application\/ld+json\" class=\"yoast-schema-graph\">{\"@context\":\"https:\\\/\\\/schema.org\",\"@graph\":[{\"@type\":\"Article\",\"@id\":\"https:\\\/\\\/pcbigouden.fr\\\/?p=5702#article\",\"isPartOf\":{\"@id\":\"https:\\\/\\\/pcbigouden.fr\\\/?p=5702\"},\"author\":{\"name\":\"cortomaltes29\",\"@id\":\"https:\\\/\\\/pcbigouden.fr\\\/#\\\/schema\\\/person\\\/dc763e11bee76f6c59d8d18653939a2c\"},\"headline\":\"Manifestation 2 octobre\",\"datePublished\":\"2025-09-30T07:00:05+00:00\",\"dateModified\":\"2025-11-13T09:42:53+00:00\",\"mainEntityOfPage\":{\"@id\":\"https:\\\/\\\/pcbigouden.fr\\\/?p=5702\"},\"wordCount\":56,\"commentCount\":0,\"publisher\":{\"@id\":\"https:\\\/\\\/pcbigouden.fr\\\/#organization\"},\"image\":{\"@id\":\"https:\\\/\\\/pcbigouden.fr\\\/?p=5702#primaryimage\"},\"thumbnailUrl\":\"https:\\\/\\\/pcbigouden.fr\\\/wp-content\\\/uploads\\\/2025\\\/09\\\/canvas.png\",\"articleSection\":[\"D\u00e9mocratie\",\"Economie\",\"Manifestation\",\"Retraites\",\"Sant\u00e9\",\"S\u00e9curit\u00e9 Sociale\",\"Services Publics\",\"Social\",\"Vie Locale\"],\"inLanguage\":\"fr-FR\",\"potentialAction\":[{\"@type\":\"CommentAction\",\"name\":\"Comment\",\"target\":[\"https:\\\/\\\/pcbigouden.fr\\\/?p=5702#respond\"]}]},{\"@type\":\"WebPage\",\"@id\":\"https:\\\/\\\/pcbigouden.fr\\\/?p=5702\",\"url\":\"https:\\\/\\\/pcbigouden.fr\\\/?p=5702\",\"name\":\"Manifestation 2 octobre - PCF Pays Bigouden\",\"isPartOf\":{\"@id\":\"https:\\\/\\\/pcbigouden.fr\\\/#website\"},\"primaryImageOfPage\":{\"@id\":\"https:\\\/\\\/pcbigouden.fr\\\/?p=5702#primaryimage\"},\"image\":{\"@id\":\"https:\\\/\\\/pcbigouden.fr\\\/?p=5702#primaryimage\"},\"thumbnailUrl\":\"https:\\\/\\\/pcbigouden.fr\\\/wp-content\\\/uploads\\\/2025\\\/09\\\/canvas.png\",\"datePublished\":\"2025-09-30T07:00:05+00:00\",\"dateModified\":\"2025-11-13T09:42:53+00:00\",\"breadcrumb\":{\"@id\":\"https:\\\/\\\/pcbigouden.fr\\\/?p=5702#breadcrumb\"},\"inLanguage\":\"fr-FR\",\"potentialAction\":[{\"@type\":\"ReadAction\",\"target\":[\"https:\\\/\\\/pcbigouden.fr\\\/?p=5702\"]}]},{\"@type\":\"ImageObject\",\"inLanguage\":\"fr-FR\",\"@id\":\"https:\\\/\\\/pcbigouden.fr\\\/?p=5702#primaryimage\",\"url\":\"https:\\\/\\\/pcbigouden.fr\\\/wp-content\\\/uploads\\\/2025\\\/09\\\/canvas.png\",\"contentUrl\":\"https:\\\/\\\/pcbigouden.fr\\\/wp-content\\\/uploads\\\/2025\\\/09\\\/canvas.png\",\"width\":1375,\"height\":1945},{\"@type\":\"BreadcrumbList\",\"@id\":\"https:\\\/\\\/pcbigouden.fr\\\/?p=5702#breadcrumb\",\"itemListElement\":[{\"@type\":\"ListItem\",\"position\":1,\"name\":\"Accueil\",\"item\":\"https:\\\/\\\/pcbigouden.fr\\\/\"},{\"@type\":\"ListItem\",\"position\":2,\"name\":\"Manifestation 2 octobre\"}]},{\"@type\":\"WebSite\",\"@id\":\"https:\\\/\\\/pcbigouden.fr\\\/#website\",\"url\":\"https:\\\/\\\/pcbigouden.fr\\\/\",\"name\":\"PCF Pays Bigouden\",\"description\":\"Blog des communistes du Pays Bigouden\",\"publisher\":{\"@id\":\"https:\\\/\\\/pcbigouden.fr\\\/#organization\"},\"potentialAction\":[{\"@type\":\"SearchAction\",\"target\":{\"@type\":\"EntryPoint\",\"urlTemplate\":\"https:\\\/\\\/pcbigouden.fr\\\/?s={search_term_string}\"},\"query-input\":{\"@type\":\"PropertyValueSpecification\",\"valueRequired\":true,\"valueName\":\"search_term_string\"}}],\"inLanguage\":\"fr-FR\"},{\"@type\":\"Organization\",\"@id\":\"https:\\\/\\\/pcbigouden.fr\\\/#organization\",\"name\":\"Parti Communiste PCF Pays Bigouden\",\"url\":\"https:\\\/\\\/pcbigouden.fr\\\/\",\"logo\":{\"@type\":\"ImageObject\",\"inLanguage\":\"fr-FR\",\"@id\":\"https:\\\/\\\/pcbigouden.fr\\\/#\\\/schema\\\/logo\\\/image\\\/\",\"url\":\"https:\\\/\\\/pcbigouden.fr\\\/wp-content\\\/uploads\\\/2021\\\/10\\\/logoTB307x290.jpg\",\"contentUrl\":\"https:\\\/\\\/pcbigouden.fr\\\/wp-content\\\/uploads\\\/2021\\\/10\\\/logoTB307x290.jpg\",\"width\":307,\"height\":290,\"caption\":\"Parti Communiste PCF Pays Bigouden\"},\"image\":{\"@id\":\"https:\\\/\\\/pcbigouden.fr\\\/#\\\/schema\\\/logo\\\/image\\\/\"}},{\"@type\":\"Person\",\"@id\":\"https:\\\/\\\/pcbigouden.fr\\\/#\\\/schema\\\/person\\\/dc763e11bee76f6c59d8d18653939a2c\",\"name\":\"cortomaltes29\",\"image\":{\"@type\":\"ImageObject\",\"inLanguage\":\"fr-FR\",\"@id\":\"https:\\\/\\\/secure.gravatar.com\\\/avatar\\\/c2ce5036b4b39dfed348d934e527c141cfac704b84e909e2086924ec476d0315?s=96&d=mm&r=g\",\"url\":\"https:\\\/\\\/secure.gravatar.com\\\/avatar\\\/c2ce5036b4b39dfed348d934e527c141cfac704b84e909e2086924ec476d0315?s=96&d=mm&r=g\",\"contentUrl\":\"https:\\\/\\\/secure.gravatar.com\\\/avatar\\\/c2ce5036b4b39dfed348d934e527c141cfac704b84e909e2086924ec476d0315?s=96&d=mm&r=g\",\"caption\":\"cortomaltes29\"},\"url\":\"https:\\\/\\\/pcbigouden.fr\\\/?author=5\"}]}<\/script>\n<!-- \/ Yoast SEO plugin. -->","yoast_head_json":{"title":"Manifestation 2 octobre - PCF Pays Bigouden","robots":{"index":"index","follow":"follow","max-snippet":"max-snippet:-1","max-image-preview":"max-image-preview:large","max-video-preview":"max-video-preview:-1"},"canonical":"https:\/\/pcbigouden.fr\/?p=5702","og_locale":"fr_FR","og_type":"article","og_title":"Manifestation 2 octobre - PCF Pays Bigouden","og_description":"Face \u00e0 la volont\u00e9 du premier ministre de ne pas entendre nos revendications pour plus de justice sociale, nous appelons l&rsquo;ensemble des travailleurs et travailleuses, l&rsquo;ensemble de nos concitoyen.ne.s \u00e0 participer massivement \u00e0 la manifestation organis\u00e9e par l&rsquo;ensemble des organisations syndicales : le jeudi 2 octobre 2025, \u00e0 10h place de la r\u00e9sistance \u00e0 Quimper","og_url":"https:\/\/pcbigouden.fr\/?p=5702","og_site_name":"PCF Pays Bigouden","article_published_time":"2025-09-30T07:00:05+00:00","article_modified_time":"2025-11-13T09:42:53+00:00","og_image":[{"width":1375,"height":1945,"url":"https:\/\/pcbigouden.fr\/wp-content\/uploads\/2025\/09\/canvas.png","type":"image\/png"}],"author":"cortomaltes29","twitter_card":"summary_large_image","twitter_misc":{"\u00c9crit par":"cortomaltes29"},"schema":{"@context":"https:\/\/schema.org","@graph":[{"@type":"Article","@id":"https:\/\/pcbigouden.fr\/?p=5702#article","isPartOf":{"@id":"https:\/\/pcbigouden.fr\/?p=5702"},"author":{"name":"cortomaltes29","@id":"https:\/\/pcbigouden.fr\/#\/schema\/person\/dc763e11bee76f6c59d8d18653939a2c"},"headline":"Manifestation 2 octobre","datePublished":"2025-09-30T07:00:05+00:00","dateModified":"2025-11-13T09:42:53+00:00","mainEntityOfPage":{"@id":"https:\/\/pcbigouden.fr\/?p=5702"},"wordCount":56,"commentCount":0,"publisher":{"@id":"https:\/\/pcbigouden.fr\/#organization"},"image":{"@id":"https:\/\/pcbigouden.fr\/?p=5702#primaryimage"},"thumbnailUrl":"https:\/\/pcbigouden.fr\/wp-content\/uploads\/2025\/09\/canvas.png","articleSection":["D\u00e9mocratie","Economie","Manifestation","Retraites","Sant\u00e9","S\u00e9curit\u00e9 Sociale","Services Publics","Social","Vie Locale"],"inLanguage":"fr-FR","potentialAction":[{"@type":"CommentAction","name":"Comment","target":["https:\/\/pcbigouden.fr\/?p=5702#respond"]}]},{"@type":"WebPage","@id":"https:\/\/pcbigouden.fr\/?p=5702","url":"https:\/\/pcbigouden.fr\/?p=5702","name":"Manifestation 2 octobre - PCF Pays Bigouden","isPartOf":{"@id":"https:\/\/pcbigouden.fr\/#website"},"primaryImageOfPage":{"@id":"https:\/\/pcbigouden.fr\/?p=5702#primaryimage"},"image":{"@id":"https:\/\/pcbigouden.fr\/?p=5702#primaryimage"},"thumbnailUrl":"https:\/\/pcbigouden.fr\/wp-content\/uploads\/2025\/09\/canvas.png","datePublished":"2025-09-30T07:00:05+00:00","dateModified":"2025-11-13T09:42:53+00:00","breadcrumb":{"@id":"https:\/\/pcbigouden.fr\/?p=5702#breadcrumb"},"inLanguage":"fr-FR","potentialAction":[{"@type":"ReadAction","target":["https:\/\/pcbigouden.fr\/?p=5702"]}]},{"@type":"ImageObject","inLanguage":"fr-FR","@id":"https:\/\/pcbigouden.fr\/?p=5702#primaryimage","url":"https:\/\/pcbigouden.fr\/wp-content\/uploads\/2025\/09\/canvas.png","contentUrl":"https:\/\/pcbigouden.fr\/wp-content\/uploads\/2025\/09\/canvas.png","width":1375,"height":1945},{"@type":"BreadcrumbList","@id":"https:\/\/pcbigouden.fr\/?p=5702#breadcrumb","itemListElement":[{"@type":"ListItem","position":1,"name":"Accueil","item":"https:\/\/pcbigouden.fr\/"},{"@type":"ListItem","position":2,"name":"Manifestation 2 octobre"}]},{"@type":"WebSite","@id":"https:\/\/pcbigouden.fr\/#website","url":"https:\/\/pcbigouden.fr\/","name":"PCF Pays Bigouden","description":"Blog des communistes du Pays Bigouden","publisher":{"@id":"https:\/\/pcbigouden.fr\/#organization"},"potentialAction":[{"@type":"SearchAction","target":{"@type":"EntryPoint","urlTemplate":"https:\/\/pcbigouden.fr\/?s={search_term_string}"},"query-input":{"@type":"PropertyValueSpecification","valueRequired":true,"valueName":"search_term_string"}}],"inLanguage":"fr-FR"},{"@type":"Organization","@id":"https:\/\/pcbigouden.fr\/#organization","name":"Parti Communiste PCF Pays Bigouden","url":"https:\/\/pcbigouden.fr\/","logo":{"@type":"ImageObject","inLanguage":"fr-FR","@id":"https:\/\/pcbigouden.fr\/#\/schema\/logo\/image\/","url":"https:\/\/pcbigouden.fr\/wp-content\/uploads\/2021\/10\/logoTB307x290.jpg","contentUrl":"https:\/\/pcbigouden.fr\/wp-content\/uploads\/2021\/10\/logoTB307x290.jpg","width":307,"height":290,"caption":"Parti Communiste PCF Pays Bigouden"},"image":{"@id":"https:\/\/pcbigouden.fr\/#\/schema\/logo\/image\/"}},{"@type":"Person","@id":"https:\/\/pcbigouden.fr\/#\/schema\/person\/dc763e11bee76f6c59d8d18653939a2c","name":"cortomaltes29","image":{"@type":"ImageObject","inLanguage":"fr-FR","@id":"https:\/\/secure.gravatar.com\/avatar\/c2ce5036b4b39dfed348d934e527c141cfac704b84e909e2086924ec476d0315?s=96&d=mm&r=g","url":"https:\/\/secure.gravatar.com\/avatar\/c2ce5036b4b39dfed348d934e527c141cfac704b84e909e2086924ec476d0315?s=96&d=mm&r=g","contentUrl":"https:\/\/secure.gravatar.com\/avatar\/c2ce5036b4b39dfed348d934e527c141cfac704b84e909e2086924ec476d0315?s=96&d=mm&r=g","caption":"cortomaltes29"},"url":"https:\/\/pcbigouden.fr\/?author=5"}]}},"jetpack_featured_media_url":"","jetpack_sharing_enabled":true,"jetpack_likes_enabled":true,"_links":{"self":[{"href":"https:\/\/pcbigouden.fr\/index.php?rest_route=\/wp\/v2\/posts\/5702","targetHints":{"allow":["GET"]}}],"collection":[{"href":"https:\/\/pcbigouden.fr\/index.php?rest_route=\/wp\/v2\/posts"}],"about":[{"href":"https:\/\/pcbigouden.fr\/index.php?rest_route=\/wp\/v2\/types\/post"}],"author":[{"embeddable":true,"href":"https:\/\/pcbigouden.fr\/index.php?rest_route=\/wp\/v2\/users\/5"}],"replies":[{"embeddable":true,"href":"https:\/\/pcbigouden.fr\/index.php?rest_route=%2Fwp%2Fv2%2Fcomments&post=5702"}],"version-history":[{"count":4,"href":"https:\/\/pcbigouden.fr\/index.php?rest_route=\/wp\/v2\/posts\/5702\/revisions"}],"predecessor-version":[{"id":5711,"href":"https:\/\/pcbigouden.fr\/index.php?rest_route=\/wp\/v2\/posts\/5702\/revisions\/5711"}],"wp:attachment":[{"href":"https:\/\/pcbigouden.fr\/index.php?rest_route=%2Fwp%2Fv2%2Fmedia&parent=5702"}],"wp:term":[{"taxonomy":"category","embeddable":true,"href":"https:\/\/pcbigouden.fr\/index.php?rest_route=%2Fwp%2Fv2%2Fcategories&post=5702"},{"taxonomy":"post_tag","embeddable":true,"href":"https:\/\/pcbigouden.fr\/index.php?rest_route=%2Fwp%2Fv2%2Ftags&post=5702"}],"curies":[{"name":"wp","href":"https:\/\/api.w.org\/{rel}","templated":true}]}}