{"id":5498,"date":"2025-08-13T11:52:55","date_gmt":"2025-08-13T09:52:55","guid":{"rendered":"https:\/\/pcbigouden.fr\/?p=5498"},"modified":"2025-08-20T09:28:30","modified_gmt":"2025-08-20T07:28:30","slug":"loctudy-mercredi-20-aout-2025-fete-du-travailleur-bigouden-de-12h-a-18h","status":"publish","type":"post","link":"https:\/\/pcbigouden.fr\/?p=5498","title":{"rendered":"Loctudy, mercredi 20 ao\u00fbt 2025 &#8211; f\u00eate du Travailleur Bigouden, de 12h \u00e0 18h"},"content":{"rendered":"<p><a href=\"https:\/\/pcbigouden.fr\/wp-content\/uploads\/2025\/08\/AfficheLoctudy2025.png\"><img loading=\"lazy\" decoding=\"async\" class=\"alignnone size-full wp-image-5499\" src=\"https:\/\/pcbigouden.fr\/wp-content\/uploads\/2025\/08\/AfficheLoctudy2025.png\" alt=\"\" width=\"471\" height=\"667\" srcset=\"https:\/\/pcbigouden.fr\/wp-content\/uploads\/2025\/08\/AfficheLoctudy2025.png 471w, https:\/\/pcbigouden.fr\/wp-content\/uploads\/2025\/08\/AfficheLoctudy2025-212x300.png 212w, https:\/\/pcbigouden.fr\/wp-content\/uploads\/2025\/08\/AfficheLoctudy2025-76x108.png 76w\" sizes=\"auto, (max-width: 471px) 100vw, 471px\" \/><\/a><\/p>\n<div><u><strong>Programme :\u00a0<\/strong><\/u><\/div>\n<div><\/div>\n<div><strong>Stands PCF &#8211; JC, CGT, Mouvement de la Paix, AFPS, AJFP<\/strong><\/div>\n<div><\/div>\n<div><strong>Jeux en bois \/ Structure gonflable pour les enfants\u00a0<\/strong><\/div>\n<div><\/div>\n<div>\n<p><strong>Bar\/ restaurant de plein air:\u00a0<\/strong>Saucisses \/ Merguez ou\u00a0Moules \u2013 Frites<\/p>\n<p>Fars\/ kouigns du pays bigouden<\/p>\n<\/div>\n<div>\n<p><b>12h \u2013 12h45 Batoucada \u00ab\u00a0Tambours d\u2019Eckm\u00fcl\u00a0\u00bb<\/b><\/p>\n<p><b>1<\/b><b>3h30 -15h\u00a0<\/b><b>: Chants de Marins \u00ab\u00a0Boulinerien\u00a0\u00bb<\/b><\/p>\n<p><b>15h-16h45 Temps politique. Agora et Carrefour des luttes.\u00a0<\/b><\/p>\n<p><b>17h-18h30 : Batteur et chanteur cubain \u00ab\u00a0Celestino Lopez\u00a0\u00bb<\/b><\/p>\n<\/div>\n<p><strong>On y vendra aussi des vignettes d&rsquo;entr\u00e8e pour la grande f\u00eate de l&rsquo;Huma<\/strong><\/p>\n<h2><a href=\"https:\/\/pcbigouden.fr\/wp-content\/uploads\/2025\/07\/feteHuma2025.jpg\"><img loading=\"lazy\" decoding=\"async\" class=\"alignnone size-full wp-image-5265\" src=\"https:\/\/pcbigouden.fr\/wp-content\/uploads\/2025\/07\/feteHuma2025.jpg\" alt=\"\" width=\"580\" height=\"271\" srcset=\"https:\/\/pcbigouden.fr\/wp-content\/uploads\/2025\/07\/feteHuma2025.jpg 580w, https:\/\/pcbigouden.fr\/wp-content\/uploads\/2025\/07\/feteHuma2025-300x140.jpg 300w, https:\/\/pcbigouden.fr\/wp-content\/uploads\/2025\/07\/feteHuma2025-231x108.jpg 231w\" sizes=\"auto, (max-width: 580px) 100vw, 580px\" \/><\/a><br \/>\nTout sur la f\u00eate de l&rsquo;Huma 2025<a href=\"https:\/\/fete.humanite.fr\/\" target=\"_blank\" rel=\"noopener\"> https:\/\/fete.humanite.fr\/<\/a><\/h2>\n","protected":false},"excerpt":{"rendered":"<p>Programme :\u00a0 Stands PCF &#8211; JC, CGT, Mouvement de la Paix, AFPS, AJFP Jeux en bois \/ Structure gonflable pour les enfants\u00a0 Bar\/ restaurant de plein air:\u00a0Saucisses \/ Merguez ou\u00a0Moules \u2013 Frites Fars\/ kouigns du pays bigouden 12h \u2013 12h45 Batoucada \u00ab\u00a0Tambours d\u2019Eckm\u00fcl\u00a0\u00bb 13h30 -15h\u00a0: Chants de Marins \u00ab\u00a0Boulinerien\u00a0\u00bb 15h-16h45 Temps politique. Agora et Carrefour &hellip; <a href=\"https:\/\/pcbigouden.fr\/?p=5498\" class=\"more-link\">Continue reading <span class=\"screen-reader-text\">Loctudy, mercredi 20 ao\u00fbt 2025 &#8211; f\u00eate du Travailleur Bigouden, de 12h \u00e0 18h<\/span><\/a><\/p>\n","protected":false},"author":6,"featured_media":0,"comment_status":"open","ping_status":"closed","sticky":false,"template":"","format":"standard","meta":{"_jetpack_memberships_contains_paid_content":false,"footnotes":""},"categories":[225,59,14],"tags":[159,28,60],"class_list":["post-5498","post","type-post","status-publish","format-standard","hentry","category-fetespc","category-parti-communiste","category-vie-locale","tag-fete","tag-loctudy","tag-pcf"],"yoast_head":"<!-- This site is optimized with the Yoast SEO plugin v27.5 - https:\/\/yoast.com\/product\/yoast-seo-wordpress\/ -->\n<title>Loctudy, mercredi 20 ao\u00fbt 2025 - f\u00eate du Travailleur Bigouden, de 12h \u00e0 18h - PCF Pays Bigouden<\/title>\n<meta name=\"robots\" content=\"index, follow, max-snippet:-1, max-image-preview:large, max-video-preview:-1\" \/>\n<link rel=\"canonical\" href=\"https:\/\/pcbigouden.fr\/?p=5498\" \/>\n<meta property=\"og:locale\" content=\"fr_FR\" \/>\n<meta property=\"og:type\" content=\"article\" \/>\n<meta property=\"og:title\" content=\"Loctudy, mercredi 20 ao\u00fbt 2025 - f\u00eate du Travailleur Bigouden, de 12h \u00e0 18h - PCF Pays Bigouden\" \/>\n<meta property=\"og:description\" content=\"Programme :\u00a0 Stands PCF &#8211; JC, CGT, Mouvement de la Paix, AFPS, AJFP Jeux en bois \/ Structure gonflable pour les enfants\u00a0 Bar\/ restaurant de plein air:\u00a0Saucisses \/ Merguez ou\u00a0Moules \u2013 Frites Fars\/ kouigns du pays bigouden 12h \u2013 12h45 Batoucada \u00ab\u00a0Tambours d\u2019Eckm\u00fcl\u00a0\u00bb 13h30 -15h\u00a0: Chants de Marins \u00ab\u00a0Boulinerien\u00a0\u00bb 15h-16h45 Temps politique. Agora et Carrefour &hellip; Continue reading Loctudy, mercredi 20 ao\u00fbt 2025 &#8211; f\u00eate du Travailleur Bigouden, de 12h \u00e0 18h\" \/>\n<meta property=\"og:url\" content=\"https:\/\/pcbigouden.fr\/?p=5498\" \/>\n<meta property=\"og:site_name\" content=\"PCF Pays Bigouden\" \/>\n<meta property=\"article:published_time\" content=\"2025-08-13T09:52:55+00:00\" \/>\n<meta property=\"article:modified_time\" content=\"2025-08-20T07:28:30+00:00\" \/>\n<meta property=\"og:image\" content=\"https:\/\/pcbigouden.fr\/wp-content\/uploads\/2025\/08\/AfficheLoctudy2025.png\" \/>\n\t<meta property=\"og:image:width\" content=\"471\" \/>\n\t<meta property=\"og:image:height\" content=\"667\" \/>\n\t<meta property=\"og:image:type\" content=\"image\/png\" \/>\n<meta name=\"author\" content=\"sierramaestra\" \/>\n<meta name=\"twitter:card\" content=\"summary_large_image\" \/>\n<meta name=\"twitter:label1\" content=\"\u00c9crit par\" \/>\n\t<meta name=\"twitter:data1\" content=\"sierramaestra\" \/>\n<script type=\"application\/ld+json\" class=\"yoast-schema-graph\">{\"@context\":\"https:\\\/\\\/schema.org\",\"@graph\":[{\"@type\":\"Article\",\"@id\":\"https:\\\/\\\/pcbigouden.fr\\\/?p=5498#article\",\"isPartOf\":{\"@id\":\"https:\\\/\\\/pcbigouden.fr\\\/?p=5498\"},\"author\":{\"name\":\"sierramaestra\",\"@id\":\"https:\\\/\\\/pcbigouden.fr\\\/#\\\/schema\\\/person\\\/2f88b3db41deacf169cab9e2ff83133a\"},\"headline\":\"Loctudy, mercredi 20 ao\u00fbt 2025 &#8211; f\u00eate du Travailleur Bigouden, de 12h \u00e0 18h\",\"datePublished\":\"2025-08-13T09:52:55+00:00\",\"dateModified\":\"2025-08-20T07:28:30+00:00\",\"mainEntityOfPage\":{\"@id\":\"https:\\\/\\\/pcbigouden.fr\\\/?p=5498\"},\"wordCount\":108,\"commentCount\":0,\"publisher\":{\"@id\":\"https:\\\/\\\/pcbigouden.fr\\\/#organization\"},\"image\":{\"@id\":\"https:\\\/\\\/pcbigouden.fr\\\/?p=5498#primaryimage\"},\"thumbnailUrl\":\"https:\\\/\\\/pcbigouden.fr\\\/wp-content\\\/uploads\\\/2025\\\/08\\\/AfficheLoctudy2025.png\",\"keywords\":[\"f\u00eate\",\"Loctudy\",\"pcf\"],\"articleSection\":[\"F\u00eates PC\",\"Parti Communiste\",\"Vie Locale\"],\"inLanguage\":\"fr-FR\",\"potentialAction\":[{\"@type\":\"CommentAction\",\"name\":\"Comment\",\"target\":[\"https:\\\/\\\/pcbigouden.fr\\\/?p=5498#respond\"]}]},{\"@type\":\"WebPage\",\"@id\":\"https:\\\/\\\/pcbigouden.fr\\\/?p=5498\",\"url\":\"https:\\\/\\\/pcbigouden.fr\\\/?p=5498\",\"name\":\"Loctudy, mercredi 20 ao\u00fbt 2025 - f\u00eate du Travailleur Bigouden, de 12h \u00e0 18h - PCF Pays Bigouden\",\"isPartOf\":{\"@id\":\"https:\\\/\\\/pcbigouden.fr\\\/#website\"},\"primaryImageOfPage\":{\"@id\":\"https:\\\/\\\/pcbigouden.fr\\\/?p=5498#primaryimage\"},\"image\":{\"@id\":\"https:\\\/\\\/pcbigouden.fr\\\/?p=5498#primaryimage\"},\"thumbnailUrl\":\"https:\\\/\\\/pcbigouden.fr\\\/wp-content\\\/uploads\\\/2025\\\/08\\\/AfficheLoctudy2025.png\",\"datePublished\":\"2025-08-13T09:52:55+00:00\",\"dateModified\":\"2025-08-20T07:28:30+00:00\",\"breadcrumb\":{\"@id\":\"https:\\\/\\\/pcbigouden.fr\\\/?p=5498#breadcrumb\"},\"inLanguage\":\"fr-FR\",\"potentialAction\":[{\"@type\":\"ReadAction\",\"target\":[\"https:\\\/\\\/pcbigouden.fr\\\/?p=5498\"]}]},{\"@type\":\"ImageObject\",\"inLanguage\":\"fr-FR\",\"@id\":\"https:\\\/\\\/pcbigouden.fr\\\/?p=5498#primaryimage\",\"url\":\"https:\\\/\\\/pcbigouden.fr\\\/wp-content\\\/uploads\\\/2025\\\/08\\\/AfficheLoctudy2025.png\",\"contentUrl\":\"https:\\\/\\\/pcbigouden.fr\\\/wp-content\\\/uploads\\\/2025\\\/08\\\/AfficheLoctudy2025.png\"},{\"@type\":\"BreadcrumbList\",\"@id\":\"https:\\\/\\\/pcbigouden.fr\\\/?p=5498#breadcrumb\",\"itemListElement\":[{\"@type\":\"ListItem\",\"position\":1,\"name\":\"Accueil\",\"item\":\"https:\\\/\\\/pcbigouden.fr\\\/\"},{\"@type\":\"ListItem\",\"position\":2,\"name\":\"Loctudy, mercredi 20 ao\u00fbt 2025 &#8211; f\u00eate du Travailleur Bigouden, de 12h \u00e0 18h\"}]},{\"@type\":\"WebSite\",\"@id\":\"https:\\\/\\\/pcbigouden.fr\\\/#website\",\"url\":\"https:\\\/\\\/pcbigouden.fr\\\/\",\"name\":\"PCF Pays Bigouden\",\"description\":\"Blog des communistes du Pays Bigouden\",\"publisher\":{\"@id\":\"https:\\\/\\\/pcbigouden.fr\\\/#organization\"},\"potentialAction\":[{\"@type\":\"SearchAction\",\"target\":{\"@type\":\"EntryPoint\",\"urlTemplate\":\"https:\\\/\\\/pcbigouden.fr\\\/?s={search_term_string}\"},\"query-input\":{\"@type\":\"PropertyValueSpecification\",\"valueRequired\":true,\"valueName\":\"search_term_string\"}}],\"inLanguage\":\"fr-FR\"},{\"@type\":\"Organization\",\"@id\":\"https:\\\/\\\/pcbigouden.fr\\\/#organization\",\"name\":\"Parti Communiste PCF Pays Bigouden\",\"url\":\"https:\\\/\\\/pcbigouden.fr\\\/\",\"logo\":{\"@type\":\"ImageObject\",\"inLanguage\":\"fr-FR\",\"@id\":\"https:\\\/\\\/pcbigouden.fr\\\/#\\\/schema\\\/logo\\\/image\\\/\",\"url\":\"https:\\\/\\\/pcbigouden.fr\\\/wp-content\\\/uploads\\\/2021\\\/10\\\/logoTB307x290.jpg\",\"contentUrl\":\"https:\\\/\\\/pcbigouden.fr\\\/wp-content\\\/uploads\\\/2021\\\/10\\\/logoTB307x290.jpg\",\"width\":307,\"height\":290,\"caption\":\"Parti Communiste PCF Pays Bigouden\"},\"image\":{\"@id\":\"https:\\\/\\\/pcbigouden.fr\\\/#\\\/schema\\\/logo\\\/image\\\/\"}},{\"@type\":\"Person\",\"@id\":\"https:\\\/\\\/pcbigouden.fr\\\/#\\\/schema\\\/person\\\/2f88b3db41deacf169cab9e2ff83133a\",\"name\":\"sierramaestra\",\"image\":{\"@type\":\"ImageObject\",\"inLanguage\":\"fr-FR\",\"@id\":\"https:\\\/\\\/secure.gravatar.com\\\/avatar\\\/5e822171bcc9a9856efba4097a35cfd35b4c239b7b552810087caf40ef8496b2?s=96&d=mm&r=g\",\"url\":\"https:\\\/\\\/secure.gravatar.com\\\/avatar\\\/5e822171bcc9a9856efba4097a35cfd35b4c239b7b552810087caf40ef8496b2?s=96&d=mm&r=g\",\"contentUrl\":\"https:\\\/\\\/secure.gravatar.com\\\/avatar\\\/5e822171bcc9a9856efba4097a35cfd35b4c239b7b552810087caf40ef8496b2?s=96&d=mm&r=g\",\"caption\":\"sierramaestra\"},\"url\":\"https:\\\/\\\/pcbigouden.fr\\\/?author=6\"}]}<\/script>\n<!-- \/ Yoast SEO plugin. -->","yoast_head_json":{"title":"Loctudy, mercredi 20 ao\u00fbt 2025 - f\u00eate du Travailleur Bigouden, de 12h \u00e0 18h - PCF Pays Bigouden","robots":{"index":"index","follow":"follow","max-snippet":"max-snippet:-1","max-image-preview":"max-image-preview:large","max-video-preview":"max-video-preview:-1"},"canonical":"https:\/\/pcbigouden.fr\/?p=5498","og_locale":"fr_FR","og_type":"article","og_title":"Loctudy, mercredi 20 ao\u00fbt 2025 - f\u00eate du Travailleur Bigouden, de 12h \u00e0 18h - PCF Pays Bigouden","og_description":"Programme :\u00a0 Stands PCF &#8211; JC, CGT, Mouvement de la Paix, AFPS, AJFP Jeux en bois \/ Structure gonflable pour les enfants\u00a0 Bar\/ restaurant de plein air:\u00a0Saucisses \/ Merguez ou\u00a0Moules \u2013 Frites Fars\/ kouigns du pays bigouden 12h \u2013 12h45 Batoucada \u00ab\u00a0Tambours d\u2019Eckm\u00fcl\u00a0\u00bb 13h30 -15h\u00a0: Chants de Marins \u00ab\u00a0Boulinerien\u00a0\u00bb 15h-16h45 Temps politique. Agora et Carrefour &hellip; Continue reading Loctudy, mercredi 20 ao\u00fbt 2025 &#8211; f\u00eate du Travailleur Bigouden, de 12h \u00e0 18h","og_url":"https:\/\/pcbigouden.fr\/?p=5498","og_site_name":"PCF Pays Bigouden","article_published_time":"2025-08-13T09:52:55+00:00","article_modified_time":"2025-08-20T07:28:30+00:00","og_image":[{"width":471,"height":667,"url":"https:\/\/pcbigouden.fr\/wp-content\/uploads\/2025\/08\/AfficheLoctudy2025.png","type":"image\/png"}],"author":"sierramaestra","twitter_card":"summary_large_image","twitter_misc":{"\u00c9crit par":"sierramaestra"},"schema":{"@context":"https:\/\/schema.org","@graph":[{"@type":"Article","@id":"https:\/\/pcbigouden.fr\/?p=5498#article","isPartOf":{"@id":"https:\/\/pcbigouden.fr\/?p=5498"},"author":{"name":"sierramaestra","@id":"https:\/\/pcbigouden.fr\/#\/schema\/person\/2f88b3db41deacf169cab9e2ff83133a"},"headline":"Loctudy, mercredi 20 ao\u00fbt 2025 &#8211; f\u00eate du Travailleur Bigouden, de 12h \u00e0 18h","datePublished":"2025-08-13T09:52:55+00:00","dateModified":"2025-08-20T07:28:30+00:00","mainEntityOfPage":{"@id":"https:\/\/pcbigouden.fr\/?p=5498"},"wordCount":108,"commentCount":0,"publisher":{"@id":"https:\/\/pcbigouden.fr\/#organization"},"image":{"@id":"https:\/\/pcbigouden.fr\/?p=5498#primaryimage"},"thumbnailUrl":"https:\/\/pcbigouden.fr\/wp-content\/uploads\/2025\/08\/AfficheLoctudy2025.png","keywords":["f\u00eate","Loctudy","pcf"],"articleSection":["F\u00eates PC","Parti Communiste","Vie Locale"],"inLanguage":"fr-FR","potentialAction":[{"@type":"CommentAction","name":"Comment","target":["https:\/\/pcbigouden.fr\/?p=5498#respond"]}]},{"@type":"WebPage","@id":"https:\/\/pcbigouden.fr\/?p=5498","url":"https:\/\/pcbigouden.fr\/?p=5498","name":"Loctudy, mercredi 20 ao\u00fbt 2025 - f\u00eate du Travailleur Bigouden, de 12h \u00e0 18h - PCF Pays Bigouden","isPartOf":{"@id":"https:\/\/pcbigouden.fr\/#website"},"primaryImageOfPage":{"@id":"https:\/\/pcbigouden.fr\/?p=5498#primaryimage"},"image":{"@id":"https:\/\/pcbigouden.fr\/?p=5498#primaryimage"},"thumbnailUrl":"https:\/\/pcbigouden.fr\/wp-content\/uploads\/2025\/08\/AfficheLoctudy2025.png","datePublished":"2025-08-13T09:52:55+00:00","dateModified":"2025-08-20T07:28:30+00:00","breadcrumb":{"@id":"https:\/\/pcbigouden.fr\/?p=5498#breadcrumb"},"inLanguage":"fr-FR","potentialAction":[{"@type":"ReadAction","target":["https:\/\/pcbigouden.fr\/?p=5498"]}]},{"@type":"ImageObject","inLanguage":"fr-FR","@id":"https:\/\/pcbigouden.fr\/?p=5498#primaryimage","url":"https:\/\/pcbigouden.fr\/wp-content\/uploads\/2025\/08\/AfficheLoctudy2025.png","contentUrl":"https:\/\/pcbigouden.fr\/wp-content\/uploads\/2025\/08\/AfficheLoctudy2025.png"},{"@type":"BreadcrumbList","@id":"https:\/\/pcbigouden.fr\/?p=5498#breadcrumb","itemListElement":[{"@type":"ListItem","position":1,"name":"Accueil","item":"https:\/\/pcbigouden.fr\/"},{"@type":"ListItem","position":2,"name":"Loctudy, mercredi 20 ao\u00fbt 2025 &#8211; f\u00eate du Travailleur Bigouden, de 12h \u00e0 18h"}]},{"@type":"WebSite","@id":"https:\/\/pcbigouden.fr\/#website","url":"https:\/\/pcbigouden.fr\/","name":"PCF Pays Bigouden","description":"Blog des communistes du Pays Bigouden","publisher":{"@id":"https:\/\/pcbigouden.fr\/#organization"},"potentialAction":[{"@type":"SearchAction","target":{"@type":"EntryPoint","urlTemplate":"https:\/\/pcbigouden.fr\/?s={search_term_string}"},"query-input":{"@type":"PropertyValueSpecification","valueRequired":true,"valueName":"search_term_string"}}],"inLanguage":"fr-FR"},{"@type":"Organization","@id":"https:\/\/pcbigouden.fr\/#organization","name":"Parti Communiste PCF Pays Bigouden","url":"https:\/\/pcbigouden.fr\/","logo":{"@type":"ImageObject","inLanguage":"fr-FR","@id":"https:\/\/pcbigouden.fr\/#\/schema\/logo\/image\/","url":"https:\/\/pcbigouden.fr\/wp-content\/uploads\/2021\/10\/logoTB307x290.jpg","contentUrl":"https:\/\/pcbigouden.fr\/wp-content\/uploads\/2021\/10\/logoTB307x290.jpg","width":307,"height":290,"caption":"Parti Communiste PCF Pays Bigouden"},"image":{"@id":"https:\/\/pcbigouden.fr\/#\/schema\/logo\/image\/"}},{"@type":"Person","@id":"https:\/\/pcbigouden.fr\/#\/schema\/person\/2f88b3db41deacf169cab9e2ff83133a","name":"sierramaestra","image":{"@type":"ImageObject","inLanguage":"fr-FR","@id":"https:\/\/secure.gravatar.com\/avatar\/5e822171bcc9a9856efba4097a35cfd35b4c239b7b552810087caf40ef8496b2?s=96&d=mm&r=g","url":"https:\/\/secure.gravatar.com\/avatar\/5e822171bcc9a9856efba4097a35cfd35b4c239b7b552810087caf40ef8496b2?s=96&d=mm&r=g","contentUrl":"https:\/\/secure.gravatar.com\/avatar\/5e822171bcc9a9856efba4097a35cfd35b4c239b7b552810087caf40ef8496b2?s=96&d=mm&r=g","caption":"sierramaestra"},"url":"https:\/\/pcbigouden.fr\/?author=6"}]}},"jetpack_featured_media_url":"","jetpack_sharing_enabled":true,"jetpack_likes_enabled":true,"_links":{"self":[{"href":"https:\/\/pcbigouden.fr\/index.php?rest_route=\/wp\/v2\/posts\/5498","targetHints":{"allow":["GET"]}}],"collection":[{"href":"https:\/\/pcbigouden.fr\/index.php?rest_route=\/wp\/v2\/posts"}],"about":[{"href":"https:\/\/pcbigouden.fr\/index.php?rest_route=\/wp\/v2\/types\/post"}],"author":[{"embeddable":true,"href":"https:\/\/pcbigouden.fr\/index.php?rest_route=\/wp\/v2\/users\/6"}],"replies":[{"embeddable":true,"href":"https:\/\/pcbigouden.fr\/index.php?rest_route=%2Fwp%2Fv2%2Fcomments&post=5498"}],"version-history":[{"count":9,"href":"https:\/\/pcbigouden.fr\/index.php?rest_route=\/wp\/v2\/posts\/5498\/revisions"}],"predecessor-version":[{"id":5508,"href":"https:\/\/pcbigouden.fr\/index.php?rest_route=\/wp\/v2\/posts\/5498\/revisions\/5508"}],"wp:attachment":[{"href":"https:\/\/pcbigouden.fr\/index.php?rest_route=%2Fwp%2Fv2%2Fmedia&parent=5498"}],"wp:term":[{"taxonomy":"category","embeddable":true,"href":"https:\/\/pcbigouden.fr\/index.php?rest_route=%2Fwp%2Fv2%2Fcategories&post=5498"},{"taxonomy":"post_tag","embeddable":true,"href":"https:\/\/pcbigouden.fr\/index.php?rest_route=%2Fwp%2Fv2%2Ftags&post=5498"}],"curies":[{"name":"wp","href":"https:\/\/api.w.org\/{rel}","templated":true}]}}