{"id":5246,"date":"2025-07-07T07:44:52","date_gmt":"2025-07-07T05:44:52","guid":{"rendered":"https:\/\/pcbigouden.fr\/?p=5246"},"modified":"2025-07-10T15:50:23","modified_gmt":"2025-07-10T13:50:23","slug":"stop-aux-divisions-de-la-gauche","status":"publish","type":"post","link":"https:\/\/pcbigouden.fr\/?p=5246","title":{"rendered":"Stop aux divisions de la gauche"},"content":{"rendered":"<div>\n<p>Igor Zamichiei<br \/>\n(Article publi\u00e9 dans CommunisteS, num\u00e9ro 1048 du 02 juillet 2025)<\/p>\n<\/div>\n<div class=\"date-article\">\n<p>Quand la gauche va-t-elle cesser de rester dans un entre soi, coup\u00e9 des aspirations populaires, du monde du travail\u00a0? La r\u00e9union organis\u00e9e ce 2 juillet par Lucie Castets est symptomatique\u00a0: la gauche se parle \u00e0 elle-m\u00eame, \u00e0 un monde militant d\u00e9j\u00e0 convaincu.<\/p>\n<\/div>\n<p><!--more ..Lire la suite..--><\/p>\n<p>Nous sommes deux ans avant les prochaines \u00e9ch\u00e9ances pr\u00e9sidentielle et l\u00e9gislatives et d\u00e9j\u00e0 la gauche fait l\u2019erreur de tout pr\u00e9sidentialiser sans parler au peuple.<\/p>\n<p><a href=\"https:\/\/pcbigouden.fr\/?attachment_id=5248\" rel=\"attachment wp-att-5248\"><img loading=\"lazy\" decoding=\"async\" class=\"size-medium wp-image-5248 alignright\" src=\"https:\/\/pcbigouden.fr\/wp-content\/uploads\/2025\/07\/StopDDivisions-240x300.webp\" alt=\"\" width=\"240\" height=\"300\" srcset=\"https:\/\/pcbigouden.fr\/wp-content\/uploads\/2025\/07\/StopDDivisions-240x300.webp 240w, https:\/\/pcbigouden.fr\/wp-content\/uploads\/2025\/07\/StopDDivisions-86x108.webp 86w, https:\/\/pcbigouden.fr\/wp-content\/uploads\/2025\/07\/StopDDivisions.webp 512w\" sizes=\"auto, (max-width: 240px) 100vw, 240px\" \/><\/a><\/p>\n<p>Que dit la gauche de la vie r\u00e9elle\u00a0? Que dit-elle aux familles qui voient la vie toujours plus ch\u00e8re les conduire \u00e0 se priver de tout, aux ouvriers menac\u00e9s de licenciement dans l\u2019industrie pour qu\u2019ils acceptent ne serait-ce que de dialoguer avec elle\u00a0? Que dit-elle des grands d\u00e9fis \u00e0 relever, de la r\u00e9ponse aux besoins quotidiens, de la lutte contre le r\u00e9chauffement climatique, de la paix\u00a0? Va-t-elle enfin s\u2019affronter au capital, s\u2019appuyer sur les salari\u00e9s, r\u00e9orienter l\u2019argent, ou va-t-elle continuer d\u2019am\u00e9nager un syst\u00e8me capitaliste \u00e0 bout de souffle\u00a0?<\/p>\n<p>Il est pourtant plus urgent que jamais d\u2019\u00eatre \u00e0 l\u2019offensive\u00a0! Le monde, l\u2019Europe et la France s\u2019enfoncent dans l\u2019impasse et les capitalistes appuient sur l\u2019acc\u00e9l\u00e9rateur, qu\u2019il s\u2019agisse des lib\u00e9raux ou des nationalistes. En France, l\u2019extr\u00eame droite est aux portes du pouvoir. La gauche doit affronter le r\u00e9el et construire la mobilisation pour r\u00e9sister au plan d\u2019aust\u00e9rit\u00e9 de 40 milliards, pour d\u00e9fendre les collectivit\u00e9s, faire grandir le rapport de force dans le monde pour la reconnaissance de l\u2019\u00c9tat de Palestine, agir pour nos communes qui sont \u00e0 bout de souffle et r\u00e9ussir une union conqu\u00e9rante aux municipales, voil\u00e0 les d\u00e9fis du moment\u00a0!<\/p>\n<p>Nous pouvons relever ces d\u00e9fis \u00e0 condition d\u2019unir le peuple. L\u2019heure est \u00e0 reconstruire l\u2019unit\u00e9 du monde du travail, c\u2019est-\u00e0-dire des forces vives de la soci\u00e9t\u00e9, pour de nouvelles avanc\u00e9es sociales, \u00e9cologiques et d\u00e9mocratiques, pour un autre ordre du monde, de paix et de coop\u00e9rations entre nations et peuples libres, souverains et associ\u00e9s. Pour gagner, la gauche doit se fixer l\u2019objectif de retrouver la confiance d\u2019une majorit\u00e9 de citoyennes et de citoyens en r\u00e9pondant \u00e0 leurs difficult\u00e9s du quotidien comme \u00e0 leurs aspirations \u00e0 voir leurs vies changer profond\u00e9ment. Si \u00e0 l\u2019inverse la gauche cherche \u00e0 s\u2019unir sur le plus petit d\u00e9nominateur commun, elle perdra.<\/p>\n<p>L\u2019avenir du pays doit se construire avec les Fran\u00e7ais et les Fran\u00e7aises, sur la base d\u2019un contenu, d\u2019un programme, dans l\u2019action et le d\u00e9bat avec nos concitoyen\u00b7nes, pas en commen\u00e7ant par aligner des candidats et candidates \u00e0 la pr\u00e9sidentielle plus press\u00e9s de d\u00e9battre dans une primaire que de r\u00e9pondre aux probl\u00e8mes du pays. C\u2019est la raison pour laquelle l\u2019Ex\u00e9cutif national propose au Conseil national de ce week-end, d\u2019une part de mettre \u00e0 disposition du peuple 10 grands objectifs qui pourraient \u00eatre le socle d\u2019un pacte national pour l\u2019avenir de la France et, d\u2019autre part, d\u2019amplifier le travail de rassemblement pour 2026 car les \u00e9lections municipales sont une \u00e9lection majeure pour le peuple, pour changer la vie concr\u00e8tement dans les communes.<\/p>\n<p>D\u00e8s cet \u00e9t\u00e9 et dans les mois qui viennent, allons partout \u00e0 la rencontre de nos concitoyen\u00b7nes, dans les villes et les villages, dans les entreprises\u00a0; mobilisons, menons le d\u00e9bat avec toutes les forces disponibles, forces syndicales et associatives, forces politiques de gauche, pour construire l\u2019alternative. \u00c0 l\u2019approche des municipales, appuyons-nous sur nos \u00e9lus locaux qui font un travail exemplaire aupr\u00e8s des populations.<\/p>\n<p>Comme le disait si brillamment Aim\u00e9 C\u00e9saire, soyons \u00ab\u00a0du c\u00f4t\u00e9 de l\u2019esp\u00e9rance, mais d\u2019une esp\u00e9rance conquise, lucide, hors de toute na\u00efvet\u00e9\u00a0\u00bb.<\/p>\n<p><a href=\"https:\/\/pcbigouden.fr\/?attachment_id=5250\" rel=\"attachment wp-att-5250\">Declaration-municipales2026-CEN-300625<\/a><\/p>\n<p><a href=\"https:\/\/pcbigouden.fr\/?attachment_id=5252\" target=\"_blank\" rel=\"attachment noopener wp-att-5252\">Lettre de Fabien Roussel \u00e0 Lucie Castets le 1er juillet 2025<\/a><\/p>\n<p><a href=\"https:\/\/pcbigouden.fr\/wp-content\/uploads\/2025\/07\/IsmaelAuCNjuillet25.pdf\" target=\"_blank\" rel=\"noopener\">L&rsquo;intervention d&rsquo;Isma\u00ebl Dupont, secr\u00e9taire PCF Finist\u00e8re, au Conseil National du PCF de juillet 2025<\/a><\/p>\n","protected":false},"excerpt":{"rendered":"<p>Igor Zamichiei (Article publi\u00e9 dans CommunisteS, num\u00e9ro 1048 du 02 juillet 2025) Quand la gauche va-t-elle cesser de rester dans un entre soi, coup\u00e9 des aspirations populaires, du monde du travail\u00a0? La r\u00e9union organis\u00e9e ce 2 juillet par Lucie Castets est symptomatique\u00a0: la gauche se parle \u00e0 elle-m\u00eame, \u00e0 un monde militant d\u00e9j\u00e0 convaincu.<\/p>\n","protected":false},"author":5,"featured_media":0,"comment_status":"open","ping_status":"closed","sticky":false,"template":"","format":"standard","meta":{"_jetpack_memberships_contains_paid_content":false,"footnotes":""},"categories":[2,4,59,14],"tags":[],"class_list":["post-5246","post","type-post","status-publish","format-standard","hentry","category-democratie","category-electionpresid-2022","category-parti-communiste","category-vie-locale"],"yoast_head":"<!-- This site is optimized with the Yoast SEO plugin v27.5 - https:\/\/yoast.com\/product\/yoast-seo-wordpress\/ -->\n<title>Stop aux divisions de la gauche - PCF Pays Bigouden<\/title>\n<meta name=\"robots\" content=\"index, follow, max-snippet:-1, max-image-preview:large, max-video-preview:-1\" \/>\n<link rel=\"canonical\" href=\"https:\/\/pcbigouden.fr\/?p=5246\" \/>\n<meta property=\"og:locale\" content=\"fr_FR\" \/>\n<meta property=\"og:type\" content=\"article\" \/>\n<meta property=\"og:title\" content=\"Stop aux divisions de la gauche - PCF Pays Bigouden\" \/>\n<meta property=\"og:description\" content=\"Igor Zamichiei (Article publi\u00e9 dans CommunisteS, num\u00e9ro 1048 du 02 juillet 2025) Quand la gauche va-t-elle cesser de rester dans un entre soi, coup\u00e9 des aspirations populaires, du monde du travail\u00a0? La r\u00e9union organis\u00e9e ce 2 juillet par Lucie Castets est symptomatique\u00a0: la gauche se parle \u00e0 elle-m\u00eame, \u00e0 un monde militant d\u00e9j\u00e0 convaincu.\" \/>\n<meta property=\"og:url\" content=\"https:\/\/pcbigouden.fr\/?p=5246\" \/>\n<meta property=\"og:site_name\" content=\"PCF Pays Bigouden\" \/>\n<meta property=\"article:published_time\" content=\"2025-07-07T05:44:52+00:00\" \/>\n<meta property=\"article:modified_time\" content=\"2025-07-10T13:50:23+00:00\" \/>\n<meta property=\"og:image\" content=\"https:\/\/pcbigouden.fr\/wp-content\/uploads\/2025\/07\/StopDDivisions.webp\" \/>\n\t<meta property=\"og:image:width\" content=\"512\" \/>\n\t<meta property=\"og:image:height\" content=\"640\" \/>\n\t<meta property=\"og:image:type\" content=\"image\/webp\" \/>\n<meta name=\"author\" content=\"cortomaltes29\" \/>\n<meta name=\"twitter:card\" content=\"summary_large_image\" \/>\n<meta name=\"twitter:label1\" content=\"\u00c9crit par\" \/>\n\t<meta name=\"twitter:data1\" content=\"cortomaltes29\" \/>\n\t<meta name=\"twitter:label2\" content=\"Dur\u00e9e de lecture estim\u00e9e\" \/>\n\t<meta name=\"twitter:data2\" content=\"3 minutes\" \/>\n<script type=\"application\/ld+json\" class=\"yoast-schema-graph\">{\"@context\":\"https:\\\/\\\/schema.org\",\"@graph\":[{\"@type\":\"Article\",\"@id\":\"https:\\\/\\\/pcbigouden.fr\\\/?p=5246#article\",\"isPartOf\":{\"@id\":\"https:\\\/\\\/pcbigouden.fr\\\/?p=5246\"},\"author\":{\"name\":\"cortomaltes29\",\"@id\":\"https:\\\/\\\/pcbigouden.fr\\\/#\\\/schema\\\/person\\\/dc763e11bee76f6c59d8d18653939a2c\"},\"headline\":\"Stop aux divisions de la gauche\",\"datePublished\":\"2025-07-07T05:44:52+00:00\",\"dateModified\":\"2025-07-10T13:50:23+00:00\",\"mainEntityOfPage\":{\"@id\":\"https:\\\/\\\/pcbigouden.fr\\\/?p=5246\"},\"wordCount\":691,\"commentCount\":0,\"publisher\":{\"@id\":\"https:\\\/\\\/pcbigouden.fr\\\/#organization\"},\"image\":{\"@id\":\"https:\\\/\\\/pcbigouden.fr\\\/?p=5246#primaryimage\"},\"thumbnailUrl\":\"https:\\\/\\\/pcbigouden.fr\\\/wp-content\\\/uploads\\\/2025\\\/07\\\/StopDDivisions-240x300.webp\",\"articleSection\":[\"D\u00e9mocratie\",\"\u00c9lections\",\"Parti Communiste\",\"Vie Locale\"],\"inLanguage\":\"fr-FR\",\"potentialAction\":[{\"@type\":\"CommentAction\",\"name\":\"Comment\",\"target\":[\"https:\\\/\\\/pcbigouden.fr\\\/?p=5246#respond\"]}]},{\"@type\":\"WebPage\",\"@id\":\"https:\\\/\\\/pcbigouden.fr\\\/?p=5246\",\"url\":\"https:\\\/\\\/pcbigouden.fr\\\/?p=5246\",\"name\":\"Stop aux divisions de la gauche - PCF Pays Bigouden\",\"isPartOf\":{\"@id\":\"https:\\\/\\\/pcbigouden.fr\\\/#website\"},\"primaryImageOfPage\":{\"@id\":\"https:\\\/\\\/pcbigouden.fr\\\/?p=5246#primaryimage\"},\"image\":{\"@id\":\"https:\\\/\\\/pcbigouden.fr\\\/?p=5246#primaryimage\"},\"thumbnailUrl\":\"https:\\\/\\\/pcbigouden.fr\\\/wp-content\\\/uploads\\\/2025\\\/07\\\/StopDDivisions-240x300.webp\",\"datePublished\":\"2025-07-07T05:44:52+00:00\",\"dateModified\":\"2025-07-10T13:50:23+00:00\",\"breadcrumb\":{\"@id\":\"https:\\\/\\\/pcbigouden.fr\\\/?p=5246#breadcrumb\"},\"inLanguage\":\"fr-FR\",\"potentialAction\":[{\"@type\":\"ReadAction\",\"target\":[\"https:\\\/\\\/pcbigouden.fr\\\/?p=5246\"]}]},{\"@type\":\"ImageObject\",\"inLanguage\":\"fr-FR\",\"@id\":\"https:\\\/\\\/pcbigouden.fr\\\/?p=5246#primaryimage\",\"url\":\"https:\\\/\\\/pcbigouden.fr\\\/wp-content\\\/uploads\\\/2025\\\/07\\\/StopDDivisions.webp\",\"contentUrl\":\"https:\\\/\\\/pcbigouden.fr\\\/wp-content\\\/uploads\\\/2025\\\/07\\\/StopDDivisions.webp\",\"width\":512,\"height\":640},{\"@type\":\"BreadcrumbList\",\"@id\":\"https:\\\/\\\/pcbigouden.fr\\\/?p=5246#breadcrumb\",\"itemListElement\":[{\"@type\":\"ListItem\",\"position\":1,\"name\":\"Accueil\",\"item\":\"https:\\\/\\\/pcbigouden.fr\\\/\"},{\"@type\":\"ListItem\",\"position\":2,\"name\":\"Stop aux divisions de la gauche\"}]},{\"@type\":\"WebSite\",\"@id\":\"https:\\\/\\\/pcbigouden.fr\\\/#website\",\"url\":\"https:\\\/\\\/pcbigouden.fr\\\/\",\"name\":\"PCF Pays Bigouden\",\"description\":\"Blog des communistes du Pays Bigouden\",\"publisher\":{\"@id\":\"https:\\\/\\\/pcbigouden.fr\\\/#organization\"},\"potentialAction\":[{\"@type\":\"SearchAction\",\"target\":{\"@type\":\"EntryPoint\",\"urlTemplate\":\"https:\\\/\\\/pcbigouden.fr\\\/?s={search_term_string}\"},\"query-input\":{\"@type\":\"PropertyValueSpecification\",\"valueRequired\":true,\"valueName\":\"search_term_string\"}}],\"inLanguage\":\"fr-FR\"},{\"@type\":\"Organization\",\"@id\":\"https:\\\/\\\/pcbigouden.fr\\\/#organization\",\"name\":\"Parti Communiste PCF Pays Bigouden\",\"url\":\"https:\\\/\\\/pcbigouden.fr\\\/\",\"logo\":{\"@type\":\"ImageObject\",\"inLanguage\":\"fr-FR\",\"@id\":\"https:\\\/\\\/pcbigouden.fr\\\/#\\\/schema\\\/logo\\\/image\\\/\",\"url\":\"https:\\\/\\\/pcbigouden.fr\\\/wp-content\\\/uploads\\\/2021\\\/10\\\/logoTB307x290.jpg\",\"contentUrl\":\"https:\\\/\\\/pcbigouden.fr\\\/wp-content\\\/uploads\\\/2021\\\/10\\\/logoTB307x290.jpg\",\"width\":307,\"height\":290,\"caption\":\"Parti Communiste PCF Pays Bigouden\"},\"image\":{\"@id\":\"https:\\\/\\\/pcbigouden.fr\\\/#\\\/schema\\\/logo\\\/image\\\/\"}},{\"@type\":\"Person\",\"@id\":\"https:\\\/\\\/pcbigouden.fr\\\/#\\\/schema\\\/person\\\/dc763e11bee76f6c59d8d18653939a2c\",\"name\":\"cortomaltes29\",\"image\":{\"@type\":\"ImageObject\",\"inLanguage\":\"fr-FR\",\"@id\":\"https:\\\/\\\/secure.gravatar.com\\\/avatar\\\/c2ce5036b4b39dfed348d934e527c141cfac704b84e909e2086924ec476d0315?s=96&d=mm&r=g\",\"url\":\"https:\\\/\\\/secure.gravatar.com\\\/avatar\\\/c2ce5036b4b39dfed348d934e527c141cfac704b84e909e2086924ec476d0315?s=96&d=mm&r=g\",\"contentUrl\":\"https:\\\/\\\/secure.gravatar.com\\\/avatar\\\/c2ce5036b4b39dfed348d934e527c141cfac704b84e909e2086924ec476d0315?s=96&d=mm&r=g\",\"caption\":\"cortomaltes29\"},\"url\":\"https:\\\/\\\/pcbigouden.fr\\\/?author=5\"}]}<\/script>\n<!-- \/ Yoast SEO plugin. -->","yoast_head_json":{"title":"Stop aux divisions de la gauche - PCF Pays Bigouden","robots":{"index":"index","follow":"follow","max-snippet":"max-snippet:-1","max-image-preview":"max-image-preview:large","max-video-preview":"max-video-preview:-1"},"canonical":"https:\/\/pcbigouden.fr\/?p=5246","og_locale":"fr_FR","og_type":"article","og_title":"Stop aux divisions de la gauche - PCF Pays Bigouden","og_description":"Igor Zamichiei (Article publi\u00e9 dans CommunisteS, num\u00e9ro 1048 du 02 juillet 2025) Quand la gauche va-t-elle cesser de rester dans un entre soi, coup\u00e9 des aspirations populaires, du monde du travail\u00a0? La r\u00e9union organis\u00e9e ce 2 juillet par Lucie Castets est symptomatique\u00a0: la gauche se parle \u00e0 elle-m\u00eame, \u00e0 un monde militant d\u00e9j\u00e0 convaincu.","og_url":"https:\/\/pcbigouden.fr\/?p=5246","og_site_name":"PCF Pays Bigouden","article_published_time":"2025-07-07T05:44:52+00:00","article_modified_time":"2025-07-10T13:50:23+00:00","og_image":[{"width":512,"height":640,"url":"https:\/\/pcbigouden.fr\/wp-content\/uploads\/2025\/07\/StopDDivisions.webp","type":"image\/webp"}],"author":"cortomaltes29","twitter_card":"summary_large_image","twitter_misc":{"\u00c9crit par":"cortomaltes29","Dur\u00e9e de lecture estim\u00e9e":"3 minutes"},"schema":{"@context":"https:\/\/schema.org","@graph":[{"@type":"Article","@id":"https:\/\/pcbigouden.fr\/?p=5246#article","isPartOf":{"@id":"https:\/\/pcbigouden.fr\/?p=5246"},"author":{"name":"cortomaltes29","@id":"https:\/\/pcbigouden.fr\/#\/schema\/person\/dc763e11bee76f6c59d8d18653939a2c"},"headline":"Stop aux divisions de la gauche","datePublished":"2025-07-07T05:44:52+00:00","dateModified":"2025-07-10T13:50:23+00:00","mainEntityOfPage":{"@id":"https:\/\/pcbigouden.fr\/?p=5246"},"wordCount":691,"commentCount":0,"publisher":{"@id":"https:\/\/pcbigouden.fr\/#organization"},"image":{"@id":"https:\/\/pcbigouden.fr\/?p=5246#primaryimage"},"thumbnailUrl":"https:\/\/pcbigouden.fr\/wp-content\/uploads\/2025\/07\/StopDDivisions-240x300.webp","articleSection":["D\u00e9mocratie","\u00c9lections","Parti Communiste","Vie Locale"],"inLanguage":"fr-FR","potentialAction":[{"@type":"CommentAction","name":"Comment","target":["https:\/\/pcbigouden.fr\/?p=5246#respond"]}]},{"@type":"WebPage","@id":"https:\/\/pcbigouden.fr\/?p=5246","url":"https:\/\/pcbigouden.fr\/?p=5246","name":"Stop aux divisions de la gauche - PCF Pays Bigouden","isPartOf":{"@id":"https:\/\/pcbigouden.fr\/#website"},"primaryImageOfPage":{"@id":"https:\/\/pcbigouden.fr\/?p=5246#primaryimage"},"image":{"@id":"https:\/\/pcbigouden.fr\/?p=5246#primaryimage"},"thumbnailUrl":"https:\/\/pcbigouden.fr\/wp-content\/uploads\/2025\/07\/StopDDivisions-240x300.webp","datePublished":"2025-07-07T05:44:52+00:00","dateModified":"2025-07-10T13:50:23+00:00","breadcrumb":{"@id":"https:\/\/pcbigouden.fr\/?p=5246#breadcrumb"},"inLanguage":"fr-FR","potentialAction":[{"@type":"ReadAction","target":["https:\/\/pcbigouden.fr\/?p=5246"]}]},{"@type":"ImageObject","inLanguage":"fr-FR","@id":"https:\/\/pcbigouden.fr\/?p=5246#primaryimage","url":"https:\/\/pcbigouden.fr\/wp-content\/uploads\/2025\/07\/StopDDivisions.webp","contentUrl":"https:\/\/pcbigouden.fr\/wp-content\/uploads\/2025\/07\/StopDDivisions.webp","width":512,"height":640},{"@type":"BreadcrumbList","@id":"https:\/\/pcbigouden.fr\/?p=5246#breadcrumb","itemListElement":[{"@type":"ListItem","position":1,"name":"Accueil","item":"https:\/\/pcbigouden.fr\/"},{"@type":"ListItem","position":2,"name":"Stop aux divisions de la gauche"}]},{"@type":"WebSite","@id":"https:\/\/pcbigouden.fr\/#website","url":"https:\/\/pcbigouden.fr\/","name":"PCF Pays Bigouden","description":"Blog des communistes du Pays Bigouden","publisher":{"@id":"https:\/\/pcbigouden.fr\/#organization"},"potentialAction":[{"@type":"SearchAction","target":{"@type":"EntryPoint","urlTemplate":"https:\/\/pcbigouden.fr\/?s={search_term_string}"},"query-input":{"@type":"PropertyValueSpecification","valueRequired":true,"valueName":"search_term_string"}}],"inLanguage":"fr-FR"},{"@type":"Organization","@id":"https:\/\/pcbigouden.fr\/#organization","name":"Parti Communiste PCF Pays Bigouden","url":"https:\/\/pcbigouden.fr\/","logo":{"@type":"ImageObject","inLanguage":"fr-FR","@id":"https:\/\/pcbigouden.fr\/#\/schema\/logo\/image\/","url":"https:\/\/pcbigouden.fr\/wp-content\/uploads\/2021\/10\/logoTB307x290.jpg","contentUrl":"https:\/\/pcbigouden.fr\/wp-content\/uploads\/2021\/10\/logoTB307x290.jpg","width":307,"height":290,"caption":"Parti Communiste PCF Pays Bigouden"},"image":{"@id":"https:\/\/pcbigouden.fr\/#\/schema\/logo\/image\/"}},{"@type":"Person","@id":"https:\/\/pcbigouden.fr\/#\/schema\/person\/dc763e11bee76f6c59d8d18653939a2c","name":"cortomaltes29","image":{"@type":"ImageObject","inLanguage":"fr-FR","@id":"https:\/\/secure.gravatar.com\/avatar\/c2ce5036b4b39dfed348d934e527c141cfac704b84e909e2086924ec476d0315?s=96&d=mm&r=g","url":"https:\/\/secure.gravatar.com\/avatar\/c2ce5036b4b39dfed348d934e527c141cfac704b84e909e2086924ec476d0315?s=96&d=mm&r=g","contentUrl":"https:\/\/secure.gravatar.com\/avatar\/c2ce5036b4b39dfed348d934e527c141cfac704b84e909e2086924ec476d0315?s=96&d=mm&r=g","caption":"cortomaltes29"},"url":"https:\/\/pcbigouden.fr\/?author=5"}]}},"jetpack_featured_media_url":"","jetpack_sharing_enabled":true,"jetpack_likes_enabled":true,"_links":{"self":[{"href":"https:\/\/pcbigouden.fr\/index.php?rest_route=\/wp\/v2\/posts\/5246","targetHints":{"allow":["GET"]}}],"collection":[{"href":"https:\/\/pcbigouden.fr\/index.php?rest_route=\/wp\/v2\/posts"}],"about":[{"href":"https:\/\/pcbigouden.fr\/index.php?rest_route=\/wp\/v2\/types\/post"}],"author":[{"embeddable":true,"href":"https:\/\/pcbigouden.fr\/index.php?rest_route=\/wp\/v2\/users\/5"}],"replies":[{"embeddable":true,"href":"https:\/\/pcbigouden.fr\/index.php?rest_route=%2Fwp%2Fv2%2Fcomments&post=5246"}],"version-history":[{"count":12,"href":"https:\/\/pcbigouden.fr\/index.php?rest_route=\/wp\/v2\/posts\/5246\/revisions"}],"predecessor-version":[{"id":5267,"href":"https:\/\/pcbigouden.fr\/index.php?rest_route=\/wp\/v2\/posts\/5246\/revisions\/5267"}],"wp:attachment":[{"href":"https:\/\/pcbigouden.fr\/index.php?rest_route=%2Fwp%2Fv2%2Fmedia&parent=5246"}],"wp:term":[{"taxonomy":"category","embeddable":true,"href":"https:\/\/pcbigouden.fr\/index.php?rest_route=%2Fwp%2Fv2%2Fcategories&post=5246"},{"taxonomy":"post_tag","embeddable":true,"href":"https:\/\/pcbigouden.fr\/index.php?rest_route=%2Fwp%2Fv2%2Ftags&post=5246"}],"curies":[{"name":"wp","href":"https:\/\/api.w.org\/{rel}","templated":true}]}}