{"id":5220,"date":"2025-07-02T19:45:29","date_gmt":"2025-07-02T17:45:29","guid":{"rendered":"https:\/\/pcbigouden.fr\/?p=5220"},"modified":"2025-07-04T11:43:56","modified_gmt":"2025-07-04T09:43:56","slug":"appel-a-un-rassemblement-a-pont-labbe-cessez-le-feu-a-gaza-2","status":"publish","type":"post","link":"https:\/\/pcbigouden.fr\/?p=5220","title":{"rendered":"Appel \u00e0 un rassemblement \u00e0 Pont l\u2019Abb\u00e9, Cessez le feu \u00e0 Gaza !"},"content":{"rendered":"<p style=\"text-align: center;\"><span style=\"font-size: 14pt;\"><strong>A l\u2019appel de l\u2019AFPS Cornouaille, du Mouvement de la Paix, d\u2019organisations<\/strong><\/span><span style=\"font-size: 14pt;\"><strong> politiques de <\/strong><\/span><br \/>\n<span style=\"font-size: 14pt;\"><strong>gauche et de citoyens du Pays Bigouden, un rassemblement se d\u00e9roulera <\/strong><\/span><br \/>\n<span style=\"font-size: 14pt;\"><strong>le vendredi 4 juillet \u00e0 17H 30\u2013 Rond-Point de Kermaria &#8211; Pont l\u2019Abb\u00e9.<\/strong><\/span><\/p>\n<p style=\"text-align: justify;\">Alors que le Proche Orient est en pleine d\u00e9stabilisation, les gouvernements d\u2019Isra\u00ebl et des USA ne font qu\u2019attiser le conflit \u00e0 des fins strat\u00e9giques,<!--more  ..Lire la suite.. --><\/p>\n<p style=\"text-align: justify;\"><img loading=\"lazy\" decoding=\"async\" class=\"wp-image-5221 aligncenter\" src=\"https:\/\/pcbigouden.fr\/wp-content\/uploads\/2025\/07\/AA1HjFLn-300x169.jpeg\" alt=\"\" width=\"362\" height=\"204\" srcset=\"https:\/\/pcbigouden.fr\/wp-content\/uploads\/2025\/07\/AA1HjFLn-300x169.jpeg 300w, https:\/\/pcbigouden.fr\/wp-content\/uploads\/2025\/07\/AA1HjFLn-192x108.jpeg 192w, https:\/\/pcbigouden.fr\/wp-content\/uploads\/2025\/07\/AA1HjFLn.jpeg 768w\" sizes=\"auto, (max-width: 362px) 100vw, 362px\" \/><\/p>\n<p style=\"text-align: justify;\">Gaza meurt de faim sous les tirs de l\u2019arm\u00e9e isra\u00e9lienne. Le bilan mortif\u00e8re est malheureusement bien plus \u00e9lev\u00e9 que les chiffres annonc\u00e9s.<br \/>\nLa volont\u00e9 de Netanyahu d\u2019entra\u00eener le Proche-Orient dans une nouvelle guerre r\u00e9pond \u00e0 l\u2019objectif de rester au pouvoir \u00e0 Tel Aviv et de poursuivre l\u2019annexion compl\u00e8te de la bande de Gaza et de la Cisjordanie y compris J\u00e9rusalem Est.<\/p>\n<p style=\"text-align: justify;\"><strong>Les nations du monde entier, l\u2019Union europ\u00e9enne et la France ont le devoir de l\u2019emp\u00eacher <\/strong><strong>de nuire davantage encore aux peuples de la r\u00e9gion<\/strong>.<\/p>\n<p style=\"text-align: justify;\">Elles doivent se donner les moyens d\u2019imposer que les droits du peuple palestinien soient enfin respect\u00e9s, notamment par l\u2019application de la r\u00e9solution vot\u00e9e le 18 septembre 2024 par l\u2019AG de l\u2019ONU exigeant la fin de l\u2019occupation par Isra\u00ebl de la Palestine. Les Palestiniens m\u00e9ritent un Etat p\u00e9renne, non par compassion, mais en tant que peuple soumis par une puissance occupante, aux d\u00e9placements forc\u00e9s, \u00e0 l\u2019apartheid et au g\u00e9nocide.<\/p>\n<p style=\"text-align: justify;\"><strong>Isra\u00ebl ne peut imposer sa domination sur toute la r\u00e9gion du Proche et Moyen Orient, la <\/strong><strong>guerre actuelle peut s\u2019\u00e9tendre, il est temps d\u2019y mettre fin.<\/strong><\/p>\n<p style=\"text-align: justify;\">La France doit changer de cap, il est inacceptable que le Pr\u00e9sident Macron dise une nouvelle fois qu\u2019Isra\u00ebl a le droit de se d\u00e9fendre, alors que pr\u00e9cis\u00e9ment c\u2019est ce pays qui m\u00e8ne des frappes sur les civils Iraniens, hors droit international.<br \/>\nLa France doit prendre ses responsabilit\u00e9s pour dire non \u00e0 la guerre contre l\u2019Iran et les autres peuples de la r\u00e9gion. Dire non \u00e0 la poursuite du g\u00e9nocide \u00e0 Gaza et \u00e0 celle de l\u2019occupation et de la colonisation dans l\u2019ensemble de la Palestine.<\/p>\n<p style=\"text-align: justify;\"><strong>Nous exigeons du gouvernement fran\u00e7ais :\u00a0<\/strong><br \/>\n<strong>&#8211; Qu\u2019il rompe tous ses liens avec Isra\u00ebl tant que celui-ci ne respecte pas le Droit <\/strong><strong>International. <\/strong><br \/>\n<strong>&#8211; Qu\u2019il prenne des sanctions concr\u00e8tes concernant le gouvernement d\u2019extr\u00eame droite <\/strong><strong>de M.Netanyaou <\/strong><br \/>\n<strong>&#8211; Qu\u2019il fasse pression sur l\u2019Union Europ\u00e9enne pour une mise en place d\u2019un train de <\/strong><strong>sanctions comme pour la Russie. <\/strong><br \/>\n<strong>&#8211; Que la d\u00e9mocratie fran\u00e7aise utilise tout son pouvoir pour exiger l\u2019entr\u00e9e de l\u2019aide <\/strong><strong>humanitaire \u00e0 Gaza<\/strong><\/p>\n<p style=\"text-align: justify;\"><strong>Les citoyens peuvent aussi prendre le relais en boycottant les produits isra\u00e9liens.<\/strong><\/p>\n<p style=\"text-align: justify;\"><span style=\"font-size: 14pt;\"><em><strong>Agir n\u2019est pas une option, c\u2019est une obligation. Il faut d\u00e9passer les paroles sans lendemain et poser des actes. <\/strong><\/em><\/span><br \/>\n<span style=\"font-size: 18pt;\"><strong>Rendez-vous \u2013vendredi 4 juillet &#8211; 17H30 (pour 1h) \u2013 Rond-point de Kermaria-Pont l\u2019Abb\u00e9. <\/strong><\/span><br \/>\n<span style=\"font-size: 12pt;\"><strong>Signataires : AFPS Cornouaille ; Mouvement de la Paix ; Citoyen.nes bigoudens, Les <\/strong><strong>Ecologistes-Pays bigouden, PCF bigouden, LFI bigouden.<\/strong><\/span><\/p>\n","protected":false},"excerpt":{"rendered":"<p>A l\u2019appel de l\u2019AFPS Cornouaille, du Mouvement de la Paix, d\u2019organisations politiques de gauche et de citoyens du Pays Bigouden, un rassemblement se d\u00e9roulera le vendredi 4 juillet \u00e0 17H 30\u2013 Rond-Point de Kermaria &#8211; Pont l\u2019Abb\u00e9. Alors que le Proche Orient est en pleine d\u00e9stabilisation, les gouvernements d\u2019Isra\u00ebl et des USA ne font qu\u2019attiser &hellip; <a href=\"https:\/\/pcbigouden.fr\/?p=5220\" class=\"more-link\">Continue reading <span class=\"screen-reader-text\">Appel \u00e0 un rassemblement \u00e0 Pont l\u2019Abb\u00e9, Cessez le feu \u00e0 Gaza !<\/span><\/a><\/p>\n","protected":false},"author":8,"featured_media":0,"comment_status":"open","ping_status":"closed","sticky":false,"template":"","format":"standard","meta":{"_jetpack_memberships_contains_paid_content":false,"footnotes":""},"categories":[255],"tags":[],"class_list":["post-5220","post","type-post","status-publish","format-standard","hentry","category-gaza"],"yoast_head":"<!-- This site is optimized with the Yoast SEO plugin v27.5 - https:\/\/yoast.com\/product\/yoast-seo-wordpress\/ -->\n<title>Appel \u00e0 un rassemblement \u00e0 Pont l\u2019Abb\u00e9, Cessez le feu \u00e0 Gaza ! - PCF Pays Bigouden<\/title>\n<meta name=\"robots\" content=\"index, follow, max-snippet:-1, max-image-preview:large, max-video-preview:-1\" \/>\n<link rel=\"canonical\" href=\"https:\/\/pcbigouden.fr\/?p=5220\" \/>\n<meta property=\"og:locale\" content=\"fr_FR\" \/>\n<meta property=\"og:type\" content=\"article\" \/>\n<meta property=\"og:title\" content=\"Appel \u00e0 un rassemblement \u00e0 Pont l\u2019Abb\u00e9, Cessez le feu \u00e0 Gaza ! - PCF Pays Bigouden\" \/>\n<meta property=\"og:description\" content=\"A l\u2019appel de l\u2019AFPS Cornouaille, du Mouvement de la Paix, d\u2019organisations politiques de gauche et de citoyens du Pays Bigouden, un rassemblement se d\u00e9roulera le vendredi 4 juillet \u00e0 17H 30\u2013 Rond-Point de Kermaria &#8211; Pont l\u2019Abb\u00e9. Alors que le Proche Orient est en pleine d\u00e9stabilisation, les gouvernements d\u2019Isra\u00ebl et des USA ne font qu\u2019attiser &hellip; Continue reading Appel \u00e0 un rassemblement \u00e0 Pont l\u2019Abb\u00e9, Cessez le feu \u00e0 Gaza !\" \/>\n<meta property=\"og:url\" content=\"https:\/\/pcbigouden.fr\/?p=5220\" \/>\n<meta property=\"og:site_name\" content=\"PCF Pays Bigouden\" \/>\n<meta property=\"article:published_time\" content=\"2025-07-02T17:45:29+00:00\" \/>\n<meta property=\"article:modified_time\" content=\"2025-07-04T09:43:56+00:00\" \/>\n<meta property=\"og:image\" content=\"https:\/\/pcbigouden.fr\/wp-content\/uploads\/2025\/07\/AA1HjFLn.jpeg\" \/>\n\t<meta property=\"og:image:width\" content=\"768\" \/>\n\t<meta property=\"og:image:height\" content=\"432\" \/>\n\t<meta property=\"og:image:type\" content=\"image\/jpeg\" \/>\n<meta name=\"author\" content=\"philarmor\" \/>\n<meta name=\"twitter:card\" content=\"summary_large_image\" \/>\n<meta name=\"twitter:label1\" content=\"\u00c9crit par\" \/>\n\t<meta name=\"twitter:data1\" content=\"philarmor\" \/>\n\t<meta name=\"twitter:label2\" content=\"Dur\u00e9e de lecture estim\u00e9e\" \/>\n\t<meta name=\"twitter:data2\" content=\"3 minutes\" \/>\n<script type=\"application\/ld+json\" class=\"yoast-schema-graph\">{\"@context\":\"https:\\\/\\\/schema.org\",\"@graph\":[{\"@type\":\"Article\",\"@id\":\"https:\\\/\\\/pcbigouden.fr\\\/?p=5220#article\",\"isPartOf\":{\"@id\":\"https:\\\/\\\/pcbigouden.fr\\\/?p=5220\"},\"author\":{\"name\":\"philarmor\",\"@id\":\"https:\\\/\\\/pcbigouden.fr\\\/#\\\/schema\\\/person\\\/db553cfd25f8e9e7ec7d3d2266b34e5e\"},\"headline\":\"Appel \u00e0 un rassemblement \u00e0 Pont l\u2019Abb\u00e9, Cessez le feu \u00e0 Gaza !\",\"datePublished\":\"2025-07-02T17:45:29+00:00\",\"dateModified\":\"2025-07-04T09:43:56+00:00\",\"mainEntityOfPage\":{\"@id\":\"https:\\\/\\\/pcbigouden.fr\\\/?p=5220\"},\"wordCount\":534,\"commentCount\":0,\"publisher\":{\"@id\":\"https:\\\/\\\/pcbigouden.fr\\\/#organization\"},\"image\":{\"@id\":\"https:\\\/\\\/pcbigouden.fr\\\/?p=5220#primaryimage\"},\"thumbnailUrl\":\"https:\\\/\\\/pcbigouden.fr\\\/wp-content\\\/uploads\\\/2025\\\/07\\\/AA1HjFLn-300x169.jpeg\",\"articleSection\":[\"Palestine\"],\"inLanguage\":\"fr-FR\",\"potentialAction\":[{\"@type\":\"CommentAction\",\"name\":\"Comment\",\"target\":[\"https:\\\/\\\/pcbigouden.fr\\\/?p=5220#respond\"]}]},{\"@type\":\"WebPage\",\"@id\":\"https:\\\/\\\/pcbigouden.fr\\\/?p=5220\",\"url\":\"https:\\\/\\\/pcbigouden.fr\\\/?p=5220\",\"name\":\"Appel \u00e0 un rassemblement \u00e0 Pont l\u2019Abb\u00e9, Cessez le feu \u00e0 Gaza ! - PCF Pays Bigouden\",\"isPartOf\":{\"@id\":\"https:\\\/\\\/pcbigouden.fr\\\/#website\"},\"primaryImageOfPage\":{\"@id\":\"https:\\\/\\\/pcbigouden.fr\\\/?p=5220#primaryimage\"},\"image\":{\"@id\":\"https:\\\/\\\/pcbigouden.fr\\\/?p=5220#primaryimage\"},\"thumbnailUrl\":\"https:\\\/\\\/pcbigouden.fr\\\/wp-content\\\/uploads\\\/2025\\\/07\\\/AA1HjFLn-300x169.jpeg\",\"datePublished\":\"2025-07-02T17:45:29+00:00\",\"dateModified\":\"2025-07-04T09:43:56+00:00\",\"breadcrumb\":{\"@id\":\"https:\\\/\\\/pcbigouden.fr\\\/?p=5220#breadcrumb\"},\"inLanguage\":\"fr-FR\",\"potentialAction\":[{\"@type\":\"ReadAction\",\"target\":[\"https:\\\/\\\/pcbigouden.fr\\\/?p=5220\"]}]},{\"@type\":\"ImageObject\",\"inLanguage\":\"fr-FR\",\"@id\":\"https:\\\/\\\/pcbigouden.fr\\\/?p=5220#primaryimage\",\"url\":\"https:\\\/\\\/pcbigouden.fr\\\/wp-content\\\/uploads\\\/2025\\\/07\\\/AA1HjFLn.jpeg\",\"contentUrl\":\"https:\\\/\\\/pcbigouden.fr\\\/wp-content\\\/uploads\\\/2025\\\/07\\\/AA1HjFLn.jpeg\",\"width\":768,\"height\":432},{\"@type\":\"BreadcrumbList\",\"@id\":\"https:\\\/\\\/pcbigouden.fr\\\/?p=5220#breadcrumb\",\"itemListElement\":[{\"@type\":\"ListItem\",\"position\":1,\"name\":\"Accueil\",\"item\":\"https:\\\/\\\/pcbigouden.fr\\\/\"},{\"@type\":\"ListItem\",\"position\":2,\"name\":\"Appel \u00e0 un rassemblement \u00e0 Pont l\u2019Abb\u00e9, Cessez le feu \u00e0 Gaza !\"}]},{\"@type\":\"WebSite\",\"@id\":\"https:\\\/\\\/pcbigouden.fr\\\/#website\",\"url\":\"https:\\\/\\\/pcbigouden.fr\\\/\",\"name\":\"PCF Pays Bigouden\",\"description\":\"Blog des communistes du Pays Bigouden\",\"publisher\":{\"@id\":\"https:\\\/\\\/pcbigouden.fr\\\/#organization\"},\"potentialAction\":[{\"@type\":\"SearchAction\",\"target\":{\"@type\":\"EntryPoint\",\"urlTemplate\":\"https:\\\/\\\/pcbigouden.fr\\\/?s={search_term_string}\"},\"query-input\":{\"@type\":\"PropertyValueSpecification\",\"valueRequired\":true,\"valueName\":\"search_term_string\"}}],\"inLanguage\":\"fr-FR\"},{\"@type\":\"Organization\",\"@id\":\"https:\\\/\\\/pcbigouden.fr\\\/#organization\",\"name\":\"Parti Communiste PCF Pays Bigouden\",\"url\":\"https:\\\/\\\/pcbigouden.fr\\\/\",\"logo\":{\"@type\":\"ImageObject\",\"inLanguage\":\"fr-FR\",\"@id\":\"https:\\\/\\\/pcbigouden.fr\\\/#\\\/schema\\\/logo\\\/image\\\/\",\"url\":\"https:\\\/\\\/pcbigouden.fr\\\/wp-content\\\/uploads\\\/2021\\\/10\\\/logoTB307x290.jpg\",\"contentUrl\":\"https:\\\/\\\/pcbigouden.fr\\\/wp-content\\\/uploads\\\/2021\\\/10\\\/logoTB307x290.jpg\",\"width\":307,\"height\":290,\"caption\":\"Parti Communiste PCF Pays Bigouden\"},\"image\":{\"@id\":\"https:\\\/\\\/pcbigouden.fr\\\/#\\\/schema\\\/logo\\\/image\\\/\"}},{\"@type\":\"Person\",\"@id\":\"https:\\\/\\\/pcbigouden.fr\\\/#\\\/schema\\\/person\\\/db553cfd25f8e9e7ec7d3d2266b34e5e\",\"name\":\"philarmor\",\"image\":{\"@type\":\"ImageObject\",\"inLanguage\":\"fr-FR\",\"@id\":\"https:\\\/\\\/secure.gravatar.com\\\/avatar\\\/d64b18fe41ef6147792f83422f86e16391f18bc76f91f5a4e59b9213ce0ab52c?s=96&d=mm&r=g\",\"url\":\"https:\\\/\\\/secure.gravatar.com\\\/avatar\\\/d64b18fe41ef6147792f83422f86e16391f18bc76f91f5a4e59b9213ce0ab52c?s=96&d=mm&r=g\",\"contentUrl\":\"https:\\\/\\\/secure.gravatar.com\\\/avatar\\\/d64b18fe41ef6147792f83422f86e16391f18bc76f91f5a4e59b9213ce0ab52c?s=96&d=mm&r=g\",\"caption\":\"philarmor\"},\"url\":\"https:\\\/\\\/pcbigouden.fr\\\/?author=8\"}]}<\/script>\n<!-- \/ Yoast SEO plugin. -->","yoast_head_json":{"title":"Appel \u00e0 un rassemblement \u00e0 Pont l\u2019Abb\u00e9, Cessez le feu \u00e0 Gaza ! - PCF Pays Bigouden","robots":{"index":"index","follow":"follow","max-snippet":"max-snippet:-1","max-image-preview":"max-image-preview:large","max-video-preview":"max-video-preview:-1"},"canonical":"https:\/\/pcbigouden.fr\/?p=5220","og_locale":"fr_FR","og_type":"article","og_title":"Appel \u00e0 un rassemblement \u00e0 Pont l\u2019Abb\u00e9, Cessez le feu \u00e0 Gaza ! - PCF Pays Bigouden","og_description":"A l\u2019appel de l\u2019AFPS Cornouaille, du Mouvement de la Paix, d\u2019organisations politiques de gauche et de citoyens du Pays Bigouden, un rassemblement se d\u00e9roulera le vendredi 4 juillet \u00e0 17H 30\u2013 Rond-Point de Kermaria &#8211; Pont l\u2019Abb\u00e9. Alors que le Proche Orient est en pleine d\u00e9stabilisation, les gouvernements d\u2019Isra\u00ebl et des USA ne font qu\u2019attiser &hellip; Continue reading Appel \u00e0 un rassemblement \u00e0 Pont l\u2019Abb\u00e9, Cessez le feu \u00e0 Gaza !","og_url":"https:\/\/pcbigouden.fr\/?p=5220","og_site_name":"PCF Pays Bigouden","article_published_time":"2025-07-02T17:45:29+00:00","article_modified_time":"2025-07-04T09:43:56+00:00","og_image":[{"width":768,"height":432,"url":"https:\/\/pcbigouden.fr\/wp-content\/uploads\/2025\/07\/AA1HjFLn.jpeg","type":"image\/jpeg"}],"author":"philarmor","twitter_card":"summary_large_image","twitter_misc":{"\u00c9crit par":"philarmor","Dur\u00e9e de lecture estim\u00e9e":"3 minutes"},"schema":{"@context":"https:\/\/schema.org","@graph":[{"@type":"Article","@id":"https:\/\/pcbigouden.fr\/?p=5220#article","isPartOf":{"@id":"https:\/\/pcbigouden.fr\/?p=5220"},"author":{"name":"philarmor","@id":"https:\/\/pcbigouden.fr\/#\/schema\/person\/db553cfd25f8e9e7ec7d3d2266b34e5e"},"headline":"Appel \u00e0 un rassemblement \u00e0 Pont l\u2019Abb\u00e9, Cessez le feu \u00e0 Gaza !","datePublished":"2025-07-02T17:45:29+00:00","dateModified":"2025-07-04T09:43:56+00:00","mainEntityOfPage":{"@id":"https:\/\/pcbigouden.fr\/?p=5220"},"wordCount":534,"commentCount":0,"publisher":{"@id":"https:\/\/pcbigouden.fr\/#organization"},"image":{"@id":"https:\/\/pcbigouden.fr\/?p=5220#primaryimage"},"thumbnailUrl":"https:\/\/pcbigouden.fr\/wp-content\/uploads\/2025\/07\/AA1HjFLn-300x169.jpeg","articleSection":["Palestine"],"inLanguage":"fr-FR","potentialAction":[{"@type":"CommentAction","name":"Comment","target":["https:\/\/pcbigouden.fr\/?p=5220#respond"]}]},{"@type":"WebPage","@id":"https:\/\/pcbigouden.fr\/?p=5220","url":"https:\/\/pcbigouden.fr\/?p=5220","name":"Appel \u00e0 un rassemblement \u00e0 Pont l\u2019Abb\u00e9, Cessez le feu \u00e0 Gaza ! - PCF Pays Bigouden","isPartOf":{"@id":"https:\/\/pcbigouden.fr\/#website"},"primaryImageOfPage":{"@id":"https:\/\/pcbigouden.fr\/?p=5220#primaryimage"},"image":{"@id":"https:\/\/pcbigouden.fr\/?p=5220#primaryimage"},"thumbnailUrl":"https:\/\/pcbigouden.fr\/wp-content\/uploads\/2025\/07\/AA1HjFLn-300x169.jpeg","datePublished":"2025-07-02T17:45:29+00:00","dateModified":"2025-07-04T09:43:56+00:00","breadcrumb":{"@id":"https:\/\/pcbigouden.fr\/?p=5220#breadcrumb"},"inLanguage":"fr-FR","potentialAction":[{"@type":"ReadAction","target":["https:\/\/pcbigouden.fr\/?p=5220"]}]},{"@type":"ImageObject","inLanguage":"fr-FR","@id":"https:\/\/pcbigouden.fr\/?p=5220#primaryimage","url":"https:\/\/pcbigouden.fr\/wp-content\/uploads\/2025\/07\/AA1HjFLn.jpeg","contentUrl":"https:\/\/pcbigouden.fr\/wp-content\/uploads\/2025\/07\/AA1HjFLn.jpeg","width":768,"height":432},{"@type":"BreadcrumbList","@id":"https:\/\/pcbigouden.fr\/?p=5220#breadcrumb","itemListElement":[{"@type":"ListItem","position":1,"name":"Accueil","item":"https:\/\/pcbigouden.fr\/"},{"@type":"ListItem","position":2,"name":"Appel \u00e0 un rassemblement \u00e0 Pont l\u2019Abb\u00e9, Cessez le feu \u00e0 Gaza !"}]},{"@type":"WebSite","@id":"https:\/\/pcbigouden.fr\/#website","url":"https:\/\/pcbigouden.fr\/","name":"PCF Pays Bigouden","description":"Blog des communistes du Pays Bigouden","publisher":{"@id":"https:\/\/pcbigouden.fr\/#organization"},"potentialAction":[{"@type":"SearchAction","target":{"@type":"EntryPoint","urlTemplate":"https:\/\/pcbigouden.fr\/?s={search_term_string}"},"query-input":{"@type":"PropertyValueSpecification","valueRequired":true,"valueName":"search_term_string"}}],"inLanguage":"fr-FR"},{"@type":"Organization","@id":"https:\/\/pcbigouden.fr\/#organization","name":"Parti Communiste PCF Pays Bigouden","url":"https:\/\/pcbigouden.fr\/","logo":{"@type":"ImageObject","inLanguage":"fr-FR","@id":"https:\/\/pcbigouden.fr\/#\/schema\/logo\/image\/","url":"https:\/\/pcbigouden.fr\/wp-content\/uploads\/2021\/10\/logoTB307x290.jpg","contentUrl":"https:\/\/pcbigouden.fr\/wp-content\/uploads\/2021\/10\/logoTB307x290.jpg","width":307,"height":290,"caption":"Parti Communiste PCF Pays Bigouden"},"image":{"@id":"https:\/\/pcbigouden.fr\/#\/schema\/logo\/image\/"}},{"@type":"Person","@id":"https:\/\/pcbigouden.fr\/#\/schema\/person\/db553cfd25f8e9e7ec7d3d2266b34e5e","name":"philarmor","image":{"@type":"ImageObject","inLanguage":"fr-FR","@id":"https:\/\/secure.gravatar.com\/avatar\/d64b18fe41ef6147792f83422f86e16391f18bc76f91f5a4e59b9213ce0ab52c?s=96&d=mm&r=g","url":"https:\/\/secure.gravatar.com\/avatar\/d64b18fe41ef6147792f83422f86e16391f18bc76f91f5a4e59b9213ce0ab52c?s=96&d=mm&r=g","contentUrl":"https:\/\/secure.gravatar.com\/avatar\/d64b18fe41ef6147792f83422f86e16391f18bc76f91f5a4e59b9213ce0ab52c?s=96&d=mm&r=g","caption":"philarmor"},"url":"https:\/\/pcbigouden.fr\/?author=8"}]}},"jetpack_featured_media_url":"","jetpack_sharing_enabled":true,"jetpack_likes_enabled":true,"_links":{"self":[{"href":"https:\/\/pcbigouden.fr\/index.php?rest_route=\/wp\/v2\/posts\/5220","targetHints":{"allow":["GET"]}}],"collection":[{"href":"https:\/\/pcbigouden.fr\/index.php?rest_route=\/wp\/v2\/posts"}],"about":[{"href":"https:\/\/pcbigouden.fr\/index.php?rest_route=\/wp\/v2\/types\/post"}],"author":[{"embeddable":true,"href":"https:\/\/pcbigouden.fr\/index.php?rest_route=\/wp\/v2\/users\/8"}],"replies":[{"embeddable":true,"href":"https:\/\/pcbigouden.fr\/index.php?rest_route=%2Fwp%2Fv2%2Fcomments&post=5220"}],"version-history":[{"count":6,"href":"https:\/\/pcbigouden.fr\/index.php?rest_route=\/wp\/v2\/posts\/5220\/revisions"}],"predecessor-version":[{"id":5229,"href":"https:\/\/pcbigouden.fr\/index.php?rest_route=\/wp\/v2\/posts\/5220\/revisions\/5229"}],"wp:attachment":[{"href":"https:\/\/pcbigouden.fr\/index.php?rest_route=%2Fwp%2Fv2%2Fmedia&parent=5220"}],"wp:term":[{"taxonomy":"category","embeddable":true,"href":"https:\/\/pcbigouden.fr\/index.php?rest_route=%2Fwp%2Fv2%2Fcategories&post=5220"},{"taxonomy":"post_tag","embeddable":true,"href":"https:\/\/pcbigouden.fr\/index.php?rest_route=%2Fwp%2Fv2%2Ftags&post=5220"}],"curies":[{"name":"wp","href":"https:\/\/api.w.org\/{rel}","templated":true}]}}