{"id":5185,"date":"2025-06-23T07:46:24","date_gmt":"2025-06-23T05:46:24","guid":{"rendered":"https:\/\/pcbigouden.fr\/?p=5185"},"modified":"2025-06-23T11:47:55","modified_gmt":"2025-06-23T09:47:55","slug":"22-juin-2025-donald-trump-bombarde-liran-et-plonge-le-moyen-orient-dans-linconnu","status":"publish","type":"post","link":"https:\/\/pcbigouden.fr\/?p=5185","title":{"rendered":"22 juin 2025 Donald Trump bombarde l\u2019Iran et plonge le Moyen-Orient dans l&rsquo;inconnu &#8211;"},"content":{"rendered":"<p><strong>En bombardant trois sites nucl\u00e9aires iraniens, le pr\u00e9sident \u00e9tats-unien pr\u00e9cipite la r\u00e9gion dans l\u2019inconnu. L\u2019Europe, qui tente de relancer les pourparlers, est mise hors d\u2019\u00e9tat de nuire au projet de recomposition de la r\u00e9gion<\/strong>.<\/p>\n<p>On ne compte plus les nuits d\u2019effroi au Moyen-Orient depuis vingt mois. \u00c0 Gaza, en Cisjordanie occup\u00e9e, au Liban, en Syrie puis, d\u00e9sormais, en Iran, les peuples sont plong\u00e9s, les uns apr\u00e8s les autres, dans les t\u00e9n\u00e8bres de la guerre. Dans la nuit de samedi \u00e0 dimanche, <a href=\"https:\/\/www.humanite.fr\/monde\/etats-unis\/iran-les-etats-unis-entrent-en-guerre\" target=\"_blank\" rel=\"noopener\">les \u00c9tats-Unis ont sign\u00e9 leur entr\u00e9e officielle dans le conflit contre T\u00e9h\u00e9ran<\/a>, d\u00e9clench\u00e9 par Isra\u00ebl, en bombardant les installations nucl\u00e9aires de Fordo, Natanz et Ispahan. <em>\u00ab\u00a0Nous avons travaill\u00e9 en \u00e9quipe comme aucune autre \u00e9quipe ne l\u2019avait peut-\u00eatre jamais fait auparavant, et nous avons largement contribu\u00e9 \u00e0 \u00e9radiquer cette terrible menace qui p\u00e8se sur Isra\u00ebl\u00a0\u00bb<\/em>, a assur\u00e9 le pr\u00e9sident Donald Trump lors d\u2019un discours \u00e9clair \u00e0 la nation de seulement quatre minutes.<!--more...Lire la suite ..--><\/p>\n<p>Une d\u00e9cision qui plonge toute la r\u00e9gion dans une phase encore plus explosive et impr\u00e9visible. Le d\u00e9lai de deux semaines, fix\u00e9 par Donald Trump lui-m\u00eame, pour prendre la d\u00e9cision d\u2019un engagement en Iran a donn\u00e9 l\u2019impression d\u2019un <a href=\"https:\/\/www.humanite.fr\/monde\/guerre-israel-hamas\/les-vraies-raisons-pour-lesquelles-israel-declenche-une-guerre-contre-liran\" target=\"_blank\" rel=\"noopener\">pr\u00e9sident qui tergiverse<\/a>.<\/p>\n<h2 class=\"wp-block-heading\">Trump met en garde contre de nouvelles attaques<\/h2>\n<p>L\u2019acte semble en r\u00e9alit\u00e9 destin\u00e9 \u00e0 reprendre la main sur le premier ministre isra\u00e9lien, Benyamin Netanyahou, qui va de surench\u00e8res en menaces concernant l\u2019objectif d\u2019une chute du pouvoir iranien et, derri\u00e8re, de <a href=\"https:\/\/www.humanite.fr\/monde\/benyamin-netanyahou\/de-lirak-en-2003-a-liran-donald-trump-dans-les-pas-de-george-w-bush-pour-remodeler-le-moyen-orient\" target=\"_blank\" rel=\"noopener\">recomposition du Moyen-Orient<\/a>.<\/p>\n<p>En tout \u00e9tat de cause, Donald Trump ne ferme pas la porte des n\u00e9gociations avec T\u00e9h\u00e9ran sur la question du nucl\u00e9aire mais met en garde contre de nouvelles attaques pour mettre \u00e0 genoux le pouvoir iranien et n\u00e9gocier en position de force. <em>\u00ab\u00a0Soit la paix sera r\u00e9tablie, soit l\u2019Iran conna\u00eetra une trag\u00e9die bien plus grave que celle que nous avons connue ces huit derniers jours\u00a0\u00bb<\/em>, pr\u00e9vient le milliardaire \u00e9tats-unien.<\/p>\n<p>Avant d\u2019ajouter\u00a0: <em>\u00ab\u00a0N\u2019oubliez pas qu\u2019il reste de nombreuses cibles. Celle de ce soir \u00e9tait de loin la plus difficile. Mais si la paix n\u2019est pas rapidement r\u00e9tablie, nous nous attaquerons \u00e0 ces autres cibles avec pr\u00e9cision, rapidit\u00e9 et habilet\u00e9.\u00a0\u00bb<\/em> Son sinistre associ\u00e9 Benyamin Netanyahou a imm\u00e9diatement salu\u00e9 <em>\u00ab\u00a0un tournant historique qui peut contribuer \u00e0 mener le Moyen-Orient et au-del\u00e0 vers un avenir de prosp\u00e9rit\u00e9 et de paix\u00a0\u00bb<\/em>.<\/p>\n<p>Par la force de ses F-35 et de ses services de renseignement, qui ont fait la d\u00e9monstration de leur technicit\u00e9, le premier ministre isra\u00e9lien reprend la doctrine trumpienne de <em>\u00ab\u00a0paix par la force\u00a0\u00bb<\/em>, qui vise \u00e0 contraindre les \u00c9tats de la r\u00e9gion \u2013 et <a href=\"https:\/\/www.humanite.fr\/monde\/arabie-saoudite\/avec-la-visite-de-donald-trump-larabie-saoudite-retrouve-toute-sa-place-aupres-des-etats-unis\" target=\"_blank\" rel=\"noopener\">l\u2019Arabie saoudite<\/a> en premier lieu \u2013 \u00e0 <a href=\"https:\/\/www.humanite.fr\/en-debat\/gaza\/les-etats-arabes-ont-ils-lache-les-palestiniens\" target=\"_blank\" rel=\"noopener\">la normalisation des relations<\/a>.<\/p>\n<h2 class=\"wp-block-heading\">L\u2019Europe mise hors jeu<\/h2>\n<p>L\u2019entr\u00e9e en guerre des \u00c9tats-Unis ach\u00e8ve \u00e9galement de <a href=\"https:\/\/www.humanite.fr\/monde\/donald-trump\/guerre-en-ukraine-le-symbole-dune-europe-sortie-de-lhistoire\" target=\"_blank\" rel=\"noopener\">sortir l\u2019Union europ\u00e9enne (UE) de l\u2019histoire<\/a>. Alors qu\u2019elle commen\u00e7ait \u00e0 peine \u00e0 r\u00e9fl\u00e9chir \u00e0 une <a href=\"https:\/\/www.humanite.fr\/monde\/benyamin-netanyahou\/gaza-face-a-israel-leurope-sort-du-coma-diplomatique\" target=\"_blank\" rel=\"noopener\">r\u00e9vision de l\u2019accord d\u2019association<\/a> qui la lie \u00e0 Isra\u00ebl du fait du blocage de l\u2019aide humanitaire \u00e0 Gaza, l\u2019UE s\u2019est rang\u00e9e comme un seul homme derri\u00e8re les buts de guerre de Tel-Aviv en \u00e9voquant, malgr\u00e9 toutes les \u00e9vidences, le<em> \u00ab\u00a0droit \u00e0 se d\u00e9fendre\u00a0\u00bb<\/em> d\u2019Isra\u00ebl, et donc \u00e0 violer le droit international \u2013 que les puissances europ\u00e9ennes avaient elles-m\u00eames contribu\u00e9 \u00e0 \u00e9riger \u2013 au nom d\u2019une pr\u00e9tendue guerre pr\u00e9ventive.<\/p>\n<p>Ce 20\u00a0juin, Paris, Berlin et Londres, signataires des accords de Vienne sur le programme nucl\u00e9aire iranien (avec Moscou, P\u00e9kin et Bruxelles), dont Washington s\u2019\u00e9tait retir\u00e9 en 2018, ont tent\u00e9 de revenir dans le jeu lors de pourparlers de quatre heures \u00e0 Gen\u00e8ve. <em>\u00ab\u00a0Si l\u2019agression cesse et que l\u2019agresseur est tenu responsable des crimes commis, l\u2019Iran est pr\u00eat \u00e0 envisager la voie diplomatique\u00a0\u00bb<\/em>, a fait savoir le ministre iranien des Affaires \u00e9trang\u00e8res, Abbas Araghtchi. Pour la troisi\u00e8me fois depuis le d\u00e9but de la guerre, le Conseil de s\u00e9curit\u00e9 de l\u2019ONU devait se r\u00e9unir en urgence dimanche apr\u00e8s-midi.<\/p>\n<p>Les n\u00e9gociations ont dans le m\u00eame temps \u00e9t\u00e9 court-circuit\u00e9es par la rumeur de discussions parall\u00e8les sous l\u2019\u00e9gide du Qatar avec l\u2019envoy\u00e9 sp\u00e9cial de Donald Trump au Moyen-Orient, Steve Witkoff. <em>\u00ab\u00a0L\u2019Iran ne veut pas parler \u00e0 l\u2019Europe. L\u2019Europe ne va pas pouvoir aider sur ce sujet\u00a0\u00bb<\/em>, a tranch\u00e9 Donald Trump \u00e0 la veille du sommet de l\u2019Otan des 24 et 25\u00a0juin, o\u00f9 il se place d\u00e9sormais en position de force pour demander <a href=\"https:\/\/www.humanite.fr\/monde\/depenses-militaires\/avec-le-retour-de-donald-trump-au-pouvoir-lue-priee-par-lotan-de-sacrifier-le-social-sur-lautel-de-la-guerre\" target=\"_blank\" rel=\"noopener\">une augmentation des budgets militaires \u00e0 ses alli\u00e9s<\/a>. D\u00e8s dimanche, Abbas Araghtchi se rendait \u00e0 Moscou pour rencontrer Vladimir Poutine dans le cadre de leur partenariat strat\u00e9gique.<\/p>\n<p>Alors que les ministres europ\u00e9ens des Affaires \u00e9trang\u00e8res doivent se r\u00e9unir ce 23\u00a0juin, la cheffe de la diplomatie continentale, <a href=\"https:\/\/www.humanite.fr\/monde\/kaja-kallas\/commission-europeenne-pour-son-grand-oral-la-dame-de-fer-kaja-kallas-fait-dechanter-leurope\" target=\"_blank\" rel=\"noopener\">Kaja Kallas<\/a>, a d\u00fb se contenter d\u2019exhorter <em>\u00ab\u00a0toutes les parties \u00e0 faire un pas en arri\u00e8re, \u00e0 revenir \u00e0 la table des n\u00e9gociations\u00a0\u00bb <\/em>apr\u00e8s les bombardements qui ont vis\u00e9 les sites nucl\u00e9aires iraniens. <em>\u00ab\u00a0Pour (eux), c\u2019est \u00e0 l\u2019Iran de \u201drevenir\u201d \u00e0 la table. Mais comment l\u2019Iran pourrait-il revenir \u00e0 quelque chose qu\u2019il n\u2019a jamais quitt\u00e9, encore moins d\u00e9truit\u00a0?\u00a0\u00bb<\/em> a interrog\u00e9 Abbas Araghtchi.<\/p>\n<h2 class=\"wp-block-heading\">La propagande sur l\u2019ampleur des destructions<\/h2>\n<p>Donald Trump, qui promettait \u00e0 sa base Maga (Make America Great Again) de <a href=\"https:\/\/www.humanite.fr\/monde\/donald-trump\/etats-unis-iran-donald-trump-pris-dans-la-quadrature-de-sa-coalition\" target=\"_blank\" rel=\"noopener\">ne plus jamais lancer d\u2019aventure guerri\u00e8re<\/a> apr\u00e8s les d\u00e9sastreuses interventions en Afghanistan et en Irak, ne devrait pas s\u2019engager dans un conflit de longue dur\u00e9e. Les frappes ont-elles suffi \u00e0 infliger des d\u00e9g\u00e2ts irr\u00e9versibles au <a href=\"https:\/\/www.humanite.fr\/monde\/armes-nucleaires\/le-nucleaire-iranien-objet-de-tous-les-fantasmes\" target=\"_blank\" rel=\"noopener\">programme d\u2019enrichissement d\u2019uranium<\/a>\u00a0? Les Tomahawk utilis\u00e9s contre le site souterrain de Natanz n\u2019ont pas la capacit\u00e9 d\u2019une bombe bunker buster (GBU-57), capable de p\u00e9n\u00e9trer des installations en profondeur.<\/p>\n<p>C\u2019est pr\u00e9cis\u00e9ment <em>\u00ab\u00a0<a href=\"https:\/\/www.humanite.fr\/monde\/armement\/guerre-israel-iran-pourquoi-tel-aviv-reclame-la-plus-grosse-bombe-de-larmee-americaine-a-donald-trump\" target=\"_blank\" rel=\"noopener\">14 bombes GBU-57<\/a> de 30\u00a0000\u00a0livres (13\u00a0600\u00a0kg \u2013 NDLR), marquant la toute premi\u00e8re utilisation op\u00e9rationnelle de cette arme\u00a0\u00bb, <\/em>qui ont \u00e9t\u00e9 utilis\u00e9es sur le complexe de Fordo lors de l\u2019op\u00e9ration \u00ab\u00a0Midnight Hammer\u00a0\u00bb, a pr\u00e9cis\u00e9 ce dimanche\u00a0Dan Caine, chef d\u2019\u00e9tat-major interarm\u00e9es des forces am\u00e9ricaines.<\/p>\n<p>Reste que la propagande tourne \u00e0 plein. Les Isra\u00e9liens assurent qu\u2019un coup fatal a \u00e9t\u00e9 port\u00e9 au programme nucl\u00e9aire iranien sans avoir proc\u00e9d\u00e9 aux \u00e9valuations n\u00e9cessaires tandis que les gardiens de la r\u00e9volution iraniens affirment que <em>\u00ab\u00a0la technologie nucl\u00e9aire indig\u00e8ne et pacifique de l\u2019Iran ne peut \u00eatre d\u00e9truite par aucune attaque\u00a0\u00bb<\/em>.<\/p>\n<p>Selon l\u2019Agence internationale de l\u2019\u00e9nergie atomique (AIEA), quatre b\u00e2timents d\u00e9j\u00e0 vis\u00e9s par Isra\u00ebl \u00e0 Ispahan et six autres installations du m\u00eame site ont \u00e9t\u00e9 touch\u00e9s, y compris une unit\u00e9 de production de barres de combustible. L\u2019organisation pr\u00e9cise toutefois que les sites d\u2019Ispahan ne contenaient pas de mati\u00e8res nucl\u00e9aires, ou seulement de faibles quantit\u00e9s d\u2019uranium naturel ou faiblement enrichi, et que la\u00a0contamination radioactive sur ce site est <em>\u00ab\u00a0limit\u00e9e aux b\u00e2timents endommag\u00e9s ou d\u00e9truits\u00a0\u00bb<\/em>.<\/p>\n<p>Concernant le site de Fordo, une source iranienne a indiqu\u00e9 \u00e0 Reuters que la majorit\u00e9 de l\u2019uranium hautement enrichi qui s\u2019y trouvait avait d\u00e9j\u00e0 \u00e9t\u00e9 transf\u00e9r\u00e9\u00a0vers un autre lieu tenu secret avant l\u2019attaque \u00e9tats-unienne.<\/p>\n<h2 class=\"wp-block-heading\">Des proxies affaiblis<\/h2>\n<p>Quelle sera la r\u00e9ponse iranienne\u00a0? Les gardiens de la r\u00e9volution, qui avaient d\u00e9j\u00e0 mis en garde quant \u00e0 une riposte contre les int\u00e9r\u00eats \u00e9tats-uniens dans la r\u00e9gion en cas d\u2019intervention de Washington, signalent que le nombre, la dispersion et la taille des bases militaires am\u00e9ricaines au Moyen-Orient constituent un <em>\u00ab\u00a0point de\u00a0vuln\u00e9rabilit\u00e9\u00a0\u00bb<\/em> plut\u00f4t qu\u2019une force. Chercheront-ils \u00e0 les atteindre afin de pousser Donald Trump \u00e0 s\u2019impliquer plus avant et ainsi l\u2019affaiblir\u00a0? Un engagement plus important des \u00c9tats-Unis engagerait toutefois directement la survie du r\u00e9gime via des attaques directes contre les centres du pouvoir. \u00c0 ce titre, des frappes contre les int\u00e9r\u00eats \u00e9tats-uniens \u00e9quivaudraient pour les mollahs \u00e0 se faire hara-kiri.<\/p>\n<p>\u00c0 ce stade, l\u2019activation de ses proxies r\u00e9gionaux d\u00e9j\u00e0 lourdement affaiblis, \u00e0 l\u2019instar du <a href=\"https:\/\/www.humanite.fr\/monde\/armee-israelienne\/le-hezbollah-a-ete-cree-pour-renvoyer-larmee-israelienne-de-lautre-cote-de-la-frontiere-analyse-aurelie-daher-enseignante-chercheuse-a-sciences-po-paris\" target=\"_blank\" rel=\"noopener\">Hezbollah<\/a>, demeure du domaine de l\u2019hypoth\u00e8se. Le mouvement chiite libanais a perdu des milliers de combattants dans la guerre avec Isra\u00ebl, vu son commandement central \u00e9limin\u00e9, son arsenal d\u00e9truit et ses bases au sud du fleuve Litani d\u00e9mantel\u00e9es. Depuis <a href=\"https:\/\/www.humanite.fr\/monde\/armee-syrienne\/chute-de-bachar-al-assad-la-fin-dun-regne-sanglant\" target=\"_blank\" rel=\"noopener\">la chute de Bachar Al Assad<\/a>, le Hezbollah ne peut en outre plus compter sur le couloir d\u2019approvisionnement en armes que constituait le territoire syrien. En clair, toute entr\u00e9e en jeu du groupe n\u2019entra\u00eenerait aucun changement r\u00e9el du rapport de force sur le terrain militaire mais ach\u00e8verait \u00e9galement de le discr\u00e9diter sur la sc\u00e8ne int\u00e9rieure.<\/p>\n<p>Pour l\u2019heure, T\u00e9h\u00e9ran tente de sauver les apparences en poursuivant les tirs de missile balistique sur Isra\u00ebl. L\u2019Iran pourrait toutefois accepter de n\u00e9gocier un accord si ce dernier n\u2019\u00e9tait pas pr\u00e9sent\u00e9 comme un acte de reddition. Les pr\u00e9sidents ukrainien, <a href=\"https:\/\/www.humanite.fr\/monde\/donald-trump\/cest-la-pire-chose-que-zelensky-pouvait-dire-apres-la-scene-dhumiliation-a-washington-donald-trump-suspend-les-aides-militaires-a-lukraine\" target=\"_blank\" rel=\"noopener\">Volodymyr Zelensky<\/a>, et sud-africain, <a href=\"https:\/\/www.humanite.fr\/monde\/afrique-du-sud\/rencontre-trump-ramaphosa-nouvelle-scene-surrealiste-dans-le-bureau-ovale-a-base-de-fake-news-sur-un-genocide-des-blancs-en-afrique-du-sud\" target=\"_blank\" rel=\"noopener\">Cyril Ramaphosa<\/a>, en ont fait l\u2019exp\u00e9rience\u00a0: Donald Trump aime humilier ses adversaires pour obtenir ce qu\u2019il souhaite. Qu\u2019en sera-t-il avec les Iraniens\u00a0? La guerre d\u00e9clench\u00e9e par Isra\u00ebl avec, d\u00e9sormais, l\u2019appui direct des \u00c9tats-Unis rec\u00e8le une faille\u00a0: elle semble manquer de plan pour l\u2019apr\u00e8s. Au risque du chaos en Iran et au-del\u00e0. Le remodelage du Moyen-Orient ne promet que la poursuite des nuits d\u2019effroi.<\/p>\n<p><strong>Lina Sankari, L&rsquo;Humanit\u00e9, 22 juin 2025<\/strong><\/p>\n<p><strong><a href=\"https:\/\/www.pcf.fr\/trump_guerre_iran\" target=\"_blank\" rel=\"noopener\">D\u00e9claration PCF 22 juin<\/a><\/strong><\/p>\n","protected":false},"excerpt":{"rendered":"<p>En bombardant trois sites nucl\u00e9aires iraniens, le pr\u00e9sident \u00e9tats-unien pr\u00e9cipite la r\u00e9gion dans l\u2019inconnu. L\u2019Europe, qui tente de relancer les pourparlers, est mise hors d\u2019\u00e9tat de nuire au projet de recomposition de la r\u00e9gion. On ne compte plus les nuits d\u2019effroi au Moyen-Orient depuis vingt mois. \u00c0 Gaza, en Cisjordanie occup\u00e9e, au Liban, en Syrie &hellip; <a href=\"https:\/\/pcbigouden.fr\/?p=5185\" class=\"more-link\">Continue reading <span class=\"screen-reader-text\">22 juin 2025 Donald Trump bombarde l\u2019Iran et plonge le Moyen-Orient dans l&rsquo;inconnu &#8211;<\/span><\/a><\/p>\n","protected":false},"author":5,"featured_media":0,"comment_status":"open","ping_status":"closed","sticky":false,"template":"","format":"standard","meta":{"_jetpack_memberships_contains_paid_content":false,"footnotes":""},"categories":[2,69,50,59],"tags":[268,71,207],"class_list":["post-5185","post","type-post","status-publish","format-standard","hentry","category-democratie","category-international","category-paix","category-parti-communiste","tag-iran","tag-israel","tag-usa"],"yoast_head":"<!-- This site is optimized with the Yoast SEO plugin v27.5 - https:\/\/yoast.com\/product\/yoast-seo-wordpress\/ -->\n<title>22 juin 2025 Donald Trump bombarde l\u2019Iran et plonge le Moyen-Orient dans l&#039;inconnu - PCF Pays Bigouden<\/title>\n<meta name=\"robots\" content=\"index, follow, max-snippet:-1, max-image-preview:large, max-video-preview:-1\" \/>\n<link rel=\"canonical\" href=\"https:\/\/pcbigouden.fr\/?p=5185\" \/>\n<meta property=\"og:locale\" content=\"fr_FR\" \/>\n<meta property=\"og:type\" content=\"article\" \/>\n<meta property=\"og:title\" content=\"22 juin 2025 Donald Trump bombarde l\u2019Iran et plonge le Moyen-Orient dans l&#039;inconnu - PCF Pays Bigouden\" \/>\n<meta property=\"og:description\" content=\"En bombardant trois sites nucl\u00e9aires iraniens, le pr\u00e9sident \u00e9tats-unien pr\u00e9cipite la r\u00e9gion dans l\u2019inconnu. L\u2019Europe, qui tente de relancer les pourparlers, est mise hors d\u2019\u00e9tat de nuire au projet de recomposition de la r\u00e9gion. On ne compte plus les nuits d\u2019effroi au Moyen-Orient depuis vingt mois. \u00c0 Gaza, en Cisjordanie occup\u00e9e, au Liban, en Syrie &hellip; Continue reading 22 juin 2025 Donald Trump bombarde l\u2019Iran et plonge le Moyen-Orient dans l&rsquo;inconnu &#8211;\" \/>\n<meta property=\"og:url\" content=\"https:\/\/pcbigouden.fr\/?p=5185\" \/>\n<meta property=\"og:site_name\" content=\"PCF Pays Bigouden\" \/>\n<meta property=\"article:published_time\" content=\"2025-06-23T05:46:24+00:00\" \/>\n<meta property=\"article:modified_time\" content=\"2025-06-23T09:47:55+00:00\" \/>\n<meta name=\"author\" content=\"cortomaltes29\" \/>\n<meta name=\"twitter:card\" content=\"summary_large_image\" \/>\n<meta name=\"twitter:label1\" content=\"\u00c9crit par\" \/>\n\t<meta name=\"twitter:data1\" content=\"cortomaltes29\" \/>\n\t<meta name=\"twitter:label2\" content=\"Dur\u00e9e de lecture estim\u00e9e\" \/>\n\t<meta name=\"twitter:data2\" content=\"8 minutes\" \/>\n<script type=\"application\/ld+json\" class=\"yoast-schema-graph\">{\"@context\":\"https:\\\/\\\/schema.org\",\"@graph\":[{\"@type\":\"Article\",\"@id\":\"https:\\\/\\\/pcbigouden.fr\\\/?p=5185#article\",\"isPartOf\":{\"@id\":\"https:\\\/\\\/pcbigouden.fr\\\/?p=5185\"},\"author\":{\"name\":\"cortomaltes29\",\"@id\":\"https:\\\/\\\/pcbigouden.fr\\\/#\\\/schema\\\/person\\\/dc763e11bee76f6c59d8d18653939a2c\"},\"headline\":\"22 juin 2025 Donald Trump bombarde l\u2019Iran et plonge le Moyen-Orient dans l&rsquo;inconnu &#8211;\",\"datePublished\":\"2025-06-23T05:46:24+00:00\",\"dateModified\":\"2025-06-23T09:47:55+00:00\",\"mainEntityOfPage\":{\"@id\":\"https:\\\/\\\/pcbigouden.fr\\\/?p=5185\"},\"wordCount\":1640,\"commentCount\":0,\"publisher\":{\"@id\":\"https:\\\/\\\/pcbigouden.fr\\\/#organization\"},\"keywords\":[\"Iran\",\"Isra\u00ebl\",\"USA\"],\"articleSection\":[\"D\u00e9mocratie\",\"International\",\"Paix\",\"Parti Communiste\"],\"inLanguage\":\"fr-FR\",\"potentialAction\":[{\"@type\":\"CommentAction\",\"name\":\"Comment\",\"target\":[\"https:\\\/\\\/pcbigouden.fr\\\/?p=5185#respond\"]}]},{\"@type\":\"WebPage\",\"@id\":\"https:\\\/\\\/pcbigouden.fr\\\/?p=5185\",\"url\":\"https:\\\/\\\/pcbigouden.fr\\\/?p=5185\",\"name\":\"22 juin 2025 Donald Trump bombarde l\u2019Iran et plonge le Moyen-Orient dans l'inconnu - PCF Pays Bigouden\",\"isPartOf\":{\"@id\":\"https:\\\/\\\/pcbigouden.fr\\\/#website\"},\"datePublished\":\"2025-06-23T05:46:24+00:00\",\"dateModified\":\"2025-06-23T09:47:55+00:00\",\"breadcrumb\":{\"@id\":\"https:\\\/\\\/pcbigouden.fr\\\/?p=5185#breadcrumb\"},\"inLanguage\":\"fr-FR\",\"potentialAction\":[{\"@type\":\"ReadAction\",\"target\":[\"https:\\\/\\\/pcbigouden.fr\\\/?p=5185\"]}]},{\"@type\":\"BreadcrumbList\",\"@id\":\"https:\\\/\\\/pcbigouden.fr\\\/?p=5185#breadcrumb\",\"itemListElement\":[{\"@type\":\"ListItem\",\"position\":1,\"name\":\"Accueil\",\"item\":\"https:\\\/\\\/pcbigouden.fr\\\/\"},{\"@type\":\"ListItem\",\"position\":2,\"name\":\"22 juin 2025 Donald Trump bombarde l\u2019Iran et plonge le Moyen-Orient dans l&rsquo;inconnu &#8211;\"}]},{\"@type\":\"WebSite\",\"@id\":\"https:\\\/\\\/pcbigouden.fr\\\/#website\",\"url\":\"https:\\\/\\\/pcbigouden.fr\\\/\",\"name\":\"PCF Pays Bigouden\",\"description\":\"Blog des communistes du Pays Bigouden\",\"publisher\":{\"@id\":\"https:\\\/\\\/pcbigouden.fr\\\/#organization\"},\"potentialAction\":[{\"@type\":\"SearchAction\",\"target\":{\"@type\":\"EntryPoint\",\"urlTemplate\":\"https:\\\/\\\/pcbigouden.fr\\\/?s={search_term_string}\"},\"query-input\":{\"@type\":\"PropertyValueSpecification\",\"valueRequired\":true,\"valueName\":\"search_term_string\"}}],\"inLanguage\":\"fr-FR\"},{\"@type\":\"Organization\",\"@id\":\"https:\\\/\\\/pcbigouden.fr\\\/#organization\",\"name\":\"Parti Communiste PCF Pays Bigouden\",\"url\":\"https:\\\/\\\/pcbigouden.fr\\\/\",\"logo\":{\"@type\":\"ImageObject\",\"inLanguage\":\"fr-FR\",\"@id\":\"https:\\\/\\\/pcbigouden.fr\\\/#\\\/schema\\\/logo\\\/image\\\/\",\"url\":\"https:\\\/\\\/pcbigouden.fr\\\/wp-content\\\/uploads\\\/2021\\\/10\\\/logoTB307x290.jpg\",\"contentUrl\":\"https:\\\/\\\/pcbigouden.fr\\\/wp-content\\\/uploads\\\/2021\\\/10\\\/logoTB307x290.jpg\",\"width\":307,\"height\":290,\"caption\":\"Parti Communiste PCF Pays Bigouden\"},\"image\":{\"@id\":\"https:\\\/\\\/pcbigouden.fr\\\/#\\\/schema\\\/logo\\\/image\\\/\"}},{\"@type\":\"Person\",\"@id\":\"https:\\\/\\\/pcbigouden.fr\\\/#\\\/schema\\\/person\\\/dc763e11bee76f6c59d8d18653939a2c\",\"name\":\"cortomaltes29\",\"image\":{\"@type\":\"ImageObject\",\"inLanguage\":\"fr-FR\",\"@id\":\"https:\\\/\\\/secure.gravatar.com\\\/avatar\\\/c2ce5036b4b39dfed348d934e527c141cfac704b84e909e2086924ec476d0315?s=96&d=mm&r=g\",\"url\":\"https:\\\/\\\/secure.gravatar.com\\\/avatar\\\/c2ce5036b4b39dfed348d934e527c141cfac704b84e909e2086924ec476d0315?s=96&d=mm&r=g\",\"contentUrl\":\"https:\\\/\\\/secure.gravatar.com\\\/avatar\\\/c2ce5036b4b39dfed348d934e527c141cfac704b84e909e2086924ec476d0315?s=96&d=mm&r=g\",\"caption\":\"cortomaltes29\"},\"url\":\"https:\\\/\\\/pcbigouden.fr\\\/?author=5\"}]}<\/script>\n<!-- \/ Yoast SEO plugin. -->","yoast_head_json":{"title":"22 juin 2025 Donald Trump bombarde l\u2019Iran et plonge le Moyen-Orient dans l'inconnu - PCF Pays Bigouden","robots":{"index":"index","follow":"follow","max-snippet":"max-snippet:-1","max-image-preview":"max-image-preview:large","max-video-preview":"max-video-preview:-1"},"canonical":"https:\/\/pcbigouden.fr\/?p=5185","og_locale":"fr_FR","og_type":"article","og_title":"22 juin 2025 Donald Trump bombarde l\u2019Iran et plonge le Moyen-Orient dans l'inconnu - PCF Pays Bigouden","og_description":"En bombardant trois sites nucl\u00e9aires iraniens, le pr\u00e9sident \u00e9tats-unien pr\u00e9cipite la r\u00e9gion dans l\u2019inconnu. L\u2019Europe, qui tente de relancer les pourparlers, est mise hors d\u2019\u00e9tat de nuire au projet de recomposition de la r\u00e9gion. On ne compte plus les nuits d\u2019effroi au Moyen-Orient depuis vingt mois. \u00c0 Gaza, en Cisjordanie occup\u00e9e, au Liban, en Syrie &hellip; Continue reading 22 juin 2025 Donald Trump bombarde l\u2019Iran et plonge le Moyen-Orient dans l&rsquo;inconnu &#8211;","og_url":"https:\/\/pcbigouden.fr\/?p=5185","og_site_name":"PCF Pays Bigouden","article_published_time":"2025-06-23T05:46:24+00:00","article_modified_time":"2025-06-23T09:47:55+00:00","author":"cortomaltes29","twitter_card":"summary_large_image","twitter_misc":{"\u00c9crit par":"cortomaltes29","Dur\u00e9e de lecture estim\u00e9e":"8 minutes"},"schema":{"@context":"https:\/\/schema.org","@graph":[{"@type":"Article","@id":"https:\/\/pcbigouden.fr\/?p=5185#article","isPartOf":{"@id":"https:\/\/pcbigouden.fr\/?p=5185"},"author":{"name":"cortomaltes29","@id":"https:\/\/pcbigouden.fr\/#\/schema\/person\/dc763e11bee76f6c59d8d18653939a2c"},"headline":"22 juin 2025 Donald Trump bombarde l\u2019Iran et plonge le Moyen-Orient dans l&rsquo;inconnu &#8211;","datePublished":"2025-06-23T05:46:24+00:00","dateModified":"2025-06-23T09:47:55+00:00","mainEntityOfPage":{"@id":"https:\/\/pcbigouden.fr\/?p=5185"},"wordCount":1640,"commentCount":0,"publisher":{"@id":"https:\/\/pcbigouden.fr\/#organization"},"keywords":["Iran","Isra\u00ebl","USA"],"articleSection":["D\u00e9mocratie","International","Paix","Parti Communiste"],"inLanguage":"fr-FR","potentialAction":[{"@type":"CommentAction","name":"Comment","target":["https:\/\/pcbigouden.fr\/?p=5185#respond"]}]},{"@type":"WebPage","@id":"https:\/\/pcbigouden.fr\/?p=5185","url":"https:\/\/pcbigouden.fr\/?p=5185","name":"22 juin 2025 Donald Trump bombarde l\u2019Iran et plonge le Moyen-Orient dans l'inconnu - PCF Pays Bigouden","isPartOf":{"@id":"https:\/\/pcbigouden.fr\/#website"},"datePublished":"2025-06-23T05:46:24+00:00","dateModified":"2025-06-23T09:47:55+00:00","breadcrumb":{"@id":"https:\/\/pcbigouden.fr\/?p=5185#breadcrumb"},"inLanguage":"fr-FR","potentialAction":[{"@type":"ReadAction","target":["https:\/\/pcbigouden.fr\/?p=5185"]}]},{"@type":"BreadcrumbList","@id":"https:\/\/pcbigouden.fr\/?p=5185#breadcrumb","itemListElement":[{"@type":"ListItem","position":1,"name":"Accueil","item":"https:\/\/pcbigouden.fr\/"},{"@type":"ListItem","position":2,"name":"22 juin 2025 Donald Trump bombarde l\u2019Iran et plonge le Moyen-Orient dans l&rsquo;inconnu &#8211;"}]},{"@type":"WebSite","@id":"https:\/\/pcbigouden.fr\/#website","url":"https:\/\/pcbigouden.fr\/","name":"PCF Pays Bigouden","description":"Blog des communistes du Pays Bigouden","publisher":{"@id":"https:\/\/pcbigouden.fr\/#organization"},"potentialAction":[{"@type":"SearchAction","target":{"@type":"EntryPoint","urlTemplate":"https:\/\/pcbigouden.fr\/?s={search_term_string}"},"query-input":{"@type":"PropertyValueSpecification","valueRequired":true,"valueName":"search_term_string"}}],"inLanguage":"fr-FR"},{"@type":"Organization","@id":"https:\/\/pcbigouden.fr\/#organization","name":"Parti Communiste PCF Pays Bigouden","url":"https:\/\/pcbigouden.fr\/","logo":{"@type":"ImageObject","inLanguage":"fr-FR","@id":"https:\/\/pcbigouden.fr\/#\/schema\/logo\/image\/","url":"https:\/\/pcbigouden.fr\/wp-content\/uploads\/2021\/10\/logoTB307x290.jpg","contentUrl":"https:\/\/pcbigouden.fr\/wp-content\/uploads\/2021\/10\/logoTB307x290.jpg","width":307,"height":290,"caption":"Parti Communiste PCF Pays Bigouden"},"image":{"@id":"https:\/\/pcbigouden.fr\/#\/schema\/logo\/image\/"}},{"@type":"Person","@id":"https:\/\/pcbigouden.fr\/#\/schema\/person\/dc763e11bee76f6c59d8d18653939a2c","name":"cortomaltes29","image":{"@type":"ImageObject","inLanguage":"fr-FR","@id":"https:\/\/secure.gravatar.com\/avatar\/c2ce5036b4b39dfed348d934e527c141cfac704b84e909e2086924ec476d0315?s=96&d=mm&r=g","url":"https:\/\/secure.gravatar.com\/avatar\/c2ce5036b4b39dfed348d934e527c141cfac704b84e909e2086924ec476d0315?s=96&d=mm&r=g","contentUrl":"https:\/\/secure.gravatar.com\/avatar\/c2ce5036b4b39dfed348d934e527c141cfac704b84e909e2086924ec476d0315?s=96&d=mm&r=g","caption":"cortomaltes29"},"url":"https:\/\/pcbigouden.fr\/?author=5"}]}},"jetpack_featured_media_url":"","jetpack_sharing_enabled":true,"jetpack_likes_enabled":true,"_links":{"self":[{"href":"https:\/\/pcbigouden.fr\/index.php?rest_route=\/wp\/v2\/posts\/5185","targetHints":{"allow":["GET"]}}],"collection":[{"href":"https:\/\/pcbigouden.fr\/index.php?rest_route=\/wp\/v2\/posts"}],"about":[{"href":"https:\/\/pcbigouden.fr\/index.php?rest_route=\/wp\/v2\/types\/post"}],"author":[{"embeddable":true,"href":"https:\/\/pcbigouden.fr\/index.php?rest_route=\/wp\/v2\/users\/5"}],"replies":[{"embeddable":true,"href":"https:\/\/pcbigouden.fr\/index.php?rest_route=%2Fwp%2Fv2%2Fcomments&post=5185"}],"version-history":[{"count":14,"href":"https:\/\/pcbigouden.fr\/index.php?rest_route=\/wp\/v2\/posts\/5185\/revisions"}],"predecessor-version":[{"id":5199,"href":"https:\/\/pcbigouden.fr\/index.php?rest_route=\/wp\/v2\/posts\/5185\/revisions\/5199"}],"wp:attachment":[{"href":"https:\/\/pcbigouden.fr\/index.php?rest_route=%2Fwp%2Fv2%2Fmedia&parent=5185"}],"wp:term":[{"taxonomy":"category","embeddable":true,"href":"https:\/\/pcbigouden.fr\/index.php?rest_route=%2Fwp%2Fv2%2Fcategories&post=5185"},{"taxonomy":"post_tag","embeddable":true,"href":"https:\/\/pcbigouden.fr\/index.php?rest_route=%2Fwp%2Fv2%2Ftags&post=5185"}],"curies":[{"name":"wp","href":"https:\/\/api.w.org\/{rel}","templated":true}]}}