{"id":5174,"date":"2025-06-12T23:35:55","date_gmt":"2025-06-12T21:35:55","guid":{"rendered":"https:\/\/pcbigouden.fr\/?p=5174"},"modified":"2025-06-21T09:11:03","modified_gmt":"2025-06-21T07:11:03","slug":"leditorial-de-fabien-gay","status":"publish","type":"post","link":"https:\/\/pcbigouden.fr\/?p=5174","title":{"rendered":"Aidons le journal l&rsquo;Humanit\u00e9 en difficult\u00e9 financi\u00e8re"},"content":{"rendered":"<p><span style=\"font-size: 18pt;\"><strong>Pour un\u00a0autre\u00a0regard\u00a0sur\u00a0l\u2019actualit\u00e9\u00a0politique, sociale, \u00e9conomique et culturelle en France et dans le monde<\/strong><\/span><\/p>\n<p><a style=\"font-size: 16px;\" href=\"https:\/\/r.search.yahoo.com\/_ylt=AwrkPI2gWFZoewoYBVSPAwx.;_ylu=Y29sbwMEcG9zAzEEdnRpZAMEc2VjA3Ny\/RV=2\/RE=1750518049\/RO=10\/RU=https%3a%2f%2fwww.humanite.fr%2f\/RK=2\/RS=UuArth.QX2N1tdMR7MpmGlJymrs-\">L&rsquo;Humanit\u00e9, pour un autre regard sur l\u2019actualit\u00e9 en France et &#8230;<\/a><\/p>\n<h1 class=\"t-article-h1 c-purple u-block u-margin-b-3\"><span style=\"font-size: 18pt;\">Urgence pour l\u2019Humanit\u00e9 : votre don peut tout changer<\/span><\/h1>\n<div class=\"rich-text u-margin-b-3 u-padding-b-0 u-padding-t-0\">\n<p class=\"chapo\"><span style=\"font-size: 12pt;\"><strong>\u00c0 ce jour, nous n\u2019avons pas la tr\u00e9sorerie n\u00e9cessaire pour assurer le montage et la tenue de la F\u00eate de l\u2019Humanit\u00e9. Nous devons r\u00e9unir un million d\u2019euros avant la fin du mois d\u2019ao\u00fbt. Nous n&rsquo;y arriverons pas sans vous.<\/strong><\/span><\/p>\n<\/div>\n<div class=\"u-flex-column @lg:u-flex-row u-margin-t-3 u-justify-content-space-between @lg:u-margin-b-3\">\n<div class=\"single__content__text__published c-purple t-label-medium u-flex-row u-align-items-center\">\n<div class=\"u-inline-flex u-align-items-center\"><strong><em>Publi\u00e9 dans le journal l&rsquo;Humanit\u00e9 le 12 juin 2025\u00a0\u00a0<\/em><\/strong><\/div>\n<div><\/div>\n<\/div>\n<div class=\"single__share-btns u-hidden @lg:u-flex u-margin-b-2 u-margin-t-2 @lg:u-margin-b-0 @lg:u-margin-b-0\">\n<p>Depuis sa fondation,<em>\u00a0l\u2019Humanit\u00e9\u00a0<\/em>joue un r\u00f4le fondamental pour ses lectrices et lecteurs\u00a0: offrir \u00e0 chacune et chacun des informations les plus compl\u00e8tes et v\u00e9rifi\u00e9es possibles, afin de se forger une opinion libre et \u00e9clair\u00e9e sur le monde qui l\u2019entoure et participer \u00e0 sa transformation.<\/p>\n<\/div>\n<\/div>\n<div class=\"rich-text\">\n<div class=\"gs-row\">\n<div id=\"post-content\" class=\"u-width-100% gs-column\" data-poool=\"0\">\n<p>L\u2019information a un prix et notre ind\u00e9pendance vis-\u00e0-vis des puissances financi\u00e8res a un co\u00fbt. Nous ne pouvons compter que sur nous-m\u00eames et\u00a0<a href=\"https:\/\/www.humanite.fr\/donner-a-lhumanite\" target=\"_blank\" rel=\"noopener\">sur la communaut\u00e9 de nos lectrices et lecteurs<\/a>\u00a0pour garantir notre \u00e9quilibre financier, d\u00e9gager des pistes de financement de nos nouveaux projets, poursuivre notre plan de continuation et apurer nos dettes.<\/p>\n<h2 class=\"wp-block-heading\">Un cri d\u2019alerte<\/h2>\n<p>C\u2019est pourquoi, je lance aujourd\u2019hui un cri d\u2019alerte pour\u00a0<em>l\u2019Humanit\u00e9<\/em>\u00a0en appelant \u00e0 la mobilisation g\u00e9n\u00e9rale autour de notre titre. Nous devons r\u00e9unir un million d\u2019euros avant la fin du mois d\u2019ao\u00fbt pour faire face \u00e0 l\u2019explosion des co\u00fbts et frais externes (impression, distribution et postage) et au montage de la F\u00eate de l\u2019Humanit\u00e9. \u00c0 ce jour, nous n\u2019avons pas la tr\u00e9sorerie n\u00e9cessaire pour assurer le montage et la tenue de la F\u00eate de l\u2019Humanit\u00e9.<\/p>\n<p>Si votre mobilisation, particuli\u00e8rement active pendant l\u2019\u00e9t\u00e9, venait \u00e0 faiblir, nous pourrions \u00eatre mis en difficult\u00e9.<\/p>\n<p>La campagne de souscription \u00ab\u00a0Urgence pour l\u2019Humanit\u00e9\u00a0\u00bb doit vivre partout\u00a0: dans les mobilisations sociales et de solidarit\u00e9 internationale, aupr\u00e8s de nos lectrices et lecteurs avec nos CDH, aupr\u00e8s d\u2019un public large qui d\u00e9couvre nos contenus num\u00e9riques.<\/p>\n<h2 class=\"wp-block-heading\">Contrer ceux qui r\u00eavent de nous faire taire<\/h2>\n<p>Depuis trois ans, avec vous et l\u2019ensemble de nos \u00e9quipes, nous avons entam\u00e9 une r\u00e9volution num\u00e9rique\u00a0: un nouveau site internet, plus moderne et adapt\u00e9 \u00e0 notre \u00e9poque, le recrutement d\u2019une \u00e9quipe d\u00e9di\u00e9e \u00e0 la matinale, \u00e0 la vid\u00e9o et aux r\u00e9seaux sociaux, ainsi que la cr\u00e9ation de notre quatri\u00e8me m\u00e9dia, via Twitch, avec notamment notre studio et son \u00e9mission phare,\u00a0<em>\u00c7a ira<\/em>, politique et culturelle, ainsi qu\u2019une \u00e9mission f\u00e9ministe,\u00a0<em>le Torchon br\u00fble<\/em>, et une revue de presse internationale.<\/p>\n<p>Ces transformations portent leurs fruits\u00a0: nous stabilisons notre chiffre d\u2019affaires et, gr\u00e2ce \u00e0 votre soutien, nous avons franchi la barre des 40\u00a0000 abonn\u00e9s.<\/p>\n<p>Pour notre travail et nos r\u00e9v\u00e9lations, notamment sur l\u2019extr\u00eame droite, sur les grands groupes, ou encore notre couverture des conflits, nous sommes de plus en plus la cible d\u2019attaques, y compris judiciaires. Certains, bien aid\u00e9s par des forces du capital et de l\u2019extr\u00eame droite, r\u00eavent de nous faire taire et de nous voir dispara\u00eetre pour invisibiliser les combats que nous mettons \u00e0 la une.<\/p>\n<p>Dans un contexte politique et social br\u00fblant, marqu\u00e9 par des guerres aux quatre coins du globe, un g\u00e9nocide en cours \u00e0 Gaza, la mont\u00e9e d\u2019une internationale fascisante soutenue par un capitalisme 3.0, et la propagation fulgurante de fausses informations amplifi\u00e9es par des algorithmes puissants,\u00a0<em>l\u2019Humanit\u00e9\u00a0<\/em>est au rendez-vous, chaque jour, pour d\u00e9fendre la v\u00e9rit\u00e9 et la confrontation saine des id\u00e9es.<\/p>\n<p>Sans votre solidarit\u00e9 et votre attachement ind\u00e9fectible \u00e0 notre journal, notre groupe de presse, de communication et d\u2019\u00e9v\u00e9nementiel risque de graves difficult\u00e9s. Il y a urgence \u00e0 relayer cet appel tout en poursuivant le combat pour les abonnements, la diffusion des bons de soutien et notre transformation num\u00e9rique.<\/p>\n<p>Je compte sur vous.<\/p>\n<div class=\"after-last-p-element\"><img loading=\"lazy\" decoding=\"async\" class=\"alignnone size-full wp-image-5177\" src=\"https:\/\/pcbigouden.fr\/wp-content\/uploads\/2025\/06\/Fabien-Gay.webp\" alt=\"\" width=\"150\" height=\"150\" srcset=\"https:\/\/pcbigouden.fr\/wp-content\/uploads\/2025\/06\/Fabien-Gay.webp 150w, https:\/\/pcbigouden.fr\/wp-content\/uploads\/2025\/06\/Fabien-Gay-108x108.webp 108w\" sizes=\"auto, (max-width: 150px) 100vw, 150px\" \/><\/div>\n<div class=\"debater-component u-inline-flex u-margin-b-2\">\n<div class=\"u-flex-column u-margin-l-1 debater\">\n<p class=\"t-label-medium debater__name\">Fabien Gay &#8211; Directeur de l\u2019Humanit\u00e9<\/p>\n<\/div>\n<\/div>\n<div id=\"form_don\" class=\"wp-block-group\">\n<div class=\"wp-block-group__inner-container is-layout-constrained wp-block-group-is-layout-constrained\">\n<h2 class=\"wp-block-heading\">Le journal des intelligences libres<\/h2>\n<p>\u00ab C\u2019est par des informations \u00e9tendues et exactes que nous voudrions donner \u00e0 toutes les intelligences libres\u00a0<strong>le moyen de comprendre et de juger elles-m\u00eames les \u00e9v\u00e9nements du monde<\/strong>. \u00bb<br \/>\nTel \u00e9tait\u00a0<strong>\u00ab\u00a0Notre but\u00a0\u00bb<\/strong>, comme l\u2019\u00e9crivait Jean Jaur\u00e8s dans le premier \u00e9ditorial de l\u2019Humanit\u00e9.<br \/>\n<strong>120 ans plus tard, il n\u2019a pas chang\u00e9.<br \/>\nGr\u00e2ce \u00e0 vous.<\/strong><\/p>\n<p>Soutenez-nous\u00a0! Votre don sera d\u00e9fiscalis\u00e9\u00a0: donner 5\u20ac vous reviendra \u00e0 1.65\u20ac. Le prix d\u2019un caf\u00e9.<br \/>\n<a href=\"https:\/\/www.humanite.fr\/lhumanite-cest-vous\" target=\"_blank\" rel=\"noopener\">Je veux en savoir plus !<\/a><\/p>\n<div id=\"gform_wrapper_28\" class=\"gf_browser_chrome gform_wrapper gform-theme gform-theme--foundation gform-theme--framework gform-theme--orbital\" data-form-theme=\"orbital\" data-form-index=\"0\">\n<form id=\"gform_28\" action=\"https:\/\/www.humanite.fr\/medias\/fete-de-lhumanite-2025\/urgence-pour-lhumanite-votre-don-peut-tout-changer?utm_source=onesignal&amp;utm_medium=push&amp;utm_campaign=2025-06-12-\" enctype=\"multipart\/form-data\" method=\"post\" novalidate=\"\" data-formid=\"28\">\n<div><\/div>\n<\/form>\n<\/div>\n<\/div>\n<\/div>\n<\/div>\n<\/div>\n<\/div>\n<p>&nbsp;<\/p>\n","protected":false},"excerpt":{"rendered":"<p>Pour un\u00a0autre\u00a0regard\u00a0sur\u00a0l\u2019actualit\u00e9\u00a0politique, sociale, \u00e9conomique et culturelle en France et dans le monde L&rsquo;Humanit\u00e9, pour un autre regard sur l\u2019actualit\u00e9 en France et &#8230; Urgence pour l\u2019Humanit\u00e9 : votre don peut tout changer \u00c0 ce jour, nous n\u2019avons pas la tr\u00e9sorerie n\u00e9cessaire pour assurer le montage et la tenue de la F\u00eate de l\u2019Humanit\u00e9. Nous devons &hellip; <a href=\"https:\/\/pcbigouden.fr\/?p=5174\" class=\"more-link\">Continue reading <span class=\"screen-reader-text\">Aidons le journal l&rsquo;Humanit\u00e9 en difficult\u00e9 financi\u00e8re<\/span><\/a><\/p>\n","protected":false},"author":8,"featured_media":0,"comment_status":"open","ping_status":"closed","sticky":false,"template":"","format":"standard","meta":{"_jetpack_memberships_contains_paid_content":false,"footnotes":""},"categories":[7],"tags":[],"class_list":["post-5174","post","type-post","status-publish","format-standard","hentry","category-non-classe"],"yoast_head":"<!-- This site is optimized with the Yoast SEO plugin v27.5 - https:\/\/yoast.com\/product\/yoast-seo-wordpress\/ -->\n<title>Aidons le journal l&#039;Humanit\u00e9 en difficult\u00e9 financi\u00e8re - PCF Pays Bigouden<\/title>\n<meta name=\"robots\" content=\"index, follow, max-snippet:-1, max-image-preview:large, max-video-preview:-1\" \/>\n<link rel=\"canonical\" href=\"https:\/\/pcbigouden.fr\/?p=5174\" \/>\n<meta property=\"og:locale\" content=\"fr_FR\" \/>\n<meta property=\"og:type\" content=\"article\" \/>\n<meta property=\"og:title\" content=\"Aidons le journal l&#039;Humanit\u00e9 en difficult\u00e9 financi\u00e8re - PCF Pays Bigouden\" \/>\n<meta property=\"og:description\" content=\"Pour un\u00a0autre\u00a0regard\u00a0sur\u00a0l\u2019actualit\u00e9\u00a0politique, sociale, \u00e9conomique et culturelle en France et dans le monde L&rsquo;Humanit\u00e9, pour un autre regard sur l\u2019actualit\u00e9 en France et &#8230; Urgence pour l\u2019Humanit\u00e9 : votre don peut tout changer \u00c0 ce jour, nous n\u2019avons pas la tr\u00e9sorerie n\u00e9cessaire pour assurer le montage et la tenue de la F\u00eate de l\u2019Humanit\u00e9. Nous devons &hellip; Continue reading Aidons le journal l&rsquo;Humanit\u00e9 en difficult\u00e9 financi\u00e8re\" \/>\n<meta property=\"og:url\" content=\"https:\/\/pcbigouden.fr\/?p=5174\" \/>\n<meta property=\"og:site_name\" content=\"PCF Pays Bigouden\" \/>\n<meta property=\"article:published_time\" content=\"2025-06-12T21:35:55+00:00\" \/>\n<meta property=\"article:modified_time\" content=\"2025-06-21T07:11:03+00:00\" \/>\n<meta property=\"og:image\" content=\"https:\/\/pcbigouden.fr\/wp-content\/uploads\/2025\/06\/Fabien-Gay.webp\" \/>\n\t<meta property=\"og:image:width\" content=\"150\" \/>\n\t<meta property=\"og:image:height\" content=\"150\" \/>\n\t<meta property=\"og:image:type\" content=\"image\/webp\" \/>\n<meta name=\"author\" content=\"philarmor\" \/>\n<meta name=\"twitter:card\" content=\"summary_large_image\" \/>\n<meta name=\"twitter:label1\" content=\"\u00c9crit par\" \/>\n\t<meta name=\"twitter:data1\" content=\"philarmor\" \/>\n\t<meta name=\"twitter:label2\" content=\"Dur\u00e9e de lecture estim\u00e9e\" \/>\n\t<meta name=\"twitter:data2\" content=\"4 minutes\" \/>\n<script type=\"application\/ld+json\" class=\"yoast-schema-graph\">{\"@context\":\"https:\\\/\\\/schema.org\",\"@graph\":[{\"@type\":\"Article\",\"@id\":\"https:\\\/\\\/pcbigouden.fr\\\/?p=5174#article\",\"isPartOf\":{\"@id\":\"https:\\\/\\\/pcbigouden.fr\\\/?p=5174\"},\"author\":{\"name\":\"philarmor\",\"@id\":\"https:\\\/\\\/pcbigouden.fr\\\/#\\\/schema\\\/person\\\/db553cfd25f8e9e7ec7d3d2266b34e5e\"},\"headline\":\"Aidons le journal l&rsquo;Humanit\u00e9 en difficult\u00e9 financi\u00e8re\",\"datePublished\":\"2025-06-12T21:35:55+00:00\",\"dateModified\":\"2025-06-21T07:11:03+00:00\",\"mainEntityOfPage\":{\"@id\":\"https:\\\/\\\/pcbigouden.fr\\\/?p=5174\"},\"wordCount\":775,\"commentCount\":0,\"publisher\":{\"@id\":\"https:\\\/\\\/pcbigouden.fr\\\/#organization\"},\"image\":{\"@id\":\"https:\\\/\\\/pcbigouden.fr\\\/?p=5174#primaryimage\"},\"thumbnailUrl\":\"https:\\\/\\\/pcbigouden.fr\\\/wp-content\\\/uploads\\\/2025\\\/06\\\/Fabien-Gay.webp\",\"inLanguage\":\"fr-FR\",\"potentialAction\":[{\"@type\":\"CommentAction\",\"name\":\"Comment\",\"target\":[\"https:\\\/\\\/pcbigouden.fr\\\/?p=5174#respond\"]}]},{\"@type\":\"WebPage\",\"@id\":\"https:\\\/\\\/pcbigouden.fr\\\/?p=5174\",\"url\":\"https:\\\/\\\/pcbigouden.fr\\\/?p=5174\",\"name\":\"Aidons le journal l'Humanit\u00e9 en difficult\u00e9 financi\u00e8re - PCF Pays Bigouden\",\"isPartOf\":{\"@id\":\"https:\\\/\\\/pcbigouden.fr\\\/#website\"},\"primaryImageOfPage\":{\"@id\":\"https:\\\/\\\/pcbigouden.fr\\\/?p=5174#primaryimage\"},\"image\":{\"@id\":\"https:\\\/\\\/pcbigouden.fr\\\/?p=5174#primaryimage\"},\"thumbnailUrl\":\"https:\\\/\\\/pcbigouden.fr\\\/wp-content\\\/uploads\\\/2025\\\/06\\\/Fabien-Gay.webp\",\"datePublished\":\"2025-06-12T21:35:55+00:00\",\"dateModified\":\"2025-06-21T07:11:03+00:00\",\"breadcrumb\":{\"@id\":\"https:\\\/\\\/pcbigouden.fr\\\/?p=5174#breadcrumb\"},\"inLanguage\":\"fr-FR\",\"potentialAction\":[{\"@type\":\"ReadAction\",\"target\":[\"https:\\\/\\\/pcbigouden.fr\\\/?p=5174\"]}]},{\"@type\":\"ImageObject\",\"inLanguage\":\"fr-FR\",\"@id\":\"https:\\\/\\\/pcbigouden.fr\\\/?p=5174#primaryimage\",\"url\":\"https:\\\/\\\/pcbigouden.fr\\\/wp-content\\\/uploads\\\/2025\\\/06\\\/Fabien-Gay.webp\",\"contentUrl\":\"https:\\\/\\\/pcbigouden.fr\\\/wp-content\\\/uploads\\\/2025\\\/06\\\/Fabien-Gay.webp\",\"width\":150,\"height\":150},{\"@type\":\"BreadcrumbList\",\"@id\":\"https:\\\/\\\/pcbigouden.fr\\\/?p=5174#breadcrumb\",\"itemListElement\":[{\"@type\":\"ListItem\",\"position\":1,\"name\":\"Accueil\",\"item\":\"https:\\\/\\\/pcbigouden.fr\\\/\"},{\"@type\":\"ListItem\",\"position\":2,\"name\":\"Aidons le journal l&rsquo;Humanit\u00e9 en difficult\u00e9 financi\u00e8re\"}]},{\"@type\":\"WebSite\",\"@id\":\"https:\\\/\\\/pcbigouden.fr\\\/#website\",\"url\":\"https:\\\/\\\/pcbigouden.fr\\\/\",\"name\":\"PCF Pays Bigouden\",\"description\":\"Blog des communistes du Pays Bigouden\",\"publisher\":{\"@id\":\"https:\\\/\\\/pcbigouden.fr\\\/#organization\"},\"potentialAction\":[{\"@type\":\"SearchAction\",\"target\":{\"@type\":\"EntryPoint\",\"urlTemplate\":\"https:\\\/\\\/pcbigouden.fr\\\/?s={search_term_string}\"},\"query-input\":{\"@type\":\"PropertyValueSpecification\",\"valueRequired\":true,\"valueName\":\"search_term_string\"}}],\"inLanguage\":\"fr-FR\"},{\"@type\":\"Organization\",\"@id\":\"https:\\\/\\\/pcbigouden.fr\\\/#organization\",\"name\":\"Parti Communiste PCF Pays Bigouden\",\"url\":\"https:\\\/\\\/pcbigouden.fr\\\/\",\"logo\":{\"@type\":\"ImageObject\",\"inLanguage\":\"fr-FR\",\"@id\":\"https:\\\/\\\/pcbigouden.fr\\\/#\\\/schema\\\/logo\\\/image\\\/\",\"url\":\"https:\\\/\\\/pcbigouden.fr\\\/wp-content\\\/uploads\\\/2021\\\/10\\\/logoTB307x290.jpg\",\"contentUrl\":\"https:\\\/\\\/pcbigouden.fr\\\/wp-content\\\/uploads\\\/2021\\\/10\\\/logoTB307x290.jpg\",\"width\":307,\"height\":290,\"caption\":\"Parti Communiste PCF Pays Bigouden\"},\"image\":{\"@id\":\"https:\\\/\\\/pcbigouden.fr\\\/#\\\/schema\\\/logo\\\/image\\\/\"}},{\"@type\":\"Person\",\"@id\":\"https:\\\/\\\/pcbigouden.fr\\\/#\\\/schema\\\/person\\\/db553cfd25f8e9e7ec7d3d2266b34e5e\",\"name\":\"philarmor\",\"image\":{\"@type\":\"ImageObject\",\"inLanguage\":\"fr-FR\",\"@id\":\"https:\\\/\\\/secure.gravatar.com\\\/avatar\\\/d64b18fe41ef6147792f83422f86e16391f18bc76f91f5a4e59b9213ce0ab52c?s=96&d=mm&r=g\",\"url\":\"https:\\\/\\\/secure.gravatar.com\\\/avatar\\\/d64b18fe41ef6147792f83422f86e16391f18bc76f91f5a4e59b9213ce0ab52c?s=96&d=mm&r=g\",\"contentUrl\":\"https:\\\/\\\/secure.gravatar.com\\\/avatar\\\/d64b18fe41ef6147792f83422f86e16391f18bc76f91f5a4e59b9213ce0ab52c?s=96&d=mm&r=g\",\"caption\":\"philarmor\"},\"url\":\"https:\\\/\\\/pcbigouden.fr\\\/?author=8\"}]}<\/script>\n<!-- \/ Yoast SEO plugin. -->","yoast_head_json":{"title":"Aidons le journal l'Humanit\u00e9 en difficult\u00e9 financi\u00e8re - PCF Pays Bigouden","robots":{"index":"index","follow":"follow","max-snippet":"max-snippet:-1","max-image-preview":"max-image-preview:large","max-video-preview":"max-video-preview:-1"},"canonical":"https:\/\/pcbigouden.fr\/?p=5174","og_locale":"fr_FR","og_type":"article","og_title":"Aidons le journal l'Humanit\u00e9 en difficult\u00e9 financi\u00e8re - PCF Pays Bigouden","og_description":"Pour un\u00a0autre\u00a0regard\u00a0sur\u00a0l\u2019actualit\u00e9\u00a0politique, sociale, \u00e9conomique et culturelle en France et dans le monde L&rsquo;Humanit\u00e9, pour un autre regard sur l\u2019actualit\u00e9 en France et &#8230; Urgence pour l\u2019Humanit\u00e9 : votre don peut tout changer \u00c0 ce jour, nous n\u2019avons pas la tr\u00e9sorerie n\u00e9cessaire pour assurer le montage et la tenue de la F\u00eate de l\u2019Humanit\u00e9. Nous devons &hellip; Continue reading Aidons le journal l&rsquo;Humanit\u00e9 en difficult\u00e9 financi\u00e8re","og_url":"https:\/\/pcbigouden.fr\/?p=5174","og_site_name":"PCF Pays Bigouden","article_published_time":"2025-06-12T21:35:55+00:00","article_modified_time":"2025-06-21T07:11:03+00:00","og_image":[{"width":150,"height":150,"url":"https:\/\/pcbigouden.fr\/wp-content\/uploads\/2025\/06\/Fabien-Gay.webp","type":"image\/webp"}],"author":"philarmor","twitter_card":"summary_large_image","twitter_misc":{"\u00c9crit par":"philarmor","Dur\u00e9e de lecture estim\u00e9e":"4 minutes"},"schema":{"@context":"https:\/\/schema.org","@graph":[{"@type":"Article","@id":"https:\/\/pcbigouden.fr\/?p=5174#article","isPartOf":{"@id":"https:\/\/pcbigouden.fr\/?p=5174"},"author":{"name":"philarmor","@id":"https:\/\/pcbigouden.fr\/#\/schema\/person\/db553cfd25f8e9e7ec7d3d2266b34e5e"},"headline":"Aidons le journal l&rsquo;Humanit\u00e9 en difficult\u00e9 financi\u00e8re","datePublished":"2025-06-12T21:35:55+00:00","dateModified":"2025-06-21T07:11:03+00:00","mainEntityOfPage":{"@id":"https:\/\/pcbigouden.fr\/?p=5174"},"wordCount":775,"commentCount":0,"publisher":{"@id":"https:\/\/pcbigouden.fr\/#organization"},"image":{"@id":"https:\/\/pcbigouden.fr\/?p=5174#primaryimage"},"thumbnailUrl":"https:\/\/pcbigouden.fr\/wp-content\/uploads\/2025\/06\/Fabien-Gay.webp","inLanguage":"fr-FR","potentialAction":[{"@type":"CommentAction","name":"Comment","target":["https:\/\/pcbigouden.fr\/?p=5174#respond"]}]},{"@type":"WebPage","@id":"https:\/\/pcbigouden.fr\/?p=5174","url":"https:\/\/pcbigouden.fr\/?p=5174","name":"Aidons le journal l'Humanit\u00e9 en difficult\u00e9 financi\u00e8re - PCF Pays Bigouden","isPartOf":{"@id":"https:\/\/pcbigouden.fr\/#website"},"primaryImageOfPage":{"@id":"https:\/\/pcbigouden.fr\/?p=5174#primaryimage"},"image":{"@id":"https:\/\/pcbigouden.fr\/?p=5174#primaryimage"},"thumbnailUrl":"https:\/\/pcbigouden.fr\/wp-content\/uploads\/2025\/06\/Fabien-Gay.webp","datePublished":"2025-06-12T21:35:55+00:00","dateModified":"2025-06-21T07:11:03+00:00","breadcrumb":{"@id":"https:\/\/pcbigouden.fr\/?p=5174#breadcrumb"},"inLanguage":"fr-FR","potentialAction":[{"@type":"ReadAction","target":["https:\/\/pcbigouden.fr\/?p=5174"]}]},{"@type":"ImageObject","inLanguage":"fr-FR","@id":"https:\/\/pcbigouden.fr\/?p=5174#primaryimage","url":"https:\/\/pcbigouden.fr\/wp-content\/uploads\/2025\/06\/Fabien-Gay.webp","contentUrl":"https:\/\/pcbigouden.fr\/wp-content\/uploads\/2025\/06\/Fabien-Gay.webp","width":150,"height":150},{"@type":"BreadcrumbList","@id":"https:\/\/pcbigouden.fr\/?p=5174#breadcrumb","itemListElement":[{"@type":"ListItem","position":1,"name":"Accueil","item":"https:\/\/pcbigouden.fr\/"},{"@type":"ListItem","position":2,"name":"Aidons le journal l&rsquo;Humanit\u00e9 en difficult\u00e9 financi\u00e8re"}]},{"@type":"WebSite","@id":"https:\/\/pcbigouden.fr\/#website","url":"https:\/\/pcbigouden.fr\/","name":"PCF Pays Bigouden","description":"Blog des communistes du Pays Bigouden","publisher":{"@id":"https:\/\/pcbigouden.fr\/#organization"},"potentialAction":[{"@type":"SearchAction","target":{"@type":"EntryPoint","urlTemplate":"https:\/\/pcbigouden.fr\/?s={search_term_string}"},"query-input":{"@type":"PropertyValueSpecification","valueRequired":true,"valueName":"search_term_string"}}],"inLanguage":"fr-FR"},{"@type":"Organization","@id":"https:\/\/pcbigouden.fr\/#organization","name":"Parti Communiste PCF Pays Bigouden","url":"https:\/\/pcbigouden.fr\/","logo":{"@type":"ImageObject","inLanguage":"fr-FR","@id":"https:\/\/pcbigouden.fr\/#\/schema\/logo\/image\/","url":"https:\/\/pcbigouden.fr\/wp-content\/uploads\/2021\/10\/logoTB307x290.jpg","contentUrl":"https:\/\/pcbigouden.fr\/wp-content\/uploads\/2021\/10\/logoTB307x290.jpg","width":307,"height":290,"caption":"Parti Communiste PCF Pays Bigouden"},"image":{"@id":"https:\/\/pcbigouden.fr\/#\/schema\/logo\/image\/"}},{"@type":"Person","@id":"https:\/\/pcbigouden.fr\/#\/schema\/person\/db553cfd25f8e9e7ec7d3d2266b34e5e","name":"philarmor","image":{"@type":"ImageObject","inLanguage":"fr-FR","@id":"https:\/\/secure.gravatar.com\/avatar\/d64b18fe41ef6147792f83422f86e16391f18bc76f91f5a4e59b9213ce0ab52c?s=96&d=mm&r=g","url":"https:\/\/secure.gravatar.com\/avatar\/d64b18fe41ef6147792f83422f86e16391f18bc76f91f5a4e59b9213ce0ab52c?s=96&d=mm&r=g","contentUrl":"https:\/\/secure.gravatar.com\/avatar\/d64b18fe41ef6147792f83422f86e16391f18bc76f91f5a4e59b9213ce0ab52c?s=96&d=mm&r=g","caption":"philarmor"},"url":"https:\/\/pcbigouden.fr\/?author=8"}]}},"jetpack_featured_media_url":"","jetpack_sharing_enabled":true,"jetpack_likes_enabled":true,"_links":{"self":[{"href":"https:\/\/pcbigouden.fr\/index.php?rest_route=\/wp\/v2\/posts\/5174","targetHints":{"allow":["GET"]}}],"collection":[{"href":"https:\/\/pcbigouden.fr\/index.php?rest_route=\/wp\/v2\/posts"}],"about":[{"href":"https:\/\/pcbigouden.fr\/index.php?rest_route=\/wp\/v2\/types\/post"}],"author":[{"embeddable":true,"href":"https:\/\/pcbigouden.fr\/index.php?rest_route=\/wp\/v2\/users\/8"}],"replies":[{"embeddable":true,"href":"https:\/\/pcbigouden.fr\/index.php?rest_route=%2Fwp%2Fv2%2Fcomments&post=5174"}],"version-history":[{"count":5,"href":"https:\/\/pcbigouden.fr\/index.php?rest_route=\/wp\/v2\/posts\/5174\/revisions"}],"predecessor-version":[{"id":5183,"href":"https:\/\/pcbigouden.fr\/index.php?rest_route=\/wp\/v2\/posts\/5174\/revisions\/5183"}],"wp:attachment":[{"href":"https:\/\/pcbigouden.fr\/index.php?rest_route=%2Fwp%2Fv2%2Fmedia&parent=5174"}],"wp:term":[{"taxonomy":"category","embeddable":true,"href":"https:\/\/pcbigouden.fr\/index.php?rest_route=%2Fwp%2Fv2%2Fcategories&post=5174"},{"taxonomy":"post_tag","embeddable":true,"href":"https:\/\/pcbigouden.fr\/index.php?rest_route=%2Fwp%2Fv2%2Ftags&post=5174"}],"curies":[{"name":"wp","href":"https:\/\/api.w.org\/{rel}","templated":true}]}}