{"id":5158,"date":"2025-06-10T06:43:19","date_gmt":"2025-06-10T04:43:19","guid":{"rendered":"https:\/\/pcbigouden.fr\/?p=5158"},"modified":"2025-06-10T08:51:00","modified_gmt":"2025-06-10T06:51:00","slug":"quimper-pour-la-liberation-des-militants-de-la-flottille-de-la-liberte","status":"publish","type":"post","link":"https:\/\/pcbigouden.fr\/?p=5158","title":{"rendered":"Quimper pour la lib\u00e9ration des militants de la flottille de la libert\u00e9"},"content":{"rendered":"<p style=\"text-align: left;\"><span style=\"font-size: 14pt;\"><strong>Deux cents personnes se sont mobilis\u00e9es \u00e0 Quimper lundi 09 juin 2025, pour la lib\u00e9ration des militants de la flottille de la libert\u00e9 pour Gaza et la fin du g\u00e9nocide, la reconnaissance du droit \u00e0 l&rsquo;existence et \u00e0 la libert\u00e9 du peuple palestinien.\u00a0<\/strong><\/span><\/p>\n<div class=\"fb-video\" data-allowfullscreen=\"true\" data-href=\"https:\/\/www.facebook.com\/philippe.moreau.524\/videos\/1079362964100314\/\" style=\"background-color: #fff; display: inline-block;\"><\/div>\n<p>Intervention de Piero Rainero au nom de l&rsquo;AFPS (Association France &#8211; Palestine Solidarit\u00e9)<\/p>\n","protected":false},"excerpt":{"rendered":"<p>Deux cents personnes se sont mobilis\u00e9es \u00e0 Quimper lundi 09 juin 2025, pour la lib\u00e9ration des militants de la flottille de la libert\u00e9 pour Gaza et la fin du g\u00e9nocide, la reconnaissance du droit \u00e0 l&rsquo;existence et \u00e0 la libert\u00e9 du peuple palestinien.\u00a0 Intervention de Piero Rainero au nom de l&rsquo;AFPS (Association France &#8211; Palestine &hellip; <a href=\"https:\/\/pcbigouden.fr\/?p=5158\" class=\"more-link\">Continue reading <span class=\"screen-reader-text\">Quimper pour la lib\u00e9ration des militants de la flottille de la libert\u00e9<\/span><\/a><\/p>\n","protected":false},"author":8,"featured_media":0,"comment_status":"open","ping_status":"closed","sticky":false,"template":"","format":"standard","meta":{"_jetpack_memberships_contains_paid_content":false,"footnotes":""},"categories":[255],"tags":[],"class_list":["post-5158","post","type-post","status-publish","format-standard","hentry","category-gaza"],"yoast_head":"<!-- This site is optimized with the Yoast SEO plugin v27.5 - https:\/\/yoast.com\/product\/yoast-seo-wordpress\/ -->\n<title>Quimper pour la lib\u00e9ration des militants de la flottille de la libert\u00e9 - PCF Pays Bigouden<\/title>\n<meta name=\"robots\" content=\"index, follow, max-snippet:-1, max-image-preview:large, max-video-preview:-1\" \/>\n<link rel=\"canonical\" href=\"https:\/\/pcbigouden.fr\/?p=5158\" \/>\n<meta property=\"og:locale\" content=\"fr_FR\" \/>\n<meta property=\"og:type\" content=\"article\" \/>\n<meta property=\"og:title\" content=\"Quimper pour la lib\u00e9ration des militants de la flottille de la libert\u00e9 - PCF Pays Bigouden\" \/>\n<meta property=\"og:description\" content=\"Deux cents personnes se sont mobilis\u00e9es \u00e0 Quimper lundi 09 juin 2025, pour la lib\u00e9ration des militants de la flottille de la libert\u00e9 pour Gaza et la fin du g\u00e9nocide, la reconnaissance du droit \u00e0 l&rsquo;existence et \u00e0 la libert\u00e9 du peuple palestinien.\u00a0 Intervention de Piero Rainero au nom de l&rsquo;AFPS (Association France &#8211; Palestine &hellip; Continue reading Quimper pour la lib\u00e9ration des militants de la flottille de la libert\u00e9\" \/>\n<meta property=\"og:url\" content=\"https:\/\/pcbigouden.fr\/?p=5158\" \/>\n<meta property=\"og:site_name\" content=\"PCF Pays Bigouden\" \/>\n<meta property=\"article:published_time\" content=\"2025-06-10T04:43:19+00:00\" \/>\n<meta property=\"article:modified_time\" content=\"2025-06-10T06:51:00+00:00\" \/>\n<meta name=\"author\" content=\"philarmor\" \/>\n<meta name=\"twitter:card\" content=\"summary_large_image\" \/>\n<meta name=\"twitter:label1\" content=\"\u00c9crit par\" \/>\n\t<meta name=\"twitter:data1\" content=\"philarmor\" \/>\n<script type=\"application\/ld+json\" class=\"yoast-schema-graph\">{\"@context\":\"https:\\\/\\\/schema.org\",\"@graph\":[{\"@type\":\"Article\",\"@id\":\"https:\\\/\\\/pcbigouden.fr\\\/?p=5158#article\",\"isPartOf\":{\"@id\":\"https:\\\/\\\/pcbigouden.fr\\\/?p=5158\"},\"author\":{\"name\":\"philarmor\",\"@id\":\"https:\\\/\\\/pcbigouden.fr\\\/#\\\/schema\\\/person\\\/db553cfd25f8e9e7ec7d3d2266b34e5e\"},\"headline\":\"Quimper pour la lib\u00e9ration des militants de la flottille de la libert\u00e9\",\"datePublished\":\"2025-06-10T04:43:19+00:00\",\"dateModified\":\"2025-06-10T06:51:00+00:00\",\"mainEntityOfPage\":{\"@id\":\"https:\\\/\\\/pcbigouden.fr\\\/?p=5158\"},\"wordCount\":76,\"commentCount\":0,\"publisher\":{\"@id\":\"https:\\\/\\\/pcbigouden.fr\\\/#organization\"},\"articleSection\":[\"Palestine\"],\"inLanguage\":\"fr-FR\",\"potentialAction\":[{\"@type\":\"CommentAction\",\"name\":\"Comment\",\"target\":[\"https:\\\/\\\/pcbigouden.fr\\\/?p=5158#respond\"]}]},{\"@type\":\"WebPage\",\"@id\":\"https:\\\/\\\/pcbigouden.fr\\\/?p=5158\",\"url\":\"https:\\\/\\\/pcbigouden.fr\\\/?p=5158\",\"name\":\"Quimper pour la lib\u00e9ration des militants de la flottille de la libert\u00e9 - PCF Pays Bigouden\",\"isPartOf\":{\"@id\":\"https:\\\/\\\/pcbigouden.fr\\\/#website\"},\"datePublished\":\"2025-06-10T04:43:19+00:00\",\"dateModified\":\"2025-06-10T06:51:00+00:00\",\"breadcrumb\":{\"@id\":\"https:\\\/\\\/pcbigouden.fr\\\/?p=5158#breadcrumb\"},\"inLanguage\":\"fr-FR\",\"potentialAction\":[{\"@type\":\"ReadAction\",\"target\":[\"https:\\\/\\\/pcbigouden.fr\\\/?p=5158\"]}]},{\"@type\":\"BreadcrumbList\",\"@id\":\"https:\\\/\\\/pcbigouden.fr\\\/?p=5158#breadcrumb\",\"itemListElement\":[{\"@type\":\"ListItem\",\"position\":1,\"name\":\"Accueil\",\"item\":\"https:\\\/\\\/pcbigouden.fr\\\/\"},{\"@type\":\"ListItem\",\"position\":2,\"name\":\"Quimper pour la lib\u00e9ration des militants de la flottille de la libert\u00e9\"}]},{\"@type\":\"WebSite\",\"@id\":\"https:\\\/\\\/pcbigouden.fr\\\/#website\",\"url\":\"https:\\\/\\\/pcbigouden.fr\\\/\",\"name\":\"PCF Pays Bigouden\",\"description\":\"Blog des communistes du Pays Bigouden\",\"publisher\":{\"@id\":\"https:\\\/\\\/pcbigouden.fr\\\/#organization\"},\"potentialAction\":[{\"@type\":\"SearchAction\",\"target\":{\"@type\":\"EntryPoint\",\"urlTemplate\":\"https:\\\/\\\/pcbigouden.fr\\\/?s={search_term_string}\"},\"query-input\":{\"@type\":\"PropertyValueSpecification\",\"valueRequired\":true,\"valueName\":\"search_term_string\"}}],\"inLanguage\":\"fr-FR\"},{\"@type\":\"Organization\",\"@id\":\"https:\\\/\\\/pcbigouden.fr\\\/#organization\",\"name\":\"Parti Communiste PCF Pays Bigouden\",\"url\":\"https:\\\/\\\/pcbigouden.fr\\\/\",\"logo\":{\"@type\":\"ImageObject\",\"inLanguage\":\"fr-FR\",\"@id\":\"https:\\\/\\\/pcbigouden.fr\\\/#\\\/schema\\\/logo\\\/image\\\/\",\"url\":\"https:\\\/\\\/pcbigouden.fr\\\/wp-content\\\/uploads\\\/2021\\\/10\\\/logoTB307x290.jpg\",\"contentUrl\":\"https:\\\/\\\/pcbigouden.fr\\\/wp-content\\\/uploads\\\/2021\\\/10\\\/logoTB307x290.jpg\",\"width\":307,\"height\":290,\"caption\":\"Parti Communiste PCF Pays Bigouden\"},\"image\":{\"@id\":\"https:\\\/\\\/pcbigouden.fr\\\/#\\\/schema\\\/logo\\\/image\\\/\"}},{\"@type\":\"Person\",\"@id\":\"https:\\\/\\\/pcbigouden.fr\\\/#\\\/schema\\\/person\\\/db553cfd25f8e9e7ec7d3d2266b34e5e\",\"name\":\"philarmor\",\"image\":{\"@type\":\"ImageObject\",\"inLanguage\":\"fr-FR\",\"@id\":\"https:\\\/\\\/secure.gravatar.com\\\/avatar\\\/d64b18fe41ef6147792f83422f86e16391f18bc76f91f5a4e59b9213ce0ab52c?s=96&d=mm&r=g\",\"url\":\"https:\\\/\\\/secure.gravatar.com\\\/avatar\\\/d64b18fe41ef6147792f83422f86e16391f18bc76f91f5a4e59b9213ce0ab52c?s=96&d=mm&r=g\",\"contentUrl\":\"https:\\\/\\\/secure.gravatar.com\\\/avatar\\\/d64b18fe41ef6147792f83422f86e16391f18bc76f91f5a4e59b9213ce0ab52c?s=96&d=mm&r=g\",\"caption\":\"philarmor\"},\"url\":\"https:\\\/\\\/pcbigouden.fr\\\/?author=8\"}]}<\/script>\n<!-- \/ Yoast SEO plugin. -->","yoast_head_json":{"title":"Quimper pour la lib\u00e9ration des militants de la flottille de la libert\u00e9 - PCF Pays Bigouden","robots":{"index":"index","follow":"follow","max-snippet":"max-snippet:-1","max-image-preview":"max-image-preview:large","max-video-preview":"max-video-preview:-1"},"canonical":"https:\/\/pcbigouden.fr\/?p=5158","og_locale":"fr_FR","og_type":"article","og_title":"Quimper pour la lib\u00e9ration des militants de la flottille de la libert\u00e9 - PCF Pays Bigouden","og_description":"Deux cents personnes se sont mobilis\u00e9es \u00e0 Quimper lundi 09 juin 2025, pour la lib\u00e9ration des militants de la flottille de la libert\u00e9 pour Gaza et la fin du g\u00e9nocide, la reconnaissance du droit \u00e0 l&rsquo;existence et \u00e0 la libert\u00e9 du peuple palestinien.\u00a0 Intervention de Piero Rainero au nom de l&rsquo;AFPS (Association France &#8211; Palestine &hellip; Continue reading Quimper pour la lib\u00e9ration des militants de la flottille de la libert\u00e9","og_url":"https:\/\/pcbigouden.fr\/?p=5158","og_site_name":"PCF Pays Bigouden","article_published_time":"2025-06-10T04:43:19+00:00","article_modified_time":"2025-06-10T06:51:00+00:00","author":"philarmor","twitter_card":"summary_large_image","twitter_misc":{"\u00c9crit par":"philarmor"},"schema":{"@context":"https:\/\/schema.org","@graph":[{"@type":"Article","@id":"https:\/\/pcbigouden.fr\/?p=5158#article","isPartOf":{"@id":"https:\/\/pcbigouden.fr\/?p=5158"},"author":{"name":"philarmor","@id":"https:\/\/pcbigouden.fr\/#\/schema\/person\/db553cfd25f8e9e7ec7d3d2266b34e5e"},"headline":"Quimper pour la lib\u00e9ration des militants de la flottille de la libert\u00e9","datePublished":"2025-06-10T04:43:19+00:00","dateModified":"2025-06-10T06:51:00+00:00","mainEntityOfPage":{"@id":"https:\/\/pcbigouden.fr\/?p=5158"},"wordCount":76,"commentCount":0,"publisher":{"@id":"https:\/\/pcbigouden.fr\/#organization"},"articleSection":["Palestine"],"inLanguage":"fr-FR","potentialAction":[{"@type":"CommentAction","name":"Comment","target":["https:\/\/pcbigouden.fr\/?p=5158#respond"]}]},{"@type":"WebPage","@id":"https:\/\/pcbigouden.fr\/?p=5158","url":"https:\/\/pcbigouden.fr\/?p=5158","name":"Quimper pour la lib\u00e9ration des militants de la flottille de la libert\u00e9 - PCF Pays Bigouden","isPartOf":{"@id":"https:\/\/pcbigouden.fr\/#website"},"datePublished":"2025-06-10T04:43:19+00:00","dateModified":"2025-06-10T06:51:00+00:00","breadcrumb":{"@id":"https:\/\/pcbigouden.fr\/?p=5158#breadcrumb"},"inLanguage":"fr-FR","potentialAction":[{"@type":"ReadAction","target":["https:\/\/pcbigouden.fr\/?p=5158"]}]},{"@type":"BreadcrumbList","@id":"https:\/\/pcbigouden.fr\/?p=5158#breadcrumb","itemListElement":[{"@type":"ListItem","position":1,"name":"Accueil","item":"https:\/\/pcbigouden.fr\/"},{"@type":"ListItem","position":2,"name":"Quimper pour la lib\u00e9ration des militants de la flottille de la libert\u00e9"}]},{"@type":"WebSite","@id":"https:\/\/pcbigouden.fr\/#website","url":"https:\/\/pcbigouden.fr\/","name":"PCF Pays Bigouden","description":"Blog des communistes du Pays Bigouden","publisher":{"@id":"https:\/\/pcbigouden.fr\/#organization"},"potentialAction":[{"@type":"SearchAction","target":{"@type":"EntryPoint","urlTemplate":"https:\/\/pcbigouden.fr\/?s={search_term_string}"},"query-input":{"@type":"PropertyValueSpecification","valueRequired":true,"valueName":"search_term_string"}}],"inLanguage":"fr-FR"},{"@type":"Organization","@id":"https:\/\/pcbigouden.fr\/#organization","name":"Parti Communiste PCF Pays Bigouden","url":"https:\/\/pcbigouden.fr\/","logo":{"@type":"ImageObject","inLanguage":"fr-FR","@id":"https:\/\/pcbigouden.fr\/#\/schema\/logo\/image\/","url":"https:\/\/pcbigouden.fr\/wp-content\/uploads\/2021\/10\/logoTB307x290.jpg","contentUrl":"https:\/\/pcbigouden.fr\/wp-content\/uploads\/2021\/10\/logoTB307x290.jpg","width":307,"height":290,"caption":"Parti Communiste PCF Pays Bigouden"},"image":{"@id":"https:\/\/pcbigouden.fr\/#\/schema\/logo\/image\/"}},{"@type":"Person","@id":"https:\/\/pcbigouden.fr\/#\/schema\/person\/db553cfd25f8e9e7ec7d3d2266b34e5e","name":"philarmor","image":{"@type":"ImageObject","inLanguage":"fr-FR","@id":"https:\/\/secure.gravatar.com\/avatar\/d64b18fe41ef6147792f83422f86e16391f18bc76f91f5a4e59b9213ce0ab52c?s=96&d=mm&r=g","url":"https:\/\/secure.gravatar.com\/avatar\/d64b18fe41ef6147792f83422f86e16391f18bc76f91f5a4e59b9213ce0ab52c?s=96&d=mm&r=g","contentUrl":"https:\/\/secure.gravatar.com\/avatar\/d64b18fe41ef6147792f83422f86e16391f18bc76f91f5a4e59b9213ce0ab52c?s=96&d=mm&r=g","caption":"philarmor"},"url":"https:\/\/pcbigouden.fr\/?author=8"}]}},"jetpack_featured_media_url":"","jetpack_sharing_enabled":true,"jetpack_likes_enabled":true,"_links":{"self":[{"href":"https:\/\/pcbigouden.fr\/index.php?rest_route=\/wp\/v2\/posts\/5158","targetHints":{"allow":["GET"]}}],"collection":[{"href":"https:\/\/pcbigouden.fr\/index.php?rest_route=\/wp\/v2\/posts"}],"about":[{"href":"https:\/\/pcbigouden.fr\/index.php?rest_route=\/wp\/v2\/types\/post"}],"author":[{"embeddable":true,"href":"https:\/\/pcbigouden.fr\/index.php?rest_route=\/wp\/v2\/users\/8"}],"replies":[{"embeddable":true,"href":"https:\/\/pcbigouden.fr\/index.php?rest_route=%2Fwp%2Fv2%2Fcomments&post=5158"}],"version-history":[{"count":6,"href":"https:\/\/pcbigouden.fr\/index.php?rest_route=\/wp\/v2\/posts\/5158\/revisions"}],"predecessor-version":[{"id":5172,"href":"https:\/\/pcbigouden.fr\/index.php?rest_route=\/wp\/v2\/posts\/5158\/revisions\/5172"}],"wp:attachment":[{"href":"https:\/\/pcbigouden.fr\/index.php?rest_route=%2Fwp%2Fv2%2Fmedia&parent=5158"}],"wp:term":[{"taxonomy":"category","embeddable":true,"href":"https:\/\/pcbigouden.fr\/index.php?rest_route=%2Fwp%2Fv2%2Fcategories&post=5158"},{"taxonomy":"post_tag","embeddable":true,"href":"https:\/\/pcbigouden.fr\/index.php?rest_route=%2Fwp%2Fv2%2Ftags&post=5158"}],"curies":[{"name":"wp","href":"https:\/\/api.w.org\/{rel}","templated":true}]}}