{"id":5126,"date":"2025-06-02T10:02:56","date_gmt":"2025-06-02T08:02:56","guid":{"rendered":"https:\/\/pcbigouden.fr\/?p=5126"},"modified":"2025-10-26T12:09:17","modified_gmt":"2025-10-26T11:09:17","slug":"a-paris-un-gala-de-soutien-a-larmee-israelienne-rassemble-essayistes-et-journalistes-dextreme-droite-pour-rire-des-morts-a-gaza","status":"publish","type":"post","link":"https:\/\/pcbigouden.fr\/?p=5126","title":{"rendered":"\u00c0 Paris, un gala de soutien \u00e0 l&rsquo;arm\u00e9e isra\u00e9lienne rassemble essayistes et journalistes d&rsquo;extr\u00eame droite pour rire des morts \u00e0 Gaza"},"content":{"rendered":"<div class=\"bg-grey-blue u-relative single__hero\">\n<div class=\"gs-container\">\n<div class=\"gs-row\">\n<h1 class=\"t-article-h1 u-margin-b-6 c-red gs-column @sm:gs-column-8 @lg:gs-column-10 @wd:gs-column-8 u-centered-on-x u-block t-align-center\"><span style=\"font-size: 14pt;\">Un \u00e9v\u00e9nement de soutien \u00e0 l\u2019arm\u00e9e isra\u00e9lienne a eu lieu le 27 mai en pr\u00e9sence de figures m\u00e9diatiques et<\/span><span style=\"font-size: 14pt;\"> politiques fran\u00e7aises. Le d\u00e9put\u00e9 LFI Aymeric Caron a saisi le parquet pour apologie de crimes de guerre. La justice suivra-t-elle ?<\/span><\/h1>\n<\/div>\n<\/div>\n<\/div>\n<p><!--more--><\/p>\n<div class=\"single__content gs-container\">\n<div class=\"gs-row\">\n<div class=\"@lg:gs-column-8\">\n<article class=\"single__content__text\">\n<div class=\"single__content__text__reverse u-flex-column\">\n<div class=\"single__content__text__published u-align-items-center c-purple t-label-medium u-flex-row u-margin-b-1\"><span class=\"u-hidden @lg:u-flex t-label-medium\">Publi\u00e9 dans le journal l&rsquo;Humanit\u00e9 le 1 juin 2025<\/span><\/div>\n<div class=\"u-flex-column @lg:u-flex-row u-margin-t-3 u-justify-content-space-between @lg:u-margin-b-3\">\n<div class=\"single__author c-black u-justify-content-start u-align-items-center u-flex-row\"><a class=\" u-flex-row c-black single__author__infos\" href=\"https:\/\/www.humanite.fr\/auteur\/latifa-madani\"><span class=\"single__author__name t-label-underline c-purple t-align-center u-flex u-align-items-center\">Latifa Madani<\/span><\/a><\/div>\n<\/div>\n<\/div>\n<div class=\"single__thumbnail\">\n<div class=\"single__thumbnail__img\">\n<figure class=\"wp-block-image size-large wp-lightbox-container\" data-wp-context=\"{&quot;imageId&quot;:&quot;683d584e2d2d7&quot;}\" data-wp-interactive=\"core\/image\"><img loading=\"lazy\" decoding=\"async\" class=\"wp-image-2950350 aligncenter\" src=\"https:\/\/www.humanite.fr\/wp-content\/uploads\/2025\/06\/p8-ddf_LUN.jpg?w=1200\" alt=\"\" width=\"375\" height=\"250\" data-wp-class--hide=\"state.isContentHidden\" data-wp-class--show=\"state.isContentVisible\" data-wp-init=\"callbacks.setButtonStyles\" data-wp-on-async--click=\"actions.showLightbox\" data-wp-on-async--load=\"callbacks.setButtonStyles\" data-wp-on-async-window--resize=\"callbacks.setButtonStyles\" \/><button class=\"lightbox-trigger\" type=\"button\" aria-haspopup=\"dialog\" aria-label=\"Agrandir l\u2018image\" data-wp-init=\"callbacks.initTriggerButton\" data-wp-on-async--click=\"actions.showLightbox\" data-wp-style--right=\"state.imageButtonRight\" data-wp-style--top=\"state.imageButtonTop\"><\/button><figcaption class=\"wp-element-caption\">Laurence Ferrari et l&rsquo;organisateur du gala des Diaspora Defense Forces Franck Tapiro \u00e0 Pariq , le 27 mai 2025.<br \/>\n\u00a9 Rachid Bellak \/ Bestimage<\/figcaption><\/figure>\n<\/div>\n<\/div>\n<div class=\"rich-text\">\n<div class=\"gs-row\">\n<div id=\"post-content\" class=\"u-width-100% gs-column\" data-poool=\"0\">\n<p>Imaginez un quiz dont la question est\u00a0:\u00a0<em>\u00ab\u00a0Depuis le d\u00e9but de la guerre, si 55\u00a0000 personnes sont mortes \u00e0 Gaza, dont 55\u00a0% de civils, \u00e7a fait combien de Gazaouis qui sont morts\u00a0? 10,5\u00a0%, 24,6\u00a0%, 1,3\u00a0% ou 5,5\u00a0%\u00a0? Quel est le bon chiffre\u00a0?\u00a0\u00bb.<\/em>\u00a0Sur l\u2019\u00e9cran o\u00f9 figure le graphique, le chrono d\u00e9file, le suspense est \u00e0 son comble. Qui va trouver la bonne r\u00e9ponse pour \u00eatre l\u2019heureux gagnant\u00a0?<\/p>\n<p>L\u2019ambiance est festive. L\u2019animatrice\u00a0<a href=\"https:\/\/www.humanite.fr\/social-et-economie\/allocation-de-rentree-scolaire\/rentree-scolaire-600-balles-pour-acheter-un-survet-adidas-vraiment\" target=\"_blank\" rel=\"noopener\">Barbara Lef\u00e8bvre, chroniqueuse \u00e0 RMC<\/a>, pr\u00e9cise, avec une pointe d\u2019ironie,\u00a0<em>\u00ab\u00a0On compte les civils morts, on ne parle pas des terroristes du Hamas\u00a0\u00bb<\/em>. Ce jeu gla\u00e7ant n\u2019est pas imaginaire. On a cru \u00e0 une fake news.<\/p>\n<p>H\u00e9las non. Il s\u2019est d\u00e9roul\u00e9, sous les applaudissements du public, le 27\u00a0mai, au salon Hoche \u00e0 Paris, lors du premier gala des Diaspora Defense Forces (DDF), une organisation qui se pr\u00e9sente comme\u00a0<em>\u00ab\u00a0une arm\u00e9e citoyenne de d\u00e9fense de la communaut\u00e9 juive en diaspora et en Isra\u00ebl \u00e0 l\u2019\u00e9chelle mondiale, d\u00e9termin\u00e9e \u00e0 gagner la guerre de la communication et le combat pour la v\u00e9rit\u00e9 sur Isra\u00ebl\u00a0\u00bb<\/em>.<\/p>\n<h2 class=\"wp-block-heading\">Bernard-Henri L\u00e9vy, Enrico Macias, Arthur ou encore C\u00e9line Pina parmi les convives<\/h2>\n<p>Parrain\u00e9 par Olivier Rafowicz, le m\u00e9diatique porte-parole de l\u2019arm\u00e9e isra\u00e9lienne, ovationn\u00e9 lorsqu\u2019il est apparu en direct sur un \u00e9cran, le gala \u00e9tait orchestr\u00e9 par\u00a0le c\u00e9l\u00e8bre publiciste Frank Tapiro, leveur de fonds pour la cause. \u00c0 ses c\u00f4t\u00e9s, la chroniqueuse Barbara Lef\u00e8bvre qui, le 31\u00a0mai \u00e0 l\u2019antenne, appelait \u00e0\u00a0<em>\u00ab\u00a0vider la bande de Gaza et \u00e0 la transformer en zone vierge\u00a0\u00bb<\/em>, car, selon elle,\u00a0<em>\u00ab\u00a0les civils \u00e0 Gaza sont autant responsables que les membres du Hamas et du Jihad islamique\u00a0\u00bb<\/em>.<\/p>\n<p>Des personnalit\u00e9s fran\u00e7aises du monde des m\u00e9dias et des affaires, des artistes et des politiques \u00e9taient invit\u00e9s aux festivit\u00e9s. Parmi eux Bernard-Henri L\u00e9vy, Enrico Macias, l\u2019animateur Arthur, l\u2019acteur Philippe Lellouche, l\u2019essayiste C\u00e9line Pina, l\u2019homme politique Amine El Khatmi, cofondateur du Printemps r\u00e9publicain. La d\u00e9put\u00e9e des\u00a0Fran\u00e7ais de l\u2019\u00e9tranger Caroline Yadan, mais aussi Astrid Panosyan-Bouvet, avant sa nomination comme ministre du Travail, avaient particip\u00e9, elles, \u00e0 des conf\u00e9rences organis\u00e9es par l\u2019association DDF.<\/p>\n<div id=\"engage-article-par-5\"><\/div>\n<p>Comment comprendre et admettre que de tels \u00e9v\u00e9nements se d\u00e9roulent sur le territoire fran\u00e7ais, au moment o\u00f9 de plus en plus de voix s\u2019\u00e9l\u00e8vent enfin contre ce qui est reconnu comme un g\u00e9nocide et alors m\u00eame que le pr\u00e9sident fran\u00e7ais, Emmanuel Macron, s\u2019efforce d\u2019avancer sur\u00a0<a href=\"https:\/\/www.humanite.fr\/monde\/bande-de-gaza\/guerre-a-gaza-macron-pose-les-conditions-de-la-reconnaissance-de-la-palestine-israel-dit-qu-il-est-temps-dentrer-avec-toute-la-force-necessaire-dans-l\" target=\"_blank\" rel=\"noopener\">la reconnaissance d\u2019un \u00c9tat palestinien<\/a>\u00a0et pour que cesse le massacre en cours \u00e0 Gaza\u00a0?<\/p>\n<p>Au cours de ce gala, Laurence Ferrari de CNews et Franz-Olivier Giesbert\u00a0ont \u00e9t\u00e9 d\u00e9cor\u00e9s du prix dit des justes, r\u00e9compens\u00e9s pour<em>\u00a0\u00ab\u00a0leur fervent soutien \u00e0 Isra\u00ebl et \u00e0 la diaspora\u00a0\u00bb<\/em>. La\u00a0journaliste embl\u00e9matique de l\u2019empire Bollor\u00e9 affirmait le 22\u00a0mai, dans un de ses \u00e9ditoriaux sur CNews\u00a0:<em>\u00a0\u00ab\u00a0Les opposants d\u2019Isra\u00ebl sont aujourd\u2019hui la pire caution des terroristes.\u00a0\u00bb<\/em><\/p>\n<div class=\"seealso-component u-relative u-flex-column u-align-items-center u-margin-b-4 u-margin-t-6 @lg:u-margin-b-8 @lg:u-margin-t-8\">\n<p><span class=\"u-absolute u-width-100% t-header-medium t-align-center c-red seealso-component__title\">Sur le m\u00eame th\u00e8me<\/span><\/p>\n<div class=\"seealso-component__content u-flex-column @lg:u-flex-row @lg:u-align-items-start u-justify-content-space-between\">\n<p><a class=\"same-theme\" href=\"https:\/\/www.humanite.fr\/medias\/armee-israelienne\/on-a-affaire-a-un-naufrage-persistant-de-la-plupart-des-medias-dominants-comment-les-journaux-francais-couvrent-la-guerre-a-gaza\" target=\"_blank\" rel=\"noopener\" data-slug=\"on-a-affaire-a-un-naufrage-persistant-de-la-plupart-des-medias-dominants-comment-les-journaux-francais-couvrent-la-guerre-a-gaza\"><img loading=\"lazy\" decoding=\"async\" class=\"aligncenter\" src=\"https:\/\/www.humanite.fr\/wp-content\/uploads\/2024\/12\/gaza-3_HD1Mon.jpg?w=300\" sizes=\"auto, (max-width: 300px) 100vw, 300px\" srcset=\"https:\/\/www.humanite.fr\/wp-content\/uploads\/2024\/12\/gaza-3_HD1Mon.jpg 1500w, https:\/\/www.humanite.fr\/wp-content\/uploads\/2024\/12\/gaza-3_HD1Mon.jpg?resize=300,193 300w, https:\/\/www.humanite.fr\/wp-content\/uploads\/2024\/12\/gaza-3_HD1Mon.jpg?resize=768,494 768w, https:\/\/www.humanite.fr\/wp-content\/uploads\/2024\/12\/gaza-3_HD1Mon.jpg?resize=1200,771 1200w, https:\/\/www.humanite.fr\/wp-content\/uploads\/2024\/12\/gaza-3_HD1Mon.jpg?resize=60,39 60w\" alt=\"\" width=\"388\" height=\"250\" \/><\/a><\/p>\n<div class=\"u-flex-row u-justify-content-space-between u-width-100% seealso-component__content__text u-align-items-center @lg:u-margin-t-0 u-margin-t-1\">\n<p class=\"u-margin-b-0 t-article-h3 c-purple\">\u00ab\u00a0On a affaire \u00e0 un naufrage persistant de la plupart des m\u00e9dias dominants \u00bb : comment les journaux fran\u00e7ais couvrent la guerre \u00e0 Gaza<\/p>\n<\/div>\n<\/div>\n<\/div>\n<p>L\u2019\u00e9v\u00e9nement a suscit\u00e9 bien s\u00fbr de vives r\u00e9actions d\u2019\u00e9motion et d\u2019indignation. Le d\u00e9put\u00e9 LFI Aymeric Caron a annonc\u00e9 le 30\u00a0mai sa d\u00e9cision de saisir la procureure de la R\u00e9publique de Paris. Il consid\u00e8re que le gala rel\u00e8ve de\u00a0<em>\u00ab\u00a0l\u2019apologie de crimes d\u2019atteinte \u00e0 la vie, apologie de crimes de guerre, apologie de crimes contre l\u2019humanit\u00e9, voire complicit\u00e9 desdits crimes\u00a0\u00bb<\/em>.<\/p>\n<\/div>\n<\/div>\n<\/div>\n<\/article>\n<\/div>\n<\/div>\n<\/div>\n","protected":false},"excerpt":{"rendered":"<p>Un \u00e9v\u00e9nement de soutien \u00e0 l\u2019arm\u00e9e isra\u00e9lienne a eu lieu le 27 mai en pr\u00e9sence de figures m\u00e9diatiques et politiques fran\u00e7aises. Le d\u00e9put\u00e9 LFI Aymeric Caron a saisi le parquet pour apologie de crimes de guerre. La justice suivra-t-elle ?<\/p>\n","protected":false},"author":8,"featured_media":0,"comment_status":"open","ping_status":"closed","sticky":false,"template":"","format":"standard","meta":{"_jetpack_memberships_contains_paid_content":false,"footnotes":""},"categories":[285,255],"tags":[],"class_list":["post-5126","post","type-post","status-publish","format-standard","hentry","category-exteme-droite","category-gaza"],"yoast_head":"<!-- This site is optimized with the Yoast SEO plugin v27.5 - https:\/\/yoast.com\/product\/yoast-seo-wordpress\/ -->\n<title>\u00c0 Paris, un gala de soutien \u00e0 l&#039;arm\u00e9e isra\u00e9lienne rassemble essayistes et journalistes d&#039;extr\u00eame droite pour rire des morts \u00e0 Gaza - PCF Pays Bigouden<\/title>\n<meta name=\"robots\" content=\"index, follow, max-snippet:-1, max-image-preview:large, max-video-preview:-1\" \/>\n<link rel=\"canonical\" href=\"https:\/\/pcbigouden.fr\/?p=5126\" \/>\n<meta property=\"og:locale\" content=\"fr_FR\" \/>\n<meta property=\"og:type\" content=\"article\" \/>\n<meta property=\"og:title\" content=\"\u00c0 Paris, un gala de soutien \u00e0 l&#039;arm\u00e9e isra\u00e9lienne rassemble essayistes et journalistes d&#039;extr\u00eame droite pour rire des morts \u00e0 Gaza - PCF Pays Bigouden\" \/>\n<meta property=\"og:description\" content=\"Un \u00e9v\u00e9nement de soutien \u00e0 l\u2019arm\u00e9e isra\u00e9lienne a eu lieu le 27 mai en pr\u00e9sence de figures m\u00e9diatiques et politiques fran\u00e7aises. Le d\u00e9put\u00e9 LFI Aymeric Caron a saisi le parquet pour apologie de crimes de guerre. La justice suivra-t-elle ?\" \/>\n<meta property=\"og:url\" content=\"https:\/\/pcbigouden.fr\/?p=5126\" \/>\n<meta property=\"og:site_name\" content=\"PCF Pays Bigouden\" \/>\n<meta property=\"article:published_time\" content=\"2025-06-02T08:02:56+00:00\" \/>\n<meta property=\"article:modified_time\" content=\"2025-10-26T11:09:17+00:00\" \/>\n<meta name=\"author\" content=\"philarmor\" \/>\n<meta name=\"twitter:card\" content=\"summary_large_image\" \/>\n<meta name=\"twitter:label1\" content=\"\u00c9crit par\" \/>\n\t<meta name=\"twitter:data1\" content=\"philarmor\" \/>\n\t<meta name=\"twitter:label2\" content=\"Dur\u00e9e de lecture estim\u00e9e\" \/>\n\t<meta name=\"twitter:data2\" content=\"3 minutes\" \/>\n<script type=\"application\/ld+json\" class=\"yoast-schema-graph\">{\"@context\":\"https:\\\/\\\/schema.org\",\"@graph\":[{\"@type\":\"Article\",\"@id\":\"https:\\\/\\\/pcbigouden.fr\\\/?p=5126#article\",\"isPartOf\":{\"@id\":\"https:\\\/\\\/pcbigouden.fr\\\/?p=5126\"},\"author\":{\"name\":\"philarmor\",\"@id\":\"https:\\\/\\\/pcbigouden.fr\\\/#\\\/schema\\\/person\\\/db553cfd25f8e9e7ec7d3d2266b34e5e\"},\"headline\":\"\u00c0 Paris, un gala de soutien \u00e0 l&rsquo;arm\u00e9e isra\u00e9lienne rassemble essayistes et journalistes d&rsquo;extr\u00eame droite pour rire des morts \u00e0 Gaza\",\"datePublished\":\"2025-06-02T08:02:56+00:00\",\"dateModified\":\"2025-10-26T11:09:17+00:00\",\"mainEntityOfPage\":{\"@id\":\"https:\\\/\\\/pcbigouden.fr\\\/?p=5126\"},\"wordCount\":705,\"commentCount\":0,\"publisher\":{\"@id\":\"https:\\\/\\\/pcbigouden.fr\\\/#organization\"},\"image\":{\"@id\":\"https:\\\/\\\/pcbigouden.fr\\\/?p=5126#primaryimage\"},\"thumbnailUrl\":\"https:\\\/\\\/www.humanite.fr\\\/wp-content\\\/uploads\\\/2025\\\/06\\\/p8-ddf_LUN.jpg?w=1200\",\"articleSection\":[\"Ext\u00eame droite\",\"Palestine\"],\"inLanguage\":\"fr-FR\",\"potentialAction\":[{\"@type\":\"CommentAction\",\"name\":\"Comment\",\"target\":[\"https:\\\/\\\/pcbigouden.fr\\\/?p=5126#respond\"]}]},{\"@type\":\"WebPage\",\"@id\":\"https:\\\/\\\/pcbigouden.fr\\\/?p=5126\",\"url\":\"https:\\\/\\\/pcbigouden.fr\\\/?p=5126\",\"name\":\"\u00c0 Paris, un gala de soutien \u00e0 l'arm\u00e9e isra\u00e9lienne rassemble essayistes et journalistes d'extr\u00eame droite pour rire des morts \u00e0 Gaza - PCF Pays Bigouden\",\"isPartOf\":{\"@id\":\"https:\\\/\\\/pcbigouden.fr\\\/#website\"},\"primaryImageOfPage\":{\"@id\":\"https:\\\/\\\/pcbigouden.fr\\\/?p=5126#primaryimage\"},\"image\":{\"@id\":\"https:\\\/\\\/pcbigouden.fr\\\/?p=5126#primaryimage\"},\"thumbnailUrl\":\"https:\\\/\\\/www.humanite.fr\\\/wp-content\\\/uploads\\\/2025\\\/06\\\/p8-ddf_LUN.jpg?w=1200\",\"datePublished\":\"2025-06-02T08:02:56+00:00\",\"dateModified\":\"2025-10-26T11:09:17+00:00\",\"breadcrumb\":{\"@id\":\"https:\\\/\\\/pcbigouden.fr\\\/?p=5126#breadcrumb\"},\"inLanguage\":\"fr-FR\",\"potentialAction\":[{\"@type\":\"ReadAction\",\"target\":[\"https:\\\/\\\/pcbigouden.fr\\\/?p=5126\"]}]},{\"@type\":\"ImageObject\",\"inLanguage\":\"fr-FR\",\"@id\":\"https:\\\/\\\/pcbigouden.fr\\\/?p=5126#primaryimage\",\"url\":\"https:\\\/\\\/www.humanite.fr\\\/wp-content\\\/uploads\\\/2025\\\/06\\\/p8-ddf_LUN.jpg?w=1200\",\"contentUrl\":\"https:\\\/\\\/www.humanite.fr\\\/wp-content\\\/uploads\\\/2025\\\/06\\\/p8-ddf_LUN.jpg?w=1200\"},{\"@type\":\"BreadcrumbList\",\"@id\":\"https:\\\/\\\/pcbigouden.fr\\\/?p=5126#breadcrumb\",\"itemListElement\":[{\"@type\":\"ListItem\",\"position\":1,\"name\":\"Accueil\",\"item\":\"https:\\\/\\\/pcbigouden.fr\\\/\"},{\"@type\":\"ListItem\",\"position\":2,\"name\":\"\u00c0 Paris, un gala de soutien \u00e0 l&rsquo;arm\u00e9e isra\u00e9lienne rassemble essayistes et journalistes d&rsquo;extr\u00eame droite pour rire des morts \u00e0 Gaza\"}]},{\"@type\":\"WebSite\",\"@id\":\"https:\\\/\\\/pcbigouden.fr\\\/#website\",\"url\":\"https:\\\/\\\/pcbigouden.fr\\\/\",\"name\":\"PCF Pays Bigouden\",\"description\":\"Blog des communistes du Pays Bigouden\",\"publisher\":{\"@id\":\"https:\\\/\\\/pcbigouden.fr\\\/#organization\"},\"potentialAction\":[{\"@type\":\"SearchAction\",\"target\":{\"@type\":\"EntryPoint\",\"urlTemplate\":\"https:\\\/\\\/pcbigouden.fr\\\/?s={search_term_string}\"},\"query-input\":{\"@type\":\"PropertyValueSpecification\",\"valueRequired\":true,\"valueName\":\"search_term_string\"}}],\"inLanguage\":\"fr-FR\"},{\"@type\":\"Organization\",\"@id\":\"https:\\\/\\\/pcbigouden.fr\\\/#organization\",\"name\":\"Parti Communiste PCF Pays Bigouden\",\"url\":\"https:\\\/\\\/pcbigouden.fr\\\/\",\"logo\":{\"@type\":\"ImageObject\",\"inLanguage\":\"fr-FR\",\"@id\":\"https:\\\/\\\/pcbigouden.fr\\\/#\\\/schema\\\/logo\\\/image\\\/\",\"url\":\"https:\\\/\\\/pcbigouden.fr\\\/wp-content\\\/uploads\\\/2021\\\/10\\\/logoTB307x290.jpg\",\"contentUrl\":\"https:\\\/\\\/pcbigouden.fr\\\/wp-content\\\/uploads\\\/2021\\\/10\\\/logoTB307x290.jpg\",\"width\":307,\"height\":290,\"caption\":\"Parti Communiste PCF Pays Bigouden\"},\"image\":{\"@id\":\"https:\\\/\\\/pcbigouden.fr\\\/#\\\/schema\\\/logo\\\/image\\\/\"}},{\"@type\":\"Person\",\"@id\":\"https:\\\/\\\/pcbigouden.fr\\\/#\\\/schema\\\/person\\\/db553cfd25f8e9e7ec7d3d2266b34e5e\",\"name\":\"philarmor\",\"image\":{\"@type\":\"ImageObject\",\"inLanguage\":\"fr-FR\",\"@id\":\"https:\\\/\\\/secure.gravatar.com\\\/avatar\\\/d64b18fe41ef6147792f83422f86e16391f18bc76f91f5a4e59b9213ce0ab52c?s=96&d=mm&r=g\",\"url\":\"https:\\\/\\\/secure.gravatar.com\\\/avatar\\\/d64b18fe41ef6147792f83422f86e16391f18bc76f91f5a4e59b9213ce0ab52c?s=96&d=mm&r=g\",\"contentUrl\":\"https:\\\/\\\/secure.gravatar.com\\\/avatar\\\/d64b18fe41ef6147792f83422f86e16391f18bc76f91f5a4e59b9213ce0ab52c?s=96&d=mm&r=g\",\"caption\":\"philarmor\"},\"url\":\"https:\\\/\\\/pcbigouden.fr\\\/?author=8\"}]}<\/script>\n<!-- \/ Yoast SEO plugin. -->","yoast_head_json":{"title":"\u00c0 Paris, un gala de soutien \u00e0 l'arm\u00e9e isra\u00e9lienne rassemble essayistes et journalistes d'extr\u00eame droite pour rire des morts \u00e0 Gaza - PCF Pays Bigouden","robots":{"index":"index","follow":"follow","max-snippet":"max-snippet:-1","max-image-preview":"max-image-preview:large","max-video-preview":"max-video-preview:-1"},"canonical":"https:\/\/pcbigouden.fr\/?p=5126","og_locale":"fr_FR","og_type":"article","og_title":"\u00c0 Paris, un gala de soutien \u00e0 l'arm\u00e9e isra\u00e9lienne rassemble essayistes et journalistes d'extr\u00eame droite pour rire des morts \u00e0 Gaza - PCF Pays Bigouden","og_description":"Un \u00e9v\u00e9nement de soutien \u00e0 l\u2019arm\u00e9e isra\u00e9lienne a eu lieu le 27 mai en pr\u00e9sence de figures m\u00e9diatiques et politiques fran\u00e7aises. Le d\u00e9put\u00e9 LFI Aymeric Caron a saisi le parquet pour apologie de crimes de guerre. La justice suivra-t-elle ?","og_url":"https:\/\/pcbigouden.fr\/?p=5126","og_site_name":"PCF Pays Bigouden","article_published_time":"2025-06-02T08:02:56+00:00","article_modified_time":"2025-10-26T11:09:17+00:00","author":"philarmor","twitter_card":"summary_large_image","twitter_misc":{"\u00c9crit par":"philarmor","Dur\u00e9e de lecture estim\u00e9e":"3 minutes"},"schema":{"@context":"https:\/\/schema.org","@graph":[{"@type":"Article","@id":"https:\/\/pcbigouden.fr\/?p=5126#article","isPartOf":{"@id":"https:\/\/pcbigouden.fr\/?p=5126"},"author":{"name":"philarmor","@id":"https:\/\/pcbigouden.fr\/#\/schema\/person\/db553cfd25f8e9e7ec7d3d2266b34e5e"},"headline":"\u00c0 Paris, un gala de soutien \u00e0 l&rsquo;arm\u00e9e isra\u00e9lienne rassemble essayistes et journalistes d&rsquo;extr\u00eame droite pour rire des morts \u00e0 Gaza","datePublished":"2025-06-02T08:02:56+00:00","dateModified":"2025-10-26T11:09:17+00:00","mainEntityOfPage":{"@id":"https:\/\/pcbigouden.fr\/?p=5126"},"wordCount":705,"commentCount":0,"publisher":{"@id":"https:\/\/pcbigouden.fr\/#organization"},"image":{"@id":"https:\/\/pcbigouden.fr\/?p=5126#primaryimage"},"thumbnailUrl":"https:\/\/www.humanite.fr\/wp-content\/uploads\/2025\/06\/p8-ddf_LUN.jpg?w=1200","articleSection":["Ext\u00eame droite","Palestine"],"inLanguage":"fr-FR","potentialAction":[{"@type":"CommentAction","name":"Comment","target":["https:\/\/pcbigouden.fr\/?p=5126#respond"]}]},{"@type":"WebPage","@id":"https:\/\/pcbigouden.fr\/?p=5126","url":"https:\/\/pcbigouden.fr\/?p=5126","name":"\u00c0 Paris, un gala de soutien \u00e0 l'arm\u00e9e isra\u00e9lienne rassemble essayistes et journalistes d'extr\u00eame droite pour rire des morts \u00e0 Gaza - PCF Pays Bigouden","isPartOf":{"@id":"https:\/\/pcbigouden.fr\/#website"},"primaryImageOfPage":{"@id":"https:\/\/pcbigouden.fr\/?p=5126#primaryimage"},"image":{"@id":"https:\/\/pcbigouden.fr\/?p=5126#primaryimage"},"thumbnailUrl":"https:\/\/www.humanite.fr\/wp-content\/uploads\/2025\/06\/p8-ddf_LUN.jpg?w=1200","datePublished":"2025-06-02T08:02:56+00:00","dateModified":"2025-10-26T11:09:17+00:00","breadcrumb":{"@id":"https:\/\/pcbigouden.fr\/?p=5126#breadcrumb"},"inLanguage":"fr-FR","potentialAction":[{"@type":"ReadAction","target":["https:\/\/pcbigouden.fr\/?p=5126"]}]},{"@type":"ImageObject","inLanguage":"fr-FR","@id":"https:\/\/pcbigouden.fr\/?p=5126#primaryimage","url":"https:\/\/www.humanite.fr\/wp-content\/uploads\/2025\/06\/p8-ddf_LUN.jpg?w=1200","contentUrl":"https:\/\/www.humanite.fr\/wp-content\/uploads\/2025\/06\/p8-ddf_LUN.jpg?w=1200"},{"@type":"BreadcrumbList","@id":"https:\/\/pcbigouden.fr\/?p=5126#breadcrumb","itemListElement":[{"@type":"ListItem","position":1,"name":"Accueil","item":"https:\/\/pcbigouden.fr\/"},{"@type":"ListItem","position":2,"name":"\u00c0 Paris, un gala de soutien \u00e0 l&rsquo;arm\u00e9e isra\u00e9lienne rassemble essayistes et journalistes d&rsquo;extr\u00eame droite pour rire des morts \u00e0 Gaza"}]},{"@type":"WebSite","@id":"https:\/\/pcbigouden.fr\/#website","url":"https:\/\/pcbigouden.fr\/","name":"PCF Pays Bigouden","description":"Blog des communistes du Pays Bigouden","publisher":{"@id":"https:\/\/pcbigouden.fr\/#organization"},"potentialAction":[{"@type":"SearchAction","target":{"@type":"EntryPoint","urlTemplate":"https:\/\/pcbigouden.fr\/?s={search_term_string}"},"query-input":{"@type":"PropertyValueSpecification","valueRequired":true,"valueName":"search_term_string"}}],"inLanguage":"fr-FR"},{"@type":"Organization","@id":"https:\/\/pcbigouden.fr\/#organization","name":"Parti Communiste PCF Pays Bigouden","url":"https:\/\/pcbigouden.fr\/","logo":{"@type":"ImageObject","inLanguage":"fr-FR","@id":"https:\/\/pcbigouden.fr\/#\/schema\/logo\/image\/","url":"https:\/\/pcbigouden.fr\/wp-content\/uploads\/2021\/10\/logoTB307x290.jpg","contentUrl":"https:\/\/pcbigouden.fr\/wp-content\/uploads\/2021\/10\/logoTB307x290.jpg","width":307,"height":290,"caption":"Parti Communiste PCF Pays Bigouden"},"image":{"@id":"https:\/\/pcbigouden.fr\/#\/schema\/logo\/image\/"}},{"@type":"Person","@id":"https:\/\/pcbigouden.fr\/#\/schema\/person\/db553cfd25f8e9e7ec7d3d2266b34e5e","name":"philarmor","image":{"@type":"ImageObject","inLanguage":"fr-FR","@id":"https:\/\/secure.gravatar.com\/avatar\/d64b18fe41ef6147792f83422f86e16391f18bc76f91f5a4e59b9213ce0ab52c?s=96&d=mm&r=g","url":"https:\/\/secure.gravatar.com\/avatar\/d64b18fe41ef6147792f83422f86e16391f18bc76f91f5a4e59b9213ce0ab52c?s=96&d=mm&r=g","contentUrl":"https:\/\/secure.gravatar.com\/avatar\/d64b18fe41ef6147792f83422f86e16391f18bc76f91f5a4e59b9213ce0ab52c?s=96&d=mm&r=g","caption":"philarmor"},"url":"https:\/\/pcbigouden.fr\/?author=8"}]}},"jetpack_featured_media_url":"","jetpack_sharing_enabled":true,"jetpack_likes_enabled":true,"_links":{"self":[{"href":"https:\/\/pcbigouden.fr\/index.php?rest_route=\/wp\/v2\/posts\/5126","targetHints":{"allow":["GET"]}}],"collection":[{"href":"https:\/\/pcbigouden.fr\/index.php?rest_route=\/wp\/v2\/posts"}],"about":[{"href":"https:\/\/pcbigouden.fr\/index.php?rest_route=\/wp\/v2\/types\/post"}],"author":[{"embeddable":true,"href":"https:\/\/pcbigouden.fr\/index.php?rest_route=\/wp\/v2\/users\/8"}],"replies":[{"embeddable":true,"href":"https:\/\/pcbigouden.fr\/index.php?rest_route=%2Fwp%2Fv2%2Fcomments&post=5126"}],"version-history":[{"count":3,"href":"https:\/\/pcbigouden.fr\/index.php?rest_route=\/wp\/v2\/posts\/5126\/revisions"}],"predecessor-version":[{"id":5170,"href":"https:\/\/pcbigouden.fr\/index.php?rest_route=\/wp\/v2\/posts\/5126\/revisions\/5170"}],"wp:attachment":[{"href":"https:\/\/pcbigouden.fr\/index.php?rest_route=%2Fwp%2Fv2%2Fmedia&parent=5126"}],"wp:term":[{"taxonomy":"category","embeddable":true,"href":"https:\/\/pcbigouden.fr\/index.php?rest_route=%2Fwp%2Fv2%2Fcategories&post=5126"},{"taxonomy":"post_tag","embeddable":true,"href":"https:\/\/pcbigouden.fr\/index.php?rest_route=%2Fwp%2Fv2%2Ftags&post=5126"}],"curies":[{"name":"wp","href":"https:\/\/api.w.org\/{rel}","templated":true}]}}