{"id":5073,"date":"2025-05-17T18:11:23","date_gmt":"2025-05-17T16:11:23","guid":{"rendered":"https:\/\/pcbigouden.fr\/?p=5073"},"modified":"2025-05-17T19:59:14","modified_gmt":"2025-05-17T17:59:14","slug":"a-pont-labbe-au-giratoire-de-kermaria-rassemblent-pour-gaza","status":"publish","type":"post","link":"https:\/\/pcbigouden.fr\/?p=5073","title":{"rendered":"\u00c0 Pont-l\u2019Abb\u00e9, au giratoire de Kermaria, rassemblement pour Gaza"},"content":{"rendered":"<p>T\u00e9l\u00e9gramme publi\u00e9 le 16\/05\/2025<\/p>\n<p><img loading=\"lazy\" decoding=\"async\" class=\"alignnone wp-image-5074 aligncenter\" src=\"https:\/\/pcbigouden.fr\/wp-content\/uploads\/2025\/05\/bf7d15e5-51fd-4df5-9a86-95f31610d3c5-300x169.jpg\" alt=\"\" width=\"346\" height=\"195\" srcset=\"https:\/\/pcbigouden.fr\/wp-content\/uploads\/2025\/05\/bf7d15e5-51fd-4df5-9a86-95f31610d3c5-300x169.jpg 300w, https:\/\/pcbigouden.fr\/wp-content\/uploads\/2025\/05\/bf7d15e5-51fd-4df5-9a86-95f31610d3c5-1024x576.jpg 1024w, https:\/\/pcbigouden.fr\/wp-content\/uploads\/2025\/05\/bf7d15e5-51fd-4df5-9a86-95f31610d3c5-768x432.jpg 768w, https:\/\/pcbigouden.fr\/wp-content\/uploads\/2025\/05\/bf7d15e5-51fd-4df5-9a86-95f31610d3c5-1536x864.jpg 1536w, https:\/\/pcbigouden.fr\/wp-content\/uploads\/2025\/05\/bf7d15e5-51fd-4df5-9a86-95f31610d3c5-863x485.jpg 863w, https:\/\/pcbigouden.fr\/wp-content\/uploads\/2025\/05\/bf7d15e5-51fd-4df5-9a86-95f31610d3c5-192x108.jpg 192w, https:\/\/pcbigouden.fr\/wp-content\/uploads\/2025\/05\/bf7d15e5-51fd-4df5-9a86-95f31610d3c5-1320x743.jpg 1320w, https:\/\/pcbigouden.fr\/wp-content\/uploads\/2025\/05\/bf7d15e5-51fd-4df5-9a86-95f31610d3c5.jpg 2048w\" sizes=\"auto, (max-width: 346px) 100vw, 346px\" \/>\u00a0 \u00a0 \u00a0 \u00a0<span style=\"text-align: center;\">\u00a0 \u00a0 \u00a0 \u00a0 <span style=\"font-size: 10pt;\">De nombreux drapeaux palestiniens et libanais ainsi que des drapeaux du Mouvement de la Paix \u00e9taient pr\u00e9sents\u00a0<\/span><\/span><\/p>\n<div class=\"tlg-col-sm-16 tlg-offset-col-md-3 tlg-col-md-12\">\n<section class=\"tlg-layout-zone\" data-layout-zone-type=\"web-elt_sublayout_content-header\">\n<div class=\"tlg-layout-block tlg-detail-article--header\">\n<p style=\"text-align: left;\">\u00a0 \u00a0 \u00a0 \u00a0 \u00a0 \u00a0 \u00a0 \u00a0 \u00a0 \u00a0 \u00a0 \u00a0 \u00a0 \u00a0 \u00a0 \u00a0 \u00a0 \u00a0 \u00a0 \u00a0 \u00a0 \u00a0 \u00a0 \u00a0 \u00a0<img loading=\"lazy\" decoding=\"async\" class=\"alignnone wp-image-5079\" src=\"https:\/\/pcbigouden.fr\/wp-content\/uploads\/2025\/05\/IMG_3811-1-300x225.jpeg\" alt=\"\" width=\"172\" height=\"129\" srcset=\"https:\/\/pcbigouden.fr\/wp-content\/uploads\/2025\/05\/IMG_3811-1-300x225.jpeg 300w, https:\/\/pcbigouden.fr\/wp-content\/uploads\/2025\/05\/IMG_3811-1-1024x768.jpeg 1024w, https:\/\/pcbigouden.fr\/wp-content\/uploads\/2025\/05\/IMG_3811-1-768x576.jpeg 768w, https:\/\/pcbigouden.fr\/wp-content\/uploads\/2025\/05\/IMG_3811-1-1536x1152.jpeg 1536w, https:\/\/pcbigouden.fr\/wp-content\/uploads\/2025\/05\/IMG_3811-1-863x647.jpeg 863w, https:\/\/pcbigouden.fr\/wp-content\/uploads\/2025\/05\/IMG_3811-1-144x108.jpeg 144w, https:\/\/pcbigouden.fr\/wp-content\/uploads\/2025\/05\/IMG_3811-1-1320x990.jpeg 1320w, https:\/\/pcbigouden.fr\/wp-content\/uploads\/2025\/05\/IMG_3811-1.jpeg 2048w\" sizes=\"auto, (max-width: 172px) 100vw, 172px\" \/>\u00a0 \u00a0 \u00a0 <img loading=\"lazy\" decoding=\"async\" class=\"alignnone wp-image-5085\" src=\"https:\/\/pcbigouden.fr\/wp-content\/uploads\/2025\/05\/IMG_3812-3-300x225.jpeg\" alt=\"\" width=\"169\" height=\"127\" srcset=\"https:\/\/pcbigouden.fr\/wp-content\/uploads\/2025\/05\/IMG_3812-3-300x225.jpeg 300w, https:\/\/pcbigouden.fr\/wp-content\/uploads\/2025\/05\/IMG_3812-3-1024x768.jpeg 1024w, https:\/\/pcbigouden.fr\/wp-content\/uploads\/2025\/05\/IMG_3812-3-768x576.jpeg 768w, https:\/\/pcbigouden.fr\/wp-content\/uploads\/2025\/05\/IMG_3812-3-1536x1152.jpeg 1536w, https:\/\/pcbigouden.fr\/wp-content\/uploads\/2025\/05\/IMG_3812-3-863x647.jpeg 863w, https:\/\/pcbigouden.fr\/wp-content\/uploads\/2025\/05\/IMG_3812-3-144x108.jpeg 144w, https:\/\/pcbigouden.fr\/wp-content\/uploads\/2025\/05\/IMG_3812-3-1320x990.jpeg 1320w, https:\/\/pcbigouden.fr\/wp-content\/uploads\/2025\/05\/IMG_3812-3.jpeg 2048w\" sizes=\"auto, (max-width: 169px) 100vw, 169px\" \/><\/p>\n<p style=\"text-align: left;\">\u00a0\u00a0\u00a0\u00a0<strong>\u00c0 Pon<\/strong><strong>t-l\u2019Abb\u00e9, ce vendredi 16\u00a0mai, \u00e0 partir de 17\u00a0h\u00a030, une quarantaine de personnes se sont rassembl\u00e9es au giratoire de Kermaria pour demander un cessez-le-feu \u00e0 Gaza.<\/strong><\/p>\n<figure style=\"text-align: justify;\"><picture><source srcset=\"https:\/\/media.letelegramme.fr\/api\/v1\/images\/view\/68277179584b0c70af0bf85a\/web_golden_xxl\/68277179584b0c70af0bf85a.1 1200w, https:\/\/media.letelegramme.fr\/api\/v1\/images\/view\/68277179584b0c70af0bf85a\/web_golden_xl\/68277179584b0c70af0bf85a.1 960w, https:\/\/media.letelegramme.fr\/api\/v1\/images\/view\/68277179584b0c70af0bf85a\/web_golden_l\/68277179584b0c70af0bf85a.1 720w, https:\/\/media.letelegramme.fr\/api\/v1\/images\/view\/68277179584b0c70af0bf85a\/web_golden_m\/68277179584b0c70af0bf85a.1 480w, https:\/\/media.letelegramme.fr\/api\/v1\/images\/view\/68277179584b0c70af0bf85a\/web_golden_s\/68277179584b0c70af0bf85a.1 320w, https:\/\/media.letelegramme.fr\/api\/v1\/images\/view\/68277179584b0c70af0bf85a\/web_golden_xs\/68277179584b0c70af0bf85a.1 160w\" type=\"image\/jpeg\" sizes=\"(max-width: 767px) 100vw, (max-width: 1023px) 688px, (min-width: 1024px) and (max-width: 1311px) 716px, 932px\" \/><\/picture><figcaption>Encourag\u00e9es par de nombreux coups de klaxon, elles ont exprim\u00e9 leur soutien \u00e0 Gaza en cette journ\u00e9e internationale du vivre ensemble en paix.\u00a0\u00a0<\/figcaption><\/figure>\n<\/div>\n<\/section>\n<\/div>\n<div class=\"tlg-col-sm-16 tlg-offset-col-md-3 tlg-col-md-8\">\n<section class=\"tlg-layout-zone\" data-layout-zone-type=\"web-elt_sublayout_content-main\">\n<div class=\"tlg-layout-block tlg-margin-bottom tlg-detail-article--content\">\n<p><strong><span style=\"font-size: 14pt;\">\u00ab\u00a0Beaucoup de citoyens qui ne sont pas dans les partis politiques\u00a0\u00bb<\/span><\/strong><\/p>\n<\/div>\n<div class=\"tlg-layout-block tlg-margin-bottom\" style=\"text-align: justify;\">\u00ab En cette journ\u00e9e internationale du vivre-ensemble en paix, il est important de rappeler notre soutien aux Gazaouis et demander un cessez-le-feu imm\u00e9diat \u00e0 Gaza \u00bb, a indiqu\u00e9 Mireille, une Pont-l\u2019Abbiste membre de l\u2019Association France Palestine solidarit\u00e9 (AFPS) Cornouaille. \u00ab Nous avons, \u00e0 nos c\u00f4t\u00e9s, des militants du Mouvement de la paix mais aussi des sympathisants de gauche d\u2019Europe Ecologie-Les Verts, de LFI du Pays bigouden et du PCF bigouden. Et aussi, il faut le rappeler, beaucoup de citoyens qui ne sont pas dans les partis politiques \u00bb, a-t-elle poursuivi. Le collectif cornouaillais pour un cessez-le-feu \u00e0 Gaza a notamment exprim\u00e9, dans un tract distribu\u00e9 \u00e0 cette occasion, son opposition \u00e0 la participation d\u2019Isra\u00ebl au salon du Bourget qui se d\u00e9roulera du 16 au 22 juin.<\/div>\n<\/section>\n<section class=\"tlg-layout-zone\" data-layout-zone-type=\"web-elt_sublayout_content-footer\">\n<div class=\"tlg-layout-block\"><\/div>\n<\/section>\n<\/div>\n<div class=\"tlg-col-sm-16 tlg-col-md-4\"><\/div>\n","protected":false},"excerpt":{"rendered":"<p>T\u00e9l\u00e9gramme publi\u00e9 le 16\/05\/2025 \u00a0 \u00a0 \u00a0 \u00a0\u00a0 \u00a0 \u00a0 \u00a0 De nombreux drapeaux palestiniens et libanais ainsi que des drapeaux du Mouvement de la Paix \u00e9taient pr\u00e9sents\u00a0 \u00a0 \u00a0 \u00a0 \u00a0 \u00a0 \u00a0 \u00a0 \u00a0 \u00a0 \u00a0 \u00a0 \u00a0 \u00a0 \u00a0 \u00a0 \u00a0 \u00a0 \u00a0 \u00a0 \u00a0 \u00a0 \u00a0 \u00a0 \u00a0 \u00a0\u00a0 \u00a0 \u00a0 &hellip; <a href=\"https:\/\/pcbigouden.fr\/?p=5073\" class=\"more-link\">Continue reading <span class=\"screen-reader-text\">\u00c0 Pont-l\u2019Abb\u00e9, au giratoire de Kermaria, rassemblement pour Gaza<\/span><\/a><\/p>\n","protected":false},"author":8,"featured_media":0,"comment_status":"open","ping_status":"closed","sticky":false,"template":"","format":"standard","meta":{"_jetpack_memberships_contains_paid_content":false,"footnotes":""},"categories":[50,255],"tags":[],"class_list":["post-5073","post","type-post","status-publish","format-standard","hentry","category-paix","category-gaza"],"yoast_head":"<!-- This site is optimized with the Yoast SEO plugin v27.5 - https:\/\/yoast.com\/product\/yoast-seo-wordpress\/ -->\n<title>\u00c0 Pont-l\u2019Abb\u00e9, au giratoire de Kermaria, rassemblement pour Gaza - PCF Pays Bigouden<\/title>\n<meta name=\"robots\" content=\"index, follow, max-snippet:-1, max-image-preview:large, max-video-preview:-1\" \/>\n<link rel=\"canonical\" href=\"https:\/\/pcbigouden.fr\/?p=5073\" \/>\n<meta property=\"og:locale\" content=\"fr_FR\" \/>\n<meta property=\"og:type\" content=\"article\" \/>\n<meta property=\"og:title\" content=\"\u00c0 Pont-l\u2019Abb\u00e9, au giratoire de Kermaria, rassemblement pour Gaza - PCF Pays Bigouden\" \/>\n<meta property=\"og:description\" content=\"T\u00e9l\u00e9gramme publi\u00e9 le 16\/05\/2025 \u00a0 \u00a0 \u00a0 \u00a0\u00a0 \u00a0 \u00a0 \u00a0 De nombreux drapeaux palestiniens et libanais ainsi que des drapeaux du Mouvement de la Paix \u00e9taient pr\u00e9sents\u00a0 \u00a0 \u00a0 \u00a0 \u00a0 \u00a0 \u00a0 \u00a0 \u00a0 \u00a0 \u00a0 \u00a0 \u00a0 \u00a0 \u00a0 \u00a0 \u00a0 \u00a0 \u00a0 \u00a0 \u00a0 \u00a0 \u00a0 \u00a0 \u00a0 \u00a0\u00a0 \u00a0 \u00a0 &hellip; Continue reading \u00c0 Pont-l\u2019Abb\u00e9, au giratoire de Kermaria, rassemblement pour Gaza\" \/>\n<meta property=\"og:url\" content=\"https:\/\/pcbigouden.fr\/?p=5073\" \/>\n<meta property=\"og:site_name\" content=\"PCF Pays Bigouden\" \/>\n<meta property=\"article:published_time\" content=\"2025-05-17T16:11:23+00:00\" \/>\n<meta property=\"article:modified_time\" content=\"2025-05-17T17:59:14+00:00\" \/>\n<meta property=\"og:image\" content=\"https:\/\/pcbigouden.fr\/wp-content\/uploads\/2025\/05\/bf7d15e5-51fd-4df5-9a86-95f31610d3c5.jpg\" \/>\n\t<meta property=\"og:image:width\" content=\"2048\" \/>\n\t<meta property=\"og:image:height\" content=\"1152\" \/>\n\t<meta property=\"og:image:type\" content=\"image\/jpeg\" \/>\n<meta name=\"author\" content=\"philarmor\" \/>\n<meta name=\"twitter:card\" content=\"summary_large_image\" \/>\n<meta name=\"twitter:label1\" content=\"\u00c9crit par\" \/>\n\t<meta name=\"twitter:data1\" content=\"philarmor\" \/>\n\t<meta name=\"twitter:label2\" content=\"Dur\u00e9e de lecture estim\u00e9e\" \/>\n\t<meta name=\"twitter:data2\" content=\"1 minute\" \/>\n<script type=\"application\/ld+json\" class=\"yoast-schema-graph\">{\"@context\":\"https:\\\/\\\/schema.org\",\"@graph\":[{\"@type\":\"Article\",\"@id\":\"https:\\\/\\\/pcbigouden.fr\\\/?p=5073#article\",\"isPartOf\":{\"@id\":\"https:\\\/\\\/pcbigouden.fr\\\/?p=5073\"},\"author\":{\"name\":\"philarmor\",\"@id\":\"https:\\\/\\\/pcbigouden.fr\\\/#\\\/schema\\\/person\\\/db553cfd25f8e9e7ec7d3d2266b34e5e\"},\"headline\":\"\u00c0 Pont-l\u2019Abb\u00e9, au giratoire de Kermaria, rassemblement pour Gaza\",\"datePublished\":\"2025-05-17T16:11:23+00:00\",\"dateModified\":\"2025-05-17T17:59:14+00:00\",\"mainEntityOfPage\":{\"@id\":\"https:\\\/\\\/pcbigouden.fr\\\/?p=5073\"},\"wordCount\":218,\"commentCount\":0,\"publisher\":{\"@id\":\"https:\\\/\\\/pcbigouden.fr\\\/#organization\"},\"image\":{\"@id\":\"https:\\\/\\\/pcbigouden.fr\\\/?p=5073#primaryimage\"},\"thumbnailUrl\":\"https:\\\/\\\/pcbigouden.fr\\\/wp-content\\\/uploads\\\/2025\\\/05\\\/bf7d15e5-51fd-4df5-9a86-95f31610d3c5-300x169.jpg\",\"articleSection\":[\"Paix\",\"Palestine\"],\"inLanguage\":\"fr-FR\",\"potentialAction\":[{\"@type\":\"CommentAction\",\"name\":\"Comment\",\"target\":[\"https:\\\/\\\/pcbigouden.fr\\\/?p=5073#respond\"]}]},{\"@type\":\"WebPage\",\"@id\":\"https:\\\/\\\/pcbigouden.fr\\\/?p=5073\",\"url\":\"https:\\\/\\\/pcbigouden.fr\\\/?p=5073\",\"name\":\"\u00c0 Pont-l\u2019Abb\u00e9, au giratoire de Kermaria, rassemblement pour Gaza - PCF Pays Bigouden\",\"isPartOf\":{\"@id\":\"https:\\\/\\\/pcbigouden.fr\\\/#website\"},\"primaryImageOfPage\":{\"@id\":\"https:\\\/\\\/pcbigouden.fr\\\/?p=5073#primaryimage\"},\"image\":{\"@id\":\"https:\\\/\\\/pcbigouden.fr\\\/?p=5073#primaryimage\"},\"thumbnailUrl\":\"https:\\\/\\\/pcbigouden.fr\\\/wp-content\\\/uploads\\\/2025\\\/05\\\/bf7d15e5-51fd-4df5-9a86-95f31610d3c5-300x169.jpg\",\"datePublished\":\"2025-05-17T16:11:23+00:00\",\"dateModified\":\"2025-05-17T17:59:14+00:00\",\"breadcrumb\":{\"@id\":\"https:\\\/\\\/pcbigouden.fr\\\/?p=5073#breadcrumb\"},\"inLanguage\":\"fr-FR\",\"potentialAction\":[{\"@type\":\"ReadAction\",\"target\":[\"https:\\\/\\\/pcbigouden.fr\\\/?p=5073\"]}]},{\"@type\":\"ImageObject\",\"inLanguage\":\"fr-FR\",\"@id\":\"https:\\\/\\\/pcbigouden.fr\\\/?p=5073#primaryimage\",\"url\":\"https:\\\/\\\/pcbigouden.fr\\\/wp-content\\\/uploads\\\/2025\\\/05\\\/bf7d15e5-51fd-4df5-9a86-95f31610d3c5.jpg\",\"contentUrl\":\"https:\\\/\\\/pcbigouden.fr\\\/wp-content\\\/uploads\\\/2025\\\/05\\\/bf7d15e5-51fd-4df5-9a86-95f31610d3c5.jpg\",\"width\":2048,\"height\":1152},{\"@type\":\"BreadcrumbList\",\"@id\":\"https:\\\/\\\/pcbigouden.fr\\\/?p=5073#breadcrumb\",\"itemListElement\":[{\"@type\":\"ListItem\",\"position\":1,\"name\":\"Accueil\",\"item\":\"https:\\\/\\\/pcbigouden.fr\\\/\"},{\"@type\":\"ListItem\",\"position\":2,\"name\":\"\u00c0 Pont-l\u2019Abb\u00e9, au giratoire de Kermaria, rassemblement pour Gaza\"}]},{\"@type\":\"WebSite\",\"@id\":\"https:\\\/\\\/pcbigouden.fr\\\/#website\",\"url\":\"https:\\\/\\\/pcbigouden.fr\\\/\",\"name\":\"PCF Pays Bigouden\",\"description\":\"Blog des communistes du Pays Bigouden\",\"publisher\":{\"@id\":\"https:\\\/\\\/pcbigouden.fr\\\/#organization\"},\"potentialAction\":[{\"@type\":\"SearchAction\",\"target\":{\"@type\":\"EntryPoint\",\"urlTemplate\":\"https:\\\/\\\/pcbigouden.fr\\\/?s={search_term_string}\"},\"query-input\":{\"@type\":\"PropertyValueSpecification\",\"valueRequired\":true,\"valueName\":\"search_term_string\"}}],\"inLanguage\":\"fr-FR\"},{\"@type\":\"Organization\",\"@id\":\"https:\\\/\\\/pcbigouden.fr\\\/#organization\",\"name\":\"Parti Communiste PCF Pays Bigouden\",\"url\":\"https:\\\/\\\/pcbigouden.fr\\\/\",\"logo\":{\"@type\":\"ImageObject\",\"inLanguage\":\"fr-FR\",\"@id\":\"https:\\\/\\\/pcbigouden.fr\\\/#\\\/schema\\\/logo\\\/image\\\/\",\"url\":\"https:\\\/\\\/pcbigouden.fr\\\/wp-content\\\/uploads\\\/2021\\\/10\\\/logoTB307x290.jpg\",\"contentUrl\":\"https:\\\/\\\/pcbigouden.fr\\\/wp-content\\\/uploads\\\/2021\\\/10\\\/logoTB307x290.jpg\",\"width\":307,\"height\":290,\"caption\":\"Parti Communiste PCF Pays Bigouden\"},\"image\":{\"@id\":\"https:\\\/\\\/pcbigouden.fr\\\/#\\\/schema\\\/logo\\\/image\\\/\"}},{\"@type\":\"Person\",\"@id\":\"https:\\\/\\\/pcbigouden.fr\\\/#\\\/schema\\\/person\\\/db553cfd25f8e9e7ec7d3d2266b34e5e\",\"name\":\"philarmor\",\"image\":{\"@type\":\"ImageObject\",\"inLanguage\":\"fr-FR\",\"@id\":\"https:\\\/\\\/secure.gravatar.com\\\/avatar\\\/d64b18fe41ef6147792f83422f86e16391f18bc76f91f5a4e59b9213ce0ab52c?s=96&d=mm&r=g\",\"url\":\"https:\\\/\\\/secure.gravatar.com\\\/avatar\\\/d64b18fe41ef6147792f83422f86e16391f18bc76f91f5a4e59b9213ce0ab52c?s=96&d=mm&r=g\",\"contentUrl\":\"https:\\\/\\\/secure.gravatar.com\\\/avatar\\\/d64b18fe41ef6147792f83422f86e16391f18bc76f91f5a4e59b9213ce0ab52c?s=96&d=mm&r=g\",\"caption\":\"philarmor\"},\"url\":\"https:\\\/\\\/pcbigouden.fr\\\/?author=8\"}]}<\/script>\n<!-- \/ Yoast SEO plugin. -->","yoast_head_json":{"title":"\u00c0 Pont-l\u2019Abb\u00e9, au giratoire de Kermaria, rassemblement pour Gaza - PCF Pays Bigouden","robots":{"index":"index","follow":"follow","max-snippet":"max-snippet:-1","max-image-preview":"max-image-preview:large","max-video-preview":"max-video-preview:-1"},"canonical":"https:\/\/pcbigouden.fr\/?p=5073","og_locale":"fr_FR","og_type":"article","og_title":"\u00c0 Pont-l\u2019Abb\u00e9, au giratoire de Kermaria, rassemblement pour Gaza - PCF Pays Bigouden","og_description":"T\u00e9l\u00e9gramme publi\u00e9 le 16\/05\/2025 \u00a0 \u00a0 \u00a0 \u00a0\u00a0 \u00a0 \u00a0 \u00a0 De nombreux drapeaux palestiniens et libanais ainsi que des drapeaux du Mouvement de la Paix \u00e9taient pr\u00e9sents\u00a0 \u00a0 \u00a0 \u00a0 \u00a0 \u00a0 \u00a0 \u00a0 \u00a0 \u00a0 \u00a0 \u00a0 \u00a0 \u00a0 \u00a0 \u00a0 \u00a0 \u00a0 \u00a0 \u00a0 \u00a0 \u00a0 \u00a0 \u00a0 \u00a0 \u00a0\u00a0 \u00a0 \u00a0 &hellip; Continue reading \u00c0 Pont-l\u2019Abb\u00e9, au giratoire de Kermaria, rassemblement pour Gaza","og_url":"https:\/\/pcbigouden.fr\/?p=5073","og_site_name":"PCF Pays Bigouden","article_published_time":"2025-05-17T16:11:23+00:00","article_modified_time":"2025-05-17T17:59:14+00:00","og_image":[{"width":2048,"height":1152,"url":"https:\/\/pcbigouden.fr\/wp-content\/uploads\/2025\/05\/bf7d15e5-51fd-4df5-9a86-95f31610d3c5.jpg","type":"image\/jpeg"}],"author":"philarmor","twitter_card":"summary_large_image","twitter_misc":{"\u00c9crit par":"philarmor","Dur\u00e9e de lecture estim\u00e9e":"1 minute"},"schema":{"@context":"https:\/\/schema.org","@graph":[{"@type":"Article","@id":"https:\/\/pcbigouden.fr\/?p=5073#article","isPartOf":{"@id":"https:\/\/pcbigouden.fr\/?p=5073"},"author":{"name":"philarmor","@id":"https:\/\/pcbigouden.fr\/#\/schema\/person\/db553cfd25f8e9e7ec7d3d2266b34e5e"},"headline":"\u00c0 Pont-l\u2019Abb\u00e9, au giratoire de Kermaria, rassemblement pour Gaza","datePublished":"2025-05-17T16:11:23+00:00","dateModified":"2025-05-17T17:59:14+00:00","mainEntityOfPage":{"@id":"https:\/\/pcbigouden.fr\/?p=5073"},"wordCount":218,"commentCount":0,"publisher":{"@id":"https:\/\/pcbigouden.fr\/#organization"},"image":{"@id":"https:\/\/pcbigouden.fr\/?p=5073#primaryimage"},"thumbnailUrl":"https:\/\/pcbigouden.fr\/wp-content\/uploads\/2025\/05\/bf7d15e5-51fd-4df5-9a86-95f31610d3c5-300x169.jpg","articleSection":["Paix","Palestine"],"inLanguage":"fr-FR","potentialAction":[{"@type":"CommentAction","name":"Comment","target":["https:\/\/pcbigouden.fr\/?p=5073#respond"]}]},{"@type":"WebPage","@id":"https:\/\/pcbigouden.fr\/?p=5073","url":"https:\/\/pcbigouden.fr\/?p=5073","name":"\u00c0 Pont-l\u2019Abb\u00e9, au giratoire de Kermaria, rassemblement pour Gaza - PCF Pays Bigouden","isPartOf":{"@id":"https:\/\/pcbigouden.fr\/#website"},"primaryImageOfPage":{"@id":"https:\/\/pcbigouden.fr\/?p=5073#primaryimage"},"image":{"@id":"https:\/\/pcbigouden.fr\/?p=5073#primaryimage"},"thumbnailUrl":"https:\/\/pcbigouden.fr\/wp-content\/uploads\/2025\/05\/bf7d15e5-51fd-4df5-9a86-95f31610d3c5-300x169.jpg","datePublished":"2025-05-17T16:11:23+00:00","dateModified":"2025-05-17T17:59:14+00:00","breadcrumb":{"@id":"https:\/\/pcbigouden.fr\/?p=5073#breadcrumb"},"inLanguage":"fr-FR","potentialAction":[{"@type":"ReadAction","target":["https:\/\/pcbigouden.fr\/?p=5073"]}]},{"@type":"ImageObject","inLanguage":"fr-FR","@id":"https:\/\/pcbigouden.fr\/?p=5073#primaryimage","url":"https:\/\/pcbigouden.fr\/wp-content\/uploads\/2025\/05\/bf7d15e5-51fd-4df5-9a86-95f31610d3c5.jpg","contentUrl":"https:\/\/pcbigouden.fr\/wp-content\/uploads\/2025\/05\/bf7d15e5-51fd-4df5-9a86-95f31610d3c5.jpg","width":2048,"height":1152},{"@type":"BreadcrumbList","@id":"https:\/\/pcbigouden.fr\/?p=5073#breadcrumb","itemListElement":[{"@type":"ListItem","position":1,"name":"Accueil","item":"https:\/\/pcbigouden.fr\/"},{"@type":"ListItem","position":2,"name":"\u00c0 Pont-l\u2019Abb\u00e9, au giratoire de Kermaria, rassemblement pour Gaza"}]},{"@type":"WebSite","@id":"https:\/\/pcbigouden.fr\/#website","url":"https:\/\/pcbigouden.fr\/","name":"PCF Pays Bigouden","description":"Blog des communistes du Pays Bigouden","publisher":{"@id":"https:\/\/pcbigouden.fr\/#organization"},"potentialAction":[{"@type":"SearchAction","target":{"@type":"EntryPoint","urlTemplate":"https:\/\/pcbigouden.fr\/?s={search_term_string}"},"query-input":{"@type":"PropertyValueSpecification","valueRequired":true,"valueName":"search_term_string"}}],"inLanguage":"fr-FR"},{"@type":"Organization","@id":"https:\/\/pcbigouden.fr\/#organization","name":"Parti Communiste PCF Pays Bigouden","url":"https:\/\/pcbigouden.fr\/","logo":{"@type":"ImageObject","inLanguage":"fr-FR","@id":"https:\/\/pcbigouden.fr\/#\/schema\/logo\/image\/","url":"https:\/\/pcbigouden.fr\/wp-content\/uploads\/2021\/10\/logoTB307x290.jpg","contentUrl":"https:\/\/pcbigouden.fr\/wp-content\/uploads\/2021\/10\/logoTB307x290.jpg","width":307,"height":290,"caption":"Parti Communiste PCF Pays Bigouden"},"image":{"@id":"https:\/\/pcbigouden.fr\/#\/schema\/logo\/image\/"}},{"@type":"Person","@id":"https:\/\/pcbigouden.fr\/#\/schema\/person\/db553cfd25f8e9e7ec7d3d2266b34e5e","name":"philarmor","image":{"@type":"ImageObject","inLanguage":"fr-FR","@id":"https:\/\/secure.gravatar.com\/avatar\/d64b18fe41ef6147792f83422f86e16391f18bc76f91f5a4e59b9213ce0ab52c?s=96&d=mm&r=g","url":"https:\/\/secure.gravatar.com\/avatar\/d64b18fe41ef6147792f83422f86e16391f18bc76f91f5a4e59b9213ce0ab52c?s=96&d=mm&r=g","contentUrl":"https:\/\/secure.gravatar.com\/avatar\/d64b18fe41ef6147792f83422f86e16391f18bc76f91f5a4e59b9213ce0ab52c?s=96&d=mm&r=g","caption":"philarmor"},"url":"https:\/\/pcbigouden.fr\/?author=8"}]}},"jetpack_featured_media_url":"","jetpack_sharing_enabled":true,"jetpack_likes_enabled":true,"_links":{"self":[{"href":"https:\/\/pcbigouden.fr\/index.php?rest_route=\/wp\/v2\/posts\/5073","targetHints":{"allow":["GET"]}}],"collection":[{"href":"https:\/\/pcbigouden.fr\/index.php?rest_route=\/wp\/v2\/posts"}],"about":[{"href":"https:\/\/pcbigouden.fr\/index.php?rest_route=\/wp\/v2\/types\/post"}],"author":[{"embeddable":true,"href":"https:\/\/pcbigouden.fr\/index.php?rest_route=\/wp\/v2\/users\/8"}],"replies":[{"embeddable":true,"href":"https:\/\/pcbigouden.fr\/index.php?rest_route=%2Fwp%2Fv2%2Fcomments&post=5073"}],"version-history":[{"count":8,"href":"https:\/\/pcbigouden.fr\/index.php?rest_route=\/wp\/v2\/posts\/5073\/revisions"}],"predecessor-version":[{"id":5088,"href":"https:\/\/pcbigouden.fr\/index.php?rest_route=\/wp\/v2\/posts\/5073\/revisions\/5088"}],"wp:attachment":[{"href":"https:\/\/pcbigouden.fr\/index.php?rest_route=%2Fwp%2Fv2%2Fmedia&parent=5073"}],"wp:term":[{"taxonomy":"category","embeddable":true,"href":"https:\/\/pcbigouden.fr\/index.php?rest_route=%2Fwp%2Fv2%2Fcategories&post=5073"},{"taxonomy":"post_tag","embeddable":true,"href":"https:\/\/pcbigouden.fr\/index.php?rest_route=%2Fwp%2Fv2%2Ftags&post=5073"}],"curies":[{"name":"wp","href":"https:\/\/api.w.org\/{rel}","templated":true}]}}