{"id":5038,"date":"2025-05-10T21:51:24","date_gmt":"2025-05-10T19:51:24","guid":{"rendered":"https:\/\/pcbigouden.fr\/?p=5038"},"modified":"2025-10-25T17:45:48","modified_gmt":"2025-10-25T15:45:48","slug":"80e-anniversaire-de-la-capitulation-de-lallemagne-nazie-celebre-a-tredudon-le-moine","status":"publish","type":"post","link":"https:\/\/pcbigouden.fr\/?p=5038","title":{"rendered":"80e anniversaire de la capitulation de l&rsquo;Allemagne nazie c\u00e9l\u00e9br\u00e9 \u00e0 Tr\u00e9dudon-le-Moine"},"content":{"rendered":"<div class=\"tlg-col-sm-16 tlg-offset-col-md-3 tlg-col-md-12\">\n<section class=\"tlg-layout-zone\" data-layout-zone-type=\"web-elt_sublayout_content-header\">\n<div class=\"tlg-layout-block tlg-detail-article--header\">\n<p class=\"tlg-h5\">Dans cette commune de Berrien, premier village r\u00e9sistant de France, les comm\u00e9morations rev\u00eatent toujours une \u00e9motion particuli\u00e8re.<\/p>\n<figure><picture><source srcset=\"https:\/\/media.letelegramme.fr\/api\/v1\/images\/view\/681dc4cc6dbb5f59860b35ca\/web_golden_m\/681dc4cc6dbb5f59860b35ca.1 480w, https:\/\/media.letelegramme.fr\/api\/v1\/images\/view\/681dc4cc6dbb5f59860b35ca\/web_golden_xxl\/681dc4cc6dbb5f59860b35ca.1 1200w, https:\/\/media.letelegramme.fr\/api\/v1\/images\/view\/681dc4cc6dbb5f59860b35ca\/web_golden_s\/681dc4cc6dbb5f59860b35ca.1 320w, https:\/\/media.letelegramme.fr\/api\/v1\/images\/view\/681dc4cc6dbb5f59860b35ca\/web_golden_l\/681dc4cc6dbb5f59860b35ca.1 720w, https:\/\/media.letelegramme.fr\/api\/v1\/images\/view\/681dc4cc6dbb5f59860b35ca\/web_golden_xl\/681dc4cc6dbb5f59860b35ca.1 960w, https:\/\/media.letelegramme.fr\/api\/v1\/images\/view\/681dc4cc6dbb5f59860b35ca\/web_golden_xs\/681dc4cc6dbb5f59860b35ca.1 160w\" type=\"image\/jpeg\" sizes=\"(max-width: 767px) 100vw, (max-width: 1023px) 688px, (min-width: 1024px) and (max-width: 1311px) 716px, 932px\" \/><img loading=\"lazy\" decoding=\"async\" class=\"web_golden_xl\" src=\"https:\/\/media.letelegramme.fr\/api\/v1\/images\/view\/681dc4cc6dbb5f59860b35ca\/web_golden_xl\/681dc4cc6dbb5f59860b35ca.1\" alt=\"Parmi les \u00e9lus, les maires de Berrien, Hubert Le\u00a0Lann, de Ploun\u00e9our-M\u00e9nez, S\u00e9bastien Marie et de Huelgoat, Jacques Th\u00e9paut.\" width=\"960\" height=\"600\" \/><\/picture><figcaption>Parmi les \u00e9lus, les maires de Berrien, Hubert Le\u00a0Lann, de Ploun\u00e9our-M\u00e9nez, S\u00e9bastien Marie et de Huelgoat, Jacques Th\u00e9paut.<\/figcaption><\/figure>\n<\/div>\n<\/section>\n<\/div>\n<div class=\"tlg-col-sm-16 tlg-offset-col-md-3 tlg-col-md-8\">\n<section class=\"tlg-layout-zone\" data-layout-zone-type=\"web-elt_sublayout_content-main\">\n<div class=\"tlg-layout-block tlg-margin-bottom tlg-detail-article--content\">\n<p>Plus d\u2019une centaine de personnes ont pris part jeudi 8 mai au rassemblement organis\u00e9 \u00e0 Tr\u00e9dudon-le-Moine, commune de Berrien et\u00a0<a href=\"https:\/\/www.letelegramme.fr\/finistere\/carhaix-29270\/demblee-il-y-a-eu-une-volonte-de-faire-bloc-tredudon-le-moine-a-berrien-le-village-qui-entra-dans-la-resistance-des-1940-6812760.php#:~:text=Un%20point%20d'appui%20pour%20la%20r%C3%A9sistance&amp;text=Cette%20solidarit%C3%A9%20explique%20que%20d%C3%A8s,premier%20village%20r%C3%A9sistant%20de%20France%20%C2%BB.\">premier village r\u00e9sistant de France,<\/a>\u00a0par la F\u00e9d\u00e9ration du Parti communiste du Finist\u00e8re. Pierre-Yves Thomas, secr\u00e9taire de l\u2019antenne Huelgoat Carhaix, a ouvert la c\u00e9r\u00e9monie en introduisant les discours.<\/p>\n<\/div>\n<div class=\"tlg-layout-block tlg-margin-bottom\"><\/div>\n<div class=\"tlg-layout-block tlg-margin-bottom tlg-detail-article--content\">\n<p>Le premier fut prononc\u00e9 par le secr\u00e9taire de la f\u00e9d\u00e9ration du Finist\u00e8re, Isma\u00ebl Dupont. Ce dernier a rappel\u00e9, en ce climat lourd de menaces, l\u2019importance de se souvenir du sacrifice de celles et ceux qui ont r\u00e9sist\u00e9 courageusement face \u00e0 l\u2019ennemi dans ce lieu embl\u00e9matique de la R\u00e9sistance qui fut une base de refuge. Il est revenu sur la cr\u00e9ation de la S\u00e9curit\u00e9 sociale et du programme des Jours heureux con\u00e7us par le Conseil national de la R\u00e9sistance, porteur des valeurs de progr\u00e8s social.<\/p>\n<h2>\u00ab\u00a0Leur combat nous permet de vivre libres\u00a0\u00bb<\/h2>\n<p>Jean-Yves Ollivier de la CGT a ensuite pris la parole. \u00ab\u00a0La n\u00e9cessit\u00e9 de la paix est dans l\u2019ADN de la CGT. Nous pensons que la meilleure fa\u00e7on de perp\u00e9tuer l\u2019engagement des femmes et des hommes de la R\u00e9sistance est de faire cro\u00eetre cette culture de la paix\u00a0\u00bb. Antoine Gauchard, militant du FSU, a rappel\u00e9 que \u00ab\u00a0c\u2019est aux Bretons engag\u00e9s dans la R\u00e9sistance et dont le nom est grav\u00e9 sur cette st\u00e8le que nous rendons hommage aujourd\u2019hui\u00a0\u00bb.<\/p>\n<\/div>\n<\/section>\n<\/div>\n<p>&nbsp;<\/p>\n","protected":false},"excerpt":{"rendered":"<p>Dans cette commune de Berrien, premier village r\u00e9sistant de France, les comm\u00e9morations rev\u00eatent toujours une \u00e9motion particuli\u00e8re. Parmi les \u00e9lus, les maires de Berrien, Hubert Le\u00a0Lann, de Ploun\u00e9our-M\u00e9nez, S\u00e9bastien Marie et de Huelgoat, Jacques Th\u00e9paut. Plus d\u2019une centaine de personnes ont pris part jeudi 8 mai au rassemblement organis\u00e9 \u00e0 Tr\u00e9dudon-le-Moine, commune de Berrien et\u00a0premier &hellip; <a href=\"https:\/\/pcbigouden.fr\/?p=5038\" class=\"more-link\">Continue reading <span class=\"screen-reader-text\">80e anniversaire de la capitulation de l&rsquo;Allemagne nazie c\u00e9l\u00e9br\u00e9 \u00e0 Tr\u00e9dudon-le-Moine<\/span><\/a><\/p>\n","protected":false},"author":8,"featured_media":0,"comment_status":"open","ping_status":"closed","sticky":false,"template":"","format":"standard","meta":{"_jetpack_memberships_contains_paid_content":false,"footnotes":""},"categories":[285,59],"tags":[],"class_list":["post-5038","post","type-post","status-publish","format-standard","hentry","category-exteme-droite","category-parti-communiste"],"yoast_head":"<!-- This site is optimized with the Yoast SEO plugin v27.5 - https:\/\/yoast.com\/product\/yoast-seo-wordpress\/ -->\n<title>80e anniversaire de la capitulation de l&#039;Allemagne nazie c\u00e9l\u00e9br\u00e9 \u00e0 Tr\u00e9dudon-le-Moine - PCF Pays Bigouden<\/title>\n<meta name=\"robots\" content=\"index, follow, max-snippet:-1, max-image-preview:large, max-video-preview:-1\" \/>\n<link rel=\"canonical\" href=\"https:\/\/pcbigouden.fr\/?p=5038\" \/>\n<meta property=\"og:locale\" content=\"fr_FR\" \/>\n<meta property=\"og:type\" content=\"article\" \/>\n<meta property=\"og:title\" content=\"80e anniversaire de la capitulation de l&#039;Allemagne nazie c\u00e9l\u00e9br\u00e9 \u00e0 Tr\u00e9dudon-le-Moine - PCF Pays Bigouden\" \/>\n<meta property=\"og:description\" content=\"Dans cette commune de Berrien, premier village r\u00e9sistant de France, les comm\u00e9morations rev\u00eatent toujours une \u00e9motion particuli\u00e8re. Parmi les \u00e9lus, les maires de Berrien, Hubert Le\u00a0Lann, de Ploun\u00e9our-M\u00e9nez, S\u00e9bastien Marie et de Huelgoat, Jacques Th\u00e9paut. Plus d\u2019une centaine de personnes ont pris part jeudi 8 mai au rassemblement organis\u00e9 \u00e0 Tr\u00e9dudon-le-Moine, commune de Berrien et\u00a0premier &hellip; Continue reading 80e anniversaire de la capitulation de l&rsquo;Allemagne nazie c\u00e9l\u00e9br\u00e9 \u00e0 Tr\u00e9dudon-le-Moine\" \/>\n<meta property=\"og:url\" content=\"https:\/\/pcbigouden.fr\/?p=5038\" \/>\n<meta property=\"og:site_name\" content=\"PCF Pays Bigouden\" \/>\n<meta property=\"article:published_time\" content=\"2025-05-10T19:51:24+00:00\" \/>\n<meta property=\"article:modified_time\" content=\"2025-10-25T15:45:48+00:00\" \/>\n<meta property=\"og:image\" content=\"https:\/\/media.letelegramme.fr\/api\/v1\/images\/view\/681dc4cc6dbb5f59860b35ca\/web_golden_xl\/681dc4cc6dbb5f59860b35ca.1\" \/>\n<meta name=\"author\" content=\"philarmor\" \/>\n<meta name=\"twitter:card\" content=\"summary_large_image\" \/>\n<meta name=\"twitter:label1\" content=\"\u00c9crit par\" \/>\n\t<meta name=\"twitter:data1\" content=\"philarmor\" \/>\n\t<meta name=\"twitter:label2\" content=\"Dur\u00e9e de lecture estim\u00e9e\" \/>\n\t<meta name=\"twitter:data2\" content=\"1 minute\" \/>\n<script type=\"application\/ld+json\" class=\"yoast-schema-graph\">{\"@context\":\"https:\\\/\\\/schema.org\",\"@graph\":[{\"@type\":\"Article\",\"@id\":\"https:\\\/\\\/pcbigouden.fr\\\/?p=5038#article\",\"isPartOf\":{\"@id\":\"https:\\\/\\\/pcbigouden.fr\\\/?p=5038\"},\"author\":{\"name\":\"philarmor\",\"@id\":\"https:\\\/\\\/pcbigouden.fr\\\/#\\\/schema\\\/person\\\/db553cfd25f8e9e7ec7d3d2266b34e5e\"},\"headline\":\"80e anniversaire de la capitulation de l&rsquo;Allemagne nazie c\u00e9l\u00e9br\u00e9 \u00e0 Tr\u00e9dudon-le-Moine\",\"datePublished\":\"2025-05-10T19:51:24+00:00\",\"dateModified\":\"2025-10-25T15:45:48+00:00\",\"mainEntityOfPage\":{\"@id\":\"https:\\\/\\\/pcbigouden.fr\\\/?p=5038\"},\"wordCount\":308,\"commentCount\":0,\"publisher\":{\"@id\":\"https:\\\/\\\/pcbigouden.fr\\\/#organization\"},\"image\":{\"@id\":\"https:\\\/\\\/pcbigouden.fr\\\/?p=5038#primaryimage\"},\"thumbnailUrl\":\"https:\\\/\\\/media.letelegramme.fr\\\/api\\\/v1\\\/images\\\/view\\\/681dc4cc6dbb5f59860b35ca\\\/web_golden_xl\\\/681dc4cc6dbb5f59860b35ca.1\",\"articleSection\":[\"Ext\u00eame droite\",\"Parti Communiste\"],\"inLanguage\":\"fr-FR\",\"potentialAction\":[{\"@type\":\"CommentAction\",\"name\":\"Comment\",\"target\":[\"https:\\\/\\\/pcbigouden.fr\\\/?p=5038#respond\"]}]},{\"@type\":\"WebPage\",\"@id\":\"https:\\\/\\\/pcbigouden.fr\\\/?p=5038\",\"url\":\"https:\\\/\\\/pcbigouden.fr\\\/?p=5038\",\"name\":\"80e anniversaire de la capitulation de l'Allemagne nazie c\u00e9l\u00e9br\u00e9 \u00e0 Tr\u00e9dudon-le-Moine - PCF Pays Bigouden\",\"isPartOf\":{\"@id\":\"https:\\\/\\\/pcbigouden.fr\\\/#website\"},\"primaryImageOfPage\":{\"@id\":\"https:\\\/\\\/pcbigouden.fr\\\/?p=5038#primaryimage\"},\"image\":{\"@id\":\"https:\\\/\\\/pcbigouden.fr\\\/?p=5038#primaryimage\"},\"thumbnailUrl\":\"https:\\\/\\\/media.letelegramme.fr\\\/api\\\/v1\\\/images\\\/view\\\/681dc4cc6dbb5f59860b35ca\\\/web_golden_xl\\\/681dc4cc6dbb5f59860b35ca.1\",\"datePublished\":\"2025-05-10T19:51:24+00:00\",\"dateModified\":\"2025-10-25T15:45:48+00:00\",\"breadcrumb\":{\"@id\":\"https:\\\/\\\/pcbigouden.fr\\\/?p=5038#breadcrumb\"},\"inLanguage\":\"fr-FR\",\"potentialAction\":[{\"@type\":\"ReadAction\",\"target\":[\"https:\\\/\\\/pcbigouden.fr\\\/?p=5038\"]}]},{\"@type\":\"ImageObject\",\"inLanguage\":\"fr-FR\",\"@id\":\"https:\\\/\\\/pcbigouden.fr\\\/?p=5038#primaryimage\",\"url\":\"https:\\\/\\\/media.letelegramme.fr\\\/api\\\/v1\\\/images\\\/view\\\/681dc4cc6dbb5f59860b35ca\\\/web_golden_xl\\\/681dc4cc6dbb5f59860b35ca.1\",\"contentUrl\":\"https:\\\/\\\/media.letelegramme.fr\\\/api\\\/v1\\\/images\\\/view\\\/681dc4cc6dbb5f59860b35ca\\\/web_golden_xl\\\/681dc4cc6dbb5f59860b35ca.1\"},{\"@type\":\"BreadcrumbList\",\"@id\":\"https:\\\/\\\/pcbigouden.fr\\\/?p=5038#breadcrumb\",\"itemListElement\":[{\"@type\":\"ListItem\",\"position\":1,\"name\":\"Accueil\",\"item\":\"https:\\\/\\\/pcbigouden.fr\\\/\"},{\"@type\":\"ListItem\",\"position\":2,\"name\":\"80e anniversaire de la capitulation de l&rsquo;Allemagne nazie c\u00e9l\u00e9br\u00e9 \u00e0 Tr\u00e9dudon-le-Moine\"}]},{\"@type\":\"WebSite\",\"@id\":\"https:\\\/\\\/pcbigouden.fr\\\/#website\",\"url\":\"https:\\\/\\\/pcbigouden.fr\\\/\",\"name\":\"PCF Pays Bigouden\",\"description\":\"Blog des communistes du Pays Bigouden\",\"publisher\":{\"@id\":\"https:\\\/\\\/pcbigouden.fr\\\/#organization\"},\"potentialAction\":[{\"@type\":\"SearchAction\",\"target\":{\"@type\":\"EntryPoint\",\"urlTemplate\":\"https:\\\/\\\/pcbigouden.fr\\\/?s={search_term_string}\"},\"query-input\":{\"@type\":\"PropertyValueSpecification\",\"valueRequired\":true,\"valueName\":\"search_term_string\"}}],\"inLanguage\":\"fr-FR\"},{\"@type\":\"Organization\",\"@id\":\"https:\\\/\\\/pcbigouden.fr\\\/#organization\",\"name\":\"Parti Communiste PCF Pays Bigouden\",\"url\":\"https:\\\/\\\/pcbigouden.fr\\\/\",\"logo\":{\"@type\":\"ImageObject\",\"inLanguage\":\"fr-FR\",\"@id\":\"https:\\\/\\\/pcbigouden.fr\\\/#\\\/schema\\\/logo\\\/image\\\/\",\"url\":\"https:\\\/\\\/pcbigouden.fr\\\/wp-content\\\/uploads\\\/2021\\\/10\\\/logoTB307x290.jpg\",\"contentUrl\":\"https:\\\/\\\/pcbigouden.fr\\\/wp-content\\\/uploads\\\/2021\\\/10\\\/logoTB307x290.jpg\",\"width\":307,\"height\":290,\"caption\":\"Parti Communiste PCF Pays Bigouden\"},\"image\":{\"@id\":\"https:\\\/\\\/pcbigouden.fr\\\/#\\\/schema\\\/logo\\\/image\\\/\"}},{\"@type\":\"Person\",\"@id\":\"https:\\\/\\\/pcbigouden.fr\\\/#\\\/schema\\\/person\\\/db553cfd25f8e9e7ec7d3d2266b34e5e\",\"name\":\"philarmor\",\"image\":{\"@type\":\"ImageObject\",\"inLanguage\":\"fr-FR\",\"@id\":\"https:\\\/\\\/secure.gravatar.com\\\/avatar\\\/d64b18fe41ef6147792f83422f86e16391f18bc76f91f5a4e59b9213ce0ab52c?s=96&d=mm&r=g\",\"url\":\"https:\\\/\\\/secure.gravatar.com\\\/avatar\\\/d64b18fe41ef6147792f83422f86e16391f18bc76f91f5a4e59b9213ce0ab52c?s=96&d=mm&r=g\",\"contentUrl\":\"https:\\\/\\\/secure.gravatar.com\\\/avatar\\\/d64b18fe41ef6147792f83422f86e16391f18bc76f91f5a4e59b9213ce0ab52c?s=96&d=mm&r=g\",\"caption\":\"philarmor\"},\"url\":\"https:\\\/\\\/pcbigouden.fr\\\/?author=8\"}]}<\/script>\n<!-- \/ Yoast SEO plugin. -->","yoast_head_json":{"title":"80e anniversaire de la capitulation de l'Allemagne nazie c\u00e9l\u00e9br\u00e9 \u00e0 Tr\u00e9dudon-le-Moine - PCF Pays Bigouden","robots":{"index":"index","follow":"follow","max-snippet":"max-snippet:-1","max-image-preview":"max-image-preview:large","max-video-preview":"max-video-preview:-1"},"canonical":"https:\/\/pcbigouden.fr\/?p=5038","og_locale":"fr_FR","og_type":"article","og_title":"80e anniversaire de la capitulation de l'Allemagne nazie c\u00e9l\u00e9br\u00e9 \u00e0 Tr\u00e9dudon-le-Moine - PCF Pays Bigouden","og_description":"Dans cette commune de Berrien, premier village r\u00e9sistant de France, les comm\u00e9morations rev\u00eatent toujours une \u00e9motion particuli\u00e8re. Parmi les \u00e9lus, les maires de Berrien, Hubert Le\u00a0Lann, de Ploun\u00e9our-M\u00e9nez, S\u00e9bastien Marie et de Huelgoat, Jacques Th\u00e9paut. Plus d\u2019une centaine de personnes ont pris part jeudi 8 mai au rassemblement organis\u00e9 \u00e0 Tr\u00e9dudon-le-Moine, commune de Berrien et\u00a0premier &hellip; Continue reading 80e anniversaire de la capitulation de l&rsquo;Allemagne nazie c\u00e9l\u00e9br\u00e9 \u00e0 Tr\u00e9dudon-le-Moine","og_url":"https:\/\/pcbigouden.fr\/?p=5038","og_site_name":"PCF Pays Bigouden","article_published_time":"2025-05-10T19:51:24+00:00","article_modified_time":"2025-10-25T15:45:48+00:00","og_image":[{"url":"https:\/\/media.letelegramme.fr\/api\/v1\/images\/view\/681dc4cc6dbb5f59860b35ca\/web_golden_xl\/681dc4cc6dbb5f59860b35ca.1","type":"","width":"","height":""}],"author":"philarmor","twitter_card":"summary_large_image","twitter_misc":{"\u00c9crit par":"philarmor","Dur\u00e9e de lecture estim\u00e9e":"1 minute"},"schema":{"@context":"https:\/\/schema.org","@graph":[{"@type":"Article","@id":"https:\/\/pcbigouden.fr\/?p=5038#article","isPartOf":{"@id":"https:\/\/pcbigouden.fr\/?p=5038"},"author":{"name":"philarmor","@id":"https:\/\/pcbigouden.fr\/#\/schema\/person\/db553cfd25f8e9e7ec7d3d2266b34e5e"},"headline":"80e anniversaire de la capitulation de l&rsquo;Allemagne nazie c\u00e9l\u00e9br\u00e9 \u00e0 Tr\u00e9dudon-le-Moine","datePublished":"2025-05-10T19:51:24+00:00","dateModified":"2025-10-25T15:45:48+00:00","mainEntityOfPage":{"@id":"https:\/\/pcbigouden.fr\/?p=5038"},"wordCount":308,"commentCount":0,"publisher":{"@id":"https:\/\/pcbigouden.fr\/#organization"},"image":{"@id":"https:\/\/pcbigouden.fr\/?p=5038#primaryimage"},"thumbnailUrl":"https:\/\/media.letelegramme.fr\/api\/v1\/images\/view\/681dc4cc6dbb5f59860b35ca\/web_golden_xl\/681dc4cc6dbb5f59860b35ca.1","articleSection":["Ext\u00eame droite","Parti Communiste"],"inLanguage":"fr-FR","potentialAction":[{"@type":"CommentAction","name":"Comment","target":["https:\/\/pcbigouden.fr\/?p=5038#respond"]}]},{"@type":"WebPage","@id":"https:\/\/pcbigouden.fr\/?p=5038","url":"https:\/\/pcbigouden.fr\/?p=5038","name":"80e anniversaire de la capitulation de l'Allemagne nazie c\u00e9l\u00e9br\u00e9 \u00e0 Tr\u00e9dudon-le-Moine - PCF Pays Bigouden","isPartOf":{"@id":"https:\/\/pcbigouden.fr\/#website"},"primaryImageOfPage":{"@id":"https:\/\/pcbigouden.fr\/?p=5038#primaryimage"},"image":{"@id":"https:\/\/pcbigouden.fr\/?p=5038#primaryimage"},"thumbnailUrl":"https:\/\/media.letelegramme.fr\/api\/v1\/images\/view\/681dc4cc6dbb5f59860b35ca\/web_golden_xl\/681dc4cc6dbb5f59860b35ca.1","datePublished":"2025-05-10T19:51:24+00:00","dateModified":"2025-10-25T15:45:48+00:00","breadcrumb":{"@id":"https:\/\/pcbigouden.fr\/?p=5038#breadcrumb"},"inLanguage":"fr-FR","potentialAction":[{"@type":"ReadAction","target":["https:\/\/pcbigouden.fr\/?p=5038"]}]},{"@type":"ImageObject","inLanguage":"fr-FR","@id":"https:\/\/pcbigouden.fr\/?p=5038#primaryimage","url":"https:\/\/media.letelegramme.fr\/api\/v1\/images\/view\/681dc4cc6dbb5f59860b35ca\/web_golden_xl\/681dc4cc6dbb5f59860b35ca.1","contentUrl":"https:\/\/media.letelegramme.fr\/api\/v1\/images\/view\/681dc4cc6dbb5f59860b35ca\/web_golden_xl\/681dc4cc6dbb5f59860b35ca.1"},{"@type":"BreadcrumbList","@id":"https:\/\/pcbigouden.fr\/?p=5038#breadcrumb","itemListElement":[{"@type":"ListItem","position":1,"name":"Accueil","item":"https:\/\/pcbigouden.fr\/"},{"@type":"ListItem","position":2,"name":"80e anniversaire de la capitulation de l&rsquo;Allemagne nazie c\u00e9l\u00e9br\u00e9 \u00e0 Tr\u00e9dudon-le-Moine"}]},{"@type":"WebSite","@id":"https:\/\/pcbigouden.fr\/#website","url":"https:\/\/pcbigouden.fr\/","name":"PCF Pays Bigouden","description":"Blog des communistes du Pays Bigouden","publisher":{"@id":"https:\/\/pcbigouden.fr\/#organization"},"potentialAction":[{"@type":"SearchAction","target":{"@type":"EntryPoint","urlTemplate":"https:\/\/pcbigouden.fr\/?s={search_term_string}"},"query-input":{"@type":"PropertyValueSpecification","valueRequired":true,"valueName":"search_term_string"}}],"inLanguage":"fr-FR"},{"@type":"Organization","@id":"https:\/\/pcbigouden.fr\/#organization","name":"Parti Communiste PCF Pays Bigouden","url":"https:\/\/pcbigouden.fr\/","logo":{"@type":"ImageObject","inLanguage":"fr-FR","@id":"https:\/\/pcbigouden.fr\/#\/schema\/logo\/image\/","url":"https:\/\/pcbigouden.fr\/wp-content\/uploads\/2021\/10\/logoTB307x290.jpg","contentUrl":"https:\/\/pcbigouden.fr\/wp-content\/uploads\/2021\/10\/logoTB307x290.jpg","width":307,"height":290,"caption":"Parti Communiste PCF Pays Bigouden"},"image":{"@id":"https:\/\/pcbigouden.fr\/#\/schema\/logo\/image\/"}},{"@type":"Person","@id":"https:\/\/pcbigouden.fr\/#\/schema\/person\/db553cfd25f8e9e7ec7d3d2266b34e5e","name":"philarmor","image":{"@type":"ImageObject","inLanguage":"fr-FR","@id":"https:\/\/secure.gravatar.com\/avatar\/d64b18fe41ef6147792f83422f86e16391f18bc76f91f5a4e59b9213ce0ab52c?s=96&d=mm&r=g","url":"https:\/\/secure.gravatar.com\/avatar\/d64b18fe41ef6147792f83422f86e16391f18bc76f91f5a4e59b9213ce0ab52c?s=96&d=mm&r=g","contentUrl":"https:\/\/secure.gravatar.com\/avatar\/d64b18fe41ef6147792f83422f86e16391f18bc76f91f5a4e59b9213ce0ab52c?s=96&d=mm&r=g","caption":"philarmor"},"url":"https:\/\/pcbigouden.fr\/?author=8"}]}},"jetpack_featured_media_url":"","jetpack_sharing_enabled":true,"jetpack_likes_enabled":true,"_links":{"self":[{"href":"https:\/\/pcbigouden.fr\/index.php?rest_route=\/wp\/v2\/posts\/5038","targetHints":{"allow":["GET"]}}],"collection":[{"href":"https:\/\/pcbigouden.fr\/index.php?rest_route=\/wp\/v2\/posts"}],"about":[{"href":"https:\/\/pcbigouden.fr\/index.php?rest_route=\/wp\/v2\/types\/post"}],"author":[{"embeddable":true,"href":"https:\/\/pcbigouden.fr\/index.php?rest_route=\/wp\/v2\/users\/8"}],"replies":[{"embeddable":true,"href":"https:\/\/pcbigouden.fr\/index.php?rest_route=%2Fwp%2Fv2%2Fcomments&post=5038"}],"version-history":[{"count":4,"href":"https:\/\/pcbigouden.fr\/index.php?rest_route=\/wp\/v2\/posts\/5038\/revisions"}],"predecessor-version":[{"id":5054,"href":"https:\/\/pcbigouden.fr\/index.php?rest_route=\/wp\/v2\/posts\/5038\/revisions\/5054"}],"wp:attachment":[{"href":"https:\/\/pcbigouden.fr\/index.php?rest_route=%2Fwp%2Fv2%2Fmedia&parent=5038"}],"wp:term":[{"taxonomy":"category","embeddable":true,"href":"https:\/\/pcbigouden.fr\/index.php?rest_route=%2Fwp%2Fv2%2Fcategories&post=5038"},{"taxonomy":"post_tag","embeddable":true,"href":"https:\/\/pcbigouden.fr\/index.php?rest_route=%2Fwp%2Fv2%2Ftags&post=5038"}],"curies":[{"name":"wp","href":"https:\/\/api.w.org\/{rel}","templated":true}]}}