{"id":5011,"date":"2025-05-08T08:20:06","date_gmt":"2025-05-08T06:20:06","guid":{"rendered":"https:\/\/pcbigouden.fr\/?p=5011"},"modified":"2025-05-08T09:48:56","modified_gmt":"2025-05-08T07:48:56","slug":"non-a-lannexion-de-gaza-la-france-doit-urgemment-reconnaitre-la-palestine","status":"publish","type":"post","link":"https:\/\/pcbigouden.fr\/?p=5011","title":{"rendered":"Non \u00e0 l\u2019annexion de Gaza ! La France doit urgemment reconna\u00eetre la Palestine"},"content":{"rendered":"<p><a href=\"https:\/\/pcbigouden.fr\/?attachment_id=5013\" rel=\"attachment wp-att-5013\"><img loading=\"lazy\" decoding=\"async\" class=\"size-medium wp-image-5013 alignright\" src=\"https:\/\/pcbigouden.fr\/wp-content\/uploads\/2025\/05\/1-240x300.jpg\" alt=\"\" width=\"240\" height=\"300\" srcset=\"https:\/\/pcbigouden.fr\/wp-content\/uploads\/2025\/05\/1-240x300.jpg 240w, https:\/\/pcbigouden.fr\/wp-content\/uploads\/2025\/05\/1-820x1024.jpg 820w, https:\/\/pcbigouden.fr\/wp-content\/uploads\/2025\/05\/1-768x959.jpg 768w, https:\/\/pcbigouden.fr\/wp-content\/uploads\/2025\/05\/1-87x108.jpg 87w, https:\/\/pcbigouden.fr\/wp-content\/uploads\/2025\/05\/1.jpg 853w\" sizes=\"auto, (max-width: 240px) 100vw, 240px\" \/><\/a>Le gouvernement isra\u00e9lien a annonc\u00e9 sa volont\u00e9 d\u2019annexer la bande de Gaza, territoire palestinien, et d\u2019en d\u00e9placer les habitants.<\/p>\n<p>C\u2019est une nouvelle grave escalade dans le bafouement du droit international.<\/p>\n<p>Isra\u00ebl avait d\u00e9j\u00e0 annex\u00e9 et colonis\u00e9 la bande de Gaza de 1967 \u00e0 2005, avant de s\u2019en retirer et de d\u00e9manteler les colonies. \u00c0 partir de 2007, un blocus est impos\u00e9 \u00e0 l\u2019enclave palestinienne, cr\u00e9ant des conditions \u00e9conomiques invivables, auxquelles s\u2019ajoutent de fr\u00e9quentes destructions d\u2019infrastructures civiles.<!--moreLire la suite...--><\/p>\n<p>Depuis un an et demi, les bombardements incessants, l\u2019entrave \u00e0 l\u2019aide humanitaire, la famine et le blocus autour de la bande de Gaza ont fait plus de 50\u00a0000 morts palestiniens, dont une majorit\u00e9 de civils. L\u2019ONU d\u00e9nonce une crise humanitaire et une politique d\u00e9lib\u00e9r\u00e9ment cruelle, contraire aux principes humanitaires fondamentaux.<\/p>\n<p>La France, par la voix de Jean-No\u00ebl Barrot, condamne le plan d\u2019annexion de la bande de Gaza et admet une infraction avec le droit international.<\/p>\n<p>Au-del\u00e0 des d\u00e9clarations, il est urgent pour la France de passer aux actes concrets, en reconnaissant l\u2019\u00c9tat palestinien et ses territoires tels que d\u00e9finis depuis bien longtemps par les Nations unies. C\u2019est de toute \u00e9vidence un levier important pour faire arr\u00eater l\u2019occupation et les crimes de guerre.<\/p>\n<p>La bande de Gaza fait n\u00e9cessairement partie de l\u2019avenir du peuple palestinien, le Conseil de s\u00e9curit\u00e9 doit le faire respecter.<\/p>\n<p>Le Mouvement jeunes communistes de France est pleinement engag\u00e9 pour faire grandir la mobilisation et la pression populaires sur le Pr\u00e9sident de la R\u00e9publique, afin qu\u2019il reconnaisse l\u2019\u00c9tat palestinien sans conditions dans les prochaines semaines.<\/p>\n<p>Paris, 7 mai 2025.<\/p>\n<p><a href=\"https:\/\/pcbigouden.fr\/?attachment_id=5018\" rel=\"attachment wp-att-5018\">PDF Lettre au pr\u00e9sident de la R\u00e9publique concernant la situation \u00e0 Gaza<\/a><\/p>\n","protected":false},"excerpt":{"rendered":"<p>Le gouvernement isra\u00e9lien a annonc\u00e9 sa volont\u00e9 d\u2019annexer la bande de Gaza, territoire palestinien, et d\u2019en d\u00e9placer les habitants. C\u2019est une nouvelle grave escalade dans le bafouement du droit international. Isra\u00ebl avait d\u00e9j\u00e0 annex\u00e9 et colonis\u00e9 la bande de Gaza de 1967 \u00e0 2005, avant de s\u2019en retirer et de d\u00e9manteler les colonies. \u00c0 partir &hellip; <a href=\"https:\/\/pcbigouden.fr\/?p=5011\" class=\"more-link\">Continue reading <span class=\"screen-reader-text\">Non \u00e0 l\u2019annexion de Gaza ! La France doit urgemment reconna\u00eetre la Palestine<\/span><\/a><\/p>\n","protected":false},"author":5,"featured_media":0,"comment_status":"open","ping_status":"closed","sticky":false,"template":"","format":"standard","meta":{"_jetpack_memberships_contains_paid_content":false,"footnotes":""},"categories":[2,69,7,50,59],"tags":[],"class_list":["post-5011","post","type-post","status-publish","format-standard","hentry","category-democratie","category-international","category-non-classe","category-paix","category-parti-communiste"],"yoast_head":"<!-- This site is optimized with the Yoast SEO plugin v27.5 - https:\/\/yoast.com\/product\/yoast-seo-wordpress\/ -->\n<title>Non \u00e0 l\u2019annexion de Gaza ! La France doit urgemment reconna\u00eetre la Palestine - PCF Pays Bigouden<\/title>\n<meta name=\"robots\" content=\"index, follow, max-snippet:-1, max-image-preview:large, max-video-preview:-1\" \/>\n<link rel=\"canonical\" href=\"https:\/\/pcbigouden.fr\/?p=5011\" \/>\n<meta property=\"og:locale\" content=\"fr_FR\" \/>\n<meta property=\"og:type\" content=\"article\" \/>\n<meta property=\"og:title\" content=\"Non \u00e0 l\u2019annexion de Gaza ! La France doit urgemment reconna\u00eetre la Palestine - PCF Pays Bigouden\" \/>\n<meta property=\"og:description\" content=\"Le gouvernement isra\u00e9lien a annonc\u00e9 sa volont\u00e9 d\u2019annexer la bande de Gaza, territoire palestinien, et d\u2019en d\u00e9placer les habitants. C\u2019est une nouvelle grave escalade dans le bafouement du droit international. Isra\u00ebl avait d\u00e9j\u00e0 annex\u00e9 et colonis\u00e9 la bande de Gaza de 1967 \u00e0 2005, avant de s\u2019en retirer et de d\u00e9manteler les colonies. \u00c0 partir &hellip; Continue reading Non \u00e0 l\u2019annexion de Gaza ! La France doit urgemment reconna\u00eetre la Palestine\" \/>\n<meta property=\"og:url\" content=\"https:\/\/pcbigouden.fr\/?p=5011\" \/>\n<meta property=\"og:site_name\" content=\"PCF Pays Bigouden\" \/>\n<meta property=\"article:published_time\" content=\"2025-05-08T06:20:06+00:00\" \/>\n<meta property=\"article:modified_time\" content=\"2025-05-08T07:48:56+00:00\" \/>\n<meta property=\"og:image\" content=\"https:\/\/pcbigouden.fr\/wp-content\/uploads\/2025\/05\/1.jpg\" \/>\n\t<meta property=\"og:image:width\" content=\"853\" \/>\n\t<meta property=\"og:image:height\" content=\"1065\" \/>\n\t<meta property=\"og:image:type\" content=\"image\/jpeg\" \/>\n<meta name=\"author\" content=\"cortomaltes29\" \/>\n<meta name=\"twitter:card\" content=\"summary_large_image\" \/>\n<meta name=\"twitter:label1\" content=\"\u00c9crit par\" \/>\n\t<meta name=\"twitter:data1\" content=\"cortomaltes29\" \/>\n\t<meta name=\"twitter:label2\" content=\"Dur\u00e9e de lecture estim\u00e9e\" \/>\n\t<meta name=\"twitter:data2\" content=\"1 minute\" \/>\n<script type=\"application\/ld+json\" class=\"yoast-schema-graph\">{\"@context\":\"https:\\\/\\\/schema.org\",\"@graph\":[{\"@type\":\"Article\",\"@id\":\"https:\\\/\\\/pcbigouden.fr\\\/?p=5011#article\",\"isPartOf\":{\"@id\":\"https:\\\/\\\/pcbigouden.fr\\\/?p=5011\"},\"author\":{\"name\":\"cortomaltes29\",\"@id\":\"https:\\\/\\\/pcbigouden.fr\\\/#\\\/schema\\\/person\\\/dc763e11bee76f6c59d8d18653939a2c\"},\"headline\":\"Non \u00e0 l\u2019annexion de Gaza ! La France doit urgemment reconna\u00eetre la Palestine\",\"datePublished\":\"2025-05-08T06:20:06+00:00\",\"dateModified\":\"2025-05-08T07:48:56+00:00\",\"mainEntityOfPage\":{\"@id\":\"https:\\\/\\\/pcbigouden.fr\\\/?p=5011\"},\"wordCount\":309,\"commentCount\":0,\"publisher\":{\"@id\":\"https:\\\/\\\/pcbigouden.fr\\\/#organization\"},\"image\":{\"@id\":\"https:\\\/\\\/pcbigouden.fr\\\/?p=5011#primaryimage\"},\"thumbnailUrl\":\"https:\\\/\\\/pcbigouden.fr\\\/wp-content\\\/uploads\\\/2025\\\/05\\\/1-240x300.jpg\",\"articleSection\":{\"0\":\"D\u00e9mocratie\",\"1\":\"International\",\"3\":\"Paix\",\"4\":\"Parti Communiste\"},\"inLanguage\":\"fr-FR\",\"potentialAction\":[{\"@type\":\"CommentAction\",\"name\":\"Comment\",\"target\":[\"https:\\\/\\\/pcbigouden.fr\\\/?p=5011#respond\"]}]},{\"@type\":\"WebPage\",\"@id\":\"https:\\\/\\\/pcbigouden.fr\\\/?p=5011\",\"url\":\"https:\\\/\\\/pcbigouden.fr\\\/?p=5011\",\"name\":\"Non \u00e0 l\u2019annexion de Gaza ! La France doit urgemment reconna\u00eetre la Palestine - PCF Pays Bigouden\",\"isPartOf\":{\"@id\":\"https:\\\/\\\/pcbigouden.fr\\\/#website\"},\"primaryImageOfPage\":{\"@id\":\"https:\\\/\\\/pcbigouden.fr\\\/?p=5011#primaryimage\"},\"image\":{\"@id\":\"https:\\\/\\\/pcbigouden.fr\\\/?p=5011#primaryimage\"},\"thumbnailUrl\":\"https:\\\/\\\/pcbigouden.fr\\\/wp-content\\\/uploads\\\/2025\\\/05\\\/1-240x300.jpg\",\"datePublished\":\"2025-05-08T06:20:06+00:00\",\"dateModified\":\"2025-05-08T07:48:56+00:00\",\"breadcrumb\":{\"@id\":\"https:\\\/\\\/pcbigouden.fr\\\/?p=5011#breadcrumb\"},\"inLanguage\":\"fr-FR\",\"potentialAction\":[{\"@type\":\"ReadAction\",\"target\":[\"https:\\\/\\\/pcbigouden.fr\\\/?p=5011\"]}]},{\"@type\":\"ImageObject\",\"inLanguage\":\"fr-FR\",\"@id\":\"https:\\\/\\\/pcbigouden.fr\\\/?p=5011#primaryimage\",\"url\":\"https:\\\/\\\/pcbigouden.fr\\\/wp-content\\\/uploads\\\/2025\\\/05\\\/1.jpg\",\"contentUrl\":\"https:\\\/\\\/pcbigouden.fr\\\/wp-content\\\/uploads\\\/2025\\\/05\\\/1.jpg\",\"width\":853,\"height\":1065},{\"@type\":\"BreadcrumbList\",\"@id\":\"https:\\\/\\\/pcbigouden.fr\\\/?p=5011#breadcrumb\",\"itemListElement\":[{\"@type\":\"ListItem\",\"position\":1,\"name\":\"Accueil\",\"item\":\"https:\\\/\\\/pcbigouden.fr\\\/\"},{\"@type\":\"ListItem\",\"position\":2,\"name\":\"Non \u00e0 l\u2019annexion de Gaza ! La France doit urgemment reconna\u00eetre la Palestine\"}]},{\"@type\":\"WebSite\",\"@id\":\"https:\\\/\\\/pcbigouden.fr\\\/#website\",\"url\":\"https:\\\/\\\/pcbigouden.fr\\\/\",\"name\":\"PCF Pays Bigouden\",\"description\":\"Blog des communistes du Pays Bigouden\",\"publisher\":{\"@id\":\"https:\\\/\\\/pcbigouden.fr\\\/#organization\"},\"potentialAction\":[{\"@type\":\"SearchAction\",\"target\":{\"@type\":\"EntryPoint\",\"urlTemplate\":\"https:\\\/\\\/pcbigouden.fr\\\/?s={search_term_string}\"},\"query-input\":{\"@type\":\"PropertyValueSpecification\",\"valueRequired\":true,\"valueName\":\"search_term_string\"}}],\"inLanguage\":\"fr-FR\"},{\"@type\":\"Organization\",\"@id\":\"https:\\\/\\\/pcbigouden.fr\\\/#organization\",\"name\":\"Parti Communiste PCF Pays Bigouden\",\"url\":\"https:\\\/\\\/pcbigouden.fr\\\/\",\"logo\":{\"@type\":\"ImageObject\",\"inLanguage\":\"fr-FR\",\"@id\":\"https:\\\/\\\/pcbigouden.fr\\\/#\\\/schema\\\/logo\\\/image\\\/\",\"url\":\"https:\\\/\\\/pcbigouden.fr\\\/wp-content\\\/uploads\\\/2021\\\/10\\\/logoTB307x290.jpg\",\"contentUrl\":\"https:\\\/\\\/pcbigouden.fr\\\/wp-content\\\/uploads\\\/2021\\\/10\\\/logoTB307x290.jpg\",\"width\":307,\"height\":290,\"caption\":\"Parti Communiste PCF Pays Bigouden\"},\"image\":{\"@id\":\"https:\\\/\\\/pcbigouden.fr\\\/#\\\/schema\\\/logo\\\/image\\\/\"}},{\"@type\":\"Person\",\"@id\":\"https:\\\/\\\/pcbigouden.fr\\\/#\\\/schema\\\/person\\\/dc763e11bee76f6c59d8d18653939a2c\",\"name\":\"cortomaltes29\",\"image\":{\"@type\":\"ImageObject\",\"inLanguage\":\"fr-FR\",\"@id\":\"https:\\\/\\\/secure.gravatar.com\\\/avatar\\\/c2ce5036b4b39dfed348d934e527c141cfac704b84e909e2086924ec476d0315?s=96&d=mm&r=g\",\"url\":\"https:\\\/\\\/secure.gravatar.com\\\/avatar\\\/c2ce5036b4b39dfed348d934e527c141cfac704b84e909e2086924ec476d0315?s=96&d=mm&r=g\",\"contentUrl\":\"https:\\\/\\\/secure.gravatar.com\\\/avatar\\\/c2ce5036b4b39dfed348d934e527c141cfac704b84e909e2086924ec476d0315?s=96&d=mm&r=g\",\"caption\":\"cortomaltes29\"},\"url\":\"https:\\\/\\\/pcbigouden.fr\\\/?author=5\"}]}<\/script>\n<!-- \/ Yoast SEO plugin. -->","yoast_head_json":{"title":"Non \u00e0 l\u2019annexion de Gaza ! La France doit urgemment reconna\u00eetre la Palestine - PCF Pays Bigouden","robots":{"index":"index","follow":"follow","max-snippet":"max-snippet:-1","max-image-preview":"max-image-preview:large","max-video-preview":"max-video-preview:-1"},"canonical":"https:\/\/pcbigouden.fr\/?p=5011","og_locale":"fr_FR","og_type":"article","og_title":"Non \u00e0 l\u2019annexion de Gaza ! La France doit urgemment reconna\u00eetre la Palestine - PCF Pays Bigouden","og_description":"Le gouvernement isra\u00e9lien a annonc\u00e9 sa volont\u00e9 d\u2019annexer la bande de Gaza, territoire palestinien, et d\u2019en d\u00e9placer les habitants. C\u2019est une nouvelle grave escalade dans le bafouement du droit international. Isra\u00ebl avait d\u00e9j\u00e0 annex\u00e9 et colonis\u00e9 la bande de Gaza de 1967 \u00e0 2005, avant de s\u2019en retirer et de d\u00e9manteler les colonies. \u00c0 partir &hellip; Continue reading Non \u00e0 l\u2019annexion de Gaza ! La France doit urgemment reconna\u00eetre la Palestine","og_url":"https:\/\/pcbigouden.fr\/?p=5011","og_site_name":"PCF Pays Bigouden","article_published_time":"2025-05-08T06:20:06+00:00","article_modified_time":"2025-05-08T07:48:56+00:00","og_image":[{"width":853,"height":1065,"url":"https:\/\/pcbigouden.fr\/wp-content\/uploads\/2025\/05\/1.jpg","type":"image\/jpeg"}],"author":"cortomaltes29","twitter_card":"summary_large_image","twitter_misc":{"\u00c9crit par":"cortomaltes29","Dur\u00e9e de lecture estim\u00e9e":"1 minute"},"schema":{"@context":"https:\/\/schema.org","@graph":[{"@type":"Article","@id":"https:\/\/pcbigouden.fr\/?p=5011#article","isPartOf":{"@id":"https:\/\/pcbigouden.fr\/?p=5011"},"author":{"name":"cortomaltes29","@id":"https:\/\/pcbigouden.fr\/#\/schema\/person\/dc763e11bee76f6c59d8d18653939a2c"},"headline":"Non \u00e0 l\u2019annexion de Gaza ! La France doit urgemment reconna\u00eetre la Palestine","datePublished":"2025-05-08T06:20:06+00:00","dateModified":"2025-05-08T07:48:56+00:00","mainEntityOfPage":{"@id":"https:\/\/pcbigouden.fr\/?p=5011"},"wordCount":309,"commentCount":0,"publisher":{"@id":"https:\/\/pcbigouden.fr\/#organization"},"image":{"@id":"https:\/\/pcbigouden.fr\/?p=5011#primaryimage"},"thumbnailUrl":"https:\/\/pcbigouden.fr\/wp-content\/uploads\/2025\/05\/1-240x300.jpg","articleSection":{"0":"D\u00e9mocratie","1":"International","3":"Paix","4":"Parti Communiste"},"inLanguage":"fr-FR","potentialAction":[{"@type":"CommentAction","name":"Comment","target":["https:\/\/pcbigouden.fr\/?p=5011#respond"]}]},{"@type":"WebPage","@id":"https:\/\/pcbigouden.fr\/?p=5011","url":"https:\/\/pcbigouden.fr\/?p=5011","name":"Non \u00e0 l\u2019annexion de Gaza ! La France doit urgemment reconna\u00eetre la Palestine - PCF Pays Bigouden","isPartOf":{"@id":"https:\/\/pcbigouden.fr\/#website"},"primaryImageOfPage":{"@id":"https:\/\/pcbigouden.fr\/?p=5011#primaryimage"},"image":{"@id":"https:\/\/pcbigouden.fr\/?p=5011#primaryimage"},"thumbnailUrl":"https:\/\/pcbigouden.fr\/wp-content\/uploads\/2025\/05\/1-240x300.jpg","datePublished":"2025-05-08T06:20:06+00:00","dateModified":"2025-05-08T07:48:56+00:00","breadcrumb":{"@id":"https:\/\/pcbigouden.fr\/?p=5011#breadcrumb"},"inLanguage":"fr-FR","potentialAction":[{"@type":"ReadAction","target":["https:\/\/pcbigouden.fr\/?p=5011"]}]},{"@type":"ImageObject","inLanguage":"fr-FR","@id":"https:\/\/pcbigouden.fr\/?p=5011#primaryimage","url":"https:\/\/pcbigouden.fr\/wp-content\/uploads\/2025\/05\/1.jpg","contentUrl":"https:\/\/pcbigouden.fr\/wp-content\/uploads\/2025\/05\/1.jpg","width":853,"height":1065},{"@type":"BreadcrumbList","@id":"https:\/\/pcbigouden.fr\/?p=5011#breadcrumb","itemListElement":[{"@type":"ListItem","position":1,"name":"Accueil","item":"https:\/\/pcbigouden.fr\/"},{"@type":"ListItem","position":2,"name":"Non \u00e0 l\u2019annexion de Gaza ! La France doit urgemment reconna\u00eetre la Palestine"}]},{"@type":"WebSite","@id":"https:\/\/pcbigouden.fr\/#website","url":"https:\/\/pcbigouden.fr\/","name":"PCF Pays Bigouden","description":"Blog des communistes du Pays Bigouden","publisher":{"@id":"https:\/\/pcbigouden.fr\/#organization"},"potentialAction":[{"@type":"SearchAction","target":{"@type":"EntryPoint","urlTemplate":"https:\/\/pcbigouden.fr\/?s={search_term_string}"},"query-input":{"@type":"PropertyValueSpecification","valueRequired":true,"valueName":"search_term_string"}}],"inLanguage":"fr-FR"},{"@type":"Organization","@id":"https:\/\/pcbigouden.fr\/#organization","name":"Parti Communiste PCF Pays Bigouden","url":"https:\/\/pcbigouden.fr\/","logo":{"@type":"ImageObject","inLanguage":"fr-FR","@id":"https:\/\/pcbigouden.fr\/#\/schema\/logo\/image\/","url":"https:\/\/pcbigouden.fr\/wp-content\/uploads\/2021\/10\/logoTB307x290.jpg","contentUrl":"https:\/\/pcbigouden.fr\/wp-content\/uploads\/2021\/10\/logoTB307x290.jpg","width":307,"height":290,"caption":"Parti Communiste PCF Pays Bigouden"},"image":{"@id":"https:\/\/pcbigouden.fr\/#\/schema\/logo\/image\/"}},{"@type":"Person","@id":"https:\/\/pcbigouden.fr\/#\/schema\/person\/dc763e11bee76f6c59d8d18653939a2c","name":"cortomaltes29","image":{"@type":"ImageObject","inLanguage":"fr-FR","@id":"https:\/\/secure.gravatar.com\/avatar\/c2ce5036b4b39dfed348d934e527c141cfac704b84e909e2086924ec476d0315?s=96&d=mm&r=g","url":"https:\/\/secure.gravatar.com\/avatar\/c2ce5036b4b39dfed348d934e527c141cfac704b84e909e2086924ec476d0315?s=96&d=mm&r=g","contentUrl":"https:\/\/secure.gravatar.com\/avatar\/c2ce5036b4b39dfed348d934e527c141cfac704b84e909e2086924ec476d0315?s=96&d=mm&r=g","caption":"cortomaltes29"},"url":"https:\/\/pcbigouden.fr\/?author=5"}]}},"jetpack_featured_media_url":"","jetpack_sharing_enabled":true,"jetpack_likes_enabled":true,"_links":{"self":[{"href":"https:\/\/pcbigouden.fr\/index.php?rest_route=\/wp\/v2\/posts\/5011","targetHints":{"allow":["GET"]}}],"collection":[{"href":"https:\/\/pcbigouden.fr\/index.php?rest_route=\/wp\/v2\/posts"}],"about":[{"href":"https:\/\/pcbigouden.fr\/index.php?rest_route=\/wp\/v2\/types\/post"}],"author":[{"embeddable":true,"href":"https:\/\/pcbigouden.fr\/index.php?rest_route=\/wp\/v2\/users\/5"}],"replies":[{"embeddable":true,"href":"https:\/\/pcbigouden.fr\/index.php?rest_route=%2Fwp%2Fv2%2Fcomments&post=5011"}],"version-history":[{"count":6,"href":"https:\/\/pcbigouden.fr\/index.php?rest_route=\/wp\/v2\/posts\/5011\/revisions"}],"predecessor-version":[{"id":5022,"href":"https:\/\/pcbigouden.fr\/index.php?rest_route=\/wp\/v2\/posts\/5011\/revisions\/5022"}],"wp:attachment":[{"href":"https:\/\/pcbigouden.fr\/index.php?rest_route=%2Fwp%2Fv2%2Fmedia&parent=5011"}],"wp:term":[{"taxonomy":"category","embeddable":true,"href":"https:\/\/pcbigouden.fr\/index.php?rest_route=%2Fwp%2Fv2%2Fcategories&post=5011"},{"taxonomy":"post_tag","embeddable":true,"href":"https:\/\/pcbigouden.fr\/index.php?rest_route=%2Fwp%2Fv2%2Ftags&post=5011"}],"curies":[{"name":"wp","href":"https:\/\/api.w.org\/{rel}","templated":true}]}}