{"id":4999,"date":"2025-05-06T08:46:41","date_gmt":"2025-05-06T06:46:41","guid":{"rendered":"https:\/\/pcbigouden.fr\/?p=4999"},"modified":"2025-05-06T09:33:32","modified_gmt":"2025-05-06T07:33:32","slug":"un-8-mai-pour-la-paix-contre-le-fascisme-pour-le-progres-social-et-humain-a-tredudon-le-moine-rassemblement-organise-par-le-pcf-finistere-a-tredudon-le-moine","status":"publish","type":"post","link":"https:\/\/pcbigouden.fr\/?p=4999","title":{"rendered":"Un 8 mai pour la Paix, contre le fascisme, pour le progr\u00e8s social et humain \u00e0 Tredudon le Moine: rassemblement organis\u00e9 par le PCF Finist\u00e8re \u00e0 Tredudon-le-Moine"},"content":{"rendered":"<p><a href=\"https:\/\/pcbigouden.fr\/?attachment_id=5001\" rel=\"attachment wp-att-5001\"><img loading=\"lazy\" decoding=\"async\" class=\"size-medium wp-image-5001 alignright\" src=\"https:\/\/pcbigouden.fr\/wp-content\/uploads\/2025\/05\/Sans-titre-240x300.jpeg\" alt=\"\" width=\"240\" height=\"300\" srcset=\"https:\/\/pcbigouden.fr\/wp-content\/uploads\/2025\/05\/Sans-titre-240x300.jpeg 240w, https:\/\/pcbigouden.fr\/wp-content\/uploads\/2025\/05\/Sans-titre-819x1024.jpeg 819w, https:\/\/pcbigouden.fr\/wp-content\/uploads\/2025\/05\/Sans-titre-768x960.jpeg 768w, https:\/\/pcbigouden.fr\/wp-content\/uploads\/2025\/05\/Sans-titre-863x1079.jpeg 863w, https:\/\/pcbigouden.fr\/wp-content\/uploads\/2025\/05\/Sans-titre-86x108.jpeg 86w, https:\/\/pcbigouden.fr\/wp-content\/uploads\/2025\/05\/Sans-titre.jpeg 1080w\" sizes=\"auto, (max-width: 240px) 100vw, 240px\" \/><\/a><strong>Tredudon-le-Moine, Jeudi 8 mai 2025, 17h, rassemblement unitaire pour la Paix, la Justice sociale, les valeurs du Conseil National de la R\u00e9sistance et la lutte contre le fascisme et le racisme. <\/strong><br \/>\n<!--moreLire la suite--><\/p>\n<div id=\":om\" class=\"a3s aiL \">\n<div>\n<div>\n<p>80 ans apr\u00e8s la fin de la seconde guerre mondiale, la victoire contre le nazisme et le fascisme, les bombardements nucl\u00e9aires am\u00e9ricains contre les villes japonaises de Hiroshima et de Nagasaki, 80 ans apr\u00e8s la cr\u00e9ation de la S\u00e9curit\u00e9 Sociale et du programme des Jours Heureux con\u00e7us par le Conseil National de la R\u00e9sistance et porteur des valeurs de progr\u00e8s social, humain et d\u00e9mocratique de la r\u00e9sistance fran\u00e7aise, la F\u00e9d\u00e9ration du Parti communiste du Finist\u00e8re invite \u00e0 un rassemblement le 8 mai 2025 \u00e0 17h un rassemblement au 1er village r\u00e9sistant de France, \u00e0 Tredudon-le-Moine sur la commune de Berrien, Berrien, o\u00f9 d\u00e8s\u00a0 le 16 juin 1940, les habitants ont organis\u00e9 la r\u00e9sistance avec l&rsquo;organisation clandestine (interdite) du parti communiste fran\u00e7ais dirig\u00e9e localement par Pierre Plassart.<\/p>\n<p>Ensemble disons notre volont\u00e9 de Paix, d\u2019amiti\u00e9 entre les Peuples et de Progr\u00e8s, notre refus du fascisme, du racisme, de la guerre, de l\u2019imp\u00e9rialisme, notre refus d\u2019un monde o\u00f9 l\u2019on \u00e9radique les peuples pour coloniser, o\u00f9 le p\u00e9ril de destruction globale de l\u2019arme nucl\u00e9aire revient.<\/p>\n<p>Ensemble d\u00e9fendons l\u2019esprit progressistes du programme des Jours Heureux du Conseil National de la R\u00e9sistance: le rassemblement au service du progr\u00e8s humain, les grands services publics, les retraites par r\u00e9partition, la s\u00e9curit\u00e9 sociale, la limitation des monopoles capitalistes dans les m\u00e9dias.<\/p>\n<p>L\u2019invitation pour ce rassemblement est donn\u00e9e \u00e0 tous les citoyens qui souhaitent \u00eatre pr\u00e9sents et aux associations, syndicats, partis politiques qui se reconnaissent dans ces valeurs de Paix, d\u2019antifascisme et de progr\u00e8s social.<\/p>\n<p>Hubert Le Lann le maire de Berrien et S\u00e9bastien Marie le maire de Ploun\u00e9our Menez ont d\u00e9j\u00e0 annonc\u00e9s leur pr\u00e9sence, ainsi que la FSU, l\u2019UDB, les Ecologistes. La d\u00e9put\u00e9e M\u00e9lanie Thomin devrait \u00eatre pr\u00e9sente aussi, la JC, Gladys Grelaud notre conseill\u00e8re r\u00e9gionale, etc. G\u00e9rard Lahellec a \u00e9t\u00e9 invit\u00e9, comme tous les partis de gauche et les syndicats.<\/p>\n<\/div>\n<\/div>\n<\/div>\n<p>&nbsp;<\/p>\n","protected":false},"excerpt":{"rendered":"<p>Tredudon-le-Moine, Jeudi 8 mai 2025, 17h, rassemblement unitaire pour la Paix, la Justice sociale, les valeurs du Conseil National de la R\u00e9sistance et la lutte contre le fascisme et le racisme.<\/p>\n","protected":false},"author":5,"featured_media":0,"comment_status":"open","ping_status":"closed","sticky":false,"template":"","format":"standard","meta":{"_jetpack_memberships_contains_paid_content":false,"footnotes":""},"categories":[2,69,7,50,59],"tags":[],"class_list":["post-4999","post","type-post","status-publish","format-standard","hentry","category-democratie","category-international","category-non-classe","category-paix","category-parti-communiste"],"yoast_head":"<!-- This site is optimized with the Yoast SEO plugin v27.5 - https:\/\/yoast.com\/product\/yoast-seo-wordpress\/ -->\n<title>Un 8 mai pour la Paix, contre le fascisme, pour le progr\u00e8s social et humain \u00e0 Tredudon le Moine: rassemblement organis\u00e9 par le PCF Finist\u00e8re \u00e0 Tredudon-le-Moine - PCF Pays Bigouden<\/title>\n<meta name=\"robots\" content=\"index, follow, max-snippet:-1, max-image-preview:large, max-video-preview:-1\" \/>\n<link rel=\"canonical\" href=\"https:\/\/pcbigouden.fr\/?p=4999\" \/>\n<meta property=\"og:locale\" content=\"fr_FR\" \/>\n<meta property=\"og:type\" content=\"article\" \/>\n<meta property=\"og:title\" content=\"Un 8 mai pour la Paix, contre le fascisme, pour le progr\u00e8s social et humain \u00e0 Tredudon le Moine: rassemblement organis\u00e9 par le PCF Finist\u00e8re \u00e0 Tredudon-le-Moine - PCF Pays Bigouden\" \/>\n<meta property=\"og:description\" content=\"Tredudon-le-Moine, Jeudi 8 mai 2025, 17h, rassemblement unitaire pour la Paix, la Justice sociale, les valeurs du Conseil National de la R\u00e9sistance et la lutte contre le fascisme et le racisme.\" \/>\n<meta property=\"og:url\" content=\"https:\/\/pcbigouden.fr\/?p=4999\" \/>\n<meta property=\"og:site_name\" content=\"PCF Pays Bigouden\" \/>\n<meta property=\"article:published_time\" content=\"2025-05-06T06:46:41+00:00\" \/>\n<meta property=\"article:modified_time\" content=\"2025-05-06T07:33:32+00:00\" \/>\n<meta property=\"og:image\" content=\"https:\/\/pcbigouden.fr\/wp-content\/uploads\/2025\/05\/Sans-titre.jpeg\" \/>\n\t<meta property=\"og:image:width\" content=\"1080\" \/>\n\t<meta property=\"og:image:height\" content=\"1350\" \/>\n\t<meta property=\"og:image:type\" content=\"image\/jpeg\" \/>\n<meta name=\"author\" content=\"cortomaltes29\" \/>\n<meta name=\"twitter:card\" content=\"summary_large_image\" \/>\n<meta name=\"twitter:label1\" content=\"\u00c9crit par\" \/>\n\t<meta name=\"twitter:data1\" content=\"cortomaltes29\" \/>\n\t<meta name=\"twitter:label2\" content=\"Dur\u00e9e de lecture estim\u00e9e\" \/>\n\t<meta name=\"twitter:data2\" content=\"2 minutes\" \/>\n<script type=\"application\/ld+json\" class=\"yoast-schema-graph\">{\"@context\":\"https:\\\/\\\/schema.org\",\"@graph\":[{\"@type\":\"Article\",\"@id\":\"https:\\\/\\\/pcbigouden.fr\\\/?p=4999#article\",\"isPartOf\":{\"@id\":\"https:\\\/\\\/pcbigouden.fr\\\/?p=4999\"},\"author\":{\"name\":\"cortomaltes29\",\"@id\":\"https:\\\/\\\/pcbigouden.fr\\\/#\\\/schema\\\/person\\\/dc763e11bee76f6c59d8d18653939a2c\"},\"headline\":\"Un 8 mai pour la Paix, contre le fascisme, pour le progr\u00e8s social et humain \u00e0 Tredudon le Moine: rassemblement organis\u00e9 par le PCF Finist\u00e8re \u00e0 Tredudon-le-Moine\",\"datePublished\":\"2025-05-06T06:46:41+00:00\",\"dateModified\":\"2025-05-06T07:33:32+00:00\",\"mainEntityOfPage\":{\"@id\":\"https:\\\/\\\/pcbigouden.fr\\\/?p=4999\"},\"wordCount\":404,\"commentCount\":0,\"publisher\":{\"@id\":\"https:\\\/\\\/pcbigouden.fr\\\/#organization\"},\"image\":{\"@id\":\"https:\\\/\\\/pcbigouden.fr\\\/?p=4999#primaryimage\"},\"thumbnailUrl\":\"https:\\\/\\\/pcbigouden.fr\\\/wp-content\\\/uploads\\\/2025\\\/05\\\/Sans-titre-240x300.jpeg\",\"articleSection\":{\"0\":\"D\u00e9mocratie\",\"1\":\"International\",\"3\":\"Paix\",\"4\":\"Parti Communiste\"},\"inLanguage\":\"fr-FR\",\"potentialAction\":[{\"@type\":\"CommentAction\",\"name\":\"Comment\",\"target\":[\"https:\\\/\\\/pcbigouden.fr\\\/?p=4999#respond\"]}]},{\"@type\":\"WebPage\",\"@id\":\"https:\\\/\\\/pcbigouden.fr\\\/?p=4999\",\"url\":\"https:\\\/\\\/pcbigouden.fr\\\/?p=4999\",\"name\":\"Un 8 mai pour la Paix, contre le fascisme, pour le progr\u00e8s social et humain \u00e0 Tredudon le Moine: rassemblement organis\u00e9 par le PCF Finist\u00e8re \u00e0 Tredudon-le-Moine - PCF Pays Bigouden\",\"isPartOf\":{\"@id\":\"https:\\\/\\\/pcbigouden.fr\\\/#website\"},\"primaryImageOfPage\":{\"@id\":\"https:\\\/\\\/pcbigouden.fr\\\/?p=4999#primaryimage\"},\"image\":{\"@id\":\"https:\\\/\\\/pcbigouden.fr\\\/?p=4999#primaryimage\"},\"thumbnailUrl\":\"https:\\\/\\\/pcbigouden.fr\\\/wp-content\\\/uploads\\\/2025\\\/05\\\/Sans-titre-240x300.jpeg\",\"datePublished\":\"2025-05-06T06:46:41+00:00\",\"dateModified\":\"2025-05-06T07:33:32+00:00\",\"breadcrumb\":{\"@id\":\"https:\\\/\\\/pcbigouden.fr\\\/?p=4999#breadcrumb\"},\"inLanguage\":\"fr-FR\",\"potentialAction\":[{\"@type\":\"ReadAction\",\"target\":[\"https:\\\/\\\/pcbigouden.fr\\\/?p=4999\"]}]},{\"@type\":\"ImageObject\",\"inLanguage\":\"fr-FR\",\"@id\":\"https:\\\/\\\/pcbigouden.fr\\\/?p=4999#primaryimage\",\"url\":\"https:\\\/\\\/pcbigouden.fr\\\/wp-content\\\/uploads\\\/2025\\\/05\\\/Sans-titre.jpeg\",\"contentUrl\":\"https:\\\/\\\/pcbigouden.fr\\\/wp-content\\\/uploads\\\/2025\\\/05\\\/Sans-titre.jpeg\",\"width\":1080,\"height\":1350},{\"@type\":\"BreadcrumbList\",\"@id\":\"https:\\\/\\\/pcbigouden.fr\\\/?p=4999#breadcrumb\",\"itemListElement\":[{\"@type\":\"ListItem\",\"position\":1,\"name\":\"Accueil\",\"item\":\"https:\\\/\\\/pcbigouden.fr\\\/\"},{\"@type\":\"ListItem\",\"position\":2,\"name\":\"Un 8 mai pour la Paix, contre le fascisme, pour le progr\u00e8s social et humain \u00e0 Tredudon le Moine: rassemblement organis\u00e9 par le PCF Finist\u00e8re \u00e0 Tredudon-le-Moine\"}]},{\"@type\":\"WebSite\",\"@id\":\"https:\\\/\\\/pcbigouden.fr\\\/#website\",\"url\":\"https:\\\/\\\/pcbigouden.fr\\\/\",\"name\":\"PCF Pays Bigouden\",\"description\":\"Blog des communistes du Pays Bigouden\",\"publisher\":{\"@id\":\"https:\\\/\\\/pcbigouden.fr\\\/#organization\"},\"potentialAction\":[{\"@type\":\"SearchAction\",\"target\":{\"@type\":\"EntryPoint\",\"urlTemplate\":\"https:\\\/\\\/pcbigouden.fr\\\/?s={search_term_string}\"},\"query-input\":{\"@type\":\"PropertyValueSpecification\",\"valueRequired\":true,\"valueName\":\"search_term_string\"}}],\"inLanguage\":\"fr-FR\"},{\"@type\":\"Organization\",\"@id\":\"https:\\\/\\\/pcbigouden.fr\\\/#organization\",\"name\":\"Parti Communiste PCF Pays Bigouden\",\"url\":\"https:\\\/\\\/pcbigouden.fr\\\/\",\"logo\":{\"@type\":\"ImageObject\",\"inLanguage\":\"fr-FR\",\"@id\":\"https:\\\/\\\/pcbigouden.fr\\\/#\\\/schema\\\/logo\\\/image\\\/\",\"url\":\"https:\\\/\\\/pcbigouden.fr\\\/wp-content\\\/uploads\\\/2021\\\/10\\\/logoTB307x290.jpg\",\"contentUrl\":\"https:\\\/\\\/pcbigouden.fr\\\/wp-content\\\/uploads\\\/2021\\\/10\\\/logoTB307x290.jpg\",\"width\":307,\"height\":290,\"caption\":\"Parti Communiste PCF Pays Bigouden\"},\"image\":{\"@id\":\"https:\\\/\\\/pcbigouden.fr\\\/#\\\/schema\\\/logo\\\/image\\\/\"}},{\"@type\":\"Person\",\"@id\":\"https:\\\/\\\/pcbigouden.fr\\\/#\\\/schema\\\/person\\\/dc763e11bee76f6c59d8d18653939a2c\",\"name\":\"cortomaltes29\",\"image\":{\"@type\":\"ImageObject\",\"inLanguage\":\"fr-FR\",\"@id\":\"https:\\\/\\\/secure.gravatar.com\\\/avatar\\\/c2ce5036b4b39dfed348d934e527c141cfac704b84e909e2086924ec476d0315?s=96&d=mm&r=g\",\"url\":\"https:\\\/\\\/secure.gravatar.com\\\/avatar\\\/c2ce5036b4b39dfed348d934e527c141cfac704b84e909e2086924ec476d0315?s=96&d=mm&r=g\",\"contentUrl\":\"https:\\\/\\\/secure.gravatar.com\\\/avatar\\\/c2ce5036b4b39dfed348d934e527c141cfac704b84e909e2086924ec476d0315?s=96&d=mm&r=g\",\"caption\":\"cortomaltes29\"},\"url\":\"https:\\\/\\\/pcbigouden.fr\\\/?author=5\"}]}<\/script>\n<!-- \/ Yoast SEO plugin. -->","yoast_head_json":{"title":"Un 8 mai pour la Paix, contre le fascisme, pour le progr\u00e8s social et humain \u00e0 Tredudon le Moine: rassemblement organis\u00e9 par le PCF Finist\u00e8re \u00e0 Tredudon-le-Moine - PCF Pays Bigouden","robots":{"index":"index","follow":"follow","max-snippet":"max-snippet:-1","max-image-preview":"max-image-preview:large","max-video-preview":"max-video-preview:-1"},"canonical":"https:\/\/pcbigouden.fr\/?p=4999","og_locale":"fr_FR","og_type":"article","og_title":"Un 8 mai pour la Paix, contre le fascisme, pour le progr\u00e8s social et humain \u00e0 Tredudon le Moine: rassemblement organis\u00e9 par le PCF Finist\u00e8re \u00e0 Tredudon-le-Moine - PCF Pays Bigouden","og_description":"Tredudon-le-Moine, Jeudi 8 mai 2025, 17h, rassemblement unitaire pour la Paix, la Justice sociale, les valeurs du Conseil National de la R\u00e9sistance et la lutte contre le fascisme et le racisme.","og_url":"https:\/\/pcbigouden.fr\/?p=4999","og_site_name":"PCF Pays Bigouden","article_published_time":"2025-05-06T06:46:41+00:00","article_modified_time":"2025-05-06T07:33:32+00:00","og_image":[{"width":1080,"height":1350,"url":"https:\/\/pcbigouden.fr\/wp-content\/uploads\/2025\/05\/Sans-titre.jpeg","type":"image\/jpeg"}],"author":"cortomaltes29","twitter_card":"summary_large_image","twitter_misc":{"\u00c9crit par":"cortomaltes29","Dur\u00e9e de lecture estim\u00e9e":"2 minutes"},"schema":{"@context":"https:\/\/schema.org","@graph":[{"@type":"Article","@id":"https:\/\/pcbigouden.fr\/?p=4999#article","isPartOf":{"@id":"https:\/\/pcbigouden.fr\/?p=4999"},"author":{"name":"cortomaltes29","@id":"https:\/\/pcbigouden.fr\/#\/schema\/person\/dc763e11bee76f6c59d8d18653939a2c"},"headline":"Un 8 mai pour la Paix, contre le fascisme, pour le progr\u00e8s social et humain \u00e0 Tredudon le Moine: rassemblement organis\u00e9 par le PCF Finist\u00e8re \u00e0 Tredudon-le-Moine","datePublished":"2025-05-06T06:46:41+00:00","dateModified":"2025-05-06T07:33:32+00:00","mainEntityOfPage":{"@id":"https:\/\/pcbigouden.fr\/?p=4999"},"wordCount":404,"commentCount":0,"publisher":{"@id":"https:\/\/pcbigouden.fr\/#organization"},"image":{"@id":"https:\/\/pcbigouden.fr\/?p=4999#primaryimage"},"thumbnailUrl":"https:\/\/pcbigouden.fr\/wp-content\/uploads\/2025\/05\/Sans-titre-240x300.jpeg","articleSection":{"0":"D\u00e9mocratie","1":"International","3":"Paix","4":"Parti Communiste"},"inLanguage":"fr-FR","potentialAction":[{"@type":"CommentAction","name":"Comment","target":["https:\/\/pcbigouden.fr\/?p=4999#respond"]}]},{"@type":"WebPage","@id":"https:\/\/pcbigouden.fr\/?p=4999","url":"https:\/\/pcbigouden.fr\/?p=4999","name":"Un 8 mai pour la Paix, contre le fascisme, pour le progr\u00e8s social et humain \u00e0 Tredudon le Moine: rassemblement organis\u00e9 par le PCF Finist\u00e8re \u00e0 Tredudon-le-Moine - PCF Pays Bigouden","isPartOf":{"@id":"https:\/\/pcbigouden.fr\/#website"},"primaryImageOfPage":{"@id":"https:\/\/pcbigouden.fr\/?p=4999#primaryimage"},"image":{"@id":"https:\/\/pcbigouden.fr\/?p=4999#primaryimage"},"thumbnailUrl":"https:\/\/pcbigouden.fr\/wp-content\/uploads\/2025\/05\/Sans-titre-240x300.jpeg","datePublished":"2025-05-06T06:46:41+00:00","dateModified":"2025-05-06T07:33:32+00:00","breadcrumb":{"@id":"https:\/\/pcbigouden.fr\/?p=4999#breadcrumb"},"inLanguage":"fr-FR","potentialAction":[{"@type":"ReadAction","target":["https:\/\/pcbigouden.fr\/?p=4999"]}]},{"@type":"ImageObject","inLanguage":"fr-FR","@id":"https:\/\/pcbigouden.fr\/?p=4999#primaryimage","url":"https:\/\/pcbigouden.fr\/wp-content\/uploads\/2025\/05\/Sans-titre.jpeg","contentUrl":"https:\/\/pcbigouden.fr\/wp-content\/uploads\/2025\/05\/Sans-titre.jpeg","width":1080,"height":1350},{"@type":"BreadcrumbList","@id":"https:\/\/pcbigouden.fr\/?p=4999#breadcrumb","itemListElement":[{"@type":"ListItem","position":1,"name":"Accueil","item":"https:\/\/pcbigouden.fr\/"},{"@type":"ListItem","position":2,"name":"Un 8 mai pour la Paix, contre le fascisme, pour le progr\u00e8s social et humain \u00e0 Tredudon le Moine: rassemblement organis\u00e9 par le PCF Finist\u00e8re \u00e0 Tredudon-le-Moine"}]},{"@type":"WebSite","@id":"https:\/\/pcbigouden.fr\/#website","url":"https:\/\/pcbigouden.fr\/","name":"PCF Pays Bigouden","description":"Blog des communistes du Pays Bigouden","publisher":{"@id":"https:\/\/pcbigouden.fr\/#organization"},"potentialAction":[{"@type":"SearchAction","target":{"@type":"EntryPoint","urlTemplate":"https:\/\/pcbigouden.fr\/?s={search_term_string}"},"query-input":{"@type":"PropertyValueSpecification","valueRequired":true,"valueName":"search_term_string"}}],"inLanguage":"fr-FR"},{"@type":"Organization","@id":"https:\/\/pcbigouden.fr\/#organization","name":"Parti Communiste PCF Pays Bigouden","url":"https:\/\/pcbigouden.fr\/","logo":{"@type":"ImageObject","inLanguage":"fr-FR","@id":"https:\/\/pcbigouden.fr\/#\/schema\/logo\/image\/","url":"https:\/\/pcbigouden.fr\/wp-content\/uploads\/2021\/10\/logoTB307x290.jpg","contentUrl":"https:\/\/pcbigouden.fr\/wp-content\/uploads\/2021\/10\/logoTB307x290.jpg","width":307,"height":290,"caption":"Parti Communiste PCF Pays Bigouden"},"image":{"@id":"https:\/\/pcbigouden.fr\/#\/schema\/logo\/image\/"}},{"@type":"Person","@id":"https:\/\/pcbigouden.fr\/#\/schema\/person\/dc763e11bee76f6c59d8d18653939a2c","name":"cortomaltes29","image":{"@type":"ImageObject","inLanguage":"fr-FR","@id":"https:\/\/secure.gravatar.com\/avatar\/c2ce5036b4b39dfed348d934e527c141cfac704b84e909e2086924ec476d0315?s=96&d=mm&r=g","url":"https:\/\/secure.gravatar.com\/avatar\/c2ce5036b4b39dfed348d934e527c141cfac704b84e909e2086924ec476d0315?s=96&d=mm&r=g","contentUrl":"https:\/\/secure.gravatar.com\/avatar\/c2ce5036b4b39dfed348d934e527c141cfac704b84e909e2086924ec476d0315?s=96&d=mm&r=g","caption":"cortomaltes29"},"url":"https:\/\/pcbigouden.fr\/?author=5"}]}},"jetpack_featured_media_url":"","jetpack_sharing_enabled":true,"jetpack_likes_enabled":true,"_links":{"self":[{"href":"https:\/\/pcbigouden.fr\/index.php?rest_route=\/wp\/v2\/posts\/4999","targetHints":{"allow":["GET"]}}],"collection":[{"href":"https:\/\/pcbigouden.fr\/index.php?rest_route=\/wp\/v2\/posts"}],"about":[{"href":"https:\/\/pcbigouden.fr\/index.php?rest_route=\/wp\/v2\/types\/post"}],"author":[{"embeddable":true,"href":"https:\/\/pcbigouden.fr\/index.php?rest_route=\/wp\/v2\/users\/5"}],"replies":[{"embeddable":true,"href":"https:\/\/pcbigouden.fr\/index.php?rest_route=%2Fwp%2Fv2%2Fcomments&post=4999"}],"version-history":[{"count":8,"href":"https:\/\/pcbigouden.fr\/index.php?rest_route=\/wp\/v2\/posts\/4999\/revisions"}],"predecessor-version":[{"id":5008,"href":"https:\/\/pcbigouden.fr\/index.php?rest_route=\/wp\/v2\/posts\/4999\/revisions\/5008"}],"wp:attachment":[{"href":"https:\/\/pcbigouden.fr\/index.php?rest_route=%2Fwp%2Fv2%2Fmedia&parent=4999"}],"wp:term":[{"taxonomy":"category","embeddable":true,"href":"https:\/\/pcbigouden.fr\/index.php?rest_route=%2Fwp%2Fv2%2Fcategories&post=4999"},{"taxonomy":"post_tag","embeddable":true,"href":"https:\/\/pcbigouden.fr\/index.php?rest_route=%2Fwp%2Fv2%2Ftags&post=4999"}],"curies":[{"name":"wp","href":"https:\/\/api.w.org\/{rel}","templated":true}]}}