{"id":499,"date":"2021-02-10T06:43:06","date_gmt":"2021-02-10T05:43:06","guid":{"rendered":"https:\/\/gblarvor.wordpress.com\/?p=499"},"modified":"2021-10-24T13:39:02","modified_gmt":"2021-10-24T11:39:02","slug":"hommage-au-batisseur-de-la-securite-sociale","status":"publish","type":"post","link":"https:\/\/pcbigouden.fr\/?p=499","title":{"rendered":"Hommage \u00e0 Ambroise Croizat b\u00e2tisseur de la S\u00e9curit\u00e9 sociale"},"content":{"rendered":"<p style=\"text-align: center;\">Ambroise Croizat doit entrer au Panth\u00e9on !<!--more--><\/p>\n<div class=\"body\">\n<div class=\"ob-sections\">\n<div class=\"ob-section ob-section-images ob-default\">\n<div class=\"ob-row-1-col\"><a class=\"ob-link-img\" href=\"https:\/\/image.over-blog.com\/bkUsRKf_MqQCWDQo_7qzkRQr7KQ=\/filters:no_upscale()\/image%2F0556136%2F20210210%2Fob_0aadff_10-02-2021-09-28-37.jpg\" rel=\"fancybox\"><img decoding=\"async\" class=\"ob-cell ob-img ob-media\" src=\"https:\/\/image.over-blog.com\/bkUsRKf_MqQCWDQo_7qzkRQr7KQ=\/filters:no_upscale()\/image%2F0556136%2F20210210%2Fob_0aadff_10-02-2021-09-28-37.jpg\" alt=\"Hommage au b\u00e2tisseur de la S\u00e9curit\u00e9 sociale\" \/><\/a><\/div>\n<\/div>\n<div class=\"ob-section ob-section-html\">\n<figure class=\"image-align-center\"><img decoding=\"async\" src=\"https:\/\/image.over-blog.com\/VVpXYKrkGp4O2BEFtRY3S7RWKPQ=\/filters:no_upscale()\/image%2F0556136%2F20210210%2Fob_11c69b_29-01-2021-15-35-00.jpg\" alt=\"\" \/><\/figure>\n<p align=\"center\"><b>L&rsquo;enfant du mouvement ouvrier<\/b><\/p>\n<p align=\"center\"><b>Il y a cent vingt ans naissait Ambroise Croizat. Celui qui deviendra ministre doit nourrir la famille d\u00e8s l&rsquo;\u00e2ge de <\/b><b>13 <\/b><b>ans. Il rejoint alors le combat politique et social, avec le PCF et la CGT.<\/b><\/p>\n<p><i>\u00ab\u00a0<b>La France a eu beaucoup de ministres du Travail, mais un seul ministre des travailleurs !<\/b> \u00bb<\/i><i> <\/i>C&rsquo;est \u00e0 quelques pas de ces mots prononc\u00e9s par Marcel Paul en 1971, lors de l&rsquo;inauguration de la st\u00e8le \u00e9rig\u00e9e en hommage au b\u00e2tisseur de la S\u00e9curit\u00e9 sociale, qu&rsquo;Ambroise Croizat na\u00eet en Savoie un 28 janvier 1901. Comme peut na\u00eetre alors un fils d&rsquo;usine. En cette aurore de mis\u00e8re du XX<sup>e<\/sup> si\u00e8cle, il verra de sa fen\u00eatre d&rsquo;enfant s&rsquo;agiter les ombres ouvri\u00e8res qui brassent, dans la poussi\u00e8re, les fournaises des coul\u00e9es. Celle du p\u00e8re, Antoine, man\u0153uvre de peine, qui y marne douze heures par jour pour 8 sous de l&rsquo;heure, \u00e0 peine le prix du pain. La protection sociale comme les cong\u00e9s ne sont encore qu&rsquo;une lointaine utopie. On y pointe \u00e0 reculons sept jours sur sept, en attendant la \u00ab retraite des morts \u00bb. \u00ab <b><i>Br\u00fbl\u00e9s devant, glac\u00e9s derri\u00e8re, on meurt l\u00e0 \u00e0 40 ans ! <\/i><\/b><i>\u00bb <\/i>\u00e9crit un t\u00e9moin de l&rsquo;\u00e9poque. Les accidents et les col\u00e8res s&rsquo;encha\u00eenent. Le 21 mars 1906, Ambroise verra son p\u00e8re sortir de l&rsquo;usine, drapeau rouge en main, escort\u00e9 de 10 compagnons. Ils viennent d&rsquo;\u00eatre licenci\u00e9s pour avoir os\u00e9 cr\u00e9er le premier syndicat CGT de la vall\u00e9e. Aussit\u00f4t une gr\u00e8ve de solidarit\u00e9 \u00e9maill\u00e9e d&rsquo;\u00e9meutes s&rsquo;\u00e9tend dans toutes les usines alentour.<\/p>\n<p>Les col\u00e8res s&rsquo;encha\u00eenent. Le 21 mars 1906, Ambroise verra son p\u00e8re sortir de l&rsquo;usine, drapeau rouge en main, escort\u00e9 de 10 compagnons. Ils viennent d&rsquo;\u00eatre licenci\u00e9s pour avoir os\u00e9 cr\u00e9er le premier syndicat CGT de la vall\u00e9e. Aussit\u00f4t une gr\u00e8ve de solidarit\u00e9 \u00e9maill\u00e9e d&rsquo;\u00e9meutes s&rsquo;\u00e9tend dans toutes les usines alentour. Paniqu\u00e9, le patron c\u00e8de au bout de neuf jours et accepte toutes les revendications : le syndicat, une caisse de secours, deux jours de cong\u00e9s pay\u00e9s, une hausse de salaire, mais&#8230; Antoine Croizat est mut\u00e9. L&rsquo;errance de la famille commence, Ugine, Grenoble, Lyon. Nuits des cit\u00e9s, r\u00e9voltes de la dignit\u00e9. 1914. Antoine est appel\u00e9 aux boucheries des tranch\u00e9es. Ambroise doit nourrir la famille. \u00c0 13 ans, il est embauch\u00e9 comme aide ajusteur. Trois jours apr\u00e8s, dans une manifestation contre l&rsquo;Union sacr\u00e9e, il adh\u00e8re \u00e0 la CGT. <b>\u00ab <i>Bats- toi, ne te laisse pas humilier!<\/i><\/b><i>\u00bb <\/i>Au gr\u00e9 des luttes, forc\u00e9ment les mots du p\u00e8re reviennent. A 17 ans, il anime d\u00e9j\u00e0 les grandes gr\u00e8ves de la m\u00e9tallurgie lyonnaise. <b><i>\u00ab L&rsquo;homme \u00e9tait un v\u00e9ritable orateur et surtout un rassembleur, constamment chass\u00e9 par les patrons des entreprises o\u00f9 il travaillait<\/i><\/b><i>\u00bb, <\/i>\u00e9crit Marcel Rivoire, un compagnon de luttes. 1920, il adh\u00e8re au PCF et \u00e0 la CGTU et m\u00e8ne aux c\u00f4t\u00e9s de Fran\u00e7ois Billoux, Maurice Thorez et Gabriel P\u00e9ri les batailles anticolonialistes contre la guerre du Rif et de la Syrie.<\/p>\n<p><b>La bataille de l&rsquo;unit\u00e9 populaire<\/b><\/p>\n<p>Il n&rsquo;a que 27 ans lorsqu&rsquo;il est nomm\u00e9 secr\u00e9taire g\u00e9n\u00e9ral de la f\u00e9d\u00e9ration CGTU des m\u00e9taux. Commence alors le chemin de celui que l&rsquo;on appellera <i>\u00ab le militant ambulant\u00bb. <b>\u00ab De 1928 \u00e0 1935, mon p\u00e8re fut constamment sur les routes, animant ici une gr\u00e8ve, une occupation d&rsquo;usine ailleurs&#8230;<\/b> \u00bb, <\/i>se souvient Liliane, sa fille. C&rsquo;est sur ce chemin qu&rsquo;il trace en compagnie de Marcel Paul et Prosper M\u00f4quet la bataille de l&rsquo;unit\u00e9 populaire contre le fascisme, qui portera le Front populaire au pouvoir. Et il n&rsquo;aura de cesse de le f\u00e9conder sur le terrain comme \u00e0 l&rsquo;Assembl\u00e9e nationale. \u00c9lu d\u00e9put\u00e9 de Paris en 1936, il sera aux accords Matignon pour forger les grands conquis sociaux du si\u00e8cle : 40 heures, cong\u00e9s pay\u00e9s, loi sur les conventions collectives qui portera son nom. 1939, sa route s&rsquo;ennuage. Suite au pacte de non-agression germano-sovi\u00e9tique, il est arr\u00eat\u00e9 par ceux qui vont bient\u00f4t serrer la main d&rsquo;Hitler, enge\u00f4l\u00e9 \u00e0 la prison de la Sant\u00e9. Suivent le calvaire de 17 prisons en France et la d\u00e9portation vers le bagne d&rsquo;Alger o\u00f9 il vivra, comme le raconte Florimond Bont\u00e9 dans <i>le Chemin de<b> <\/b>l\u2019honneur, \u00ab <b>le travail forc\u00e9, les humiliations et les simulacres d&rsquo;ex\u00e9cution<\/b>\u00bb. <\/i>Lib\u00e9r\u00e9 en f\u00e9vrier 1943, il est nomm\u00e9 par la CGT clandestine \u00e0 l&rsquo;Assembl\u00e9e consultative qui entoure le g\u00e9n\u00e9ral de Gaulle au sein du premier gouvernement provisoire. De ces bancs, il donnera son premier discours \u00e0 Radio Alger : \u00ab <b><i>Notre peuple <\/i><em>n&rsquo;aura<\/em> <i>pas souffert pour rien, nous lui donnerons la dignit\u00e9 et la s\u00e9curit\u00e9 sociale\u00a0!<\/i><\/b><i>\u00bb <\/i>C&rsquo;est \u00e0 cette t\u00e2che qu&rsquo;il va s&#8217;employer d\u00e8s le 25 novembre 1945, lorsqu&rsquo;il est nomm\u00e9 ministre du Travail. Appuy\u00e9 par un peuple mobilis\u00e9 et le rapport de forces de la Lib\u00e9ration (29 % des voix au PCF, 5 millions d&rsquo;adh\u00e9rents \u00e0 la CGT, un patronat souill\u00e9 par sa collaboration), il laissera au peuple ses plus belles conqu\u00eates : <b>retraites, S\u00e9curit\u00e9 sociale, m\u00e9decine du travail, comit\u00e9s d&rsquo;entreprise, prime pr\u00e9natale, doublement des allocations familiales et du cong\u00e9 maternit\u00e9, am\u00e9lioration consid\u00e9rable du Code du travail&#8230;<\/b> Les r\u00eaves et les promesses du p\u00e8re pour une identit\u00e9 sociale envi\u00e9e dans le monde entier. On comprend alors pourquoi ils furent 1 million \u00e0 l&rsquo;accompagner au P\u00e8re-Lachaise. Un enterrement \u00e0 la Victor Hugo. <i>\u00ab \u0152illets, couronnes de fleurs par milliers sur des kilom\u00e8tres. Mineurs du Nord ou d\u2019Al\u00e8s, m\u00e9tallos de Citro\u00ebn et de Renault, \u00e9lus barr\u00e9s d&rsquo;\u00e9charpes, la France enti\u00e8re s\u2019\u00e9tait donn\u00e9 ici rendez-vous pour Ambroise&#8230; \u00bb, <\/i>\u00e9crit Jean Pierre Chabrol dans <i>l&rsquo;Humanit\u00e9 du <\/i>19 f\u00e9vrier 1951.<\/p>\n<p><em><b>Michel ETIEVENT<\/b><\/em><\/p>\n<p class=\"Style34\"><b>Auteur d<i>&lsquo;Ambroise CROIZAT ou l&rsquo;invention sociale<\/i><\/b><\/p>\n<\/div>\n<div class=\"ob-section ob-section-html\">\n<figure class=\"image-align-center\"><img decoding=\"async\" src=\"https:\/\/image.over-blog.com\/gQMNtkrOrqFUl6AhTLg4zYNRIyM=\/filters:no_upscale()\/image%2F0556136%2F20210210%2Fob_a022ed_10-02-2021-09-44-01.jpg\" alt=\"\" \/><\/figure>\n<p class=\"Style0\" align=\"center\"><b>\u00c0 l&rsquo;initiative de <i>l&rsquo;Humanit\u00e9, <\/i>\u00e9lus, syndicalistes et intellectuels interpellent le pr\u00e9sident de la R\u00e9publique afin que le b\u00e2tisseur de la S\u00e9curit\u00e9 sociale et ministre du Travail \u00e0 la Lib\u00e9ration, Ambroise Croizat, entre au Panth\u00e9on.<\/b><\/p>\n<figure class=\"image-align-center\"><img decoding=\"async\" src=\"https:\/\/image.over-blog.com\/eX2G4BmbYDVxK10lKfD09yRggy0=\/filters:no_upscale()\/image%2F0556136%2F20210210%2Fob_57da61_10-02-2021-09-41-45.jpg\" alt=\"\" \/><\/figure>\n<p>&nbsp;<\/p>\n<\/div>\n<\/div>\n<\/div>\n","protected":false},"excerpt":{"rendered":"<p>Ambroise Croizat doit entrer au Panth\u00e9on !<\/p>\n","protected":false},"author":1,"featured_media":0,"comment_status":"open","ping_status":"open","sticky":false,"template":"","format":"standard","meta":{"_jetpack_memberships_contains_paid_content":false,"footnotes":""},"categories":[11,13],"tags":[15,40],"class_list":["post-499","post","type-post","status-publish","format-standard","hentry","category-securite-sociale","category-social","tag-ambroise-croizat","tag-secu"],"yoast_head":"<!-- This site is optimized with the Yoast SEO plugin v27.5 - https:\/\/yoast.com\/product\/yoast-seo-wordpress\/ -->\n<title>Hommage \u00e0 Ambroise Croizat b\u00e2tisseur de la S\u00e9curit\u00e9 sociale - PCF Pays Bigouden<\/title>\n<meta name=\"robots\" content=\"index, follow, max-snippet:-1, max-image-preview:large, max-video-preview:-1\" \/>\n<link rel=\"canonical\" href=\"https:\/\/pcbigouden.fr\/?p=499\" \/>\n<meta property=\"og:locale\" content=\"fr_FR\" \/>\n<meta property=\"og:type\" content=\"article\" \/>\n<meta property=\"og:title\" content=\"Hommage \u00e0 Ambroise Croizat b\u00e2tisseur de la S\u00e9curit\u00e9 sociale - PCF Pays Bigouden\" \/>\n<meta property=\"og:description\" content=\"Ambroise Croizat doit entrer au Panth\u00e9on !\" \/>\n<meta property=\"og:url\" content=\"https:\/\/pcbigouden.fr\/?p=499\" \/>\n<meta property=\"og:site_name\" content=\"PCF Pays Bigouden\" \/>\n<meta property=\"article:published_time\" content=\"2021-02-10T05:43:06+00:00\" \/>\n<meta property=\"article:modified_time\" content=\"2021-10-24T11:39:02+00:00\" \/>\n<meta property=\"og:image\" content=\"https:\/\/image.over-blog.com\/bkUsRKf_MqQCWDQo_7qzkRQr7KQ=\/filters:no_upscale()\/image%2F0556136%2F20210210%2Fob_0aadff_10-02-2021-09-28-37.jpg\" \/>\n<meta name=\"author\" content=\"pcbigouden\" \/>\n<meta name=\"twitter:card\" content=\"summary_large_image\" \/>\n<meta name=\"twitter:label1\" content=\"\u00c9crit par\" \/>\n\t<meta name=\"twitter:data1\" content=\"pcbigouden\" \/>\n\t<meta name=\"twitter:label2\" content=\"Dur\u00e9e de lecture estim\u00e9e\" \/>\n\t<meta name=\"twitter:data2\" content=\"5 minutes\" \/>\n<script type=\"application\/ld+json\" class=\"yoast-schema-graph\">{\"@context\":\"https:\\\/\\\/schema.org\",\"@graph\":[{\"@type\":\"Article\",\"@id\":\"https:\\\/\\\/pcbigouden.fr\\\/?p=499#article\",\"isPartOf\":{\"@id\":\"https:\\\/\\\/pcbigouden.fr\\\/?p=499\"},\"author\":{\"name\":\"pcbigouden\",\"@id\":\"https:\\\/\\\/pcbigouden.fr\\\/#\\\/schema\\\/person\\\/275123d02cb86b428226e5f9ece1fb45\"},\"headline\":\"Hommage \u00e0 Ambroise Croizat b\u00e2tisseur de la S\u00e9curit\u00e9 sociale\",\"datePublished\":\"2021-02-10T05:43:06+00:00\",\"dateModified\":\"2021-10-24T11:39:02+00:00\",\"mainEntityOfPage\":{\"@id\":\"https:\\\/\\\/pcbigouden.fr\\\/?p=499\"},\"wordCount\":1061,\"commentCount\":0,\"publisher\":{\"@id\":\"https:\\\/\\\/pcbigouden.fr\\\/#organization\"},\"image\":{\"@id\":\"https:\\\/\\\/pcbigouden.fr\\\/?p=499#primaryimage\"},\"thumbnailUrl\":\"https:\\\/\\\/image.over-blog.com\\\/bkUsRKf_MqQCWDQo_7qzkRQr7KQ=\\\/filters:no_upscale()\\\/image%2F0556136%2F20210210%2Fob_0aadff_10-02-2021-09-28-37.jpg\",\"keywords\":[\"Ambroise Croizat\",\"secu\"],\"articleSection\":[\"S\u00e9curit\u00e9 Sociale\",\"Social\"],\"inLanguage\":\"fr-FR\",\"potentialAction\":[{\"@type\":\"CommentAction\",\"name\":\"Comment\",\"target\":[\"https:\\\/\\\/pcbigouden.fr\\\/?p=499#respond\"]}]},{\"@type\":\"WebPage\",\"@id\":\"https:\\\/\\\/pcbigouden.fr\\\/?p=499\",\"url\":\"https:\\\/\\\/pcbigouden.fr\\\/?p=499\",\"name\":\"Hommage \u00e0 Ambroise Croizat b\u00e2tisseur de la S\u00e9curit\u00e9 sociale - PCF Pays Bigouden\",\"isPartOf\":{\"@id\":\"https:\\\/\\\/pcbigouden.fr\\\/#website\"},\"primaryImageOfPage\":{\"@id\":\"https:\\\/\\\/pcbigouden.fr\\\/?p=499#primaryimage\"},\"image\":{\"@id\":\"https:\\\/\\\/pcbigouden.fr\\\/?p=499#primaryimage\"},\"thumbnailUrl\":\"https:\\\/\\\/image.over-blog.com\\\/bkUsRKf_MqQCWDQo_7qzkRQr7KQ=\\\/filters:no_upscale()\\\/image%2F0556136%2F20210210%2Fob_0aadff_10-02-2021-09-28-37.jpg\",\"datePublished\":\"2021-02-10T05:43:06+00:00\",\"dateModified\":\"2021-10-24T11:39:02+00:00\",\"breadcrumb\":{\"@id\":\"https:\\\/\\\/pcbigouden.fr\\\/?p=499#breadcrumb\"},\"inLanguage\":\"fr-FR\",\"potentialAction\":[{\"@type\":\"ReadAction\",\"target\":[\"https:\\\/\\\/pcbigouden.fr\\\/?p=499\"]}]},{\"@type\":\"ImageObject\",\"inLanguage\":\"fr-FR\",\"@id\":\"https:\\\/\\\/pcbigouden.fr\\\/?p=499#primaryimage\",\"url\":\"https:\\\/\\\/image.over-blog.com\\\/bkUsRKf_MqQCWDQo_7qzkRQr7KQ=\\\/filters:no_upscale()\\\/image%2F0556136%2F20210210%2Fob_0aadff_10-02-2021-09-28-37.jpg\",\"contentUrl\":\"https:\\\/\\\/image.over-blog.com\\\/bkUsRKf_MqQCWDQo_7qzkRQr7KQ=\\\/filters:no_upscale()\\\/image%2F0556136%2F20210210%2Fob_0aadff_10-02-2021-09-28-37.jpg\"},{\"@type\":\"BreadcrumbList\",\"@id\":\"https:\\\/\\\/pcbigouden.fr\\\/?p=499#breadcrumb\",\"itemListElement\":[{\"@type\":\"ListItem\",\"position\":1,\"name\":\"Accueil\",\"item\":\"https:\\\/\\\/pcbigouden.fr\\\/\"},{\"@type\":\"ListItem\",\"position\":2,\"name\":\"Hommage \u00e0 Ambroise Croizat b\u00e2tisseur de la S\u00e9curit\u00e9 sociale\"}]},{\"@type\":\"WebSite\",\"@id\":\"https:\\\/\\\/pcbigouden.fr\\\/#website\",\"url\":\"https:\\\/\\\/pcbigouden.fr\\\/\",\"name\":\"PCF Pays Bigouden\",\"description\":\"Blog des communistes du Pays Bigouden\",\"publisher\":{\"@id\":\"https:\\\/\\\/pcbigouden.fr\\\/#organization\"},\"potentialAction\":[{\"@type\":\"SearchAction\",\"target\":{\"@type\":\"EntryPoint\",\"urlTemplate\":\"https:\\\/\\\/pcbigouden.fr\\\/?s={search_term_string}\"},\"query-input\":{\"@type\":\"PropertyValueSpecification\",\"valueRequired\":true,\"valueName\":\"search_term_string\"}}],\"inLanguage\":\"fr-FR\"},{\"@type\":\"Organization\",\"@id\":\"https:\\\/\\\/pcbigouden.fr\\\/#organization\",\"name\":\"Parti Communiste PCF Pays Bigouden\",\"url\":\"https:\\\/\\\/pcbigouden.fr\\\/\",\"logo\":{\"@type\":\"ImageObject\",\"inLanguage\":\"fr-FR\",\"@id\":\"https:\\\/\\\/pcbigouden.fr\\\/#\\\/schema\\\/logo\\\/image\\\/\",\"url\":\"https:\\\/\\\/pcbigouden.fr\\\/wp-content\\\/uploads\\\/2021\\\/10\\\/logoTB307x290.jpg\",\"contentUrl\":\"https:\\\/\\\/pcbigouden.fr\\\/wp-content\\\/uploads\\\/2021\\\/10\\\/logoTB307x290.jpg\",\"width\":307,\"height\":290,\"caption\":\"Parti Communiste PCF Pays Bigouden\"},\"image\":{\"@id\":\"https:\\\/\\\/pcbigouden.fr\\\/#\\\/schema\\\/logo\\\/image\\\/\"}},{\"@type\":\"Person\",\"@id\":\"https:\\\/\\\/pcbigouden.fr\\\/#\\\/schema\\\/person\\\/275123d02cb86b428226e5f9ece1fb45\",\"name\":\"pcbigouden\",\"image\":{\"@type\":\"ImageObject\",\"inLanguage\":\"fr-FR\",\"@id\":\"https:\\\/\\\/secure.gravatar.com\\\/avatar\\\/0b1629b930d618ad44494ab153a628070e41fe2a36494d685d6a33679cd35013?s=96&d=mm&r=g\",\"url\":\"https:\\\/\\\/secure.gravatar.com\\\/avatar\\\/0b1629b930d618ad44494ab153a628070e41fe2a36494d685d6a33679cd35013?s=96&d=mm&r=g\",\"contentUrl\":\"https:\\\/\\\/secure.gravatar.com\\\/avatar\\\/0b1629b930d618ad44494ab153a628070e41fe2a36494d685d6a33679cd35013?s=96&d=mm&r=g\",\"caption\":\"pcbigouden\"},\"sameAs\":[\"https:\\\/\\\/pcbigouden.fr\"],\"url\":\"https:\\\/\\\/pcbigouden.fr\\\/?author=1\"}]}<\/script>\n<!-- \/ Yoast SEO plugin. -->","yoast_head_json":{"title":"Hommage \u00e0 Ambroise Croizat b\u00e2tisseur de la S\u00e9curit\u00e9 sociale - PCF Pays Bigouden","robots":{"index":"index","follow":"follow","max-snippet":"max-snippet:-1","max-image-preview":"max-image-preview:large","max-video-preview":"max-video-preview:-1"},"canonical":"https:\/\/pcbigouden.fr\/?p=499","og_locale":"fr_FR","og_type":"article","og_title":"Hommage \u00e0 Ambroise Croizat b\u00e2tisseur de la S\u00e9curit\u00e9 sociale - PCF Pays Bigouden","og_description":"Ambroise Croizat doit entrer au Panth\u00e9on !","og_url":"https:\/\/pcbigouden.fr\/?p=499","og_site_name":"PCF Pays Bigouden","article_published_time":"2021-02-10T05:43:06+00:00","article_modified_time":"2021-10-24T11:39:02+00:00","og_image":[{"url":"https:\/\/image.over-blog.com\/bkUsRKf_MqQCWDQo_7qzkRQr7KQ=\/filters:no_upscale()\/image%2F0556136%2F20210210%2Fob_0aadff_10-02-2021-09-28-37.jpg","type":"","width":"","height":""}],"author":"pcbigouden","twitter_card":"summary_large_image","twitter_misc":{"\u00c9crit par":"pcbigouden","Dur\u00e9e de lecture estim\u00e9e":"5 minutes"},"schema":{"@context":"https:\/\/schema.org","@graph":[{"@type":"Article","@id":"https:\/\/pcbigouden.fr\/?p=499#article","isPartOf":{"@id":"https:\/\/pcbigouden.fr\/?p=499"},"author":{"name":"pcbigouden","@id":"https:\/\/pcbigouden.fr\/#\/schema\/person\/275123d02cb86b428226e5f9ece1fb45"},"headline":"Hommage \u00e0 Ambroise Croizat b\u00e2tisseur de la S\u00e9curit\u00e9 sociale","datePublished":"2021-02-10T05:43:06+00:00","dateModified":"2021-10-24T11:39:02+00:00","mainEntityOfPage":{"@id":"https:\/\/pcbigouden.fr\/?p=499"},"wordCount":1061,"commentCount":0,"publisher":{"@id":"https:\/\/pcbigouden.fr\/#organization"},"image":{"@id":"https:\/\/pcbigouden.fr\/?p=499#primaryimage"},"thumbnailUrl":"https:\/\/image.over-blog.com\/bkUsRKf_MqQCWDQo_7qzkRQr7KQ=\/filters:no_upscale()\/image%2F0556136%2F20210210%2Fob_0aadff_10-02-2021-09-28-37.jpg","keywords":["Ambroise Croizat","secu"],"articleSection":["S\u00e9curit\u00e9 Sociale","Social"],"inLanguage":"fr-FR","potentialAction":[{"@type":"CommentAction","name":"Comment","target":["https:\/\/pcbigouden.fr\/?p=499#respond"]}]},{"@type":"WebPage","@id":"https:\/\/pcbigouden.fr\/?p=499","url":"https:\/\/pcbigouden.fr\/?p=499","name":"Hommage \u00e0 Ambroise Croizat b\u00e2tisseur de la S\u00e9curit\u00e9 sociale - PCF Pays Bigouden","isPartOf":{"@id":"https:\/\/pcbigouden.fr\/#website"},"primaryImageOfPage":{"@id":"https:\/\/pcbigouden.fr\/?p=499#primaryimage"},"image":{"@id":"https:\/\/pcbigouden.fr\/?p=499#primaryimage"},"thumbnailUrl":"https:\/\/image.over-blog.com\/bkUsRKf_MqQCWDQo_7qzkRQr7KQ=\/filters:no_upscale()\/image%2F0556136%2F20210210%2Fob_0aadff_10-02-2021-09-28-37.jpg","datePublished":"2021-02-10T05:43:06+00:00","dateModified":"2021-10-24T11:39:02+00:00","breadcrumb":{"@id":"https:\/\/pcbigouden.fr\/?p=499#breadcrumb"},"inLanguage":"fr-FR","potentialAction":[{"@type":"ReadAction","target":["https:\/\/pcbigouden.fr\/?p=499"]}]},{"@type":"ImageObject","inLanguage":"fr-FR","@id":"https:\/\/pcbigouden.fr\/?p=499#primaryimage","url":"https:\/\/image.over-blog.com\/bkUsRKf_MqQCWDQo_7qzkRQr7KQ=\/filters:no_upscale()\/image%2F0556136%2F20210210%2Fob_0aadff_10-02-2021-09-28-37.jpg","contentUrl":"https:\/\/image.over-blog.com\/bkUsRKf_MqQCWDQo_7qzkRQr7KQ=\/filters:no_upscale()\/image%2F0556136%2F20210210%2Fob_0aadff_10-02-2021-09-28-37.jpg"},{"@type":"BreadcrumbList","@id":"https:\/\/pcbigouden.fr\/?p=499#breadcrumb","itemListElement":[{"@type":"ListItem","position":1,"name":"Accueil","item":"https:\/\/pcbigouden.fr\/"},{"@type":"ListItem","position":2,"name":"Hommage \u00e0 Ambroise Croizat b\u00e2tisseur de la S\u00e9curit\u00e9 sociale"}]},{"@type":"WebSite","@id":"https:\/\/pcbigouden.fr\/#website","url":"https:\/\/pcbigouden.fr\/","name":"PCF Pays Bigouden","description":"Blog des communistes du Pays Bigouden","publisher":{"@id":"https:\/\/pcbigouden.fr\/#organization"},"potentialAction":[{"@type":"SearchAction","target":{"@type":"EntryPoint","urlTemplate":"https:\/\/pcbigouden.fr\/?s={search_term_string}"},"query-input":{"@type":"PropertyValueSpecification","valueRequired":true,"valueName":"search_term_string"}}],"inLanguage":"fr-FR"},{"@type":"Organization","@id":"https:\/\/pcbigouden.fr\/#organization","name":"Parti Communiste PCF Pays Bigouden","url":"https:\/\/pcbigouden.fr\/","logo":{"@type":"ImageObject","inLanguage":"fr-FR","@id":"https:\/\/pcbigouden.fr\/#\/schema\/logo\/image\/","url":"https:\/\/pcbigouden.fr\/wp-content\/uploads\/2021\/10\/logoTB307x290.jpg","contentUrl":"https:\/\/pcbigouden.fr\/wp-content\/uploads\/2021\/10\/logoTB307x290.jpg","width":307,"height":290,"caption":"Parti Communiste PCF Pays Bigouden"},"image":{"@id":"https:\/\/pcbigouden.fr\/#\/schema\/logo\/image\/"}},{"@type":"Person","@id":"https:\/\/pcbigouden.fr\/#\/schema\/person\/275123d02cb86b428226e5f9ece1fb45","name":"pcbigouden","image":{"@type":"ImageObject","inLanguage":"fr-FR","@id":"https:\/\/secure.gravatar.com\/avatar\/0b1629b930d618ad44494ab153a628070e41fe2a36494d685d6a33679cd35013?s=96&d=mm&r=g","url":"https:\/\/secure.gravatar.com\/avatar\/0b1629b930d618ad44494ab153a628070e41fe2a36494d685d6a33679cd35013?s=96&d=mm&r=g","contentUrl":"https:\/\/secure.gravatar.com\/avatar\/0b1629b930d618ad44494ab153a628070e41fe2a36494d685d6a33679cd35013?s=96&d=mm&r=g","caption":"pcbigouden"},"sameAs":["https:\/\/pcbigouden.fr"],"url":"https:\/\/pcbigouden.fr\/?author=1"}]}},"jetpack_featured_media_url":"","jetpack_sharing_enabled":true,"jetpack_likes_enabled":true,"_links":{"self":[{"href":"https:\/\/pcbigouden.fr\/index.php?rest_route=\/wp\/v2\/posts\/499","targetHints":{"allow":["GET"]}}],"collection":[{"href":"https:\/\/pcbigouden.fr\/index.php?rest_route=\/wp\/v2\/posts"}],"about":[{"href":"https:\/\/pcbigouden.fr\/index.php?rest_route=\/wp\/v2\/types\/post"}],"author":[{"embeddable":true,"href":"https:\/\/pcbigouden.fr\/index.php?rest_route=\/wp\/v2\/users\/1"}],"replies":[{"embeddable":true,"href":"https:\/\/pcbigouden.fr\/index.php?rest_route=%2Fwp%2Fv2%2Fcomments&post=499"}],"version-history":[{"count":0,"href":"https:\/\/pcbigouden.fr\/index.php?rest_route=\/wp\/v2\/posts\/499\/revisions"}],"wp:attachment":[{"href":"https:\/\/pcbigouden.fr\/index.php?rest_route=%2Fwp%2Fv2%2Fmedia&parent=499"}],"wp:term":[{"taxonomy":"category","embeddable":true,"href":"https:\/\/pcbigouden.fr\/index.php?rest_route=%2Fwp%2Fv2%2Fcategories&post=499"},{"taxonomy":"post_tag","embeddable":true,"href":"https:\/\/pcbigouden.fr\/index.php?rest_route=%2Fwp%2Fv2%2Ftags&post=499"}],"curies":[{"name":"wp","href":"https:\/\/api.w.org\/{rel}","templated":true}]}}