{"id":4981,"date":"2025-05-05T15:18:34","date_gmt":"2025-05-05T13:18:34","guid":{"rendered":"https:\/\/pcbigouden.fr\/?p=4981"},"modified":"2025-05-05T18:50:52","modified_gmt":"2025-05-05T16:50:52","slug":"fabien-roussel-unis-les-salaries-pesent-sont-forts-et-ont-des-interets-a-defendre","status":"publish","type":"post","link":"https:\/\/pcbigouden.fr\/?p=4981","title":{"rendered":"Fabien Roussel : \u00ab Unis, les salari\u00e9s p\u00e8sent, sont forts et ont des int\u00e9r\u00eats \u00e0 d\u00e9fendre \u00bb"},"content":{"rendered":"<p><a href=\"https:\/\/pcbigouden.fr\/?attachment_id=4984\" rel=\"attachment wp-att-4984\"><img loading=\"lazy\" decoding=\"async\" class=\"wp-image-4984 alignright\" src=\"https:\/\/pcbigouden.fr\/wp-content\/uploads\/2025\/05\/Huma-1er-mai-225x300.jpg\" alt=\"\" width=\"295\" height=\"393\" srcset=\"https:\/\/pcbigouden.fr\/wp-content\/uploads\/2025\/05\/Huma-1er-mai-225x300.jpg 225w, https:\/\/pcbigouden.fr\/wp-content\/uploads\/2025\/05\/Huma-1er-mai-769x1024.jpg 769w, https:\/\/pcbigouden.fr\/wp-content\/uploads\/2025\/05\/Huma-1er-mai-768x1022.jpg 768w, https:\/\/pcbigouden.fr\/wp-content\/uploads\/2025\/05\/Huma-1er-mai-1154x1536.jpg 1154w, https:\/\/pcbigouden.fr\/wp-content\/uploads\/2025\/05\/Huma-1er-mai-863x1149.jpg 863w, https:\/\/pcbigouden.fr\/wp-content\/uploads\/2025\/05\/Huma-1er-mai-81x108.jpg 81w, https:\/\/pcbigouden.fr\/wp-content\/uploads\/2025\/05\/Huma-1er-mai.jpg 1202w\" sizes=\"auto, (max-width: 295px) 100vw, 295px\" \/><\/a><\/p>\n<p>&nbsp;<\/p>\n<p>Juste avant le 1<sup>er<\/sup>\u00a0mai, Fabien Roussel, secr\u00e9taire national du PCF, publie son troisi\u00e8me livre aux \u00e9ditions le Cherche Midi, \u00ab\u00a0le Parti pris du travail\u00a0\u00bb. Il souhaite mettre ce th\u00e8me au c\u0153ur du d\u00e9bat public et pense qu\u2019il peut contrer la division des salari\u00e9s orchestr\u00e9e par la droite et l\u2019extr\u00eame droite.<\/p>\n<p class=\"wp-block-huma-question\"><strong>Les enqu\u00eates sur les cahiers de dol\u00e9ances des gilets jaunes ont montr\u00e9 une aspiration \u00e0 la protection face aux al\u00e9as de l\u2019\u00e9conomie. Selon vous, quels \u00e9taient les ressorts du mouvement des gilets jaunes\u00a0?<\/strong><!--more Lire la suite--><\/p>\n<p>Une profonde col\u00e8re de gens qui entendaient \u00eatre respect\u00e9s. On trouvait <a href=\"https:\/\/www.humanite.fr\/social-et-economie\/gilets-jaunes\/sur-les-ronds-points-on-etait-la-pour-dire-quun-autre-monde-est-possible-six-ans-apres-les-gilets-jaunes-ne-veulent-pas-passer-a-autre-chose\" target=\"_blank\" rel=\"noopener\">sur les ronds-points des retrait\u00e9s en col\u00e8re contre la hausse de la CSG, des travailleurs <\/a>contre la taxe carbone et la hausse du prix de l\u2019essence. J\u2019ai vu \u00e0 l\u2019\u00e9poque des travailleurs, salari\u00e9s, hommes et femmes, qui se disaient les invisibles de la soci\u00e9t\u00e9. C\u2019\u00e9tait une r\u00e9volte sinc\u00e8re et populaire de personnes qui peinaient \u00e0 joindre les deux bouts, quand bien m\u00eame ils travaillaient.<\/p>\n<p class=\"wp-block-huma-question\"><strong>Dans votre livre, <\/strong><em><strong>le Parti pris du travail<\/strong>,<\/em><strong> vous dites que le travail est le \u00ab\u00a0ciment\u00a0\u00bb qui peut unir le peuple de France\u2026<\/strong><\/p>\n<p>Si l\u2019on ne fait rien, <a href=\"https:\/\/www.humanite.fr\/social-et-economie\/insee\/combien-de-millions-de-pauvres-en-france-de-limportance-dune-reponse-precise-a-cette-question\" target=\"_blank\" rel=\"noopener\">on se dirige vers une France pauvre<\/a> et rabougrie\u00a0: avec des petits salaires, des petits boulots, des petits services publics. Ce n\u2019est pas la France que je souhaite.\u00a0Nous devons reconstruire une France qui r\u00e9ponde \u00e0 ses besoins et soit ind\u00e9pendante d\u2019autres puissances pour son industrie, ses mati\u00e8res premi\u00e8res, ses m\u00e9dicaments, son acier,\u00a0etc.\u00a0Afin d\u2019investir massivement dans l\u2019industrie, l\u2019\u00e9conomie, les services publics, il faut s\u2019appuyer sur le monde du travail pour reconstruire cette France.<\/p>\n<p>Ce livre est un appel \u00e0 prendre conscience de notre force en \u00e9tant unis. Or, le gouvernement, les financiers font tout pour instiller le poison de la division\u00a0: entre ceux qui travaillent dans le public, trait\u00e9s de privil\u00e9gi\u00e9s, et ceux qui travaillent dans le priv\u00e9\u00a0; entre ceux qui ne travaillent pas, trait\u00e9s de fain\u00e9ants, et ceux qui travaillent\u00a0; entre ceux des villes et ceux des champs\u00a0; mais aussi sur la religion, l\u2019immigration.<\/p>\n<p class=\"wp-block-huma-question\"><strong>Pourquoi la centralit\u00e9 du travail n\u2019a pas bonne presse dans une partie de la jeunesse\u00a0?<\/strong><\/p>\n<p>Je suis en d\u00e9saccord\u00a0: tout d\u00e9pend du contenu mis dans l\u2019emploi. Je ne connais pas de jeune qui aspire \u00e0 l\u2019oisivet\u00e9. Les jeunes ont beaucoup d\u2019ambition et sont diff\u00e9rents. Certains ont envie de travailler t\u00f4t. D\u2019autres aspirent \u00e0 faire des \u00e9tudes longues. <a href=\"https:\/\/www.humanite.fr\/social-et-economie\/assurance-chomage\/chomage-en-forte-hausse-de-39-pourquoi-les-jeunes-sont-les-plus-touches\" target=\"_blank\" rel=\"noopener\">Mais les uns comme les autres ont du mal \u00e0 trouver des d\u00e9bouch\u00e9s<\/a>.<\/p>\n<p>Ceux qui veulent commencer tr\u00e8s t\u00f4t se retrouvent avec des conditions de travail tr\u00e8s dures. Ce n\u2019est pas un avenir pour nos enfants. Ceux qui ont fait beaucoup d\u2019\u00e9tudes ne trouvent pas \u00e0 travailler dans leur domaine de comp\u00e9tence, avec une r\u00e9mun\u00e9ration correspondante. On s\u2019\u00e9tonne que <a href=\"https:\/\/www.humanite.fr\/monde\/administration-trump\/chercheur-francais-refoule-des-etats-unis-ladministration-trumpiste-continue-sa-chasse-aux-scientifiques\" target=\"_blank\" rel=\"noopener\">les chercheurs s\u2019en aillent \u00e0 l\u2019\u00e9tranger<\/a>.<\/p>\n<p class=\"wp-block-huma-question\"><strong>\u00c0 propos du contenu du travail, Fran\u00e7ois Bayrou disait qu\u2019il fallait travailler plus\u2026<\/strong><\/p>\n<p>Plut\u00f4t que de demander de travailler plus \u00e0 ceux qui travaillent dans des m\u00e9tiers difficiles, qui aspirent \u00e0 partir en retraite plus t\u00f4t, je commencerais par dire qu\u2019il faut travailler tous.\u00a0Il faut proposer un travail \u00e0 ceux qui n\u2019en n\u2019ont pas et mettre un garrot sur les suppressions d\u2019emploi. <a href=\"https:\/\/www.humanite.fr\/social-et-economie\/arkema\/on-a-servi-de-vache-a-lait-a-tout-le-secteur-vencorex-symbole-du-mal-qui-ronge-lindustrie-francaise\" target=\"_blank\" rel=\"noopener\">400 emplois sont menac\u00e9s chez Vencorex<\/a>, 6\u00a0000 dans la chimie\u2026 Avant de dire qu\u2019il faut travailler plus, je dis au premier ministre\u00a0: \u00ab\u00a0Sauvez les emplois menac\u00e9s\u00a0\u00bb.<\/p>\n<p class=\"wp-block-huma-question\"><strong>Comment contrer les divisions\u00a0?<\/strong><\/p>\n<p>On oppose les salari\u00e9s les uns aux autres. On nous demande de trouver une solution parmi nous. Mais jamais n\u2019est pos\u00e9e la question du capital, <a href=\"https:\/\/www.humanite.fr\/social-et-economie\/inegalites\/2645915-2\" target=\"_blank\" rel=\"noopener\">des ultrariches<\/a>, des revenus financiers, de <a href=\"https:\/\/www.humanite.fr\/en-debat\/inegalites\/oui-emmanuel-macron-est-bien-le-president-des-riches-693546\" target=\"_blank\" rel=\"noopener\">ceux qui ont vu leur fortune multipli\u00e9e par deux et leurs imp\u00f4ts baisser<\/a> depuis qu\u2019Emmanuel Macron est au pouvoir.<\/p>\n<p class=\"wp-block-huma-question\"><strong>Vous d\u00e9noncez les postures qui emp\u00eachent d\u2019aborder sereinement la th\u00e9matique de l\u2019immigration. Quelles sont-elles\u00a0?<\/strong><\/p>\n<p>M\u00eame \u00e0 gauche, il y a des personnes <a href=\"https:\/\/www.humanite.fr\/social-et-economie\/loi-immigration-darmanin\/loi-immigration-sans-les-travailleurs-etrangers-la-france-ne-tournerait-pas\" target=\"_blank\" rel=\"noopener\">qui disent qu\u2019on a besoin d\u2019immigr\u00e9s pour travailler dans des secteurs en tension<\/a>, exercer les m\u00e9tiers que les Fran\u00e7ais ne voudraient pas faire. C\u2019est un discours patronal que je ne partage pas. J\u2019aimerais que les m\u00e9tiers difficiles prennent en compte la p\u00e9nibilit\u00e9, soient mieux r\u00e9mun\u00e9r\u00e9s, attractifs. L\u2019objectif ne peut \u00eatre de faire venir des personnes de l\u2019\u00e9tranger pour les exercer.<\/p>\n<p>Je voudrais que chacun puisse dire qu\u2019il est fier que son enfant fasse ce m\u00e9tier.\u00a0Je trouve d\u00e9gradant de dire des travailleurs \u00e9trangers sur notre sol qu\u2019ils devraient faire des m\u00e9tiers sous-pay\u00e9s, difficiles, au motif qu\u2019ils sont \u00e9trangers. C\u2019est une vision esclavagiste de la personne. Nous devons leur garantir des conditions de travail d\u00e9centes et promouvoir l\u2019\u00e9galit\u00e9 des droits\u00a0: \u00e0 travail \u00e9gal, salaire \u00e9gal, sans distinction.<\/p>\n<p class=\"wp-block-huma-question\"><strong>Pourquoi consid\u00e9rez-vous le RSA comme une \u00ab\u00a0politique de reniement\u00a0\u00bb\u00a0?<\/strong><\/p>\n<p>Mettre en place un revenu de substitution, une aide pour celles et ceux qui se retrouvent du jour au lendemain sans rien, du fait d\u2019une conjoncture \u00e9conomique difficile, d\u2019une crise, d\u2019une pand\u00e9mie, oui. Mais le RSA existe depuis quarante\u00a0ans\u00a0: cela signifie qu\u2019on institutionnalise cette politique pour accompagner le ch\u00f4mage. Il est plus facile de verser un RSA que de r\u00e9sister aux grands groupes qui d\u00e9localisent.\u00a0Je le regrette et j\u2019ai beaucoup plus d\u2019ambition pour mon pays. Je fixe l\u2019objectif d\u2019\u00e9radiquer le ch\u00f4mage en cinq ans, de garantir \u00e0 chacun un emploi, ou une formation avec un salaire au niveau du Smic revaloris\u00e9.<\/p>\n<p>Il n\u2019y aurait alors plus besoin de mettre en place un RSA, ou alors de mani\u00e8re tr\u00e8s r\u00e9siduelle.\u00a0Car ceux qui vivent du RSA ne vivent pas mais survivent. Ceux que je rencontre dans mes permanences, avec moins de 600\u00a0euros de ressources, sont oblig\u00e9s d\u2019aller chercher des colis alimentaires. <a href=\"https:\/\/www.humanite.fr\/politique\/fabien-roussel\/le-parti-pris-du-travail-fabien-roussel-sen-prend-au-mythe-de-lassistanat\" target=\"_blank\" rel=\"noopener\">C\u2019est pourquoi jamais je ne d\u00e9fendrai le RSA<\/a>.<\/p>\n<p>Je parle toujours des formations r\u00e9mun\u00e9r\u00e9es au Smic, parce que j\u2019ai rencontr\u00e9\u00a0trop\u00a0de gens \u00e0 qui l\u2019on a propos\u00e9 des formations, pour lesquelles ils pointent\u00a0\u00e0 9\u00a0heures, finissent \u00e0 17\u00a0heures, doivent mettre les enfants \u00e0 la garderie et \u00e0 la cantine, pour 700\u00a0euros par mois. Ils sortent de leur formation et sont endett\u00e9s. Il faut mettre l\u2019accent sur la formation, mais en \u00e9change d\u2019un salaire, comme toute personne qui va travailler.<\/p>\n<p class=\"wp-block-huma-question\"><strong>Certains vous objecteront que certaines personnes seraient inemployables\u2026<\/strong><\/p>\n<p>\u00c0 mon avis, le nombre de personnes inemployables est r\u00e9siduel. Chacun peut \u00eatre utile en fonction de ses comp\u00e9tences, de son activit\u00e9. <a href=\"https:\/\/www.humanite.fr\/social-et-economie\/handicap\/handicap-et-emploi-des-progres-mais-beaucoup-de-travail-encore-a-accomplir-771469\" target=\"_blank\" rel=\"noopener\">Beaucoup de personnes en situation de handicap parviennent \u00e0 avoir une activit\u00e9 professionnelle<\/a>, encadr\u00e9e. Tout le monde a sa place dans la soci\u00e9t\u00e9. Quand l\u2019on parle du plein-emploi avec un taux de ch\u00f4mage \u00e0 4\u00a0%, ce n\u2019est pas acceptable. Le plein-emploi, c\u2019est 0,1\u00a0% de ch\u00f4mage.<\/p>\n<p class=\"wp-block-huma-question\"><strong>Quel choc d\u2019investissement pr\u00f4nez-vous pour r\u00e9industrialiser la France\u00a0?<\/strong><\/p>\n<p>Le sujet\u00a0devrait envahir les m\u00e9dias au moment o\u00f9 <a href=\"https:\/\/www.humanite.fr\/social-et-economie\/budget\/40-a-50-milliards-deuros-a-trouver-dans-le-budget-2026-annonce-eric-lombard-le-gouvernement-continue-a-foncer-dans-le-mur-austeritaire\" target=\"_blank\" rel=\"noopener\">le gouvernement demande 40\u00a0milliards d\u2019euros d\u2019\u00e9conomies.<\/a> Or, quand quelqu\u2019un est malade, on ne lui supprime pas ses repas. On lui donne des vitamines. La France est malade. Face \u00e0 <a href=\"https:\/\/www.humanite.fr\/social-et-economie\/donald-trump\/droits-de-douanes-comment-trump-tente-de-mettre-la-terre-entiere-a-lamende#:~:text=La%20guerre%20%C3%A9conomique%20engag%C3%A9e%20par,les%20pertes%20d'emploi%20massives.\" target=\"_blank\" rel=\"noopener\">la guerre \u00e9conomique de Donald Trump<\/a>, il faut lib\u00e9rer l\u2019argent, investir \u00e9norm\u00e9ment. C\u2019est ce qu\u2019a fait la BCE pendant la pand\u00e9mie, m\u00eame si elle l\u2019a fait sans donner de crit\u00e8res\u00a0; elle a cr\u00e9\u00e9 de la monnaie et inject\u00e9 3\u00a0000\u00a0milliards d\u2019euros. Il faut aujourd\u2019hui utiliser le bazooka mon\u00e9taire et avoir le m\u00eame choc d\u2019investissement pour les pays de l\u2019Union europ\u00e9enne (UE) et pour la France, mais en donnant des crit\u00e8res sociaux et environnementaux.<\/p>\n<p>Les d\u00e9p\u00f4ts des banques, de la Caisse des d\u00e9p\u00f4ts et consignations (CDC), de la Banque publique d\u2019investissement (BPI), de la Banque postale, s\u2019\u00e9l\u00e8vent \u00e0 des milliers de milliards d\u2019euros.\u00a0Je propose que 400 \u00e0 600\u00a0milliards d\u2019euros soient mis \u00e0 disposition d\u2019un fonds au service de l\u2019industrie, de nos services publics pour pr\u00eater \u00e0 taux z\u00e9ro, voire n\u00e9gatifs, sur la base de crit\u00e8res.<\/p>\n<p>Cela aiderait \u00e0 la <a href=\"https:\/\/www.humanite.fr\/en-debat\/reindustrialisation\/quelle-reindustrialisation-de-la-france-796570\" target=\"_blank\" rel=\"noopener\">r\u00e9industrialisation du pays<\/a>, au soutien \u00e0 l\u2019\u00e9conomie, \u00e0 l\u2019investissement dans nos services publics.\u00a0C\u2019est \u00e0 l\u2019ordre du jour. <a href=\"https:\/\/www.humanite.fr\/monde\/allemagne\/rearmement-le-futur-chancelier-allemand-en-difficulte-pour-faire-accepter-son-coup-de-force-sur-le-budget-de-larmee\" target=\"_blank\" rel=\"noopener\">L\u2019Allemagne le fait en d\u00e9bloquant 500\u00a0milliards d\u2019euros pour l\u2019armement et ses infrastructures<\/a>. Faisons la m\u00eame chose en France pour relocaliser notre industrie, emp\u00eacher son d\u00e9mant\u00e8lement et travailler sur de gros projets, notamment dans l\u2019industrie et les transports.<\/p>\n<p class=\"wp-block-huma-question\"><strong>Alors commissaire au Plan, Fran\u00e7ois Bayrou avait propos\u00e9 un fonds de 500\u00a0milliards d\u2019euros, Mario Draghi un fonds de 750\u00a0milliards d\u2019euros \u00e0 l\u2019\u00e9chelle europ\u00e9enne. Quelle est la diff\u00e9rence avec ce que proposent les communistes\u00a0?<\/strong><\/p>\n<p>Il est d\u00e9j\u00e0 int\u00e9ressant de relever que m\u00eame chez les lib\u00e9raux, il y en a qui pensent qu\u2019il faut injecter de l\u2019argent et rembourser plus tard. Notre diff\u00e9rence est de ne pas vouloir lever ces centaines de milliards d\u2019euros sur les march\u00e9s financiers, afin de ne pas \u00eatre soumis \u00e0 leur tutelle et de ne pas les distribuer sans contreparties.\u00a0Nous pouvons faire appel \u00e0 la Banque centrale europ\u00e9enne (BCE) qui pr\u00eaterait directement aux \u00c9tats pour qu\u2019ils financent ces investissements sans \u00eatre soumis \u00e0 la tutelle des march\u00e9s financiers.<\/p>\n<p>Ce n\u2019est pas ce que fait l\u2019Allemagne. C\u2019est ce que proposait en revanche Fran\u00e7ois Bayrou il y a pr\u00e8s de deux ans, mais qu\u2019il ne propose plus maintenant qu\u2019il est premier ministre.\u00a0Nos crit\u00e8res d\u2019attribution de ces pr\u00eats \u00e0 taux z\u00e9ro ou n\u00e9gatifs seraient d\u00e9finis d\u00e9mocratiquement. On ne peut plus <a href=\"https:\/\/www.humanite.fr\/social-et-economie\/aides-publiques\/aides-publiques-aux-entreprises-un-grand-flou-savamment-entretenu\" target=\"_blank\" rel=\"noopener\">distribuer d\u2019argent gratuit aux grands groupes, surtout quand ils distribuent des dividendes ou d\u00e9localisent<\/a>.<\/p>\n<p class=\"wp-block-huma-question\"><strong>Envisagez-vous des nationalisations de grandes banques syst\u00e9miques\u00a0?<\/strong><\/p>\n<p>Si les banques ne changent pas et continuent de ne pr\u00eater qu\u2019aux plus riches, il faudra certainement remettre cette question sur la table, comme nous l\u2019avions fait en 1981.<\/p>\n<p class=\"wp-block-huma-question\"><strong>Votre livre aborde des questions strat\u00e9giques. Comment construire une conscience de classe\u00a0?<\/strong><\/p>\n<p>Avec un parti communiste fort et des syndicats plus forts. Nous avons besoin d\u2019avoir des organisations qui d\u00e9fendent le progr\u00e8s social et la paix. C\u2019est le r\u00f4le que devraient jouer les forces de gauche et que joue le PCF. Une conscience de classe ne tombe pas du ciel. Elle se construit en faisant prendre conscience aux salari\u00e9s qu\u2019unis, ils p\u00e8sent, ils sont forts et ont des int\u00e9r\u00eats communs \u00e0 d\u00e9fendre.<\/p>\n<p>&nbsp;<\/p>\n<p>Interview \u00e0 l&rsquo;Humanit\u00e9 avec Ga\u00ebl de Santis, mai 2025<\/p>\n","protected":false},"excerpt":{"rendered":"<p>&nbsp; Juste avant le 1er\u00a0mai, Fabien Roussel, secr\u00e9taire national du PCF, publie son troisi\u00e8me livre aux \u00e9ditions le Cherche Midi, \u00ab\u00a0le Parti pris du travail\u00a0\u00bb. Il souhaite mettre ce th\u00e8me au c\u0153ur du d\u00e9bat public et pense qu\u2019il peut contrer la division des salari\u00e9s orchestr\u00e9e par la droite et l\u2019extr\u00eame droite. Les enqu\u00eates sur les &hellip; <a href=\"https:\/\/pcbigouden.fr\/?p=4981\" class=\"more-link\">Continue reading <span class=\"screen-reader-text\">Fabien Roussel : \u00ab Unis, les salari\u00e9s p\u00e8sent, sont forts et ont des int\u00e9r\u00eats \u00e0 d\u00e9fendre \u00bb<\/span><\/a><\/p>\n","protected":false},"author":5,"featured_media":0,"comment_status":"open","ping_status":"closed","sticky":false,"template":"","format":"standard","meta":{"_jetpack_memberships_contains_paid_content":false,"footnotes":""},"categories":[2,3,90,59,12,13],"tags":[],"class_list":["post-4981","post","type-post","status-publish","format-standard","hentry","category-democratie","category-economie","category-environnement","category-parti-communiste","category-services-publics","category-social"],"yoast_head":"<!-- This site is optimized with the Yoast SEO plugin v27.5 - https:\/\/yoast.com\/product\/yoast-seo-wordpress\/ -->\n<title>Fabien Roussel : \u00ab Unis, les salari\u00e9s p\u00e8sent, sont forts et ont des int\u00e9r\u00eats \u00e0 d\u00e9fendre \u00bb - PCF Pays Bigouden<\/title>\n<meta name=\"robots\" content=\"index, follow, max-snippet:-1, max-image-preview:large, max-video-preview:-1\" \/>\n<link rel=\"canonical\" href=\"https:\/\/pcbigouden.fr\/?p=4981\" \/>\n<meta property=\"og:locale\" content=\"fr_FR\" \/>\n<meta property=\"og:type\" content=\"article\" \/>\n<meta property=\"og:title\" content=\"Fabien Roussel : \u00ab Unis, les salari\u00e9s p\u00e8sent, sont forts et ont des int\u00e9r\u00eats \u00e0 d\u00e9fendre \u00bb - PCF Pays Bigouden\" \/>\n<meta property=\"og:description\" content=\"&nbsp; Juste avant le 1er\u00a0mai, Fabien Roussel, secr\u00e9taire national du PCF, publie son troisi\u00e8me livre aux \u00e9ditions le Cherche Midi, \u00ab\u00a0le Parti pris du travail\u00a0\u00bb. Il souhaite mettre ce th\u00e8me au c\u0153ur du d\u00e9bat public et pense qu\u2019il peut contrer la division des salari\u00e9s orchestr\u00e9e par la droite et l\u2019extr\u00eame droite. Les enqu\u00eates sur les &hellip; Continue reading Fabien Roussel : \u00ab Unis, les salari\u00e9s p\u00e8sent, sont forts et ont des int\u00e9r\u00eats \u00e0 d\u00e9fendre \u00bb\" \/>\n<meta property=\"og:url\" content=\"https:\/\/pcbigouden.fr\/?p=4981\" \/>\n<meta property=\"og:site_name\" content=\"PCF Pays Bigouden\" \/>\n<meta property=\"article:published_time\" content=\"2025-05-05T13:18:34+00:00\" \/>\n<meta property=\"article:modified_time\" content=\"2025-05-05T16:50:52+00:00\" \/>\n<meta property=\"og:image\" content=\"https:\/\/pcbigouden.fr\/wp-content\/uploads\/2025\/05\/Huma-1er-mai.jpg\" \/>\n\t<meta property=\"og:image:width\" content=\"1202\" \/>\n\t<meta property=\"og:image:height\" content=\"1600\" \/>\n\t<meta property=\"og:image:type\" content=\"image\/jpeg\" \/>\n<meta name=\"author\" content=\"cortomaltes29\" \/>\n<meta name=\"twitter:card\" content=\"summary_large_image\" \/>\n<meta name=\"twitter:label1\" content=\"\u00c9crit par\" \/>\n\t<meta name=\"twitter:data1\" content=\"cortomaltes29\" \/>\n\t<meta name=\"twitter:label2\" content=\"Dur\u00e9e de lecture estim\u00e9e\" \/>\n\t<meta name=\"twitter:data2\" content=\"9 minutes\" \/>\n<script type=\"application\/ld+json\" class=\"yoast-schema-graph\">{\"@context\":\"https:\\\/\\\/schema.org\",\"@graph\":[{\"@type\":\"Article\",\"@id\":\"https:\\\/\\\/pcbigouden.fr\\\/?p=4981#article\",\"isPartOf\":{\"@id\":\"https:\\\/\\\/pcbigouden.fr\\\/?p=4981\"},\"author\":{\"name\":\"cortomaltes29\",\"@id\":\"https:\\\/\\\/pcbigouden.fr\\\/#\\\/schema\\\/person\\\/dc763e11bee76f6c59d8d18653939a2c\"},\"headline\":\"Fabien Roussel : \u00ab Unis, les salari\u00e9s p\u00e8sent, sont forts et ont des int\u00e9r\u00eats \u00e0 d\u00e9fendre \u00bb\",\"datePublished\":\"2025-05-05T13:18:34+00:00\",\"dateModified\":\"2025-05-05T16:50:52+00:00\",\"mainEntityOfPage\":{\"@id\":\"https:\\\/\\\/pcbigouden.fr\\\/?p=4981\"},\"wordCount\":1847,\"commentCount\":0,\"publisher\":{\"@id\":\"https:\\\/\\\/pcbigouden.fr\\\/#organization\"},\"image\":{\"@id\":\"https:\\\/\\\/pcbigouden.fr\\\/?p=4981#primaryimage\"},\"thumbnailUrl\":\"https:\\\/\\\/pcbigouden.fr\\\/wp-content\\\/uploads\\\/2025\\\/05\\\/Huma-1er-mai-225x300.jpg\",\"articleSection\":[\"D\u00e9mocratie\",\"Economie\",\"Environnement\",\"Parti Communiste\",\"Services Publics\",\"Social\"],\"inLanguage\":\"fr-FR\",\"potentialAction\":[{\"@type\":\"CommentAction\",\"name\":\"Comment\",\"target\":[\"https:\\\/\\\/pcbigouden.fr\\\/?p=4981#respond\"]}]},{\"@type\":\"WebPage\",\"@id\":\"https:\\\/\\\/pcbigouden.fr\\\/?p=4981\",\"url\":\"https:\\\/\\\/pcbigouden.fr\\\/?p=4981\",\"name\":\"Fabien Roussel : \u00ab Unis, les salari\u00e9s p\u00e8sent, sont forts et ont des int\u00e9r\u00eats \u00e0 d\u00e9fendre \u00bb - PCF Pays Bigouden\",\"isPartOf\":{\"@id\":\"https:\\\/\\\/pcbigouden.fr\\\/#website\"},\"primaryImageOfPage\":{\"@id\":\"https:\\\/\\\/pcbigouden.fr\\\/?p=4981#primaryimage\"},\"image\":{\"@id\":\"https:\\\/\\\/pcbigouden.fr\\\/?p=4981#primaryimage\"},\"thumbnailUrl\":\"https:\\\/\\\/pcbigouden.fr\\\/wp-content\\\/uploads\\\/2025\\\/05\\\/Huma-1er-mai-225x300.jpg\",\"datePublished\":\"2025-05-05T13:18:34+00:00\",\"dateModified\":\"2025-05-05T16:50:52+00:00\",\"breadcrumb\":{\"@id\":\"https:\\\/\\\/pcbigouden.fr\\\/?p=4981#breadcrumb\"},\"inLanguage\":\"fr-FR\",\"potentialAction\":[{\"@type\":\"ReadAction\",\"target\":[\"https:\\\/\\\/pcbigouden.fr\\\/?p=4981\"]}]},{\"@type\":\"ImageObject\",\"inLanguage\":\"fr-FR\",\"@id\":\"https:\\\/\\\/pcbigouden.fr\\\/?p=4981#primaryimage\",\"url\":\"https:\\\/\\\/pcbigouden.fr\\\/wp-content\\\/uploads\\\/2025\\\/05\\\/Huma-1er-mai.jpg\",\"contentUrl\":\"https:\\\/\\\/pcbigouden.fr\\\/wp-content\\\/uploads\\\/2025\\\/05\\\/Huma-1er-mai.jpg\",\"width\":1202,\"height\":1600},{\"@type\":\"BreadcrumbList\",\"@id\":\"https:\\\/\\\/pcbigouden.fr\\\/?p=4981#breadcrumb\",\"itemListElement\":[{\"@type\":\"ListItem\",\"position\":1,\"name\":\"Accueil\",\"item\":\"https:\\\/\\\/pcbigouden.fr\\\/\"},{\"@type\":\"ListItem\",\"position\":2,\"name\":\"Fabien Roussel : \u00ab Unis, les salari\u00e9s p\u00e8sent, sont forts et ont des int\u00e9r\u00eats \u00e0 d\u00e9fendre \u00bb\"}]},{\"@type\":\"WebSite\",\"@id\":\"https:\\\/\\\/pcbigouden.fr\\\/#website\",\"url\":\"https:\\\/\\\/pcbigouden.fr\\\/\",\"name\":\"PCF Pays Bigouden\",\"description\":\"Blog des communistes du Pays Bigouden\",\"publisher\":{\"@id\":\"https:\\\/\\\/pcbigouden.fr\\\/#organization\"},\"potentialAction\":[{\"@type\":\"SearchAction\",\"target\":{\"@type\":\"EntryPoint\",\"urlTemplate\":\"https:\\\/\\\/pcbigouden.fr\\\/?s={search_term_string}\"},\"query-input\":{\"@type\":\"PropertyValueSpecification\",\"valueRequired\":true,\"valueName\":\"search_term_string\"}}],\"inLanguage\":\"fr-FR\"},{\"@type\":\"Organization\",\"@id\":\"https:\\\/\\\/pcbigouden.fr\\\/#organization\",\"name\":\"Parti Communiste PCF Pays Bigouden\",\"url\":\"https:\\\/\\\/pcbigouden.fr\\\/\",\"logo\":{\"@type\":\"ImageObject\",\"inLanguage\":\"fr-FR\",\"@id\":\"https:\\\/\\\/pcbigouden.fr\\\/#\\\/schema\\\/logo\\\/image\\\/\",\"url\":\"https:\\\/\\\/pcbigouden.fr\\\/wp-content\\\/uploads\\\/2021\\\/10\\\/logoTB307x290.jpg\",\"contentUrl\":\"https:\\\/\\\/pcbigouden.fr\\\/wp-content\\\/uploads\\\/2021\\\/10\\\/logoTB307x290.jpg\",\"width\":307,\"height\":290,\"caption\":\"Parti Communiste PCF Pays Bigouden\"},\"image\":{\"@id\":\"https:\\\/\\\/pcbigouden.fr\\\/#\\\/schema\\\/logo\\\/image\\\/\"}},{\"@type\":\"Person\",\"@id\":\"https:\\\/\\\/pcbigouden.fr\\\/#\\\/schema\\\/person\\\/dc763e11bee76f6c59d8d18653939a2c\",\"name\":\"cortomaltes29\",\"image\":{\"@type\":\"ImageObject\",\"inLanguage\":\"fr-FR\",\"@id\":\"https:\\\/\\\/secure.gravatar.com\\\/avatar\\\/c2ce5036b4b39dfed348d934e527c141cfac704b84e909e2086924ec476d0315?s=96&d=mm&r=g\",\"url\":\"https:\\\/\\\/secure.gravatar.com\\\/avatar\\\/c2ce5036b4b39dfed348d934e527c141cfac704b84e909e2086924ec476d0315?s=96&d=mm&r=g\",\"contentUrl\":\"https:\\\/\\\/secure.gravatar.com\\\/avatar\\\/c2ce5036b4b39dfed348d934e527c141cfac704b84e909e2086924ec476d0315?s=96&d=mm&r=g\",\"caption\":\"cortomaltes29\"},\"url\":\"https:\\\/\\\/pcbigouden.fr\\\/?author=5\"}]}<\/script>\n<!-- \/ Yoast SEO plugin. -->","yoast_head_json":{"title":"Fabien Roussel : \u00ab Unis, les salari\u00e9s p\u00e8sent, sont forts et ont des int\u00e9r\u00eats \u00e0 d\u00e9fendre \u00bb - PCF Pays Bigouden","robots":{"index":"index","follow":"follow","max-snippet":"max-snippet:-1","max-image-preview":"max-image-preview:large","max-video-preview":"max-video-preview:-1"},"canonical":"https:\/\/pcbigouden.fr\/?p=4981","og_locale":"fr_FR","og_type":"article","og_title":"Fabien Roussel : \u00ab Unis, les salari\u00e9s p\u00e8sent, sont forts et ont des int\u00e9r\u00eats \u00e0 d\u00e9fendre \u00bb - PCF Pays Bigouden","og_description":"&nbsp; Juste avant le 1er\u00a0mai, Fabien Roussel, secr\u00e9taire national du PCF, publie son troisi\u00e8me livre aux \u00e9ditions le Cherche Midi, \u00ab\u00a0le Parti pris du travail\u00a0\u00bb. Il souhaite mettre ce th\u00e8me au c\u0153ur du d\u00e9bat public et pense qu\u2019il peut contrer la division des salari\u00e9s orchestr\u00e9e par la droite et l\u2019extr\u00eame droite. Les enqu\u00eates sur les &hellip; Continue reading Fabien Roussel : \u00ab Unis, les salari\u00e9s p\u00e8sent, sont forts et ont des int\u00e9r\u00eats \u00e0 d\u00e9fendre \u00bb","og_url":"https:\/\/pcbigouden.fr\/?p=4981","og_site_name":"PCF Pays Bigouden","article_published_time":"2025-05-05T13:18:34+00:00","article_modified_time":"2025-05-05T16:50:52+00:00","og_image":[{"width":1202,"height":1600,"url":"https:\/\/pcbigouden.fr\/wp-content\/uploads\/2025\/05\/Huma-1er-mai.jpg","type":"image\/jpeg"}],"author":"cortomaltes29","twitter_card":"summary_large_image","twitter_misc":{"\u00c9crit par":"cortomaltes29","Dur\u00e9e de lecture estim\u00e9e":"9 minutes"},"schema":{"@context":"https:\/\/schema.org","@graph":[{"@type":"Article","@id":"https:\/\/pcbigouden.fr\/?p=4981#article","isPartOf":{"@id":"https:\/\/pcbigouden.fr\/?p=4981"},"author":{"name":"cortomaltes29","@id":"https:\/\/pcbigouden.fr\/#\/schema\/person\/dc763e11bee76f6c59d8d18653939a2c"},"headline":"Fabien Roussel : \u00ab Unis, les salari\u00e9s p\u00e8sent, sont forts et ont des int\u00e9r\u00eats \u00e0 d\u00e9fendre \u00bb","datePublished":"2025-05-05T13:18:34+00:00","dateModified":"2025-05-05T16:50:52+00:00","mainEntityOfPage":{"@id":"https:\/\/pcbigouden.fr\/?p=4981"},"wordCount":1847,"commentCount":0,"publisher":{"@id":"https:\/\/pcbigouden.fr\/#organization"},"image":{"@id":"https:\/\/pcbigouden.fr\/?p=4981#primaryimage"},"thumbnailUrl":"https:\/\/pcbigouden.fr\/wp-content\/uploads\/2025\/05\/Huma-1er-mai-225x300.jpg","articleSection":["D\u00e9mocratie","Economie","Environnement","Parti Communiste","Services Publics","Social"],"inLanguage":"fr-FR","potentialAction":[{"@type":"CommentAction","name":"Comment","target":["https:\/\/pcbigouden.fr\/?p=4981#respond"]}]},{"@type":"WebPage","@id":"https:\/\/pcbigouden.fr\/?p=4981","url":"https:\/\/pcbigouden.fr\/?p=4981","name":"Fabien Roussel : \u00ab Unis, les salari\u00e9s p\u00e8sent, sont forts et ont des int\u00e9r\u00eats \u00e0 d\u00e9fendre \u00bb - PCF Pays Bigouden","isPartOf":{"@id":"https:\/\/pcbigouden.fr\/#website"},"primaryImageOfPage":{"@id":"https:\/\/pcbigouden.fr\/?p=4981#primaryimage"},"image":{"@id":"https:\/\/pcbigouden.fr\/?p=4981#primaryimage"},"thumbnailUrl":"https:\/\/pcbigouden.fr\/wp-content\/uploads\/2025\/05\/Huma-1er-mai-225x300.jpg","datePublished":"2025-05-05T13:18:34+00:00","dateModified":"2025-05-05T16:50:52+00:00","breadcrumb":{"@id":"https:\/\/pcbigouden.fr\/?p=4981#breadcrumb"},"inLanguage":"fr-FR","potentialAction":[{"@type":"ReadAction","target":["https:\/\/pcbigouden.fr\/?p=4981"]}]},{"@type":"ImageObject","inLanguage":"fr-FR","@id":"https:\/\/pcbigouden.fr\/?p=4981#primaryimage","url":"https:\/\/pcbigouden.fr\/wp-content\/uploads\/2025\/05\/Huma-1er-mai.jpg","contentUrl":"https:\/\/pcbigouden.fr\/wp-content\/uploads\/2025\/05\/Huma-1er-mai.jpg","width":1202,"height":1600},{"@type":"BreadcrumbList","@id":"https:\/\/pcbigouden.fr\/?p=4981#breadcrumb","itemListElement":[{"@type":"ListItem","position":1,"name":"Accueil","item":"https:\/\/pcbigouden.fr\/"},{"@type":"ListItem","position":2,"name":"Fabien Roussel : \u00ab Unis, les salari\u00e9s p\u00e8sent, sont forts et ont des int\u00e9r\u00eats \u00e0 d\u00e9fendre \u00bb"}]},{"@type":"WebSite","@id":"https:\/\/pcbigouden.fr\/#website","url":"https:\/\/pcbigouden.fr\/","name":"PCF Pays Bigouden","description":"Blog des communistes du Pays Bigouden","publisher":{"@id":"https:\/\/pcbigouden.fr\/#organization"},"potentialAction":[{"@type":"SearchAction","target":{"@type":"EntryPoint","urlTemplate":"https:\/\/pcbigouden.fr\/?s={search_term_string}"},"query-input":{"@type":"PropertyValueSpecification","valueRequired":true,"valueName":"search_term_string"}}],"inLanguage":"fr-FR"},{"@type":"Organization","@id":"https:\/\/pcbigouden.fr\/#organization","name":"Parti Communiste PCF Pays Bigouden","url":"https:\/\/pcbigouden.fr\/","logo":{"@type":"ImageObject","inLanguage":"fr-FR","@id":"https:\/\/pcbigouden.fr\/#\/schema\/logo\/image\/","url":"https:\/\/pcbigouden.fr\/wp-content\/uploads\/2021\/10\/logoTB307x290.jpg","contentUrl":"https:\/\/pcbigouden.fr\/wp-content\/uploads\/2021\/10\/logoTB307x290.jpg","width":307,"height":290,"caption":"Parti Communiste PCF Pays Bigouden"},"image":{"@id":"https:\/\/pcbigouden.fr\/#\/schema\/logo\/image\/"}},{"@type":"Person","@id":"https:\/\/pcbigouden.fr\/#\/schema\/person\/dc763e11bee76f6c59d8d18653939a2c","name":"cortomaltes29","image":{"@type":"ImageObject","inLanguage":"fr-FR","@id":"https:\/\/secure.gravatar.com\/avatar\/c2ce5036b4b39dfed348d934e527c141cfac704b84e909e2086924ec476d0315?s=96&d=mm&r=g","url":"https:\/\/secure.gravatar.com\/avatar\/c2ce5036b4b39dfed348d934e527c141cfac704b84e909e2086924ec476d0315?s=96&d=mm&r=g","contentUrl":"https:\/\/secure.gravatar.com\/avatar\/c2ce5036b4b39dfed348d934e527c141cfac704b84e909e2086924ec476d0315?s=96&d=mm&r=g","caption":"cortomaltes29"},"url":"https:\/\/pcbigouden.fr\/?author=5"}]}},"jetpack_featured_media_url":"","jetpack_sharing_enabled":true,"jetpack_likes_enabled":true,"_links":{"self":[{"href":"https:\/\/pcbigouden.fr\/index.php?rest_route=\/wp\/v2\/posts\/4981","targetHints":{"allow":["GET"]}}],"collection":[{"href":"https:\/\/pcbigouden.fr\/index.php?rest_route=\/wp\/v2\/posts"}],"about":[{"href":"https:\/\/pcbigouden.fr\/index.php?rest_route=\/wp\/v2\/types\/post"}],"author":[{"embeddable":true,"href":"https:\/\/pcbigouden.fr\/index.php?rest_route=\/wp\/v2\/users\/5"}],"replies":[{"embeddable":true,"href":"https:\/\/pcbigouden.fr\/index.php?rest_route=%2Fwp%2Fv2%2Fcomments&post=4981"}],"version-history":[{"count":8,"href":"https:\/\/pcbigouden.fr\/index.php?rest_route=\/wp\/v2\/posts\/4981\/revisions"}],"predecessor-version":[{"id":4997,"href":"https:\/\/pcbigouden.fr\/index.php?rest_route=\/wp\/v2\/posts\/4981\/revisions\/4997"}],"wp:attachment":[{"href":"https:\/\/pcbigouden.fr\/index.php?rest_route=%2Fwp%2Fv2%2Fmedia&parent=4981"}],"wp:term":[{"taxonomy":"category","embeddable":true,"href":"https:\/\/pcbigouden.fr\/index.php?rest_route=%2Fwp%2Fv2%2Fcategories&post=4981"},{"taxonomy":"post_tag","embeddable":true,"href":"https:\/\/pcbigouden.fr\/index.php?rest_route=%2Fwp%2Fv2%2Ftags&post=4981"}],"curies":[{"name":"wp","href":"https:\/\/api.w.org\/{rel}","templated":true}]}}