{"id":4947,"date":"2025-04-28T12:16:49","date_gmt":"2025-04-28T10:16:49","guid":{"rendered":"https:\/\/pcbigouden.fr\/?p=4947"},"modified":"2025-04-28T15:19:53","modified_gmt":"2025-04-28T13:19:53","slug":"jeudi-1er-mai-2025","status":"publish","type":"post","link":"https:\/\/pcbigouden.fr\/?p=4947","title":{"rendered":"JEUDI 1er MAI 2025"},"content":{"rendered":"<p><img loading=\"lazy\" decoding=\"async\" class=\" wp-image-4948 aligncenter\" src=\"https:\/\/pcbigouden.fr\/wp-content\/uploads\/2025\/04\/Pour-un-immense-premier-mai-e1682620621519-300x121.png\" alt=\"\" width=\"546\" height=\"220\" srcset=\"https:\/\/pcbigouden.fr\/wp-content\/uploads\/2025\/04\/Pour-un-immense-premier-mai-e1682620621519-300x121.png 300w, https:\/\/pcbigouden.fr\/wp-content\/uploads\/2025\/04\/Pour-un-immense-premier-mai-e1682620621519-1024x414.png 1024w, https:\/\/pcbigouden.fr\/wp-content\/uploads\/2025\/04\/Pour-un-immense-premier-mai-e1682620621519-768x310.png 768w, https:\/\/pcbigouden.fr\/wp-content\/uploads\/2025\/04\/Pour-un-immense-premier-mai-e1682620621519-1536x621.png 1536w, https:\/\/pcbigouden.fr\/wp-content\/uploads\/2025\/04\/Pour-un-immense-premier-mai-e1682620621519-863x349.png 863w, https:\/\/pcbigouden.fr\/wp-content\/uploads\/2025\/04\/Pour-un-immense-premier-mai-e1682620621519-267x108.png 267w, https:\/\/pcbigouden.fr\/wp-content\/uploads\/2025\/04\/Pour-un-immense-premier-mai-e1682620621519-1320x533.png 1320w, https:\/\/pcbigouden.fr\/wp-content\/uploads\/2025\/04\/Pour-un-immense-premier-mai-e1682620621519.png 1747w\" sizes=\"auto, (max-width: 546px) 100vw, 546px\" \/><\/p>\n<p>\u00c0 l\u2019occasion de la Journ\u00e9e internationale des travailleurs et travailleuses, la section PCF du Pays Bigouden appelle l\u2019ensemble des salari\u00e9s, militants et sympathisants \u00e0 rejoindre le rassemblement organis\u00e9\u00a0:<\/p>\n<p style=\"text-align: center;\"><strong><span style=\"font-size: 18pt;\">Jeudi 1<sup>er<\/sup> mai \u00e0 10h30 devant l\u2019Union Locale CGT du Pays Bigouden \u00e0 Pont-L\u2019Abb\u00e9<\/span><\/strong><\/p>\n<p>Sous le mot d\u2019ordre\u00a0<strong>\u00ab\u00a01er Mai de Paix &amp; de Progr\u00e8s\u00a0\u00bb<\/strong>, le PCF entend rappeler l\u2019urgence de mobiliser face aux d\u00e9fis majeurs du moment : guerres militaires et \u00e9conomiques, politiques d\u2019aust\u00e9rit\u00e9, mont\u00e9e de l\u2019extr\u00eame droite. Les communistes seront pr\u00e9sents dans toute la France pour affirmer leur engagement en faveur de l\u2019unit\u00e9 du monde du travail, pour la paix et pour le progr\u00e8s \u00e9cologique et social.<\/p>\n<p><span style=\"font-size: 14pt;\"><strong>Refuser l\u2019\u00e9conomie de guerre, d\u00e9fendre la coop\u00e9ration internationale<\/strong><\/span><\/p>\n<p>Face aux conflits dramatiques en Ukraine, \u00e0 Gaza et ailleurs, le PCF appelle la France \u00e0 suivre une voie ind\u00e9pendante, \u00e0 l\u2019\u00e9cart de l\u2019OTAN et de l\u2019influence am\u00e9ricaine. Plut\u00f4t que d\u2019accepter une logique d\u2019\u00e9conomie de guerre, synonyme d\u2019enrichissement des marchands d\u2019armes et d\u2019aust\u00e9rit\u00e9 accrue pour les peuples, le parti propose de renforcer la coop\u00e9ration entre nations souveraines, pour relever ensemble les d\u00e9fis plan\u00e9taires : lutte contre la pauvret\u00e9, acc\u00e8s \u00e0 l\u2019emploi, r\u00e9duction des in\u00e9galit\u00e9s, action climatique et protection des biens communs.<\/p>\n<p>Le PCF d\u00e9nonce les 40 milliards d\u2019euros de coupes budg\u00e9taires en pr\u00e9paration et r\u00e9affirme son exigence d\u2019abrogation de la r\u00e9forme des retraites.<\/p>\n<p><span style=\"font-size: 14pt;\"><strong>Pour des services publics renforc\u00e9s<\/strong><\/span><\/p>\n<p>Le Parti r\u00e9affirme que la sant\u00e9, l\u2019\u00e9ducation, les transports, l\u2019\u00e9nergie, l\u2019environnement, la s\u00e9curit\u00e9, la justice, le logement ou encore la culture doivent sortir du march\u00e9 capitaliste. Il propose la cr\u00e9ation d\u2019un fonds europ\u00e9en de d\u00e9veloppement des services publics, d\u00e9mocratique, financ\u00e9 par la Banque Centrale Europ\u00e9enne, et l\u2019installation de comit\u00e9s locaux d\u2019usagers pour reconstruire l\u2019avenir des services publics aux c\u00f4t\u00e9s des agents.<\/p>\n<p><span style=\"font-size: 14pt;\"><strong>Un 1er Mai sous le signe des grandes conqu\u00eates sociales<\/strong><\/span><\/p>\n<p>Le 1er mai 2025 rev\u00eat cette ann\u00e9e une dimension historique particuli\u00e8re, marqu\u00e9e par deux anniversaires majeurs : les 130 ans de la cr\u00e9ation de la CGT et les 80 ans de la S\u00e9curit\u00e9 sociale. Deux piliers du progr\u00e8s social en France.<\/p>\n","protected":false},"excerpt":{"rendered":"<p>\u00c0 l\u2019occasion de la Journ\u00e9e internationale des travailleurs et travailleuses, la section PCF du Pays Bigouden appelle l\u2019ensemble des salari\u00e9s, militants et sympathisants \u00e0 rejoindre le rassemblement organis\u00e9\u00a0: Jeudi 1er mai \u00e0 10h30 devant l\u2019Union Locale CGT du Pays Bigouden \u00e0 Pont-L\u2019Abb\u00e9 Sous le mot d\u2019ordre\u00a0\u00ab\u00a01er Mai de Paix &amp; de Progr\u00e8s\u00a0\u00bb, le PCF entend &hellip; <a href=\"https:\/\/pcbigouden.fr\/?p=4947\" class=\"more-link\">Continue reading <span class=\"screen-reader-text\">JEUDI 1er MAI 2025<\/span><\/a><\/p>\n","protected":false},"author":8,"featured_media":0,"comment_status":"open","ping_status":"closed","sticky":false,"template":"","format":"standard","meta":{"_jetpack_memberships_contains_paid_content":false,"footnotes":""},"categories":[59],"tags":[],"class_list":["post-4947","post","type-post","status-publish","format-standard","hentry","category-parti-communiste"],"yoast_head":"<!-- This site is optimized with the Yoast SEO plugin v27.5 - https:\/\/yoast.com\/product\/yoast-seo-wordpress\/ -->\n<title>JEUDI 1er MAI 2025 - PCF Pays Bigouden<\/title>\n<meta name=\"robots\" content=\"index, follow, max-snippet:-1, max-image-preview:large, max-video-preview:-1\" \/>\n<link rel=\"canonical\" href=\"https:\/\/pcbigouden.fr\/?p=4947\" \/>\n<meta property=\"og:locale\" content=\"fr_FR\" \/>\n<meta property=\"og:type\" content=\"article\" \/>\n<meta property=\"og:title\" content=\"JEUDI 1er MAI 2025 - PCF Pays Bigouden\" \/>\n<meta property=\"og:description\" content=\"\u00c0 l\u2019occasion de la Journ\u00e9e internationale des travailleurs et travailleuses, la section PCF du Pays Bigouden appelle l\u2019ensemble des salari\u00e9s, militants et sympathisants \u00e0 rejoindre le rassemblement organis\u00e9\u00a0: Jeudi 1er mai \u00e0 10h30 devant l\u2019Union Locale CGT du Pays Bigouden \u00e0 Pont-L\u2019Abb\u00e9 Sous le mot d\u2019ordre\u00a0\u00ab\u00a01er Mai de Paix &amp; de Progr\u00e8s\u00a0\u00bb, le PCF entend &hellip; Continue reading JEUDI 1er MAI 2025\" \/>\n<meta property=\"og:url\" content=\"https:\/\/pcbigouden.fr\/?p=4947\" \/>\n<meta property=\"og:site_name\" content=\"PCF Pays Bigouden\" \/>\n<meta property=\"article:published_time\" content=\"2025-04-28T10:16:49+00:00\" \/>\n<meta property=\"article:modified_time\" content=\"2025-04-28T13:19:53+00:00\" \/>\n<meta property=\"og:image\" content=\"https:\/\/pcbigouden.fr\/wp-content\/uploads\/2025\/04\/Pour-un-immense-premier-mai-e1682620621519.png\" \/>\n\t<meta property=\"og:image:width\" content=\"1747\" \/>\n\t<meta property=\"og:image:height\" content=\"706\" \/>\n\t<meta property=\"og:image:type\" content=\"image\/png\" \/>\n<meta name=\"author\" content=\"philarmor\" \/>\n<meta name=\"twitter:card\" content=\"summary_large_image\" \/>\n<meta name=\"twitter:label1\" content=\"\u00c9crit par\" \/>\n\t<meta name=\"twitter:data1\" content=\"philarmor\" \/>\n\t<meta name=\"twitter:label2\" content=\"Dur\u00e9e de lecture estim\u00e9e\" \/>\n\t<meta name=\"twitter:data2\" content=\"2 minutes\" \/>\n<script type=\"application\/ld+json\" class=\"yoast-schema-graph\">{\"@context\":\"https:\\\/\\\/schema.org\",\"@graph\":[{\"@type\":\"Article\",\"@id\":\"https:\\\/\\\/pcbigouden.fr\\\/?p=4947#article\",\"isPartOf\":{\"@id\":\"https:\\\/\\\/pcbigouden.fr\\\/?p=4947\"},\"author\":{\"name\":\"philarmor\",\"@id\":\"https:\\\/\\\/pcbigouden.fr\\\/#\\\/schema\\\/person\\\/db553cfd25f8e9e7ec7d3d2266b34e5e\"},\"headline\":\"JEUDI 1er MAI 2025\",\"datePublished\":\"2025-04-28T10:16:49+00:00\",\"dateModified\":\"2025-04-28T13:19:53+00:00\",\"mainEntityOfPage\":{\"@id\":\"https:\\\/\\\/pcbigouden.fr\\\/?p=4947\"},\"wordCount\":397,\"commentCount\":0,\"publisher\":{\"@id\":\"https:\\\/\\\/pcbigouden.fr\\\/#organization\"},\"image\":{\"@id\":\"https:\\\/\\\/pcbigouden.fr\\\/?p=4947#primaryimage\"},\"thumbnailUrl\":\"https:\\\/\\\/pcbigouden.fr\\\/wp-content\\\/uploads\\\/2025\\\/04\\\/Pour-un-immense-premier-mai-e1682620621519-300x121.png\",\"articleSection\":[\"Parti Communiste\"],\"inLanguage\":\"fr-FR\",\"potentialAction\":[{\"@type\":\"CommentAction\",\"name\":\"Comment\",\"target\":[\"https:\\\/\\\/pcbigouden.fr\\\/?p=4947#respond\"]}]},{\"@type\":\"WebPage\",\"@id\":\"https:\\\/\\\/pcbigouden.fr\\\/?p=4947\",\"url\":\"https:\\\/\\\/pcbigouden.fr\\\/?p=4947\",\"name\":\"JEUDI 1er MAI 2025 - PCF Pays Bigouden\",\"isPartOf\":{\"@id\":\"https:\\\/\\\/pcbigouden.fr\\\/#website\"},\"primaryImageOfPage\":{\"@id\":\"https:\\\/\\\/pcbigouden.fr\\\/?p=4947#primaryimage\"},\"image\":{\"@id\":\"https:\\\/\\\/pcbigouden.fr\\\/?p=4947#primaryimage\"},\"thumbnailUrl\":\"https:\\\/\\\/pcbigouden.fr\\\/wp-content\\\/uploads\\\/2025\\\/04\\\/Pour-un-immense-premier-mai-e1682620621519-300x121.png\",\"datePublished\":\"2025-04-28T10:16:49+00:00\",\"dateModified\":\"2025-04-28T13:19:53+00:00\",\"breadcrumb\":{\"@id\":\"https:\\\/\\\/pcbigouden.fr\\\/?p=4947#breadcrumb\"},\"inLanguage\":\"fr-FR\",\"potentialAction\":[{\"@type\":\"ReadAction\",\"target\":[\"https:\\\/\\\/pcbigouden.fr\\\/?p=4947\"]}]},{\"@type\":\"ImageObject\",\"inLanguage\":\"fr-FR\",\"@id\":\"https:\\\/\\\/pcbigouden.fr\\\/?p=4947#primaryimage\",\"url\":\"https:\\\/\\\/pcbigouden.fr\\\/wp-content\\\/uploads\\\/2025\\\/04\\\/Pour-un-immense-premier-mai-e1682620621519.png\",\"contentUrl\":\"https:\\\/\\\/pcbigouden.fr\\\/wp-content\\\/uploads\\\/2025\\\/04\\\/Pour-un-immense-premier-mai-e1682620621519.png\",\"width\":1747,\"height\":706},{\"@type\":\"BreadcrumbList\",\"@id\":\"https:\\\/\\\/pcbigouden.fr\\\/?p=4947#breadcrumb\",\"itemListElement\":[{\"@type\":\"ListItem\",\"position\":1,\"name\":\"Accueil\",\"item\":\"https:\\\/\\\/pcbigouden.fr\\\/\"},{\"@type\":\"ListItem\",\"position\":2,\"name\":\"JEUDI 1er MAI 2025\"}]},{\"@type\":\"WebSite\",\"@id\":\"https:\\\/\\\/pcbigouden.fr\\\/#website\",\"url\":\"https:\\\/\\\/pcbigouden.fr\\\/\",\"name\":\"PCF Pays Bigouden\",\"description\":\"Blog des communistes du Pays Bigouden\",\"publisher\":{\"@id\":\"https:\\\/\\\/pcbigouden.fr\\\/#organization\"},\"potentialAction\":[{\"@type\":\"SearchAction\",\"target\":{\"@type\":\"EntryPoint\",\"urlTemplate\":\"https:\\\/\\\/pcbigouden.fr\\\/?s={search_term_string}\"},\"query-input\":{\"@type\":\"PropertyValueSpecification\",\"valueRequired\":true,\"valueName\":\"search_term_string\"}}],\"inLanguage\":\"fr-FR\"},{\"@type\":\"Organization\",\"@id\":\"https:\\\/\\\/pcbigouden.fr\\\/#organization\",\"name\":\"Parti Communiste PCF Pays Bigouden\",\"url\":\"https:\\\/\\\/pcbigouden.fr\\\/\",\"logo\":{\"@type\":\"ImageObject\",\"inLanguage\":\"fr-FR\",\"@id\":\"https:\\\/\\\/pcbigouden.fr\\\/#\\\/schema\\\/logo\\\/image\\\/\",\"url\":\"https:\\\/\\\/pcbigouden.fr\\\/wp-content\\\/uploads\\\/2021\\\/10\\\/logoTB307x290.jpg\",\"contentUrl\":\"https:\\\/\\\/pcbigouden.fr\\\/wp-content\\\/uploads\\\/2021\\\/10\\\/logoTB307x290.jpg\",\"width\":307,\"height\":290,\"caption\":\"Parti Communiste PCF Pays Bigouden\"},\"image\":{\"@id\":\"https:\\\/\\\/pcbigouden.fr\\\/#\\\/schema\\\/logo\\\/image\\\/\"}},{\"@type\":\"Person\",\"@id\":\"https:\\\/\\\/pcbigouden.fr\\\/#\\\/schema\\\/person\\\/db553cfd25f8e9e7ec7d3d2266b34e5e\",\"name\":\"philarmor\",\"image\":{\"@type\":\"ImageObject\",\"inLanguage\":\"fr-FR\",\"@id\":\"https:\\\/\\\/secure.gravatar.com\\\/avatar\\\/d64b18fe41ef6147792f83422f86e16391f18bc76f91f5a4e59b9213ce0ab52c?s=96&d=mm&r=g\",\"url\":\"https:\\\/\\\/secure.gravatar.com\\\/avatar\\\/d64b18fe41ef6147792f83422f86e16391f18bc76f91f5a4e59b9213ce0ab52c?s=96&d=mm&r=g\",\"contentUrl\":\"https:\\\/\\\/secure.gravatar.com\\\/avatar\\\/d64b18fe41ef6147792f83422f86e16391f18bc76f91f5a4e59b9213ce0ab52c?s=96&d=mm&r=g\",\"caption\":\"philarmor\"},\"url\":\"https:\\\/\\\/pcbigouden.fr\\\/?author=8\"}]}<\/script>\n<!-- \/ Yoast SEO plugin. -->","yoast_head_json":{"title":"JEUDI 1er MAI 2025 - PCF Pays Bigouden","robots":{"index":"index","follow":"follow","max-snippet":"max-snippet:-1","max-image-preview":"max-image-preview:large","max-video-preview":"max-video-preview:-1"},"canonical":"https:\/\/pcbigouden.fr\/?p=4947","og_locale":"fr_FR","og_type":"article","og_title":"JEUDI 1er MAI 2025 - PCF Pays Bigouden","og_description":"\u00c0 l\u2019occasion de la Journ\u00e9e internationale des travailleurs et travailleuses, la section PCF du Pays Bigouden appelle l\u2019ensemble des salari\u00e9s, militants et sympathisants \u00e0 rejoindre le rassemblement organis\u00e9\u00a0: Jeudi 1er mai \u00e0 10h30 devant l\u2019Union Locale CGT du Pays Bigouden \u00e0 Pont-L\u2019Abb\u00e9 Sous le mot d\u2019ordre\u00a0\u00ab\u00a01er Mai de Paix &amp; de Progr\u00e8s\u00a0\u00bb, le PCF entend &hellip; Continue reading JEUDI 1er MAI 2025","og_url":"https:\/\/pcbigouden.fr\/?p=4947","og_site_name":"PCF Pays Bigouden","article_published_time":"2025-04-28T10:16:49+00:00","article_modified_time":"2025-04-28T13:19:53+00:00","og_image":[{"width":1747,"height":706,"url":"https:\/\/pcbigouden.fr\/wp-content\/uploads\/2025\/04\/Pour-un-immense-premier-mai-e1682620621519.png","type":"image\/png"}],"author":"philarmor","twitter_card":"summary_large_image","twitter_misc":{"\u00c9crit par":"philarmor","Dur\u00e9e de lecture estim\u00e9e":"2 minutes"},"schema":{"@context":"https:\/\/schema.org","@graph":[{"@type":"Article","@id":"https:\/\/pcbigouden.fr\/?p=4947#article","isPartOf":{"@id":"https:\/\/pcbigouden.fr\/?p=4947"},"author":{"name":"philarmor","@id":"https:\/\/pcbigouden.fr\/#\/schema\/person\/db553cfd25f8e9e7ec7d3d2266b34e5e"},"headline":"JEUDI 1er MAI 2025","datePublished":"2025-04-28T10:16:49+00:00","dateModified":"2025-04-28T13:19:53+00:00","mainEntityOfPage":{"@id":"https:\/\/pcbigouden.fr\/?p=4947"},"wordCount":397,"commentCount":0,"publisher":{"@id":"https:\/\/pcbigouden.fr\/#organization"},"image":{"@id":"https:\/\/pcbigouden.fr\/?p=4947#primaryimage"},"thumbnailUrl":"https:\/\/pcbigouden.fr\/wp-content\/uploads\/2025\/04\/Pour-un-immense-premier-mai-e1682620621519-300x121.png","articleSection":["Parti Communiste"],"inLanguage":"fr-FR","potentialAction":[{"@type":"CommentAction","name":"Comment","target":["https:\/\/pcbigouden.fr\/?p=4947#respond"]}]},{"@type":"WebPage","@id":"https:\/\/pcbigouden.fr\/?p=4947","url":"https:\/\/pcbigouden.fr\/?p=4947","name":"JEUDI 1er MAI 2025 - PCF Pays Bigouden","isPartOf":{"@id":"https:\/\/pcbigouden.fr\/#website"},"primaryImageOfPage":{"@id":"https:\/\/pcbigouden.fr\/?p=4947#primaryimage"},"image":{"@id":"https:\/\/pcbigouden.fr\/?p=4947#primaryimage"},"thumbnailUrl":"https:\/\/pcbigouden.fr\/wp-content\/uploads\/2025\/04\/Pour-un-immense-premier-mai-e1682620621519-300x121.png","datePublished":"2025-04-28T10:16:49+00:00","dateModified":"2025-04-28T13:19:53+00:00","breadcrumb":{"@id":"https:\/\/pcbigouden.fr\/?p=4947#breadcrumb"},"inLanguage":"fr-FR","potentialAction":[{"@type":"ReadAction","target":["https:\/\/pcbigouden.fr\/?p=4947"]}]},{"@type":"ImageObject","inLanguage":"fr-FR","@id":"https:\/\/pcbigouden.fr\/?p=4947#primaryimage","url":"https:\/\/pcbigouden.fr\/wp-content\/uploads\/2025\/04\/Pour-un-immense-premier-mai-e1682620621519.png","contentUrl":"https:\/\/pcbigouden.fr\/wp-content\/uploads\/2025\/04\/Pour-un-immense-premier-mai-e1682620621519.png","width":1747,"height":706},{"@type":"BreadcrumbList","@id":"https:\/\/pcbigouden.fr\/?p=4947#breadcrumb","itemListElement":[{"@type":"ListItem","position":1,"name":"Accueil","item":"https:\/\/pcbigouden.fr\/"},{"@type":"ListItem","position":2,"name":"JEUDI 1er MAI 2025"}]},{"@type":"WebSite","@id":"https:\/\/pcbigouden.fr\/#website","url":"https:\/\/pcbigouden.fr\/","name":"PCF Pays Bigouden","description":"Blog des communistes du Pays Bigouden","publisher":{"@id":"https:\/\/pcbigouden.fr\/#organization"},"potentialAction":[{"@type":"SearchAction","target":{"@type":"EntryPoint","urlTemplate":"https:\/\/pcbigouden.fr\/?s={search_term_string}"},"query-input":{"@type":"PropertyValueSpecification","valueRequired":true,"valueName":"search_term_string"}}],"inLanguage":"fr-FR"},{"@type":"Organization","@id":"https:\/\/pcbigouden.fr\/#organization","name":"Parti Communiste PCF Pays Bigouden","url":"https:\/\/pcbigouden.fr\/","logo":{"@type":"ImageObject","inLanguage":"fr-FR","@id":"https:\/\/pcbigouden.fr\/#\/schema\/logo\/image\/","url":"https:\/\/pcbigouden.fr\/wp-content\/uploads\/2021\/10\/logoTB307x290.jpg","contentUrl":"https:\/\/pcbigouden.fr\/wp-content\/uploads\/2021\/10\/logoTB307x290.jpg","width":307,"height":290,"caption":"Parti Communiste PCF Pays Bigouden"},"image":{"@id":"https:\/\/pcbigouden.fr\/#\/schema\/logo\/image\/"}},{"@type":"Person","@id":"https:\/\/pcbigouden.fr\/#\/schema\/person\/db553cfd25f8e9e7ec7d3d2266b34e5e","name":"philarmor","image":{"@type":"ImageObject","inLanguage":"fr-FR","@id":"https:\/\/secure.gravatar.com\/avatar\/d64b18fe41ef6147792f83422f86e16391f18bc76f91f5a4e59b9213ce0ab52c?s=96&d=mm&r=g","url":"https:\/\/secure.gravatar.com\/avatar\/d64b18fe41ef6147792f83422f86e16391f18bc76f91f5a4e59b9213ce0ab52c?s=96&d=mm&r=g","contentUrl":"https:\/\/secure.gravatar.com\/avatar\/d64b18fe41ef6147792f83422f86e16391f18bc76f91f5a4e59b9213ce0ab52c?s=96&d=mm&r=g","caption":"philarmor"},"url":"https:\/\/pcbigouden.fr\/?author=8"}]}},"jetpack_featured_media_url":"","jetpack_sharing_enabled":true,"jetpack_likes_enabled":true,"_links":{"self":[{"href":"https:\/\/pcbigouden.fr\/index.php?rest_route=\/wp\/v2\/posts\/4947","targetHints":{"allow":["GET"]}}],"collection":[{"href":"https:\/\/pcbigouden.fr\/index.php?rest_route=\/wp\/v2\/posts"}],"about":[{"href":"https:\/\/pcbigouden.fr\/index.php?rest_route=\/wp\/v2\/types\/post"}],"author":[{"embeddable":true,"href":"https:\/\/pcbigouden.fr\/index.php?rest_route=\/wp\/v2\/users\/8"}],"replies":[{"embeddable":true,"href":"https:\/\/pcbigouden.fr\/index.php?rest_route=%2Fwp%2Fv2%2Fcomments&post=4947"}],"version-history":[{"count":3,"href":"https:\/\/pcbigouden.fr\/index.php?rest_route=\/wp\/v2\/posts\/4947\/revisions"}],"predecessor-version":[{"id":4952,"href":"https:\/\/pcbigouden.fr\/index.php?rest_route=\/wp\/v2\/posts\/4947\/revisions\/4952"}],"wp:attachment":[{"href":"https:\/\/pcbigouden.fr\/index.php?rest_route=%2Fwp%2Fv2%2Fmedia&parent=4947"}],"wp:term":[{"taxonomy":"category","embeddable":true,"href":"https:\/\/pcbigouden.fr\/index.php?rest_route=%2Fwp%2Fv2%2Fcategories&post=4947"},{"taxonomy":"post_tag","embeddable":true,"href":"https:\/\/pcbigouden.fr\/index.php?rest_route=%2Fwp%2Fv2%2Ftags&post=4947"}],"curies":[{"name":"wp","href":"https:\/\/api.w.org\/{rel}","templated":true}]}}