{"id":4936,"date":"2025-04-18T10:14:34","date_gmt":"2025-04-18T08:14:34","guid":{"rendered":"https:\/\/pcbigouden.fr\/?p=4936"},"modified":"2025-04-18T11:01:47","modified_gmt":"2025-04-18T09:01:47","slug":"rassemblement-pour-gaza-a-quimper-samedi-19-avril-a-11h","status":"publish","type":"post","link":"https:\/\/pcbigouden.fr\/?p=4936","title":{"rendered":"Rassemblement pour Gaza, \u00e0 Quimper samedi 19 avril \u00e0 11h"},"content":{"rendered":"<h4 style=\"text-align: center;\">Gaza est devenu une fosse commune pour les Palestiniens<\/h4>\n<p>C\u2019est ce que vient de d\u00e9clarer M\u00e9decins Sans Fronti\u00e8res.<!--more** Lire la suite--> Depuis le 2 mars, l\u2019\u00c9tat d\u2019Isra\u00ebl bloque toute entr\u00e9e de nourriture et de m\u00e9dicaments dans le territoire ainsi que l\u2019acc\u00e8s \u00e0 l\u2019eau potable. Il continue \u00e0 bombarder massivement ce qui reste d\u2019h\u00f4pitaux et tous les lieux o\u00f9 peuvent se r\u00e9fugier les civils d\u00e9plac\u00e9s. En Cisjordanie l\u2019arm\u00e9e isra\u00e9lienne et les colons multiplient les attaques contre les villes et villages palestiniens, d\u00e9truisant les camps de r\u00e9fugi\u00e9s et expulsant leur population. Pr\u00e8s de 10 000 Palestiniens croupissent dans les prisons isra\u00e9liennes dans des conditions innommables. 3500 d\u2019entre eux sont en d\u00e9tention administrative pour des p\u00e9riodes de 6 mois renouvelables ind\u00e9finiment, sans proc\u00e8s et sans que les avocats aient acc\u00e8s \u00e0 leur dossier. Des milliers de civils captur\u00e9s \u00e0 Gaza sont d\u00e9tenus dans des camps militaires, plusieurs centaines ont purement et simplement disparu. Il est temps de mettre un terme \u00e0 ce g\u00e9nocide\u00a0!<\/p>\n<p><strong> Le collectif cornouaillais pour le cessez le feu \u00e0 Gaza appelle \u00e0 un <\/strong><br \/>\n<strong>rassemblement le samedi 19 avril \u00e0 11 h place M\u00e9dard \u00e0 Quimper.<\/strong><\/p>\n<h4>Pour un cessez le feu imm\u00e9diat et permanent \u00e0 Gaza\u00a0; pour le d\u00e9blocage de l\u2019aide humanitaire\u00a0; pour la lib\u00e9ration des otages isra\u00e9liens et des prisonniers politiques palestiniens<\/h4>\n","protected":false},"excerpt":{"rendered":"<p>Gaza est devenu une fosse commune pour les Palestiniens C\u2019est ce que vient de d\u00e9clarer M\u00e9decins Sans Fronti\u00e8res.<\/p>\n","protected":false},"author":6,"featured_media":4942,"comment_status":"closed","ping_status":"closed","sticky":false,"template":"","format":"standard","meta":{"_jetpack_memberships_contains_paid_content":false,"footnotes":""},"categories":[50],"tags":[201,71,132,70],"class_list":["post-4936","post","type-post","status-publish","format-standard","has-post-thumbnail","hentry","category-paix","tag-gaza","tag-israel","tag-paix","tag-paalestine"],"yoast_head":"<!-- This site is optimized with the Yoast SEO plugin v27.5 - https:\/\/yoast.com\/product\/yoast-seo-wordpress\/ -->\n<title>Rassemblement pour Gaza, \u00e0 Quimper samedi 19 avril \u00e0 11h - PCF Pays Bigouden<\/title>\n<meta name=\"robots\" content=\"index, follow, max-snippet:-1, max-image-preview:large, max-video-preview:-1\" \/>\n<link rel=\"canonical\" href=\"https:\/\/pcbigouden.fr\/?p=4936\" \/>\n<meta property=\"og:locale\" content=\"fr_FR\" \/>\n<meta property=\"og:type\" content=\"article\" \/>\n<meta property=\"og:title\" content=\"Rassemblement pour Gaza, \u00e0 Quimper samedi 19 avril \u00e0 11h - PCF Pays Bigouden\" \/>\n<meta property=\"og:description\" content=\"Gaza est devenu une fosse commune pour les Palestiniens C\u2019est ce que vient de d\u00e9clarer M\u00e9decins Sans Fronti\u00e8res.\" \/>\n<meta property=\"og:url\" content=\"https:\/\/pcbigouden.fr\/?p=4936\" \/>\n<meta property=\"og:site_name\" content=\"PCF Pays Bigouden\" \/>\n<meta property=\"article:published_time\" content=\"2025-04-18T08:14:34+00:00\" \/>\n<meta property=\"article:modified_time\" content=\"2025-04-18T09:01:47+00:00\" \/>\n<meta property=\"og:image\" content=\"https:\/\/pcbigouden.fr\/wp-content\/uploads\/2025\/04\/GazaCharnier.jpg\" \/>\n\t<meta property=\"og:image:width\" content=\"471\" \/>\n\t<meta property=\"og:image:height\" content=\"320\" \/>\n\t<meta property=\"og:image:type\" content=\"image\/jpeg\" \/>\n<meta name=\"author\" content=\"sierramaestra\" \/>\n<meta name=\"twitter:card\" content=\"summary_large_image\" \/>\n<meta name=\"twitter:label1\" content=\"\u00c9crit par\" \/>\n\t<meta name=\"twitter:data1\" content=\"sierramaestra\" \/>\n\t<meta name=\"twitter:label2\" content=\"Dur\u00e9e de lecture estim\u00e9e\" \/>\n\t<meta name=\"twitter:data2\" content=\"1 minute\" \/>\n<script type=\"application\/ld+json\" class=\"yoast-schema-graph\">{\"@context\":\"https:\\\/\\\/schema.org\",\"@graph\":[{\"@type\":\"Article\",\"@id\":\"https:\\\/\\\/pcbigouden.fr\\\/?p=4936#article\",\"isPartOf\":{\"@id\":\"https:\\\/\\\/pcbigouden.fr\\\/?p=4936\"},\"author\":{\"name\":\"sierramaestra\",\"@id\":\"https:\\\/\\\/pcbigouden.fr\\\/#\\\/schema\\\/person\\\/2f88b3db41deacf169cab9e2ff83133a\"},\"headline\":\"Rassemblement pour Gaza, \u00e0 Quimper samedi 19 avril \u00e0 11h\",\"datePublished\":\"2025-04-18T08:14:34+00:00\",\"dateModified\":\"2025-04-18T09:01:47+00:00\",\"mainEntityOfPage\":{\"@id\":\"https:\\\/\\\/pcbigouden.fr\\\/?p=4936\"},\"wordCount\":239,\"publisher\":{\"@id\":\"https:\\\/\\\/pcbigouden.fr\\\/#organization\"},\"image\":{\"@id\":\"https:\\\/\\\/pcbigouden.fr\\\/?p=4936#primaryimage\"},\"thumbnailUrl\":\"https:\\\/\\\/pcbigouden.fr\\\/wp-content\\\/uploads\\\/2025\\\/04\\\/GazaCharnier.jpg\",\"keywords\":[\"Gaza\",\"Isra\u00ebl\",\"paix\",\"Palestine\"],\"articleSection\":[\"Paix\"],\"inLanguage\":\"fr-FR\"},{\"@type\":\"WebPage\",\"@id\":\"https:\\\/\\\/pcbigouden.fr\\\/?p=4936\",\"url\":\"https:\\\/\\\/pcbigouden.fr\\\/?p=4936\",\"name\":\"Rassemblement pour Gaza, \u00e0 Quimper samedi 19 avril \u00e0 11h - PCF Pays Bigouden\",\"isPartOf\":{\"@id\":\"https:\\\/\\\/pcbigouden.fr\\\/#website\"},\"primaryImageOfPage\":{\"@id\":\"https:\\\/\\\/pcbigouden.fr\\\/?p=4936#primaryimage\"},\"image\":{\"@id\":\"https:\\\/\\\/pcbigouden.fr\\\/?p=4936#primaryimage\"},\"thumbnailUrl\":\"https:\\\/\\\/pcbigouden.fr\\\/wp-content\\\/uploads\\\/2025\\\/04\\\/GazaCharnier.jpg\",\"datePublished\":\"2025-04-18T08:14:34+00:00\",\"dateModified\":\"2025-04-18T09:01:47+00:00\",\"breadcrumb\":{\"@id\":\"https:\\\/\\\/pcbigouden.fr\\\/?p=4936#breadcrumb\"},\"inLanguage\":\"fr-FR\",\"potentialAction\":[{\"@type\":\"ReadAction\",\"target\":[\"https:\\\/\\\/pcbigouden.fr\\\/?p=4936\"]}]},{\"@type\":\"ImageObject\",\"inLanguage\":\"fr-FR\",\"@id\":\"https:\\\/\\\/pcbigouden.fr\\\/?p=4936#primaryimage\",\"url\":\"https:\\\/\\\/pcbigouden.fr\\\/wp-content\\\/uploads\\\/2025\\\/04\\\/GazaCharnier.jpg\",\"contentUrl\":\"https:\\\/\\\/pcbigouden.fr\\\/wp-content\\\/uploads\\\/2025\\\/04\\\/GazaCharnier.jpg\",\"width\":471,\"height\":320},{\"@type\":\"BreadcrumbList\",\"@id\":\"https:\\\/\\\/pcbigouden.fr\\\/?p=4936#breadcrumb\",\"itemListElement\":[{\"@type\":\"ListItem\",\"position\":1,\"name\":\"Accueil\",\"item\":\"https:\\\/\\\/pcbigouden.fr\\\/\"},{\"@type\":\"ListItem\",\"position\":2,\"name\":\"Rassemblement pour Gaza, \u00e0 Quimper samedi 19 avril \u00e0 11h\"}]},{\"@type\":\"WebSite\",\"@id\":\"https:\\\/\\\/pcbigouden.fr\\\/#website\",\"url\":\"https:\\\/\\\/pcbigouden.fr\\\/\",\"name\":\"PCF Pays Bigouden\",\"description\":\"Blog des communistes du Pays Bigouden\",\"publisher\":{\"@id\":\"https:\\\/\\\/pcbigouden.fr\\\/#organization\"},\"potentialAction\":[{\"@type\":\"SearchAction\",\"target\":{\"@type\":\"EntryPoint\",\"urlTemplate\":\"https:\\\/\\\/pcbigouden.fr\\\/?s={search_term_string}\"},\"query-input\":{\"@type\":\"PropertyValueSpecification\",\"valueRequired\":true,\"valueName\":\"search_term_string\"}}],\"inLanguage\":\"fr-FR\"},{\"@type\":\"Organization\",\"@id\":\"https:\\\/\\\/pcbigouden.fr\\\/#organization\",\"name\":\"Parti Communiste PCF Pays Bigouden\",\"url\":\"https:\\\/\\\/pcbigouden.fr\\\/\",\"logo\":{\"@type\":\"ImageObject\",\"inLanguage\":\"fr-FR\",\"@id\":\"https:\\\/\\\/pcbigouden.fr\\\/#\\\/schema\\\/logo\\\/image\\\/\",\"url\":\"https:\\\/\\\/pcbigouden.fr\\\/wp-content\\\/uploads\\\/2021\\\/10\\\/logoTB307x290.jpg\",\"contentUrl\":\"https:\\\/\\\/pcbigouden.fr\\\/wp-content\\\/uploads\\\/2021\\\/10\\\/logoTB307x290.jpg\",\"width\":307,\"height\":290,\"caption\":\"Parti Communiste PCF Pays Bigouden\"},\"image\":{\"@id\":\"https:\\\/\\\/pcbigouden.fr\\\/#\\\/schema\\\/logo\\\/image\\\/\"}},{\"@type\":\"Person\",\"@id\":\"https:\\\/\\\/pcbigouden.fr\\\/#\\\/schema\\\/person\\\/2f88b3db41deacf169cab9e2ff83133a\",\"name\":\"sierramaestra\",\"image\":{\"@type\":\"ImageObject\",\"inLanguage\":\"fr-FR\",\"@id\":\"https:\\\/\\\/secure.gravatar.com\\\/avatar\\\/5e822171bcc9a9856efba4097a35cfd35b4c239b7b552810087caf40ef8496b2?s=96&d=mm&r=g\",\"url\":\"https:\\\/\\\/secure.gravatar.com\\\/avatar\\\/5e822171bcc9a9856efba4097a35cfd35b4c239b7b552810087caf40ef8496b2?s=96&d=mm&r=g\",\"contentUrl\":\"https:\\\/\\\/secure.gravatar.com\\\/avatar\\\/5e822171bcc9a9856efba4097a35cfd35b4c239b7b552810087caf40ef8496b2?s=96&d=mm&r=g\",\"caption\":\"sierramaestra\"},\"url\":\"https:\\\/\\\/pcbigouden.fr\\\/?author=6\"}]}<\/script>\n<!-- \/ Yoast SEO plugin. -->","yoast_head_json":{"title":"Rassemblement pour Gaza, \u00e0 Quimper samedi 19 avril \u00e0 11h - PCF Pays Bigouden","robots":{"index":"index","follow":"follow","max-snippet":"max-snippet:-1","max-image-preview":"max-image-preview:large","max-video-preview":"max-video-preview:-1"},"canonical":"https:\/\/pcbigouden.fr\/?p=4936","og_locale":"fr_FR","og_type":"article","og_title":"Rassemblement pour Gaza, \u00e0 Quimper samedi 19 avril \u00e0 11h - PCF Pays Bigouden","og_description":"Gaza est devenu une fosse commune pour les Palestiniens C\u2019est ce que vient de d\u00e9clarer M\u00e9decins Sans Fronti\u00e8res.","og_url":"https:\/\/pcbigouden.fr\/?p=4936","og_site_name":"PCF Pays Bigouden","article_published_time":"2025-04-18T08:14:34+00:00","article_modified_time":"2025-04-18T09:01:47+00:00","og_image":[{"width":471,"height":320,"url":"https:\/\/pcbigouden.fr\/wp-content\/uploads\/2025\/04\/GazaCharnier.jpg","type":"image\/jpeg"}],"author":"sierramaestra","twitter_card":"summary_large_image","twitter_misc":{"\u00c9crit par":"sierramaestra","Dur\u00e9e de lecture estim\u00e9e":"1 minute"},"schema":{"@context":"https:\/\/schema.org","@graph":[{"@type":"Article","@id":"https:\/\/pcbigouden.fr\/?p=4936#article","isPartOf":{"@id":"https:\/\/pcbigouden.fr\/?p=4936"},"author":{"name":"sierramaestra","@id":"https:\/\/pcbigouden.fr\/#\/schema\/person\/2f88b3db41deacf169cab9e2ff83133a"},"headline":"Rassemblement pour Gaza, \u00e0 Quimper samedi 19 avril \u00e0 11h","datePublished":"2025-04-18T08:14:34+00:00","dateModified":"2025-04-18T09:01:47+00:00","mainEntityOfPage":{"@id":"https:\/\/pcbigouden.fr\/?p=4936"},"wordCount":239,"publisher":{"@id":"https:\/\/pcbigouden.fr\/#organization"},"image":{"@id":"https:\/\/pcbigouden.fr\/?p=4936#primaryimage"},"thumbnailUrl":"https:\/\/pcbigouden.fr\/wp-content\/uploads\/2025\/04\/GazaCharnier.jpg","keywords":["Gaza","Isra\u00ebl","paix","Palestine"],"articleSection":["Paix"],"inLanguage":"fr-FR"},{"@type":"WebPage","@id":"https:\/\/pcbigouden.fr\/?p=4936","url":"https:\/\/pcbigouden.fr\/?p=4936","name":"Rassemblement pour Gaza, \u00e0 Quimper samedi 19 avril \u00e0 11h - PCF Pays Bigouden","isPartOf":{"@id":"https:\/\/pcbigouden.fr\/#website"},"primaryImageOfPage":{"@id":"https:\/\/pcbigouden.fr\/?p=4936#primaryimage"},"image":{"@id":"https:\/\/pcbigouden.fr\/?p=4936#primaryimage"},"thumbnailUrl":"https:\/\/pcbigouden.fr\/wp-content\/uploads\/2025\/04\/GazaCharnier.jpg","datePublished":"2025-04-18T08:14:34+00:00","dateModified":"2025-04-18T09:01:47+00:00","breadcrumb":{"@id":"https:\/\/pcbigouden.fr\/?p=4936#breadcrumb"},"inLanguage":"fr-FR","potentialAction":[{"@type":"ReadAction","target":["https:\/\/pcbigouden.fr\/?p=4936"]}]},{"@type":"ImageObject","inLanguage":"fr-FR","@id":"https:\/\/pcbigouden.fr\/?p=4936#primaryimage","url":"https:\/\/pcbigouden.fr\/wp-content\/uploads\/2025\/04\/GazaCharnier.jpg","contentUrl":"https:\/\/pcbigouden.fr\/wp-content\/uploads\/2025\/04\/GazaCharnier.jpg","width":471,"height":320},{"@type":"BreadcrumbList","@id":"https:\/\/pcbigouden.fr\/?p=4936#breadcrumb","itemListElement":[{"@type":"ListItem","position":1,"name":"Accueil","item":"https:\/\/pcbigouden.fr\/"},{"@type":"ListItem","position":2,"name":"Rassemblement pour Gaza, \u00e0 Quimper samedi 19 avril \u00e0 11h"}]},{"@type":"WebSite","@id":"https:\/\/pcbigouden.fr\/#website","url":"https:\/\/pcbigouden.fr\/","name":"PCF Pays Bigouden","description":"Blog des communistes du Pays Bigouden","publisher":{"@id":"https:\/\/pcbigouden.fr\/#organization"},"potentialAction":[{"@type":"SearchAction","target":{"@type":"EntryPoint","urlTemplate":"https:\/\/pcbigouden.fr\/?s={search_term_string}"},"query-input":{"@type":"PropertyValueSpecification","valueRequired":true,"valueName":"search_term_string"}}],"inLanguage":"fr-FR"},{"@type":"Organization","@id":"https:\/\/pcbigouden.fr\/#organization","name":"Parti Communiste PCF Pays Bigouden","url":"https:\/\/pcbigouden.fr\/","logo":{"@type":"ImageObject","inLanguage":"fr-FR","@id":"https:\/\/pcbigouden.fr\/#\/schema\/logo\/image\/","url":"https:\/\/pcbigouden.fr\/wp-content\/uploads\/2021\/10\/logoTB307x290.jpg","contentUrl":"https:\/\/pcbigouden.fr\/wp-content\/uploads\/2021\/10\/logoTB307x290.jpg","width":307,"height":290,"caption":"Parti Communiste PCF Pays Bigouden"},"image":{"@id":"https:\/\/pcbigouden.fr\/#\/schema\/logo\/image\/"}},{"@type":"Person","@id":"https:\/\/pcbigouden.fr\/#\/schema\/person\/2f88b3db41deacf169cab9e2ff83133a","name":"sierramaestra","image":{"@type":"ImageObject","inLanguage":"fr-FR","@id":"https:\/\/secure.gravatar.com\/avatar\/5e822171bcc9a9856efba4097a35cfd35b4c239b7b552810087caf40ef8496b2?s=96&d=mm&r=g","url":"https:\/\/secure.gravatar.com\/avatar\/5e822171bcc9a9856efba4097a35cfd35b4c239b7b552810087caf40ef8496b2?s=96&d=mm&r=g","contentUrl":"https:\/\/secure.gravatar.com\/avatar\/5e822171bcc9a9856efba4097a35cfd35b4c239b7b552810087caf40ef8496b2?s=96&d=mm&r=g","caption":"sierramaestra"},"url":"https:\/\/pcbigouden.fr\/?author=6"}]}},"jetpack_featured_media_url":"https:\/\/pcbigouden.fr\/wp-content\/uploads\/2025\/04\/GazaCharnier.jpg","jetpack_sharing_enabled":true,"jetpack_likes_enabled":true,"_links":{"self":[{"href":"https:\/\/pcbigouden.fr\/index.php?rest_route=\/wp\/v2\/posts\/4936","targetHints":{"allow":["GET"]}}],"collection":[{"href":"https:\/\/pcbigouden.fr\/index.php?rest_route=\/wp\/v2\/posts"}],"about":[{"href":"https:\/\/pcbigouden.fr\/index.php?rest_route=\/wp\/v2\/types\/post"}],"author":[{"embeddable":true,"href":"https:\/\/pcbigouden.fr\/index.php?rest_route=\/wp\/v2\/users\/6"}],"replies":[{"embeddable":true,"href":"https:\/\/pcbigouden.fr\/index.php?rest_route=%2Fwp%2Fv2%2Fcomments&post=4936"}],"version-history":[{"count":4,"href":"https:\/\/pcbigouden.fr\/index.php?rest_route=\/wp\/v2\/posts\/4936\/revisions"}],"predecessor-version":[{"id":4938,"href":"https:\/\/pcbigouden.fr\/index.php?rest_route=\/wp\/v2\/posts\/4936\/revisions\/4938"}],"wp:featuredmedia":[{"embeddable":true,"href":"https:\/\/pcbigouden.fr\/index.php?rest_route=\/wp\/v2\/media\/4942"}],"wp:attachment":[{"href":"https:\/\/pcbigouden.fr\/index.php?rest_route=%2Fwp%2Fv2%2Fmedia&parent=4936"}],"wp:term":[{"taxonomy":"category","embeddable":true,"href":"https:\/\/pcbigouden.fr\/index.php?rest_route=%2Fwp%2Fv2%2Fcategories&post=4936"},{"taxonomy":"post_tag","embeddable":true,"href":"https:\/\/pcbigouden.fr\/index.php?rest_route=%2Fwp%2Fv2%2Ftags&post=4936"}],"curies":[{"name":"wp","href":"https:\/\/api.w.org\/{rel}","templated":true}]}}