{"id":4785,"date":"2025-03-05T11:13:57","date_gmt":"2025-03-05T10:13:57","guid":{"rendered":"https:\/\/pcbigouden.fr\/?p=4785"},"modified":"2025-03-07T08:50:31","modified_gmt":"2025-03-07T07:50:31","slug":"situation-de-la-filiere-halieutique-en-france-et-en-europe","status":"publish","type":"post","link":"https:\/\/pcbigouden.fr\/?p=4785","title":{"rendered":"Situation de la fili\u00e8re halieutique en France et en Europe"},"content":{"rendered":"<p><span style=\"font-size: 14pt;\"><strong>Projet revue \u00ab\u00a0Progressistes\u00a0\u00bb<\/strong><\/span><\/p>\n<p>&nbsp;<\/p>\n<p><strong><img loading=\"lazy\" decoding=\"async\" class=\" wp-image-4787 aligncenter\" src=\"https:\/\/pcbigouden.fr\/wp-content\/uploads\/2025\/03\/triage-du-poisson-300x158.jpeg\" alt=\"\" width=\"463\" height=\"244\" srcset=\"https:\/\/pcbigouden.fr\/wp-content\/uploads\/2025\/03\/triage-du-poisson-300x158.jpeg 300w, https:\/\/pcbigouden.fr\/wp-content\/uploads\/2025\/03\/triage-du-poisson-205x108.jpeg 205w, https:\/\/pcbigouden.fr\/wp-content\/uploads\/2025\/03\/triage-du-poisson.jpeg 309w\" sizes=\"auto, (max-width: 463px) 100vw, 463px\" \/><\/strong><\/p>\n<p>&nbsp;<\/p>\n<p style=\"text-align: justify;\"><span style=\"font-size: 14pt;\"><strong>La fili\u00e8re halieutique est un sujet complexe et syst\u00e9mique.<\/strong><\/span><\/p>\n<p style=\"text-align: justify;\">Les oc\u00e9ans sont aujourd\u2019hui le th\u00e9\u00e2tre de bien des convoitises, la p\u00eache, l\u2019aquaculture et les activit\u00e9s inh\u00e9rentes \u00e0 la fili\u00e8re ne sont qu\u2019un \u00e9l\u00e9ment de ce large \u00e9ventail.<\/p>\n<p><!--more..Lire la suite..--><\/p>\n<p style=\"text-align: justify;\">En cons\u00e9quence, compte tenu des enjeux, la th\u00e9matique de la Mer devient centrale dans notre pays.<\/p>\n<p style=\"text-align: justify;\">En t\u00e9moigne d\u2019une part, l\u2019organisation par la Commission Nationale du D\u00e9bat Public (CNDP) d\u2019une consultation nationale, \u00ab\u00a0La Mer en D\u00e9bat\u00a0\u00bb, de novembre 2023 \u00e0 avril 2024, sur la future planification maritime, l\u2019avenir de la mer, du littoral, de la biodiversit\u00e9 marine et de l\u2019\u00e9olien en mer.<\/p>\n<p style=\"text-align: justify;\">D\u2019autre part, le lancement de l\u2019Ann\u00e9e de la Mer, annonc\u00e9e par le Pr\u00e9sident de la R\u00e9publique aux Assises de l\u2019\u00e9conomie de la mer en novembre 2023 \u00e0 Nantes. Elle se d\u00e9roulera de l\u2019\u00e9t\u00e9 2024 \u00e0 septembre 2025 sur tout le territoire fran\u00e7ais de m\u00e9tropole et d\u2019outre-mer. L\u2019objectif est de sensibiliser le grand public et les d\u00e9cideurs aux enjeux des oc\u00e9ans.<\/p>\n<p style=\"text-align: justify;\">La France dispose du deuxi\u00e8me espace maritime mondial, onze millions de Km2 de zone \u00e9conomique exclusive, dont 97% se trouve en Outre-mer. Pour quoi faire\u00a0? avec quels moyens\u00a0? pour quelle strat\u00e9gie\u00a0? Elle est dans le peloton de t\u00eate des \u00e9conomies maritimes, assez loin devant ses rivaux de toujours que sont, l\u2019Angleterre, l\u2019Espagne, le Portugal.<\/p>\n<p style=\"text-align: justify;\">Le pilier de cette \u00e9conomie est Le Cluster Maritime Fran\u00e7ais, structure associative cr\u00e9\u00e9e en 2006. Elle rassemble tous les acteurs de l\u2019\u00e9cosyst\u00e8me maritime, de l\u2019industrie aux services et activit\u00e9s maritimes de toute nature. Elle regroupe pr\u00e8s de 500 entit\u00e9s\u00a0: entreprises, p\u00f4les de comp\u00e9titivit\u00e9, f\u00e9d\u00e9rations, associations, laboratoires, centres de recherche, \u00e9coles et organismes de formation, collectivit\u00e9s locales, Marine nationale. La structure permet aux pouvoirs publics d\u2019avoir un seul interlocuteur.<\/p>\n<p style=\"text-align: justify;\">L\u2019\u00e9conomie maritime fran\u00e7aise est compos\u00e9e de <strong>5 secteurs traditionnels <\/strong>(le transport, la p\u00eache, l\u2019industrie et la construction navale, les t\u00e9l\u00e9communications\/c\u00e2bles sous-marins et les ressources \u00e9nerg\u00e9tiques) et de<strong> 5 secteurs \u00e9mergents <\/strong>(les ressources min\u00e9rales, le tourisme, les biotechnologies, les \u00e9nergies marines renouvelables et l\u2019aquaculture).<\/p>\n<p style=\"text-align: justify;\">Ces secteurs s\u2019appuient sur les deux atouts ma\u00eetre de notre pays\u00a0: sa zone \u00e9conomique exclusive et les entreprises maritimes leaders mondiaux dans leur domaine.<\/p>\n<p style=\"text-align: justify;\">Entre 2016 et 2023, l\u2019emploi maritime direct est pass\u00e9 de 289\u00a0000 \u00e0 pr\u00e8s de 400\u00a0000. La valeur de production flirte avec les 100 milliards d\u2019euros de chiffre d\u2019affaires contre 71 en 2016.<\/p>\n<p style=\"text-align: justify;\">Hormis l\u2019industrie du luxe, l\u2019\u00e9conomie maritime est l\u2019un des rares secteurs exportateurs largement exc\u00e9dentaires de notre balance commerciale.<\/p>\n<p style=\"text-align: justify;\">La construction navale, le transport et les \u00e9nergies renouvelables sont les secteurs phares de notre \u00e9conomie maritime, \u00e0 l\u2019inverse des ports, pourtant strat\u00e9giques, et de la p\u00eache, toujours en souffrance.<\/p>\n<p style=\"text-align: justify;\"><span style=\"font-size: 14pt;\"><strong>La construction navale.<\/strong><\/span><\/p>\n<p style=\"text-align: justify;\"><em><strong>Le secteur de l\u2019industrie navale civile<\/strong><\/em> notamment la construction de bateaux complexes, v\u00e9ritable concentr\u00e9s de nouvelles technologies, demeure une sp\u00e9cialit\u00e9 europ\u00e9enne (les Chantiers de l\u2019Atlantique \u00e0 St Nazaire).<\/p>\n<p style=\"text-align: justify;\"><em><strong>Le secteur de la construction navale militaire<\/strong> <\/em>se porte bien aussi (Naval Group), tr\u00e8s li\u00e9 \u00e0 la conjoncture internationale, il b\u00e9n\u00e9ficie d\u2019un fort r\u00e9armement mondial.<\/p>\n<p style=\"text-align: justify;\"><em><strong>En mati\u00e8re de construction, la plaisance<\/strong><\/em> est aussi un exemple. Le groupe vend\u00e9en B\u00e9n\u00e9teau est leader mondial avec plus de 8000 salari\u00e9s et un chiffre d\u2019affaires en hausse de 23%. Le secteur du nautisme en France p\u00e8se 6,2 milliards d\u2019euros pour 42\u00a0000 emplois.<\/p>\n<p style=\"text-align: justify;\"><span style=\"font-size: 14pt;\"><strong>Le transport maritime et sa logistique (le shipping).<\/strong><\/span><\/p>\n<p style=\"text-align: justify;\">Le commerce mondial transite \u00e0 90% par les voies maritimes.<\/p>\n<p style=\"text-align: justify;\">La soci\u00e9t\u00e9 marseillaise CMA CGM a d\u00e9gag\u00e9 un b\u00e9n\u00e9fice net de 23,8 milliards d\u2019euros en 2022 pour un chiffre d\u2019affaires de 75 milliards d\u2019euros. Pour am\u00e9liorer leur attractivit\u00e9, les armateurs font valoir les normes environnementales, la s\u00e9curit\u00e9 des navires et les droits sociaux des travailleurs.<\/p>\n<p style=\"text-align: justify;\">Le secteur du transport maritime et de la logistique p\u00e8se 35 milliards d\u2019euros et 83\u00a0000 emplois directs.<\/p>\n<p style=\"text-align: justify;\"><span style=\"font-size: 14pt;\"><strong>L\u2019essor des \u00e9nergies renouvelables.<\/strong><\/span><\/p>\n<p style=\"text-align: justify;\">Les oc\u00e9ans constituent un r\u00e9servoir in\u00e9puisable de vents, de courants, de vagues, de mar\u00e9es, de biomasse ou encore d\u2019\u00e9nergie thermique.<\/p>\n<p style=\"text-align: justify;\">Le premier parc \u00e9olien en mer au large de St Nazaire a \u00e9t\u00e9 mis en service \u00e0 la fin de l\u2019ann\u00e9e 2022. Trois autres parcs pos\u00e9s et trois fermes pilotes d\u2019\u00e9olien flottant sont en construction.<\/p>\n<p style=\"text-align: justify;\"><strong>\u00a0<\/strong><\/p>\n<p style=\"text-align: justify;\"><span style=\"font-size: 14pt;\"><strong>Les ports.<\/strong><\/span><\/p>\n<p style=\"text-align: justify;\">Les ports sont un maillon faible de la France maritime. Plus de la moiti\u00e9 des marchandises destin\u00e9es au march\u00e9 fran\u00e7ais d\u00e9barquent dans des ports \u00e9trangers. De tous temps notre pays les a envisag\u00e9s plus comme des infrastructures que comme des passages accessibles et efficaces vers la desserte internationale, du coup la cha\u00eene logistique a trop longtemps \u00e9t\u00e9 d\u00e9laiss\u00e9e. En 2022, les ports repr\u00e9sentaient un chiffre d\u2019affaires de 4,4 milliards d\u2019euros pour 40\u00a0000 emplois.<\/p>\n<p><span style=\"font-size: 14pt;\"><strong style=\"text-align: justify;\">La p\u00eache fran\u00e7aise dans la tourmente.<\/strong><\/span><\/p>\n<p><strong><img loading=\"lazy\" decoding=\"async\" class=\" wp-image-4786 aligncenter\" src=\"https:\/\/pcbigouden.fr\/wp-content\/uploads\/2025\/03\/Chalutier-dans-la-tempete.jpeg\" alt=\"\" width=\"391\" height=\"260\" srcset=\"https:\/\/pcbigouden.fr\/wp-content\/uploads\/2025\/03\/Chalutier-dans-la-tempete.jpeg 275w, https:\/\/pcbigouden.fr\/wp-content\/uploads\/2025\/03\/Chalutier-dans-la-tempete-162x108.jpeg 162w\" sizes=\"auto, (max-width: 391px) 100vw, 391px\" \/><\/strong><\/p>\n<p style=\"text-align: justify;\">42\u00a0000 marins fran\u00e7ais en l\u2019an 2000. 13\u00a0000 en 2021. La France m\u00e9tropolitaine est au 4<sup>\u00e8me<\/sup> rang europ\u00e9en derri\u00e8re l\u2019Espagne, le Royaume Uni et le Danemark dans le secteur de la p\u00eache et de l\u2019aquaculture. La p\u00eache fran\u00e7aise ne repr\u00e9sente plus que 11% du volume de la p\u00eache europ\u00e9enne et 0,65% du volume mondial. Nous importons 75% des produits de la mer que nous consommons.<\/p>\n<p style=\"text-align: justify;\">La mondialisation et les surp\u00eaches ill\u00e9gales de nombreux pays ne sont pas \u00e9trang\u00e8res \u00e0 cette d\u00e9gringolade.<\/p>\n<p style=\"text-align: justify;\">A ces probl\u00e8mes structurels s\u2019ajoutent ceux plus conjoncturels du Brexit et de la flamb\u00e9e des prix du gasoil. La Commission europ\u00e9enne et le gouvernement fran\u00e7ais ont \u00e9t\u00e9 contraints de prolonger l\u2019aide carburant d\u2019un montant de 20 centimes d\u2019euros par litre de gasoil jusqu\u2019en juin 2024, aide prolong\u00e9e jusqu\u2019en d\u00e9cembre avec un suppl\u00e9ment de 13 centimes mais totalement supprim\u00e9e depuis le 1<sup>er<\/sup> janvier 2025. Mais ensuite, qu\u2019adviendra-t-il\u00a0?<\/p>\n<p style=\"text-align: justify;\">Finalement, la route de l\u2019\u00e9conomie maritime, envisag\u00e9e selon le mod\u00e8le capitaliste, est d\u00e9gag\u00e9e, malgr\u00e9 les \u00e9cueils de la p\u00eache et des ports.<\/p>\n<p style=\"text-align: justify;\"><span style=\"font-size: 14pt;\"><strong>Reprenons la main sur la fili\u00e8re halieutique.<\/strong><\/span><\/p>\n<p style=\"text-align: justify;\">Le r\u00e9chauffement et le d\u00e9r\u00e8glement climatique nous obligent, la transition est n\u00e9cessaire. Les activit\u00e9s humaines sont toutes percut\u00e9es par ces ph\u00e9nom\u00e8nes, la fili\u00e8re halieutique aussi.<\/p>\n<p style=\"text-align: justify;\">L\u2019\u00e9tat de la biodiversit\u00e9 est scrut\u00e9 par la <strong>Plateforme Intergouvernementale Scientifique et Politique sur la Biodiversit\u00e9 et les Services Ecosyst\u00e9miques (IPBES)<\/strong> cr\u00e9\u00e9 en 2012.<\/p>\n<p style=\"text-align: justify;\">Ses experts confirment dans leur dernier rapport que 75% des \u00e9cosyst\u00e8mes terrestres et 40% des milieux marins sont fortement d\u00e9grad\u00e9s.<\/p>\n<p style=\"text-align: justify;\">La biodiversit\u00e9 d\u00e9cline progressivement. Ce d\u00e9clin est signal\u00e9 par les scientifiques depuis plus de cinquante ans, il est caus\u00e9 par les activit\u00e9s humaines (surpopulation, pollutions, urbanisation, surexploitation des ressources \u2026) et par le bouleversement climatique que nos gaz \u00e0 effet de serre acc\u00e9l\u00e8rent.<\/p>\n<p style=\"text-align: justify;\"><strong>\u00a0<\/strong><span style=\"font-size: 14pt;\"><strong>Pas de fatalit\u00e9. Un choix politique<\/strong><\/span><\/p>\n<p>&nbsp;<\/p>\n<p><img loading=\"lazy\" decoding=\"async\" class=\"alignnone wp-image-4789 aligncenter\" src=\"https:\/\/pcbigouden.fr\/wp-content\/uploads\/2025\/03\/CE-IMAGE-300x158.jpeg\" alt=\"\" width=\"437\" height=\"230\" srcset=\"https:\/\/pcbigouden.fr\/wp-content\/uploads\/2025\/03\/CE-IMAGE-300x158.jpeg 300w, https:\/\/pcbigouden.fr\/wp-content\/uploads\/2025\/03\/CE-IMAGE-205x108.jpeg 205w, https:\/\/pcbigouden.fr\/wp-content\/uploads\/2025\/03\/CE-IMAGE.jpeg 310w\" sizes=\"auto, (max-width: 437px) 100vw, 437px\" \/><\/p>\n<p>&nbsp;<\/p>\n<p style=\"text-align: justify;\"><strong><em>Pas de fatalit\u00e9 \u00e0 la crise de la p\u00eache, c\u2019est le r\u00e9sultat d\u2019une politique nationale donc europ\u00e9ennes bien pes\u00e9e.<\/em><\/strong><\/p>\n<p style=\"text-align: justify;\">Le r\u00e9chauffement climatique, les pollutions terrestres, les pollutions de l\u2019eau de nos rivi\u00e8res impactent grandement l\u2019ensemble des \u00e9cosyst\u00e8mes et p\u00e8sent sur la crise mais s\u2019y ajoutent les effets d\u00e9vastateurs de la p\u00eache industrielle principalement la p\u00eache minoti\u00e8re. Notre avenir alimentaire et celui de la fili\u00e8re halieutique, sont en jeu dans les combats qui se jouent \u00e0 terre.<\/p>\n<p style=\"text-align: justify;\">De puissantes multinationales de la p\u00eache mettent la main sur la plupart des quotas en investissant dans d\u2019immenses chalutiers automatis\u00e9s, en rachetant ou en fusionnant avec d\u2019autres entreprises de p\u00eache moins performantes.<\/p>\n<p style=\"text-align: justify;\">Ces mastodontes des mers se livrent \u00e0 un v\u00e9ritable pillage des oc\u00e9ans en toute l\u00e9galit\u00e9 gr\u00e2ce aux quotas que leurs attribue L\u2019UE et les victimes en sont les p\u00eacheurs artisans. Ainsi, entre 2013 et 2019 la flotte europ\u00e9enne a perdu 5505 navires tout en conservant le m\u00eame niveau de captures de poissons.<\/p>\n<p style=\"text-align: justify;\">Chaque ann\u00e9e la Commission europ\u00e9enne fixe un total admissible de captures (TAC) pour chaque esp\u00e8ce en se basant sur les recommandations des scientifiques. Ensuite ce TAC est r\u00e9parti entre les Etats membres avant d\u2019\u00eatre \u00e0 nouveau divis\u00e9 au sein de chaque Etat selon des r\u00e8gles nationales.<\/p>\n<p style=\"text-align: justify;\">La r\u00e9union au niveau europ\u00e9en pour d\u00e9cider de la r\u00e9partition de ces quotas se d\u00e9roule \u00e0 huis clos pendant le mois de d\u00e9cembre et lors de cette \u00e9tape s\u2019effectue un gros travail de lobbying de la part des multinationales pour r\u00e9cup\u00e9rer un maximum de quotas au d\u00e9triment de la p\u00eache artisanale.<\/p>\n<p style=\"text-align: justify;\">Certains quotas sont achet\u00e9s par ces m\u00e9gas soci\u00e9t\u00e9s, de nature capitalistique, au m\u00eame titre qu\u2019une action boursi\u00e8re. Parlevliet-Van der Plas et Cornelis Vrolijk, soci\u00e9t\u00e9s n\u00e9erlandaises, poss\u00e8dent ainsi des quotas en Allemagne, au Royaume-Uni ou en France. Parlevliet-Van der Plas a ainsi rachet\u00e9 les soci\u00e9t\u00e9s Euronor et la Compagnie des P\u00eaches de St Malo, Cornelis Vrolijk poss\u00e8de la soci\u00e9t\u00e9 France P\u00e9lagique \u00e0 qui appartient le Scrombus, le tout en captant au passage les fameux quotas.<\/p>\n<p style=\"text-align: justify;\">Ces deux soci\u00e9t\u00e9s n\u00e9erlandaises font partie des plus puissantes et des plus influentes en Europe, leur ascension est le fruit d\u2019un contexte politique tr\u00e8s favorable \u00e0 l\u2019essor de la p\u00eache industrielle.<\/p>\n<p style=\"text-align: justify;\">L\u2019UE tient un double discours, d\u2019un c\u00f4t\u00e9 elle pr\u00f4ne une p\u00eache responsable, durable et de l\u2019autre elle favorise le d\u00e9veloppement de ces m\u00e9gas soci\u00e9t\u00e9s.<\/p>\n<p style=\"text-align: justify;\">Le Parti Communiste Fran\u00e7ais condamne ces petits arrangements au niveau europ\u00e9en. Ces tractations opaques induisent des choix politiques assum\u00e9s qui ont un impact cons\u00e9quent sur nos p\u00eacheries locales et nos territoires\u00a0: diminution de la ressource, r\u00e9duction de la puissance de p\u00eache par la destruction de navires, r\u00e8glementation inappropri\u00e9e, diminution des apports sous cri\u00e9e, fermeture d\u2019entreprises, mareyage, m\u00e9canique, construction navale\u2026 La fili\u00e8re est donc en crise et ce n\u2019est pas nouveau.<\/p>\n<p style=\"text-align: justify;\">Comment peut-on en arriver l\u00e0\u00a0? Est-ce \u00e0 dire qu\u2019un maillon manque \u00e0 la cha\u00eene de r\u00e9flexion, de d\u00e9cision au sein des m\u00e9tiers de la mer pour peser aussi peu\u00a0?<\/p>\n<p style=\"text-align: justify;\">Pourtant les marins disposent de deux instances reconnues pour les repr\u00e9senter, le CNMPEM et les Organisations de Producteurs dont P\u00eacheurs de Bretagne. Les responsables de l\u2019une sont \u00e9lus par leurs pairs avec un taux de participation faible des marins et ceux de l\u2019autre simplement d\u00e9sign\u00e9s par les adh\u00e9rents-cotisants.<\/p>\n<p style=\"text-align: justify;\">Ces instances sont l\u00e9gitimes pour r\u00e9fl\u00e9chir, anticiper et prendre les d\u00e9cisions qui s\u2019imposent afin d\u2019\u00e9viter les situations de blocage.<\/p>\n<p style=\"text-align: justify;\">Certes le r\u00f4le des Comit\u00e9s est de repr\u00e9senter les int\u00e9r\u00eats de la profession, d\u2019encadrer les p\u00eacheries, de participer \u00e0 l\u2019\u00e9laboration des r\u00e9glementations fran\u00e7aises et europ\u00e9ennes, mais il leur appartient aussi de proposer un projet, une vision d\u2019avenir pour les p\u00eacheries et ce en toute ind\u00e9pendance. En tout \u00e9tat de cause le taux de participation \u00e0 ces \u00e9lections est insuffisant, un travail d\u2019information, de sensibilisation en amont sur les enjeux sous-jacents inh\u00e9rents \u00e0 la fili\u00e8re est indispensable.<\/p>\n<p style=\"text-align: justify;\">La remarque vaut aussi pour les Organisations de Producteurs dont le r\u00f4le est l\u2019organisation de l\u2019activit\u00e9 de la p\u00eache artisanale (fileyeurs, ligneurs, c\u00f4ti\u00e8re, hauturi\u00e8re) sur le plan \u00e9conomique, notamment la r\u00e9partition des quotas tout comme le fait de garantir un prix minimum de march\u00e9.<\/p>\n<p style=\"text-align: justify;\">Cependant aujourd\u2019hui, ces instances sont devenues les courroies de transmission des directives d\u00e9cid\u00e9es en amont au niveau de la Commission europ\u00e9ennes, du Parlement europ\u00e9en et du minist\u00e8re fran\u00e7ais, sans concertation ni dialogue avec la base.<\/p>\n<p style=\"text-align: justify;\">De ce fait, une v\u00e9ritable crise morale touche le milieu maritime, une impression d\u2019impuissance face aux contraintes et obligations, avec de surcro\u00eet le sentiment d\u2019avoir perdu la ma\u00eetrise de leur professionnalit\u00e9.<\/p>\n<p style=\"text-align: justify;\">Et pourtant le savoir-faire des p\u00eacheurs artisans fait qu\u2019ils sont les mieux \u00e0 m\u00eame de conna\u00eetre les \u00e9cosyst\u00e8mes, d\u2019utiliser des m\u00e9thodes de p\u00eache raisonn\u00e9es \u00e0 faible impact et de privil\u00e9gier les poissons destin\u00e9s \u00e0 la consommation humaine plut\u00f4t qu\u2019\u00e0 des usages industriels.<\/p>\n<p style=\"text-align: justify;\">Il devient vital pour les professionnels de la fili\u00e8re de se r\u00e9approprier collectivement leur destin au sein d\u2019instances locales, r\u00e9gionales et nationales d\u00e9mocratiquement \u00e9lues.<\/p>\n<p style=\"text-align: justify;\">Ceux-ci ne peuvent se satisfaire d\u2019aller de PAI (plan d\u2019accompagnement individuel) en PAI. Apr\u00e8s celui concernant les bateaux, a suivi un plan, tr\u00e8s attendu, de soutien aux entreprises de mareyage qui manquent d\u2019apports depuis d\u00e9j\u00e0 plusieurs semaines (en Bretagne le mareyage repr\u00e9sente une centaine d\u2019entreprises et 1900 emplois). C\u2019est tout l\u2019\u00e9quilibre social, \u00e9conomique, culturel du territoire qui est en jeu.<\/p>\n<p style=\"text-align: justify;\">En France on assiste \u00e0 un dilemme notoire avec d\u2019un c\u00f4t\u00e9 la p\u00eache industrielle et de l\u2019autre la protection de la p\u00eache artisanale associ\u00e9e \u00e0 la protection des oc\u00e9ans.<\/p>\n<p><img loading=\"lazy\" decoding=\"async\" class=\"alignnone wp-image-4788 aligncenter\" src=\"https:\/\/pcbigouden.fr\/wp-content\/uploads\/2025\/03\/Chalutier-geant.jpeg\" alt=\"\" width=\"415\" height=\"261\" srcset=\"https:\/\/pcbigouden.fr\/wp-content\/uploads\/2025\/03\/Chalutier-geant.jpeg 283w, https:\/\/pcbigouden.fr\/wp-content\/uploads\/2025\/03\/Chalutier-geant-172x108.jpeg 172w\" sizes=\"auto, (max-width: 415px) 100vw, 415px\" \/><\/p>\n<p>&nbsp;<\/p>\n<p style=\"text-align: justify;\">Le gouvernement fran\u00e7ais nie l\u2019existence de navires usines en zone prot\u00e9g\u00e9e et pourtant les m\u00e9gas chalutiers europ\u00e9ens et fran\u00e7ais comme le Scombrus (sur le hareng et le maquereau principalement), le Prins Bernhard p\u00eachent librement au large de Calais dans la zone Natura 2000 du banc des Flandres, du Cap Gris Nez et dans le parc marin de la C\u00f4te d\u2019Opale toutes les semaines toute l\u2019ann\u00e9e. En dix minutes ces navires peuvent p\u00eacher 100 tonnes de harengs, repr\u00e9sentant pour un artisan une activit\u00e9 pendant 15 ans.<\/p>\n<p style=\"text-align: justify;\">Ces m\u00e9gas chalutiers, arm\u00e9s par les multinationales de la p\u00eache, auraient pu \u00eatre exclus de la bande c\u00f4ti\u00e8re mais le 18 janvier 2024 les eurod\u00e9put\u00e9s fran\u00e7ais de droite et de Renaissance ont rejet\u00e9 un amendement qui demandait l\u2019interdiction aux navires de plus de 25 m de p\u00eacher dans les eaux de l\u2019Union jusqu\u2019\u00e0 12\u00a0000 marins des c\u00f4tes. C\u2019est le cas du chef de file LR aux \u00e9lections europ\u00e9ennes Fr Xavier Belami et de l\u2019eurod\u00e9put\u00e9 Renaissance P Karleskind pr\u00e9sident de la Commission P\u00eache du Parlement europ\u00e9en jusqu\u2019en juin 2024.<\/p>\n<p style=\"text-align: justify;\">Ces deux d\u00e9put\u00e9s et une majorit\u00e9 de leurs coll\u00e8gues du m\u00eame bord ont rejet\u00e9 un autre amendement favorable \u00e0 l\u2019\u00e9limination du chalutage dans les aires marines prot\u00e9g\u00e9es (AMP).<\/p>\n<p style=\"text-align: justify;\">La doctrine du gouvernement fran\u00e7ais est donc de laisser des multinationales de la p\u00eache accumuler du capital en p\u00eachant massivement dans ces zones au d\u00e9triment des p\u00eacheurs artisans et de la bonne gestion de la ressource.<\/p>\n<p style=\"text-align: justify;\">En d\u00e9finitive, ce qui manque \u00e0 l\u2019ensemble de la fili\u00e8re c\u2019est une vision politique et strat\u00e9gique de la p\u00eache, une vision ambitieuse, pourvoyeuse d\u2019emplois qualifi\u00e9s, au niveau europ\u00e9en et fran\u00e7ais conforme aux besoins des populations.<\/p>\n<p style=\"text-align: justify;\"><strong><em>Pour cela il faut changer les r\u00e8gles et tendre vers plus de d\u00e9mocratie et de transparence.<\/em><\/strong><\/p>\n<p style=\"text-align: justify;\">C\u2019est le projet Communiste.<\/p>\n","protected":false},"excerpt":{"rendered":"<p>Projet revue \u00ab\u00a0Progressistes\u00a0\u00bb &nbsp; &nbsp; La fili\u00e8re halieutique est un sujet complexe et syst\u00e9mique. Les oc\u00e9ans sont aujourd\u2019hui le th\u00e9\u00e2tre de bien des convoitises, la p\u00eache, l\u2019aquaculture et les activit\u00e9s inh\u00e9rentes \u00e0 la fili\u00e8re ne sont qu\u2019un \u00e9l\u00e9ment de ce large \u00e9ventail.<\/p>\n","protected":false},"author":8,"featured_media":0,"comment_status":"closed","ping_status":"closed","sticky":false,"template":"","format":"standard","meta":{"_jetpack_memberships_contains_paid_content":false,"footnotes":""},"categories":[8],"tags":[246,215,93],"class_list":["post-4785","post","type-post","status-publish","format-standard","hentry","category-peche","tag-halieutique","tag-mer","tag-peche"],"yoast_head":"<!-- This site is optimized with the Yoast SEO plugin v27.5 - https:\/\/yoast.com\/product\/yoast-seo-wordpress\/ -->\n<title>Situation de la fili\u00e8re halieutique en France et en Europe - PCF Pays Bigouden<\/title>\n<meta name=\"robots\" content=\"index, follow, max-snippet:-1, max-image-preview:large, max-video-preview:-1\" \/>\n<link rel=\"canonical\" href=\"https:\/\/pcbigouden.fr\/?p=4785\" \/>\n<meta property=\"og:locale\" content=\"fr_FR\" \/>\n<meta property=\"og:type\" content=\"article\" \/>\n<meta property=\"og:title\" content=\"Situation de la fili\u00e8re halieutique en France et en Europe - PCF Pays Bigouden\" \/>\n<meta property=\"og:description\" content=\"Projet revue \u00ab\u00a0Progressistes\u00a0\u00bb &nbsp; &nbsp; La fili\u00e8re halieutique est un sujet complexe et syst\u00e9mique. Les oc\u00e9ans sont aujourd\u2019hui le th\u00e9\u00e2tre de bien des convoitises, la p\u00eache, l\u2019aquaculture et les activit\u00e9s inh\u00e9rentes \u00e0 la fili\u00e8re ne sont qu\u2019un \u00e9l\u00e9ment de ce large \u00e9ventail.\" \/>\n<meta property=\"og:url\" content=\"https:\/\/pcbigouden.fr\/?p=4785\" \/>\n<meta property=\"og:site_name\" content=\"PCF Pays Bigouden\" \/>\n<meta property=\"article:published_time\" content=\"2025-03-05T10:13:57+00:00\" \/>\n<meta property=\"article:modified_time\" content=\"2025-03-07T07:50:31+00:00\" \/>\n<meta property=\"og:image\" content=\"https:\/\/pcbigouden.fr\/wp-content\/uploads\/2025\/03\/triage-du-poisson-300x158.jpeg\" \/>\n<meta name=\"author\" content=\"philarmor\" \/>\n<meta name=\"twitter:card\" content=\"summary_large_image\" \/>\n<meta name=\"twitter:label1\" content=\"\u00c9crit par\" \/>\n\t<meta name=\"twitter:data1\" content=\"philarmor\" \/>\n\t<meta name=\"twitter:label2\" content=\"Dur\u00e9e de lecture estim\u00e9e\" \/>\n\t<meta name=\"twitter:data2\" content=\"13 minutes\" \/>\n<script type=\"application\/ld+json\" class=\"yoast-schema-graph\">{\"@context\":\"https:\\\/\\\/schema.org\",\"@graph\":[{\"@type\":\"Article\",\"@id\":\"https:\\\/\\\/pcbigouden.fr\\\/?p=4785#article\",\"isPartOf\":{\"@id\":\"https:\\\/\\\/pcbigouden.fr\\\/?p=4785\"},\"author\":{\"name\":\"philarmor\",\"@id\":\"https:\\\/\\\/pcbigouden.fr\\\/#\\\/schema\\\/person\\\/db553cfd25f8e9e7ec7d3d2266b34e5e\"},\"headline\":\"Situation de la fili\u00e8re halieutique en France et en Europe\",\"datePublished\":\"2025-03-05T10:13:57+00:00\",\"dateModified\":\"2025-03-07T07:50:31+00:00\",\"mainEntityOfPage\":{\"@id\":\"https:\\\/\\\/pcbigouden.fr\\\/?p=4785\"},\"wordCount\":2590,\"publisher\":{\"@id\":\"https:\\\/\\\/pcbigouden.fr\\\/#organization\"},\"image\":{\"@id\":\"https:\\\/\\\/pcbigouden.fr\\\/?p=4785#primaryimage\"},\"thumbnailUrl\":\"https:\\\/\\\/pcbigouden.fr\\\/wp-content\\\/uploads\\\/2025\\\/03\\\/triage-du-poisson-300x158.jpeg\",\"keywords\":[\"halieutique\",\"mer\",\"P\u00eache\"],\"articleSection\":[\"P\u00eache\"],\"inLanguage\":\"fr-FR\"},{\"@type\":\"WebPage\",\"@id\":\"https:\\\/\\\/pcbigouden.fr\\\/?p=4785\",\"url\":\"https:\\\/\\\/pcbigouden.fr\\\/?p=4785\",\"name\":\"Situation de la fili\u00e8re halieutique en France et en Europe - PCF Pays Bigouden\",\"isPartOf\":{\"@id\":\"https:\\\/\\\/pcbigouden.fr\\\/#website\"},\"primaryImageOfPage\":{\"@id\":\"https:\\\/\\\/pcbigouden.fr\\\/?p=4785#primaryimage\"},\"image\":{\"@id\":\"https:\\\/\\\/pcbigouden.fr\\\/?p=4785#primaryimage\"},\"thumbnailUrl\":\"https:\\\/\\\/pcbigouden.fr\\\/wp-content\\\/uploads\\\/2025\\\/03\\\/triage-du-poisson-300x158.jpeg\",\"datePublished\":\"2025-03-05T10:13:57+00:00\",\"dateModified\":\"2025-03-07T07:50:31+00:00\",\"breadcrumb\":{\"@id\":\"https:\\\/\\\/pcbigouden.fr\\\/?p=4785#breadcrumb\"},\"inLanguage\":\"fr-FR\",\"potentialAction\":[{\"@type\":\"ReadAction\",\"target\":[\"https:\\\/\\\/pcbigouden.fr\\\/?p=4785\"]}]},{\"@type\":\"ImageObject\",\"inLanguage\":\"fr-FR\",\"@id\":\"https:\\\/\\\/pcbigouden.fr\\\/?p=4785#primaryimage\",\"url\":\"https:\\\/\\\/pcbigouden.fr\\\/wp-content\\\/uploads\\\/2025\\\/03\\\/triage-du-poisson.jpeg\",\"contentUrl\":\"https:\\\/\\\/pcbigouden.fr\\\/wp-content\\\/uploads\\\/2025\\\/03\\\/triage-du-poisson.jpeg\",\"width\":309,\"height\":163},{\"@type\":\"BreadcrumbList\",\"@id\":\"https:\\\/\\\/pcbigouden.fr\\\/?p=4785#breadcrumb\",\"itemListElement\":[{\"@type\":\"ListItem\",\"position\":1,\"name\":\"Accueil\",\"item\":\"https:\\\/\\\/pcbigouden.fr\\\/\"},{\"@type\":\"ListItem\",\"position\":2,\"name\":\"Situation de la fili\u00e8re halieutique en France et en Europe\"}]},{\"@type\":\"WebSite\",\"@id\":\"https:\\\/\\\/pcbigouden.fr\\\/#website\",\"url\":\"https:\\\/\\\/pcbigouden.fr\\\/\",\"name\":\"PCF Pays Bigouden\",\"description\":\"Blog des communistes du Pays Bigouden\",\"publisher\":{\"@id\":\"https:\\\/\\\/pcbigouden.fr\\\/#organization\"},\"potentialAction\":[{\"@type\":\"SearchAction\",\"target\":{\"@type\":\"EntryPoint\",\"urlTemplate\":\"https:\\\/\\\/pcbigouden.fr\\\/?s={search_term_string}\"},\"query-input\":{\"@type\":\"PropertyValueSpecification\",\"valueRequired\":true,\"valueName\":\"search_term_string\"}}],\"inLanguage\":\"fr-FR\"},{\"@type\":\"Organization\",\"@id\":\"https:\\\/\\\/pcbigouden.fr\\\/#organization\",\"name\":\"Parti Communiste PCF Pays Bigouden\",\"url\":\"https:\\\/\\\/pcbigouden.fr\\\/\",\"logo\":{\"@type\":\"ImageObject\",\"inLanguage\":\"fr-FR\",\"@id\":\"https:\\\/\\\/pcbigouden.fr\\\/#\\\/schema\\\/logo\\\/image\\\/\",\"url\":\"https:\\\/\\\/pcbigouden.fr\\\/wp-content\\\/uploads\\\/2021\\\/10\\\/logoTB307x290.jpg\",\"contentUrl\":\"https:\\\/\\\/pcbigouden.fr\\\/wp-content\\\/uploads\\\/2021\\\/10\\\/logoTB307x290.jpg\",\"width\":307,\"height\":290,\"caption\":\"Parti Communiste PCF Pays Bigouden\"},\"image\":{\"@id\":\"https:\\\/\\\/pcbigouden.fr\\\/#\\\/schema\\\/logo\\\/image\\\/\"}},{\"@type\":\"Person\",\"@id\":\"https:\\\/\\\/pcbigouden.fr\\\/#\\\/schema\\\/person\\\/db553cfd25f8e9e7ec7d3d2266b34e5e\",\"name\":\"philarmor\",\"image\":{\"@type\":\"ImageObject\",\"inLanguage\":\"fr-FR\",\"@id\":\"https:\\\/\\\/secure.gravatar.com\\\/avatar\\\/d64b18fe41ef6147792f83422f86e16391f18bc76f91f5a4e59b9213ce0ab52c?s=96&d=mm&r=g\",\"url\":\"https:\\\/\\\/secure.gravatar.com\\\/avatar\\\/d64b18fe41ef6147792f83422f86e16391f18bc76f91f5a4e59b9213ce0ab52c?s=96&d=mm&r=g\",\"contentUrl\":\"https:\\\/\\\/secure.gravatar.com\\\/avatar\\\/d64b18fe41ef6147792f83422f86e16391f18bc76f91f5a4e59b9213ce0ab52c?s=96&d=mm&r=g\",\"caption\":\"philarmor\"},\"url\":\"https:\\\/\\\/pcbigouden.fr\\\/?author=8\"}]}<\/script>\n<!-- \/ Yoast SEO plugin. -->","yoast_head_json":{"title":"Situation de la fili\u00e8re halieutique en France et en Europe - PCF Pays Bigouden","robots":{"index":"index","follow":"follow","max-snippet":"max-snippet:-1","max-image-preview":"max-image-preview:large","max-video-preview":"max-video-preview:-1"},"canonical":"https:\/\/pcbigouden.fr\/?p=4785","og_locale":"fr_FR","og_type":"article","og_title":"Situation de la fili\u00e8re halieutique en France et en Europe - PCF Pays Bigouden","og_description":"Projet revue \u00ab\u00a0Progressistes\u00a0\u00bb &nbsp; &nbsp; La fili\u00e8re halieutique est un sujet complexe et syst\u00e9mique. Les oc\u00e9ans sont aujourd\u2019hui le th\u00e9\u00e2tre de bien des convoitises, la p\u00eache, l\u2019aquaculture et les activit\u00e9s inh\u00e9rentes \u00e0 la fili\u00e8re ne sont qu\u2019un \u00e9l\u00e9ment de ce large \u00e9ventail.","og_url":"https:\/\/pcbigouden.fr\/?p=4785","og_site_name":"PCF Pays Bigouden","article_published_time":"2025-03-05T10:13:57+00:00","article_modified_time":"2025-03-07T07:50:31+00:00","og_image":[{"url":"https:\/\/pcbigouden.fr\/wp-content\/uploads\/2025\/03\/triage-du-poisson-300x158.jpeg","type":"","width":"","height":""}],"author":"philarmor","twitter_card":"summary_large_image","twitter_misc":{"\u00c9crit par":"philarmor","Dur\u00e9e de lecture estim\u00e9e":"13 minutes"},"schema":{"@context":"https:\/\/schema.org","@graph":[{"@type":"Article","@id":"https:\/\/pcbigouden.fr\/?p=4785#article","isPartOf":{"@id":"https:\/\/pcbigouden.fr\/?p=4785"},"author":{"name":"philarmor","@id":"https:\/\/pcbigouden.fr\/#\/schema\/person\/db553cfd25f8e9e7ec7d3d2266b34e5e"},"headline":"Situation de la fili\u00e8re halieutique en France et en Europe","datePublished":"2025-03-05T10:13:57+00:00","dateModified":"2025-03-07T07:50:31+00:00","mainEntityOfPage":{"@id":"https:\/\/pcbigouden.fr\/?p=4785"},"wordCount":2590,"publisher":{"@id":"https:\/\/pcbigouden.fr\/#organization"},"image":{"@id":"https:\/\/pcbigouden.fr\/?p=4785#primaryimage"},"thumbnailUrl":"https:\/\/pcbigouden.fr\/wp-content\/uploads\/2025\/03\/triage-du-poisson-300x158.jpeg","keywords":["halieutique","mer","P\u00eache"],"articleSection":["P\u00eache"],"inLanguage":"fr-FR"},{"@type":"WebPage","@id":"https:\/\/pcbigouden.fr\/?p=4785","url":"https:\/\/pcbigouden.fr\/?p=4785","name":"Situation de la fili\u00e8re halieutique en France et en Europe - PCF Pays Bigouden","isPartOf":{"@id":"https:\/\/pcbigouden.fr\/#website"},"primaryImageOfPage":{"@id":"https:\/\/pcbigouden.fr\/?p=4785#primaryimage"},"image":{"@id":"https:\/\/pcbigouden.fr\/?p=4785#primaryimage"},"thumbnailUrl":"https:\/\/pcbigouden.fr\/wp-content\/uploads\/2025\/03\/triage-du-poisson-300x158.jpeg","datePublished":"2025-03-05T10:13:57+00:00","dateModified":"2025-03-07T07:50:31+00:00","breadcrumb":{"@id":"https:\/\/pcbigouden.fr\/?p=4785#breadcrumb"},"inLanguage":"fr-FR","potentialAction":[{"@type":"ReadAction","target":["https:\/\/pcbigouden.fr\/?p=4785"]}]},{"@type":"ImageObject","inLanguage":"fr-FR","@id":"https:\/\/pcbigouden.fr\/?p=4785#primaryimage","url":"https:\/\/pcbigouden.fr\/wp-content\/uploads\/2025\/03\/triage-du-poisson.jpeg","contentUrl":"https:\/\/pcbigouden.fr\/wp-content\/uploads\/2025\/03\/triage-du-poisson.jpeg","width":309,"height":163},{"@type":"BreadcrumbList","@id":"https:\/\/pcbigouden.fr\/?p=4785#breadcrumb","itemListElement":[{"@type":"ListItem","position":1,"name":"Accueil","item":"https:\/\/pcbigouden.fr\/"},{"@type":"ListItem","position":2,"name":"Situation de la fili\u00e8re halieutique en France et en Europe"}]},{"@type":"WebSite","@id":"https:\/\/pcbigouden.fr\/#website","url":"https:\/\/pcbigouden.fr\/","name":"PCF Pays Bigouden","description":"Blog des communistes du Pays Bigouden","publisher":{"@id":"https:\/\/pcbigouden.fr\/#organization"},"potentialAction":[{"@type":"SearchAction","target":{"@type":"EntryPoint","urlTemplate":"https:\/\/pcbigouden.fr\/?s={search_term_string}"},"query-input":{"@type":"PropertyValueSpecification","valueRequired":true,"valueName":"search_term_string"}}],"inLanguage":"fr-FR"},{"@type":"Organization","@id":"https:\/\/pcbigouden.fr\/#organization","name":"Parti Communiste PCF Pays Bigouden","url":"https:\/\/pcbigouden.fr\/","logo":{"@type":"ImageObject","inLanguage":"fr-FR","@id":"https:\/\/pcbigouden.fr\/#\/schema\/logo\/image\/","url":"https:\/\/pcbigouden.fr\/wp-content\/uploads\/2021\/10\/logoTB307x290.jpg","contentUrl":"https:\/\/pcbigouden.fr\/wp-content\/uploads\/2021\/10\/logoTB307x290.jpg","width":307,"height":290,"caption":"Parti Communiste PCF Pays Bigouden"},"image":{"@id":"https:\/\/pcbigouden.fr\/#\/schema\/logo\/image\/"}},{"@type":"Person","@id":"https:\/\/pcbigouden.fr\/#\/schema\/person\/db553cfd25f8e9e7ec7d3d2266b34e5e","name":"philarmor","image":{"@type":"ImageObject","inLanguage":"fr-FR","@id":"https:\/\/secure.gravatar.com\/avatar\/d64b18fe41ef6147792f83422f86e16391f18bc76f91f5a4e59b9213ce0ab52c?s=96&d=mm&r=g","url":"https:\/\/secure.gravatar.com\/avatar\/d64b18fe41ef6147792f83422f86e16391f18bc76f91f5a4e59b9213ce0ab52c?s=96&d=mm&r=g","contentUrl":"https:\/\/secure.gravatar.com\/avatar\/d64b18fe41ef6147792f83422f86e16391f18bc76f91f5a4e59b9213ce0ab52c?s=96&d=mm&r=g","caption":"philarmor"},"url":"https:\/\/pcbigouden.fr\/?author=8"}]}},"jetpack_featured_media_url":"","jetpack_sharing_enabled":true,"jetpack_likes_enabled":true,"_links":{"self":[{"href":"https:\/\/pcbigouden.fr\/index.php?rest_route=\/wp\/v2\/posts\/4785","targetHints":{"allow":["GET"]}}],"collection":[{"href":"https:\/\/pcbigouden.fr\/index.php?rest_route=\/wp\/v2\/posts"}],"about":[{"href":"https:\/\/pcbigouden.fr\/index.php?rest_route=\/wp\/v2\/types\/post"}],"author":[{"embeddable":true,"href":"https:\/\/pcbigouden.fr\/index.php?rest_route=\/wp\/v2\/users\/8"}],"replies":[{"embeddable":true,"href":"https:\/\/pcbigouden.fr\/index.php?rest_route=%2Fwp%2Fv2%2Fcomments&post=4785"}],"version-history":[{"count":5,"href":"https:\/\/pcbigouden.fr\/index.php?rest_route=\/wp\/v2\/posts\/4785\/revisions"}],"predecessor-version":[{"id":4810,"href":"https:\/\/pcbigouden.fr\/index.php?rest_route=\/wp\/v2\/posts\/4785\/revisions\/4810"}],"wp:attachment":[{"href":"https:\/\/pcbigouden.fr\/index.php?rest_route=%2Fwp%2Fv2%2Fmedia&parent=4785"}],"wp:term":[{"taxonomy":"category","embeddable":true,"href":"https:\/\/pcbigouden.fr\/index.php?rest_route=%2Fwp%2Fv2%2Fcategories&post=4785"},{"taxonomy":"post_tag","embeddable":true,"href":"https:\/\/pcbigouden.fr\/index.php?rest_route=%2Fwp%2Fv2%2Ftags&post=4785"}],"curies":[{"name":"wp","href":"https:\/\/api.w.org\/{rel}","templated":true}]}}