{"id":4699,"date":"2025-02-21T08:28:59","date_gmt":"2025-02-21T07:28:59","guid":{"rendered":"https:\/\/pcbigouden.fr\/?p=4699"},"modified":"2025-02-23T10:49:37","modified_gmt":"2025-02-23T09:49:37","slug":"election-de-richard-ferrand-a-la-tete-du-conseil-constitutionnel-une-honte-pour-notre-republique","status":"publish","type":"post","link":"https:\/\/pcbigouden.fr\/?p=4699","title":{"rendered":"\u00c9lection de Richard Ferrand \u00e0 la t\u00eate du Conseil Constitutionnel : une honte pour notre R\u00e9publique"},"content":{"rendered":"<p><strong><em>Communiqu\u00e9 de la f\u00e9d\u00e9ration du Finist\u00e8re du Parti communiste fran\u00e7ais<\/em><\/strong><\/p>\n<p>La candidature de Richard Ferrand \u00e0 la pr\u00e9sidence du conseil constitutionnel a \u00e9t\u00e9 approuv\u00e9e \u00e0 une voix pr\u00e8s, apr\u00e8s un \u00ab\u00a0accord du Parlement\u00a0\u00bb de 39 voix pour, 58 voix contre, qui retire d&#8217;embl\u00e9e toute l\u00e9gitimit\u00e9 \u00e0 l&rsquo;ami politique de Macron, s\u00e8chement battu aux l\u00e9gislatives de 2022 par M\u00e9lanie Thomin, candidate de la Nupes, dans la 6e circonscription du Finist\u00e8re, en dehors m\u00eame du soup\u00e7on r\u00e9siduel d&rsquo;enrichissement personnel par abus de position qui subsiste apr\u00e8s l&rsquo;affaire des Mutuelles de Bretagne. Une \u00e9lection honteuse avec l&rsquo;abstention bienveillante du Rassemblement National.<br \/>\n<!--moreLire la suite-->Sachant que le 31 mars sera rendu le jugement de nombreux cadres du Parti dont Marine Le Pen dans l&rsquo;affaire des assistants parlementaires europ\u00e9ens, le parquet ayant requis une peine d&rsquo;in\u00e9ligibilit\u00e9 contre Marine Le Pen, et que le Conseil Constitutionnel doit trancher prochainement la constitutionnalit\u00e9 d&rsquo;une telle sanction, apr\u00e8s avoir \u00e9t\u00e9 saisi d&rsquo;une question prioritaire de constitutionnalit\u00e9 par un \u00e9lu mahorais. \u00ab\u00a0Le sort de Marine Le Pen sera donc dans les mains de Richard Ferrand\u00a0\u00bb a soulign\u00e9 Fabien Roussel le 19 f\u00e9vrier. \u00ab\u00a0Quel est donc le deal cach\u00e9, l&rsquo;accord de couloir, le marchandage d&rsquo;arri\u00e8re-cuisine qui s&rsquo;est nou\u00e9 pour aboutir \u00e0 cette abstention de l&rsquo;extr\u00eame-droite ?\u00a0\u00bb s&rsquo;est lui demand\u00e9 le porte-parole du Parti communiste et s\u00e9nateur communiste de Paris Ian Brossat qui a auditionn\u00e9 Richard Ferrand ce mercredi 19 f\u00e9vrier. La Ripoublique a de beaux jours devant elle ! Quelle honte et quel discr\u00e9dit pour cette institution du Conseil Constitutionnel importante et n\u00e9cessaire d\u00e9mocratiquement qui ne saurait d\u00e9sormais se pr\u00e9valoir d&rsquo;\u00eatre un contre-pouvoir honn\u00eate et impartial \u00e0 l&rsquo;abri des tripatouillages du pr\u00e9sident Emmanuel Macron et de ses complices du jour du Rassemblement National. Marine Le Pen et ses suppl\u00e9tifs d\u00e9voilent leur vrai visage, leur opposition n&rsquo;est qu&rsquo;une fa\u00e7ade pour mieux berner les gens qui croient que le RN r\u00e9pondra \u00e0 leur mal vivre. Leurre que tout cela !<\/p>\n<p>La f\u00e9d\u00e9ration du Finist\u00e8re du Parti communiste fran\u00e7ais \u2013 20 f\u00e9vrier 2025<\/p>\n<hr \/>\n<p style=\"text-align: center;\">Intervention de Ian Brossat au S\u00e9nat au sujet de cette nomination<iframe loading=\"lazy\" title=\"Richard Ferrand au Conseil constitutionnel : Ian Brossat d\u00e9nonce un &quot;deal cach\u00e9&quot; avec le RN\" src=\"https:\/\/www.youtube.com\/embed\/frjy1zLacWk\" width=\"729\" height=\"410\" frameborder=\"0\" allowfullscreen=\"allowfullscreen\"><\/iframe><\/p>\n","protected":false},"excerpt":{"rendered":"<p>Communiqu\u00e9 de la f\u00e9d\u00e9ration du Finist\u00e8re du Parti communiste fran\u00e7ais La candidature de Richard Ferrand \u00e0 la pr\u00e9sidence du conseil constitutionnel a \u00e9t\u00e9 approuv\u00e9e \u00e0 une voix pr\u00e8s, apr\u00e8s un \u00ab\u00a0accord du Parlement\u00a0\u00bb de 39 voix pour, 58 voix contre, qui retire d&#8217;embl\u00e9e toute l\u00e9gitimit\u00e9 \u00e0 l&rsquo;ami politique de Macron, s\u00e8chement battu aux l\u00e9gislatives de &hellip; <a href=\"https:\/\/pcbigouden.fr\/?p=4699\" class=\"more-link\">Continue reading <span class=\"screen-reader-text\">\u00c9lection de Richard Ferrand \u00e0 la t\u00eate du Conseil Constitutionnel : une honte pour notre R\u00e9publique<\/span><\/a><\/p>\n","protected":false},"author":5,"featured_media":0,"comment_status":"closed","ping_status":"closed","sticky":false,"template":"","format":"standard","meta":{"_jetpack_memberships_contains_paid_content":false,"footnotes":""},"categories":[2,59],"tags":[242,21,241],"class_list":["post-4699","post","type-post","status-publish","format-standard","hentry","category-democratie","category-parti-communiste","tag-conseil-contitutionnel","tag-democratie","tag-richard-ferrand"],"yoast_head":"<!-- This site is optimized with the Yoast SEO plugin v27.5 - https:\/\/yoast.com\/product\/yoast-seo-wordpress\/ -->\n<title>\u00c9lection de Richard Ferrand \u00e0 la t\u00eate du Conseil Constitutionnel : une honte pour notre R\u00e9publique - PCF Pays Bigouden<\/title>\n<meta name=\"robots\" content=\"index, follow, max-snippet:-1, max-image-preview:large, max-video-preview:-1\" \/>\n<link rel=\"canonical\" href=\"https:\/\/pcbigouden.fr\/?p=4699\" \/>\n<meta property=\"og:locale\" content=\"fr_FR\" \/>\n<meta property=\"og:type\" content=\"article\" \/>\n<meta property=\"og:title\" content=\"\u00c9lection de Richard Ferrand \u00e0 la t\u00eate du Conseil Constitutionnel : une honte pour notre R\u00e9publique - PCF Pays Bigouden\" \/>\n<meta property=\"og:description\" content=\"Communiqu\u00e9 de la f\u00e9d\u00e9ration du Finist\u00e8re du Parti communiste fran\u00e7ais La candidature de Richard Ferrand \u00e0 la pr\u00e9sidence du conseil constitutionnel a \u00e9t\u00e9 approuv\u00e9e \u00e0 une voix pr\u00e8s, apr\u00e8s un \u00ab\u00a0accord du Parlement\u00a0\u00bb de 39 voix pour, 58 voix contre, qui retire d&#8217;embl\u00e9e toute l\u00e9gitimit\u00e9 \u00e0 l&rsquo;ami politique de Macron, s\u00e8chement battu aux l\u00e9gislatives de &hellip; Continue reading \u00c9lection de Richard Ferrand \u00e0 la t\u00eate du Conseil Constitutionnel : une honte pour notre R\u00e9publique\" \/>\n<meta property=\"og:url\" content=\"https:\/\/pcbigouden.fr\/?p=4699\" \/>\n<meta property=\"og:site_name\" content=\"PCF Pays Bigouden\" \/>\n<meta property=\"article:published_time\" content=\"2025-02-21T07:28:59+00:00\" \/>\n<meta property=\"article:modified_time\" content=\"2025-02-23T09:49:37+00:00\" \/>\n<meta name=\"author\" content=\"cortomaltes29\" \/>\n<meta name=\"twitter:card\" content=\"summary_large_image\" \/>\n<meta name=\"twitter:label1\" content=\"\u00c9crit par\" \/>\n\t<meta name=\"twitter:data1\" content=\"cortomaltes29\" \/>\n\t<meta name=\"twitter:label2\" content=\"Dur\u00e9e de lecture estim\u00e9e\" \/>\n\t<meta name=\"twitter:data2\" content=\"2 minutes\" \/>\n<script type=\"application\/ld+json\" class=\"yoast-schema-graph\">{\"@context\":\"https:\\\/\\\/schema.org\",\"@graph\":[{\"@type\":\"Article\",\"@id\":\"https:\\\/\\\/pcbigouden.fr\\\/?p=4699#article\",\"isPartOf\":{\"@id\":\"https:\\\/\\\/pcbigouden.fr\\\/?p=4699\"},\"author\":{\"name\":\"cortomaltes29\",\"@id\":\"https:\\\/\\\/pcbigouden.fr\\\/#\\\/schema\\\/person\\\/dc763e11bee76f6c59d8d18653939a2c\"},\"headline\":\"\u00c9lection de Richard Ferrand \u00e0 la t\u00eate du Conseil Constitutionnel : une honte pour notre R\u00e9publique\",\"datePublished\":\"2025-02-21T07:28:59+00:00\",\"dateModified\":\"2025-02-23T09:49:37+00:00\",\"mainEntityOfPage\":{\"@id\":\"https:\\\/\\\/pcbigouden.fr\\\/?p=4699\"},\"wordCount\":397,\"publisher\":{\"@id\":\"https:\\\/\\\/pcbigouden.fr\\\/#organization\"},\"keywords\":[\"Conseil contitutionnel\",\"D\u00e9mocratie\",\"Richard Ferrand\"],\"articleSection\":[\"D\u00e9mocratie\",\"Parti Communiste\"],\"inLanguage\":\"fr-FR\"},{\"@type\":\"WebPage\",\"@id\":\"https:\\\/\\\/pcbigouden.fr\\\/?p=4699\",\"url\":\"https:\\\/\\\/pcbigouden.fr\\\/?p=4699\",\"name\":\"\u00c9lection de Richard Ferrand \u00e0 la t\u00eate du Conseil Constitutionnel : une honte pour notre R\u00e9publique - PCF Pays Bigouden\",\"isPartOf\":{\"@id\":\"https:\\\/\\\/pcbigouden.fr\\\/#website\"},\"datePublished\":\"2025-02-21T07:28:59+00:00\",\"dateModified\":\"2025-02-23T09:49:37+00:00\",\"breadcrumb\":{\"@id\":\"https:\\\/\\\/pcbigouden.fr\\\/?p=4699#breadcrumb\"},\"inLanguage\":\"fr-FR\",\"potentialAction\":[{\"@type\":\"ReadAction\",\"target\":[\"https:\\\/\\\/pcbigouden.fr\\\/?p=4699\"]}]},{\"@type\":\"BreadcrumbList\",\"@id\":\"https:\\\/\\\/pcbigouden.fr\\\/?p=4699#breadcrumb\",\"itemListElement\":[{\"@type\":\"ListItem\",\"position\":1,\"name\":\"Accueil\",\"item\":\"https:\\\/\\\/pcbigouden.fr\\\/\"},{\"@type\":\"ListItem\",\"position\":2,\"name\":\"\u00c9lection de Richard Ferrand \u00e0 la t\u00eate du Conseil Constitutionnel : une honte pour notre R\u00e9publique\"}]},{\"@type\":\"WebSite\",\"@id\":\"https:\\\/\\\/pcbigouden.fr\\\/#website\",\"url\":\"https:\\\/\\\/pcbigouden.fr\\\/\",\"name\":\"PCF Pays Bigouden\",\"description\":\"Blog des communistes du Pays Bigouden\",\"publisher\":{\"@id\":\"https:\\\/\\\/pcbigouden.fr\\\/#organization\"},\"potentialAction\":[{\"@type\":\"SearchAction\",\"target\":{\"@type\":\"EntryPoint\",\"urlTemplate\":\"https:\\\/\\\/pcbigouden.fr\\\/?s={search_term_string}\"},\"query-input\":{\"@type\":\"PropertyValueSpecification\",\"valueRequired\":true,\"valueName\":\"search_term_string\"}}],\"inLanguage\":\"fr-FR\"},{\"@type\":\"Organization\",\"@id\":\"https:\\\/\\\/pcbigouden.fr\\\/#organization\",\"name\":\"Parti Communiste PCF Pays Bigouden\",\"url\":\"https:\\\/\\\/pcbigouden.fr\\\/\",\"logo\":{\"@type\":\"ImageObject\",\"inLanguage\":\"fr-FR\",\"@id\":\"https:\\\/\\\/pcbigouden.fr\\\/#\\\/schema\\\/logo\\\/image\\\/\",\"url\":\"https:\\\/\\\/pcbigouden.fr\\\/wp-content\\\/uploads\\\/2021\\\/10\\\/logoTB307x290.jpg\",\"contentUrl\":\"https:\\\/\\\/pcbigouden.fr\\\/wp-content\\\/uploads\\\/2021\\\/10\\\/logoTB307x290.jpg\",\"width\":307,\"height\":290,\"caption\":\"Parti Communiste PCF Pays Bigouden\"},\"image\":{\"@id\":\"https:\\\/\\\/pcbigouden.fr\\\/#\\\/schema\\\/logo\\\/image\\\/\"}},{\"@type\":\"Person\",\"@id\":\"https:\\\/\\\/pcbigouden.fr\\\/#\\\/schema\\\/person\\\/dc763e11bee76f6c59d8d18653939a2c\",\"name\":\"cortomaltes29\",\"image\":{\"@type\":\"ImageObject\",\"inLanguage\":\"fr-FR\",\"@id\":\"https:\\\/\\\/secure.gravatar.com\\\/avatar\\\/c2ce5036b4b39dfed348d934e527c141cfac704b84e909e2086924ec476d0315?s=96&d=mm&r=g\",\"url\":\"https:\\\/\\\/secure.gravatar.com\\\/avatar\\\/c2ce5036b4b39dfed348d934e527c141cfac704b84e909e2086924ec476d0315?s=96&d=mm&r=g\",\"contentUrl\":\"https:\\\/\\\/secure.gravatar.com\\\/avatar\\\/c2ce5036b4b39dfed348d934e527c141cfac704b84e909e2086924ec476d0315?s=96&d=mm&r=g\",\"caption\":\"cortomaltes29\"},\"url\":\"https:\\\/\\\/pcbigouden.fr\\\/?author=5\"}]}<\/script>\n<!-- \/ Yoast SEO plugin. -->","yoast_head_json":{"title":"\u00c9lection de Richard Ferrand \u00e0 la t\u00eate du Conseil Constitutionnel : une honte pour notre R\u00e9publique - PCF Pays Bigouden","robots":{"index":"index","follow":"follow","max-snippet":"max-snippet:-1","max-image-preview":"max-image-preview:large","max-video-preview":"max-video-preview:-1"},"canonical":"https:\/\/pcbigouden.fr\/?p=4699","og_locale":"fr_FR","og_type":"article","og_title":"\u00c9lection de Richard Ferrand \u00e0 la t\u00eate du Conseil Constitutionnel : une honte pour notre R\u00e9publique - PCF Pays Bigouden","og_description":"Communiqu\u00e9 de la f\u00e9d\u00e9ration du Finist\u00e8re du Parti communiste fran\u00e7ais La candidature de Richard Ferrand \u00e0 la pr\u00e9sidence du conseil constitutionnel a \u00e9t\u00e9 approuv\u00e9e \u00e0 une voix pr\u00e8s, apr\u00e8s un \u00ab\u00a0accord du Parlement\u00a0\u00bb de 39 voix pour, 58 voix contre, qui retire d&#8217;embl\u00e9e toute l\u00e9gitimit\u00e9 \u00e0 l&rsquo;ami politique de Macron, s\u00e8chement battu aux l\u00e9gislatives de &hellip; Continue reading \u00c9lection de Richard Ferrand \u00e0 la t\u00eate du Conseil Constitutionnel : une honte pour notre R\u00e9publique","og_url":"https:\/\/pcbigouden.fr\/?p=4699","og_site_name":"PCF Pays Bigouden","article_published_time":"2025-02-21T07:28:59+00:00","article_modified_time":"2025-02-23T09:49:37+00:00","author":"cortomaltes29","twitter_card":"summary_large_image","twitter_misc":{"\u00c9crit par":"cortomaltes29","Dur\u00e9e de lecture estim\u00e9e":"2 minutes"},"schema":{"@context":"https:\/\/schema.org","@graph":[{"@type":"Article","@id":"https:\/\/pcbigouden.fr\/?p=4699#article","isPartOf":{"@id":"https:\/\/pcbigouden.fr\/?p=4699"},"author":{"name":"cortomaltes29","@id":"https:\/\/pcbigouden.fr\/#\/schema\/person\/dc763e11bee76f6c59d8d18653939a2c"},"headline":"\u00c9lection de Richard Ferrand \u00e0 la t\u00eate du Conseil Constitutionnel : une honte pour notre R\u00e9publique","datePublished":"2025-02-21T07:28:59+00:00","dateModified":"2025-02-23T09:49:37+00:00","mainEntityOfPage":{"@id":"https:\/\/pcbigouden.fr\/?p=4699"},"wordCount":397,"publisher":{"@id":"https:\/\/pcbigouden.fr\/#organization"},"keywords":["Conseil contitutionnel","D\u00e9mocratie","Richard Ferrand"],"articleSection":["D\u00e9mocratie","Parti Communiste"],"inLanguage":"fr-FR"},{"@type":"WebPage","@id":"https:\/\/pcbigouden.fr\/?p=4699","url":"https:\/\/pcbigouden.fr\/?p=4699","name":"\u00c9lection de Richard Ferrand \u00e0 la t\u00eate du Conseil Constitutionnel : une honte pour notre R\u00e9publique - PCF Pays Bigouden","isPartOf":{"@id":"https:\/\/pcbigouden.fr\/#website"},"datePublished":"2025-02-21T07:28:59+00:00","dateModified":"2025-02-23T09:49:37+00:00","breadcrumb":{"@id":"https:\/\/pcbigouden.fr\/?p=4699#breadcrumb"},"inLanguage":"fr-FR","potentialAction":[{"@type":"ReadAction","target":["https:\/\/pcbigouden.fr\/?p=4699"]}]},{"@type":"BreadcrumbList","@id":"https:\/\/pcbigouden.fr\/?p=4699#breadcrumb","itemListElement":[{"@type":"ListItem","position":1,"name":"Accueil","item":"https:\/\/pcbigouden.fr\/"},{"@type":"ListItem","position":2,"name":"\u00c9lection de Richard Ferrand \u00e0 la t\u00eate du Conseil Constitutionnel : une honte pour notre R\u00e9publique"}]},{"@type":"WebSite","@id":"https:\/\/pcbigouden.fr\/#website","url":"https:\/\/pcbigouden.fr\/","name":"PCF Pays Bigouden","description":"Blog des communistes du Pays Bigouden","publisher":{"@id":"https:\/\/pcbigouden.fr\/#organization"},"potentialAction":[{"@type":"SearchAction","target":{"@type":"EntryPoint","urlTemplate":"https:\/\/pcbigouden.fr\/?s={search_term_string}"},"query-input":{"@type":"PropertyValueSpecification","valueRequired":true,"valueName":"search_term_string"}}],"inLanguage":"fr-FR"},{"@type":"Organization","@id":"https:\/\/pcbigouden.fr\/#organization","name":"Parti Communiste PCF Pays Bigouden","url":"https:\/\/pcbigouden.fr\/","logo":{"@type":"ImageObject","inLanguage":"fr-FR","@id":"https:\/\/pcbigouden.fr\/#\/schema\/logo\/image\/","url":"https:\/\/pcbigouden.fr\/wp-content\/uploads\/2021\/10\/logoTB307x290.jpg","contentUrl":"https:\/\/pcbigouden.fr\/wp-content\/uploads\/2021\/10\/logoTB307x290.jpg","width":307,"height":290,"caption":"Parti Communiste PCF Pays Bigouden"},"image":{"@id":"https:\/\/pcbigouden.fr\/#\/schema\/logo\/image\/"}},{"@type":"Person","@id":"https:\/\/pcbigouden.fr\/#\/schema\/person\/dc763e11bee76f6c59d8d18653939a2c","name":"cortomaltes29","image":{"@type":"ImageObject","inLanguage":"fr-FR","@id":"https:\/\/secure.gravatar.com\/avatar\/c2ce5036b4b39dfed348d934e527c141cfac704b84e909e2086924ec476d0315?s=96&d=mm&r=g","url":"https:\/\/secure.gravatar.com\/avatar\/c2ce5036b4b39dfed348d934e527c141cfac704b84e909e2086924ec476d0315?s=96&d=mm&r=g","contentUrl":"https:\/\/secure.gravatar.com\/avatar\/c2ce5036b4b39dfed348d934e527c141cfac704b84e909e2086924ec476d0315?s=96&d=mm&r=g","caption":"cortomaltes29"},"url":"https:\/\/pcbigouden.fr\/?author=5"}]}},"jetpack_featured_media_url":"","jetpack_sharing_enabled":true,"jetpack_likes_enabled":true,"_links":{"self":[{"href":"https:\/\/pcbigouden.fr\/index.php?rest_route=\/wp\/v2\/posts\/4699","targetHints":{"allow":["GET"]}}],"collection":[{"href":"https:\/\/pcbigouden.fr\/index.php?rest_route=\/wp\/v2\/posts"}],"about":[{"href":"https:\/\/pcbigouden.fr\/index.php?rest_route=\/wp\/v2\/types\/post"}],"author":[{"embeddable":true,"href":"https:\/\/pcbigouden.fr\/index.php?rest_route=\/wp\/v2\/users\/5"}],"replies":[{"embeddable":true,"href":"https:\/\/pcbigouden.fr\/index.php?rest_route=%2Fwp%2Fv2%2Fcomments&post=4699"}],"version-history":[{"count":7,"href":"https:\/\/pcbigouden.fr\/index.php?rest_route=\/wp\/v2\/posts\/4699\/revisions"}],"predecessor-version":[{"id":4712,"href":"https:\/\/pcbigouden.fr\/index.php?rest_route=\/wp\/v2\/posts\/4699\/revisions\/4712"}],"wp:attachment":[{"href":"https:\/\/pcbigouden.fr\/index.php?rest_route=%2Fwp%2Fv2%2Fmedia&parent=4699"}],"wp:term":[{"taxonomy":"category","embeddable":true,"href":"https:\/\/pcbigouden.fr\/index.php?rest_route=%2Fwp%2Fv2%2Fcategories&post=4699"},{"taxonomy":"post_tag","embeddable":true,"href":"https:\/\/pcbigouden.fr\/index.php?rest_route=%2Fwp%2Fv2%2Ftags&post=4699"}],"curies":[{"name":"wp","href":"https:\/\/api.w.org\/{rel}","templated":true}]}}