{"id":4641,"date":"2025-01-29T12:00:31","date_gmt":"2025-01-29T11:00:31","guid":{"rendered":"https:\/\/pcbigouden.fr\/?p=4641"},"modified":"2025-02-01T07:27:47","modified_gmt":"2025-02-01T06:27:47","slug":"pour-la-defense-de-leconomie-de-notre-territoire","status":"publish","type":"post","link":"https:\/\/pcbigouden.fr\/?p=4641","title":{"rendered":"Pour la d\u00e9fense de l\u2019\u00e9conomie de notre territoire"},"content":{"rendered":"<p><strong><em>Lors de la visite le 17 janvier 2025 au lyc\u00e9e maritime du Guilvinec par la ministre de la Transition \u00c9cologique, Agn\u00e8s Pannier-Runacher, des citoyens ont tenu \u00e0 lui faire savoir que l\u2019on ne pouvait plus se satisfaire ni de beaux discours, ni de poign\u00e9s de main tant les menaces qui p\u00e8sent sur la fili\u00e8re halieutique, notamment la p\u00eache artisanale mettent en danger notre \u00e9conomie locale<\/em><\/strong><!--more -- Lire la suite..--><\/p>\n<p>&nbsp;<\/p>\n<p><img loading=\"lazy\" decoding=\"async\" class=\"alignnone wp-image-4645\" src=\"https:\/\/pcbigouden.fr\/wp-content\/uploads\/2025\/01\/Lycee-maritime-du-Guilvinec-1-300x225.jpg\" alt=\"\" width=\"248\" height=\"186\" srcset=\"https:\/\/pcbigouden.fr\/wp-content\/uploads\/2025\/01\/Lycee-maritime-du-Guilvinec-1-300x225.jpg 300w, https:\/\/pcbigouden.fr\/wp-content\/uploads\/2025\/01\/Lycee-maritime-du-Guilvinec-1-1024x768.jpg 1024w, https:\/\/pcbigouden.fr\/wp-content\/uploads\/2025\/01\/Lycee-maritime-du-Guilvinec-1-768x576.jpg 768w, https:\/\/pcbigouden.fr\/wp-content\/uploads\/2025\/01\/Lycee-maritime-du-Guilvinec-1-1536x1152.jpg 1536w, https:\/\/pcbigouden.fr\/wp-content\/uploads\/2025\/01\/Lycee-maritime-du-Guilvinec-1-2048x1536.jpg 2048w, https:\/\/pcbigouden.fr\/wp-content\/uploads\/2025\/01\/Lycee-maritime-du-Guilvinec-1-863x647.jpg 863w, https:\/\/pcbigouden.fr\/wp-content\/uploads\/2025\/01\/Lycee-maritime-du-Guilvinec-1-144x108.jpg 144w, https:\/\/pcbigouden.fr\/wp-content\/uploads\/2025\/01\/Lycee-maritime-du-Guilvinec-1-1320x990.jpg 1320w\" sizes=\"auto, (max-width: 248px) 100vw, 248px\" \/>\u00a0 \u00a0 \u00a0 <img loading=\"lazy\" decoding=\"async\" class=\"alignnone wp-image-4643\" src=\"https:\/\/pcbigouden.fr\/wp-content\/uploads\/2025\/01\/Lycee-maritime-du-Guilvinec.jpg-2-300x225.jpg\" alt=\"\" width=\"248\" height=\"186\" srcset=\"https:\/\/pcbigouden.fr\/wp-content\/uploads\/2025\/01\/Lycee-maritime-du-Guilvinec.jpg-2-300x225.jpg 300w, https:\/\/pcbigouden.fr\/wp-content\/uploads\/2025\/01\/Lycee-maritime-du-Guilvinec.jpg-2-1024x768.jpg 1024w, https:\/\/pcbigouden.fr\/wp-content\/uploads\/2025\/01\/Lycee-maritime-du-Guilvinec.jpg-2-768x576.jpg 768w, https:\/\/pcbigouden.fr\/wp-content\/uploads\/2025\/01\/Lycee-maritime-du-Guilvinec.jpg-2-1536x1152.jpg 1536w, https:\/\/pcbigouden.fr\/wp-content\/uploads\/2025\/01\/Lycee-maritime-du-Guilvinec.jpg-2-2048x1536.jpg 2048w, https:\/\/pcbigouden.fr\/wp-content\/uploads\/2025\/01\/Lycee-maritime-du-Guilvinec.jpg-2-863x647.jpg 863w, https:\/\/pcbigouden.fr\/wp-content\/uploads\/2025\/01\/Lycee-maritime-du-Guilvinec.jpg-2-144x108.jpg 144w, https:\/\/pcbigouden.fr\/wp-content\/uploads\/2025\/01\/Lycee-maritime-du-Guilvinec.jpg-2-1320x990.jpg 1320w\" sizes=\"auto, (max-width: 248px) 100vw, 248px\" \/><\/p>\n<p style=\"text-align: center;\"><em><strong>A l\u2019initiative du PCF approuv\u00e9e par EELV et LFI, le communiqu\u00e9 suivant lui a \u00e9t\u00e9 transmis :<\/strong><\/em><\/p>\n<p style=\"text-align: center;\"><span style=\"font-size: 18pt;\"><strong>Pour la d\u00e9fense de l\u2019\u00e9conomie de notre territoire<\/strong><\/span><\/p>\n<p>Notre pr\u00e9sence ce jour n\u2019est pas un soutien aux \u00e9lus, mais aux marins p\u00eacheurs qui comme d&rsquo;autres professionnels du bassin d\u2019emploi sont amers et tr\u00e8s inquiets pour leur avenir.<\/p>\n<p style=\"text-align: center;\"><span style=\"font-size: 18pt;\"><strong>La casse des chalutiers bigoudens<\/strong><\/span><\/p>\n<p style=\"text-align: justify;\">Les plans successifs de sortie de flotte ne sont que la r\u00e9sultante d\u2019une politique visant \u00e0 d\u00e9truire l&rsquo;outil de production,\u00a0 au profit des donneurs d\u2019ordre capitalistes. La plupart de nos \u00e9lus locaux se sont fait complices des politiques nationales et europ\u00e9ennes qui ont accept\u00e9 des d\u00e9cisions indignes lors des discussions post-Brexit\u00a0!<\/p>\n<p style=\"text-align: justify;\">Les cons\u00e9quences sont catastrophiques pour le Pays Bigouden, d&rsquo;autant qu&rsquo;\u00e0 partir de 2026 les britanniques devraient r\u00e9cup\u00e9rer la totalit\u00e9 de leurs eaux , donc de leurs zones de p\u00eache.\u00a0 (ZEE)<\/p>\n<p style=\"text-align: center;\"><span style=\"font-size: 18pt;\"><strong>Mettre fin \u00e0 cette volont\u00e9 de d\u00e9truire la p\u00eache fran\u00e7aise<\/strong><\/span><\/p>\n<p><strong>\u00a0<\/strong><span style=\"font-size: 18pt;\"><u>\u00a0<strong>Nous demandons :\u00a0<\/strong><\/u><\/span><\/p>\n<p style=\"text-align: justify;\">Que soit exig\u00e9e une n\u00e9gociation globale sous l\u2019\u00e9gide d\u2019un v\u00e9ritable minist\u00e8re de la mer de plein exercice.<\/p>\n<p style=\"text-align: justify;\">Que soit organis\u00e9e une juste r\u00e9partition des droits de p\u00eache et des quotas dont une part de ces derniers doit \u00eatre r\u00e9serv\u00e9e \u00e0 la p\u00eache artisanale.<\/p>\n<p style=\"text-align: justify;\">Que des mesures visant \u00e0 d\u00e9velopper la p\u00eache durable soient mises en place et p\u00e9rennis\u00e9es\u00a0, notamment sur la d\u00e9carbonation des navires et sur la l\u00e9gitimit\u00e9 d&rsquo;une banque publique d\u00e9di\u00e9e au renouvellement de la flottille.<\/p>\n<p style=\"text-align: justify;\">Qu\u2019un dialogue constructif associant administration, marins p\u00eacheurs, scientifiques, associations et usagers au niveau local\u00a0, r\u00e9gional et national soit instaur\u00e9. Que nos \u00e9lus rendent compte \u00e0 la population de leur vision \u00e0 court et long terme du devenir du territoire bigouden.<\/p>\n<p style=\"text-align: center;\"><span style=\"font-size: 18pt;\"><strong>Des solutions existent ! Nous ne laisserons pas le pays bigouden devenir un mus\u00e9e touristique. Nous serons vigilants \u00e0 ce que les d\u00e9cisions prises r\u00e9pondent aux besoins des professionnels et de la population.<\/strong><\/span><\/p>\n<p>&nbsp;<\/p>\n<p>&nbsp;<\/p>\n","protected":false},"excerpt":{"rendered":"<p>Lors de la visite le 17 janvier 2025 au lyc\u00e9e maritime du Guilvinec par la ministre de la Transition \u00c9cologique, Agn\u00e8s Pannier-Runacher, des citoyens ont tenu \u00e0 lui faire savoir que l\u2019on ne pouvait plus se satisfaire ni de beaux discours, ni de poign\u00e9s de main tant les menaces qui p\u00e8sent sur la fili\u00e8re halieutique, &hellip; <a href=\"https:\/\/pcbigouden.fr\/?p=4641\" class=\"more-link\">Continue reading <span class=\"screen-reader-text\">Pour la d\u00e9fense de l\u2019\u00e9conomie de notre territoire<\/span><\/a><\/p>\n","protected":false},"author":8,"featured_media":0,"comment_status":"closed","ping_status":"closed","sticky":false,"template":"","format":"standard","meta":{"_jetpack_memberships_contains_paid_content":false,"footnotes":""},"categories":[8,14],"tags":[126,93,212],"class_list":["post-4641","post","type-post","status-publish","format-standard","hentry","category-peche","category-vie-locale","tag-pays-bigouden","tag-peche","tag-port"],"yoast_head":"<!-- This site is optimized with the Yoast SEO plugin v27.5 - https:\/\/yoast.com\/product\/yoast-seo-wordpress\/ -->\n<title>Pour la d\u00e9fense de l\u2019\u00e9conomie de notre territoire - PCF Pays Bigouden<\/title>\n<meta name=\"robots\" content=\"index, follow, max-snippet:-1, max-image-preview:large, max-video-preview:-1\" \/>\n<link rel=\"canonical\" href=\"https:\/\/pcbigouden.fr\/?p=4641\" \/>\n<meta property=\"og:locale\" content=\"fr_FR\" \/>\n<meta property=\"og:type\" content=\"article\" \/>\n<meta property=\"og:title\" content=\"Pour la d\u00e9fense de l\u2019\u00e9conomie de notre territoire - PCF Pays Bigouden\" \/>\n<meta property=\"og:description\" content=\"Lors de la visite le 17 janvier 2025 au lyc\u00e9e maritime du Guilvinec par la ministre de la Transition \u00c9cologique, Agn\u00e8s Pannier-Runacher, des citoyens ont tenu \u00e0 lui faire savoir que l\u2019on ne pouvait plus se satisfaire ni de beaux discours, ni de poign\u00e9s de main tant les menaces qui p\u00e8sent sur la fili\u00e8re halieutique, &hellip; Continue reading Pour la d\u00e9fense de l\u2019\u00e9conomie de notre territoire\" \/>\n<meta property=\"og:url\" content=\"https:\/\/pcbigouden.fr\/?p=4641\" \/>\n<meta property=\"og:site_name\" content=\"PCF Pays Bigouden\" \/>\n<meta property=\"article:published_time\" content=\"2025-01-29T11:00:31+00:00\" \/>\n<meta property=\"article:modified_time\" content=\"2025-02-01T06:27:47+00:00\" \/>\n<meta property=\"og:image\" content=\"https:\/\/pcbigouden.fr\/wp-content\/uploads\/2025\/01\/Lycee-maritime-du-Guilvinec-1-300x225.jpg\" \/>\n<meta name=\"author\" content=\"philarmor\" \/>\n<meta name=\"twitter:card\" content=\"summary_large_image\" \/>\n<meta name=\"twitter:label1\" content=\"\u00c9crit par\" \/>\n\t<meta name=\"twitter:data1\" content=\"philarmor\" \/>\n\t<meta name=\"twitter:label2\" content=\"Dur\u00e9e de lecture estim\u00e9e\" \/>\n\t<meta name=\"twitter:data2\" content=\"2 minutes\" \/>\n<script type=\"application\/ld+json\" class=\"yoast-schema-graph\">{\"@context\":\"https:\\\/\\\/schema.org\",\"@graph\":[{\"@type\":\"Article\",\"@id\":\"https:\\\/\\\/pcbigouden.fr\\\/?p=4641#article\",\"isPartOf\":{\"@id\":\"https:\\\/\\\/pcbigouden.fr\\\/?p=4641\"},\"author\":{\"name\":\"philarmor\",\"@id\":\"https:\\\/\\\/pcbigouden.fr\\\/#\\\/schema\\\/person\\\/db553cfd25f8e9e7ec7d3d2266b34e5e\"},\"headline\":\"Pour la d\u00e9fense de l\u2019\u00e9conomie de notre territoire\",\"datePublished\":\"2025-01-29T11:00:31+00:00\",\"dateModified\":\"2025-02-01T06:27:47+00:00\",\"mainEntityOfPage\":{\"@id\":\"https:\\\/\\\/pcbigouden.fr\\\/?p=4641\"},\"wordCount\":425,\"publisher\":{\"@id\":\"https:\\\/\\\/pcbigouden.fr\\\/#organization\"},\"image\":{\"@id\":\"https:\\\/\\\/pcbigouden.fr\\\/?p=4641#primaryimage\"},\"thumbnailUrl\":\"https:\\\/\\\/pcbigouden.fr\\\/wp-content\\\/uploads\\\/2025\\\/01\\\/Lycee-maritime-du-Guilvinec-1-300x225.jpg\",\"keywords\":[\"Pays Bigouden\",\"P\u00eache\",\"port\"],\"articleSection\":[\"P\u00eache\",\"Vie Locale\"],\"inLanguage\":\"fr-FR\"},{\"@type\":\"WebPage\",\"@id\":\"https:\\\/\\\/pcbigouden.fr\\\/?p=4641\",\"url\":\"https:\\\/\\\/pcbigouden.fr\\\/?p=4641\",\"name\":\"Pour la d\u00e9fense de l\u2019\u00e9conomie de notre territoire - PCF Pays Bigouden\",\"isPartOf\":{\"@id\":\"https:\\\/\\\/pcbigouden.fr\\\/#website\"},\"primaryImageOfPage\":{\"@id\":\"https:\\\/\\\/pcbigouden.fr\\\/?p=4641#primaryimage\"},\"image\":{\"@id\":\"https:\\\/\\\/pcbigouden.fr\\\/?p=4641#primaryimage\"},\"thumbnailUrl\":\"https:\\\/\\\/pcbigouden.fr\\\/wp-content\\\/uploads\\\/2025\\\/01\\\/Lycee-maritime-du-Guilvinec-1-300x225.jpg\",\"datePublished\":\"2025-01-29T11:00:31+00:00\",\"dateModified\":\"2025-02-01T06:27:47+00:00\",\"breadcrumb\":{\"@id\":\"https:\\\/\\\/pcbigouden.fr\\\/?p=4641#breadcrumb\"},\"inLanguage\":\"fr-FR\",\"potentialAction\":[{\"@type\":\"ReadAction\",\"target\":[\"https:\\\/\\\/pcbigouden.fr\\\/?p=4641\"]}]},{\"@type\":\"ImageObject\",\"inLanguage\":\"fr-FR\",\"@id\":\"https:\\\/\\\/pcbigouden.fr\\\/?p=4641#primaryimage\",\"url\":\"https:\\\/\\\/pcbigouden.fr\\\/wp-content\\\/uploads\\\/2025\\\/01\\\/Lycee-maritime-du-Guilvinec-1-scaled.jpg\",\"contentUrl\":\"https:\\\/\\\/pcbigouden.fr\\\/wp-content\\\/uploads\\\/2025\\\/01\\\/Lycee-maritime-du-Guilvinec-1-scaled.jpg\",\"width\":2560,\"height\":1920},{\"@type\":\"BreadcrumbList\",\"@id\":\"https:\\\/\\\/pcbigouden.fr\\\/?p=4641#breadcrumb\",\"itemListElement\":[{\"@type\":\"ListItem\",\"position\":1,\"name\":\"Accueil\",\"item\":\"https:\\\/\\\/pcbigouden.fr\\\/\"},{\"@type\":\"ListItem\",\"position\":2,\"name\":\"Pour la d\u00e9fense de l\u2019\u00e9conomie de notre territoire\"}]},{\"@type\":\"WebSite\",\"@id\":\"https:\\\/\\\/pcbigouden.fr\\\/#website\",\"url\":\"https:\\\/\\\/pcbigouden.fr\\\/\",\"name\":\"PCF Pays Bigouden\",\"description\":\"Blog des communistes du Pays Bigouden\",\"publisher\":{\"@id\":\"https:\\\/\\\/pcbigouden.fr\\\/#organization\"},\"potentialAction\":[{\"@type\":\"SearchAction\",\"target\":{\"@type\":\"EntryPoint\",\"urlTemplate\":\"https:\\\/\\\/pcbigouden.fr\\\/?s={search_term_string}\"},\"query-input\":{\"@type\":\"PropertyValueSpecification\",\"valueRequired\":true,\"valueName\":\"search_term_string\"}}],\"inLanguage\":\"fr-FR\"},{\"@type\":\"Organization\",\"@id\":\"https:\\\/\\\/pcbigouden.fr\\\/#organization\",\"name\":\"Parti Communiste PCF Pays Bigouden\",\"url\":\"https:\\\/\\\/pcbigouden.fr\\\/\",\"logo\":{\"@type\":\"ImageObject\",\"inLanguage\":\"fr-FR\",\"@id\":\"https:\\\/\\\/pcbigouden.fr\\\/#\\\/schema\\\/logo\\\/image\\\/\",\"url\":\"https:\\\/\\\/pcbigouden.fr\\\/wp-content\\\/uploads\\\/2021\\\/10\\\/logoTB307x290.jpg\",\"contentUrl\":\"https:\\\/\\\/pcbigouden.fr\\\/wp-content\\\/uploads\\\/2021\\\/10\\\/logoTB307x290.jpg\",\"width\":307,\"height\":290,\"caption\":\"Parti Communiste PCF Pays Bigouden\"},\"image\":{\"@id\":\"https:\\\/\\\/pcbigouden.fr\\\/#\\\/schema\\\/logo\\\/image\\\/\"}},{\"@type\":\"Person\",\"@id\":\"https:\\\/\\\/pcbigouden.fr\\\/#\\\/schema\\\/person\\\/db553cfd25f8e9e7ec7d3d2266b34e5e\",\"name\":\"philarmor\",\"image\":{\"@type\":\"ImageObject\",\"inLanguage\":\"fr-FR\",\"@id\":\"https:\\\/\\\/secure.gravatar.com\\\/avatar\\\/d64b18fe41ef6147792f83422f86e16391f18bc76f91f5a4e59b9213ce0ab52c?s=96&d=mm&r=g\",\"url\":\"https:\\\/\\\/secure.gravatar.com\\\/avatar\\\/d64b18fe41ef6147792f83422f86e16391f18bc76f91f5a4e59b9213ce0ab52c?s=96&d=mm&r=g\",\"contentUrl\":\"https:\\\/\\\/secure.gravatar.com\\\/avatar\\\/d64b18fe41ef6147792f83422f86e16391f18bc76f91f5a4e59b9213ce0ab52c?s=96&d=mm&r=g\",\"caption\":\"philarmor\"},\"url\":\"https:\\\/\\\/pcbigouden.fr\\\/?author=8\"}]}<\/script>\n<!-- \/ Yoast SEO plugin. -->","yoast_head_json":{"title":"Pour la d\u00e9fense de l\u2019\u00e9conomie de notre territoire - PCF Pays Bigouden","robots":{"index":"index","follow":"follow","max-snippet":"max-snippet:-1","max-image-preview":"max-image-preview:large","max-video-preview":"max-video-preview:-1"},"canonical":"https:\/\/pcbigouden.fr\/?p=4641","og_locale":"fr_FR","og_type":"article","og_title":"Pour la d\u00e9fense de l\u2019\u00e9conomie de notre territoire - PCF Pays Bigouden","og_description":"Lors de la visite le 17 janvier 2025 au lyc\u00e9e maritime du Guilvinec par la ministre de la Transition \u00c9cologique, Agn\u00e8s Pannier-Runacher, des citoyens ont tenu \u00e0 lui faire savoir que l\u2019on ne pouvait plus se satisfaire ni de beaux discours, ni de poign\u00e9s de main tant les menaces qui p\u00e8sent sur la fili\u00e8re halieutique, &hellip; Continue reading Pour la d\u00e9fense de l\u2019\u00e9conomie de notre territoire","og_url":"https:\/\/pcbigouden.fr\/?p=4641","og_site_name":"PCF Pays Bigouden","article_published_time":"2025-01-29T11:00:31+00:00","article_modified_time":"2025-02-01T06:27:47+00:00","og_image":[{"url":"https:\/\/pcbigouden.fr\/wp-content\/uploads\/2025\/01\/Lycee-maritime-du-Guilvinec-1-300x225.jpg","type":"","width":"","height":""}],"author":"philarmor","twitter_card":"summary_large_image","twitter_misc":{"\u00c9crit par":"philarmor","Dur\u00e9e de lecture estim\u00e9e":"2 minutes"},"schema":{"@context":"https:\/\/schema.org","@graph":[{"@type":"Article","@id":"https:\/\/pcbigouden.fr\/?p=4641#article","isPartOf":{"@id":"https:\/\/pcbigouden.fr\/?p=4641"},"author":{"name":"philarmor","@id":"https:\/\/pcbigouden.fr\/#\/schema\/person\/db553cfd25f8e9e7ec7d3d2266b34e5e"},"headline":"Pour la d\u00e9fense de l\u2019\u00e9conomie de notre territoire","datePublished":"2025-01-29T11:00:31+00:00","dateModified":"2025-02-01T06:27:47+00:00","mainEntityOfPage":{"@id":"https:\/\/pcbigouden.fr\/?p=4641"},"wordCount":425,"publisher":{"@id":"https:\/\/pcbigouden.fr\/#organization"},"image":{"@id":"https:\/\/pcbigouden.fr\/?p=4641#primaryimage"},"thumbnailUrl":"https:\/\/pcbigouden.fr\/wp-content\/uploads\/2025\/01\/Lycee-maritime-du-Guilvinec-1-300x225.jpg","keywords":["Pays Bigouden","P\u00eache","port"],"articleSection":["P\u00eache","Vie Locale"],"inLanguage":"fr-FR"},{"@type":"WebPage","@id":"https:\/\/pcbigouden.fr\/?p=4641","url":"https:\/\/pcbigouden.fr\/?p=4641","name":"Pour la d\u00e9fense de l\u2019\u00e9conomie de notre territoire - PCF Pays Bigouden","isPartOf":{"@id":"https:\/\/pcbigouden.fr\/#website"},"primaryImageOfPage":{"@id":"https:\/\/pcbigouden.fr\/?p=4641#primaryimage"},"image":{"@id":"https:\/\/pcbigouden.fr\/?p=4641#primaryimage"},"thumbnailUrl":"https:\/\/pcbigouden.fr\/wp-content\/uploads\/2025\/01\/Lycee-maritime-du-Guilvinec-1-300x225.jpg","datePublished":"2025-01-29T11:00:31+00:00","dateModified":"2025-02-01T06:27:47+00:00","breadcrumb":{"@id":"https:\/\/pcbigouden.fr\/?p=4641#breadcrumb"},"inLanguage":"fr-FR","potentialAction":[{"@type":"ReadAction","target":["https:\/\/pcbigouden.fr\/?p=4641"]}]},{"@type":"ImageObject","inLanguage":"fr-FR","@id":"https:\/\/pcbigouden.fr\/?p=4641#primaryimage","url":"https:\/\/pcbigouden.fr\/wp-content\/uploads\/2025\/01\/Lycee-maritime-du-Guilvinec-1-scaled.jpg","contentUrl":"https:\/\/pcbigouden.fr\/wp-content\/uploads\/2025\/01\/Lycee-maritime-du-Guilvinec-1-scaled.jpg","width":2560,"height":1920},{"@type":"BreadcrumbList","@id":"https:\/\/pcbigouden.fr\/?p=4641#breadcrumb","itemListElement":[{"@type":"ListItem","position":1,"name":"Accueil","item":"https:\/\/pcbigouden.fr\/"},{"@type":"ListItem","position":2,"name":"Pour la d\u00e9fense de l\u2019\u00e9conomie de notre territoire"}]},{"@type":"WebSite","@id":"https:\/\/pcbigouden.fr\/#website","url":"https:\/\/pcbigouden.fr\/","name":"PCF Pays Bigouden","description":"Blog des communistes du Pays Bigouden","publisher":{"@id":"https:\/\/pcbigouden.fr\/#organization"},"potentialAction":[{"@type":"SearchAction","target":{"@type":"EntryPoint","urlTemplate":"https:\/\/pcbigouden.fr\/?s={search_term_string}"},"query-input":{"@type":"PropertyValueSpecification","valueRequired":true,"valueName":"search_term_string"}}],"inLanguage":"fr-FR"},{"@type":"Organization","@id":"https:\/\/pcbigouden.fr\/#organization","name":"Parti Communiste PCF Pays Bigouden","url":"https:\/\/pcbigouden.fr\/","logo":{"@type":"ImageObject","inLanguage":"fr-FR","@id":"https:\/\/pcbigouden.fr\/#\/schema\/logo\/image\/","url":"https:\/\/pcbigouden.fr\/wp-content\/uploads\/2021\/10\/logoTB307x290.jpg","contentUrl":"https:\/\/pcbigouden.fr\/wp-content\/uploads\/2021\/10\/logoTB307x290.jpg","width":307,"height":290,"caption":"Parti Communiste PCF Pays Bigouden"},"image":{"@id":"https:\/\/pcbigouden.fr\/#\/schema\/logo\/image\/"}},{"@type":"Person","@id":"https:\/\/pcbigouden.fr\/#\/schema\/person\/db553cfd25f8e9e7ec7d3d2266b34e5e","name":"philarmor","image":{"@type":"ImageObject","inLanguage":"fr-FR","@id":"https:\/\/secure.gravatar.com\/avatar\/d64b18fe41ef6147792f83422f86e16391f18bc76f91f5a4e59b9213ce0ab52c?s=96&d=mm&r=g","url":"https:\/\/secure.gravatar.com\/avatar\/d64b18fe41ef6147792f83422f86e16391f18bc76f91f5a4e59b9213ce0ab52c?s=96&d=mm&r=g","contentUrl":"https:\/\/secure.gravatar.com\/avatar\/d64b18fe41ef6147792f83422f86e16391f18bc76f91f5a4e59b9213ce0ab52c?s=96&d=mm&r=g","caption":"philarmor"},"url":"https:\/\/pcbigouden.fr\/?author=8"}]}},"jetpack_featured_media_url":"","jetpack_sharing_enabled":true,"jetpack_likes_enabled":true,"_links":{"self":[{"href":"https:\/\/pcbigouden.fr\/index.php?rest_route=\/wp\/v2\/posts\/4641","targetHints":{"allow":["GET"]}}],"collection":[{"href":"https:\/\/pcbigouden.fr\/index.php?rest_route=\/wp\/v2\/posts"}],"about":[{"href":"https:\/\/pcbigouden.fr\/index.php?rest_route=\/wp\/v2\/types\/post"}],"author":[{"embeddable":true,"href":"https:\/\/pcbigouden.fr\/index.php?rest_route=\/wp\/v2\/users\/8"}],"replies":[{"embeddable":true,"href":"https:\/\/pcbigouden.fr\/index.php?rest_route=%2Fwp%2Fv2%2Fcomments&post=4641"}],"version-history":[{"count":17,"href":"https:\/\/pcbigouden.fr\/index.php?rest_route=\/wp\/v2\/posts\/4641\/revisions"}],"predecessor-version":[{"id":4664,"href":"https:\/\/pcbigouden.fr\/index.php?rest_route=\/wp\/v2\/posts\/4641\/revisions\/4664"}],"wp:attachment":[{"href":"https:\/\/pcbigouden.fr\/index.php?rest_route=%2Fwp%2Fv2%2Fmedia&parent=4641"}],"wp:term":[{"taxonomy":"category","embeddable":true,"href":"https:\/\/pcbigouden.fr\/index.php?rest_route=%2Fwp%2Fv2%2Fcategories&post=4641"},{"taxonomy":"post_tag","embeddable":true,"href":"https:\/\/pcbigouden.fr\/index.php?rest_route=%2Fwp%2Fv2%2Ftags&post=4641"}],"curies":[{"name":"wp","href":"https:\/\/api.w.org\/{rel}","templated":true}]}}