{"id":4294,"date":"2024-10-02T16:08:15","date_gmt":"2024-10-02T14:08:15","guid":{"rendered":"https:\/\/pcbigouden.fr\/?p=4294"},"modified":"2024-10-02T16:12:43","modified_gmt":"2024-10-02T14:12:43","slug":"cessez-le-feu-immediat-pour-une-paix-juste-et-durable-entre-palestiniens-et-israeliens","status":"publish","type":"post","link":"https:\/\/pcbigouden.fr\/?p=4294","title":{"rendered":"Cessez le feu imm\u00e9diat ! Pour une paix juste et durable entre Palestiniens et Israeliens"},"content":{"rendered":"<h2><a href=\"https:\/\/pcbigouden.fr\/wp-content\/uploads\/2024\/10\/titre.jpg\"><img loading=\"lazy\" decoding=\"async\" class=\"size-full wp-image-4296 aligncenter\" src=\"https:\/\/pcbigouden.fr\/wp-content\/uploads\/2024\/10\/titre.jpg\" alt=\"\" width=\"335\" height=\"128\" srcset=\"https:\/\/pcbigouden.fr\/wp-content\/uploads\/2024\/10\/titre.jpg 335w, https:\/\/pcbigouden.fr\/wp-content\/uploads\/2024\/10\/titre-300x115.jpg 300w, https:\/\/pcbigouden.fr\/wp-content\/uploads\/2024\/10\/titre-283x108.jpg 283w\" sizes=\"auto, (max-width: 335px) 100vw, 335px\" \/><\/a><br \/>\n<a href=\"https:\/\/pcbigouden.fr\/wp-content\/uploads\/2024\/10\/2024-10-05-Tract-Palestine.pdf\" target=\"_blank\" rel=\"noopener\">L&rsquo;appel au rassemblement du samedi 5 octobre \u00e0 Quimper<\/a><br \/>\n<a href=\"https:\/\/pcbigouden.fr\/wp-content\/uploads\/2024\/10\/2024-10-05-Tract-Palestine.pdf\" target=\"_blank\" rel=\"noopener\"> (tract \u00e0 t\u00e9l\u00e9charger)<\/a><\/h2>\n<h2><\/h2>\n<p><a href=\"https:\/\/pcbigouden.fr\/wp-content\/uploads\/2024\/10\/manif5oct24.jpg\"><img loading=\"lazy\" decoding=\"async\" class=\"size-full wp-image-4300 aligncenter\" src=\"https:\/\/pcbigouden.fr\/wp-content\/uploads\/2024\/10\/manif5oct24.jpg\" alt=\"\" width=\"449\" height=\"285\" srcset=\"https:\/\/pcbigouden.fr\/wp-content\/uploads\/2024\/10\/manif5oct24.jpg 449w, https:\/\/pcbigouden.fr\/wp-content\/uploads\/2024\/10\/manif5oct24-300x190.jpg 300w, https:\/\/pcbigouden.fr\/wp-content\/uploads\/2024\/10\/manif5oct24-170x108.jpg 170w\" sizes=\"auto, (max-width: 449px) 100vw, 449px\" \/><\/a><\/p>\n<hr \/>\n<p align=\"center\"><b>D<span style=\"font-family: Liberation Serif, serif;\">\u00c9<\/span>CLARATION DU MOUVEMENT DE LA PAIX<\/b><\/p>\n<p align=\"center\"><b>Pour un Cessez-le-feu imm\u00e9diat au Liban et \u00e0 Gaza,<\/b><\/p>\n<p align=\"center\"><b>pour une paix juste et durable au Moyen-Orient<\/b><\/p>\n<p align=\"center\"><b>Appel \u00e0 l\u2019action citoyenne du 1er au 8 octobre 2024<\/b><\/p>\n<p align=\"justify\">L&rsquo;extension de la guerre au Liban, avec les attaques contre le Hezbollah qui ont d\u00e9j\u00e0 provoqu\u00e9<\/p>\n<p align=\"justify\">des centaines de morts, a cr\u00e9\u00e9 le risque d&rsquo;une guerre totale au Moyen-Orient, alors que les<\/p>\n<p align=\"justify\">massacres se poursuivent en Palestine et \u00e0 Gaza avec toujours plus de victimes civiles.<\/p>\n<p align=\"justify\">Le Mouvement de la Paix r\u00e9affirme sa solidarit\u00e9 avec toutes les victimes et avec toutes les<\/p>\n<p align=\"justify\">populations vivant au Moyen-Orient et dans le cas pr\u00e9sent au Liban qui subit une ni\u00e8me violation<\/p>\n<p align=\"justify\">de son int\u00e9grit\u00e9 territoriale.<\/p>\n<p>Face au risque d\u2019extension de la guerre \u00e0 l&rsquo;ensemble du territoire du Liban et de mise \u00e0 feu et \u00e0<\/p>\n<p>sang de l&rsquo;ensemble du Moyen-Orient dans une guerre r\u00e9gionale, le Mouvement de la Paix r\u00e9it\u00e8re<\/p>\n<p>sa conviction qu&rsquo;il n&rsquo;y a pas de solution militaire au Moyen-Orient.<\/p>\n<p>Le Mouvement de la paix appr\u00e9cie positivement la d\u00e9claration commune des Pr\u00e9sidents Macron<\/p>\n<p>et Biden pour un cessez-le-feu imm\u00e9diat face \u00e0 l&rsquo;extension de la guerre au Liban, \u00e0 condition que<\/p>\n<p>cette d\u00e9claration soit suivie de mesures fortes pour obtenir que le cessez-le-feu se r\u00e9alise<\/p>\n<p>imm\u00e9diatement sur le terrain tant au Liban qu&rsquo;\u00e0 Gaza.<\/p>\n<p>Au vu de la gravit\u00e9 de la situation, avec la menace d&rsquo;extension r\u00e9gionale de la guerre et celle<\/p>\n<p>encore plus grave d\u2019une conflagration mondiale, le Mouvement de la Paix estime qu&rsquo;on ne peut<\/p>\n<p>aujourd&rsquo;hui s&rsquo;accommoder seulement de d\u00e9clarations, de propositions et de r\u00e9solutions qui se<\/p>\n<p>succ\u00e8dent les unes aux autres sans trouver d\u2019application.<\/p>\n<p>Au Moyen-Orient aucune paix n&rsquo;est possible sans reconnaissance des droits l\u00e9gitimes des<\/p>\n<p>Palestiniens par la mise en \u0153uvre des r\u00e9solutions de l\u2019ONU, y inclus celle adopt\u00e9e par<\/p>\n<p>l&rsquo;Assembl\u00e9e g\u00e9n\u00e9rale le 18 septembre demandant \u00e0 Isra\u00ebl d&rsquo;\u00e9vacuer les territoires occup\u00e9s de<\/p>\n<p>Cisjordanie et de respecter les d\u00e9cisions de la Cour de Justice Internationale.<\/p>\n<p>Le double langage et les tergiversations ne sont plus de mise lorsque ce qui se joue, tant au<\/p>\n<p>Moyen-orient qu\u2019en Ukraine, c&rsquo;est la paix mondiale.<\/p>\n<p>Le Mouvement de la paix demande que la d\u00e9claration de la France \u00e0 l&rsquo;ONU en faveur d&rsquo;une<\/p>\n<p>reconnaissance d&rsquo;un \u00c9tat de Palestine se traduise enfin par une reconnaissance v\u00e9ritable d\u2019autant<\/p>\n<p>que le Parlement a vot\u00e9 depuis longtemps en faveur de cette reconnaissance.<\/p>\n<p>Tout en r\u00e9affirmant qu&rsquo;il n&rsquo;y a pas de solution militaire au Moyen-Orient, le Mouvement de la paix<\/p>\n<p>r\u00e9it\u00e8re sa condamnation des massacres commis par le Hamas le 7 octobre 2023. Il condamne<\/p>\n<p>\u00e9galement l&rsquo;escalade militaire de l&rsquo;\u00c9tat d&rsquo;Isra\u00ebl qui ne peut qu&rsquo;entra\u00eener de nouveaux morts, de<\/p>\n<p>nouvelles destructions qui frappent toutes les populations civiles de la r\u00e9gion.<\/p>\n<p>Le Mouvement de la Paix apporte son soutien r\u00e9solu \u00e0 toutes les forces de paix en particulier<\/p>\n<p>celles qui en Isra\u00ebl contestent la politique d&rsquo;extr\u00eame droite de N\u00e9tanyahou, et sa volont\u00e9 de<\/p>\n<p>poursuivre ses massacres \u00e0 vis\u00e9e g\u00e9nocidaire.<\/p>\n<p>Il appelle au soutien humanitaire en aidant les associations qui agissent en ce sens (Secours<\/p>\n<p>populaire, etc).<\/p>\n<p>C&rsquo;est dans le respect de la l\u00e9galit\u00e9 internationale et en particulier de la Charte des Nations Unies<\/p>\n<p>que des solutions d&rsquo;avenir peuvent \u00eatre \u00e9labor\u00e9es pour construire une paix juste et durable pour<\/p>\n<p>les peuples de la r\u00e9gion.<\/p>\n<p>Dans ce contexte le Mouvement de la Paix appelle tous ses comit\u00e9s \u00e0 agir avec d\u00e9termination<\/p>\n<p>pour<\/p>\n<p>\uf0b7- un cessez-le-feu imm\u00e9diat et p\u00e9renne au Liban et \u00e0 Gaza<\/p>\n<p>\uf0b7- le retrait de l&rsquo;arm\u00e9e isra\u00e9lienne de Gaza et l&rsquo;ouverture imm\u00e9diate de tous les points de<\/p>\n<p>passage \u00e0 l&rsquo;aide humanitaire<\/p>\n<p>\uf0b7- la fin de l&rsquo;occupation de la Cisjordanie comme vient de l\u2019exiger l\u2019Onu \u00e0 travers la r\u00e9solution<\/p>\n<p>du 18 septembre<\/p>\n<p>\uf0b7- la reconnaissance de l&rsquo;\u00c9tat de Palestine dans le respect des r\u00e9solutions des Nations unies<\/p>\n<p>dans le cadre de la solution \u00e0 deux Etats avec un \u00c9tat de Palestine \u00e0 c\u00f4t\u00e9 d&rsquo;Isra\u00ebl sur les<\/p>\n<p>fronti\u00e8res de 1967<\/p>\n<p>\uf0b7- la cessation de toute coop\u00e9ration militaire avec Isra\u00ebl et un embargo sur les livraisons<\/p>\n<p>d\u2019armes et de composants militaires en faveur d\u2019Isra\u00ebl<\/p>\n<p>\uf0b7- la fin de l\u2019accord d\u2019association entre l\u2019UE et Isra\u00ebl<\/p>\n<p>\uf0b7- le soutien aux proc\u00e9dures des instances de justice internationale de l&rsquo;ONU concernant les<\/p>\n<p>crimes de guerre et crimes contre l&rsquo;humanit\u00e9 pour toutes les parties<\/p>\n<p>\uf0b7- la lib\u00e9ration des otages d\u00e9tenus par le Hamas et des prisonniers palestiniens<\/p>\n<p>\uf0b7- le renforcement de la Finul force d\u2019interposition et de paix dans la r\u00e9gion et la mise en<\/p>\n<p>place d\u2019une force internationale de protection en Cisjordanie et \u00e0 Gaza.<\/p>\n<p>Le Mouvement de la paix appelle l\u2019ensemble de ses comit\u00e9s dans tous les d\u00e9partements \u00e0 faire<\/p>\n<p>du 1er au 8 octobre une semaine d&rsquo;actions les plus unitaires possible, avec des d\u00e9marches<\/p>\n<p>aupr\u00e8s des pr\u00e9fectures pour faire de partout remonter ces exigences aupr\u00e8s du pr\u00e9sident de la<\/p>\n<p>R\u00e9publique et du gouvernement fran\u00e7ais.<\/p>\n<p>Il appelle aussi \u00e0 faire des d\u00e9marches aupr\u00e8s des repr\u00e9sentations diplomatiques de pays<\/p>\n<p>\u00e9trangers en France et en particulier des USA (1) dont le r\u00f4le est important car ils peuvent faire les<\/p>\n<p>pressions n\u00e9cessaires pour stopper Netanyahou et son gouvernement d\u2019extr\u00eame-droite qui sont<\/p>\n<p>pr\u00eats \u00e0 jouer la carte du chaos total, m\u00eame au risque d\u2019aller vers une conflagration mondiale.<\/p>\n<p>Le Mouvement de la paix demande que soit reprise la proposition d\u2019\u00e9tablissement d\u2019une<\/p>\n<p>ZEAN\/ZEADM dans la r\u00e9gion adopt\u00e9e lors de la conf\u00e9rence d\u2019examen du TNP, tenue \u00e0 l\u2019ONU en<\/p>\n<p>2010. (2)<\/p>\n<p>Pour \u00e9viter le pire, l\u2019action des citoyens et la mobilisation des peuples est n\u00e9cessaire en France et<\/p>\n<p>dans le monde entier pour la paix au Moyen-orient et dans le monde.<\/p>\n<p>En Ile-de-France il appelle \u00e0 participer au rassemblement organis\u00e9 \u00e0 Paris le 5<\/p>\n<p>octobre.<\/p>\n<p align=\"right\">Le Mouvement de la Paix<\/p>\n<p align=\"right\">Le 27 septembre 2024<\/p>\n<p>(1) Il existe des consulats des USA \u00e0 Rennes, Bordeaux, Marseille Lyon, Strasbourg<\/p>\n<p>(2) Zean : zone exempte d\u2019armes nucl\u00e9aires \/\/ ZEADM : zone exempte d\u2019armes de<\/p>\n<p>destruction massive<\/p>\n<p>&nbsp;<\/p>\n","protected":false},"excerpt":{"rendered":"<p>L&rsquo;appel au rassemblement du samedi 5 octobre \u00e0 Quimper (tract \u00e0 t\u00e9l\u00e9charger) D\u00c9CLARATION DU MOUVEMENT DE LA PAIX Pour un Cessez-le-feu imm\u00e9diat au Liban et \u00e0 Gaza, pour une paix juste et durable au Moyen-Orient Appel \u00e0 l\u2019action citoyenne du 1er au 8 octobre 2024 L&rsquo;extension de la guerre au Liban, avec les attaques contre &hellip; <a href=\"https:\/\/pcbigouden.fr\/?p=4294\" class=\"more-link\">Continue reading <span class=\"screen-reader-text\">Cessez le feu imm\u00e9diat ! Pour une paix juste et durable entre Palestiniens et Israeliens<\/span><\/a><\/p>\n","protected":false},"author":6,"featured_media":0,"comment_status":"closed","ping_status":"closed","sticky":false,"template":"","format":"standard","meta":{"_jetpack_memberships_contains_paid_content":false,"footnotes":""},"categories":[50],"tags":[71,226,132,70],"class_list":["post-4294","post","type-post","status-publish","format-standard","hentry","category-paix","tag-israel","tag-liban","tag-paix","tag-paalestine"],"yoast_head":"<!-- This site is optimized with the Yoast SEO plugin v27.5 - https:\/\/yoast.com\/product\/yoast-seo-wordpress\/ -->\n<title>Cessez le feu imm\u00e9diat ! Pour une paix juste et durable entre Palestiniens et Israeliens - PCF Pays Bigouden<\/title>\n<meta name=\"robots\" content=\"index, follow, max-snippet:-1, max-image-preview:large, max-video-preview:-1\" \/>\n<link rel=\"canonical\" href=\"https:\/\/pcbigouden.fr\/?p=4294\" \/>\n<meta property=\"og:locale\" content=\"fr_FR\" \/>\n<meta property=\"og:type\" content=\"article\" \/>\n<meta property=\"og:title\" content=\"Cessez le feu imm\u00e9diat ! Pour une paix juste et durable entre Palestiniens et Israeliens - PCF Pays Bigouden\" \/>\n<meta property=\"og:description\" content=\"L&rsquo;appel au rassemblement du samedi 5 octobre \u00e0 Quimper (tract \u00e0 t\u00e9l\u00e9charger) D\u00c9CLARATION DU MOUVEMENT DE LA PAIX Pour un Cessez-le-feu imm\u00e9diat au Liban et \u00e0 Gaza, pour une paix juste et durable au Moyen-Orient Appel \u00e0 l\u2019action citoyenne du 1er au 8 octobre 2024 L&rsquo;extension de la guerre au Liban, avec les attaques contre &hellip; Continue reading Cessez le feu imm\u00e9diat ! Pour une paix juste et durable entre Palestiniens et Israeliens\" \/>\n<meta property=\"og:url\" content=\"https:\/\/pcbigouden.fr\/?p=4294\" \/>\n<meta property=\"og:site_name\" content=\"PCF Pays Bigouden\" \/>\n<meta property=\"article:published_time\" content=\"2024-10-02T14:08:15+00:00\" \/>\n<meta property=\"article:modified_time\" content=\"2024-10-02T14:12:43+00:00\" \/>\n<meta property=\"og:image\" content=\"https:\/\/pcbigouden.fr\/wp-content\/uploads\/2024\/10\/titre.jpg\" \/>\n<meta name=\"author\" content=\"sierramaestra\" \/>\n<meta name=\"twitter:card\" content=\"summary_large_image\" \/>\n<meta name=\"twitter:label1\" content=\"\u00c9crit par\" \/>\n\t<meta name=\"twitter:data1\" content=\"sierramaestra\" \/>\n\t<meta name=\"twitter:label2\" content=\"Dur\u00e9e de lecture estim\u00e9e\" \/>\n\t<meta name=\"twitter:data2\" content=\"5 minutes\" \/>\n<script type=\"application\/ld+json\" class=\"yoast-schema-graph\">{\"@context\":\"https:\\\/\\\/schema.org\",\"@graph\":[{\"@type\":\"Article\",\"@id\":\"https:\\\/\\\/pcbigouden.fr\\\/?p=4294#article\",\"isPartOf\":{\"@id\":\"https:\\\/\\\/pcbigouden.fr\\\/?p=4294\"},\"author\":{\"name\":\"sierramaestra\",\"@id\":\"https:\\\/\\\/pcbigouden.fr\\\/#\\\/schema\\\/person\\\/2f88b3db41deacf169cab9e2ff83133a\"},\"headline\":\"Cessez le feu imm\u00e9diat ! Pour une paix juste et durable entre Palestiniens et Israeliens\",\"datePublished\":\"2024-10-02T14:08:15+00:00\",\"dateModified\":\"2024-10-02T14:12:43+00:00\",\"mainEntityOfPage\":{\"@id\":\"https:\\\/\\\/pcbigouden.fr\\\/?p=4294\"},\"wordCount\":1098,\"publisher\":{\"@id\":\"https:\\\/\\\/pcbigouden.fr\\\/#organization\"},\"image\":{\"@id\":\"https:\\\/\\\/pcbigouden.fr\\\/?p=4294#primaryimage\"},\"thumbnailUrl\":\"https:\\\/\\\/pcbigouden.fr\\\/wp-content\\\/uploads\\\/2024\\\/10\\\/titre.jpg\",\"keywords\":[\"Isra\u00ebl\",\"Liban\",\"paix\",\"Palestine\"],\"articleSection\":[\"Paix\"],\"inLanguage\":\"fr-FR\"},{\"@type\":\"WebPage\",\"@id\":\"https:\\\/\\\/pcbigouden.fr\\\/?p=4294\",\"url\":\"https:\\\/\\\/pcbigouden.fr\\\/?p=4294\",\"name\":\"Cessez le feu imm\u00e9diat ! Pour une paix juste et durable entre Palestiniens et Israeliens - PCF Pays Bigouden\",\"isPartOf\":{\"@id\":\"https:\\\/\\\/pcbigouden.fr\\\/#website\"},\"primaryImageOfPage\":{\"@id\":\"https:\\\/\\\/pcbigouden.fr\\\/?p=4294#primaryimage\"},\"image\":{\"@id\":\"https:\\\/\\\/pcbigouden.fr\\\/?p=4294#primaryimage\"},\"thumbnailUrl\":\"https:\\\/\\\/pcbigouden.fr\\\/wp-content\\\/uploads\\\/2024\\\/10\\\/titre.jpg\",\"datePublished\":\"2024-10-02T14:08:15+00:00\",\"dateModified\":\"2024-10-02T14:12:43+00:00\",\"breadcrumb\":{\"@id\":\"https:\\\/\\\/pcbigouden.fr\\\/?p=4294#breadcrumb\"},\"inLanguage\":\"fr-FR\",\"potentialAction\":[{\"@type\":\"ReadAction\",\"target\":[\"https:\\\/\\\/pcbigouden.fr\\\/?p=4294\"]}]},{\"@type\":\"ImageObject\",\"inLanguage\":\"fr-FR\",\"@id\":\"https:\\\/\\\/pcbigouden.fr\\\/?p=4294#primaryimage\",\"url\":\"https:\\\/\\\/pcbigouden.fr\\\/wp-content\\\/uploads\\\/2024\\\/10\\\/titre.jpg\",\"contentUrl\":\"https:\\\/\\\/pcbigouden.fr\\\/wp-content\\\/uploads\\\/2024\\\/10\\\/titre.jpg\"},{\"@type\":\"BreadcrumbList\",\"@id\":\"https:\\\/\\\/pcbigouden.fr\\\/?p=4294#breadcrumb\",\"itemListElement\":[{\"@type\":\"ListItem\",\"position\":1,\"name\":\"Accueil\",\"item\":\"https:\\\/\\\/pcbigouden.fr\\\/\"},{\"@type\":\"ListItem\",\"position\":2,\"name\":\"Cessez le feu imm\u00e9diat ! Pour une paix juste et durable entre Palestiniens et Israeliens\"}]},{\"@type\":\"WebSite\",\"@id\":\"https:\\\/\\\/pcbigouden.fr\\\/#website\",\"url\":\"https:\\\/\\\/pcbigouden.fr\\\/\",\"name\":\"PCF Pays Bigouden\",\"description\":\"Blog des communistes du Pays Bigouden\",\"publisher\":{\"@id\":\"https:\\\/\\\/pcbigouden.fr\\\/#organization\"},\"potentialAction\":[{\"@type\":\"SearchAction\",\"target\":{\"@type\":\"EntryPoint\",\"urlTemplate\":\"https:\\\/\\\/pcbigouden.fr\\\/?s={search_term_string}\"},\"query-input\":{\"@type\":\"PropertyValueSpecification\",\"valueRequired\":true,\"valueName\":\"search_term_string\"}}],\"inLanguage\":\"fr-FR\"},{\"@type\":\"Organization\",\"@id\":\"https:\\\/\\\/pcbigouden.fr\\\/#organization\",\"name\":\"Parti Communiste PCF Pays Bigouden\",\"url\":\"https:\\\/\\\/pcbigouden.fr\\\/\",\"logo\":{\"@type\":\"ImageObject\",\"inLanguage\":\"fr-FR\",\"@id\":\"https:\\\/\\\/pcbigouden.fr\\\/#\\\/schema\\\/logo\\\/image\\\/\",\"url\":\"https:\\\/\\\/pcbigouden.fr\\\/wp-content\\\/uploads\\\/2021\\\/10\\\/logoTB307x290.jpg\",\"contentUrl\":\"https:\\\/\\\/pcbigouden.fr\\\/wp-content\\\/uploads\\\/2021\\\/10\\\/logoTB307x290.jpg\",\"width\":307,\"height\":290,\"caption\":\"Parti Communiste PCF Pays Bigouden\"},\"image\":{\"@id\":\"https:\\\/\\\/pcbigouden.fr\\\/#\\\/schema\\\/logo\\\/image\\\/\"}},{\"@type\":\"Person\",\"@id\":\"https:\\\/\\\/pcbigouden.fr\\\/#\\\/schema\\\/person\\\/2f88b3db41deacf169cab9e2ff83133a\",\"name\":\"sierramaestra\",\"image\":{\"@type\":\"ImageObject\",\"inLanguage\":\"fr-FR\",\"@id\":\"https:\\\/\\\/secure.gravatar.com\\\/avatar\\\/5e822171bcc9a9856efba4097a35cfd35b4c239b7b552810087caf40ef8496b2?s=96&d=mm&r=g\",\"url\":\"https:\\\/\\\/secure.gravatar.com\\\/avatar\\\/5e822171bcc9a9856efba4097a35cfd35b4c239b7b552810087caf40ef8496b2?s=96&d=mm&r=g\",\"contentUrl\":\"https:\\\/\\\/secure.gravatar.com\\\/avatar\\\/5e822171bcc9a9856efba4097a35cfd35b4c239b7b552810087caf40ef8496b2?s=96&d=mm&r=g\",\"caption\":\"sierramaestra\"},\"url\":\"https:\\\/\\\/pcbigouden.fr\\\/?author=6\"}]}<\/script>\n<!-- \/ Yoast SEO plugin. -->","yoast_head_json":{"title":"Cessez le feu imm\u00e9diat ! Pour une paix juste et durable entre Palestiniens et Israeliens - PCF Pays Bigouden","robots":{"index":"index","follow":"follow","max-snippet":"max-snippet:-1","max-image-preview":"max-image-preview:large","max-video-preview":"max-video-preview:-1"},"canonical":"https:\/\/pcbigouden.fr\/?p=4294","og_locale":"fr_FR","og_type":"article","og_title":"Cessez le feu imm\u00e9diat ! Pour une paix juste et durable entre Palestiniens et Israeliens - PCF Pays Bigouden","og_description":"L&rsquo;appel au rassemblement du samedi 5 octobre \u00e0 Quimper (tract \u00e0 t\u00e9l\u00e9charger) D\u00c9CLARATION DU MOUVEMENT DE LA PAIX Pour un Cessez-le-feu imm\u00e9diat au Liban et \u00e0 Gaza, pour une paix juste et durable au Moyen-Orient Appel \u00e0 l\u2019action citoyenne du 1er au 8 octobre 2024 L&rsquo;extension de la guerre au Liban, avec les attaques contre &hellip; Continue reading Cessez le feu imm\u00e9diat ! Pour une paix juste et durable entre Palestiniens et Israeliens","og_url":"https:\/\/pcbigouden.fr\/?p=4294","og_site_name":"PCF Pays Bigouden","article_published_time":"2024-10-02T14:08:15+00:00","article_modified_time":"2024-10-02T14:12:43+00:00","og_image":[{"url":"https:\/\/pcbigouden.fr\/wp-content\/uploads\/2024\/10\/titre.jpg","type":"","width":"","height":""}],"author":"sierramaestra","twitter_card":"summary_large_image","twitter_misc":{"\u00c9crit par":"sierramaestra","Dur\u00e9e de lecture estim\u00e9e":"5 minutes"},"schema":{"@context":"https:\/\/schema.org","@graph":[{"@type":"Article","@id":"https:\/\/pcbigouden.fr\/?p=4294#article","isPartOf":{"@id":"https:\/\/pcbigouden.fr\/?p=4294"},"author":{"name":"sierramaestra","@id":"https:\/\/pcbigouden.fr\/#\/schema\/person\/2f88b3db41deacf169cab9e2ff83133a"},"headline":"Cessez le feu imm\u00e9diat ! Pour une paix juste et durable entre Palestiniens et Israeliens","datePublished":"2024-10-02T14:08:15+00:00","dateModified":"2024-10-02T14:12:43+00:00","mainEntityOfPage":{"@id":"https:\/\/pcbigouden.fr\/?p=4294"},"wordCount":1098,"publisher":{"@id":"https:\/\/pcbigouden.fr\/#organization"},"image":{"@id":"https:\/\/pcbigouden.fr\/?p=4294#primaryimage"},"thumbnailUrl":"https:\/\/pcbigouden.fr\/wp-content\/uploads\/2024\/10\/titre.jpg","keywords":["Isra\u00ebl","Liban","paix","Palestine"],"articleSection":["Paix"],"inLanguage":"fr-FR"},{"@type":"WebPage","@id":"https:\/\/pcbigouden.fr\/?p=4294","url":"https:\/\/pcbigouden.fr\/?p=4294","name":"Cessez le feu imm\u00e9diat ! Pour une paix juste et durable entre Palestiniens et Israeliens - PCF Pays Bigouden","isPartOf":{"@id":"https:\/\/pcbigouden.fr\/#website"},"primaryImageOfPage":{"@id":"https:\/\/pcbigouden.fr\/?p=4294#primaryimage"},"image":{"@id":"https:\/\/pcbigouden.fr\/?p=4294#primaryimage"},"thumbnailUrl":"https:\/\/pcbigouden.fr\/wp-content\/uploads\/2024\/10\/titre.jpg","datePublished":"2024-10-02T14:08:15+00:00","dateModified":"2024-10-02T14:12:43+00:00","breadcrumb":{"@id":"https:\/\/pcbigouden.fr\/?p=4294#breadcrumb"},"inLanguage":"fr-FR","potentialAction":[{"@type":"ReadAction","target":["https:\/\/pcbigouden.fr\/?p=4294"]}]},{"@type":"ImageObject","inLanguage":"fr-FR","@id":"https:\/\/pcbigouden.fr\/?p=4294#primaryimage","url":"https:\/\/pcbigouden.fr\/wp-content\/uploads\/2024\/10\/titre.jpg","contentUrl":"https:\/\/pcbigouden.fr\/wp-content\/uploads\/2024\/10\/titre.jpg"},{"@type":"BreadcrumbList","@id":"https:\/\/pcbigouden.fr\/?p=4294#breadcrumb","itemListElement":[{"@type":"ListItem","position":1,"name":"Accueil","item":"https:\/\/pcbigouden.fr\/"},{"@type":"ListItem","position":2,"name":"Cessez le feu imm\u00e9diat ! Pour une paix juste et durable entre Palestiniens et Israeliens"}]},{"@type":"WebSite","@id":"https:\/\/pcbigouden.fr\/#website","url":"https:\/\/pcbigouden.fr\/","name":"PCF Pays Bigouden","description":"Blog des communistes du Pays Bigouden","publisher":{"@id":"https:\/\/pcbigouden.fr\/#organization"},"potentialAction":[{"@type":"SearchAction","target":{"@type":"EntryPoint","urlTemplate":"https:\/\/pcbigouden.fr\/?s={search_term_string}"},"query-input":{"@type":"PropertyValueSpecification","valueRequired":true,"valueName":"search_term_string"}}],"inLanguage":"fr-FR"},{"@type":"Organization","@id":"https:\/\/pcbigouden.fr\/#organization","name":"Parti Communiste PCF Pays Bigouden","url":"https:\/\/pcbigouden.fr\/","logo":{"@type":"ImageObject","inLanguage":"fr-FR","@id":"https:\/\/pcbigouden.fr\/#\/schema\/logo\/image\/","url":"https:\/\/pcbigouden.fr\/wp-content\/uploads\/2021\/10\/logoTB307x290.jpg","contentUrl":"https:\/\/pcbigouden.fr\/wp-content\/uploads\/2021\/10\/logoTB307x290.jpg","width":307,"height":290,"caption":"Parti Communiste PCF Pays Bigouden"},"image":{"@id":"https:\/\/pcbigouden.fr\/#\/schema\/logo\/image\/"}},{"@type":"Person","@id":"https:\/\/pcbigouden.fr\/#\/schema\/person\/2f88b3db41deacf169cab9e2ff83133a","name":"sierramaestra","image":{"@type":"ImageObject","inLanguage":"fr-FR","@id":"https:\/\/secure.gravatar.com\/avatar\/5e822171bcc9a9856efba4097a35cfd35b4c239b7b552810087caf40ef8496b2?s=96&d=mm&r=g","url":"https:\/\/secure.gravatar.com\/avatar\/5e822171bcc9a9856efba4097a35cfd35b4c239b7b552810087caf40ef8496b2?s=96&d=mm&r=g","contentUrl":"https:\/\/secure.gravatar.com\/avatar\/5e822171bcc9a9856efba4097a35cfd35b4c239b7b552810087caf40ef8496b2?s=96&d=mm&r=g","caption":"sierramaestra"},"url":"https:\/\/pcbigouden.fr\/?author=6"}]}},"jetpack_featured_media_url":"","jetpack_sharing_enabled":true,"jetpack_likes_enabled":true,"_links":{"self":[{"href":"https:\/\/pcbigouden.fr\/index.php?rest_route=\/wp\/v2\/posts\/4294","targetHints":{"allow":["GET"]}}],"collection":[{"href":"https:\/\/pcbigouden.fr\/index.php?rest_route=\/wp\/v2\/posts"}],"about":[{"href":"https:\/\/pcbigouden.fr\/index.php?rest_route=\/wp\/v2\/types\/post"}],"author":[{"embeddable":true,"href":"https:\/\/pcbigouden.fr\/index.php?rest_route=\/wp\/v2\/users\/6"}],"replies":[{"embeddable":true,"href":"https:\/\/pcbigouden.fr\/index.php?rest_route=%2Fwp%2Fv2%2Fcomments&post=4294"}],"version-history":[{"count":6,"href":"https:\/\/pcbigouden.fr\/index.php?rest_route=\/wp\/v2\/posts\/4294\/revisions"}],"predecessor-version":[{"id":4304,"href":"https:\/\/pcbigouden.fr\/index.php?rest_route=\/wp\/v2\/posts\/4294\/revisions\/4304"}],"wp:attachment":[{"href":"https:\/\/pcbigouden.fr\/index.php?rest_route=%2Fwp%2Fv2%2Fmedia&parent=4294"}],"wp:term":[{"taxonomy":"category","embeddable":true,"href":"https:\/\/pcbigouden.fr\/index.php?rest_route=%2Fwp%2Fv2%2Fcategories&post=4294"},{"taxonomy":"post_tag","embeddable":true,"href":"https:\/\/pcbigouden.fr\/index.php?rest_route=%2Fwp%2Fv2%2Ftags&post=4294"}],"curies":[{"name":"wp","href":"https:\/\/api.w.org\/{rel}","templated":true}]}}