{"id":4068,"date":"2024-06-27T20:04:24","date_gmt":"2024-06-27T18:04:24","guid":{"rendered":"https:\/\/pcbigouden.fr\/?p=4068"},"modified":"2024-06-29T09:20:31","modified_gmt":"2024-06-29T07:20:31","slug":"4068-2","status":"publish","type":"post","link":"https:\/\/pcbigouden.fr\/?p=4068","title":{"rendered":"Hommage \u00e0 Jean Le Brun samedi 29 juin au Guilvinec"},"content":{"rendered":"<div dir=\"auto\">A l&rsquo;initiative de la mairie du Guilvinec une plaque en hommage \u00e0 Jean Le Brun sera inaugur\u00e9e samedi 29 juin \u00e017h devant l&rsquo;\u00e9cole Jean Le Brun, rue du ch\u00e2teau, au Guilvinec.<\/div>\n<div dir=\"auto\">En lien ci-dessous une biographie de Jean Le Brun, r\u00e9sistant, d\u00e9port\u00e9 par les nazis, ancien maire communiste du Guilvinec<\/div>\n<div dir=\"auto\">Sur le site de l&rsquo;histoire de la R\u00e9sistance en Pays Bigouden \u00ab\u00a0bigouden1944\u00a0\u00bb :<\/div>\n<div dir=\"auto\"><strong><span class=\"html-span xdj266r x11i5rnm xat24cr x1mh8g0r xexx8yu x4uap5 x18d9i69 xkhd6sd x1hl2dhg x16tdsg8 x1vvkbs\"><a class=\"x1i10hfl xjbqb8w x1ejq31n xd10rxx x1sy0etr x17r0tee x972fbf xcfux6l x1qhh985 xm0m39n x9f619 x1ypdohk xt0psk2 xe8uvvx xdj266r x11i5rnm xat24cr x1mh8g0r xexx8yu x4uap5 x18d9i69 xkhd6sd x16tdsg8 x1hl2dhg xggy1nq x1a2a7pz x1sur9pj xkrqix3 x1fey0fg\" tabindex=\"0\" role=\"link\" href=\"https:\/\/bigouden1944.wordpress.com\/2016\/11\/08\/jean-le-brun\/\" target=\"_blank\" rel=\"nofollow noopener noreferrer\">https:\/\/bigouden1944.wordpress.com\/2016\/11\/08\/jean-le-brun\/<\/a><\/span><\/strong><\/div>\n<div dir=\"auto\">NB : en raison de la campagne \u00e9lectorale aucun discours ne sera prononc\u00e9 ce jour-l\u00e0.<\/div>\n","protected":false},"excerpt":{"rendered":"<p>A l&rsquo;initiative de la mairie du Guilvinec une plaque en hommage \u00e0 Jean Le Brun sera inaugur\u00e9e samedi 29 juin \u00e017h devant l&rsquo;\u00e9cole Jean Le Brun, rue du ch\u00e2teau, au Guilvinec. En lien ci-dessous une biographie de Jean Le Brun, r\u00e9sistant, d\u00e9port\u00e9 par les nazis, ancien maire communiste du Guilvinec Sur le site de l&rsquo;histoire &hellip; <a href=\"https:\/\/pcbigouden.fr\/?p=4068\" class=\"more-link\">Continue reading <span class=\"screen-reader-text\">Hommage \u00e0 Jean Le Brun samedi 29 juin au Guilvinec<\/span><\/a><\/p>\n","protected":false},"author":6,"featured_media":4069,"comment_status":"closed","ping_status":"closed","sticky":false,"template":"","format":"standard","meta":{"_jetpack_memberships_contains_paid_content":false,"footnotes":""},"categories":[2,59,14],"tags":[224,222,23,223],"class_list":["post-4068","post","type-post","status-publish","format-standard","has-post-thumbnail","hentry","category-democratie","category-parti-communiste","category-vie-locale","tag-deporte","tag-jean-le-brun","tag-guilvinec","tag-resistant"],"yoast_head":"<!-- This site is optimized with the Yoast SEO plugin v27.5 - https:\/\/yoast.com\/product\/yoast-seo-wordpress\/ -->\n<title>Hommage \u00e0 Jean Le Brun samedi 29 juin au Guilvinec - PCF Pays Bigouden<\/title>\n<meta name=\"robots\" content=\"index, follow, max-snippet:-1, max-image-preview:large, max-video-preview:-1\" \/>\n<link rel=\"canonical\" href=\"https:\/\/pcbigouden.fr\/?p=4068\" \/>\n<meta property=\"og:locale\" content=\"fr_FR\" \/>\n<meta property=\"og:type\" content=\"article\" \/>\n<meta property=\"og:title\" content=\"Hommage \u00e0 Jean Le Brun samedi 29 juin au Guilvinec - PCF Pays Bigouden\" \/>\n<meta property=\"og:description\" content=\"A l&rsquo;initiative de la mairie du Guilvinec une plaque en hommage \u00e0 Jean Le Brun sera inaugur\u00e9e samedi 29 juin \u00e017h devant l&rsquo;\u00e9cole Jean Le Brun, rue du ch\u00e2teau, au Guilvinec. En lien ci-dessous une biographie de Jean Le Brun, r\u00e9sistant, d\u00e9port\u00e9 par les nazis, ancien maire communiste du Guilvinec Sur le site de l&rsquo;histoire &hellip; Continue reading Hommage \u00e0 Jean Le Brun samedi 29 juin au Guilvinec\" \/>\n<meta property=\"og:url\" content=\"https:\/\/pcbigouden.fr\/?p=4068\" \/>\n<meta property=\"og:site_name\" content=\"PCF Pays Bigouden\" \/>\n<meta property=\"article:published_time\" content=\"2024-06-27T18:04:24+00:00\" \/>\n<meta property=\"article:modified_time\" content=\"2024-06-29T07:20:31+00:00\" \/>\n<meta property=\"og:image\" content=\"https:\/\/pcbigouden.fr\/wp-content\/uploads\/2024\/06\/JeanLeBrun.png\" \/>\n\t<meta property=\"og:image:width\" content=\"312\" \/>\n\t<meta property=\"og:image:height\" content=\"407\" \/>\n\t<meta property=\"og:image:type\" content=\"image\/png\" \/>\n<meta name=\"author\" content=\"sierramaestra\" \/>\n<meta name=\"twitter:card\" content=\"summary_large_image\" \/>\n<meta name=\"twitter:label1\" content=\"\u00c9crit par\" \/>\n\t<meta name=\"twitter:data1\" content=\"sierramaestra\" \/>\n<script type=\"application\/ld+json\" class=\"yoast-schema-graph\">{\"@context\":\"https:\\\/\\\/schema.org\",\"@graph\":[{\"@type\":\"Article\",\"@id\":\"https:\\\/\\\/pcbigouden.fr\\\/?p=4068#article\",\"isPartOf\":{\"@id\":\"https:\\\/\\\/pcbigouden.fr\\\/?p=4068\"},\"author\":{\"name\":\"sierramaestra\",\"@id\":\"https:\\\/\\\/pcbigouden.fr\\\/#\\\/schema\\\/person\\\/2f88b3db41deacf169cab9e2ff83133a\"},\"headline\":\"Hommage \u00e0 Jean Le Brun samedi 29 juin au Guilvinec\",\"datePublished\":\"2024-06-27T18:04:24+00:00\",\"dateModified\":\"2024-06-29T07:20:31+00:00\",\"mainEntityOfPage\":{\"@id\":\"https:\\\/\\\/pcbigouden.fr\\\/?p=4068\"},\"wordCount\":95,\"publisher\":{\"@id\":\"https:\\\/\\\/pcbigouden.fr\\\/#organization\"},\"image\":{\"@id\":\"https:\\\/\\\/pcbigouden.fr\\\/?p=4068#primaryimage\"},\"thumbnailUrl\":\"https:\\\/\\\/pcbigouden.fr\\\/wp-content\\\/uploads\\\/2024\\\/06\\\/JeanLeBrun.png\",\"keywords\":[\"d\u00e9port\u00e9\",\"Jean Le Brun\",\"Le Guilvinec\",\"r\u00e9sistant\"],\"articleSection\":[\"D\u00e9mocratie\",\"Parti Communiste\",\"Vie Locale\"],\"inLanguage\":\"fr-FR\"},{\"@type\":\"WebPage\",\"@id\":\"https:\\\/\\\/pcbigouden.fr\\\/?p=4068\",\"url\":\"https:\\\/\\\/pcbigouden.fr\\\/?p=4068\",\"name\":\"Hommage \u00e0 Jean Le Brun samedi 29 juin au Guilvinec - PCF Pays Bigouden\",\"isPartOf\":{\"@id\":\"https:\\\/\\\/pcbigouden.fr\\\/#website\"},\"primaryImageOfPage\":{\"@id\":\"https:\\\/\\\/pcbigouden.fr\\\/?p=4068#primaryimage\"},\"image\":{\"@id\":\"https:\\\/\\\/pcbigouden.fr\\\/?p=4068#primaryimage\"},\"thumbnailUrl\":\"https:\\\/\\\/pcbigouden.fr\\\/wp-content\\\/uploads\\\/2024\\\/06\\\/JeanLeBrun.png\",\"datePublished\":\"2024-06-27T18:04:24+00:00\",\"dateModified\":\"2024-06-29T07:20:31+00:00\",\"breadcrumb\":{\"@id\":\"https:\\\/\\\/pcbigouden.fr\\\/?p=4068#breadcrumb\"},\"inLanguage\":\"fr-FR\",\"potentialAction\":[{\"@type\":\"ReadAction\",\"target\":[\"https:\\\/\\\/pcbigouden.fr\\\/?p=4068\"]}]},{\"@type\":\"ImageObject\",\"inLanguage\":\"fr-FR\",\"@id\":\"https:\\\/\\\/pcbigouden.fr\\\/?p=4068#primaryimage\",\"url\":\"https:\\\/\\\/pcbigouden.fr\\\/wp-content\\\/uploads\\\/2024\\\/06\\\/JeanLeBrun.png\",\"contentUrl\":\"https:\\\/\\\/pcbigouden.fr\\\/wp-content\\\/uploads\\\/2024\\\/06\\\/JeanLeBrun.png\",\"width\":312,\"height\":407},{\"@type\":\"BreadcrumbList\",\"@id\":\"https:\\\/\\\/pcbigouden.fr\\\/?p=4068#breadcrumb\",\"itemListElement\":[{\"@type\":\"ListItem\",\"position\":1,\"name\":\"Accueil\",\"item\":\"https:\\\/\\\/pcbigouden.fr\\\/\"},{\"@type\":\"ListItem\",\"position\":2,\"name\":\"Hommage \u00e0 Jean Le Brun samedi 29 juin au Guilvinec\"}]},{\"@type\":\"WebSite\",\"@id\":\"https:\\\/\\\/pcbigouden.fr\\\/#website\",\"url\":\"https:\\\/\\\/pcbigouden.fr\\\/\",\"name\":\"PCF Pays Bigouden\",\"description\":\"Blog des communistes du Pays Bigouden\",\"publisher\":{\"@id\":\"https:\\\/\\\/pcbigouden.fr\\\/#organization\"},\"potentialAction\":[{\"@type\":\"SearchAction\",\"target\":{\"@type\":\"EntryPoint\",\"urlTemplate\":\"https:\\\/\\\/pcbigouden.fr\\\/?s={search_term_string}\"},\"query-input\":{\"@type\":\"PropertyValueSpecification\",\"valueRequired\":true,\"valueName\":\"search_term_string\"}}],\"inLanguage\":\"fr-FR\"},{\"@type\":\"Organization\",\"@id\":\"https:\\\/\\\/pcbigouden.fr\\\/#organization\",\"name\":\"Parti Communiste PCF Pays Bigouden\",\"url\":\"https:\\\/\\\/pcbigouden.fr\\\/\",\"logo\":{\"@type\":\"ImageObject\",\"inLanguage\":\"fr-FR\",\"@id\":\"https:\\\/\\\/pcbigouden.fr\\\/#\\\/schema\\\/logo\\\/image\\\/\",\"url\":\"https:\\\/\\\/pcbigouden.fr\\\/wp-content\\\/uploads\\\/2021\\\/10\\\/logoTB307x290.jpg\",\"contentUrl\":\"https:\\\/\\\/pcbigouden.fr\\\/wp-content\\\/uploads\\\/2021\\\/10\\\/logoTB307x290.jpg\",\"width\":307,\"height\":290,\"caption\":\"Parti Communiste PCF Pays Bigouden\"},\"image\":{\"@id\":\"https:\\\/\\\/pcbigouden.fr\\\/#\\\/schema\\\/logo\\\/image\\\/\"}},{\"@type\":\"Person\",\"@id\":\"https:\\\/\\\/pcbigouden.fr\\\/#\\\/schema\\\/person\\\/2f88b3db41deacf169cab9e2ff83133a\",\"name\":\"sierramaestra\",\"image\":{\"@type\":\"ImageObject\",\"inLanguage\":\"fr-FR\",\"@id\":\"https:\\\/\\\/secure.gravatar.com\\\/avatar\\\/5e822171bcc9a9856efba4097a35cfd35b4c239b7b552810087caf40ef8496b2?s=96&d=mm&r=g\",\"url\":\"https:\\\/\\\/secure.gravatar.com\\\/avatar\\\/5e822171bcc9a9856efba4097a35cfd35b4c239b7b552810087caf40ef8496b2?s=96&d=mm&r=g\",\"contentUrl\":\"https:\\\/\\\/secure.gravatar.com\\\/avatar\\\/5e822171bcc9a9856efba4097a35cfd35b4c239b7b552810087caf40ef8496b2?s=96&d=mm&r=g\",\"caption\":\"sierramaestra\"},\"url\":\"https:\\\/\\\/pcbigouden.fr\\\/?author=6\"}]}<\/script>\n<!-- \/ Yoast SEO plugin. -->","yoast_head_json":{"title":"Hommage \u00e0 Jean Le Brun samedi 29 juin au Guilvinec - PCF Pays Bigouden","robots":{"index":"index","follow":"follow","max-snippet":"max-snippet:-1","max-image-preview":"max-image-preview:large","max-video-preview":"max-video-preview:-1"},"canonical":"https:\/\/pcbigouden.fr\/?p=4068","og_locale":"fr_FR","og_type":"article","og_title":"Hommage \u00e0 Jean Le Brun samedi 29 juin au Guilvinec - PCF Pays Bigouden","og_description":"A l&rsquo;initiative de la mairie du Guilvinec une plaque en hommage \u00e0 Jean Le Brun sera inaugur\u00e9e samedi 29 juin \u00e017h devant l&rsquo;\u00e9cole Jean Le Brun, rue du ch\u00e2teau, au Guilvinec. En lien ci-dessous une biographie de Jean Le Brun, r\u00e9sistant, d\u00e9port\u00e9 par les nazis, ancien maire communiste du Guilvinec Sur le site de l&rsquo;histoire &hellip; Continue reading Hommage \u00e0 Jean Le Brun samedi 29 juin au Guilvinec","og_url":"https:\/\/pcbigouden.fr\/?p=4068","og_site_name":"PCF Pays Bigouden","article_published_time":"2024-06-27T18:04:24+00:00","article_modified_time":"2024-06-29T07:20:31+00:00","og_image":[{"width":312,"height":407,"url":"https:\/\/pcbigouden.fr\/wp-content\/uploads\/2024\/06\/JeanLeBrun.png","type":"image\/png"}],"author":"sierramaestra","twitter_card":"summary_large_image","twitter_misc":{"\u00c9crit par":"sierramaestra"},"schema":{"@context":"https:\/\/schema.org","@graph":[{"@type":"Article","@id":"https:\/\/pcbigouden.fr\/?p=4068#article","isPartOf":{"@id":"https:\/\/pcbigouden.fr\/?p=4068"},"author":{"name":"sierramaestra","@id":"https:\/\/pcbigouden.fr\/#\/schema\/person\/2f88b3db41deacf169cab9e2ff83133a"},"headline":"Hommage \u00e0 Jean Le Brun samedi 29 juin au Guilvinec","datePublished":"2024-06-27T18:04:24+00:00","dateModified":"2024-06-29T07:20:31+00:00","mainEntityOfPage":{"@id":"https:\/\/pcbigouden.fr\/?p=4068"},"wordCount":95,"publisher":{"@id":"https:\/\/pcbigouden.fr\/#organization"},"image":{"@id":"https:\/\/pcbigouden.fr\/?p=4068#primaryimage"},"thumbnailUrl":"https:\/\/pcbigouden.fr\/wp-content\/uploads\/2024\/06\/JeanLeBrun.png","keywords":["d\u00e9port\u00e9","Jean Le Brun","Le Guilvinec","r\u00e9sistant"],"articleSection":["D\u00e9mocratie","Parti Communiste","Vie Locale"],"inLanguage":"fr-FR"},{"@type":"WebPage","@id":"https:\/\/pcbigouden.fr\/?p=4068","url":"https:\/\/pcbigouden.fr\/?p=4068","name":"Hommage \u00e0 Jean Le Brun samedi 29 juin au Guilvinec - PCF Pays Bigouden","isPartOf":{"@id":"https:\/\/pcbigouden.fr\/#website"},"primaryImageOfPage":{"@id":"https:\/\/pcbigouden.fr\/?p=4068#primaryimage"},"image":{"@id":"https:\/\/pcbigouden.fr\/?p=4068#primaryimage"},"thumbnailUrl":"https:\/\/pcbigouden.fr\/wp-content\/uploads\/2024\/06\/JeanLeBrun.png","datePublished":"2024-06-27T18:04:24+00:00","dateModified":"2024-06-29T07:20:31+00:00","breadcrumb":{"@id":"https:\/\/pcbigouden.fr\/?p=4068#breadcrumb"},"inLanguage":"fr-FR","potentialAction":[{"@type":"ReadAction","target":["https:\/\/pcbigouden.fr\/?p=4068"]}]},{"@type":"ImageObject","inLanguage":"fr-FR","@id":"https:\/\/pcbigouden.fr\/?p=4068#primaryimage","url":"https:\/\/pcbigouden.fr\/wp-content\/uploads\/2024\/06\/JeanLeBrun.png","contentUrl":"https:\/\/pcbigouden.fr\/wp-content\/uploads\/2024\/06\/JeanLeBrun.png","width":312,"height":407},{"@type":"BreadcrumbList","@id":"https:\/\/pcbigouden.fr\/?p=4068#breadcrumb","itemListElement":[{"@type":"ListItem","position":1,"name":"Accueil","item":"https:\/\/pcbigouden.fr\/"},{"@type":"ListItem","position":2,"name":"Hommage \u00e0 Jean Le Brun samedi 29 juin au Guilvinec"}]},{"@type":"WebSite","@id":"https:\/\/pcbigouden.fr\/#website","url":"https:\/\/pcbigouden.fr\/","name":"PCF Pays Bigouden","description":"Blog des communistes du Pays Bigouden","publisher":{"@id":"https:\/\/pcbigouden.fr\/#organization"},"potentialAction":[{"@type":"SearchAction","target":{"@type":"EntryPoint","urlTemplate":"https:\/\/pcbigouden.fr\/?s={search_term_string}"},"query-input":{"@type":"PropertyValueSpecification","valueRequired":true,"valueName":"search_term_string"}}],"inLanguage":"fr-FR"},{"@type":"Organization","@id":"https:\/\/pcbigouden.fr\/#organization","name":"Parti Communiste PCF Pays Bigouden","url":"https:\/\/pcbigouden.fr\/","logo":{"@type":"ImageObject","inLanguage":"fr-FR","@id":"https:\/\/pcbigouden.fr\/#\/schema\/logo\/image\/","url":"https:\/\/pcbigouden.fr\/wp-content\/uploads\/2021\/10\/logoTB307x290.jpg","contentUrl":"https:\/\/pcbigouden.fr\/wp-content\/uploads\/2021\/10\/logoTB307x290.jpg","width":307,"height":290,"caption":"Parti Communiste PCF Pays Bigouden"},"image":{"@id":"https:\/\/pcbigouden.fr\/#\/schema\/logo\/image\/"}},{"@type":"Person","@id":"https:\/\/pcbigouden.fr\/#\/schema\/person\/2f88b3db41deacf169cab9e2ff83133a","name":"sierramaestra","image":{"@type":"ImageObject","inLanguage":"fr-FR","@id":"https:\/\/secure.gravatar.com\/avatar\/5e822171bcc9a9856efba4097a35cfd35b4c239b7b552810087caf40ef8496b2?s=96&d=mm&r=g","url":"https:\/\/secure.gravatar.com\/avatar\/5e822171bcc9a9856efba4097a35cfd35b4c239b7b552810087caf40ef8496b2?s=96&d=mm&r=g","contentUrl":"https:\/\/secure.gravatar.com\/avatar\/5e822171bcc9a9856efba4097a35cfd35b4c239b7b552810087caf40ef8496b2?s=96&d=mm&r=g","caption":"sierramaestra"},"url":"https:\/\/pcbigouden.fr\/?author=6"}]}},"jetpack_featured_media_url":"https:\/\/pcbigouden.fr\/wp-content\/uploads\/2024\/06\/JeanLeBrun.png","jetpack_sharing_enabled":true,"jetpack_likes_enabled":true,"_links":{"self":[{"href":"https:\/\/pcbigouden.fr\/index.php?rest_route=\/wp\/v2\/posts\/4068","targetHints":{"allow":["GET"]}}],"collection":[{"href":"https:\/\/pcbigouden.fr\/index.php?rest_route=\/wp\/v2\/posts"}],"about":[{"href":"https:\/\/pcbigouden.fr\/index.php?rest_route=\/wp\/v2\/types\/post"}],"author":[{"embeddable":true,"href":"https:\/\/pcbigouden.fr\/index.php?rest_route=\/wp\/v2\/users\/6"}],"replies":[{"embeddable":true,"href":"https:\/\/pcbigouden.fr\/index.php?rest_route=%2Fwp%2Fv2%2Fcomments&post=4068"}],"version-history":[{"count":8,"href":"https:\/\/pcbigouden.fr\/index.php?rest_route=\/wp\/v2\/posts\/4068\/revisions"}],"predecessor-version":[{"id":4072,"href":"https:\/\/pcbigouden.fr\/index.php?rest_route=\/wp\/v2\/posts\/4068\/revisions\/4072"}],"wp:featuredmedia":[{"embeddable":true,"href":"https:\/\/pcbigouden.fr\/index.php?rest_route=\/wp\/v2\/media\/4069"}],"wp:attachment":[{"href":"https:\/\/pcbigouden.fr\/index.php?rest_route=%2Fwp%2Fv2%2Fmedia&parent=4068"}],"wp:term":[{"taxonomy":"category","embeddable":true,"href":"https:\/\/pcbigouden.fr\/index.php?rest_route=%2Fwp%2Fv2%2Fcategories&post=4068"},{"taxonomy":"post_tag","embeddable":true,"href":"https:\/\/pcbigouden.fr\/index.php?rest_route=%2Fwp%2Fv2%2Ftags&post=4068"}],"curies":[{"name":"wp","href":"https:\/\/api.w.org\/{rel}","templated":true}]}}