{"id":4025,"date":"2024-06-11T07:55:21","date_gmt":"2024-06-11T05:55:21","guid":{"rendered":"https:\/\/pcbigouden.fr\/?p=4025"},"modified":"2024-06-11T07:55:21","modified_gmt":"2024-06-11T05:55:21","slug":"declaration-du-conseil-national-du-pcf","status":"publish","type":"post","link":"https:\/\/pcbigouden.fr\/?p=4025","title":{"rendered":"D\u00e9claration du conseil national du PCF"},"content":{"rendered":"<p>POUR CONSTRUIRE L\u2019ALTERNATIVE A MACRON ET AU RASSEMBLEMENT NATIONAL<br \/>\nLE PCF APPEL A INVESTIR LE NOUVEAU FRONT POPULAIRE<\/p>\n<p>(Adopt\u00e9e \u00e0 97 POUR 1 ABSTENTION)<br \/>\n*<br \/>\nAu lendemain des \u00e9lections europ\u00e9ennes, l\u2019Europe et la France se retrouvent devant un d\u00e9fi historique.<br \/>\nDans de nombreux pays de l\u2019Union europ\u00e9enne, l\u2019extr\u00eame droite arrive en t\u00eate ou en seconde position et obtiendrait pr\u00e8s de 200 \u00e9lu\u2e31es, pesant ainsi plus fortement que jamais au Parlement europ\u00e9en. Les plus fortes progressions sont enregistr\u00e9es en France par le Rassemblement national, en Italie par Fratelli d\u2019Italia, au Pays-Bas par le PVV et en Allemagne par l\u2019AFD. Cette progression des forces d\u2019extr\u00eame droite est d\u2019autant plus dangereuse qu\u2019elle s\u2019oppose frontalement aux immenses d\u00e9fis \u00e0 relever sur le continent europ\u00e9en et aux r\u00e9ponses \u00e9mancipatrices \u00e0 y apporter.<br \/>\nEn France, l\u2019extr\u00eame droite, avec 36,93% des suffrages, obtient un r\u00e9sultat sans pr\u00e9c\u00e9dent dans notre histoire. \u00c0 lui seul, le Rassemblement national totalise 31,47% des voix et arrive en t\u00eate dans tous les d\u00e9partements du pays \u00e0 l\u2019exception de quatre d\u2019entre-eux. Cette progression funeste s\u2019accompagne d\u2019ores et d\u00e9j\u00e0 d\u2019une mont\u00e9e de la x\u00e9nophobie, du racisme et de l\u2019antis\u00e9mitisme, de la multiplication des discriminations, de la mise en cause des principes les plus fondamentaux de notre R\u00e9publique, et m\u00eame d\u2019exactions innombrables de groupes factieux. Nous ne laisserons pas l\u2019extr\u00eame droite diviser la nation par sa politique de haine.<br \/>\nCes \u00e9lections europ\u00e9ennes ont montr\u00e9 l\u2019ampleur de la crise du capitalisme, \u00e0 quel point les politiques europ\u00e9ennes n\u00e9olib\u00e9rales au service du capital, l\u2019aust\u00e9rit\u00e9 renforc\u00e9e, ont aliment\u00e9 la progression de l\u2019extr\u00eame droite. Les \u00e9lecteurs et \u00e9lectrices ont d\u00e9cid\u00e9 de sanctionner massivement Emmanuel Macron. Ces \u00e9lections sont une nouvelle d\u00e9monstration de la catastrophe d\u00e9mocratique en cours \u00e0 laquelle ont conduit l\u2019autoritarisme du pouvoir et une V\u00e8me R\u00e9publique pr\u00e9sidentialiste qui ne cesse de bafouer le Parlement et la d\u00e9mocratie sociale, les droits des citoyens et les libert\u00e9s publiques.<br \/>\nDans une telle situation, l\u2019annonce par le Pr\u00e9sident de la R\u00e9publique de la dissolution de l\u2019Assembl\u00e9e nationale place l\u2019extr\u00eame droite aux portes du pouvoir.<br \/>\nLe Parti communiste fran\u00e7ais mesure avec une extr\u00eame gravit\u00e9 cette situation et appelle \u00e0 un sursaut national, fort de son implication dans les grandes luttes progressistes de notre histoire pour des conquis sociaux et dans la r\u00e9sistance au fascisme.<br \/>\nNous remercions les plus de 583 000 \u00e9lecteurs et \u00e9lectrices qui ont vot\u00e9 pour la liste \u00ab Gauche unie pour le monde du travail \u00bb conduite par L\u00e9on Deffontaines, les forces politiques qui ont anim\u00e9 avec nous ce rassemblement, les hommes et les femmes engag\u00e9s dans les grandes luttes du monde du travail qui \u00e9taient candidats sur notre liste ou l\u2019ont soutenu. Nous les appelons toutes et tous \u00e0 poursuivre la mobilisation et \u00e0 r\u00e9pondre avec nous \u00e0 cette exigence d\u2019un sursaut.<br \/>\nLe Parti communiste fran\u00e7ais appel \u00e0 investir le nouveau front populaire initi\u00e9 ce soir par nos forces de gauche r\u00e9unies.<br \/>\n2<br \/>\nLe PCF salue la d\u00e9claration intersyndicale de la CFDT, la CGT, l\u2019UNSA, la FSU et Solidaires appelant \u00e0 entendre les exigences sociales et les aspirations des travailleurs et travailleuses.<br \/>\nL\u2019heure est venue d\u2019emp\u00eacher l\u2019extr\u00eame droite de faire main basse sur la France et de conqu\u00e9rir une majorit\u00e9 de gauche. Notre r\u00e9ponse doit \u00eatre in\u00e9dite.<br \/>\nSoyons \u00e0 la hauteur du danger qui menace le pays, tirons toutes les le\u00e7ons des raisons qui ont \u00e9loign\u00e9 une partie de nos concitoyens de la gauche et agissons sans d\u00e9marche h\u00e9g\u00e9monique. Notre unit\u00e9, pour r\u00e9ussir, doit \u00eatre respectueuse de la diversit\u00e9 des diff\u00e9rents partenaires. Pour \u00eatre efficace elle doit porter un certain nombre de propositions pr\u00e9cises ouvrant aux transformations n\u00e9cessaires \u00e0 une alternative \u00e0 la politique d\u2019E. Macron et du RN. Nous portons l\u2019ambition que ces propositions allient objectifs sociaux, \u00e9cologiques et \u00e9mancipateurs, moyens financiers \u00e0 la hauteur et des pouvoirs d\u00e9mocratiques nouveaux pour les mobiliser.<br \/>\nAvec un\u2e31e seul\u2e31e candidat\u2e31e \u00e0 gauche par circonscription, faisons r\u00e9\u00e9lire tous les d\u00e9put\u00e9s de gauche et \u00e9cologistes et gagnons une majorit\u00e9 de gauche en faisant battre les candidats et candidates du Rassemblement national partout en France.<br \/>\nL\u2019heure est \u00e0 agir pour b\u00e2tir de nouveaux jours heureux r\u00e9pondant aux besoins populaires : permettre \u00e0 nos concitoyens de vivre dignement de leur travail et ouvrir le chemin d\u2019un nouveau mode de d\u00e9veloppement et de nouvelles conqu\u00eates sociales et d\u00e9mocratiques ; stopper la spirale de la guerre en Ukraine et construire la paix et la s\u00e9curit\u00e9 collective en Europe et dans le monde, comme l\u2019exige la situation \u00e0 Gaza et dans les grands conflits en cours ; relever, dans la justice sociale, le d\u00e9fi de la lutte contre le r\u00e9chauffement climatique.<br \/>\nParis, le 10 juin 2024<br \/>\nParti communiste fran\u00e7ais.<\/p>\n<p><a href=\"https:\/\/pcbigouden.fr\/wp-content\/uploads\/2024\/06\/Declaration-Front-populaire.pdf\">Declaration-Front-populaire<\/a><\/p>\n<p>&nbsp;<\/p>\n","protected":false},"excerpt":{"rendered":"<p>POUR CONSTRUIRE L\u2019ALTERNATIVE A MACRON ET AU RASSEMBLEMENT NATIONAL LE PCF APPEL A INVESTIR LE NOUVEAU FRONT POPULAIRE (Adopt\u00e9e \u00e0 97 POUR 1 ABSTENTION) * Au lendemain des \u00e9lections europ\u00e9ennes, l\u2019Europe et la France se retrouvent devant un d\u00e9fi historique. Dans de nombreux pays de l\u2019Union europ\u00e9enne, l\u2019extr\u00eame droite arrive en t\u00eate ou en seconde &hellip; <a href=\"https:\/\/pcbigouden.fr\/?p=4025\" class=\"more-link\">Continue reading <span class=\"screen-reader-text\">D\u00e9claration du conseil national du PCF<\/span><\/a><\/p>\n","protected":false},"author":5,"featured_media":0,"comment_status":"closed","ping_status":"closed","sticky":false,"template":"","format":"standard","meta":{"_jetpack_memberships_contains_paid_content":false,"footnotes":""},"categories":[2,4,49,59,13,14],"tags":[],"class_list":["post-4025","post","type-post","status-publish","format-standard","hentry","category-democratie","category-electionpresid-2022","category-europe","category-parti-communiste","category-social","category-vie-locale"],"yoast_head":"<!-- This site is optimized with the Yoast SEO plugin v27.5 - https:\/\/yoast.com\/product\/yoast-seo-wordpress\/ -->\n<title>D\u00e9claration du conseil national du PCF - PCF Pays Bigouden<\/title>\n<meta name=\"robots\" content=\"index, follow, max-snippet:-1, max-image-preview:large, max-video-preview:-1\" \/>\n<link rel=\"canonical\" href=\"https:\/\/pcbigouden.fr\/?p=4025\" \/>\n<meta property=\"og:locale\" content=\"fr_FR\" \/>\n<meta property=\"og:type\" content=\"article\" \/>\n<meta property=\"og:title\" content=\"D\u00e9claration du conseil national du PCF - PCF Pays Bigouden\" \/>\n<meta property=\"og:description\" content=\"POUR CONSTRUIRE L\u2019ALTERNATIVE A MACRON ET AU RASSEMBLEMENT NATIONAL LE PCF APPEL A INVESTIR LE NOUVEAU FRONT POPULAIRE (Adopt\u00e9e \u00e0 97 POUR 1 ABSTENTION) * Au lendemain des \u00e9lections europ\u00e9ennes, l\u2019Europe et la France se retrouvent devant un d\u00e9fi historique. Dans de nombreux pays de l\u2019Union europ\u00e9enne, l\u2019extr\u00eame droite arrive en t\u00eate ou en seconde &hellip; Continue reading D\u00e9claration du conseil national du PCF\" \/>\n<meta property=\"og:url\" content=\"https:\/\/pcbigouden.fr\/?p=4025\" \/>\n<meta property=\"og:site_name\" content=\"PCF Pays Bigouden\" \/>\n<meta property=\"article:published_time\" content=\"2024-06-11T05:55:21+00:00\" \/>\n<meta name=\"author\" content=\"cortomaltes29\" \/>\n<meta name=\"twitter:card\" content=\"summary_large_image\" \/>\n<meta name=\"twitter:label1\" content=\"\u00c9crit par\" \/>\n\t<meta name=\"twitter:data1\" content=\"cortomaltes29\" \/>\n\t<meta name=\"twitter:label2\" content=\"Dur\u00e9e de lecture estim\u00e9e\" \/>\n\t<meta name=\"twitter:data2\" content=\"4 minutes\" \/>\n<script type=\"application\/ld+json\" class=\"yoast-schema-graph\">{\"@context\":\"https:\\\/\\\/schema.org\",\"@graph\":[{\"@type\":\"Article\",\"@id\":\"https:\\\/\\\/pcbigouden.fr\\\/?p=4025#article\",\"isPartOf\":{\"@id\":\"https:\\\/\\\/pcbigouden.fr\\\/?p=4025\"},\"author\":{\"name\":\"cortomaltes29\",\"@id\":\"https:\\\/\\\/pcbigouden.fr\\\/#\\\/schema\\\/person\\\/dc763e11bee76f6c59d8d18653939a2c\"},\"headline\":\"D\u00e9claration du conseil national du PCF\",\"datePublished\":\"2024-06-11T05:55:21+00:00\",\"mainEntityOfPage\":{\"@id\":\"https:\\\/\\\/pcbigouden.fr\\\/?p=4025\"},\"wordCount\":855,\"publisher\":{\"@id\":\"https:\\\/\\\/pcbigouden.fr\\\/#organization\"},\"articleSection\":[\"D\u00e9mocratie\",\"\u00c9lections\",\"Europe\",\"Parti Communiste\",\"Social\",\"Vie Locale\"],\"inLanguage\":\"fr-FR\"},{\"@type\":\"WebPage\",\"@id\":\"https:\\\/\\\/pcbigouden.fr\\\/?p=4025\",\"url\":\"https:\\\/\\\/pcbigouden.fr\\\/?p=4025\",\"name\":\"D\u00e9claration du conseil national du PCF - PCF Pays Bigouden\",\"isPartOf\":{\"@id\":\"https:\\\/\\\/pcbigouden.fr\\\/#website\"},\"datePublished\":\"2024-06-11T05:55:21+00:00\",\"breadcrumb\":{\"@id\":\"https:\\\/\\\/pcbigouden.fr\\\/?p=4025#breadcrumb\"},\"inLanguage\":\"fr-FR\",\"potentialAction\":[{\"@type\":\"ReadAction\",\"target\":[\"https:\\\/\\\/pcbigouden.fr\\\/?p=4025\"]}]},{\"@type\":\"BreadcrumbList\",\"@id\":\"https:\\\/\\\/pcbigouden.fr\\\/?p=4025#breadcrumb\",\"itemListElement\":[{\"@type\":\"ListItem\",\"position\":1,\"name\":\"Accueil\",\"item\":\"https:\\\/\\\/pcbigouden.fr\\\/\"},{\"@type\":\"ListItem\",\"position\":2,\"name\":\"D\u00e9claration du conseil national du PCF\"}]},{\"@type\":\"WebSite\",\"@id\":\"https:\\\/\\\/pcbigouden.fr\\\/#website\",\"url\":\"https:\\\/\\\/pcbigouden.fr\\\/\",\"name\":\"PCF Pays Bigouden\",\"description\":\"Blog des communistes du Pays Bigouden\",\"publisher\":{\"@id\":\"https:\\\/\\\/pcbigouden.fr\\\/#organization\"},\"potentialAction\":[{\"@type\":\"SearchAction\",\"target\":{\"@type\":\"EntryPoint\",\"urlTemplate\":\"https:\\\/\\\/pcbigouden.fr\\\/?s={search_term_string}\"},\"query-input\":{\"@type\":\"PropertyValueSpecification\",\"valueRequired\":true,\"valueName\":\"search_term_string\"}}],\"inLanguage\":\"fr-FR\"},{\"@type\":\"Organization\",\"@id\":\"https:\\\/\\\/pcbigouden.fr\\\/#organization\",\"name\":\"Parti Communiste PCF Pays Bigouden\",\"url\":\"https:\\\/\\\/pcbigouden.fr\\\/\",\"logo\":{\"@type\":\"ImageObject\",\"inLanguage\":\"fr-FR\",\"@id\":\"https:\\\/\\\/pcbigouden.fr\\\/#\\\/schema\\\/logo\\\/image\\\/\",\"url\":\"https:\\\/\\\/pcbigouden.fr\\\/wp-content\\\/uploads\\\/2021\\\/10\\\/logoTB307x290.jpg\",\"contentUrl\":\"https:\\\/\\\/pcbigouden.fr\\\/wp-content\\\/uploads\\\/2021\\\/10\\\/logoTB307x290.jpg\",\"width\":307,\"height\":290,\"caption\":\"Parti Communiste PCF Pays Bigouden\"},\"image\":{\"@id\":\"https:\\\/\\\/pcbigouden.fr\\\/#\\\/schema\\\/logo\\\/image\\\/\"}},{\"@type\":\"Person\",\"@id\":\"https:\\\/\\\/pcbigouden.fr\\\/#\\\/schema\\\/person\\\/dc763e11bee76f6c59d8d18653939a2c\",\"name\":\"cortomaltes29\",\"image\":{\"@type\":\"ImageObject\",\"inLanguage\":\"fr-FR\",\"@id\":\"https:\\\/\\\/secure.gravatar.com\\\/avatar\\\/c2ce5036b4b39dfed348d934e527c141cfac704b84e909e2086924ec476d0315?s=96&d=mm&r=g\",\"url\":\"https:\\\/\\\/secure.gravatar.com\\\/avatar\\\/c2ce5036b4b39dfed348d934e527c141cfac704b84e909e2086924ec476d0315?s=96&d=mm&r=g\",\"contentUrl\":\"https:\\\/\\\/secure.gravatar.com\\\/avatar\\\/c2ce5036b4b39dfed348d934e527c141cfac704b84e909e2086924ec476d0315?s=96&d=mm&r=g\",\"caption\":\"cortomaltes29\"},\"url\":\"https:\\\/\\\/pcbigouden.fr\\\/?author=5\"}]}<\/script>\n<!-- \/ Yoast SEO plugin. -->","yoast_head_json":{"title":"D\u00e9claration du conseil national du PCF - PCF Pays Bigouden","robots":{"index":"index","follow":"follow","max-snippet":"max-snippet:-1","max-image-preview":"max-image-preview:large","max-video-preview":"max-video-preview:-1"},"canonical":"https:\/\/pcbigouden.fr\/?p=4025","og_locale":"fr_FR","og_type":"article","og_title":"D\u00e9claration du conseil national du PCF - PCF Pays Bigouden","og_description":"POUR CONSTRUIRE L\u2019ALTERNATIVE A MACRON ET AU RASSEMBLEMENT NATIONAL LE PCF APPEL A INVESTIR LE NOUVEAU FRONT POPULAIRE (Adopt\u00e9e \u00e0 97 POUR 1 ABSTENTION) * Au lendemain des \u00e9lections europ\u00e9ennes, l\u2019Europe et la France se retrouvent devant un d\u00e9fi historique. Dans de nombreux pays de l\u2019Union europ\u00e9enne, l\u2019extr\u00eame droite arrive en t\u00eate ou en seconde &hellip; Continue reading D\u00e9claration du conseil national du PCF","og_url":"https:\/\/pcbigouden.fr\/?p=4025","og_site_name":"PCF Pays Bigouden","article_published_time":"2024-06-11T05:55:21+00:00","author":"cortomaltes29","twitter_card":"summary_large_image","twitter_misc":{"\u00c9crit par":"cortomaltes29","Dur\u00e9e de lecture estim\u00e9e":"4 minutes"},"schema":{"@context":"https:\/\/schema.org","@graph":[{"@type":"Article","@id":"https:\/\/pcbigouden.fr\/?p=4025#article","isPartOf":{"@id":"https:\/\/pcbigouden.fr\/?p=4025"},"author":{"name":"cortomaltes29","@id":"https:\/\/pcbigouden.fr\/#\/schema\/person\/dc763e11bee76f6c59d8d18653939a2c"},"headline":"D\u00e9claration du conseil national du PCF","datePublished":"2024-06-11T05:55:21+00:00","mainEntityOfPage":{"@id":"https:\/\/pcbigouden.fr\/?p=4025"},"wordCount":855,"publisher":{"@id":"https:\/\/pcbigouden.fr\/#organization"},"articleSection":["D\u00e9mocratie","\u00c9lections","Europe","Parti Communiste","Social","Vie Locale"],"inLanguage":"fr-FR"},{"@type":"WebPage","@id":"https:\/\/pcbigouden.fr\/?p=4025","url":"https:\/\/pcbigouden.fr\/?p=4025","name":"D\u00e9claration du conseil national du PCF - PCF Pays Bigouden","isPartOf":{"@id":"https:\/\/pcbigouden.fr\/#website"},"datePublished":"2024-06-11T05:55:21+00:00","breadcrumb":{"@id":"https:\/\/pcbigouden.fr\/?p=4025#breadcrumb"},"inLanguage":"fr-FR","potentialAction":[{"@type":"ReadAction","target":["https:\/\/pcbigouden.fr\/?p=4025"]}]},{"@type":"BreadcrumbList","@id":"https:\/\/pcbigouden.fr\/?p=4025#breadcrumb","itemListElement":[{"@type":"ListItem","position":1,"name":"Accueil","item":"https:\/\/pcbigouden.fr\/"},{"@type":"ListItem","position":2,"name":"D\u00e9claration du conseil national du PCF"}]},{"@type":"WebSite","@id":"https:\/\/pcbigouden.fr\/#website","url":"https:\/\/pcbigouden.fr\/","name":"PCF Pays Bigouden","description":"Blog des communistes du Pays Bigouden","publisher":{"@id":"https:\/\/pcbigouden.fr\/#organization"},"potentialAction":[{"@type":"SearchAction","target":{"@type":"EntryPoint","urlTemplate":"https:\/\/pcbigouden.fr\/?s={search_term_string}"},"query-input":{"@type":"PropertyValueSpecification","valueRequired":true,"valueName":"search_term_string"}}],"inLanguage":"fr-FR"},{"@type":"Organization","@id":"https:\/\/pcbigouden.fr\/#organization","name":"Parti Communiste PCF Pays Bigouden","url":"https:\/\/pcbigouden.fr\/","logo":{"@type":"ImageObject","inLanguage":"fr-FR","@id":"https:\/\/pcbigouden.fr\/#\/schema\/logo\/image\/","url":"https:\/\/pcbigouden.fr\/wp-content\/uploads\/2021\/10\/logoTB307x290.jpg","contentUrl":"https:\/\/pcbigouden.fr\/wp-content\/uploads\/2021\/10\/logoTB307x290.jpg","width":307,"height":290,"caption":"Parti Communiste PCF Pays Bigouden"},"image":{"@id":"https:\/\/pcbigouden.fr\/#\/schema\/logo\/image\/"}},{"@type":"Person","@id":"https:\/\/pcbigouden.fr\/#\/schema\/person\/dc763e11bee76f6c59d8d18653939a2c","name":"cortomaltes29","image":{"@type":"ImageObject","inLanguage":"fr-FR","@id":"https:\/\/secure.gravatar.com\/avatar\/c2ce5036b4b39dfed348d934e527c141cfac704b84e909e2086924ec476d0315?s=96&d=mm&r=g","url":"https:\/\/secure.gravatar.com\/avatar\/c2ce5036b4b39dfed348d934e527c141cfac704b84e909e2086924ec476d0315?s=96&d=mm&r=g","contentUrl":"https:\/\/secure.gravatar.com\/avatar\/c2ce5036b4b39dfed348d934e527c141cfac704b84e909e2086924ec476d0315?s=96&d=mm&r=g","caption":"cortomaltes29"},"url":"https:\/\/pcbigouden.fr\/?author=5"}]}},"jetpack_featured_media_url":"","jetpack_sharing_enabled":true,"jetpack_likes_enabled":true,"_links":{"self":[{"href":"https:\/\/pcbigouden.fr\/index.php?rest_route=\/wp\/v2\/posts\/4025","targetHints":{"allow":["GET"]}}],"collection":[{"href":"https:\/\/pcbigouden.fr\/index.php?rest_route=\/wp\/v2\/posts"}],"about":[{"href":"https:\/\/pcbigouden.fr\/index.php?rest_route=\/wp\/v2\/types\/post"}],"author":[{"embeddable":true,"href":"https:\/\/pcbigouden.fr\/index.php?rest_route=\/wp\/v2\/users\/5"}],"replies":[{"embeddable":true,"href":"https:\/\/pcbigouden.fr\/index.php?rest_route=%2Fwp%2Fv2%2Fcomments&post=4025"}],"version-history":[{"count":4,"href":"https:\/\/pcbigouden.fr\/index.php?rest_route=\/wp\/v2\/posts\/4025\/revisions"}],"predecessor-version":[{"id":4032,"href":"https:\/\/pcbigouden.fr\/index.php?rest_route=\/wp\/v2\/posts\/4025\/revisions\/4032"}],"wp:attachment":[{"href":"https:\/\/pcbigouden.fr\/index.php?rest_route=%2Fwp%2Fv2%2Fmedia&parent=4025"}],"wp:term":[{"taxonomy":"category","embeddable":true,"href":"https:\/\/pcbigouden.fr\/index.php?rest_route=%2Fwp%2Fv2%2Fcategories&post=4025"},{"taxonomy":"post_tag","embeddable":true,"href":"https:\/\/pcbigouden.fr\/index.php?rest_route=%2Fwp%2Fv2%2Ftags&post=4025"}],"curies":[{"name":"wp","href":"https:\/\/api.w.org\/{rel}","templated":true}]}}