{"id":3897,"date":"2024-04-29T09:52:53","date_gmt":"2024-04-29T07:52:53","guid":{"rendered":"https:\/\/pcbigouden.fr\/?p=3897"},"modified":"2024-04-29T12:21:17","modified_gmt":"2024-04-29T10:21:17","slug":"belle-rencontre-samedi-27-avril","status":"publish","type":"post","link":"https:\/\/pcbigouden.fr\/?p=3897","title":{"rendered":"Reprenons la main sur la p\u00eache artisanale ! Tr\u00e8s int\u00e9ressante r\u00e9union \u00e0 Pont L&rsquo;Abb\u00e9 le 27 avril"},"content":{"rendered":"<p>Belle rencontre samedi 27 avril.<\/p>\n<p style=\"text-align: center;\">L&rsquo;article de Ouest France :<\/p>\n<div class=\"su-responsive\">\n<h1>Pont-l&rsquo;Abb\u00e9. Le PCF\u00a0: \u00ab\u00a0La crise de la p\u00eache n\u2019est pas une fatalit\u00e9\u00a0\u00bb<\/h1>\n<\/div>\n<div class=\"photo su-relative \" style=\"text-align: center;\">\n<figure>\n<div class=\"su-ratio-16-9 su-main-picture\">\n<div class=\"su-media foreground-media\"><img decoding=\"async\" class=\"aligncenter\" src=\"https:\/\/media.ouest-france.fr\/v1\/pictures\/MjAyNDA0MTc5NThjM2M0OWU5NzQ2YmI3MGVhMTMwOTIyNDQ2MjE?width=1260&amp;focuspoint=50%2C25&amp;cropresize=1&amp;client_id=bpeditorial&amp;sign=76a5b0a108dfc504d40255bd903c094f85cc4b0169b9b2950755c64afb25eb20\" sizes=\"(max-width: 767px) and (min-resolution: 2dppx) and (max-resolution: 2.9dppx) 50vw, (max-width: 767px) and (min-resolution: 3dppx) and (max-resolution: 3.9dppx) 33.3vw, (max-width: 767px) and (min-resolution: 4dppx) 25vw, (max-width: 767px) 100vw, (min-width: 768px) 630px\" srcset=\"https:\/\/media.ouest-france.fr\/v1\/pictures\/MjAyNDA0MTc5NThjM2M0OWU5NzQ2YmI3MGVhMTMwOTIyNDQ2MjE?width=320&amp;focuspoint=50%2C25&amp;cropresize=1&amp;client_id=bpeditorial&amp;sign=77d2145c7bb64ae3f77657a14f92587360d586752542c79a13dce30de172a280 320w, https:\/\/media.ouest-france.fr\/v1\/pictures\/MjAyNDA0MTc5NThjM2M0OWU5NzQ2YmI3MGVhMTMwOTIyNDQ2MjE?width=375&amp;focuspoint=50%2C25&amp;cropresize=1&amp;client_id=bpeditorial&amp;sign=eaa8f17425830c8687e9996e18b7265023cb64356fd78432576567620c74e7ca 360w, https:\/\/media.ouest-france.fr\/v1\/pictures\/MjAyNDA0MTc5NThjM2M0OWU5NzQ2YmI3MGVhMTMwOTIyNDQ2MjE?width=480&amp;focuspoint=50%2C25&amp;cropresize=1&amp;client_id=bpeditorial&amp;sign=59e65d60c031dfbe2a9217ae325e2f52ef7386bcb019d757c7c660216e822259 480w, https:\/\/media.ouest-france.fr\/v1\/pictures\/MjAyNDA0MTc5NThjM2M0OWU5NzQ2YmI3MGVhMTMwOTIyNDQ2MjE?width=630&amp;focuspoint=50%2C25&amp;cropresize=1&amp;client_id=bpeditorial&amp;sign=c36333db9b0e213e2e837ae5d5d1a5b654ed1aaa6af6aaa843d6de9ab88a4276 630w, https:\/\/media.ouest-france.fr\/v1\/pictures\/MjAyNDA0MTc5NThjM2M0OWU5NzQ2YmI3MGVhMTMwOTIyNDQ2MjE?width=940&amp;focuspoint=50%2C25&amp;cropresize=1&amp;client_id=bpeditorial&amp;sign=f094cd835185d57ac2338d2eefbb78f8bea58365fbef730174fe328806fa8d48 940w, https:\/\/media.ouest-france.fr\/v1\/pictures\/MjAyNDA0MTc5NThjM2M0OWU5NzQ2YmI3MGVhMTMwOTIyNDQ2MjE?width=1260&amp;focuspoint=50%2C25&amp;cropresize=1&amp;client_id=bpeditorial&amp;sign=76a5b0a108dfc504d40255bd903c094f85cc4b0169b9b2950755c64afb25eb20 1260w\" alt=\"Amar Bellal, membre du comit\u00e9 national du PCF en charge de l\u2019\u00e9cologie, candidat aux \u00e9lections europ\u00e9ennes.\" \/><\/div>\n<\/div><figcaption><em>Amar Bellal, membre du comit\u00e9 national du PCF en charge de l\u2019\u00e9cologie, candidat aux \u00e9lections europ\u00e9ennes. | OUEST-FRANCE<\/em><\/figcaption><\/figure>\n<\/div>\n<header class=\"su-article chalutage \"><\/header>\n<div class=\"col-gauche\">\n<aside class=\"contenu-secondaire\" data-nosnippet=\"\">\n<div id=\"bloc_3quarts_1__parentOf__inscription_newsletter\" class=\"_b item\" data-trk=\"[{&amp;quot;n&amp;quot;:&amp;quot;platform-newsletters&amp;quot;,&amp;quot;o&amp;quot;:&amp;quot;Platform BP Newsletters&amp;quot;,&amp;quot;v&amp;quot;:&amp;quot;3.10.2&amp;quot;}]\">\n<section id=\"newsletter-col-gauche\" class=\"su-negative bp-newsletters nl-e2001a bloc-newsletter newsletter-gauche su-visible-xl su-margin-bottom-xl\">\n<form class=\"form-bp-newsletter\" action=\"#\" method=\"post\" name=\"newsletter-matinale\" novalidate=\"\" data-bpnewsletter=\"Pont-L'Abb\u00e9\" data-trknewsletter=\"OF | Pont-L'Abb\u00e9\" data-trkblocknewsletter=\"D\u00e9tail article\" data-code-operation=\"471\"><\/form>\n<\/section>\n<\/div>\n<\/aside>\n<\/div>\n<div id=\"article-detail\" class=\"contenu-principal p402_premium \">\n<div class=\"su-article\">\n<p>Initiative r\u00e9ussie pour les communistes bigoudens qui ont organis\u00e9 samedi apr\u00e8s-midi une r\u00e9union sur la crise de la p\u00eache artisanale avec Louis Guirriec de la section locale du PCF (Parti communiste fran\u00e7ais), Taran Marec, responsable des Jeunesses communistes du d\u00e9partement, et Amar Bellal, r\u00e9dacteur en chef de <em>Progressistes<\/em>, auteur du <em>Plan climat pour la France, Empreinte 2050<\/em>.<\/p>\n<p>Autres invit\u00e9s, Pierre Mollo, biologiste et chercheur, sp\u00e9cialiste du plancton et des membres de deux collectifs professionnels locaux, l\u2019Interpro de Loctudy et Demain, Saint-Gu\u00e9.<\/p>\n<p>\u00ab<strong>\u00a0Pour le Parti communiste du Pays bigouden, la crise de la p\u00eache artisanale n\u2019est pas une fatalit\u00e9. Il pr\u00f4ne la modification des r\u00e8gles et l\u2019\u00e9laboration d\u2019une vision ambitieuse au niveau europ\u00e9en et fran\u00e7ais\u00a0\u00bb<\/strong>. Si r\u00e9chauffement et d\u00e9r\u00e8glement climatiques sont ind\u00e9niables et\u00a0impactent la biodiversit\u00e9 et la ressource, les militants communistes d\u00e9noncent<strong> \u00ab\u00a0le pillage des oc\u00e9ans par des mastodontes des mers, propri\u00e9t\u00e9\u00a0de\u00a0multinationales, au d\u00e9triment d\u2019une p\u00eache raisonn\u00e9e, respectueuse de la gestion de la ressource et des habitats marins.\u00a0\u00bb<\/strong><\/p>\n<p>Les cons\u00e9quences sont dramatiques pour la p\u00eache artisanale\u00a0: destruction de navires, diminution des apports sous les cri\u00e9es, fermetures d\u2019entreprises de mareyage, de constructions navales, de m\u00e9canique sp\u00e9cialis\u00e9e et licenciements.<\/p>\n<p><strong>\u00ab\u00a0Nous pr\u00f4nons une transparence de la r\u00e9partition des quotas, enjeu majeur, qui d\u00e9termine la p\u00e9rennit\u00e9 de la p\u00eache artisanale. On peut \u00e9galement craindre que les instances professionnelles repr\u00e9sentatives actuelles <\/strong><strong>ne soient devenues que de simples courroies de transmission des directives d\u00e9cid\u00e9es en amont au niveau de la commission europ\u00e9enne, sans concertation ni dialogue avec la base. P<\/strong><strong>ourtant le savoir-faire des p\u00eacheurs artisans fait d\u2019eux les plus\u00a0\u00e0 m\u00eame d\u2019utiliser des m\u00e9thodes de p\u00eache raisonn\u00e9es \u00e0 faible impact et de privil\u00e9gier les poissons destin\u00e9s \u00e0 la consommation humaine plut\u00f4t qu\u2019\u00e0 des usages industriels. <\/strong><strong>Il devient vital pour les professionnels de la fili\u00e8re qu\u2019ils se r\u00e9approprient collectivement leur destin au sein d\u2019instances d\u00e9mocratiquement \u00e9lues\u00a0\u00bb<\/strong><\/p>\n<hr \/>\n<\/div>\n<\/div>\n<div id=\"envira-gallery-wrap-3902\" class=\"envira-gallery-wrap envira-gallery-theme-base envira-lightbox-theme-base\" itemscope itemtype=\"https:\/\/schema.org\/ImageGallery\"><div data-row-height=\"\" data-gallery-theme=\"\" id=\"envira-gallery-3902\" class=\"envira-gallery-public  envira-gallery-3-columns envira-clear enviratope envira-gallery-css-animations\" data-envira-columns=\"3\"><div id=\"envira-gallery-item-3915\" class=\"envira-gallery-item enviratope-item envira-gallery-item-1 envira-lazy-load\" style=\"padding-left: 5px; padding-bottom: 10px; padding-right: 5px;\"  itemscope itemtype=\"https:\/\/schema.org\/ImageObject\"><div class=\"envira-gallery-item-inner\"><div class=\"envira-gallery-position-overlay  envira-gallery-top-left\"><\/div><div class=\"envira-gallery-position-overlay  envira-gallery-top-right\"><\/div><div class=\"envira-gallery-position-overlay  envira-gallery-bottom-left\"><\/div><div class=\"envira-gallery-position-overlay  envira-gallery-bottom-right\"><\/div><a href=\"https:\/\/pcbigouden.fr\/wp-content\/uploads\/2024\/04\/27mai24_1.jpg\" class=\"envira-gallery-3902 envira-gallery-link\" rel=\"enviragallery3902\" title=\"Louis Guirriec\" data-envira-caption=\"Louis Guirriec\" data-envira-retina=\"\" data-thumbnail=\"\"  itemprop=\"contentUrl\"><div class=\"envira-lazy\" data-test-width=\"640\" data-test-height=\"480\" style=\"padding-bottom:75%;\"><img decoding=\"async\" id=\"envira-gallery-image-3915\" class=\"envira-gallery-image envira-gallery-image-1\" data-envira-index=\"1\" src=\"https:\/\/pcbigouden.fr\/wp-content\/uploads\/2024\/04\/27mai24_1-1024x768-640x480.jpg\" data-envira-src=\"https:\/\/pcbigouden.fr\/wp-content\/uploads\/2024\/04\/27mai24_1-1024x768-640x480.jpg\" data-envira-gallery-id=\"3902\" data-envira-item-id=\"3915\" data-envira-caption=\"Louis Guirriec\" alt=\"\" title=\"Louis Guirriec\"  itemprop=\"thumbnailUrl\" data-envira-srcset=\"https:\/\/pcbigouden.fr\/wp-content\/uploads\/2024\/04\/27mai24_1-1024x768-640x480.jpg 400w,https:\/\/pcbigouden.fr\/wp-content\/uploads\/2024\/04\/27mai24_1-1024x768-640x480.jpg 2x\" srcset=\"data:image\/gif;base64,R0lGODlhAQABAIAAAP\/\/\/\/\/\/\/yH5BAEKAAEALAAAAAABAAEAAAICTAEAOw==\" \/><\/div><\/a><\/div><\/div><div id=\"envira-gallery-item-3903\" class=\"envira-gallery-item enviratope-item envira-gallery-item-2 envira-lazy-load\" style=\"padding-left: 5px; padding-bottom: 10px; padding-right: 5px;\"  itemscope itemtype=\"https:\/\/schema.org\/ImageObject\"><div class=\"envira-gallery-item-inner\"><div class=\"envira-gallery-position-overlay  envira-gallery-top-left\"><\/div><div class=\"envira-gallery-position-overlay  envira-gallery-top-right\"><\/div><div class=\"envira-gallery-position-overlay  envira-gallery-bottom-left\"><\/div><div class=\"envira-gallery-position-overlay  envira-gallery-bottom-right\"><\/div><a href=\"https:\/\/pcbigouden.fr\/wp-content\/uploads\/2024\/04\/27mai24_5.jpg\" class=\"envira-gallery-3902 envira-gallery-link\" rel=\"enviragallery3902\" title=\"Pierre Mollo\" data-envira-caption=\"Pierre Mollo\" data-envira-retina=\"\" data-thumbnail=\"\"  itemprop=\"contentUrl\"><div class=\"envira-lazy\" data-test-width=\"640\" data-test-height=\"480\" style=\"padding-bottom:75%;\"><img decoding=\"async\" id=\"envira-gallery-image-3903\" class=\"envira-gallery-image envira-gallery-image-2\" data-envira-index=\"2\" src=\"https:\/\/pcbigouden.fr\/wp-content\/uploads\/2024\/04\/27mai24_5-768x1024-640x480.jpg\" data-envira-src=\"https:\/\/pcbigouden.fr\/wp-content\/uploads\/2024\/04\/27mai24_5-768x1024-640x480.jpg\" data-envira-gallery-id=\"3902\" data-envira-item-id=\"3903\" data-envira-caption=\"Pierre Mollo\" alt=\"Pierre Mollo\" title=\"Pierre Mollo\"  itemprop=\"thumbnailUrl\" data-envira-srcset=\"https:\/\/pcbigouden.fr\/wp-content\/uploads\/2024\/04\/27mai24_5-768x1024-640x480.jpg 400w,https:\/\/pcbigouden.fr\/wp-content\/uploads\/2024\/04\/27mai24_5-768x1024-640x480.jpg 2x\" srcset=\"data:image\/gif;base64,R0lGODlhAQABAIAAAP\/\/\/\/\/\/\/yH5BAEKAAEALAAAAAABAAEAAAICTAEAOw==\" \/><\/div><\/a><\/div><\/div><div id=\"envira-gallery-item-3904\" class=\"envira-gallery-item enviratope-item envira-gallery-item-3 envira-lazy-load\" style=\"padding-left: 5px; padding-bottom: 10px; padding-right: 5px;\"  itemscope itemtype=\"https:\/\/schema.org\/ImageObject\"><div class=\"envira-gallery-item-inner\"><div class=\"envira-gallery-position-overlay  envira-gallery-top-left\"><\/div><div class=\"envira-gallery-position-overlay  envira-gallery-top-right\"><\/div><div class=\"envira-gallery-position-overlay  envira-gallery-bottom-left\"><\/div><div class=\"envira-gallery-position-overlay  envira-gallery-bottom-right\"><\/div><a href=\"https:\/\/pcbigouden.fr\/wp-content\/uploads\/2024\/04\/27mai24_6.jpg\" class=\"envira-gallery-3902 envira-gallery-link\" rel=\"enviragallery3902\" title=\"Taran Marec\" data-envira-caption=\"Taran Marec\" data-envira-retina=\"\" data-thumbnail=\"\"  itemprop=\"contentUrl\"><div class=\"envira-lazy\" data-test-width=\"640\" data-test-height=\"480\" style=\"padding-bottom:75%;\"><img decoding=\"async\" id=\"envira-gallery-image-3904\" class=\"envira-gallery-image envira-gallery-image-3\" data-envira-index=\"3\" src=\"https:\/\/pcbigouden.fr\/wp-content\/uploads\/2024\/04\/27mai24_6-768x1024-640x480.jpg\" data-envira-src=\"https:\/\/pcbigouden.fr\/wp-content\/uploads\/2024\/04\/27mai24_6-768x1024-640x480.jpg\" data-envira-gallery-id=\"3902\" data-envira-item-id=\"3904\" data-envira-caption=\"Taran Marec\" alt=\"Taran Marec\" title=\"Taran Marec\"  itemprop=\"thumbnailUrl\" data-envira-srcset=\"https:\/\/pcbigouden.fr\/wp-content\/uploads\/2024\/04\/27mai24_6-768x1024-640x480.jpg 400w,https:\/\/pcbigouden.fr\/wp-content\/uploads\/2024\/04\/27mai24_6-768x1024-640x480.jpg 2x\" srcset=\"data:image\/gif;base64,R0lGODlhAQABAIAAAP\/\/\/\/\/\/\/yH5BAEKAAEALAAAAAABAAEAAAICTAEAOw==\" \/><\/div><\/a><\/div><\/div><div id=\"envira-gallery-item-3905\" class=\"envira-gallery-item enviratope-item envira-gallery-item-4 envira-lazy-load\" style=\"padding-left: 5px; padding-bottom: 10px; padding-right: 5px;\"  itemscope itemtype=\"https:\/\/schema.org\/ImageObject\"><div class=\"envira-gallery-item-inner\"><div class=\"envira-gallery-position-overlay  envira-gallery-top-left\"><\/div><div class=\"envira-gallery-position-overlay  envira-gallery-top-right\"><\/div><div class=\"envira-gallery-position-overlay  envira-gallery-bottom-left\"><\/div><div class=\"envira-gallery-position-overlay  envira-gallery-bottom-right\"><\/div><a href=\"https:\/\/pcbigouden.fr\/wp-content\/uploads\/2024\/04\/27mai24_7.jpg\" class=\"envira-gallery-3902 envira-gallery-link\" rel=\"enviragallery3902\" title=\"Amar Bellal\" data-envira-caption=\"Amar Bellal\" data-envira-retina=\"\" data-thumbnail=\"\"  itemprop=\"contentUrl\"><div class=\"envira-lazy\" data-test-width=\"640\" data-test-height=\"480\" style=\"padding-bottom:75%;\"><img decoding=\"async\" id=\"envira-gallery-image-3905\" class=\"envira-gallery-image envira-gallery-image-4\" data-envira-index=\"4\" src=\"https:\/\/pcbigouden.fr\/wp-content\/uploads\/2024\/04\/27mai24_7-768x1024-640x480.jpg\" data-envira-src=\"https:\/\/pcbigouden.fr\/wp-content\/uploads\/2024\/04\/27mai24_7-768x1024-640x480.jpg\" data-envira-gallery-id=\"3902\" data-envira-item-id=\"3905\" data-envira-caption=\"Amar Bellal\" alt=\"Amar Bellal\" title=\"Amar Bellal\"  itemprop=\"thumbnailUrl\" data-envira-srcset=\"https:\/\/pcbigouden.fr\/wp-content\/uploads\/2024\/04\/27mai24_7-768x1024-640x480.jpg 400w,https:\/\/pcbigouden.fr\/wp-content\/uploads\/2024\/04\/27mai24_7-768x1024-640x480.jpg 2x\" srcset=\"data:image\/gif;base64,R0lGODlhAQABAIAAAP\/\/\/\/\/\/\/yH5BAEKAAEALAAAAAABAAEAAAICTAEAOw==\" \/><\/div><\/a><\/div><\/div><div id=\"envira-gallery-item-3906\" class=\"envira-gallery-item enviratope-item envira-gallery-item-5 envira-lazy-load\" style=\"padding-left: 5px; padding-bottom: 10px; padding-right: 5px;\"  itemscope itemtype=\"https:\/\/schema.org\/ImageObject\"><div class=\"envira-gallery-item-inner\"><div class=\"envira-gallery-position-overlay  envira-gallery-top-left\"><\/div><div class=\"envira-gallery-position-overlay  envira-gallery-top-right\"><\/div><div class=\"envira-gallery-position-overlay  envira-gallery-bottom-left\"><\/div><div class=\"envira-gallery-position-overlay  envira-gallery-bottom-right\"><\/div><a href=\"https:\/\/pcbigouden.fr\/wp-content\/uploads\/2024\/04\/27mai24_8.jpg\" class=\"envira-gallery-3902 envira-gallery-link\" rel=\"enviragallery3902\" title=\"Guillaume\" data-envira-caption=\"Guillaume\" data-envira-retina=\"\" data-thumbnail=\"\"  itemprop=\"contentUrl\"><div class=\"envira-lazy\" data-test-width=\"640\" data-test-height=\"480\" style=\"padding-bottom:75%;\"><img decoding=\"async\" id=\"envira-gallery-image-3906\" class=\"envira-gallery-image envira-gallery-image-5\" data-envira-index=\"5\" src=\"https:\/\/pcbigouden.fr\/wp-content\/uploads\/2024\/04\/27mai24_8-768x1024-640x480.jpg\" data-envira-src=\"https:\/\/pcbigouden.fr\/wp-content\/uploads\/2024\/04\/27mai24_8-768x1024-640x480.jpg\" data-envira-gallery-id=\"3902\" data-envira-item-id=\"3906\" data-envira-caption=\"Guillaume\" alt=\"Guillaume\" title=\"Guillaume\"  itemprop=\"thumbnailUrl\" data-envira-srcset=\"https:\/\/pcbigouden.fr\/wp-content\/uploads\/2024\/04\/27mai24_8-768x1024-640x480.jpg 400w,https:\/\/pcbigouden.fr\/wp-content\/uploads\/2024\/04\/27mai24_8-768x1024-640x480.jpg 2x\" srcset=\"data:image\/gif;base64,R0lGODlhAQABAIAAAP\/\/\/\/\/\/\/yH5BAEKAAEALAAAAAABAAEAAAICTAEAOw==\" \/><\/div><\/a><\/div><\/div><div id=\"envira-gallery-item-3907\" class=\"envira-gallery-item enviratope-item envira-gallery-item-6 envira-lazy-load\" style=\"padding-left: 5px; padding-bottom: 10px; padding-right: 5px;\"  itemscope itemtype=\"https:\/\/schema.org\/ImageObject\"><div class=\"envira-gallery-item-inner\"><div class=\"envira-gallery-position-overlay  envira-gallery-top-left\"><\/div><div class=\"envira-gallery-position-overlay  envira-gallery-top-right\"><\/div><div class=\"envira-gallery-position-overlay  envira-gallery-bottom-left\"><\/div><div class=\"envira-gallery-position-overlay  envira-gallery-bottom-right\"><\/div><a href=\"https:\/\/pcbigouden.fr\/wp-content\/uploads\/2024\/04\/27mai24_9.jpg\" class=\"envira-gallery-3902 envira-gallery-link\" rel=\"enviragallery3902\" title=\"27mai24_9\" data-envira-caption=\"27mai24_9\" data-envira-retina=\"\" data-thumbnail=\"\"  itemprop=\"contentUrl\"><div class=\"envira-lazy\" data-test-width=\"640\" data-test-height=\"480\" style=\"padding-bottom:75%;\"><img decoding=\"async\" id=\"envira-gallery-image-3907\" class=\"envira-gallery-image envira-gallery-image-6\" data-envira-index=\"6\" src=\"https:\/\/pcbigouden.fr\/wp-content\/uploads\/2024\/04\/27mai24_9-1024x473-640x480.jpg\" data-envira-src=\"https:\/\/pcbigouden.fr\/wp-content\/uploads\/2024\/04\/27mai24_9-1024x473-640x480.jpg\" data-envira-gallery-id=\"3902\" data-envira-item-id=\"3907\" data-envira-caption=\"27mai24_9\" alt=\"\" title=\"27mai24_9\"  itemprop=\"thumbnailUrl\" data-envira-srcset=\"https:\/\/pcbigouden.fr\/wp-content\/uploads\/2024\/04\/27mai24_9-1024x473-640x480.jpg 400w,https:\/\/pcbigouden.fr\/wp-content\/uploads\/2024\/04\/27mai24_9-1024x473-640x480.jpg 2x\" srcset=\"data:image\/gif;base64,R0lGODlhAQABAIAAAP\/\/\/\/\/\/\/yH5BAEKAAEALAAAAAABAAEAAAICTAEAOw==\" \/><\/div><\/a><\/div><\/div><div id=\"envira-gallery-item-3908\" class=\"envira-gallery-item enviratope-item envira-gallery-item-7 envira-lazy-load\" style=\"padding-left: 5px; padding-bottom: 10px; padding-right: 5px;\"  itemscope itemtype=\"https:\/\/schema.org\/ImageObject\"><div class=\"envira-gallery-item-inner\"><div class=\"envira-gallery-position-overlay  envira-gallery-top-left\"><\/div><div class=\"envira-gallery-position-overlay  envira-gallery-top-right\"><\/div><div class=\"envira-gallery-position-overlay  envira-gallery-bottom-left\"><\/div><div class=\"envira-gallery-position-overlay  envira-gallery-bottom-right\"><\/div><a href=\"https:\/\/pcbigouden.fr\/wp-content\/uploads\/2024\/04\/27mai24_11.jpg\" class=\"envira-gallery-3902 envira-gallery-link\" rel=\"enviragallery3902\" title=\"27mai24_11\" data-envira-caption=\"27mai24_11\" data-envira-retina=\"\" data-thumbnail=\"\"  itemprop=\"contentUrl\"><div class=\"envira-lazy\" data-test-width=\"640\" data-test-height=\"480\" style=\"padding-bottom:75%;\"><img decoding=\"async\" id=\"envira-gallery-image-3908\" class=\"envira-gallery-image envira-gallery-image-7\" data-envira-index=\"7\" src=\"https:\/\/pcbigouden.fr\/wp-content\/uploads\/2024\/04\/27mai24_11-1024x473-640x480.jpg\" data-envira-src=\"https:\/\/pcbigouden.fr\/wp-content\/uploads\/2024\/04\/27mai24_11-1024x473-640x480.jpg\" data-envira-gallery-id=\"3902\" data-envira-item-id=\"3908\" data-envira-caption=\"27mai24_11\" alt=\"\" title=\"27mai24_11\"  itemprop=\"thumbnailUrl\" data-envira-srcset=\"https:\/\/pcbigouden.fr\/wp-content\/uploads\/2024\/04\/27mai24_11-1024x473-640x480.jpg 400w,https:\/\/pcbigouden.fr\/wp-content\/uploads\/2024\/04\/27mai24_11-1024x473-640x480.jpg 2x\" srcset=\"data:image\/gif;base64,R0lGODlhAQABAIAAAP\/\/\/\/\/\/\/yH5BAEKAAEALAAAAAABAAEAAAICTAEAOw==\" \/><\/div><\/a><\/div><\/div><div id=\"envira-gallery-item-3924\" class=\"envira-gallery-item enviratope-item envira-gallery-item-8 envira-lazy-load\" style=\"padding-left: 5px; padding-bottom: 10px; padding-right: 5px;\"  itemscope itemtype=\"https:\/\/schema.org\/ImageObject\"><div class=\"envira-gallery-item-inner\"><div class=\"envira-gallery-position-overlay  envira-gallery-top-left\"><\/div><div class=\"envira-gallery-position-overlay  envira-gallery-top-right\"><\/div><div class=\"envira-gallery-position-overlay  envira-gallery-bottom-left\"><\/div><div class=\"envira-gallery-position-overlay  envira-gallery-bottom-right\"><\/div><a href=\"https:\/\/pcbigouden.fr\/wp-content\/uploads\/2024\/04\/PecheReprenonsla-main-1-scaled.jpg\" class=\"envira-gallery-3902 envira-gallery-link\" rel=\"enviragallery3902\" title=\"PecheReprenonsla main\" data-envira-caption=\"PecheReprenonsla main\" data-envira-retina=\"\" data-thumbnail=\"\"  itemprop=\"contentUrl\"><div class=\"envira-lazy\" data-test-width=\"640\" data-test-height=\"480\" style=\"padding-bottom:75%;\"><img decoding=\"async\" id=\"envira-gallery-image-3924\" class=\"envira-gallery-image envira-gallery-image-8\" data-envira-index=\"8\" src=\"https:\/\/pcbigouden.fr\/wp-content\/uploads\/2024\/04\/PecheReprenonsla-main-1-361x1024-640x480.jpg\" data-envira-src=\"https:\/\/pcbigouden.fr\/wp-content\/uploads\/2024\/04\/PecheReprenonsla-main-1-361x1024-640x480.jpg\" data-envira-gallery-id=\"3902\" data-envira-item-id=\"3924\" data-envira-caption=\"PecheReprenonsla main\" alt=\"\" title=\"PecheReprenonsla main\"  itemprop=\"thumbnailUrl\" data-envira-srcset=\"https:\/\/pcbigouden.fr\/wp-content\/uploads\/2024\/04\/PecheReprenonsla-main-1-361x1024-640x480.jpg 400w,https:\/\/pcbigouden.fr\/wp-content\/uploads\/2024\/04\/PecheReprenonsla-main-1-361x1024-640x480.jpg 2x\" srcset=\"data:image\/gif;base64,R0lGODlhAQABAIAAAP\/\/\/\/\/\/\/yH5BAEKAAEALAAAAAABAAEAAAICTAEAOw==\" \/><\/div><\/a><\/div><\/div><\/div><\/div><noscript><img decoding=\"async\" src=\"https:\/\/pcbigouden.fr\/wp-content\/uploads\/2024\/04\/27mai24_1.jpg\" alt=\"\" \/><img decoding=\"async\" src=\"https:\/\/pcbigouden.fr\/wp-content\/uploads\/2024\/04\/27mai24_5.jpg\" alt=\"Pierre Mollo\" \/><img decoding=\"async\" src=\"https:\/\/pcbigouden.fr\/wp-content\/uploads\/2024\/04\/27mai24_6.jpg\" alt=\"Taran Marec\" \/><img decoding=\"async\" src=\"https:\/\/pcbigouden.fr\/wp-content\/uploads\/2024\/04\/27mai24_7.jpg\" alt=\"Amar Bellal\" \/><img decoding=\"async\" src=\"https:\/\/pcbigouden.fr\/wp-content\/uploads\/2024\/04\/27mai24_8.jpg\" alt=\"Guillaume\" \/><img decoding=\"async\" src=\"https:\/\/pcbigouden.fr\/wp-content\/uploads\/2024\/04\/27mai24_9.jpg\" alt=\"\" \/><img decoding=\"async\" src=\"https:\/\/pcbigouden.fr\/wp-content\/uploads\/2024\/04\/27mai24_11.jpg\" alt=\"\" \/><img decoding=\"async\" src=\"https:\/\/pcbigouden.fr\/wp-content\/uploads\/2024\/04\/PecheReprenonsla-main-1-scaled.jpg\" alt=\"\" \/><\/noscript>\n","protected":false},"excerpt":{"rendered":"<p>Belle rencontre samedi 27 avril. L&rsquo;article de Ouest France : Pont-l&rsquo;Abb\u00e9. Le PCF\u00a0: \u00ab\u00a0La crise de la p\u00eache n\u2019est pas une fatalit\u00e9\u00a0\u00bb Amar Bellal, membre du comit\u00e9 national du PCF en charge de l\u2019\u00e9cologie, candidat aux \u00e9lections europ\u00e9ennes. | OUEST-FRANCE Initiative r\u00e9ussie pour les communistes bigoudens qui ont organis\u00e9 samedi apr\u00e8s-midi une r\u00e9union sur la &hellip; <a href=\"https:\/\/pcbigouden.fr\/?p=3897\" class=\"more-link\">Continue reading <span class=\"screen-reader-text\">Reprenons la main sur la p\u00eache artisanale ! Tr\u00e8s int\u00e9ressante r\u00e9union \u00e0 Pont L&rsquo;Abb\u00e9 le 27 avril<\/span><\/a><\/p>\n","protected":false},"author":6,"featured_media":0,"comment_status":"closed","ping_status":"closed","sticky":false,"template":"","format":"standard","meta":{"_jetpack_memberships_contains_paid_content":false,"footnotes":""},"categories":[49,59,8],"tags":[63,60,93],"class_list":["post-3897","post","type-post","status-publish","format-standard","hentry","category-europe","category-parti-communiste","category-peche","tag-europe","tag-pcf","tag-peche"],"yoast_head":"<!-- This site is optimized with the Yoast SEO plugin v27.5 - https:\/\/yoast.com\/product\/yoast-seo-wordpress\/ -->\n<title>Reprenons la main sur la p\u00eache artisanale ! Tr\u00e8s int\u00e9ressante r\u00e9union \u00e0 Pont L&#039;Abb\u00e9 le 27 avril - PCF Pays Bigouden<\/title>\n<meta name=\"robots\" content=\"index, follow, max-snippet:-1, max-image-preview:large, max-video-preview:-1\" \/>\n<link rel=\"canonical\" href=\"https:\/\/pcbigouden.fr\/?p=3897\" \/>\n<meta property=\"og:locale\" content=\"fr_FR\" \/>\n<meta property=\"og:type\" content=\"article\" \/>\n<meta property=\"og:title\" content=\"Reprenons la main sur la p\u00eache artisanale ! Tr\u00e8s int\u00e9ressante r\u00e9union \u00e0 Pont L&#039;Abb\u00e9 le 27 avril - PCF Pays Bigouden\" \/>\n<meta property=\"og:description\" content=\"Belle rencontre samedi 27 avril. L&rsquo;article de Ouest France : Pont-l&rsquo;Abb\u00e9. Le PCF\u00a0: \u00ab\u00a0La crise de la p\u00eache n\u2019est pas une fatalit\u00e9\u00a0\u00bb Amar Bellal, membre du comit\u00e9 national du PCF en charge de l\u2019\u00e9cologie, candidat aux \u00e9lections europ\u00e9ennes. | OUEST-FRANCE Initiative r\u00e9ussie pour les communistes bigoudens qui ont organis\u00e9 samedi apr\u00e8s-midi une r\u00e9union sur la &hellip; Continue reading Reprenons la main sur la p\u00eache artisanale ! Tr\u00e8s int\u00e9ressante r\u00e9union \u00e0 Pont L&rsquo;Abb\u00e9 le 27 avril\" \/>\n<meta property=\"og:url\" content=\"https:\/\/pcbigouden.fr\/?p=3897\" \/>\n<meta property=\"og:site_name\" content=\"PCF Pays Bigouden\" \/>\n<meta property=\"article:published_time\" content=\"2024-04-29T07:52:53+00:00\" \/>\n<meta property=\"article:modified_time\" content=\"2024-04-29T10:21:17+00:00\" \/>\n<meta property=\"og:image\" content=\"https:\/\/media.ouest-france.fr\/v1\/pictures\/MjAyNDA0MTc5NThjM2M0OWU5NzQ2YmI3MGVhMTMwOTIyNDQ2MjE?width=1260&amp;focuspoint=50%2C25&amp;cropresize=1&amp;client_id=bpeditorial&amp;sign=76a5b0a108dfc504d40255bd903c094f85cc4b0169b9b2950755c64afb25eb20\" \/>\n<meta name=\"author\" content=\"sierramaestra\" \/>\n<meta name=\"twitter:card\" content=\"summary_large_image\" \/>\n<meta name=\"twitter:label1\" content=\"\u00c9crit par\" \/>\n\t<meta name=\"twitter:data1\" content=\"sierramaestra\" \/>\n\t<meta name=\"twitter:label2\" content=\"Dur\u00e9e de lecture estim\u00e9e\" \/>\n\t<meta name=\"twitter:data2\" content=\"2 minutes\" \/>\n<script type=\"application\/ld+json\" class=\"yoast-schema-graph\">{\"@context\":\"https:\\\/\\\/schema.org\",\"@graph\":[{\"@type\":\"Article\",\"@id\":\"https:\\\/\\\/pcbigouden.fr\\\/?p=3897#article\",\"isPartOf\":{\"@id\":\"https:\\\/\\\/pcbigouden.fr\\\/?p=3897\"},\"author\":{\"name\":\"sierramaestra\",\"@id\":\"https:\\\/\\\/pcbigouden.fr\\\/#\\\/schema\\\/person\\\/2f88b3db41deacf169cab9e2ff83133a\"},\"headline\":\"Reprenons la main sur la p\u00eache artisanale ! Tr\u00e8s int\u00e9ressante r\u00e9union \u00e0 Pont L&rsquo;Abb\u00e9 le 27 avril\",\"datePublished\":\"2024-04-29T07:52:53+00:00\",\"dateModified\":\"2024-04-29T10:21:17+00:00\",\"mainEntityOfPage\":{\"@id\":\"https:\\\/\\\/pcbigouden.fr\\\/?p=3897\"},\"wordCount\":422,\"publisher\":{\"@id\":\"https:\\\/\\\/pcbigouden.fr\\\/#organization\"},\"image\":{\"@id\":\"https:\\\/\\\/pcbigouden.fr\\\/?p=3897#primaryimage\"},\"thumbnailUrl\":\"https:\\\/\\\/media.ouest-france.fr\\\/v1\\\/pictures\\\/MjAyNDA0MTc5NThjM2M0OWU5NzQ2YmI3MGVhMTMwOTIyNDQ2MjE?width=1260&amp;focuspoint=50%2C25&amp;cropresize=1&amp;client_id=bpeditorial&amp;sign=76a5b0a108dfc504d40255bd903c094f85cc4b0169b9b2950755c64afb25eb20\",\"keywords\":[\"Europe\",\"pcf\",\"P\u00eache\"],\"articleSection\":[\"Europe\",\"Parti Communiste\",\"P\u00eache\"],\"inLanguage\":\"fr-FR\"},{\"@type\":\"WebPage\",\"@id\":\"https:\\\/\\\/pcbigouden.fr\\\/?p=3897\",\"url\":\"https:\\\/\\\/pcbigouden.fr\\\/?p=3897\",\"name\":\"Reprenons la main sur la p\u00eache artisanale ! Tr\u00e8s int\u00e9ressante r\u00e9union \u00e0 Pont L'Abb\u00e9 le 27 avril - PCF Pays Bigouden\",\"isPartOf\":{\"@id\":\"https:\\\/\\\/pcbigouden.fr\\\/#website\"},\"primaryImageOfPage\":{\"@id\":\"https:\\\/\\\/pcbigouden.fr\\\/?p=3897#primaryimage\"},\"image\":{\"@id\":\"https:\\\/\\\/pcbigouden.fr\\\/?p=3897#primaryimage\"},\"thumbnailUrl\":\"https:\\\/\\\/media.ouest-france.fr\\\/v1\\\/pictures\\\/MjAyNDA0MTc5NThjM2M0OWU5NzQ2YmI3MGVhMTMwOTIyNDQ2MjE?width=1260&amp;focuspoint=50%2C25&amp;cropresize=1&amp;client_id=bpeditorial&amp;sign=76a5b0a108dfc504d40255bd903c094f85cc4b0169b9b2950755c64afb25eb20\",\"datePublished\":\"2024-04-29T07:52:53+00:00\",\"dateModified\":\"2024-04-29T10:21:17+00:00\",\"breadcrumb\":{\"@id\":\"https:\\\/\\\/pcbigouden.fr\\\/?p=3897#breadcrumb\"},\"inLanguage\":\"fr-FR\",\"potentialAction\":[{\"@type\":\"ReadAction\",\"target\":[\"https:\\\/\\\/pcbigouden.fr\\\/?p=3897\"]}]},{\"@type\":\"ImageObject\",\"inLanguage\":\"fr-FR\",\"@id\":\"https:\\\/\\\/pcbigouden.fr\\\/?p=3897#primaryimage\",\"url\":\"https:\\\/\\\/media.ouest-france.fr\\\/v1\\\/pictures\\\/MjAyNDA0MTc5NThjM2M0OWU5NzQ2YmI3MGVhMTMwOTIyNDQ2MjE?width=1260&amp;focuspoint=50%2C25&amp;cropresize=1&amp;client_id=bpeditorial&amp;sign=76a5b0a108dfc504d40255bd903c094f85cc4b0169b9b2950755c64afb25eb20\",\"contentUrl\":\"https:\\\/\\\/media.ouest-france.fr\\\/v1\\\/pictures\\\/MjAyNDA0MTc5NThjM2M0OWU5NzQ2YmI3MGVhMTMwOTIyNDQ2MjE?width=1260&amp;focuspoint=50%2C25&amp;cropresize=1&amp;client_id=bpeditorial&amp;sign=76a5b0a108dfc504d40255bd903c094f85cc4b0169b9b2950755c64afb25eb20\"},{\"@type\":\"BreadcrumbList\",\"@id\":\"https:\\\/\\\/pcbigouden.fr\\\/?p=3897#breadcrumb\",\"itemListElement\":[{\"@type\":\"ListItem\",\"position\":1,\"name\":\"Accueil\",\"item\":\"https:\\\/\\\/pcbigouden.fr\\\/\"},{\"@type\":\"ListItem\",\"position\":2,\"name\":\"Reprenons la main sur la p\u00eache artisanale ! Tr\u00e8s int\u00e9ressante r\u00e9union \u00e0 Pont L&rsquo;Abb\u00e9 le 27 avril\"}]},{\"@type\":\"WebSite\",\"@id\":\"https:\\\/\\\/pcbigouden.fr\\\/#website\",\"url\":\"https:\\\/\\\/pcbigouden.fr\\\/\",\"name\":\"PCF Pays Bigouden\",\"description\":\"Blog des communistes du Pays Bigouden\",\"publisher\":{\"@id\":\"https:\\\/\\\/pcbigouden.fr\\\/#organization\"},\"potentialAction\":[{\"@type\":\"SearchAction\",\"target\":{\"@type\":\"EntryPoint\",\"urlTemplate\":\"https:\\\/\\\/pcbigouden.fr\\\/?s={search_term_string}\"},\"query-input\":{\"@type\":\"PropertyValueSpecification\",\"valueRequired\":true,\"valueName\":\"search_term_string\"}}],\"inLanguage\":\"fr-FR\"},{\"@type\":\"Organization\",\"@id\":\"https:\\\/\\\/pcbigouden.fr\\\/#organization\",\"name\":\"Parti Communiste PCF Pays Bigouden\",\"url\":\"https:\\\/\\\/pcbigouden.fr\\\/\",\"logo\":{\"@type\":\"ImageObject\",\"inLanguage\":\"fr-FR\",\"@id\":\"https:\\\/\\\/pcbigouden.fr\\\/#\\\/schema\\\/logo\\\/image\\\/\",\"url\":\"https:\\\/\\\/pcbigouden.fr\\\/wp-content\\\/uploads\\\/2021\\\/10\\\/logoTB307x290.jpg\",\"contentUrl\":\"https:\\\/\\\/pcbigouden.fr\\\/wp-content\\\/uploads\\\/2021\\\/10\\\/logoTB307x290.jpg\",\"width\":307,\"height\":290,\"caption\":\"Parti Communiste PCF Pays Bigouden\"},\"image\":{\"@id\":\"https:\\\/\\\/pcbigouden.fr\\\/#\\\/schema\\\/logo\\\/image\\\/\"}},{\"@type\":\"Person\",\"@id\":\"https:\\\/\\\/pcbigouden.fr\\\/#\\\/schema\\\/person\\\/2f88b3db41deacf169cab9e2ff83133a\",\"name\":\"sierramaestra\",\"image\":{\"@type\":\"ImageObject\",\"inLanguage\":\"fr-FR\",\"@id\":\"https:\\\/\\\/secure.gravatar.com\\\/avatar\\\/5e822171bcc9a9856efba4097a35cfd35b4c239b7b552810087caf40ef8496b2?s=96&d=mm&r=g\",\"url\":\"https:\\\/\\\/secure.gravatar.com\\\/avatar\\\/5e822171bcc9a9856efba4097a35cfd35b4c239b7b552810087caf40ef8496b2?s=96&d=mm&r=g\",\"contentUrl\":\"https:\\\/\\\/secure.gravatar.com\\\/avatar\\\/5e822171bcc9a9856efba4097a35cfd35b4c239b7b552810087caf40ef8496b2?s=96&d=mm&r=g\",\"caption\":\"sierramaestra\"},\"url\":\"https:\\\/\\\/pcbigouden.fr\\\/?author=6\"}]}<\/script>\n<!-- \/ Yoast SEO plugin. -->","yoast_head_json":{"title":"Reprenons la main sur la p\u00eache artisanale ! Tr\u00e8s int\u00e9ressante r\u00e9union \u00e0 Pont L'Abb\u00e9 le 27 avril - PCF Pays Bigouden","robots":{"index":"index","follow":"follow","max-snippet":"max-snippet:-1","max-image-preview":"max-image-preview:large","max-video-preview":"max-video-preview:-1"},"canonical":"https:\/\/pcbigouden.fr\/?p=3897","og_locale":"fr_FR","og_type":"article","og_title":"Reprenons la main sur la p\u00eache artisanale ! Tr\u00e8s int\u00e9ressante r\u00e9union \u00e0 Pont L'Abb\u00e9 le 27 avril - PCF Pays Bigouden","og_description":"Belle rencontre samedi 27 avril. L&rsquo;article de Ouest France : Pont-l&rsquo;Abb\u00e9. Le PCF\u00a0: \u00ab\u00a0La crise de la p\u00eache n\u2019est pas une fatalit\u00e9\u00a0\u00bb Amar Bellal, membre du comit\u00e9 national du PCF en charge de l\u2019\u00e9cologie, candidat aux \u00e9lections europ\u00e9ennes. | OUEST-FRANCE Initiative r\u00e9ussie pour les communistes bigoudens qui ont organis\u00e9 samedi apr\u00e8s-midi une r\u00e9union sur la &hellip; Continue reading Reprenons la main sur la p\u00eache artisanale ! Tr\u00e8s int\u00e9ressante r\u00e9union \u00e0 Pont L&rsquo;Abb\u00e9 le 27 avril","og_url":"https:\/\/pcbigouden.fr\/?p=3897","og_site_name":"PCF Pays Bigouden","article_published_time":"2024-04-29T07:52:53+00:00","article_modified_time":"2024-04-29T10:21:17+00:00","og_image":[{"url":"https:\/\/media.ouest-france.fr\/v1\/pictures\/MjAyNDA0MTc5NThjM2M0OWU5NzQ2YmI3MGVhMTMwOTIyNDQ2MjE?width=1260&amp;focuspoint=50%2C25&amp;cropresize=1&amp;client_id=bpeditorial&amp;sign=76a5b0a108dfc504d40255bd903c094f85cc4b0169b9b2950755c64afb25eb20","type":"","width":"","height":""}],"author":"sierramaestra","twitter_card":"summary_large_image","twitter_misc":{"\u00c9crit par":"sierramaestra","Dur\u00e9e de lecture estim\u00e9e":"2 minutes"},"schema":{"@context":"https:\/\/schema.org","@graph":[{"@type":"Article","@id":"https:\/\/pcbigouden.fr\/?p=3897#article","isPartOf":{"@id":"https:\/\/pcbigouden.fr\/?p=3897"},"author":{"name":"sierramaestra","@id":"https:\/\/pcbigouden.fr\/#\/schema\/person\/2f88b3db41deacf169cab9e2ff83133a"},"headline":"Reprenons la main sur la p\u00eache artisanale ! Tr\u00e8s int\u00e9ressante r\u00e9union \u00e0 Pont L&rsquo;Abb\u00e9 le 27 avril","datePublished":"2024-04-29T07:52:53+00:00","dateModified":"2024-04-29T10:21:17+00:00","mainEntityOfPage":{"@id":"https:\/\/pcbigouden.fr\/?p=3897"},"wordCount":422,"publisher":{"@id":"https:\/\/pcbigouden.fr\/#organization"},"image":{"@id":"https:\/\/pcbigouden.fr\/?p=3897#primaryimage"},"thumbnailUrl":"https:\/\/media.ouest-france.fr\/v1\/pictures\/MjAyNDA0MTc5NThjM2M0OWU5NzQ2YmI3MGVhMTMwOTIyNDQ2MjE?width=1260&amp;focuspoint=50%2C25&amp;cropresize=1&amp;client_id=bpeditorial&amp;sign=76a5b0a108dfc504d40255bd903c094f85cc4b0169b9b2950755c64afb25eb20","keywords":["Europe","pcf","P\u00eache"],"articleSection":["Europe","Parti Communiste","P\u00eache"],"inLanguage":"fr-FR"},{"@type":"WebPage","@id":"https:\/\/pcbigouden.fr\/?p=3897","url":"https:\/\/pcbigouden.fr\/?p=3897","name":"Reprenons la main sur la p\u00eache artisanale ! Tr\u00e8s int\u00e9ressante r\u00e9union \u00e0 Pont L'Abb\u00e9 le 27 avril - PCF Pays Bigouden","isPartOf":{"@id":"https:\/\/pcbigouden.fr\/#website"},"primaryImageOfPage":{"@id":"https:\/\/pcbigouden.fr\/?p=3897#primaryimage"},"image":{"@id":"https:\/\/pcbigouden.fr\/?p=3897#primaryimage"},"thumbnailUrl":"https:\/\/media.ouest-france.fr\/v1\/pictures\/MjAyNDA0MTc5NThjM2M0OWU5NzQ2YmI3MGVhMTMwOTIyNDQ2MjE?width=1260&amp;focuspoint=50%2C25&amp;cropresize=1&amp;client_id=bpeditorial&amp;sign=76a5b0a108dfc504d40255bd903c094f85cc4b0169b9b2950755c64afb25eb20","datePublished":"2024-04-29T07:52:53+00:00","dateModified":"2024-04-29T10:21:17+00:00","breadcrumb":{"@id":"https:\/\/pcbigouden.fr\/?p=3897#breadcrumb"},"inLanguage":"fr-FR","potentialAction":[{"@type":"ReadAction","target":["https:\/\/pcbigouden.fr\/?p=3897"]}]},{"@type":"ImageObject","inLanguage":"fr-FR","@id":"https:\/\/pcbigouden.fr\/?p=3897#primaryimage","url":"https:\/\/media.ouest-france.fr\/v1\/pictures\/MjAyNDA0MTc5NThjM2M0OWU5NzQ2YmI3MGVhMTMwOTIyNDQ2MjE?width=1260&amp;focuspoint=50%2C25&amp;cropresize=1&amp;client_id=bpeditorial&amp;sign=76a5b0a108dfc504d40255bd903c094f85cc4b0169b9b2950755c64afb25eb20","contentUrl":"https:\/\/media.ouest-france.fr\/v1\/pictures\/MjAyNDA0MTc5NThjM2M0OWU5NzQ2YmI3MGVhMTMwOTIyNDQ2MjE?width=1260&amp;focuspoint=50%2C25&amp;cropresize=1&amp;client_id=bpeditorial&amp;sign=76a5b0a108dfc504d40255bd903c094f85cc4b0169b9b2950755c64afb25eb20"},{"@type":"BreadcrumbList","@id":"https:\/\/pcbigouden.fr\/?p=3897#breadcrumb","itemListElement":[{"@type":"ListItem","position":1,"name":"Accueil","item":"https:\/\/pcbigouden.fr\/"},{"@type":"ListItem","position":2,"name":"Reprenons la main sur la p\u00eache artisanale ! Tr\u00e8s int\u00e9ressante r\u00e9union \u00e0 Pont L&rsquo;Abb\u00e9 le 27 avril"}]},{"@type":"WebSite","@id":"https:\/\/pcbigouden.fr\/#website","url":"https:\/\/pcbigouden.fr\/","name":"PCF Pays Bigouden","description":"Blog des communistes du Pays Bigouden","publisher":{"@id":"https:\/\/pcbigouden.fr\/#organization"},"potentialAction":[{"@type":"SearchAction","target":{"@type":"EntryPoint","urlTemplate":"https:\/\/pcbigouden.fr\/?s={search_term_string}"},"query-input":{"@type":"PropertyValueSpecification","valueRequired":true,"valueName":"search_term_string"}}],"inLanguage":"fr-FR"},{"@type":"Organization","@id":"https:\/\/pcbigouden.fr\/#organization","name":"Parti Communiste PCF Pays Bigouden","url":"https:\/\/pcbigouden.fr\/","logo":{"@type":"ImageObject","inLanguage":"fr-FR","@id":"https:\/\/pcbigouden.fr\/#\/schema\/logo\/image\/","url":"https:\/\/pcbigouden.fr\/wp-content\/uploads\/2021\/10\/logoTB307x290.jpg","contentUrl":"https:\/\/pcbigouden.fr\/wp-content\/uploads\/2021\/10\/logoTB307x290.jpg","width":307,"height":290,"caption":"Parti Communiste PCF Pays Bigouden"},"image":{"@id":"https:\/\/pcbigouden.fr\/#\/schema\/logo\/image\/"}},{"@type":"Person","@id":"https:\/\/pcbigouden.fr\/#\/schema\/person\/2f88b3db41deacf169cab9e2ff83133a","name":"sierramaestra","image":{"@type":"ImageObject","inLanguage":"fr-FR","@id":"https:\/\/secure.gravatar.com\/avatar\/5e822171bcc9a9856efba4097a35cfd35b4c239b7b552810087caf40ef8496b2?s=96&d=mm&r=g","url":"https:\/\/secure.gravatar.com\/avatar\/5e822171bcc9a9856efba4097a35cfd35b4c239b7b552810087caf40ef8496b2?s=96&d=mm&r=g","contentUrl":"https:\/\/secure.gravatar.com\/avatar\/5e822171bcc9a9856efba4097a35cfd35b4c239b7b552810087caf40ef8496b2?s=96&d=mm&r=g","caption":"sierramaestra"},"url":"https:\/\/pcbigouden.fr\/?author=6"}]}},"jetpack_featured_media_url":"","jetpack_sharing_enabled":true,"jetpack_likes_enabled":true,"_links":{"self":[{"href":"https:\/\/pcbigouden.fr\/index.php?rest_route=\/wp\/v2\/posts\/3897","targetHints":{"allow":["GET"]}}],"collection":[{"href":"https:\/\/pcbigouden.fr\/index.php?rest_route=\/wp\/v2\/posts"}],"about":[{"href":"https:\/\/pcbigouden.fr\/index.php?rest_route=\/wp\/v2\/types\/post"}],"author":[{"embeddable":true,"href":"https:\/\/pcbigouden.fr\/index.php?rest_route=\/wp\/v2\/users\/6"}],"replies":[{"embeddable":true,"href":"https:\/\/pcbigouden.fr\/index.php?rest_route=%2Fwp%2Fv2%2Fcomments&post=3897"}],"version-history":[{"count":11,"href":"https:\/\/pcbigouden.fr\/index.php?rest_route=\/wp\/v2\/posts\/3897\/revisions"}],"predecessor-version":[{"id":3916,"href":"https:\/\/pcbigouden.fr\/index.php?rest_route=\/wp\/v2\/posts\/3897\/revisions\/3916"}],"wp:attachment":[{"href":"https:\/\/pcbigouden.fr\/index.php?rest_route=%2Fwp%2Fv2%2Fmedia&parent=3897"}],"wp:term":[{"taxonomy":"category","embeddable":true,"href":"https:\/\/pcbigouden.fr\/index.php?rest_route=%2Fwp%2Fv2%2Fcategories&post=3897"},{"taxonomy":"post_tag","embeddable":true,"href":"https:\/\/pcbigouden.fr\/index.php?rest_route=%2Fwp%2Fv2%2Ftags&post=3897"}],"curies":[{"name":"wp","href":"https:\/\/api.w.org\/{rel}","templated":true}]}}