{"id":3717,"date":"2024-03-19T08:24:26","date_gmt":"2024-03-19T07:24:26","guid":{"rendered":"https:\/\/pcbigouden.fr\/?p=3717"},"modified":"2025-10-25T18:07:29","modified_gmt":"2025-10-25T16:07:29","slug":"reprenons-la-main-sur-lavenir-de-la-peche-artisanale","status":"publish","type":"post","link":"https:\/\/pcbigouden.fr\/?p=3717","title":{"rendered":"Reprenons la main sur l&rsquo;avenir de la p\u00eache artisanale"},"content":{"rendered":"<p><a href=\"https:\/\/pcbigouden.fr\/wp-content\/uploads\/2024\/03\/1.bmp\"><img loading=\"lazy\" decoding=\"async\" class=\"alignnone size-full wp-image-3722\" src=\"https:\/\/pcbigouden.fr\/wp-content\/uploads\/2024\/03\/1.bmp\" alt=\"\" width=\"249\" height=\"702\" \/><\/a><a href=\"https:\/\/pcbigouden.fr\/wp-content\/uploads\/2024\/03\/4.bmp\"><img loading=\"lazy\" decoding=\"async\" class=\"alignnone wp-image-3725\" src=\"https:\/\/pcbigouden.fr\/wp-content\/uploads\/2024\/03\/4.bmp\" alt=\"\" width=\"343\" height=\"702\" \/><\/a><\/p>\n<table>\n<tbody>\n<tr>\n<td width=\"926\"><b> <a href=\"https:\/\/pcbigouden.fr\/wp-content\/uploads\/2024\/03\/etoile.bmp\"><img loading=\"lazy\" decoding=\"async\" class=\"alignnone size-full wp-image-3729\" src=\"https:\/\/pcbigouden.fr\/wp-content\/uploads\/2024\/03\/etoile.bmp\" alt=\"\" width=\"25\" height=\"32\" \/><\/a> \u00a0Le r\u00e9chauffement\u00a0 et le d\u00e9r\u00e8glement climatiques nous obligent, la transition est n\u00e9cessaire<\/b><\/p>\n<p>ils impactent la biodiversit\u00e9 et la ressource s&rsquo;en ressent. De plus, comment ne pas s&rsquo;indigner de ces multinationales qui pillent les oc\u00e9ans\u00a0en toute impunit\u00e9\u00a0en cumulant de \u00ab\u00a0superprofits\u00a0\u00bb, au d\u00e9triment d&rsquo;une p\u00eache\u00a0raisonn\u00e9e , respectueuse de la gestion de la ressource et des habitats marins.<\/p>\n<p>Toutes les activit\u00e9s \u00e9conomiques sont concern\u00e9es, la p\u00eache aussi ! Il est inadmissible que des multinationales s&rsquo;accaparent la plupart des quotas. Les cons\u00e9quences sont mortif\u00e8res pour la p\u00eache artisanale\u00a0: diminution de la ressource, r\u00e9duction de la puissance de p\u00eache par la destruction de navires, diminution des apports sous les cri\u00e9es, fermetures d&rsquo;entreprises de mareyage, de constructions navales, de m\u00e9canique sp\u00e9cialis\u00e9e&#8230;.et des licenciements act\u00e9s et \u00e0 venir.<\/p>\n<p>Les professionnels de la p\u00eache artisanale se sont adapt\u00e9s \u00e0 la situation en utilisant des m\u00e9thodes de p\u00eache raisonn\u00e9es et en privil\u00e9giant la ressource destin\u00e9e \u00e0 la consommation humaine plut\u00f4t qu&rsquo;\u00e0 des usages industriels.<\/p>\n<p><b>\u00a0<\/b><\/p>\n<p><b><img loading=\"lazy\" decoding=\"async\" class=\"alignnone size-full wp-image-3729\" src=\"https:\/\/pcbigouden.fr\/wp-content\/uploads\/2024\/03\/etoile.bmp\" alt=\"\" width=\"25\" height=\"32\" \/>\u00a0L&rsquo;Union Europ\u00e9enne tient un double discours<\/b><\/p>\n<p>D\u2019un c\u00f4t\u00e9 elle pr\u00f4ne une p\u00eache responsable, vertueuse et durable et de l&rsquo;autre elle favorise le d\u00e9veloppement de multinationales de la p\u00eache industrielle, responsables en grande partie de la destruction de la ressource. Le gouvernement fran\u00e7ais nie la pr\u00e9sence des navires usine en zone prot\u00e9g\u00e9e.<\/p>\n<p>En janvier 2024, les eurod\u00e9put\u00e9s LR et Renaissance ont rejet\u00e9 un amendement interdisant aux bateaux de plus de 25m de p\u00eacher dans les eaux de la bande c\u00f4ti\u00e8re. La crise que conna\u00eet la p\u00eache artisanale sur notre quartier maritime est un choix politique national et europ\u00e9en. Ce n&rsquo;est pas une fatalit\u00e9\u00a0!<\/p>\n<p><b>\u00a0<\/b><\/p>\n<p><b><img loading=\"lazy\" decoding=\"async\" class=\"alignnone size-full wp-image-3729\" src=\"https:\/\/pcbigouden.fr\/wp-content\/uploads\/2024\/03\/etoile.bmp\" alt=\"\" width=\"25\" height=\"32\" \/>\u00a0 Les professionnels doivent s&rsquo;organiser d\u00e9mocratiquement et retrouver la ma\u00eetrise de leur m\u00e9tier.<\/b><\/p>\n<p>Le Comit\u00e9 National des P\u00eaches et les Organisations de Producteurs, instances repr\u00e9sentatives des marins, ont toute l\u00e9gitimit\u00e9 pour r\u00e9fl\u00e9chir et proposer des solutions d&rsquo;avenir.<\/p>\n<p>Les Organisations de Producteurs g\u00e8rent les activit\u00e9s de la p\u00eache (fileyeurs, ligneurs, c\u00f4tiers, hauturiers\u2026) sur le plan \u00e9conomique, notamment sur la r\u00e9partition des quotas, et sur la garantie d\u2019un prix minimum. On peut craindre que ces instances ne soient devenues les courroies de transmission des directives d\u00e9cid\u00e9es sans concertation,\u00a0 au niveau des commissions europ\u00e9ennes et du minist\u00e8re fran\u00e7ais.<\/p>\n<p><b>\u00a0<\/b><\/p>\n<p><b><img loading=\"lazy\" decoding=\"async\" class=\"alignnone size-full wp-image-3729\" src=\"https:\/\/pcbigouden.fr\/wp-content\/uploads\/2024\/03\/etoile.bmp\" alt=\"\" width=\"25\" height=\"32\" \/>\u00a0 La transparence de la r\u00e9partition des quotas est un enjeu majeur, qui d\u00e9termine la p\u00e9rennit\u00e9 de la p\u00eache artisanale et de l&rsquo;\u00e9conomie de notre territoire.<\/b><\/p>\n<p>Chaque ann\u00e9e, la Commission Europ\u00e9enne en lien avec les scientifiques, fixe des quotas par esp\u00e8ces : TAC (taux autoris\u00e9s de capture). Elle se tient \u00e0 huis clos, afin de r\u00e9partir les quotas \u00e0 chaque pays membre. C&rsquo;est \u00e0 cette \u00e9tape que les multinationales usent de leurs influences pour r\u00e9cup\u00e9rer un maximum de quotas au d\u00e9triment de la p\u00eache artisanale.<\/p>\n<p>&nbsp;<\/p>\n<p><span style=\"color: #3366ff;\"><b>Pour les communistes , il devient urgent que la fili\u00e8re\u00a0dans son ensemble s&rsquo;organise collectivement\u00a0et se r\u00e9approprie son activit\u00e9, \u00e0 l&rsquo;instar de l&rsquo;action men\u00e9e par l&rsquo;Interpro de Loctudy et de l&rsquo;Association \u00ab\u00a0demain St Gu\u00e9\u00a0\u00bb<\/b><\/span><\/p>\n<p><a href=\"https:\/\/pcbigouden.fr\/wp-content\/uploads\/2024\/03\/5.bmp\"><img loading=\"lazy\" decoding=\"async\" class=\"alignnone size-full wp-image-3731\" src=\"https:\/\/pcbigouden.fr\/wp-content\/uploads\/2024\/03\/5.bmp\" alt=\"\" width=\"1435\" height=\"379\" \/><\/a><\/p>\n<p>&nbsp;<\/p>\n<p>&nbsp;<\/p>\n<p>&nbsp;<\/td>\n<\/tr>\n<\/tbody>\n<\/table>\n","protected":false},"excerpt":{"rendered":"<p>\u00a0Le r\u00e9chauffement\u00a0 et le d\u00e9r\u00e8glement climatiques nous obligent, la transition est n\u00e9cessaire ils impactent la biodiversit\u00e9 et la ressource s&rsquo;en ressent. De plus, comment ne pas s&rsquo;indigner de ces multinationales qui pillent les oc\u00e9ans\u00a0en toute impunit\u00e9\u00a0en cumulant de \u00ab\u00a0superprofits\u00a0\u00bb, au d\u00e9triment d&rsquo;une p\u00eache\u00a0raisonn\u00e9e , respectueuse de la gestion de la ressource et des habitats marins. &hellip; <a href=\"https:\/\/pcbigouden.fr\/?p=3717\" class=\"more-link\">Continue reading <span class=\"screen-reader-text\">Reprenons la main sur l&rsquo;avenir de la p\u00eache artisanale<\/span><\/a><\/p>\n","protected":false},"author":5,"featured_media":0,"comment_status":"closed","ping_status":"closed","sticky":false,"template":"","format":"standard","meta":{"_jetpack_memberships_contains_paid_content":false,"footnotes":""},"categories":[2,3,90,49,59,8,14],"tags":[],"class_list":["post-3717","post","type-post","status-publish","format-standard","hentry","category-democratie","category-economie","category-environnement","category-europe","category-parti-communiste","category-peche","category-vie-locale"],"yoast_head":"<!-- This site is optimized with the Yoast SEO plugin v27.5 - https:\/\/yoast.com\/product\/yoast-seo-wordpress\/ -->\n<title>Reprenons la main sur l&#039;avenir de la p\u00eache artisanale - PCF Pays Bigouden<\/title>\n<meta name=\"robots\" content=\"index, follow, max-snippet:-1, max-image-preview:large, max-video-preview:-1\" \/>\n<link rel=\"canonical\" href=\"https:\/\/pcbigouden.fr\/?p=3717\" \/>\n<meta property=\"og:locale\" content=\"fr_FR\" \/>\n<meta property=\"og:type\" content=\"article\" \/>\n<meta property=\"og:title\" content=\"Reprenons la main sur l&#039;avenir de la p\u00eache artisanale - PCF Pays Bigouden\" \/>\n<meta property=\"og:description\" content=\"\u00a0Le r\u00e9chauffement\u00a0 et le d\u00e9r\u00e8glement climatiques nous obligent, la transition est n\u00e9cessaire ils impactent la biodiversit\u00e9 et la ressource s&rsquo;en ressent. De plus, comment ne pas s&rsquo;indigner de ces multinationales qui pillent les oc\u00e9ans\u00a0en toute impunit\u00e9\u00a0en cumulant de \u00ab\u00a0superprofits\u00a0\u00bb, au d\u00e9triment d&rsquo;une p\u00eache\u00a0raisonn\u00e9e , respectueuse de la gestion de la ressource et des habitats marins. &hellip; Continue reading Reprenons la main sur l&rsquo;avenir de la p\u00eache artisanale\" \/>\n<meta property=\"og:url\" content=\"https:\/\/pcbigouden.fr\/?p=3717\" \/>\n<meta property=\"og:site_name\" content=\"PCF Pays Bigouden\" \/>\n<meta property=\"article:published_time\" content=\"2024-03-19T07:24:26+00:00\" \/>\n<meta property=\"article:modified_time\" content=\"2025-10-25T16:07:29+00:00\" \/>\n<meta name=\"author\" content=\"cortomaltes29\" \/>\n<meta name=\"twitter:card\" content=\"summary_large_image\" \/>\n<meta name=\"twitter:label1\" content=\"\u00c9crit par\" \/>\n\t<meta name=\"twitter:data1\" content=\"cortomaltes29\" \/>\n\t<meta name=\"twitter:label2\" content=\"Dur\u00e9e de lecture estim\u00e9e\" \/>\n\t<meta name=\"twitter:data2\" content=\"3 minutes\" \/>\n<script type=\"application\/ld+json\" class=\"yoast-schema-graph\">{\"@context\":\"https:\\\/\\\/schema.org\",\"@graph\":[{\"@type\":\"Article\",\"@id\":\"https:\\\/\\\/pcbigouden.fr\\\/?p=3717#article\",\"isPartOf\":{\"@id\":\"https:\\\/\\\/pcbigouden.fr\\\/?p=3717\"},\"author\":{\"name\":\"cortomaltes29\",\"@id\":\"https:\\\/\\\/pcbigouden.fr\\\/#\\\/schema\\\/person\\\/dc763e11bee76f6c59d8d18653939a2c\"},\"headline\":\"Reprenons la main sur l&rsquo;avenir de la p\u00eache artisanale\",\"datePublished\":\"2024-03-19T07:24:26+00:00\",\"dateModified\":\"2025-10-25T16:07:29+00:00\",\"mainEntityOfPage\":{\"@id\":\"https:\\\/\\\/pcbigouden.fr\\\/?p=3717\"},\"wordCount\":577,\"publisher\":{\"@id\":\"https:\\\/\\\/pcbigouden.fr\\\/#organization\"},\"image\":{\"@id\":\"https:\\\/\\\/pcbigouden.fr\\\/?p=3717#primaryimage\"},\"thumbnailUrl\":\"https:\\\/\\\/pcbigouden.fr\\\/wp-content\\\/uploads\\\/2024\\\/03\\\/1.bmp\",\"articleSection\":[\"D\u00e9mocratie\",\"Economie\",\"Environnement\",\"Europe\",\"Parti Communiste\",\"P\u00eache\",\"Vie Locale\"],\"inLanguage\":\"fr-FR\"},{\"@type\":\"WebPage\",\"@id\":\"https:\\\/\\\/pcbigouden.fr\\\/?p=3717\",\"url\":\"https:\\\/\\\/pcbigouden.fr\\\/?p=3717\",\"name\":\"Reprenons la main sur l'avenir de la p\u00eache artisanale - PCF Pays Bigouden\",\"isPartOf\":{\"@id\":\"https:\\\/\\\/pcbigouden.fr\\\/#website\"},\"primaryImageOfPage\":{\"@id\":\"https:\\\/\\\/pcbigouden.fr\\\/?p=3717#primaryimage\"},\"image\":{\"@id\":\"https:\\\/\\\/pcbigouden.fr\\\/?p=3717#primaryimage\"},\"thumbnailUrl\":\"https:\\\/\\\/pcbigouden.fr\\\/wp-content\\\/uploads\\\/2024\\\/03\\\/1.bmp\",\"datePublished\":\"2024-03-19T07:24:26+00:00\",\"dateModified\":\"2025-10-25T16:07:29+00:00\",\"breadcrumb\":{\"@id\":\"https:\\\/\\\/pcbigouden.fr\\\/?p=3717#breadcrumb\"},\"inLanguage\":\"fr-FR\",\"potentialAction\":[{\"@type\":\"ReadAction\",\"target\":[\"https:\\\/\\\/pcbigouden.fr\\\/?p=3717\"]}]},{\"@type\":\"ImageObject\",\"inLanguage\":\"fr-FR\",\"@id\":\"https:\\\/\\\/pcbigouden.fr\\\/?p=3717#primaryimage\",\"url\":\"https:\\\/\\\/pcbigouden.fr\\\/wp-content\\\/uploads\\\/2024\\\/03\\\/1.bmp\",\"contentUrl\":\"https:\\\/\\\/pcbigouden.fr\\\/wp-content\\\/uploads\\\/2024\\\/03\\\/1.bmp\"},{\"@type\":\"BreadcrumbList\",\"@id\":\"https:\\\/\\\/pcbigouden.fr\\\/?p=3717#breadcrumb\",\"itemListElement\":[{\"@type\":\"ListItem\",\"position\":1,\"name\":\"Accueil\",\"item\":\"https:\\\/\\\/pcbigouden.fr\\\/\"},{\"@type\":\"ListItem\",\"position\":2,\"name\":\"Reprenons la main sur l&rsquo;avenir de la p\u00eache artisanale\"}]},{\"@type\":\"WebSite\",\"@id\":\"https:\\\/\\\/pcbigouden.fr\\\/#website\",\"url\":\"https:\\\/\\\/pcbigouden.fr\\\/\",\"name\":\"PCF Pays Bigouden\",\"description\":\"Blog des communistes du Pays Bigouden\",\"publisher\":{\"@id\":\"https:\\\/\\\/pcbigouden.fr\\\/#organization\"},\"potentialAction\":[{\"@type\":\"SearchAction\",\"target\":{\"@type\":\"EntryPoint\",\"urlTemplate\":\"https:\\\/\\\/pcbigouden.fr\\\/?s={search_term_string}\"},\"query-input\":{\"@type\":\"PropertyValueSpecification\",\"valueRequired\":true,\"valueName\":\"search_term_string\"}}],\"inLanguage\":\"fr-FR\"},{\"@type\":\"Organization\",\"@id\":\"https:\\\/\\\/pcbigouden.fr\\\/#organization\",\"name\":\"Parti Communiste PCF Pays Bigouden\",\"url\":\"https:\\\/\\\/pcbigouden.fr\\\/\",\"logo\":{\"@type\":\"ImageObject\",\"inLanguage\":\"fr-FR\",\"@id\":\"https:\\\/\\\/pcbigouden.fr\\\/#\\\/schema\\\/logo\\\/image\\\/\",\"url\":\"https:\\\/\\\/pcbigouden.fr\\\/wp-content\\\/uploads\\\/2021\\\/10\\\/logoTB307x290.jpg\",\"contentUrl\":\"https:\\\/\\\/pcbigouden.fr\\\/wp-content\\\/uploads\\\/2021\\\/10\\\/logoTB307x290.jpg\",\"width\":307,\"height\":290,\"caption\":\"Parti Communiste PCF Pays Bigouden\"},\"image\":{\"@id\":\"https:\\\/\\\/pcbigouden.fr\\\/#\\\/schema\\\/logo\\\/image\\\/\"}},{\"@type\":\"Person\",\"@id\":\"https:\\\/\\\/pcbigouden.fr\\\/#\\\/schema\\\/person\\\/dc763e11bee76f6c59d8d18653939a2c\",\"name\":\"cortomaltes29\",\"image\":{\"@type\":\"ImageObject\",\"inLanguage\":\"fr-FR\",\"@id\":\"https:\\\/\\\/secure.gravatar.com\\\/avatar\\\/c2ce5036b4b39dfed348d934e527c141cfac704b84e909e2086924ec476d0315?s=96&d=mm&r=g\",\"url\":\"https:\\\/\\\/secure.gravatar.com\\\/avatar\\\/c2ce5036b4b39dfed348d934e527c141cfac704b84e909e2086924ec476d0315?s=96&d=mm&r=g\",\"contentUrl\":\"https:\\\/\\\/secure.gravatar.com\\\/avatar\\\/c2ce5036b4b39dfed348d934e527c141cfac704b84e909e2086924ec476d0315?s=96&d=mm&r=g\",\"caption\":\"cortomaltes29\"},\"url\":\"https:\\\/\\\/pcbigouden.fr\\\/?author=5\"}]}<\/script>\n<!-- \/ Yoast SEO plugin. -->","yoast_head_json":{"title":"Reprenons la main sur l'avenir de la p\u00eache artisanale - PCF Pays Bigouden","robots":{"index":"index","follow":"follow","max-snippet":"max-snippet:-1","max-image-preview":"max-image-preview:large","max-video-preview":"max-video-preview:-1"},"canonical":"https:\/\/pcbigouden.fr\/?p=3717","og_locale":"fr_FR","og_type":"article","og_title":"Reprenons la main sur l'avenir de la p\u00eache artisanale - PCF Pays Bigouden","og_description":"\u00a0Le r\u00e9chauffement\u00a0 et le d\u00e9r\u00e8glement climatiques nous obligent, la transition est n\u00e9cessaire ils impactent la biodiversit\u00e9 et la ressource s&rsquo;en ressent. De plus, comment ne pas s&rsquo;indigner de ces multinationales qui pillent les oc\u00e9ans\u00a0en toute impunit\u00e9\u00a0en cumulant de \u00ab\u00a0superprofits\u00a0\u00bb, au d\u00e9triment d&rsquo;une p\u00eache\u00a0raisonn\u00e9e , respectueuse de la gestion de la ressource et des habitats marins. &hellip; Continue reading Reprenons la main sur l&rsquo;avenir de la p\u00eache artisanale","og_url":"https:\/\/pcbigouden.fr\/?p=3717","og_site_name":"PCF Pays Bigouden","article_published_time":"2024-03-19T07:24:26+00:00","article_modified_time":"2025-10-25T16:07:29+00:00","author":"cortomaltes29","twitter_card":"summary_large_image","twitter_misc":{"\u00c9crit par":"cortomaltes29","Dur\u00e9e de lecture estim\u00e9e":"3 minutes"},"schema":{"@context":"https:\/\/schema.org","@graph":[{"@type":"Article","@id":"https:\/\/pcbigouden.fr\/?p=3717#article","isPartOf":{"@id":"https:\/\/pcbigouden.fr\/?p=3717"},"author":{"name":"cortomaltes29","@id":"https:\/\/pcbigouden.fr\/#\/schema\/person\/dc763e11bee76f6c59d8d18653939a2c"},"headline":"Reprenons la main sur l&rsquo;avenir de la p\u00eache artisanale","datePublished":"2024-03-19T07:24:26+00:00","dateModified":"2025-10-25T16:07:29+00:00","mainEntityOfPage":{"@id":"https:\/\/pcbigouden.fr\/?p=3717"},"wordCount":577,"publisher":{"@id":"https:\/\/pcbigouden.fr\/#organization"},"image":{"@id":"https:\/\/pcbigouden.fr\/?p=3717#primaryimage"},"thumbnailUrl":"https:\/\/pcbigouden.fr\/wp-content\/uploads\/2024\/03\/1.bmp","articleSection":["D\u00e9mocratie","Economie","Environnement","Europe","Parti Communiste","P\u00eache","Vie Locale"],"inLanguage":"fr-FR"},{"@type":"WebPage","@id":"https:\/\/pcbigouden.fr\/?p=3717","url":"https:\/\/pcbigouden.fr\/?p=3717","name":"Reprenons la main sur l'avenir de la p\u00eache artisanale - PCF Pays Bigouden","isPartOf":{"@id":"https:\/\/pcbigouden.fr\/#website"},"primaryImageOfPage":{"@id":"https:\/\/pcbigouden.fr\/?p=3717#primaryimage"},"image":{"@id":"https:\/\/pcbigouden.fr\/?p=3717#primaryimage"},"thumbnailUrl":"https:\/\/pcbigouden.fr\/wp-content\/uploads\/2024\/03\/1.bmp","datePublished":"2024-03-19T07:24:26+00:00","dateModified":"2025-10-25T16:07:29+00:00","breadcrumb":{"@id":"https:\/\/pcbigouden.fr\/?p=3717#breadcrumb"},"inLanguage":"fr-FR","potentialAction":[{"@type":"ReadAction","target":["https:\/\/pcbigouden.fr\/?p=3717"]}]},{"@type":"ImageObject","inLanguage":"fr-FR","@id":"https:\/\/pcbigouden.fr\/?p=3717#primaryimage","url":"https:\/\/pcbigouden.fr\/wp-content\/uploads\/2024\/03\/1.bmp","contentUrl":"https:\/\/pcbigouden.fr\/wp-content\/uploads\/2024\/03\/1.bmp"},{"@type":"BreadcrumbList","@id":"https:\/\/pcbigouden.fr\/?p=3717#breadcrumb","itemListElement":[{"@type":"ListItem","position":1,"name":"Accueil","item":"https:\/\/pcbigouden.fr\/"},{"@type":"ListItem","position":2,"name":"Reprenons la main sur l&rsquo;avenir de la p\u00eache artisanale"}]},{"@type":"WebSite","@id":"https:\/\/pcbigouden.fr\/#website","url":"https:\/\/pcbigouden.fr\/","name":"PCF Pays Bigouden","description":"Blog des communistes du Pays Bigouden","publisher":{"@id":"https:\/\/pcbigouden.fr\/#organization"},"potentialAction":[{"@type":"SearchAction","target":{"@type":"EntryPoint","urlTemplate":"https:\/\/pcbigouden.fr\/?s={search_term_string}"},"query-input":{"@type":"PropertyValueSpecification","valueRequired":true,"valueName":"search_term_string"}}],"inLanguage":"fr-FR"},{"@type":"Organization","@id":"https:\/\/pcbigouden.fr\/#organization","name":"Parti Communiste PCF Pays Bigouden","url":"https:\/\/pcbigouden.fr\/","logo":{"@type":"ImageObject","inLanguage":"fr-FR","@id":"https:\/\/pcbigouden.fr\/#\/schema\/logo\/image\/","url":"https:\/\/pcbigouden.fr\/wp-content\/uploads\/2021\/10\/logoTB307x290.jpg","contentUrl":"https:\/\/pcbigouden.fr\/wp-content\/uploads\/2021\/10\/logoTB307x290.jpg","width":307,"height":290,"caption":"Parti Communiste PCF Pays Bigouden"},"image":{"@id":"https:\/\/pcbigouden.fr\/#\/schema\/logo\/image\/"}},{"@type":"Person","@id":"https:\/\/pcbigouden.fr\/#\/schema\/person\/dc763e11bee76f6c59d8d18653939a2c","name":"cortomaltes29","image":{"@type":"ImageObject","inLanguage":"fr-FR","@id":"https:\/\/secure.gravatar.com\/avatar\/c2ce5036b4b39dfed348d934e527c141cfac704b84e909e2086924ec476d0315?s=96&d=mm&r=g","url":"https:\/\/secure.gravatar.com\/avatar\/c2ce5036b4b39dfed348d934e527c141cfac704b84e909e2086924ec476d0315?s=96&d=mm&r=g","contentUrl":"https:\/\/secure.gravatar.com\/avatar\/c2ce5036b4b39dfed348d934e527c141cfac704b84e909e2086924ec476d0315?s=96&d=mm&r=g","caption":"cortomaltes29"},"url":"https:\/\/pcbigouden.fr\/?author=5"}]}},"jetpack_featured_media_url":"","jetpack_sharing_enabled":true,"jetpack_likes_enabled":true,"_links":{"self":[{"href":"https:\/\/pcbigouden.fr\/index.php?rest_route=\/wp\/v2\/posts\/3717","targetHints":{"allow":["GET"]}}],"collection":[{"href":"https:\/\/pcbigouden.fr\/index.php?rest_route=\/wp\/v2\/posts"}],"about":[{"href":"https:\/\/pcbigouden.fr\/index.php?rest_route=\/wp\/v2\/types\/post"}],"author":[{"embeddable":true,"href":"https:\/\/pcbigouden.fr\/index.php?rest_route=\/wp\/v2\/users\/5"}],"replies":[{"embeddable":true,"href":"https:\/\/pcbigouden.fr\/index.php?rest_route=%2Fwp%2Fv2%2Fcomments&post=3717"}],"version-history":[{"count":11,"href":"https:\/\/pcbigouden.fr\/index.php?rest_route=\/wp\/v2\/posts\/3717\/revisions"}],"predecessor-version":[{"id":3737,"href":"https:\/\/pcbigouden.fr\/index.php?rest_route=\/wp\/v2\/posts\/3717\/revisions\/3737"}],"wp:attachment":[{"href":"https:\/\/pcbigouden.fr\/index.php?rest_route=%2Fwp%2Fv2%2Fmedia&parent=3717"}],"wp:term":[{"taxonomy":"category","embeddable":true,"href":"https:\/\/pcbigouden.fr\/index.php?rest_route=%2Fwp%2Fv2%2Fcategories&post=3717"},{"taxonomy":"post_tag","embeddable":true,"href":"https:\/\/pcbigouden.fr\/index.php?rest_route=%2Fwp%2Fv2%2Ftags&post=3717"}],"curies":[{"name":"wp","href":"https:\/\/api.w.org\/{rel}","templated":true}]}}