{"id":3249,"date":"2023-12-05T10:57:04","date_gmt":"2023-12-05T09:57:04","guid":{"rendered":"https:\/\/pcbigouden.fr\/?p=3249"},"modified":"2023-12-15T09:19:16","modified_gmt":"2023-12-15T08:19:16","slug":"patrick-quelaudren-notre-ami-notre-camarade","status":"publish","type":"post","link":"https:\/\/pcbigouden.fr\/?p=3249","title":{"rendered":"Patrick Quelaudren, notre ami, notre camarade."},"content":{"rendered":"<p>Notre ami et camarade Patrick Qu\u00e9laudren nous a quitt\u00e9 hier, lundi 4 d\u00e9cembre au matin.<\/p>\n<p><a href=\"https:\/\/pcbigouden.fr\/wp-content\/uploads\/2023\/12\/PatrickQuelaudren.jpg\"><img loading=\"lazy\" decoding=\"async\" class=\"wp-image-3251 size-medium_large aligncenter\" src=\"https:\/\/pcbigouden.fr\/wp-content\/uploads\/2023\/12\/PatrickQuelaudren-768x480.jpg\" alt=\"\" width=\"768\" height=\"480\" srcset=\"https:\/\/pcbigouden.fr\/wp-content\/uploads\/2023\/12\/PatrickQuelaudren-768x480.jpg 768w, https:\/\/pcbigouden.fr\/wp-content\/uploads\/2023\/12\/PatrickQuelaudren-300x188.jpg 300w, https:\/\/pcbigouden.fr\/wp-content\/uploads\/2023\/12\/PatrickQuelaudren-863x539.jpg 863w, https:\/\/pcbigouden.fr\/wp-content\/uploads\/2023\/12\/PatrickQuelaudren-173x108.jpg 173w, https:\/\/pcbigouden.fr\/wp-content\/uploads\/2023\/12\/PatrickQuelaudren.jpg 960w\" sizes=\"auto, (max-width: 768px) 100vw, 768px\" \/><\/a><\/p>\n<p>Militant de la cause La\u00efque, \u00ab<em>il n\u2019en faisait jamais assez pour les \u00e9coles publiques, il ne comptait pas son temps. Patrick \u00e9tait une personne tr\u00e8s attachante \u00bb<\/em>, commente Guy Barr\u00e9 qui partageait la pr\u00e9sidence de l\u2019Amicale la\u00efque avec lui.<\/p>\n<p>\u00ab<em> L\u2019Amicale la\u00efque est orpheline<\/em> \u00bb, \u00e9met Liliane Filoche, cheville ouvri\u00e8re de l\u2019association qui compte pr\u00e8s de 500 adh\u00e9rents.<\/p>\n<p>R\u00e9f\u00e9rent des d\u00e9l\u00e9gu\u00e9s d\u00e9partementaux de l\u2019\u00c9ducation nationale (DDEN), militant de la F\u00e9d\u00e9ration syndicale unitaire (FSU), adh\u00e9rent au Parti Communiste Fran\u00e7ais (PCF), tr\u00e9sorier de la JPA 29 (Jeunesse au plein air), membre du conseil d\u2019administration de la Ligue de l\u2019enseignement\u2026 Patrick faisait partie de ces personnes qui se donnait en toute humilit\u00e9.<\/p>\n<p>V\u00e9ronique Blanchet reste marqu\u00e9e. \u00ab J<em>\u2019ai \u00e9norm\u00e9ment appris \u00e0 ses c\u00f4t\u00e9s, Patrick m\u2019a guid\u00e9e. Il poss\u00e9dait une grande humanit\u00e9. Il \u00e9tait \u00e0 l\u2019\u00e9coute, jamais dans le jugement, <\/em>confie celle qui a milit\u00e9 avec lui au Front de gauche<em>, il avait toujours un discours apaisant, avec pour seul objectif le bien de l\u2019autre<\/em> \u00bb.<\/p>\n<p>Nos pens\u00e9es vont vers sa famille, ses proches et ses amis.<\/p>\n<p style=\"text-align: center;\"><span style=\"font-size: 14pt;\"><strong>Une c\u00e9r\u00e9monie sera organis\u00e9e en son hommage<br \/>\nmardi 12 d\u00e9cembre, \u00e0 14 h 30, au Patronage La\u00efque \u00e0 Pont-l\u2019Abb\u00e9.<\/strong><\/span><\/p>\n<p>Louise Trimaille :<br \/>\n<em>\u00ab\u00a0Magnifique billet \u00e0 un grand homme, militant, g\u00e9n\u00e9reux et plein d&rsquo;humour. Je n&rsquo;ai que de bons souvenirs de Patrick avec qui j&rsquo;\u00e9tais partie en colo quand j&rsquo;\u00e9tais enfant.\u00a0 <\/em><em>Il nous manquera \u00e0 tous !\u00a0\u00bb<\/em><\/p>\n<p>Gaston Balliot :<em><br \/>\n\u00ab\u00a0Nous avons fait ensemble un tr\u00e8s long chemin en politique.<br \/>\nCollectif antilib\u00e9ral, Collectif StopTafta (nous avons m\u00eame organis\u00e9 ensemble une belle r\u00e9union publique dans son Penhors), Front de Gauche, Parti Communiste.<br \/>\nToujours dans la confiance, la bonne humeur, la r\u00e9flexion commune avec exigence. Un homme bien, vraiment ! \u00ab\u00a0<\/em><\/p>\n<p>V\u00e9ronique Blanchet :<br \/>\nA mon ami et camarade,<br \/>\nAdjoint au maire \u00e0 la jeunesse et aux sports de 2008 \u00e0 2014, Patrick connaissait toutes les associations et clubs sportifs de Pont-l\u2019Abb\u00e9. Son mandat d\u2019\u00e9lu \u00e9tait aussi un engagement fort dans sa vie de citoyen. Pr\u00e9sent aux Assembl\u00e9es G\u00e9n\u00e9rales, matchs, tournois, festivit\u00e9s, il r\u00e9pondait aux sollicitations inlassablement, cherchant des solutions aux probl\u00e8mes afin de faciliter les organisations, sans diff\u00e9rence de traitement, organisant des rencontres entre partenaires pour f\u00e9d\u00e9rer et faciliter la communication. C\u2019\u00e9tait un homme de terrain mais il connaissait parfaitement les r\u00e8gles, de sorte \u00e0 ne jamais faire de promesses irr\u00e9alisables. Il \u00e9tait appr\u00e9ci\u00e9 pour son honn\u00eatet\u00e9 et sa franchise.<br \/>\nAupr\u00e8s de la jeunesse, il a accompagn\u00e9 les responsables et agents du Service Enfance Jeunesse de la Ville et de l\u2019Espace jeunes, toujours pr\u00e9sent et disponible, mais avec grand respect pour leur fonction, sans jamais les emp\u00eacher dans leurs missions.<br \/>\nPendant les six ann\u00e9es de mandature, nous avons travaill\u00e9 conjointement pour les \u00e9coles, la jeunesse et la culture. Homme de gauche, la\u00efque et humaniste, empli de fraternit\u00e9, convaincu du mieux vivre ensemble et du bien public, J\u2019ai pu profiter de ses exp\u00e9riences qu\u2019il a toujours mis g\u00e9n\u00e9reusement et sans calcul au service de l\u2019int\u00e9r\u00eat g\u00e9n\u00e9ral. Grace \u00e0 ses connaissances et un travail acharn\u00e9, bon nombre de projets ont pu aboutir. J\u2019ai eu une immense chance de croiser sa route.<br \/>\nMon ami et camarade Patrick est parti lundi matin, il n\u2019a pas pu mener \u00e0 bien la derni\u00e8re mission qu\u2019il s\u2019\u00e9tait confi\u00e9e\u00a0: pr\u00e9parer avec les \u00e9coles et ses partenaires, la semaine de la la\u00efcit\u00e9. On devra faire sans lui \u00e0 pr\u00e9sent, mais il a fait en sorte de nous laisser la place, comme d\u2019habitude\u00a0!<\/p>\n<p style=\"text-align: center;\"><a href=\"https:\/\/youtu.be\/hxiyrr4NZao?t=3\" target=\"_blank\" rel=\"noopener\">C&rsquo;est un joli nom \u00ab\u00a0camarade\u00a0\u00bb<\/a><\/p>\n<figure id=\"attachment_3266\" aria-describedby=\"caption-attachment-3266\" style=\"width: 863px\" class=\"wp-caption aligncenter\"><a href=\"https:\/\/pcbigouden.fr\/wp-content\/uploads\/2023\/12\/Quelau12dec23.jpg\"><img loading=\"lazy\" decoding=\"async\" class=\"wp-image-3266 size-large\" src=\"https:\/\/pcbigouden.fr\/wp-content\/uploads\/2023\/12\/Quelau12dec23-1024x768.jpg\" alt=\"\" width=\"863\" height=\"647\" srcset=\"https:\/\/pcbigouden.fr\/wp-content\/uploads\/2023\/12\/Quelau12dec23-1024x768.jpg 1024w, https:\/\/pcbigouden.fr\/wp-content\/uploads\/2023\/12\/Quelau12dec23-300x225.jpg 300w, https:\/\/pcbigouden.fr\/wp-content\/uploads\/2023\/12\/Quelau12dec23-768x576.jpg 768w, https:\/\/pcbigouden.fr\/wp-content\/uploads\/2023\/12\/Quelau12dec23-1536x1152.jpg 1536w, https:\/\/pcbigouden.fr\/wp-content\/uploads\/2023\/12\/Quelau12dec23-863x647.jpg 863w, https:\/\/pcbigouden.fr\/wp-content\/uploads\/2023\/12\/Quelau12dec23-144x108.jpg 144w, https:\/\/pcbigouden.fr\/wp-content\/uploads\/2023\/12\/Quelau12dec23-1320x990.jpg 1320w, https:\/\/pcbigouden.fr\/wp-content\/uploads\/2023\/12\/Quelau12dec23.jpg 2048w\" sizes=\"auto, (max-width: 863px) 100vw, 863px\" \/><\/a><figcaption id=\"caption-attachment-3266\" class=\"wp-caption-text\">12 d\u00e9cembre 2023<\/figcaption><\/figure>\n<p>Une foule impressionnante est venue rendre hommage \u00e0 Patrick, la grande salle du patronage la\u00efque n&rsquo;a pas suffit, la rue \u00e9tait pleine de gens n&rsquo;ayant pu entrer.<\/p>\n<p>Des hommages \u00e9mus \u00e0 la tribune, des chants, Brassens, Ferrat, et bien s\u00fbr pour terminer Le Chiffon Rouge&#8230;<\/p>\n","protected":false},"excerpt":{"rendered":"<p>Notre ami et camarade Patrick Qu\u00e9laudren nous a quitt\u00e9 hier, lundi 4 d\u00e9cembre au matin. Militant de la cause La\u00efque, \u00abil n\u2019en faisait jamais assez pour les \u00e9coles publiques, il ne comptait pas son temps. Patrick \u00e9tait une personne tr\u00e8s attachante \u00bb, commente Guy Barr\u00e9 qui partageait la pr\u00e9sidence de l\u2019Amicale la\u00efque avec lui. \u00ab &hellip; <a href=\"https:\/\/pcbigouden.fr\/?p=3249\" class=\"more-link\">Continue reading <span class=\"screen-reader-text\">Patrick Quelaudren, notre ami, notre camarade.<\/span><\/a><\/p>\n","protected":false},"author":1,"featured_media":0,"comment_status":"closed","ping_status":"closed","sticky":false,"template":"","format":"standard","meta":{"_jetpack_memberships_contains_paid_content":false,"footnotes":""},"categories":[59,14],"tags":[176,206],"class_list":["post-3249","post","type-post","status-publish","format-standard","hentry","category-parti-communiste","category-vie-locale","tag-ecole","tag-patrick-quelaudren"],"yoast_head":"<!-- This site is optimized with the Yoast SEO plugin v27.5 - https:\/\/yoast.com\/product\/yoast-seo-wordpress\/ -->\n<title>Patrick Quelaudren, notre ami, notre camarade. - PCF Pays Bigouden<\/title>\n<meta name=\"robots\" content=\"index, follow, max-snippet:-1, max-image-preview:large, max-video-preview:-1\" \/>\n<link rel=\"canonical\" href=\"https:\/\/pcbigouden.fr\/?p=3249\" \/>\n<meta property=\"og:locale\" content=\"fr_FR\" \/>\n<meta property=\"og:type\" content=\"article\" \/>\n<meta property=\"og:title\" content=\"Patrick Quelaudren, notre ami, notre camarade. - PCF Pays Bigouden\" \/>\n<meta property=\"og:description\" content=\"Notre ami et camarade Patrick Qu\u00e9laudren nous a quitt\u00e9 hier, lundi 4 d\u00e9cembre au matin. Militant de la cause La\u00efque, \u00abil n\u2019en faisait jamais assez pour les \u00e9coles publiques, il ne comptait pas son temps. Patrick \u00e9tait une personne tr\u00e8s attachante \u00bb, commente Guy Barr\u00e9 qui partageait la pr\u00e9sidence de l\u2019Amicale la\u00efque avec lui. \u00ab &hellip; Continue reading Patrick Quelaudren, notre ami, notre camarade.\" \/>\n<meta property=\"og:url\" content=\"https:\/\/pcbigouden.fr\/?p=3249\" \/>\n<meta property=\"og:site_name\" content=\"PCF Pays Bigouden\" \/>\n<meta property=\"article:published_time\" content=\"2023-12-05T09:57:04+00:00\" \/>\n<meta property=\"article:modified_time\" content=\"2023-12-15T08:19:16+00:00\" \/>\n<meta property=\"og:image\" content=\"https:\/\/pcbigouden.fr\/wp-content\/uploads\/2023\/12\/PatrickQuelaudren-768x480.jpg\" \/>\n<meta name=\"author\" content=\"pcbigouden\" \/>\n<meta name=\"twitter:card\" content=\"summary_large_image\" \/>\n<meta name=\"twitter:label1\" content=\"\u00c9crit par\" \/>\n\t<meta name=\"twitter:data1\" content=\"pcbigouden\" \/>\n\t<meta name=\"twitter:label2\" content=\"Dur\u00e9e de lecture estim\u00e9e\" \/>\n\t<meta name=\"twitter:data2\" content=\"4 minutes\" \/>\n<script type=\"application\/ld+json\" class=\"yoast-schema-graph\">{\"@context\":\"https:\\\/\\\/schema.org\",\"@graph\":[{\"@type\":\"Article\",\"@id\":\"https:\\\/\\\/pcbigouden.fr\\\/?p=3249#article\",\"isPartOf\":{\"@id\":\"https:\\\/\\\/pcbigouden.fr\\\/?p=3249\"},\"author\":{\"name\":\"pcbigouden\",\"@id\":\"https:\\\/\\\/pcbigouden.fr\\\/#\\\/schema\\\/person\\\/275123d02cb86b428226e5f9ece1fb45\"},\"headline\":\"Patrick Quelaudren, notre ami, notre camarade.\",\"datePublished\":\"2023-12-05T09:57:04+00:00\",\"dateModified\":\"2023-12-15T08:19:16+00:00\",\"mainEntityOfPage\":{\"@id\":\"https:\\\/\\\/pcbigouden.fr\\\/?p=3249\"},\"wordCount\":717,\"publisher\":{\"@id\":\"https:\\\/\\\/pcbigouden.fr\\\/#organization\"},\"image\":{\"@id\":\"https:\\\/\\\/pcbigouden.fr\\\/?p=3249#primaryimage\"},\"thumbnailUrl\":\"https:\\\/\\\/pcbigouden.fr\\\/wp-content\\\/uploads\\\/2023\\\/12\\\/PatrickQuelaudren-768x480.jpg\",\"keywords\":[\"\u00e9cole\",\"Patrick Quelaudren\"],\"articleSection\":[\"Parti Communiste\",\"Vie Locale\"],\"inLanguage\":\"fr-FR\"},{\"@type\":\"WebPage\",\"@id\":\"https:\\\/\\\/pcbigouden.fr\\\/?p=3249\",\"url\":\"https:\\\/\\\/pcbigouden.fr\\\/?p=3249\",\"name\":\"Patrick Quelaudren, notre ami, notre camarade. - PCF Pays Bigouden\",\"isPartOf\":{\"@id\":\"https:\\\/\\\/pcbigouden.fr\\\/#website\"},\"primaryImageOfPage\":{\"@id\":\"https:\\\/\\\/pcbigouden.fr\\\/?p=3249#primaryimage\"},\"image\":{\"@id\":\"https:\\\/\\\/pcbigouden.fr\\\/?p=3249#primaryimage\"},\"thumbnailUrl\":\"https:\\\/\\\/pcbigouden.fr\\\/wp-content\\\/uploads\\\/2023\\\/12\\\/PatrickQuelaudren-768x480.jpg\",\"datePublished\":\"2023-12-05T09:57:04+00:00\",\"dateModified\":\"2023-12-15T08:19:16+00:00\",\"breadcrumb\":{\"@id\":\"https:\\\/\\\/pcbigouden.fr\\\/?p=3249#breadcrumb\"},\"inLanguage\":\"fr-FR\",\"potentialAction\":[{\"@type\":\"ReadAction\",\"target\":[\"https:\\\/\\\/pcbigouden.fr\\\/?p=3249\"]}]},{\"@type\":\"ImageObject\",\"inLanguage\":\"fr-FR\",\"@id\":\"https:\\\/\\\/pcbigouden.fr\\\/?p=3249#primaryimage\",\"url\":\"https:\\\/\\\/pcbigouden.fr\\\/wp-content\\\/uploads\\\/2023\\\/12\\\/PatrickQuelaudren.jpg\",\"contentUrl\":\"https:\\\/\\\/pcbigouden.fr\\\/wp-content\\\/uploads\\\/2023\\\/12\\\/PatrickQuelaudren.jpg\",\"width\":960,\"height\":600,\"caption\":\"De gauche \u00e0 droite : Delphine Caro, administratrice de l'Amicale la\u00efque et responsable des inscriptions, et Patrick Quelaudren, pr\u00e9sident.\"},{\"@type\":\"BreadcrumbList\",\"@id\":\"https:\\\/\\\/pcbigouden.fr\\\/?p=3249#breadcrumb\",\"itemListElement\":[{\"@type\":\"ListItem\",\"position\":1,\"name\":\"Accueil\",\"item\":\"https:\\\/\\\/pcbigouden.fr\\\/\"},{\"@type\":\"ListItem\",\"position\":2,\"name\":\"Patrick Quelaudren, notre ami, notre camarade.\"}]},{\"@type\":\"WebSite\",\"@id\":\"https:\\\/\\\/pcbigouden.fr\\\/#website\",\"url\":\"https:\\\/\\\/pcbigouden.fr\\\/\",\"name\":\"PCF Pays Bigouden\",\"description\":\"Blog des communistes du Pays Bigouden\",\"publisher\":{\"@id\":\"https:\\\/\\\/pcbigouden.fr\\\/#organization\"},\"potentialAction\":[{\"@type\":\"SearchAction\",\"target\":{\"@type\":\"EntryPoint\",\"urlTemplate\":\"https:\\\/\\\/pcbigouden.fr\\\/?s={search_term_string}\"},\"query-input\":{\"@type\":\"PropertyValueSpecification\",\"valueRequired\":true,\"valueName\":\"search_term_string\"}}],\"inLanguage\":\"fr-FR\"},{\"@type\":\"Organization\",\"@id\":\"https:\\\/\\\/pcbigouden.fr\\\/#organization\",\"name\":\"Parti Communiste PCF Pays Bigouden\",\"url\":\"https:\\\/\\\/pcbigouden.fr\\\/\",\"logo\":{\"@type\":\"ImageObject\",\"inLanguage\":\"fr-FR\",\"@id\":\"https:\\\/\\\/pcbigouden.fr\\\/#\\\/schema\\\/logo\\\/image\\\/\",\"url\":\"https:\\\/\\\/pcbigouden.fr\\\/wp-content\\\/uploads\\\/2021\\\/10\\\/logoTB307x290.jpg\",\"contentUrl\":\"https:\\\/\\\/pcbigouden.fr\\\/wp-content\\\/uploads\\\/2021\\\/10\\\/logoTB307x290.jpg\",\"width\":307,\"height\":290,\"caption\":\"Parti Communiste PCF Pays Bigouden\"},\"image\":{\"@id\":\"https:\\\/\\\/pcbigouden.fr\\\/#\\\/schema\\\/logo\\\/image\\\/\"}},{\"@type\":\"Person\",\"@id\":\"https:\\\/\\\/pcbigouden.fr\\\/#\\\/schema\\\/person\\\/275123d02cb86b428226e5f9ece1fb45\",\"name\":\"pcbigouden\",\"image\":{\"@type\":\"ImageObject\",\"inLanguage\":\"fr-FR\",\"@id\":\"https:\\\/\\\/secure.gravatar.com\\\/avatar\\\/0b1629b930d618ad44494ab153a628070e41fe2a36494d685d6a33679cd35013?s=96&d=mm&r=g\",\"url\":\"https:\\\/\\\/secure.gravatar.com\\\/avatar\\\/0b1629b930d618ad44494ab153a628070e41fe2a36494d685d6a33679cd35013?s=96&d=mm&r=g\",\"contentUrl\":\"https:\\\/\\\/secure.gravatar.com\\\/avatar\\\/0b1629b930d618ad44494ab153a628070e41fe2a36494d685d6a33679cd35013?s=96&d=mm&r=g\",\"caption\":\"pcbigouden\"},\"sameAs\":[\"https:\\\/\\\/pcbigouden.fr\"],\"url\":\"https:\\\/\\\/pcbigouden.fr\\\/?author=1\"}]}<\/script>\n<!-- \/ Yoast SEO plugin. -->","yoast_head_json":{"title":"Patrick Quelaudren, notre ami, notre camarade. - PCF Pays Bigouden","robots":{"index":"index","follow":"follow","max-snippet":"max-snippet:-1","max-image-preview":"max-image-preview:large","max-video-preview":"max-video-preview:-1"},"canonical":"https:\/\/pcbigouden.fr\/?p=3249","og_locale":"fr_FR","og_type":"article","og_title":"Patrick Quelaudren, notre ami, notre camarade. - PCF Pays Bigouden","og_description":"Notre ami et camarade Patrick Qu\u00e9laudren nous a quitt\u00e9 hier, lundi 4 d\u00e9cembre au matin. Militant de la cause La\u00efque, \u00abil n\u2019en faisait jamais assez pour les \u00e9coles publiques, il ne comptait pas son temps. Patrick \u00e9tait une personne tr\u00e8s attachante \u00bb, commente Guy Barr\u00e9 qui partageait la pr\u00e9sidence de l\u2019Amicale la\u00efque avec lui. \u00ab &hellip; Continue reading Patrick Quelaudren, notre ami, notre camarade.","og_url":"https:\/\/pcbigouden.fr\/?p=3249","og_site_name":"PCF Pays Bigouden","article_published_time":"2023-12-05T09:57:04+00:00","article_modified_time":"2023-12-15T08:19:16+00:00","og_image":[{"url":"https:\/\/pcbigouden.fr\/wp-content\/uploads\/2023\/12\/PatrickQuelaudren-768x480.jpg","type":"","width":"","height":""}],"author":"pcbigouden","twitter_card":"summary_large_image","twitter_misc":{"\u00c9crit par":"pcbigouden","Dur\u00e9e de lecture estim\u00e9e":"4 minutes"},"schema":{"@context":"https:\/\/schema.org","@graph":[{"@type":"Article","@id":"https:\/\/pcbigouden.fr\/?p=3249#article","isPartOf":{"@id":"https:\/\/pcbigouden.fr\/?p=3249"},"author":{"name":"pcbigouden","@id":"https:\/\/pcbigouden.fr\/#\/schema\/person\/275123d02cb86b428226e5f9ece1fb45"},"headline":"Patrick Quelaudren, notre ami, notre camarade.","datePublished":"2023-12-05T09:57:04+00:00","dateModified":"2023-12-15T08:19:16+00:00","mainEntityOfPage":{"@id":"https:\/\/pcbigouden.fr\/?p=3249"},"wordCount":717,"publisher":{"@id":"https:\/\/pcbigouden.fr\/#organization"},"image":{"@id":"https:\/\/pcbigouden.fr\/?p=3249#primaryimage"},"thumbnailUrl":"https:\/\/pcbigouden.fr\/wp-content\/uploads\/2023\/12\/PatrickQuelaudren-768x480.jpg","keywords":["\u00e9cole","Patrick Quelaudren"],"articleSection":["Parti Communiste","Vie Locale"],"inLanguage":"fr-FR"},{"@type":"WebPage","@id":"https:\/\/pcbigouden.fr\/?p=3249","url":"https:\/\/pcbigouden.fr\/?p=3249","name":"Patrick Quelaudren, notre ami, notre camarade. - PCF Pays Bigouden","isPartOf":{"@id":"https:\/\/pcbigouden.fr\/#website"},"primaryImageOfPage":{"@id":"https:\/\/pcbigouden.fr\/?p=3249#primaryimage"},"image":{"@id":"https:\/\/pcbigouden.fr\/?p=3249#primaryimage"},"thumbnailUrl":"https:\/\/pcbigouden.fr\/wp-content\/uploads\/2023\/12\/PatrickQuelaudren-768x480.jpg","datePublished":"2023-12-05T09:57:04+00:00","dateModified":"2023-12-15T08:19:16+00:00","breadcrumb":{"@id":"https:\/\/pcbigouden.fr\/?p=3249#breadcrumb"},"inLanguage":"fr-FR","potentialAction":[{"@type":"ReadAction","target":["https:\/\/pcbigouden.fr\/?p=3249"]}]},{"@type":"ImageObject","inLanguage":"fr-FR","@id":"https:\/\/pcbigouden.fr\/?p=3249#primaryimage","url":"https:\/\/pcbigouden.fr\/wp-content\/uploads\/2023\/12\/PatrickQuelaudren.jpg","contentUrl":"https:\/\/pcbigouden.fr\/wp-content\/uploads\/2023\/12\/PatrickQuelaudren.jpg","width":960,"height":600,"caption":"De gauche \u00e0 droite : Delphine Caro, administratrice de l'Amicale la\u00efque et responsable des inscriptions, et Patrick Quelaudren, pr\u00e9sident."},{"@type":"BreadcrumbList","@id":"https:\/\/pcbigouden.fr\/?p=3249#breadcrumb","itemListElement":[{"@type":"ListItem","position":1,"name":"Accueil","item":"https:\/\/pcbigouden.fr\/"},{"@type":"ListItem","position":2,"name":"Patrick Quelaudren, notre ami, notre camarade."}]},{"@type":"WebSite","@id":"https:\/\/pcbigouden.fr\/#website","url":"https:\/\/pcbigouden.fr\/","name":"PCF Pays Bigouden","description":"Blog des communistes du Pays Bigouden","publisher":{"@id":"https:\/\/pcbigouden.fr\/#organization"},"potentialAction":[{"@type":"SearchAction","target":{"@type":"EntryPoint","urlTemplate":"https:\/\/pcbigouden.fr\/?s={search_term_string}"},"query-input":{"@type":"PropertyValueSpecification","valueRequired":true,"valueName":"search_term_string"}}],"inLanguage":"fr-FR"},{"@type":"Organization","@id":"https:\/\/pcbigouden.fr\/#organization","name":"Parti Communiste PCF Pays Bigouden","url":"https:\/\/pcbigouden.fr\/","logo":{"@type":"ImageObject","inLanguage":"fr-FR","@id":"https:\/\/pcbigouden.fr\/#\/schema\/logo\/image\/","url":"https:\/\/pcbigouden.fr\/wp-content\/uploads\/2021\/10\/logoTB307x290.jpg","contentUrl":"https:\/\/pcbigouden.fr\/wp-content\/uploads\/2021\/10\/logoTB307x290.jpg","width":307,"height":290,"caption":"Parti Communiste PCF Pays Bigouden"},"image":{"@id":"https:\/\/pcbigouden.fr\/#\/schema\/logo\/image\/"}},{"@type":"Person","@id":"https:\/\/pcbigouden.fr\/#\/schema\/person\/275123d02cb86b428226e5f9ece1fb45","name":"pcbigouden","image":{"@type":"ImageObject","inLanguage":"fr-FR","@id":"https:\/\/secure.gravatar.com\/avatar\/0b1629b930d618ad44494ab153a628070e41fe2a36494d685d6a33679cd35013?s=96&d=mm&r=g","url":"https:\/\/secure.gravatar.com\/avatar\/0b1629b930d618ad44494ab153a628070e41fe2a36494d685d6a33679cd35013?s=96&d=mm&r=g","contentUrl":"https:\/\/secure.gravatar.com\/avatar\/0b1629b930d618ad44494ab153a628070e41fe2a36494d685d6a33679cd35013?s=96&d=mm&r=g","caption":"pcbigouden"},"sameAs":["https:\/\/pcbigouden.fr"],"url":"https:\/\/pcbigouden.fr\/?author=1"}]}},"jetpack_featured_media_url":"","jetpack_sharing_enabled":true,"jetpack_likes_enabled":true,"_links":{"self":[{"href":"https:\/\/pcbigouden.fr\/index.php?rest_route=\/wp\/v2\/posts\/3249","targetHints":{"allow":["GET"]}}],"collection":[{"href":"https:\/\/pcbigouden.fr\/index.php?rest_route=\/wp\/v2\/posts"}],"about":[{"href":"https:\/\/pcbigouden.fr\/index.php?rest_route=\/wp\/v2\/types\/post"}],"author":[{"embeddable":true,"href":"https:\/\/pcbigouden.fr\/index.php?rest_route=\/wp\/v2\/users\/1"}],"replies":[{"embeddable":true,"href":"https:\/\/pcbigouden.fr\/index.php?rest_route=%2Fwp%2Fv2%2Fcomments&post=3249"}],"version-history":[{"count":14,"href":"https:\/\/pcbigouden.fr\/index.php?rest_route=\/wp\/v2\/posts\/3249\/revisions"}],"predecessor-version":[{"id":3267,"href":"https:\/\/pcbigouden.fr\/index.php?rest_route=\/wp\/v2\/posts\/3249\/revisions\/3267"}],"wp:attachment":[{"href":"https:\/\/pcbigouden.fr\/index.php?rest_route=%2Fwp%2Fv2%2Fmedia&parent=3249"}],"wp:term":[{"taxonomy":"category","embeddable":true,"href":"https:\/\/pcbigouden.fr\/index.php?rest_route=%2Fwp%2Fv2%2Fcategories&post=3249"},{"taxonomy":"post_tag","embeddable":true,"href":"https:\/\/pcbigouden.fr\/index.php?rest_route=%2Fwp%2Fv2%2Ftags&post=3249"}],"curies":[{"name":"wp","href":"https:\/\/api.w.org\/{rel}","templated":true}]}}