{"id":3039,"date":"2023-09-07T15:16:42","date_gmt":"2023-09-07T13:16:42","guid":{"rendered":"https:\/\/pcbigouden.fr\/?p=3039"},"modified":"2023-09-27T14:46:44","modified_gmt":"2023-09-27T12:46:44","slug":"merci-m-arnault","status":"publish","type":"post","link":"https:\/\/pcbigouden.fr\/?p=3039","title":{"rendered":"Merci M. Arnault \u2026"},"content":{"rendered":"<p>On ne peut que se r\u00e9jouir pour les Resto du C\u0153ur\u00a0: 10 millions donn\u00e9s par Bernard Arnault et sa famille, cela correspond \u00e0 1\/3 de la somme n\u00e9cessaire pour boucler le budget de l\u2019association et permettre ainsi \u00e0 certains de nos concitoyens de survivre &#8230; un peu.<\/p>\n<p>Ce don a largement \u00e9t\u00e9 m\u00e9diatis\u00e9 et comment\u00e9.<\/p>\n<p>On peut bien s\u00fbr appr\u00e9cier ce geste et se dire que c\u2019est d\u00e9j\u00e0 \u00e7a de gagn\u00e9, et c\u2019est vrai.<\/p>\n<p>On peut par contre se poser la question sur l\u2019acte en lui-m\u00eame. Faut-il faire venir les journalistes et se pavaner devant les m\u00e9diats ou plut\u00f4t rester humble comme Fran\u00e7oise, qui sur sa maigre retraite donne 5 \u20ac tous les mois \u00e0 son association pr\u00e9f\u00e9r\u00e9e.<\/p>\n<p>On peut se poser aussi la question du montant de cette somme. Ce don correspond \u00e0 <em>0,004% de la fortune personnelle de M. Arnault, mais bon c\u2019est 10 millions\u00a0! Alors que pour Fran\u00e7oise cela fait 0,33\u00a0% de sa retraite, mais ce n\u2019est que 5 \u20ac \u2026.<\/em><\/p>\n<p><em>Mais la v\u00e9ritable question que l\u2019on doit se poser n\u2019est-elle pas quelle justice sociale veut-on pour notre soci\u00e9t\u00e9\u00a0?<\/em><\/p>\n<p><em>Que penser d\u2019une soci\u00e9t\u00e9 qui permet aux plus riches ne pas participer au bien de tous\u00a0? (M. Arnault ne paie que 2\u00a0% d\u2019imp\u00f4t en France et n\u2019est pas soumis \u00e0 l\u2019ISF).<\/em><!--more--><\/p>\n<p><em>Que penser d\u2019une soci\u00e9t\u00e9 qui fait appel aux dons, voire, \u00e0 la notion tr\u00e8s chr\u00e9tienne de la charit\u00e9 pour s\u2019occuper des plus pauvres\u00a0? \u00ab &#8230; il est \u00e9vident que le geste charitable est d\u2019abord gratifiant pour celui qui l\u2019accomplit, avant m\u00eame d\u2019atteindre celui qu\u2019il secourt. Gratifiant dans la mesure o\u00f9 la charit\u00e9 est toujours publique et doit toujours l\u2019\u00eatre pour exprimer sa valeur sans attendre la r\u00e9tribution de l\u2019au-del\u00e0. Il faut non seulement donner mais se montrer donnant, depuis l\u2019antiquit\u00e9 jusqu\u2019au d\u00e9ploiement m\u00e9diatique de la charit\u00e9 business d\u2019aujourd\u2019hui &#8230;\u00a0Cette id\u00e9e de charit\u00e9 a d\u00e9sormais gliss\u00e9 du champ du religieux pour s\u2019enraciner dans celui du politique\u00a0\u00bb qui s\u2019exon\u00e8re \u00e0 bon compte des devoirs qui lui incombent. \u00ab\u00a0Ainsi, dans la soci\u00e9t\u00e9 o\u00f9 nous vivons, on est pass\u00e9 du droit d\u2019exister \u00e0 l\u2019existence d\u2019aum\u00f4ne (&#8230;) pour survivre. La charit\u00e9 ne co\u00fbte rien (&#8230;) alors que l\u2019application de lois sociales remettrait en cause l\u2019injuste r\u00e9partition des richesses et la criminelle in\u00e9galit\u00e9 qu\u2019elle produit entre les citoyens\u00a0\u00bb. (G\u00e9rard Mordillat, \u00ab\u00a0Tant qu\u2019il y aura de la charit\u00e9, il y aura de l\u2019injustice\u00a0\u00bb, l\u2019Humanit\u00e9 des d\u00e9bats 5-7 octobre 2012)<\/em><\/p>\n<p><em>ET que penser d\u2019un gouvernement qui devant l&rsquo;urgence de la situation, va d\u00e9bloquer \u00ab\u00a0156 millions d&rsquo;euros pour les associations consacr\u00e9es \u00e0 l&rsquo;aide alimentaire en 2023, soit plus qu&rsquo;un doublement en trois ans, pour soutenir tous les Fran\u00e7ais qui en ont besoin\u00a0\u00bb (Aurore Berg\u00e9, ministre des Solidarit\u00e9s et des Familles, mardi 5 septembre) alors qu\u2019en m\u00eame temps son gouvernement participe \u00e0 la casse sociale de notre pays\u00a0?<\/em><\/p>\n<p><em>Alors ce \u00ab\u00a0en m\u00eame temps\u00a0\u00bb de M. Macron n\u2019est que de la poudre aux yeux, et il est temps de se poser les bonnes questions et d\u2019agir\u00a0!<\/em><\/p>\n<p><em><br \/>\n\u00ab\u00a0<\/em><em>Vous voulez les mis\u00e9rables secourus, moi je veux la mis\u00e8re supprim\u00e9e. La charit\u00e9 de<\/em><em>\u00a0<\/em><em>Bernard\u00a0Arnault\u00a0ne masquera pas l\u2019injustice fiscale qui frappe les Fran\u00e7ais. Il est grand temps de r\u00e9tablir cette justice\u00a0!\u00a0\u00bb<\/em> <em><span style=\"color: #000000;\">(Fabien Roussel)<\/span><\/em><\/p>\n","protected":false},"excerpt":{"rendered":"<p>On ne peut que se r\u00e9jouir pour les Resto du C\u0153ur\u00a0: 10 millions donn\u00e9s par Bernard Arnault et sa famille, cela correspond \u00e0 1\/3 de la somme n\u00e9cessaire pour boucler le budget de l\u2019association et permettre ainsi \u00e0 certains de nos concitoyens de survivre &#8230; un peu. Ce don a largement \u00e9t\u00e9 m\u00e9diatis\u00e9 et comment\u00e9. &hellip; <a href=\"https:\/\/pcbigouden.fr\/?p=3039\" class=\"more-link\">Continue reading <span class=\"screen-reader-text\">Merci M. Arnault \u2026<\/span><\/a><\/p>\n","protected":false},"author":6,"featured_media":3040,"comment_status":"closed","ping_status":"closed","sticky":false,"template":"","format":"standard","meta":{"_jetpack_memberships_contains_paid_content":false,"footnotes":""},"categories":[3,13],"tags":[197,18,125],"class_list":["post-3039","post","type-post","status-publish","format-standard","has-post-thumbnail","hentry","category-economie","category-social","tag-arnaud","tag-capitalisme","tag-pauvrete"],"yoast_head":"<!-- This site is optimized with the Yoast SEO plugin v27.5 - https:\/\/yoast.com\/product\/yoast-seo-wordpress\/ -->\n<title>Merci M. Arnault \u2026 - PCF Pays Bigouden<\/title>\n<meta name=\"robots\" content=\"index, follow, max-snippet:-1, max-image-preview:large, max-video-preview:-1\" \/>\n<link rel=\"canonical\" href=\"https:\/\/pcbigouden.fr\/?p=3039\" \/>\n<meta property=\"og:locale\" content=\"fr_FR\" \/>\n<meta property=\"og:type\" content=\"article\" \/>\n<meta property=\"og:title\" content=\"Merci M. Arnault \u2026 - PCF Pays Bigouden\" \/>\n<meta property=\"og:description\" content=\"On ne peut que se r\u00e9jouir pour les Resto du C\u0153ur\u00a0: 10 millions donn\u00e9s par Bernard Arnault et sa famille, cela correspond \u00e0 1\/3 de la somme n\u00e9cessaire pour boucler le budget de l\u2019association et permettre ainsi \u00e0 certains de nos concitoyens de survivre &#8230; un peu. Ce don a largement \u00e9t\u00e9 m\u00e9diatis\u00e9 et comment\u00e9. &hellip; Continue reading Merci M. Arnault \u2026\" \/>\n<meta property=\"og:url\" content=\"https:\/\/pcbigouden.fr\/?p=3039\" \/>\n<meta property=\"og:site_name\" content=\"PCF Pays Bigouden\" \/>\n<meta property=\"article:published_time\" content=\"2023-09-07T13:16:42+00:00\" \/>\n<meta property=\"article:modified_time\" content=\"2023-09-27T12:46:44+00:00\" \/>\n<meta property=\"og:image\" content=\"https:\/\/pcbigouden.fr\/wp-content\/uploads\/2023\/09\/ArnaudCharite.jpeg\" \/>\n\t<meta property=\"og:image:width\" content=\"694\" \/>\n\t<meta property=\"og:image:height\" content=\"458\" \/>\n\t<meta property=\"og:image:type\" content=\"image\/jpeg\" \/>\n<meta name=\"author\" content=\"sierramaestra\" \/>\n<meta name=\"twitter:card\" content=\"summary_large_image\" \/>\n<meta name=\"twitter:label1\" content=\"\u00c9crit par\" \/>\n\t<meta name=\"twitter:data1\" content=\"sierramaestra\" \/>\n\t<meta name=\"twitter:label2\" content=\"Dur\u00e9e de lecture estim\u00e9e\" \/>\n\t<meta name=\"twitter:data2\" content=\"3 minutes\" \/>\n<script type=\"application\/ld+json\" class=\"yoast-schema-graph\">{\"@context\":\"https:\\\/\\\/schema.org\",\"@graph\":[{\"@type\":\"Article\",\"@id\":\"https:\\\/\\\/pcbigouden.fr\\\/?p=3039#article\",\"isPartOf\":{\"@id\":\"https:\\\/\\\/pcbigouden.fr\\\/?p=3039\"},\"author\":{\"name\":\"sierramaestra\",\"@id\":\"https:\\\/\\\/pcbigouden.fr\\\/#\\\/schema\\\/person\\\/2f88b3db41deacf169cab9e2ff83133a\"},\"headline\":\"Merci M. Arnault \u2026\",\"datePublished\":\"2023-09-07T13:16:42+00:00\",\"dateModified\":\"2023-09-27T12:46:44+00:00\",\"mainEntityOfPage\":{\"@id\":\"https:\\\/\\\/pcbigouden.fr\\\/?p=3039\"},\"wordCount\":588,\"publisher\":{\"@id\":\"https:\\\/\\\/pcbigouden.fr\\\/#organization\"},\"image\":{\"@id\":\"https:\\\/\\\/pcbigouden.fr\\\/?p=3039#primaryimage\"},\"thumbnailUrl\":\"https:\\\/\\\/pcbigouden.fr\\\/wp-content\\\/uploads\\\/2023\\\/09\\\/ArnaudCharite.jpeg\",\"keywords\":[\"Arnaud\",\"capitalisme\",\"pauvret\u00e9\"],\"articleSection\":[\"Economie\",\"Social\"],\"inLanguage\":\"fr-FR\"},{\"@type\":\"WebPage\",\"@id\":\"https:\\\/\\\/pcbigouden.fr\\\/?p=3039\",\"url\":\"https:\\\/\\\/pcbigouden.fr\\\/?p=3039\",\"name\":\"Merci M. Arnault \u2026 - PCF Pays Bigouden\",\"isPartOf\":{\"@id\":\"https:\\\/\\\/pcbigouden.fr\\\/#website\"},\"primaryImageOfPage\":{\"@id\":\"https:\\\/\\\/pcbigouden.fr\\\/?p=3039#primaryimage\"},\"image\":{\"@id\":\"https:\\\/\\\/pcbigouden.fr\\\/?p=3039#primaryimage\"},\"thumbnailUrl\":\"https:\\\/\\\/pcbigouden.fr\\\/wp-content\\\/uploads\\\/2023\\\/09\\\/ArnaudCharite.jpeg\",\"datePublished\":\"2023-09-07T13:16:42+00:00\",\"dateModified\":\"2023-09-27T12:46:44+00:00\",\"breadcrumb\":{\"@id\":\"https:\\\/\\\/pcbigouden.fr\\\/?p=3039#breadcrumb\"},\"inLanguage\":\"fr-FR\",\"potentialAction\":[{\"@type\":\"ReadAction\",\"target\":[\"https:\\\/\\\/pcbigouden.fr\\\/?p=3039\"]}]},{\"@type\":\"ImageObject\",\"inLanguage\":\"fr-FR\",\"@id\":\"https:\\\/\\\/pcbigouden.fr\\\/?p=3039#primaryimage\",\"url\":\"https:\\\/\\\/pcbigouden.fr\\\/wp-content\\\/uploads\\\/2023\\\/09\\\/ArnaudCharite.jpeg\",\"contentUrl\":\"https:\\\/\\\/pcbigouden.fr\\\/wp-content\\\/uploads\\\/2023\\\/09\\\/ArnaudCharite.jpeg\",\"width\":694,\"height\":458},{\"@type\":\"BreadcrumbList\",\"@id\":\"https:\\\/\\\/pcbigouden.fr\\\/?p=3039#breadcrumb\",\"itemListElement\":[{\"@type\":\"ListItem\",\"position\":1,\"name\":\"Accueil\",\"item\":\"https:\\\/\\\/pcbigouden.fr\\\/\"},{\"@type\":\"ListItem\",\"position\":2,\"name\":\"Merci M. Arnault \u2026\"}]},{\"@type\":\"WebSite\",\"@id\":\"https:\\\/\\\/pcbigouden.fr\\\/#website\",\"url\":\"https:\\\/\\\/pcbigouden.fr\\\/\",\"name\":\"PCF Pays Bigouden\",\"description\":\"Blog des communistes du Pays Bigouden\",\"publisher\":{\"@id\":\"https:\\\/\\\/pcbigouden.fr\\\/#organization\"},\"potentialAction\":[{\"@type\":\"SearchAction\",\"target\":{\"@type\":\"EntryPoint\",\"urlTemplate\":\"https:\\\/\\\/pcbigouden.fr\\\/?s={search_term_string}\"},\"query-input\":{\"@type\":\"PropertyValueSpecification\",\"valueRequired\":true,\"valueName\":\"search_term_string\"}}],\"inLanguage\":\"fr-FR\"},{\"@type\":\"Organization\",\"@id\":\"https:\\\/\\\/pcbigouden.fr\\\/#organization\",\"name\":\"Parti Communiste PCF Pays Bigouden\",\"url\":\"https:\\\/\\\/pcbigouden.fr\\\/\",\"logo\":{\"@type\":\"ImageObject\",\"inLanguage\":\"fr-FR\",\"@id\":\"https:\\\/\\\/pcbigouden.fr\\\/#\\\/schema\\\/logo\\\/image\\\/\",\"url\":\"https:\\\/\\\/pcbigouden.fr\\\/wp-content\\\/uploads\\\/2021\\\/10\\\/logoTB307x290.jpg\",\"contentUrl\":\"https:\\\/\\\/pcbigouden.fr\\\/wp-content\\\/uploads\\\/2021\\\/10\\\/logoTB307x290.jpg\",\"width\":307,\"height\":290,\"caption\":\"Parti Communiste PCF Pays Bigouden\"},\"image\":{\"@id\":\"https:\\\/\\\/pcbigouden.fr\\\/#\\\/schema\\\/logo\\\/image\\\/\"}},{\"@type\":\"Person\",\"@id\":\"https:\\\/\\\/pcbigouden.fr\\\/#\\\/schema\\\/person\\\/2f88b3db41deacf169cab9e2ff83133a\",\"name\":\"sierramaestra\",\"image\":{\"@type\":\"ImageObject\",\"inLanguage\":\"fr-FR\",\"@id\":\"https:\\\/\\\/secure.gravatar.com\\\/avatar\\\/5e822171bcc9a9856efba4097a35cfd35b4c239b7b552810087caf40ef8496b2?s=96&d=mm&r=g\",\"url\":\"https:\\\/\\\/secure.gravatar.com\\\/avatar\\\/5e822171bcc9a9856efba4097a35cfd35b4c239b7b552810087caf40ef8496b2?s=96&d=mm&r=g\",\"contentUrl\":\"https:\\\/\\\/secure.gravatar.com\\\/avatar\\\/5e822171bcc9a9856efba4097a35cfd35b4c239b7b552810087caf40ef8496b2?s=96&d=mm&r=g\",\"caption\":\"sierramaestra\"},\"url\":\"https:\\\/\\\/pcbigouden.fr\\\/?author=6\"}]}<\/script>\n<!-- \/ Yoast SEO plugin. -->","yoast_head_json":{"title":"Merci M. Arnault \u2026 - PCF Pays Bigouden","robots":{"index":"index","follow":"follow","max-snippet":"max-snippet:-1","max-image-preview":"max-image-preview:large","max-video-preview":"max-video-preview:-1"},"canonical":"https:\/\/pcbigouden.fr\/?p=3039","og_locale":"fr_FR","og_type":"article","og_title":"Merci M. Arnault \u2026 - PCF Pays Bigouden","og_description":"On ne peut que se r\u00e9jouir pour les Resto du C\u0153ur\u00a0: 10 millions donn\u00e9s par Bernard Arnault et sa famille, cela correspond \u00e0 1\/3 de la somme n\u00e9cessaire pour boucler le budget de l\u2019association et permettre ainsi \u00e0 certains de nos concitoyens de survivre &#8230; un peu. Ce don a largement \u00e9t\u00e9 m\u00e9diatis\u00e9 et comment\u00e9. &hellip; Continue reading Merci M. Arnault \u2026","og_url":"https:\/\/pcbigouden.fr\/?p=3039","og_site_name":"PCF Pays Bigouden","article_published_time":"2023-09-07T13:16:42+00:00","article_modified_time":"2023-09-27T12:46:44+00:00","og_image":[{"width":694,"height":458,"url":"https:\/\/pcbigouden.fr\/wp-content\/uploads\/2023\/09\/ArnaudCharite.jpeg","type":"image\/jpeg"}],"author":"sierramaestra","twitter_card":"summary_large_image","twitter_misc":{"\u00c9crit par":"sierramaestra","Dur\u00e9e de lecture estim\u00e9e":"3 minutes"},"schema":{"@context":"https:\/\/schema.org","@graph":[{"@type":"Article","@id":"https:\/\/pcbigouden.fr\/?p=3039#article","isPartOf":{"@id":"https:\/\/pcbigouden.fr\/?p=3039"},"author":{"name":"sierramaestra","@id":"https:\/\/pcbigouden.fr\/#\/schema\/person\/2f88b3db41deacf169cab9e2ff83133a"},"headline":"Merci M. Arnault \u2026","datePublished":"2023-09-07T13:16:42+00:00","dateModified":"2023-09-27T12:46:44+00:00","mainEntityOfPage":{"@id":"https:\/\/pcbigouden.fr\/?p=3039"},"wordCount":588,"publisher":{"@id":"https:\/\/pcbigouden.fr\/#organization"},"image":{"@id":"https:\/\/pcbigouden.fr\/?p=3039#primaryimage"},"thumbnailUrl":"https:\/\/pcbigouden.fr\/wp-content\/uploads\/2023\/09\/ArnaudCharite.jpeg","keywords":["Arnaud","capitalisme","pauvret\u00e9"],"articleSection":["Economie","Social"],"inLanguage":"fr-FR"},{"@type":"WebPage","@id":"https:\/\/pcbigouden.fr\/?p=3039","url":"https:\/\/pcbigouden.fr\/?p=3039","name":"Merci M. Arnault \u2026 - PCF Pays Bigouden","isPartOf":{"@id":"https:\/\/pcbigouden.fr\/#website"},"primaryImageOfPage":{"@id":"https:\/\/pcbigouden.fr\/?p=3039#primaryimage"},"image":{"@id":"https:\/\/pcbigouden.fr\/?p=3039#primaryimage"},"thumbnailUrl":"https:\/\/pcbigouden.fr\/wp-content\/uploads\/2023\/09\/ArnaudCharite.jpeg","datePublished":"2023-09-07T13:16:42+00:00","dateModified":"2023-09-27T12:46:44+00:00","breadcrumb":{"@id":"https:\/\/pcbigouden.fr\/?p=3039#breadcrumb"},"inLanguage":"fr-FR","potentialAction":[{"@type":"ReadAction","target":["https:\/\/pcbigouden.fr\/?p=3039"]}]},{"@type":"ImageObject","inLanguage":"fr-FR","@id":"https:\/\/pcbigouden.fr\/?p=3039#primaryimage","url":"https:\/\/pcbigouden.fr\/wp-content\/uploads\/2023\/09\/ArnaudCharite.jpeg","contentUrl":"https:\/\/pcbigouden.fr\/wp-content\/uploads\/2023\/09\/ArnaudCharite.jpeg","width":694,"height":458},{"@type":"BreadcrumbList","@id":"https:\/\/pcbigouden.fr\/?p=3039#breadcrumb","itemListElement":[{"@type":"ListItem","position":1,"name":"Accueil","item":"https:\/\/pcbigouden.fr\/"},{"@type":"ListItem","position":2,"name":"Merci M. Arnault \u2026"}]},{"@type":"WebSite","@id":"https:\/\/pcbigouden.fr\/#website","url":"https:\/\/pcbigouden.fr\/","name":"PCF Pays Bigouden","description":"Blog des communistes du Pays Bigouden","publisher":{"@id":"https:\/\/pcbigouden.fr\/#organization"},"potentialAction":[{"@type":"SearchAction","target":{"@type":"EntryPoint","urlTemplate":"https:\/\/pcbigouden.fr\/?s={search_term_string}"},"query-input":{"@type":"PropertyValueSpecification","valueRequired":true,"valueName":"search_term_string"}}],"inLanguage":"fr-FR"},{"@type":"Organization","@id":"https:\/\/pcbigouden.fr\/#organization","name":"Parti Communiste PCF Pays Bigouden","url":"https:\/\/pcbigouden.fr\/","logo":{"@type":"ImageObject","inLanguage":"fr-FR","@id":"https:\/\/pcbigouden.fr\/#\/schema\/logo\/image\/","url":"https:\/\/pcbigouden.fr\/wp-content\/uploads\/2021\/10\/logoTB307x290.jpg","contentUrl":"https:\/\/pcbigouden.fr\/wp-content\/uploads\/2021\/10\/logoTB307x290.jpg","width":307,"height":290,"caption":"Parti Communiste PCF Pays Bigouden"},"image":{"@id":"https:\/\/pcbigouden.fr\/#\/schema\/logo\/image\/"}},{"@type":"Person","@id":"https:\/\/pcbigouden.fr\/#\/schema\/person\/2f88b3db41deacf169cab9e2ff83133a","name":"sierramaestra","image":{"@type":"ImageObject","inLanguage":"fr-FR","@id":"https:\/\/secure.gravatar.com\/avatar\/5e822171bcc9a9856efba4097a35cfd35b4c239b7b552810087caf40ef8496b2?s=96&d=mm&r=g","url":"https:\/\/secure.gravatar.com\/avatar\/5e822171bcc9a9856efba4097a35cfd35b4c239b7b552810087caf40ef8496b2?s=96&d=mm&r=g","contentUrl":"https:\/\/secure.gravatar.com\/avatar\/5e822171bcc9a9856efba4097a35cfd35b4c239b7b552810087caf40ef8496b2?s=96&d=mm&r=g","caption":"sierramaestra"},"url":"https:\/\/pcbigouden.fr\/?author=6"}]}},"jetpack_featured_media_url":"https:\/\/pcbigouden.fr\/wp-content\/uploads\/2023\/09\/ArnaudCharite.jpeg","jetpack_sharing_enabled":true,"jetpack_likes_enabled":true,"_links":{"self":[{"href":"https:\/\/pcbigouden.fr\/index.php?rest_route=\/wp\/v2\/posts\/3039","targetHints":{"allow":["GET"]}}],"collection":[{"href":"https:\/\/pcbigouden.fr\/index.php?rest_route=\/wp\/v2\/posts"}],"about":[{"href":"https:\/\/pcbigouden.fr\/index.php?rest_route=\/wp\/v2\/types\/post"}],"author":[{"embeddable":true,"href":"https:\/\/pcbigouden.fr\/index.php?rest_route=\/wp\/v2\/users\/6"}],"replies":[{"embeddable":true,"href":"https:\/\/pcbigouden.fr\/index.php?rest_route=%2Fwp%2Fv2%2Fcomments&post=3039"}],"version-history":[{"count":2,"href":"https:\/\/pcbigouden.fr\/index.php?rest_route=\/wp\/v2\/posts\/3039\/revisions"}],"predecessor-version":[{"id":3055,"href":"https:\/\/pcbigouden.fr\/index.php?rest_route=\/wp\/v2\/posts\/3039\/revisions\/3055"}],"wp:featuredmedia":[{"embeddable":true,"href":"https:\/\/pcbigouden.fr\/index.php?rest_route=\/wp\/v2\/media\/3040"}],"wp:attachment":[{"href":"https:\/\/pcbigouden.fr\/index.php?rest_route=%2Fwp%2Fv2%2Fmedia&parent=3039"}],"wp:term":[{"taxonomy":"category","embeddable":true,"href":"https:\/\/pcbigouden.fr\/index.php?rest_route=%2Fwp%2Fv2%2Fcategories&post=3039"},{"taxonomy":"post_tag","embeddable":true,"href":"https:\/\/pcbigouden.fr\/index.php?rest_route=%2Fwp%2Fv2%2Ftags&post=3039"}],"curies":[{"name":"wp","href":"https:\/\/api.w.org\/{rel}","templated":true}]}}