{"id":2810,"date":"2023-07-06T06:41:47","date_gmt":"2023-07-06T04:41:47","guid":{"rendered":"https:\/\/pcbigouden.fr\/?p=2810"},"modified":"2023-07-06T11:53:48","modified_gmt":"2023-07-06T09:53:48","slug":"transport-scolaire-a-plobannalec-lesconil-communique-de-presse","status":"publish","type":"post","link":"https:\/\/pcbigouden.fr\/?p=2810","title":{"rendered":"Transport scolaire \u00e0 Plobannalec-Lesconil (communiqu\u00e9 de presse)"},"content":{"rendered":"<p><span style=\"font-size: x-large;\"><b>La municipalit\u00e9 ignore les enjeux sociaux et environnementaux.<\/b><\/span><\/p>\n<p><span style=\"font-size: large;\">La suppression d\u2019un service public de proximit\u00e9 se profile pour la prochaine rentr\u00e9e scolaire.<\/span><\/p>\n<p><span style=\"font-size: large;\">En effet le conseil municipal du jeudi 22 juin a vot\u00e9, sans concertation ni information pr\u00e9alable, l\u2019arr\u00eat du transport scolaire qui concerne pourtant une vingtaine d\u2019enfants de la commune.<\/span><\/p>\n<p><span style=\"font-size: large;\">Ce service, initi\u00e9 en 1990 par l\u2019\u00e9quipe de Jean Folgoas Maire socialiste, r\u00e9pond \u00e0 un v\u00e9ritable besoin de la population et des parents en particulier compte tenu de la configuration g\u00e9ographique de la commune, de l\u2019absence d\u2019\u00e9cole publique au bourg de Plobannalec et du d\u00e9veloppement du foncier b\u00e2ti sur le bourg favorisant l\u2019installation de nouvelles familles.<\/span><\/p>\n<p><span style=\"font-size: large;\">Le co\u00fbt total de ce transport scolaire est de l\u2019ordre de 50\u00a0000 \u20ac et gr\u00e2ce aux<\/span><\/p>\n<p><span style=\"font-size: large;\">subventions R\u00e9gion\/D\u00e9partement, ce co\u00fbt devient pour la commune<\/span><\/p>\n<p><span style=\"font-size: large;\">relativement modique, autour de 10 900 \u20ac, impactant peu la capacit\u00e9 \u00e0 investir.<\/span><\/p>\n<p><span style=\"font-size: large;\">Face \u00e0 l\u2019enjeu d\u2019\u00e9quit\u00e9 dans la libert\u00e9 de choix de l\u2019\u00e9cole par les familles,<\/span><\/p>\n<p><span style=\"font-size: large;\">l\u2019argument du co\u00fbt retenu par la Municipalit\u00e9 ne tient pas, celui du bien-\u00eatre des enfants et de l\u2019opportunit\u00e9 d\u2019une garderie non plus.<\/span><\/p>\n<p><span style=\"font-size: large;\">Face \u00e0 l\u2019enjeu environnemental du changement climatique, il ne tient pas non plus alors qu\u2019\u00e0 toutes les \u00e9chelles les collectivit\u00e9s et les citoyens sont invit\u00e9s \u00e0 lutter contre le r\u00e9chauffement de notre plan\u00e8te et la pollution.<\/span><\/p>\n<p><span style=\"font-size: large;\">Une conception comptable, conservatrice, uniquement gestionnaire doit \u00eatre bannie. Cette vision \u00e9triqu\u00e9e, r\u00e9ductrice, \u00e0 court terme est contraire \u00e0 une conception exigeante, ambitieuse, \u00e9mancipatrice de l\u2019action publique locale pour le bien-\u00eatre de notre jeunesse et de notre population.<\/span><\/p>\n<p><span style=\"font-size: large;\">La section bigoud\u00e8ne du PCF d\u00e9fend la cause d\u2019une telle id\u00e9e, c\u2019est pourquoi elle apporte son soutien aux parents en lutte pour la reconnaissance de ce service public et appelle la population \u00e0 signer massivement la p\u00e9tition en cours.<\/span><\/p>\n","protected":false},"excerpt":{"rendered":"<p>La municipalit\u00e9 ignore les enjeux sociaux et environnementaux. La suppression d\u2019un service public de proximit\u00e9 se profile pour la prochaine rentr\u00e9e scolaire. En effet le conseil municipal du jeudi 22 juin a vot\u00e9, sans concertation ni information pr\u00e9alable, l\u2019arr\u00eat du transport scolaire qui concerne pourtant une vingtaine d\u2019enfants de la commune. Ce service, initi\u00e9 en &hellip; <a href=\"https:\/\/pcbigouden.fr\/?p=2810\" class=\"more-link\">Continue reading <span class=\"screen-reader-text\">Transport scolaire \u00e0 Plobannalec-Lesconil (communiqu\u00e9 de presse)<\/span><\/a><\/p>\n","protected":false},"author":5,"featured_media":0,"comment_status":"closed","ping_status":"closed","sticky":false,"template":"","format":"standard","meta":{"_jetpack_memberships_contains_paid_content":false,"footnotes":""},"categories":[59,12,14],"tags":[31],"class_list":["post-2810","post","type-post","status-publish","format-standard","hentry","category-parti-communiste","category-services-publics","category-vie-locale","tag-plobannalec-lesconil"],"yoast_head":"<!-- This site is optimized with the Yoast SEO plugin v27.5 - https:\/\/yoast.com\/product\/yoast-seo-wordpress\/ -->\n<title>Transport scolaire \u00e0 Plobannalec-Lesconil (communiqu\u00e9 de presse) - PCF Pays Bigouden<\/title>\n<meta name=\"robots\" content=\"index, follow, max-snippet:-1, max-image-preview:large, max-video-preview:-1\" \/>\n<link rel=\"canonical\" href=\"https:\/\/pcbigouden.fr\/?p=2810\" \/>\n<meta property=\"og:locale\" content=\"fr_FR\" \/>\n<meta property=\"og:type\" content=\"article\" \/>\n<meta property=\"og:title\" content=\"Transport scolaire \u00e0 Plobannalec-Lesconil (communiqu\u00e9 de presse) - PCF Pays Bigouden\" \/>\n<meta property=\"og:description\" content=\"La municipalit\u00e9 ignore les enjeux sociaux et environnementaux. La suppression d\u2019un service public de proximit\u00e9 se profile pour la prochaine rentr\u00e9e scolaire. En effet le conseil municipal du jeudi 22 juin a vot\u00e9, sans concertation ni information pr\u00e9alable, l\u2019arr\u00eat du transport scolaire qui concerne pourtant une vingtaine d\u2019enfants de la commune. Ce service, initi\u00e9 en &hellip; Continue reading Transport scolaire \u00e0 Plobannalec-Lesconil (communiqu\u00e9 de presse)\" \/>\n<meta property=\"og:url\" content=\"https:\/\/pcbigouden.fr\/?p=2810\" \/>\n<meta property=\"og:site_name\" content=\"PCF Pays Bigouden\" \/>\n<meta property=\"article:published_time\" content=\"2023-07-06T04:41:47+00:00\" \/>\n<meta property=\"article:modified_time\" content=\"2023-07-06T09:53:48+00:00\" \/>\n<meta name=\"author\" content=\"cortomaltes29\" \/>\n<meta name=\"twitter:card\" content=\"summary_large_image\" \/>\n<meta name=\"twitter:label1\" content=\"\u00c9crit par\" \/>\n\t<meta name=\"twitter:data1\" content=\"cortomaltes29\" \/>\n\t<meta name=\"twitter:label2\" content=\"Dur\u00e9e de lecture estim\u00e9e\" \/>\n\t<meta name=\"twitter:data2\" content=\"2 minutes\" \/>\n<script type=\"application\/ld+json\" class=\"yoast-schema-graph\">{\"@context\":\"https:\\\/\\\/schema.org\",\"@graph\":[{\"@type\":\"Article\",\"@id\":\"https:\\\/\\\/pcbigouden.fr\\\/?p=2810#article\",\"isPartOf\":{\"@id\":\"https:\\\/\\\/pcbigouden.fr\\\/?p=2810\"},\"author\":{\"name\":\"cortomaltes29\",\"@id\":\"https:\\\/\\\/pcbigouden.fr\\\/#\\\/schema\\\/person\\\/dc763e11bee76f6c59d8d18653939a2c\"},\"headline\":\"Transport scolaire \u00e0 Plobannalec-Lesconil (communiqu\u00e9 de presse)\",\"datePublished\":\"2023-07-06T04:41:47+00:00\",\"dateModified\":\"2023-07-06T09:53:48+00:00\",\"mainEntityOfPage\":{\"@id\":\"https:\\\/\\\/pcbigouden.fr\\\/?p=2810\"},\"wordCount\":329,\"publisher\":{\"@id\":\"https:\\\/\\\/pcbigouden.fr\\\/#organization\"},\"keywords\":[\"Plobannalec Lesconil\"],\"articleSection\":[\"Parti Communiste\",\"Services Publics\",\"Vie Locale\"],\"inLanguage\":\"fr-FR\"},{\"@type\":\"WebPage\",\"@id\":\"https:\\\/\\\/pcbigouden.fr\\\/?p=2810\",\"url\":\"https:\\\/\\\/pcbigouden.fr\\\/?p=2810\",\"name\":\"Transport scolaire \u00e0 Plobannalec-Lesconil (communiqu\u00e9 de presse) - PCF Pays Bigouden\",\"isPartOf\":{\"@id\":\"https:\\\/\\\/pcbigouden.fr\\\/#website\"},\"datePublished\":\"2023-07-06T04:41:47+00:00\",\"dateModified\":\"2023-07-06T09:53:48+00:00\",\"breadcrumb\":{\"@id\":\"https:\\\/\\\/pcbigouden.fr\\\/?p=2810#breadcrumb\"},\"inLanguage\":\"fr-FR\",\"potentialAction\":[{\"@type\":\"ReadAction\",\"target\":[\"https:\\\/\\\/pcbigouden.fr\\\/?p=2810\"]}]},{\"@type\":\"BreadcrumbList\",\"@id\":\"https:\\\/\\\/pcbigouden.fr\\\/?p=2810#breadcrumb\",\"itemListElement\":[{\"@type\":\"ListItem\",\"position\":1,\"name\":\"Accueil\",\"item\":\"https:\\\/\\\/pcbigouden.fr\\\/\"},{\"@type\":\"ListItem\",\"position\":2,\"name\":\"Transport scolaire \u00e0 Plobannalec-Lesconil (communiqu\u00e9 de presse)\"}]},{\"@type\":\"WebSite\",\"@id\":\"https:\\\/\\\/pcbigouden.fr\\\/#website\",\"url\":\"https:\\\/\\\/pcbigouden.fr\\\/\",\"name\":\"PCF Pays Bigouden\",\"description\":\"Blog des communistes du Pays Bigouden\",\"publisher\":{\"@id\":\"https:\\\/\\\/pcbigouden.fr\\\/#organization\"},\"potentialAction\":[{\"@type\":\"SearchAction\",\"target\":{\"@type\":\"EntryPoint\",\"urlTemplate\":\"https:\\\/\\\/pcbigouden.fr\\\/?s={search_term_string}\"},\"query-input\":{\"@type\":\"PropertyValueSpecification\",\"valueRequired\":true,\"valueName\":\"search_term_string\"}}],\"inLanguage\":\"fr-FR\"},{\"@type\":\"Organization\",\"@id\":\"https:\\\/\\\/pcbigouden.fr\\\/#organization\",\"name\":\"Parti Communiste PCF Pays Bigouden\",\"url\":\"https:\\\/\\\/pcbigouden.fr\\\/\",\"logo\":{\"@type\":\"ImageObject\",\"inLanguage\":\"fr-FR\",\"@id\":\"https:\\\/\\\/pcbigouden.fr\\\/#\\\/schema\\\/logo\\\/image\\\/\",\"url\":\"https:\\\/\\\/pcbigouden.fr\\\/wp-content\\\/uploads\\\/2021\\\/10\\\/logoTB307x290.jpg\",\"contentUrl\":\"https:\\\/\\\/pcbigouden.fr\\\/wp-content\\\/uploads\\\/2021\\\/10\\\/logoTB307x290.jpg\",\"width\":307,\"height\":290,\"caption\":\"Parti Communiste PCF Pays Bigouden\"},\"image\":{\"@id\":\"https:\\\/\\\/pcbigouden.fr\\\/#\\\/schema\\\/logo\\\/image\\\/\"}},{\"@type\":\"Person\",\"@id\":\"https:\\\/\\\/pcbigouden.fr\\\/#\\\/schema\\\/person\\\/dc763e11bee76f6c59d8d18653939a2c\",\"name\":\"cortomaltes29\",\"image\":{\"@type\":\"ImageObject\",\"inLanguage\":\"fr-FR\",\"@id\":\"https:\\\/\\\/secure.gravatar.com\\\/avatar\\\/c2ce5036b4b39dfed348d934e527c141cfac704b84e909e2086924ec476d0315?s=96&d=mm&r=g\",\"url\":\"https:\\\/\\\/secure.gravatar.com\\\/avatar\\\/c2ce5036b4b39dfed348d934e527c141cfac704b84e909e2086924ec476d0315?s=96&d=mm&r=g\",\"contentUrl\":\"https:\\\/\\\/secure.gravatar.com\\\/avatar\\\/c2ce5036b4b39dfed348d934e527c141cfac704b84e909e2086924ec476d0315?s=96&d=mm&r=g\",\"caption\":\"cortomaltes29\"},\"url\":\"https:\\\/\\\/pcbigouden.fr\\\/?author=5\"}]}<\/script>\n<!-- \/ Yoast SEO plugin. -->","yoast_head_json":{"title":"Transport scolaire \u00e0 Plobannalec-Lesconil (communiqu\u00e9 de presse) - PCF Pays Bigouden","robots":{"index":"index","follow":"follow","max-snippet":"max-snippet:-1","max-image-preview":"max-image-preview:large","max-video-preview":"max-video-preview:-1"},"canonical":"https:\/\/pcbigouden.fr\/?p=2810","og_locale":"fr_FR","og_type":"article","og_title":"Transport scolaire \u00e0 Plobannalec-Lesconil (communiqu\u00e9 de presse) - PCF Pays Bigouden","og_description":"La municipalit\u00e9 ignore les enjeux sociaux et environnementaux. La suppression d\u2019un service public de proximit\u00e9 se profile pour la prochaine rentr\u00e9e scolaire. En effet le conseil municipal du jeudi 22 juin a vot\u00e9, sans concertation ni information pr\u00e9alable, l\u2019arr\u00eat du transport scolaire qui concerne pourtant une vingtaine d\u2019enfants de la commune. Ce service, initi\u00e9 en &hellip; Continue reading Transport scolaire \u00e0 Plobannalec-Lesconil (communiqu\u00e9 de presse)","og_url":"https:\/\/pcbigouden.fr\/?p=2810","og_site_name":"PCF Pays Bigouden","article_published_time":"2023-07-06T04:41:47+00:00","article_modified_time":"2023-07-06T09:53:48+00:00","author":"cortomaltes29","twitter_card":"summary_large_image","twitter_misc":{"\u00c9crit par":"cortomaltes29","Dur\u00e9e de lecture estim\u00e9e":"2 minutes"},"schema":{"@context":"https:\/\/schema.org","@graph":[{"@type":"Article","@id":"https:\/\/pcbigouden.fr\/?p=2810#article","isPartOf":{"@id":"https:\/\/pcbigouden.fr\/?p=2810"},"author":{"name":"cortomaltes29","@id":"https:\/\/pcbigouden.fr\/#\/schema\/person\/dc763e11bee76f6c59d8d18653939a2c"},"headline":"Transport scolaire \u00e0 Plobannalec-Lesconil (communiqu\u00e9 de presse)","datePublished":"2023-07-06T04:41:47+00:00","dateModified":"2023-07-06T09:53:48+00:00","mainEntityOfPage":{"@id":"https:\/\/pcbigouden.fr\/?p=2810"},"wordCount":329,"publisher":{"@id":"https:\/\/pcbigouden.fr\/#organization"},"keywords":["Plobannalec Lesconil"],"articleSection":["Parti Communiste","Services Publics","Vie Locale"],"inLanguage":"fr-FR"},{"@type":"WebPage","@id":"https:\/\/pcbigouden.fr\/?p=2810","url":"https:\/\/pcbigouden.fr\/?p=2810","name":"Transport scolaire \u00e0 Plobannalec-Lesconil (communiqu\u00e9 de presse) - PCF Pays Bigouden","isPartOf":{"@id":"https:\/\/pcbigouden.fr\/#website"},"datePublished":"2023-07-06T04:41:47+00:00","dateModified":"2023-07-06T09:53:48+00:00","breadcrumb":{"@id":"https:\/\/pcbigouden.fr\/?p=2810#breadcrumb"},"inLanguage":"fr-FR","potentialAction":[{"@type":"ReadAction","target":["https:\/\/pcbigouden.fr\/?p=2810"]}]},{"@type":"BreadcrumbList","@id":"https:\/\/pcbigouden.fr\/?p=2810#breadcrumb","itemListElement":[{"@type":"ListItem","position":1,"name":"Accueil","item":"https:\/\/pcbigouden.fr\/"},{"@type":"ListItem","position":2,"name":"Transport scolaire \u00e0 Plobannalec-Lesconil (communiqu\u00e9 de presse)"}]},{"@type":"WebSite","@id":"https:\/\/pcbigouden.fr\/#website","url":"https:\/\/pcbigouden.fr\/","name":"PCF Pays Bigouden","description":"Blog des communistes du Pays Bigouden","publisher":{"@id":"https:\/\/pcbigouden.fr\/#organization"},"potentialAction":[{"@type":"SearchAction","target":{"@type":"EntryPoint","urlTemplate":"https:\/\/pcbigouden.fr\/?s={search_term_string}"},"query-input":{"@type":"PropertyValueSpecification","valueRequired":true,"valueName":"search_term_string"}}],"inLanguage":"fr-FR"},{"@type":"Organization","@id":"https:\/\/pcbigouden.fr\/#organization","name":"Parti Communiste PCF Pays Bigouden","url":"https:\/\/pcbigouden.fr\/","logo":{"@type":"ImageObject","inLanguage":"fr-FR","@id":"https:\/\/pcbigouden.fr\/#\/schema\/logo\/image\/","url":"https:\/\/pcbigouden.fr\/wp-content\/uploads\/2021\/10\/logoTB307x290.jpg","contentUrl":"https:\/\/pcbigouden.fr\/wp-content\/uploads\/2021\/10\/logoTB307x290.jpg","width":307,"height":290,"caption":"Parti Communiste PCF Pays Bigouden"},"image":{"@id":"https:\/\/pcbigouden.fr\/#\/schema\/logo\/image\/"}},{"@type":"Person","@id":"https:\/\/pcbigouden.fr\/#\/schema\/person\/dc763e11bee76f6c59d8d18653939a2c","name":"cortomaltes29","image":{"@type":"ImageObject","inLanguage":"fr-FR","@id":"https:\/\/secure.gravatar.com\/avatar\/c2ce5036b4b39dfed348d934e527c141cfac704b84e909e2086924ec476d0315?s=96&d=mm&r=g","url":"https:\/\/secure.gravatar.com\/avatar\/c2ce5036b4b39dfed348d934e527c141cfac704b84e909e2086924ec476d0315?s=96&d=mm&r=g","contentUrl":"https:\/\/secure.gravatar.com\/avatar\/c2ce5036b4b39dfed348d934e527c141cfac704b84e909e2086924ec476d0315?s=96&d=mm&r=g","caption":"cortomaltes29"},"url":"https:\/\/pcbigouden.fr\/?author=5"}]}},"jetpack_featured_media_url":"","jetpack_sharing_enabled":true,"jetpack_likes_enabled":true,"_links":{"self":[{"href":"https:\/\/pcbigouden.fr\/index.php?rest_route=\/wp\/v2\/posts\/2810","targetHints":{"allow":["GET"]}}],"collection":[{"href":"https:\/\/pcbigouden.fr\/index.php?rest_route=\/wp\/v2\/posts"}],"about":[{"href":"https:\/\/pcbigouden.fr\/index.php?rest_route=\/wp\/v2\/types\/post"}],"author":[{"embeddable":true,"href":"https:\/\/pcbigouden.fr\/index.php?rest_route=\/wp\/v2\/users\/5"}],"replies":[{"embeddable":true,"href":"https:\/\/pcbigouden.fr\/index.php?rest_route=%2Fwp%2Fv2%2Fcomments&post=2810"}],"version-history":[{"count":1,"href":"https:\/\/pcbigouden.fr\/index.php?rest_route=\/wp\/v2\/posts\/2810\/revisions"}],"predecessor-version":[{"id":2811,"href":"https:\/\/pcbigouden.fr\/index.php?rest_route=\/wp\/v2\/posts\/2810\/revisions\/2811"}],"wp:attachment":[{"href":"https:\/\/pcbigouden.fr\/index.php?rest_route=%2Fwp%2Fv2%2Fmedia&parent=2810"}],"wp:term":[{"taxonomy":"category","embeddable":true,"href":"https:\/\/pcbigouden.fr\/index.php?rest_route=%2Fwp%2Fv2%2Fcategories&post=2810"},{"taxonomy":"post_tag","embeddable":true,"href":"https:\/\/pcbigouden.fr\/index.php?rest_route=%2Fwp%2Fv2%2Ftags&post=2810"}],"curies":[{"name":"wp","href":"https:\/\/api.w.org\/{rel}","templated":true}]}}