{"id":2741,"date":"2023-06-03T11:25:49","date_gmt":"2023-06-03T09:25:49","guid":{"rendered":"https:\/\/pcbigouden.fr\/?p=2741"},"modified":"2023-06-03T11:27:57","modified_gmt":"2023-06-03T09:27:57","slug":"appel-au-rassemblement-de-jeudi-6-juin","status":"publish","type":"post","link":"https:\/\/pcbigouden.fr\/?p=2741","title":{"rendered":"Appel au rassemblement de mardi 6 juin"},"content":{"rendered":"<p>RETRAITES :<br \/>\nPlus de 2 millions de personnes ont \u00e0 nouveau manifest\u00e9 le 1er Mai. Le gouvernement a perdu la bataille de l\u2019opinion. Sa seule r\u00e9ponse : les coups de force permanents et les man\u0153uvres les plus anti-d\u00e9mocratiques. Le d\u00e9saveu politique est profond. Face \u00e0 cela, notre responsabilit\u00e9 est grande : d\u00e9fendre notre d\u00e9mocratie et \u0153uvrer \u00e0 l\u2019\u00e9mergence d\u2019un large front social et politique durable qui puisse faire changer la donne.<br \/>\nLe 8 juin sera d\u00e9battue la proposition de loi du groupe LIOT pour abroger la retraite \u00e0 64 ans. Le gouvernement use une nouvelle fois de la force pour emp\u00eacher qu\u2019il y ait un vote.<\/p>\n<p>Non contents d\u2019imposer, avec le recul de l\u2019\u00e2ge l\u00e9gal de d\u00e9part en retraite, une r\u00e9gression sociale majeure, qui p\u00e8sera en premier lieu sur les plus pr\u00e9caires, l\u2019ex\u00e9cutif ne cesse de \u00adpi\u00e9tiner la d\u00e9mocratie au passage. Les \u00e9pisodes se succ\u00e8dent et d\u00e9voilent une coh\u00e9rence\u2009: dans l\u2019esprit du chef de l\u2019\u00c9tat et de ses associ\u00e9s, la France doit \u00eatre dirig\u00e9e comme une entreprise.<\/p>\n<p>La commission des Affaires sociales s\u2019est parfaitement acquitt\u00e9e de la t\u00e2che en vidant le texte de sa substance sans accepter le moindre amendement de l\u2019opposition, droit pourtant constitutionnel. Le pr\u00e9sident des d\u00e9put\u00e9s communistes Andr\u00e9 Chassaigne d\u00e9nonce le \u00ab\u2009broyage de la d\u00e9mocratie parlementaire\u2009\u00bb et la \u00ab\u2009d\u00e9mocrature\u2009\u00bb qui s\u2019installe. Jaur\u00e8s voulait que la d\u00e9mocratie p\u00e9n\u00e8tre jusque dans l\u2019entreprise. Macron veut la faire dispara\u00eetre jusque dans l\u2019Assembl\u00e9e. C\u2019est aussi pour d\u00e9noncer cela que citoyens et salari\u00e9s seront dans la rue, le 6 juin.<\/p>\n<p>Voleurs de vie, voleurs de d\u00e9mocratie, la majorit\u00e9 est pr\u00eate \u00e0 toutes les magouilles pour emp\u00eacher un d\u00e9bat sur la retraite \u00e0 64 ans \u00e0 l&rsquo;Assembl\u00e9e. Rendez-vous dans le rue le 6 juin. Plus nous serons nombreux, plus nous serons puissants pour emp\u00eacher ce nouveau coup de force ! Pour gagner face au gouvernement la f\u00e9d\u00e9ration du Finist\u00e8re du PCF appelle \u00e0 poursuivre et amplifier la mobilisation.C\u2019est le seul moyen pour ne pas se faire voler par Macron deux ann\u00e9es de vie.<br \/>\n<strong>Soyons nombreuses et nombreux le 6 juin aux c\u00f4t\u00e9s des organisations syndicales pour obliger le Pr\u00e9sident de la R\u00e9publique \u00e0 retirer sa loi et faire respecter la volont\u00e9 populaire.<\/strong><\/p>\n<p style=\"padding-left: 80px;\"><strong>Brest: 10h30 place de la Libert\u00e9<\/strong><br \/>\n<strong>Carhaix: 10h30 place du Champ de foire<\/strong><br \/>\n<strong>Quimper: 10h30 devant le Medef (5 rue F\u00e9lix Le Dantec)<\/strong><br \/>\n<strong>Quimperl\u00e9: 10h30 parvis de la gare<\/strong><br \/>\n<strong>Morlaix: 11h00 place Puyo<\/strong><br \/>\n<strong>Ouessant: 11h30 devant la mairie<\/strong><\/p>\n","protected":false},"excerpt":{"rendered":"<p>RETRAITES : Plus de 2 millions de personnes ont \u00e0 nouveau manifest\u00e9 le 1er Mai. Le gouvernement a perdu la bataille de l\u2019opinion. Sa seule r\u00e9ponse : les coups de force permanents et les man\u0153uvres les plus anti-d\u00e9mocratiques. Le d\u00e9saveu politique est profond. Face \u00e0 cela, notre responsabilit\u00e9 est grande : d\u00e9fendre notre d\u00e9mocratie et &hellip; <a href=\"https:\/\/pcbigouden.fr\/?p=2741\" class=\"more-link\">Continue reading <span class=\"screen-reader-text\">Appel au rassemblement de mardi 6 juin<\/span><\/a><\/p>\n","protected":false},"author":6,"featured_media":0,"comment_status":"closed","ping_status":"closed","sticky":false,"template":"","format":"standard","meta":{"_jetpack_memberships_contains_paid_content":false,"footnotes":""},"categories":[10],"tags":[],"class_list":["post-2741","post","type-post","status-publish","format-standard","hentry","category-retraites"],"yoast_head":"<!-- This site is optimized with the Yoast SEO plugin v27.5 - https:\/\/yoast.com\/product\/yoast-seo-wordpress\/ -->\n<title>Appel au rassemblement de mardi 6 juin - PCF Pays Bigouden<\/title>\n<meta name=\"robots\" content=\"index, follow, max-snippet:-1, max-image-preview:large, max-video-preview:-1\" \/>\n<link rel=\"canonical\" href=\"https:\/\/pcbigouden.fr\/?p=2741\" \/>\n<meta property=\"og:locale\" content=\"fr_FR\" \/>\n<meta property=\"og:type\" content=\"article\" \/>\n<meta property=\"og:title\" content=\"Appel au rassemblement de mardi 6 juin - PCF Pays Bigouden\" \/>\n<meta property=\"og:description\" content=\"RETRAITES : Plus de 2 millions de personnes ont \u00e0 nouveau manifest\u00e9 le 1er Mai. Le gouvernement a perdu la bataille de l\u2019opinion. Sa seule r\u00e9ponse : les coups de force permanents et les man\u0153uvres les plus anti-d\u00e9mocratiques. Le d\u00e9saveu politique est profond. Face \u00e0 cela, notre responsabilit\u00e9 est grande : d\u00e9fendre notre d\u00e9mocratie et &hellip; Continue reading Appel au rassemblement de mardi 6 juin\" \/>\n<meta property=\"og:url\" content=\"https:\/\/pcbigouden.fr\/?p=2741\" \/>\n<meta property=\"og:site_name\" content=\"PCF Pays Bigouden\" \/>\n<meta property=\"article:published_time\" content=\"2023-06-03T09:25:49+00:00\" \/>\n<meta property=\"article:modified_time\" content=\"2023-06-03T09:27:57+00:00\" \/>\n<meta name=\"author\" content=\"sierramaestra\" \/>\n<meta name=\"twitter:card\" content=\"summary_large_image\" \/>\n<meta name=\"twitter:label1\" content=\"\u00c9crit par\" \/>\n\t<meta name=\"twitter:data1\" content=\"sierramaestra\" \/>\n\t<meta name=\"twitter:label2\" content=\"Dur\u00e9e de lecture estim\u00e9e\" \/>\n\t<meta name=\"twitter:data2\" content=\"2 minutes\" \/>\n<script type=\"application\/ld+json\" class=\"yoast-schema-graph\">{\"@context\":\"https:\\\/\\\/schema.org\",\"@graph\":[{\"@type\":\"Article\",\"@id\":\"https:\\\/\\\/pcbigouden.fr\\\/?p=2741#article\",\"isPartOf\":{\"@id\":\"https:\\\/\\\/pcbigouden.fr\\\/?p=2741\"},\"author\":{\"name\":\"sierramaestra\",\"@id\":\"https:\\\/\\\/pcbigouden.fr\\\/#\\\/schema\\\/person\\\/2f88b3db41deacf169cab9e2ff83133a\"},\"headline\":\"Appel au rassemblement de mardi 6 juin\",\"datePublished\":\"2023-06-03T09:25:49+00:00\",\"dateModified\":\"2023-06-03T09:27:57+00:00\",\"mainEntityOfPage\":{\"@id\":\"https:\\\/\\\/pcbigouden.fr\\\/?p=2741\"},\"wordCount\":451,\"publisher\":{\"@id\":\"https:\\\/\\\/pcbigouden.fr\\\/#organization\"},\"articleSection\":[\"Retraites\"],\"inLanguage\":\"fr-FR\"},{\"@type\":\"WebPage\",\"@id\":\"https:\\\/\\\/pcbigouden.fr\\\/?p=2741\",\"url\":\"https:\\\/\\\/pcbigouden.fr\\\/?p=2741\",\"name\":\"Appel au rassemblement de mardi 6 juin - PCF Pays Bigouden\",\"isPartOf\":{\"@id\":\"https:\\\/\\\/pcbigouden.fr\\\/#website\"},\"datePublished\":\"2023-06-03T09:25:49+00:00\",\"dateModified\":\"2023-06-03T09:27:57+00:00\",\"breadcrumb\":{\"@id\":\"https:\\\/\\\/pcbigouden.fr\\\/?p=2741#breadcrumb\"},\"inLanguage\":\"fr-FR\",\"potentialAction\":[{\"@type\":\"ReadAction\",\"target\":[\"https:\\\/\\\/pcbigouden.fr\\\/?p=2741\"]}]},{\"@type\":\"BreadcrumbList\",\"@id\":\"https:\\\/\\\/pcbigouden.fr\\\/?p=2741#breadcrumb\",\"itemListElement\":[{\"@type\":\"ListItem\",\"position\":1,\"name\":\"Accueil\",\"item\":\"https:\\\/\\\/pcbigouden.fr\\\/\"},{\"@type\":\"ListItem\",\"position\":2,\"name\":\"Appel au rassemblement de mardi 6 juin\"}]},{\"@type\":\"WebSite\",\"@id\":\"https:\\\/\\\/pcbigouden.fr\\\/#website\",\"url\":\"https:\\\/\\\/pcbigouden.fr\\\/\",\"name\":\"PCF Pays Bigouden\",\"description\":\"Blog des communistes du Pays Bigouden\",\"publisher\":{\"@id\":\"https:\\\/\\\/pcbigouden.fr\\\/#organization\"},\"potentialAction\":[{\"@type\":\"SearchAction\",\"target\":{\"@type\":\"EntryPoint\",\"urlTemplate\":\"https:\\\/\\\/pcbigouden.fr\\\/?s={search_term_string}\"},\"query-input\":{\"@type\":\"PropertyValueSpecification\",\"valueRequired\":true,\"valueName\":\"search_term_string\"}}],\"inLanguage\":\"fr-FR\"},{\"@type\":\"Organization\",\"@id\":\"https:\\\/\\\/pcbigouden.fr\\\/#organization\",\"name\":\"Parti Communiste PCF Pays Bigouden\",\"url\":\"https:\\\/\\\/pcbigouden.fr\\\/\",\"logo\":{\"@type\":\"ImageObject\",\"inLanguage\":\"fr-FR\",\"@id\":\"https:\\\/\\\/pcbigouden.fr\\\/#\\\/schema\\\/logo\\\/image\\\/\",\"url\":\"https:\\\/\\\/pcbigouden.fr\\\/wp-content\\\/uploads\\\/2021\\\/10\\\/logoTB307x290.jpg\",\"contentUrl\":\"https:\\\/\\\/pcbigouden.fr\\\/wp-content\\\/uploads\\\/2021\\\/10\\\/logoTB307x290.jpg\",\"width\":307,\"height\":290,\"caption\":\"Parti Communiste PCF Pays Bigouden\"},\"image\":{\"@id\":\"https:\\\/\\\/pcbigouden.fr\\\/#\\\/schema\\\/logo\\\/image\\\/\"}},{\"@type\":\"Person\",\"@id\":\"https:\\\/\\\/pcbigouden.fr\\\/#\\\/schema\\\/person\\\/2f88b3db41deacf169cab9e2ff83133a\",\"name\":\"sierramaestra\",\"image\":{\"@type\":\"ImageObject\",\"inLanguage\":\"fr-FR\",\"@id\":\"https:\\\/\\\/secure.gravatar.com\\\/avatar\\\/5e822171bcc9a9856efba4097a35cfd35b4c239b7b552810087caf40ef8496b2?s=96&d=mm&r=g\",\"url\":\"https:\\\/\\\/secure.gravatar.com\\\/avatar\\\/5e822171bcc9a9856efba4097a35cfd35b4c239b7b552810087caf40ef8496b2?s=96&d=mm&r=g\",\"contentUrl\":\"https:\\\/\\\/secure.gravatar.com\\\/avatar\\\/5e822171bcc9a9856efba4097a35cfd35b4c239b7b552810087caf40ef8496b2?s=96&d=mm&r=g\",\"caption\":\"sierramaestra\"},\"url\":\"https:\\\/\\\/pcbigouden.fr\\\/?author=6\"}]}<\/script>\n<!-- \/ Yoast SEO plugin. -->","yoast_head_json":{"title":"Appel au rassemblement de mardi 6 juin - PCF Pays Bigouden","robots":{"index":"index","follow":"follow","max-snippet":"max-snippet:-1","max-image-preview":"max-image-preview:large","max-video-preview":"max-video-preview:-1"},"canonical":"https:\/\/pcbigouden.fr\/?p=2741","og_locale":"fr_FR","og_type":"article","og_title":"Appel au rassemblement de mardi 6 juin - PCF Pays Bigouden","og_description":"RETRAITES : Plus de 2 millions de personnes ont \u00e0 nouveau manifest\u00e9 le 1er Mai. Le gouvernement a perdu la bataille de l\u2019opinion. Sa seule r\u00e9ponse : les coups de force permanents et les man\u0153uvres les plus anti-d\u00e9mocratiques. Le d\u00e9saveu politique est profond. Face \u00e0 cela, notre responsabilit\u00e9 est grande : d\u00e9fendre notre d\u00e9mocratie et &hellip; Continue reading Appel au rassemblement de mardi 6 juin","og_url":"https:\/\/pcbigouden.fr\/?p=2741","og_site_name":"PCF Pays Bigouden","article_published_time":"2023-06-03T09:25:49+00:00","article_modified_time":"2023-06-03T09:27:57+00:00","author":"sierramaestra","twitter_card":"summary_large_image","twitter_misc":{"\u00c9crit par":"sierramaestra","Dur\u00e9e de lecture estim\u00e9e":"2 minutes"},"schema":{"@context":"https:\/\/schema.org","@graph":[{"@type":"Article","@id":"https:\/\/pcbigouden.fr\/?p=2741#article","isPartOf":{"@id":"https:\/\/pcbigouden.fr\/?p=2741"},"author":{"name":"sierramaestra","@id":"https:\/\/pcbigouden.fr\/#\/schema\/person\/2f88b3db41deacf169cab9e2ff83133a"},"headline":"Appel au rassemblement de mardi 6 juin","datePublished":"2023-06-03T09:25:49+00:00","dateModified":"2023-06-03T09:27:57+00:00","mainEntityOfPage":{"@id":"https:\/\/pcbigouden.fr\/?p=2741"},"wordCount":451,"publisher":{"@id":"https:\/\/pcbigouden.fr\/#organization"},"articleSection":["Retraites"],"inLanguage":"fr-FR"},{"@type":"WebPage","@id":"https:\/\/pcbigouden.fr\/?p=2741","url":"https:\/\/pcbigouden.fr\/?p=2741","name":"Appel au rassemblement de mardi 6 juin - PCF Pays Bigouden","isPartOf":{"@id":"https:\/\/pcbigouden.fr\/#website"},"datePublished":"2023-06-03T09:25:49+00:00","dateModified":"2023-06-03T09:27:57+00:00","breadcrumb":{"@id":"https:\/\/pcbigouden.fr\/?p=2741#breadcrumb"},"inLanguage":"fr-FR","potentialAction":[{"@type":"ReadAction","target":["https:\/\/pcbigouden.fr\/?p=2741"]}]},{"@type":"BreadcrumbList","@id":"https:\/\/pcbigouden.fr\/?p=2741#breadcrumb","itemListElement":[{"@type":"ListItem","position":1,"name":"Accueil","item":"https:\/\/pcbigouden.fr\/"},{"@type":"ListItem","position":2,"name":"Appel au rassemblement de mardi 6 juin"}]},{"@type":"WebSite","@id":"https:\/\/pcbigouden.fr\/#website","url":"https:\/\/pcbigouden.fr\/","name":"PCF Pays Bigouden","description":"Blog des communistes du Pays Bigouden","publisher":{"@id":"https:\/\/pcbigouden.fr\/#organization"},"potentialAction":[{"@type":"SearchAction","target":{"@type":"EntryPoint","urlTemplate":"https:\/\/pcbigouden.fr\/?s={search_term_string}"},"query-input":{"@type":"PropertyValueSpecification","valueRequired":true,"valueName":"search_term_string"}}],"inLanguage":"fr-FR"},{"@type":"Organization","@id":"https:\/\/pcbigouden.fr\/#organization","name":"Parti Communiste PCF Pays Bigouden","url":"https:\/\/pcbigouden.fr\/","logo":{"@type":"ImageObject","inLanguage":"fr-FR","@id":"https:\/\/pcbigouden.fr\/#\/schema\/logo\/image\/","url":"https:\/\/pcbigouden.fr\/wp-content\/uploads\/2021\/10\/logoTB307x290.jpg","contentUrl":"https:\/\/pcbigouden.fr\/wp-content\/uploads\/2021\/10\/logoTB307x290.jpg","width":307,"height":290,"caption":"Parti Communiste PCF Pays Bigouden"},"image":{"@id":"https:\/\/pcbigouden.fr\/#\/schema\/logo\/image\/"}},{"@type":"Person","@id":"https:\/\/pcbigouden.fr\/#\/schema\/person\/2f88b3db41deacf169cab9e2ff83133a","name":"sierramaestra","image":{"@type":"ImageObject","inLanguage":"fr-FR","@id":"https:\/\/secure.gravatar.com\/avatar\/5e822171bcc9a9856efba4097a35cfd35b4c239b7b552810087caf40ef8496b2?s=96&d=mm&r=g","url":"https:\/\/secure.gravatar.com\/avatar\/5e822171bcc9a9856efba4097a35cfd35b4c239b7b552810087caf40ef8496b2?s=96&d=mm&r=g","contentUrl":"https:\/\/secure.gravatar.com\/avatar\/5e822171bcc9a9856efba4097a35cfd35b4c239b7b552810087caf40ef8496b2?s=96&d=mm&r=g","caption":"sierramaestra"},"url":"https:\/\/pcbigouden.fr\/?author=6"}]}},"jetpack_featured_media_url":"","jetpack_sharing_enabled":true,"jetpack_likes_enabled":true,"_links":{"self":[{"href":"https:\/\/pcbigouden.fr\/index.php?rest_route=\/wp\/v2\/posts\/2741","targetHints":{"allow":["GET"]}}],"collection":[{"href":"https:\/\/pcbigouden.fr\/index.php?rest_route=\/wp\/v2\/posts"}],"about":[{"href":"https:\/\/pcbigouden.fr\/index.php?rest_route=\/wp\/v2\/types\/post"}],"author":[{"embeddable":true,"href":"https:\/\/pcbigouden.fr\/index.php?rest_route=\/wp\/v2\/users\/6"}],"replies":[{"embeddable":true,"href":"https:\/\/pcbigouden.fr\/index.php?rest_route=%2Fwp%2Fv2%2Fcomments&post=2741"}],"version-history":[{"count":4,"href":"https:\/\/pcbigouden.fr\/index.php?rest_route=\/wp\/v2\/posts\/2741\/revisions"}],"predecessor-version":[{"id":2745,"href":"https:\/\/pcbigouden.fr\/index.php?rest_route=\/wp\/v2\/posts\/2741\/revisions\/2745"}],"wp:attachment":[{"href":"https:\/\/pcbigouden.fr\/index.php?rest_route=%2Fwp%2Fv2%2Fmedia&parent=2741"}],"wp:term":[{"taxonomy":"category","embeddable":true,"href":"https:\/\/pcbigouden.fr\/index.php?rest_route=%2Fwp%2Fv2%2Fcategories&post=2741"},{"taxonomy":"post_tag","embeddable":true,"href":"https:\/\/pcbigouden.fr\/index.php?rest_route=%2Fwp%2Fv2%2Ftags&post=2741"}],"curies":[{"name":"wp","href":"https:\/\/api.w.org\/{rel}","templated":true}]}}