{"id":2705,"date":"2023-05-14T17:19:16","date_gmt":"2023-05-14T15:19:16","guid":{"rendered":"https:\/\/pcbigouden.fr\/?p=2705"},"modified":"2023-05-18T09:27:16","modified_gmt":"2023-05-18T07:27:16","slug":"21-mai","status":"publish","type":"post","link":"https:\/\/pcbigouden.fr\/?p=2705","title":{"rendered":"Crozon 21 Mai Rassemblement pour la Paix et le D\u00e9sarmement nucl\u00e9aire"},"content":{"rendered":"<p style=\"text-align: center;\"><strong><a href=\"https:\/\/pcbigouden.fr\/wp-content\/uploads\/2023\/05\/DimancheCrozon.jpg\"><img loading=\"lazy\" decoding=\"async\" class=\"alignnone size-full wp-image-2719\" src=\"https:\/\/pcbigouden.fr\/wp-content\/uploads\/2023\/05\/DimancheCrozon.jpg\" alt=\"\" width=\"561\" height=\"229\" srcset=\"https:\/\/pcbigouden.fr\/wp-content\/uploads\/2023\/05\/DimancheCrozon.jpg 561w, https:\/\/pcbigouden.fr\/wp-content\/uploads\/2023\/05\/DimancheCrozon-300x122.jpg 300w, https:\/\/pcbigouden.fr\/wp-content\/uploads\/2023\/05\/DimancheCrozon-265x108.jpg 265w\" sizes=\"auto, (max-width: 561px) 100vw, 561px\" \/><\/a><\/strong><\/p>\n<p style=\"text-align: center;\"><a href=\"https:\/\/pcbigouden.fr\/wp-content\/uploads\/2023\/05\/NonAlaBombe.jpg\"><img loading=\"lazy\" decoding=\"async\" class=\"size-full wp-image-2714 alignleft\" src=\"https:\/\/pcbigouden.fr\/wp-content\/uploads\/2023\/05\/NonAlaBombe.jpg\" alt=\"\" width=\"244\" height=\"301\" srcset=\"https:\/\/pcbigouden.fr\/wp-content\/uploads\/2023\/05\/NonAlaBombe.jpg 244w, https:\/\/pcbigouden.fr\/wp-content\/uploads\/2023\/05\/NonAlaBombe-88x108.jpg 88w\" sizes=\"auto, (max-width: 244px) 100vw, 244px\" \/><\/a><span style=\"font-size: 14pt;\">RDV au Fret &#8211; D\u00e9bats, expositions, musique avec Pol Huellou, Tony Mc Carthy, Gilles Le Bigot et invit\u00e9s surprises<\/span><\/p>\n<p>Le pr\u00e9sident Macron, et son gouvernement, au pr\u00e9texte que les moyens financiers seraient insuffisants<br \/>\nImposent une r\u00e9forme antisociale des retraites contre l\u2019aspiration largement majoritaire de la population,<br \/>\nRefusent de r\u00e9pondre \u00e0 des besoins sociaux \u00e9l\u00e9mentaires en mati\u00e8re de salaires, et de pensions<br \/>\nRefusent les moyens n\u00e9cessaires aux services publics de l\u2019\u00e9ducation, de la recherche, de la sant\u00e9, etc<br \/>\nNe respectent pas les engagements de la France pour la transition \u00e9cologique et la lutte contre les d\u00e9r\u00e8glements climatiques ;<br \/>\nEn revanche ils entendent dans le m\u00eame temps nous imposer une Loi de Programmation Militaire (LPM) de 413 milliards d\u2019euros sur 7 ans soit une augmentation de 40 % par rapport \u00e0 la LPM pr\u00e9c\u00e9dente, afin de respecter les exigences de l\u2019OTAN !!<\/p>\n<p>Cette LPM inclue de l\u2019ordre de 60 milliards d\u2019euros pour les armes atomiques en violation du Trait\u00e9 de Non-Prolif\u00e9ration Nucl\u00e9aire (TNP) sign\u00e9 et ratifi\u00e9 par la France en ao\u00fbt 1992 et en contradiction avec le Trait\u00e9 sur l\u2019interdiction des armes nucl\u00e9aires (TIAN) adopt\u00e9 par l\u2019assembl\u00e9e g\u00e9n\u00e9rale des Nations Unies en juillet 2017 et entr\u00e9 en vigueur le 21-01-2021.<\/p>\n<p><span style=\"font-size: 14pt;\"><strong>Ensemble contre la loi retraite et contre la loi de programmation militaire !!<\/strong><\/span><br \/>\n<span style=\"font-size: 14pt;\"><strong> Oui \u00e0 une loi de programmation pour les besoins sociaux: sant\u00e9, \u00e9ducation, recherche, h\u00f4pitaux !<\/strong><\/span><\/p>\n<h2 style=\"text-align: center;\"><a href=\"https:\/\/pcbigouden.fr\/wp-content\/uploads\/2023\/05\/mvt-paix-flyer-21mai23.pdf\" target=\"_blank\" rel=\"noopener\">Lien vers le flyer \u00ab\u00a021 mai \u00e0 Crozon\u00a0\u00bb du Mouvement de la Paix<\/a><\/h2>\n<hr \/>\n<h2 style=\"text-align: center;\"><\/h2>\n<h3><a href=\"https:\/\/www.letelegramme.fr\/finistere\/pont-labbe\/le-pcf-du-pays-bigouden-soutient-le-rassemblement-pour-la-paix-17-05-2023-13339666.php\" target=\"_blank\" rel=\"noopener\">Notre soutien paru dans le journal Le T\u00e9l\u00e9gramme le 17\/05<\/a><\/h3>\n<p style=\"text-align: center;\"><strong>Le PCF du Pays bigouden soutient le rassemblement pour la paix<\/strong><br \/>\nPubli\u00e9 le 17 mai 2023 \u00e0 14h20<br \/>\nLe PCF du Pays bigouden soutient et appelle \u00e0 participer au rassemblement du dimanche 21 mai, \u00e0 14\u00a0h, au Fret, face \u00e0 l\u2019Ile Longue, \u00e0 l\u2018initiative du Mouvement de la paix en faveur du d\u00e9sarmement nucl\u00e9aire, du climat et de la diminution des d\u00e9penses d\u2018armement.<\/p>\n<p><em>\u00ab\u00a0Lors de ses v\u0153ux aux arm\u00e9es, Emmanuel Macron a annonc\u00e9, le 20 janvier, une enveloppe suppl\u00e9mentaire de 413 milliards d\u2018euros aux budgets de la d\u00e9fense pour l\u2019exercice 2024-2030, soit une augmentation de plus de 100 milliards par rapport au dernier exercice 2019-2024. Au regard du refus de la grande majorit\u00e9 des citoyens et des nombreuses manifestations qui ont travers\u00e9 le pays depuis le mois de janvier contre la r\u00e9forme des retraites, il faut mettre en relation cette augmentation substantielle avec les 12 milliards qu\u2019Emmanuel Macron dit chercher d\u00e9sesp\u00e9r\u00e9ment pour justifier sa loi\u00a0\u00bb, d\u00e9nonce dans un communiqu\u00e9 le PCF du Pays bigouden. Il rappelle aussi que \u00ab\u00a0ce rassemblement rev\u00eat une importance particuli\u00e8re puisque le lendemain s\u2018ouvrira d\u2019une part \u00e0 l\u2018Assembl\u00e9e nationale le d\u00e9bat sur la loi de programmation militaire et d\u2019autre part Emmanuel Macron sera \u00e0 Hiroshima au sommet du G7\u00a0\u00bb.<\/em><\/p>\n","protected":false},"excerpt":{"rendered":"<p>RDV au Fret &#8211; D\u00e9bats, expositions, musique avec Pol Huellou, Tony Mc Carthy, Gilles Le Bigot et invit\u00e9s surprises Le pr\u00e9sident Macron, et son gouvernement, au pr\u00e9texte que les moyens financiers seraient insuffisants Imposent une r\u00e9forme antisociale des retraites contre l\u2019aspiration largement majoritaire de la population, Refusent de r\u00e9pondre \u00e0 des besoins sociaux \u00e9l\u00e9mentaires en &hellip; <a href=\"https:\/\/pcbigouden.fr\/?p=2705\" class=\"more-link\">Continue reading <span class=\"screen-reader-text\">Crozon 21 Mai Rassemblement pour la Paix et le D\u00e9sarmement nucl\u00e9aire<\/span><\/a><\/p>\n","protected":false},"author":6,"featured_media":2713,"comment_status":"closed","ping_status":"closed","sticky":false,"template":"","format":"standard","meta":{"_jetpack_memberships_contains_paid_content":false,"footnotes":""},"categories":[7,50],"tags":[160,187,188,189,132],"class_list":["post-2705","post","type-post","status-publish","format-standard","has-post-thumbnail","hentry","category-non-classe","category-paix","tag-armes","tag-bombe","tag-crozon","tag-mouvement-de-la-paix","tag-paix"],"yoast_head":"<!-- This site is optimized with the Yoast SEO plugin v27.5 - https:\/\/yoast.com\/product\/yoast-seo-wordpress\/ -->\n<title>Crozon 21 Mai Rassemblement pour la Paix et le D\u00e9sarmement nucl\u00e9aire - PCF Pays Bigouden<\/title>\n<meta name=\"robots\" content=\"index, follow, max-snippet:-1, max-image-preview:large, max-video-preview:-1\" \/>\n<link rel=\"canonical\" href=\"https:\/\/pcbigouden.fr\/?p=2705\" \/>\n<meta property=\"og:locale\" content=\"fr_FR\" \/>\n<meta property=\"og:type\" content=\"article\" \/>\n<meta property=\"og:title\" content=\"Crozon 21 Mai Rassemblement pour la Paix et le D\u00e9sarmement nucl\u00e9aire - PCF Pays Bigouden\" \/>\n<meta property=\"og:description\" content=\"RDV au Fret &#8211; D\u00e9bats, expositions, musique avec Pol Huellou, Tony Mc Carthy, Gilles Le Bigot et invit\u00e9s surprises Le pr\u00e9sident Macron, et son gouvernement, au pr\u00e9texte que les moyens financiers seraient insuffisants Imposent une r\u00e9forme antisociale des retraites contre l\u2019aspiration largement majoritaire de la population, Refusent de r\u00e9pondre \u00e0 des besoins sociaux \u00e9l\u00e9mentaires en &hellip; Continue reading Crozon 21 Mai Rassemblement pour la Paix et le D\u00e9sarmement nucl\u00e9aire\" \/>\n<meta property=\"og:url\" content=\"https:\/\/pcbigouden.fr\/?p=2705\" \/>\n<meta property=\"og:site_name\" content=\"PCF Pays Bigouden\" \/>\n<meta property=\"article:published_time\" content=\"2023-05-14T15:19:16+00:00\" \/>\n<meta property=\"article:modified_time\" content=\"2023-05-18T07:27:16+00:00\" \/>\n<meta property=\"og:image\" content=\"https:\/\/pcbigouden.fr\/wp-content\/uploads\/2023\/05\/MvtPaix.jpg\" \/>\n\t<meta property=\"og:image:width\" content=\"1053\" \/>\n\t<meta property=\"og:image:height\" content=\"211\" \/>\n\t<meta property=\"og:image:type\" content=\"image\/jpeg\" \/>\n<meta name=\"author\" content=\"sierramaestra\" \/>\n<meta name=\"twitter:card\" content=\"summary_large_image\" \/>\n<meta name=\"twitter:label1\" content=\"\u00c9crit par\" \/>\n\t<meta name=\"twitter:data1\" content=\"sierramaestra\" \/>\n\t<meta name=\"twitter:label2\" content=\"Dur\u00e9e de lecture estim\u00e9e\" \/>\n\t<meta name=\"twitter:data2\" content=\"2 minutes\" \/>\n<script type=\"application\/ld+json\" class=\"yoast-schema-graph\">{\"@context\":\"https:\\\/\\\/schema.org\",\"@graph\":[{\"@type\":\"Article\",\"@id\":\"https:\\\/\\\/pcbigouden.fr\\\/?p=2705#article\",\"isPartOf\":{\"@id\":\"https:\\\/\\\/pcbigouden.fr\\\/?p=2705\"},\"author\":{\"name\":\"sierramaestra\",\"@id\":\"https:\\\/\\\/pcbigouden.fr\\\/#\\\/schema\\\/person\\\/2f88b3db41deacf169cab9e2ff83133a\"},\"headline\":\"Crozon 21 Mai Rassemblement pour la Paix et le D\u00e9sarmement nucl\u00e9aire\",\"datePublished\":\"2023-05-14T15:19:16+00:00\",\"dateModified\":\"2023-05-18T07:27:16+00:00\",\"mainEntityOfPage\":{\"@id\":\"https:\\\/\\\/pcbigouden.fr\\\/?p=2705\"},\"wordCount\":492,\"publisher\":{\"@id\":\"https:\\\/\\\/pcbigouden.fr\\\/#organization\"},\"image\":{\"@id\":\"https:\\\/\\\/pcbigouden.fr\\\/?p=2705#primaryimage\"},\"thumbnailUrl\":\"https:\\\/\\\/pcbigouden.fr\\\/wp-content\\\/uploads\\\/2023\\\/05\\\/MvtPaix.jpg\",\"keywords\":[\"armes\",\"bombe\",\"Crozon\",\"Mouvement de la Paix\",\"paix\"],\"articleSection\":{\"1\":\"Paix\"},\"inLanguage\":\"fr-FR\"},{\"@type\":\"WebPage\",\"@id\":\"https:\\\/\\\/pcbigouden.fr\\\/?p=2705\",\"url\":\"https:\\\/\\\/pcbigouden.fr\\\/?p=2705\",\"name\":\"Crozon 21 Mai Rassemblement pour la Paix et le D\u00e9sarmement nucl\u00e9aire - PCF Pays Bigouden\",\"isPartOf\":{\"@id\":\"https:\\\/\\\/pcbigouden.fr\\\/#website\"},\"primaryImageOfPage\":{\"@id\":\"https:\\\/\\\/pcbigouden.fr\\\/?p=2705#primaryimage\"},\"image\":{\"@id\":\"https:\\\/\\\/pcbigouden.fr\\\/?p=2705#primaryimage\"},\"thumbnailUrl\":\"https:\\\/\\\/pcbigouden.fr\\\/wp-content\\\/uploads\\\/2023\\\/05\\\/MvtPaix.jpg\",\"datePublished\":\"2023-05-14T15:19:16+00:00\",\"dateModified\":\"2023-05-18T07:27:16+00:00\",\"breadcrumb\":{\"@id\":\"https:\\\/\\\/pcbigouden.fr\\\/?p=2705#breadcrumb\"},\"inLanguage\":\"fr-FR\",\"potentialAction\":[{\"@type\":\"ReadAction\",\"target\":[\"https:\\\/\\\/pcbigouden.fr\\\/?p=2705\"]}]},{\"@type\":\"ImageObject\",\"inLanguage\":\"fr-FR\",\"@id\":\"https:\\\/\\\/pcbigouden.fr\\\/?p=2705#primaryimage\",\"url\":\"https:\\\/\\\/pcbigouden.fr\\\/wp-content\\\/uploads\\\/2023\\\/05\\\/MvtPaix.jpg\",\"contentUrl\":\"https:\\\/\\\/pcbigouden.fr\\\/wp-content\\\/uploads\\\/2023\\\/05\\\/MvtPaix.jpg\",\"width\":1053,\"height\":211},{\"@type\":\"BreadcrumbList\",\"@id\":\"https:\\\/\\\/pcbigouden.fr\\\/?p=2705#breadcrumb\",\"itemListElement\":[{\"@type\":\"ListItem\",\"position\":1,\"name\":\"Accueil\",\"item\":\"https:\\\/\\\/pcbigouden.fr\\\/\"},{\"@type\":\"ListItem\",\"position\":2,\"name\":\"Crozon 21 Mai Rassemblement pour la Paix et le D\u00e9sarmement nucl\u00e9aire\"}]},{\"@type\":\"WebSite\",\"@id\":\"https:\\\/\\\/pcbigouden.fr\\\/#website\",\"url\":\"https:\\\/\\\/pcbigouden.fr\\\/\",\"name\":\"PCF Pays Bigouden\",\"description\":\"Blog des communistes du Pays Bigouden\",\"publisher\":{\"@id\":\"https:\\\/\\\/pcbigouden.fr\\\/#organization\"},\"potentialAction\":[{\"@type\":\"SearchAction\",\"target\":{\"@type\":\"EntryPoint\",\"urlTemplate\":\"https:\\\/\\\/pcbigouden.fr\\\/?s={search_term_string}\"},\"query-input\":{\"@type\":\"PropertyValueSpecification\",\"valueRequired\":true,\"valueName\":\"search_term_string\"}}],\"inLanguage\":\"fr-FR\"},{\"@type\":\"Organization\",\"@id\":\"https:\\\/\\\/pcbigouden.fr\\\/#organization\",\"name\":\"Parti Communiste PCF Pays Bigouden\",\"url\":\"https:\\\/\\\/pcbigouden.fr\\\/\",\"logo\":{\"@type\":\"ImageObject\",\"inLanguage\":\"fr-FR\",\"@id\":\"https:\\\/\\\/pcbigouden.fr\\\/#\\\/schema\\\/logo\\\/image\\\/\",\"url\":\"https:\\\/\\\/pcbigouden.fr\\\/wp-content\\\/uploads\\\/2021\\\/10\\\/logoTB307x290.jpg\",\"contentUrl\":\"https:\\\/\\\/pcbigouden.fr\\\/wp-content\\\/uploads\\\/2021\\\/10\\\/logoTB307x290.jpg\",\"width\":307,\"height\":290,\"caption\":\"Parti Communiste PCF Pays Bigouden\"},\"image\":{\"@id\":\"https:\\\/\\\/pcbigouden.fr\\\/#\\\/schema\\\/logo\\\/image\\\/\"}},{\"@type\":\"Person\",\"@id\":\"https:\\\/\\\/pcbigouden.fr\\\/#\\\/schema\\\/person\\\/2f88b3db41deacf169cab9e2ff83133a\",\"name\":\"sierramaestra\",\"image\":{\"@type\":\"ImageObject\",\"inLanguage\":\"fr-FR\",\"@id\":\"https:\\\/\\\/secure.gravatar.com\\\/avatar\\\/5e822171bcc9a9856efba4097a35cfd35b4c239b7b552810087caf40ef8496b2?s=96&d=mm&r=g\",\"url\":\"https:\\\/\\\/secure.gravatar.com\\\/avatar\\\/5e822171bcc9a9856efba4097a35cfd35b4c239b7b552810087caf40ef8496b2?s=96&d=mm&r=g\",\"contentUrl\":\"https:\\\/\\\/secure.gravatar.com\\\/avatar\\\/5e822171bcc9a9856efba4097a35cfd35b4c239b7b552810087caf40ef8496b2?s=96&d=mm&r=g\",\"caption\":\"sierramaestra\"},\"url\":\"https:\\\/\\\/pcbigouden.fr\\\/?author=6\"}]}<\/script>\n<!-- \/ Yoast SEO plugin. -->","yoast_head_json":{"title":"Crozon 21 Mai Rassemblement pour la Paix et le D\u00e9sarmement nucl\u00e9aire - PCF Pays Bigouden","robots":{"index":"index","follow":"follow","max-snippet":"max-snippet:-1","max-image-preview":"max-image-preview:large","max-video-preview":"max-video-preview:-1"},"canonical":"https:\/\/pcbigouden.fr\/?p=2705","og_locale":"fr_FR","og_type":"article","og_title":"Crozon 21 Mai Rassemblement pour la Paix et le D\u00e9sarmement nucl\u00e9aire - PCF Pays Bigouden","og_description":"RDV au Fret &#8211; D\u00e9bats, expositions, musique avec Pol Huellou, Tony Mc Carthy, Gilles Le Bigot et invit\u00e9s surprises Le pr\u00e9sident Macron, et son gouvernement, au pr\u00e9texte que les moyens financiers seraient insuffisants Imposent une r\u00e9forme antisociale des retraites contre l\u2019aspiration largement majoritaire de la population, Refusent de r\u00e9pondre \u00e0 des besoins sociaux \u00e9l\u00e9mentaires en &hellip; Continue reading Crozon 21 Mai Rassemblement pour la Paix et le D\u00e9sarmement nucl\u00e9aire","og_url":"https:\/\/pcbigouden.fr\/?p=2705","og_site_name":"PCF Pays Bigouden","article_published_time":"2023-05-14T15:19:16+00:00","article_modified_time":"2023-05-18T07:27:16+00:00","og_image":[{"width":1053,"height":211,"url":"https:\/\/pcbigouden.fr\/wp-content\/uploads\/2023\/05\/MvtPaix.jpg","type":"image\/jpeg"}],"author":"sierramaestra","twitter_card":"summary_large_image","twitter_misc":{"\u00c9crit par":"sierramaestra","Dur\u00e9e de lecture estim\u00e9e":"2 minutes"},"schema":{"@context":"https:\/\/schema.org","@graph":[{"@type":"Article","@id":"https:\/\/pcbigouden.fr\/?p=2705#article","isPartOf":{"@id":"https:\/\/pcbigouden.fr\/?p=2705"},"author":{"name":"sierramaestra","@id":"https:\/\/pcbigouden.fr\/#\/schema\/person\/2f88b3db41deacf169cab9e2ff83133a"},"headline":"Crozon 21 Mai Rassemblement pour la Paix et le D\u00e9sarmement nucl\u00e9aire","datePublished":"2023-05-14T15:19:16+00:00","dateModified":"2023-05-18T07:27:16+00:00","mainEntityOfPage":{"@id":"https:\/\/pcbigouden.fr\/?p=2705"},"wordCount":492,"publisher":{"@id":"https:\/\/pcbigouden.fr\/#organization"},"image":{"@id":"https:\/\/pcbigouden.fr\/?p=2705#primaryimage"},"thumbnailUrl":"https:\/\/pcbigouden.fr\/wp-content\/uploads\/2023\/05\/MvtPaix.jpg","keywords":["armes","bombe","Crozon","Mouvement de la Paix","paix"],"articleSection":{"1":"Paix"},"inLanguage":"fr-FR"},{"@type":"WebPage","@id":"https:\/\/pcbigouden.fr\/?p=2705","url":"https:\/\/pcbigouden.fr\/?p=2705","name":"Crozon 21 Mai Rassemblement pour la Paix et le D\u00e9sarmement nucl\u00e9aire - PCF Pays Bigouden","isPartOf":{"@id":"https:\/\/pcbigouden.fr\/#website"},"primaryImageOfPage":{"@id":"https:\/\/pcbigouden.fr\/?p=2705#primaryimage"},"image":{"@id":"https:\/\/pcbigouden.fr\/?p=2705#primaryimage"},"thumbnailUrl":"https:\/\/pcbigouden.fr\/wp-content\/uploads\/2023\/05\/MvtPaix.jpg","datePublished":"2023-05-14T15:19:16+00:00","dateModified":"2023-05-18T07:27:16+00:00","breadcrumb":{"@id":"https:\/\/pcbigouden.fr\/?p=2705#breadcrumb"},"inLanguage":"fr-FR","potentialAction":[{"@type":"ReadAction","target":["https:\/\/pcbigouden.fr\/?p=2705"]}]},{"@type":"ImageObject","inLanguage":"fr-FR","@id":"https:\/\/pcbigouden.fr\/?p=2705#primaryimage","url":"https:\/\/pcbigouden.fr\/wp-content\/uploads\/2023\/05\/MvtPaix.jpg","contentUrl":"https:\/\/pcbigouden.fr\/wp-content\/uploads\/2023\/05\/MvtPaix.jpg","width":1053,"height":211},{"@type":"BreadcrumbList","@id":"https:\/\/pcbigouden.fr\/?p=2705#breadcrumb","itemListElement":[{"@type":"ListItem","position":1,"name":"Accueil","item":"https:\/\/pcbigouden.fr\/"},{"@type":"ListItem","position":2,"name":"Crozon 21 Mai Rassemblement pour la Paix et le D\u00e9sarmement nucl\u00e9aire"}]},{"@type":"WebSite","@id":"https:\/\/pcbigouden.fr\/#website","url":"https:\/\/pcbigouden.fr\/","name":"PCF Pays Bigouden","description":"Blog des communistes du Pays Bigouden","publisher":{"@id":"https:\/\/pcbigouden.fr\/#organization"},"potentialAction":[{"@type":"SearchAction","target":{"@type":"EntryPoint","urlTemplate":"https:\/\/pcbigouden.fr\/?s={search_term_string}"},"query-input":{"@type":"PropertyValueSpecification","valueRequired":true,"valueName":"search_term_string"}}],"inLanguage":"fr-FR"},{"@type":"Organization","@id":"https:\/\/pcbigouden.fr\/#organization","name":"Parti Communiste PCF Pays Bigouden","url":"https:\/\/pcbigouden.fr\/","logo":{"@type":"ImageObject","inLanguage":"fr-FR","@id":"https:\/\/pcbigouden.fr\/#\/schema\/logo\/image\/","url":"https:\/\/pcbigouden.fr\/wp-content\/uploads\/2021\/10\/logoTB307x290.jpg","contentUrl":"https:\/\/pcbigouden.fr\/wp-content\/uploads\/2021\/10\/logoTB307x290.jpg","width":307,"height":290,"caption":"Parti Communiste PCF Pays Bigouden"},"image":{"@id":"https:\/\/pcbigouden.fr\/#\/schema\/logo\/image\/"}},{"@type":"Person","@id":"https:\/\/pcbigouden.fr\/#\/schema\/person\/2f88b3db41deacf169cab9e2ff83133a","name":"sierramaestra","image":{"@type":"ImageObject","inLanguage":"fr-FR","@id":"https:\/\/secure.gravatar.com\/avatar\/5e822171bcc9a9856efba4097a35cfd35b4c239b7b552810087caf40ef8496b2?s=96&d=mm&r=g","url":"https:\/\/secure.gravatar.com\/avatar\/5e822171bcc9a9856efba4097a35cfd35b4c239b7b552810087caf40ef8496b2?s=96&d=mm&r=g","contentUrl":"https:\/\/secure.gravatar.com\/avatar\/5e822171bcc9a9856efba4097a35cfd35b4c239b7b552810087caf40ef8496b2?s=96&d=mm&r=g","caption":"sierramaestra"},"url":"https:\/\/pcbigouden.fr\/?author=6"}]}},"jetpack_featured_media_url":"https:\/\/pcbigouden.fr\/wp-content\/uploads\/2023\/05\/MvtPaix.jpg","jetpack_sharing_enabled":true,"jetpack_likes_enabled":true,"_links":{"self":[{"href":"https:\/\/pcbigouden.fr\/index.php?rest_route=\/wp\/v2\/posts\/2705","targetHints":{"allow":["GET"]}}],"collection":[{"href":"https:\/\/pcbigouden.fr\/index.php?rest_route=\/wp\/v2\/posts"}],"about":[{"href":"https:\/\/pcbigouden.fr\/index.php?rest_route=\/wp\/v2\/types\/post"}],"author":[{"embeddable":true,"href":"https:\/\/pcbigouden.fr\/index.php?rest_route=\/wp\/v2\/users\/6"}],"replies":[{"embeddable":true,"href":"https:\/\/pcbigouden.fr\/index.php?rest_route=%2Fwp%2Fv2%2Fcomments&post=2705"}],"version-history":[{"count":11,"href":"https:\/\/pcbigouden.fr\/index.php?rest_route=\/wp\/v2\/posts\/2705\/revisions"}],"predecessor-version":[{"id":2733,"href":"https:\/\/pcbigouden.fr\/index.php?rest_route=\/wp\/v2\/posts\/2705\/revisions\/2733"}],"wp:featuredmedia":[{"embeddable":true,"href":"https:\/\/pcbigouden.fr\/index.php?rest_route=\/wp\/v2\/media\/2713"}],"wp:attachment":[{"href":"https:\/\/pcbigouden.fr\/index.php?rest_route=%2Fwp%2Fv2%2Fmedia&parent=2705"}],"wp:term":[{"taxonomy":"category","embeddable":true,"href":"https:\/\/pcbigouden.fr\/index.php?rest_route=%2Fwp%2Fv2%2Fcategories&post=2705"},{"taxonomy":"post_tag","embeddable":true,"href":"https:\/\/pcbigouden.fr\/index.php?rest_route=%2Fwp%2Fv2%2Ftags&post=2705"}],"curies":[{"name":"wp","href":"https:\/\/api.w.org\/{rel}","templated":true}]}}