{"id":2655,"date":"2023-05-06T07:59:11","date_gmt":"2023-05-06T05:59:11","guid":{"rendered":"https:\/\/pcbigouden.fr\/?p=2655"},"modified":"2023-05-07T06:58:42","modified_gmt":"2023-05-07T04:58:42","slug":"changer-la-constitution-une-necessite-absolue","status":"publish","type":"post","link":"https:\/\/pcbigouden.fr\/?p=2655","title":{"rendered":"Changer la Constitution : une n\u00e9cessit\u00e9 absolue.."},"content":{"rendered":"<p><strong>Notre constitution de la V<sup>e<\/sup> R\u00e9publique\u00a0 a instaur\u00e9 un r\u00e9gime pr\u00e9sidentiel, un pouvoir personnel insupportable et dangereux.<\/strong><br \/>\nC&rsquo;est une caricature de d\u00e9mocratie. Cela saute aux yeux actuellement.<br \/>\nLe pouvoir macronien utilise cette constitution \u00e0 sens unique : le 49.3 on prend et on en abuse car cela permet de b\u00e2illonner le Parlement, le RIP on n&rsquo;en veut pas car le Peuple pourrait donner son avis..<br \/>\nC&rsquo;est cette constitution qui a permis \u00e0 un jeune aventurier arrogant, propuls\u00e9 par la finance, de s&#8217;emparer de la direction d&rsquo;un pays.<br \/>\nIl peut pendant 5 ans faire ce qui lui plait de fa\u00e7on autoritaire et m\u00e9prisante, aid\u00e9 en cela par ses m\u00e9dias et sa police.<\/p>\n<h4 style=\"text-align: center;\"><em>La constitution, il faut la changer, il nous faut \u00e9crire une nouvelle R\u00e9publique qui respecte les citoyens !<\/em><\/h4>\n<p><!--more-->Le dernier \u00e9pisode en date, le refus d&rsquo;un r\u00e9f\u00e9rendum act\u00e9 par le Conseil Constitutionnel, montre bien le verrouillage des institutions au profit du pouvoir ex\u00e9cutif.<br \/>\nLe Conseil Constitutionnel n&rsquo;est l\u00e0 que pour justifier syst\u00e9matiquement ce que d\u00e9cide le gouvernement. Gouvernement conseill\u00e9 par l&rsquo;officine Mac Kinsey, dont les liens avec la famille Fabius (pr\u00e9sident du CC) sont bien connus..<\/p>\n<p><a href=\"https:\/\/www.gastonballiot.fr\/wp-content\/uploads\/2023\/05\/Institutions.png\"><img loading=\"lazy\" decoding=\"async\" class=\"aligncenter wp-image-11350 \" src=\"https:\/\/www.gastonballiot.fr\/wp-content\/uploads\/2023\/05\/Institutions.png\" alt=\"\" width=\"484\" height=\"485\" \/><\/a><\/p>\n<p style=\"text-align: center;\"><strong>Article dans l&rsquo;Humanit\u00e9 du jeudi 4 mai 2023 :<\/strong><\/p>\n<h3><em>Le Conseil constitutionnel tue le RIP une deuxi\u00e8me fois<\/em><\/h3>\n<p><em>Les Fran\u00e7ais ne pourront pas voter sur les retraites. Les juges de la rue de Montpensier ont \u00e0 nouveau balay\u00e9 la proposition d\u2019un r\u00e9f\u00e9rendum d\u2019initiative partag\u00e9e sur l\u2019\u00e2ge de d\u00e9part.\u00a0<\/em><br \/>\n<em>La gauche ne nourrissait pas beaucoup d\u2019espoirs mais a de quoi \u00eatre quand m\u00eame d\u00e9\u00e7ue. Le Conseil constitutionnel\u00a0a rejet\u00e9, ce mercredi 3\u00a0mai, la proposition de r\u00e9f\u00e9rendum d\u2019initiative partag\u00e9e (RIP) d\u00e9pos\u00e9e par les d\u00e9put\u00e9s et s\u00e9nateurs de gauche. Celle-ci visait \u00e0 demander aux \u00e9lecteurs fran\u00e7ais s\u2019ils souhaitent, oui ou non,\u00a0\u00ab\u2009interdire un \u00e2ge l\u00e9gal de d\u00e9part \u00e0 la retraite sup\u00e9rieur \u00e0 62\u00a0ans\u2009\u00bb.<\/em><br \/>\n<em>\u00a0Le 14\u00a0avril, le Conseil avait retoqu\u00e9 une premi\u00e8re tentative de RIP, au motif lunaire que la proposition de loi, qui propose donc de plafonner \u00e0 62\u00a0ans l\u2019\u00e2ge l\u00e9gal de d\u00e9part, ne constituait pas, \u00e0 ce moment, un changement de la loi (puisque l\u2019\u00e2ge l\u00e9gal \u00e9tait encore \u00e0 62\u00a0ans lors du d\u00e9p\u00f4t du RIP).<\/em><\/p>\n<p><em>Une stricte question de timing<\/em><br \/>\n<em>Les juges de la rue de Montpensier ressortent le m\u00eame argument pour ce second RIP, argument qui leur a \u00e9t\u00e9 fourni cl\u00e9s en main par le gouvernement lorsque celui-ci a d\u00e9pos\u00e9 sa contribution au Conseil. En cause, une stricte question de timing. La demande a \u00e9t\u00e9 faite le 13\u00a0avril,\u00a0la r\u00e9forme des retraites a \u00e9t\u00e9 promulgu\u00e9e le 15\u00a0avril par Emmanuel Macron. Le Conseil estime donc, \u00e0 nouveau, qu\u2019\u00e0 la date du 13\u00a0avril, cela ne constituait pas un changement du droit.<\/em><\/p>\n<p><em>Nouveaut\u00e9 argumentative\u2009: le RIP \u00ab\u2009ne porte pas sur une r\u00e9forme relative \u00e0 la politique sociale de la nation, au sens de l\u2019article 11 de la Constitution\u2009\u00bb, ajoute cette fois le Conseil constitutionnel en citant la mesure de financement de la CSG contenue dans ce RIP seconde mouture. Une mesure f(cliquer suer le lien)iscale, donc pas sociale, selon les pr\u00e9tendus \u00ab\u2009sages\u2009\u00bb.<\/em><\/p>\n<p><em>\u00ab\u2009Comme si ce n\u2019\u00e9tait pas social de garantir une retraite \u00e0 moins de 62\u00a0ans\u2009! Le Conseil joue au chat et \u00e0 la souris pour que le r\u00e9f\u00e9rendum ne voie jamais le jour,\u00a0fulmine le communiste Pierre Dharr\u00e9ville.\u00a0Cette d\u00e9cision scandaleuse s\u2019impose \u00e0 nous, mais on ne peut pas accepter cette interpr\u00e9tation extr\u00eamement restrictive du droit.\u2009\u00bb<\/em><\/p>\n<p><em>\u00ab\u2009Cela montre les limites de l\u2019article 11\u2009\u00bb<\/em><\/p>\n<hr \/>\n<h3 style=\"text-align: center;\"><a href=\"https:\/\/www.francetvinfo.fr\/economie\/retraite\/reforme-des-retraites\/video-rejet-du-rip-la-constitution-actuelle-ne-respecte-pas-la-democratie-estime-fabien-roussel-qui-plaide-pour-une-nouvelle-republique_5806616.html#xtor=CS2-765-[autres]-\" target=\"_blank\" rel=\"noopener\">Vid\u00e9o &#8211; La r\u00e9action de Fabien Roussel le 4 mai 23 \u00e0 ce rejet du RIP\u00a0 sur France Info (cliquer sur ce lien)<\/a><\/h3>\n<hr \/>\n<p>Cette constitution de la Ve R\u00e9publique a \u00e9t\u00e9 mise au point en 1958 sur mesure pour le G\u00e9n\u00e9ral De Gaulle. A l&rsquo;\u00e9poque seul le Parti Communiste s&rsquo;\u00e9tait oppos\u00e9 \u00e0 ce projet.<\/p>\n<p><a href=\"https:\/\/www.gastonballiot.fr\/wp-content\/uploads\/2023\/04\/PCF1958.jpg\"><img loading=\"lazy\" decoding=\"async\" class=\"aligncenter size-full wp-image-11311\" src=\"https:\/\/www.gastonballiot.fr\/wp-content\/uploads\/2023\/04\/PCF1958.jpg\" alt=\"\" width=\"676\" height=\"427\" \/><\/a><\/p>\n<p>Et depuis, le caract\u00e8re pr\u00e9sidentiel a encore \u00e9t\u00e9 aggrav\u00e9 par les modifications apport\u00e9e par l&rsquo;accord entre la droite et la social-d\u00e9mocratie de Jospin qui pla\u00e7ait l&rsquo;\u00e9lection l\u00e9gislative comme une annexe de la pr\u00e9sidentielle. Le syst\u00e8me de l&rsquo;\u00e9lection du pr\u00e9sident de la R\u00e9publique au suffrage universel, avec seulement deux candidats au 2e tour est une caricature de d\u00e9mocratie. On voit le r\u00e9sultat : abstention record, pr\u00e9sident \u00e9lu en \u00e9tant tr\u00e8s minoritaire (moins de 20%) et abusant de son \u00e9lection, crise d\u00e9mocratique, crise de r\u00e9gime.<br \/>\nNous sommes dans une impasse, il faut en sortir, et par le haut, pas par le pire..<\/p>\n","protected":false},"excerpt":{"rendered":"<p>Notre constitution de la Ve R\u00e9publique\u00a0 a instaur\u00e9 un r\u00e9gime pr\u00e9sidentiel, un pouvoir personnel insupportable et dangereux. C&rsquo;est une caricature de d\u00e9mocratie. Cela saute aux yeux actuellement. Le pouvoir macronien utilise cette constitution \u00e0 sens unique : le 49.3 on prend et on en abuse car cela permet de b\u00e2illonner le Parlement, le RIP on &hellip; <a href=\"https:\/\/pcbigouden.fr\/?p=2655\" class=\"more-link\">Continue reading <span class=\"screen-reader-text\">Changer la Constitution : une n\u00e9cessit\u00e9 absolue..<\/span><\/a><\/p>\n","protected":false},"author":6,"featured_media":0,"comment_status":"closed","ping_status":"closed","sticky":false,"template":"","format":"standard","meta":{"_jetpack_memberships_contains_paid_content":false,"footnotes":""},"categories":[2],"tags":[185,21,146,186],"class_list":["post-2655","post","type-post","status-publish","format-standard","hentry","category-democratie","tag-constitution","tag-democratie","tag-election-presidentielle","tag-vie-republique"],"yoast_head":"<!-- This site is optimized with the Yoast SEO plugin v27.5 - https:\/\/yoast.com\/product\/yoast-seo-wordpress\/ -->\n<title>Changer la Constitution : une n\u00e9cessit\u00e9 absolue.. - PCF Pays Bigouden<\/title>\n<meta name=\"robots\" content=\"index, follow, max-snippet:-1, max-image-preview:large, max-video-preview:-1\" \/>\n<link rel=\"canonical\" href=\"https:\/\/pcbigouden.fr\/?p=2655\" \/>\n<meta property=\"og:locale\" content=\"fr_FR\" \/>\n<meta property=\"og:type\" content=\"article\" \/>\n<meta property=\"og:title\" content=\"Changer la Constitution : une n\u00e9cessit\u00e9 absolue.. - PCF Pays Bigouden\" \/>\n<meta property=\"og:description\" content=\"Notre constitution de la Ve R\u00e9publique\u00a0 a instaur\u00e9 un r\u00e9gime pr\u00e9sidentiel, un pouvoir personnel insupportable et dangereux. C&rsquo;est une caricature de d\u00e9mocratie. Cela saute aux yeux actuellement. Le pouvoir macronien utilise cette constitution \u00e0 sens unique : le 49.3 on prend et on en abuse car cela permet de b\u00e2illonner le Parlement, le RIP on &hellip; Continue reading Changer la Constitution : une n\u00e9cessit\u00e9 absolue..\" \/>\n<meta property=\"og:url\" content=\"https:\/\/pcbigouden.fr\/?p=2655\" \/>\n<meta property=\"og:site_name\" content=\"PCF Pays Bigouden\" \/>\n<meta property=\"article:published_time\" content=\"2023-05-06T05:59:11+00:00\" \/>\n<meta property=\"article:modified_time\" content=\"2023-05-07T04:58:42+00:00\" \/>\n<meta property=\"og:image\" content=\"https:\/\/www.gastonballiot.fr\/wp-content\/uploads\/2023\/05\/Institutions.png\" \/>\n<meta name=\"author\" content=\"sierramaestra\" \/>\n<meta name=\"twitter:card\" content=\"summary_large_image\" \/>\n<meta name=\"twitter:label1\" content=\"\u00c9crit par\" \/>\n\t<meta name=\"twitter:data1\" content=\"sierramaestra\" \/>\n\t<meta name=\"twitter:label2\" content=\"Dur\u00e9e de lecture estim\u00e9e\" \/>\n\t<meta name=\"twitter:data2\" content=\"4 minutes\" \/>\n<script type=\"application\/ld+json\" class=\"yoast-schema-graph\">{\"@context\":\"https:\\\/\\\/schema.org\",\"@graph\":[{\"@type\":\"Article\",\"@id\":\"https:\\\/\\\/pcbigouden.fr\\\/?p=2655#article\",\"isPartOf\":{\"@id\":\"https:\\\/\\\/pcbigouden.fr\\\/?p=2655\"},\"author\":{\"name\":\"sierramaestra\",\"@id\":\"https:\\\/\\\/pcbigouden.fr\\\/#\\\/schema\\\/person\\\/2f88b3db41deacf169cab9e2ff83133a\"},\"headline\":\"Changer la Constitution : une n\u00e9cessit\u00e9 absolue..\",\"datePublished\":\"2023-05-06T05:59:11+00:00\",\"dateModified\":\"2023-05-07T04:58:42+00:00\",\"mainEntityOfPage\":{\"@id\":\"https:\\\/\\\/pcbigouden.fr\\\/?p=2655\"},\"wordCount\":791,\"publisher\":{\"@id\":\"https:\\\/\\\/pcbigouden.fr\\\/#organization\"},\"image\":{\"@id\":\"https:\\\/\\\/pcbigouden.fr\\\/?p=2655#primaryimage\"},\"thumbnailUrl\":\"https:\\\/\\\/www.gastonballiot.fr\\\/wp-content\\\/uploads\\\/2023\\\/05\\\/Institutions.png\",\"keywords\":[\"constitution\",\"D\u00e9mocratie\",\"\u00e9lection pr\u00e9sidentielle\",\"VIe Republique\"],\"articleSection\":[\"D\u00e9mocratie\"],\"inLanguage\":\"fr-FR\"},{\"@type\":\"WebPage\",\"@id\":\"https:\\\/\\\/pcbigouden.fr\\\/?p=2655\",\"url\":\"https:\\\/\\\/pcbigouden.fr\\\/?p=2655\",\"name\":\"Changer la Constitution : une n\u00e9cessit\u00e9 absolue.. - PCF Pays Bigouden\",\"isPartOf\":{\"@id\":\"https:\\\/\\\/pcbigouden.fr\\\/#website\"},\"primaryImageOfPage\":{\"@id\":\"https:\\\/\\\/pcbigouden.fr\\\/?p=2655#primaryimage\"},\"image\":{\"@id\":\"https:\\\/\\\/pcbigouden.fr\\\/?p=2655#primaryimage\"},\"thumbnailUrl\":\"https:\\\/\\\/www.gastonballiot.fr\\\/wp-content\\\/uploads\\\/2023\\\/05\\\/Institutions.png\",\"datePublished\":\"2023-05-06T05:59:11+00:00\",\"dateModified\":\"2023-05-07T04:58:42+00:00\",\"breadcrumb\":{\"@id\":\"https:\\\/\\\/pcbigouden.fr\\\/?p=2655#breadcrumb\"},\"inLanguage\":\"fr-FR\",\"potentialAction\":[{\"@type\":\"ReadAction\",\"target\":[\"https:\\\/\\\/pcbigouden.fr\\\/?p=2655\"]}]},{\"@type\":\"ImageObject\",\"inLanguage\":\"fr-FR\",\"@id\":\"https:\\\/\\\/pcbigouden.fr\\\/?p=2655#primaryimage\",\"url\":\"https:\\\/\\\/www.gastonballiot.fr\\\/wp-content\\\/uploads\\\/2023\\\/05\\\/Institutions.png\",\"contentUrl\":\"https:\\\/\\\/www.gastonballiot.fr\\\/wp-content\\\/uploads\\\/2023\\\/05\\\/Institutions.png\"},{\"@type\":\"BreadcrumbList\",\"@id\":\"https:\\\/\\\/pcbigouden.fr\\\/?p=2655#breadcrumb\",\"itemListElement\":[{\"@type\":\"ListItem\",\"position\":1,\"name\":\"Accueil\",\"item\":\"https:\\\/\\\/pcbigouden.fr\\\/\"},{\"@type\":\"ListItem\",\"position\":2,\"name\":\"Changer la Constitution : une n\u00e9cessit\u00e9 absolue..\"}]},{\"@type\":\"WebSite\",\"@id\":\"https:\\\/\\\/pcbigouden.fr\\\/#website\",\"url\":\"https:\\\/\\\/pcbigouden.fr\\\/\",\"name\":\"PCF Pays Bigouden\",\"description\":\"Blog des communistes du Pays Bigouden\",\"publisher\":{\"@id\":\"https:\\\/\\\/pcbigouden.fr\\\/#organization\"},\"potentialAction\":[{\"@type\":\"SearchAction\",\"target\":{\"@type\":\"EntryPoint\",\"urlTemplate\":\"https:\\\/\\\/pcbigouden.fr\\\/?s={search_term_string}\"},\"query-input\":{\"@type\":\"PropertyValueSpecification\",\"valueRequired\":true,\"valueName\":\"search_term_string\"}}],\"inLanguage\":\"fr-FR\"},{\"@type\":\"Organization\",\"@id\":\"https:\\\/\\\/pcbigouden.fr\\\/#organization\",\"name\":\"Parti Communiste PCF Pays Bigouden\",\"url\":\"https:\\\/\\\/pcbigouden.fr\\\/\",\"logo\":{\"@type\":\"ImageObject\",\"inLanguage\":\"fr-FR\",\"@id\":\"https:\\\/\\\/pcbigouden.fr\\\/#\\\/schema\\\/logo\\\/image\\\/\",\"url\":\"https:\\\/\\\/pcbigouden.fr\\\/wp-content\\\/uploads\\\/2021\\\/10\\\/logoTB307x290.jpg\",\"contentUrl\":\"https:\\\/\\\/pcbigouden.fr\\\/wp-content\\\/uploads\\\/2021\\\/10\\\/logoTB307x290.jpg\",\"width\":307,\"height\":290,\"caption\":\"Parti Communiste PCF Pays Bigouden\"},\"image\":{\"@id\":\"https:\\\/\\\/pcbigouden.fr\\\/#\\\/schema\\\/logo\\\/image\\\/\"}},{\"@type\":\"Person\",\"@id\":\"https:\\\/\\\/pcbigouden.fr\\\/#\\\/schema\\\/person\\\/2f88b3db41deacf169cab9e2ff83133a\",\"name\":\"sierramaestra\",\"image\":{\"@type\":\"ImageObject\",\"inLanguage\":\"fr-FR\",\"@id\":\"https:\\\/\\\/secure.gravatar.com\\\/avatar\\\/5e822171bcc9a9856efba4097a35cfd35b4c239b7b552810087caf40ef8496b2?s=96&d=mm&r=g\",\"url\":\"https:\\\/\\\/secure.gravatar.com\\\/avatar\\\/5e822171bcc9a9856efba4097a35cfd35b4c239b7b552810087caf40ef8496b2?s=96&d=mm&r=g\",\"contentUrl\":\"https:\\\/\\\/secure.gravatar.com\\\/avatar\\\/5e822171bcc9a9856efba4097a35cfd35b4c239b7b552810087caf40ef8496b2?s=96&d=mm&r=g\",\"caption\":\"sierramaestra\"},\"url\":\"https:\\\/\\\/pcbigouden.fr\\\/?author=6\"}]}<\/script>\n<!-- \/ Yoast SEO plugin. -->","yoast_head_json":{"title":"Changer la Constitution : une n\u00e9cessit\u00e9 absolue.. - PCF Pays Bigouden","robots":{"index":"index","follow":"follow","max-snippet":"max-snippet:-1","max-image-preview":"max-image-preview:large","max-video-preview":"max-video-preview:-1"},"canonical":"https:\/\/pcbigouden.fr\/?p=2655","og_locale":"fr_FR","og_type":"article","og_title":"Changer la Constitution : une n\u00e9cessit\u00e9 absolue.. - PCF Pays Bigouden","og_description":"Notre constitution de la Ve R\u00e9publique\u00a0 a instaur\u00e9 un r\u00e9gime pr\u00e9sidentiel, un pouvoir personnel insupportable et dangereux. C&rsquo;est une caricature de d\u00e9mocratie. Cela saute aux yeux actuellement. Le pouvoir macronien utilise cette constitution \u00e0 sens unique : le 49.3 on prend et on en abuse car cela permet de b\u00e2illonner le Parlement, le RIP on &hellip; Continue reading Changer la Constitution : une n\u00e9cessit\u00e9 absolue..","og_url":"https:\/\/pcbigouden.fr\/?p=2655","og_site_name":"PCF Pays Bigouden","article_published_time":"2023-05-06T05:59:11+00:00","article_modified_time":"2023-05-07T04:58:42+00:00","og_image":[{"url":"https:\/\/www.gastonballiot.fr\/wp-content\/uploads\/2023\/05\/Institutions.png","type":"","width":"","height":""}],"author":"sierramaestra","twitter_card":"summary_large_image","twitter_misc":{"\u00c9crit par":"sierramaestra","Dur\u00e9e de lecture estim\u00e9e":"4 minutes"},"schema":{"@context":"https:\/\/schema.org","@graph":[{"@type":"Article","@id":"https:\/\/pcbigouden.fr\/?p=2655#article","isPartOf":{"@id":"https:\/\/pcbigouden.fr\/?p=2655"},"author":{"name":"sierramaestra","@id":"https:\/\/pcbigouden.fr\/#\/schema\/person\/2f88b3db41deacf169cab9e2ff83133a"},"headline":"Changer la Constitution : une n\u00e9cessit\u00e9 absolue..","datePublished":"2023-05-06T05:59:11+00:00","dateModified":"2023-05-07T04:58:42+00:00","mainEntityOfPage":{"@id":"https:\/\/pcbigouden.fr\/?p=2655"},"wordCount":791,"publisher":{"@id":"https:\/\/pcbigouden.fr\/#organization"},"image":{"@id":"https:\/\/pcbigouden.fr\/?p=2655#primaryimage"},"thumbnailUrl":"https:\/\/www.gastonballiot.fr\/wp-content\/uploads\/2023\/05\/Institutions.png","keywords":["constitution","D\u00e9mocratie","\u00e9lection pr\u00e9sidentielle","VIe Republique"],"articleSection":["D\u00e9mocratie"],"inLanguage":"fr-FR"},{"@type":"WebPage","@id":"https:\/\/pcbigouden.fr\/?p=2655","url":"https:\/\/pcbigouden.fr\/?p=2655","name":"Changer la Constitution : une n\u00e9cessit\u00e9 absolue.. - PCF Pays Bigouden","isPartOf":{"@id":"https:\/\/pcbigouden.fr\/#website"},"primaryImageOfPage":{"@id":"https:\/\/pcbigouden.fr\/?p=2655#primaryimage"},"image":{"@id":"https:\/\/pcbigouden.fr\/?p=2655#primaryimage"},"thumbnailUrl":"https:\/\/www.gastonballiot.fr\/wp-content\/uploads\/2023\/05\/Institutions.png","datePublished":"2023-05-06T05:59:11+00:00","dateModified":"2023-05-07T04:58:42+00:00","breadcrumb":{"@id":"https:\/\/pcbigouden.fr\/?p=2655#breadcrumb"},"inLanguage":"fr-FR","potentialAction":[{"@type":"ReadAction","target":["https:\/\/pcbigouden.fr\/?p=2655"]}]},{"@type":"ImageObject","inLanguage":"fr-FR","@id":"https:\/\/pcbigouden.fr\/?p=2655#primaryimage","url":"https:\/\/www.gastonballiot.fr\/wp-content\/uploads\/2023\/05\/Institutions.png","contentUrl":"https:\/\/www.gastonballiot.fr\/wp-content\/uploads\/2023\/05\/Institutions.png"},{"@type":"BreadcrumbList","@id":"https:\/\/pcbigouden.fr\/?p=2655#breadcrumb","itemListElement":[{"@type":"ListItem","position":1,"name":"Accueil","item":"https:\/\/pcbigouden.fr\/"},{"@type":"ListItem","position":2,"name":"Changer la Constitution : une n\u00e9cessit\u00e9 absolue.."}]},{"@type":"WebSite","@id":"https:\/\/pcbigouden.fr\/#website","url":"https:\/\/pcbigouden.fr\/","name":"PCF Pays Bigouden","description":"Blog des communistes du Pays Bigouden","publisher":{"@id":"https:\/\/pcbigouden.fr\/#organization"},"potentialAction":[{"@type":"SearchAction","target":{"@type":"EntryPoint","urlTemplate":"https:\/\/pcbigouden.fr\/?s={search_term_string}"},"query-input":{"@type":"PropertyValueSpecification","valueRequired":true,"valueName":"search_term_string"}}],"inLanguage":"fr-FR"},{"@type":"Organization","@id":"https:\/\/pcbigouden.fr\/#organization","name":"Parti Communiste PCF Pays Bigouden","url":"https:\/\/pcbigouden.fr\/","logo":{"@type":"ImageObject","inLanguage":"fr-FR","@id":"https:\/\/pcbigouden.fr\/#\/schema\/logo\/image\/","url":"https:\/\/pcbigouden.fr\/wp-content\/uploads\/2021\/10\/logoTB307x290.jpg","contentUrl":"https:\/\/pcbigouden.fr\/wp-content\/uploads\/2021\/10\/logoTB307x290.jpg","width":307,"height":290,"caption":"Parti Communiste PCF Pays Bigouden"},"image":{"@id":"https:\/\/pcbigouden.fr\/#\/schema\/logo\/image\/"}},{"@type":"Person","@id":"https:\/\/pcbigouden.fr\/#\/schema\/person\/2f88b3db41deacf169cab9e2ff83133a","name":"sierramaestra","image":{"@type":"ImageObject","inLanguage":"fr-FR","@id":"https:\/\/secure.gravatar.com\/avatar\/5e822171bcc9a9856efba4097a35cfd35b4c239b7b552810087caf40ef8496b2?s=96&d=mm&r=g","url":"https:\/\/secure.gravatar.com\/avatar\/5e822171bcc9a9856efba4097a35cfd35b4c239b7b552810087caf40ef8496b2?s=96&d=mm&r=g","contentUrl":"https:\/\/secure.gravatar.com\/avatar\/5e822171bcc9a9856efba4097a35cfd35b4c239b7b552810087caf40ef8496b2?s=96&d=mm&r=g","caption":"sierramaestra"},"url":"https:\/\/pcbigouden.fr\/?author=6"}]}},"jetpack_featured_media_url":"","jetpack_sharing_enabled":true,"jetpack_likes_enabled":true,"_links":{"self":[{"href":"https:\/\/pcbigouden.fr\/index.php?rest_route=\/wp\/v2\/posts\/2655","targetHints":{"allow":["GET"]}}],"collection":[{"href":"https:\/\/pcbigouden.fr\/index.php?rest_route=\/wp\/v2\/posts"}],"about":[{"href":"https:\/\/pcbigouden.fr\/index.php?rest_route=\/wp\/v2\/types\/post"}],"author":[{"embeddable":true,"href":"https:\/\/pcbigouden.fr\/index.php?rest_route=\/wp\/v2\/users\/6"}],"replies":[{"embeddable":true,"href":"https:\/\/pcbigouden.fr\/index.php?rest_route=%2Fwp%2Fv2%2Fcomments&post=2655"}],"version-history":[{"count":5,"href":"https:\/\/pcbigouden.fr\/index.php?rest_route=\/wp\/v2\/posts\/2655\/revisions"}],"predecessor-version":[{"id":2701,"href":"https:\/\/pcbigouden.fr\/index.php?rest_route=\/wp\/v2\/posts\/2655\/revisions\/2701"}],"wp:attachment":[{"href":"https:\/\/pcbigouden.fr\/index.php?rest_route=%2Fwp%2Fv2%2Fmedia&parent=2655"}],"wp:term":[{"taxonomy":"category","embeddable":true,"href":"https:\/\/pcbigouden.fr\/index.php?rest_route=%2Fwp%2Fv2%2Fcategories&post=2655"},{"taxonomy":"post_tag","embeddable":true,"href":"https:\/\/pcbigouden.fr\/index.php?rest_route=%2Fwp%2Fv2%2Ftags&post=2655"}],"curies":[{"name":"wp","href":"https:\/\/api.w.org\/{rel}","templated":true}]}}