{"id":2570,"date":"2023-04-04T08:22:33","date_gmt":"2023-04-04T06:22:33","guid":{"rendered":"https:\/\/pcbigouden.fr\/?p=2570"},"modified":"2023-05-07T07:01:07","modified_gmt":"2023-05-07T05:01:07","slug":"conference-de-presse-du-pcf-pays-bigouden-le-31-mars-2023","status":"publish","type":"post","link":"https:\/\/pcbigouden.fr\/?p=2570","title":{"rendered":"Conf\u00e9rence de presse du PCF pays bigouden le 31 mars 2023"},"content":{"rendered":"<p style=\"text-align: center;\"><strong>Le T\u00e9l\u00e9gramme<\/strong><\/p>\n<header class=\"article__header\">\n<h2 class=\"article__header__title\">Le nouveau bureau de la section bigoud\u00e8ne du Parti communiste<\/h2>\n<\/header>\n<figure class=\"article__main__figure\"><img decoding=\"async\" class=\"article__main__img aligncenter\" title=\"\" src=\"https:\/\/www.letelegramme.fr\/images\/2023\/04\/01\/maryse-rousseau-et-gerard-bal-sont-respectivement-secretaire_7408138_676x418p.jpg?v=1\" alt=\"Maryse Rousseau et G\u00e9rard Bal sont respectivement secr\u00e9taire et secr\u00e9taire adjoint de la section bigoud\u00e8ne du Parti communiste.\" \/><figcaption class=\"article__main__figcaption\"><em>Maryse Rousseau et G\u00e9rard Bal sont respectivement secr\u00e9taire et secr\u00e9taire adjoint de la section bigoud\u00e8ne du Parti communiste. (Le T\u00e9l\u00e9gramme\/de Moulins Madeleine)<\/em><\/figcaption><\/figure>\n<div class=\"article__main__wrapper\">\n<div class=\"article__wrapper__content\">\n<div class=\"article__content noscript \">\n<p>Le 12 mars, le comit\u00e9 de section du PCF du Pays bigouden a r\u00e9uni ses membres pour travailler, \u00e0 son \u00e9chelle, sur la feuille de route du parti, en amont du congr\u00e8s \u00e0 Marseille, cette ann\u00e9e. \u00ab\u00a0Trente et un membres ont travaill\u00e9 sur des amendements qui seront propos\u00e9s au national\u00a0\u00bb, explique Maryse Rousseau. Ils ont mis l\u2019accent sur \u00ab\u00a0la lutte contre les discriminations, le rassemblement des forces de gauche et la parit\u00e9 en politique\u00a0\u00bb.<br \/>\n\u00c0 cette occasion, le nouveau bureau de la section locale a \u00e9t\u00e9 \u00e9lu comme suit : Maryse Rousseau, secr\u00e9taire ; G\u00e9rald Bal, secr\u00e9taire adjoint ; Philippe Moreau, tr\u00e9sorier ; Sergine Le Bohec et Louis Guirriec, tr\u00e9soriers adjoints.<\/p>\n<\/div>\n<\/div>\n<\/div>\n<hr \/>\n<p style=\"text-align: center;\"><strong>Ouest France<\/strong><\/p>\n<header class=\"su-article \">\n<h2 class=\"titre \" style=\"text-align: center;\">Le PCF bigouden en ordre de marche<\/h2>\n<h4 class=\"titre \" style=\"text-align: center;\">Il apporte sa contribution au prochain congr\u00e8s<\/h4>\n<p class=\"su-standfirst chapeau\">Le 39e congr\u00e8s du Parti communiste fran\u00e7ais (PCF) se tiendra du 7 au 10 avril 2023, \u00e0 Marseille.<br \/>\nLa section du Pays bigouden (Finist\u00e8re) compte participer activement aux grands chantiers de transformation.<\/p>\n<div class=\"photo su-relative rs_skip\">\n<figure>\n<div class=\"su-ratio-16-9 su-main-picture\"><img class=\"su-media aligncenter\" sizes=\"(max-width: 767px) and (min-resolution: 2dppx) and (max-resolution: 2.9dppx) 50vw, (max-width: 767px) and (min-resolution: 3dppx) and (max-resolution: 3.9dppx) 33.3vw, (max-width: 767px) and (min-resolution: 4dppx) 25vw, (max-width: 767px) 100vw, (min-width: 768px) 630px\" srcset=\"https:\/\/media.ouest-france.fr\/v1\/pictures\/MjAyMzA0ZWVkYTU1MTk0Mjg3YzhhODc5OTQ0MmM4Y2M1ZDg4M2Y?width=320&amp;height=180&amp;focuspoint=50%2C25&amp;cropresize=1&amp;client_id=bpeditorial&amp;sign=f25000649bf509fd0213453a06e648995edbab07eb02e0ddb793626358f77011 320w, https:\/\/media.ouest-france.fr\/v1\/pictures\/MjAyMzA0ZWVkYTU1MTk0Mjg3YzhhODc5OTQ0MmM4Y2M1ZDg4M2Y?width=375&amp;height=210&amp;focuspoint=50%2C25&amp;cropresize=1&amp;client_id=bpeditorial&amp;sign=0c7d3915149cc6853687133557642e949608e382def16975db779e385d6ae733 360w, https:\/\/media.ouest-france.fr\/v1\/pictures\/MjAyMzA0ZWVkYTU1MTk0Mjg3YzhhODc5OTQ0MmM4Y2M1ZDg4M2Y?width=480&amp;height=270&amp;focuspoint=50%2C25&amp;cropresize=1&amp;client_id=bpeditorial&amp;sign=f09f35c0b99b631ac8732aa9284f5e71f3d61cdcf0ea8f6f510559331a2ad4ba 480w, https:\/\/media.ouest-france.fr\/v1\/pictures\/MjAyMzA0ZWVkYTU1MTk0Mjg3YzhhODc5OTQ0MmM4Y2M1ZDg4M2Y?width=630&amp;height=354&amp;focuspoint=50%2C25&amp;cropresize=1&amp;client_id=bpeditorial&amp;sign=39eb9cb0aa21f1e3444f678b52744136da05117101b94135641c560577e07ca8 630w\" alt=\"Le comit\u00e9 de section bigouden du Parti communiste fran\u00e7ais.\" \/><\/div>\n<\/figure>\n<h1><a href=\"https:\/\/pcbigouden.fr\/wp-content\/uploads\/2023\/04\/OF4avril23.jpg\"><img loading=\"lazy\" decoding=\"async\" class=\"size-full wp-image-2575 aligncenter\" src=\"https:\/\/pcbigouden.fr\/wp-content\/uploads\/2023\/04\/OF4avril23.jpg\" alt=\"\" width=\"596\" height=\"442\" srcset=\"https:\/\/pcbigouden.fr\/wp-content\/uploads\/2023\/04\/OF4avril23.jpg 596w, https:\/\/pcbigouden.fr\/wp-content\/uploads\/2023\/04\/OF4avril23-300x222.jpg 300w, https:\/\/pcbigouden.fr\/wp-content\/uploads\/2023\/04\/OF4avril23-146x108.jpg 146w\" sizes=\"auto, (max-width: 596px) 100vw, 596px\" \/><\/a><\/h1>\n<hr \/>\n<h2 style=\"text-align: center;\">Notre d\u00e9claration lors de la conf\u00e9rence de presse<\/h2>\n<div>\n<div id=\"outerContainer\">\n<div id=\"sidebarContainer\">\n<div id=\"toolbarSidebar\">\n<div id=\"toolbarSidebarLeft\">\n<div id=\"sidebarViewButtons\" class=\"splitToolbarButton toggled\" role=\"radiogroup\"><span id=\"page3R_mcid10\" class=\"markedContent\"><span dir=\"ltr\" role=\"presentation\">D<\/span><\/span><span id=\"page3R_mcid11\" class=\"markedContent\"><span dir=\"ltr\" role=\"presentation\">epuis le mois de septembre<\/span><\/span><span id=\"page3R_mcid12\" class=\"markedContent\"><\/span><span id=\"page3R_mcid13\" class=\"markedContent\"> <span dir=\"ltr\" role=\"presentation\">2022, les communistes<\/span><\/span><span id=\"page3R_mcid14\" class=\"markedContent\"><\/span><span id=\"page3R_mcid15\" class=\"markedContent\"> <span dir=\"ltr\" role=\"presentation\">de<\/span><\/span><span id=\"page3R_mcid16\" class=\"markedContent\"> <span dir=\"ltr\" role=\"presentation\">France<\/span><\/span><span id=\"page3R_mcid17\" class=\"markedContent\"><span dir=\"ltr\" role=\"presentation\">,<\/span><\/span><span id=\"page3R_mcid18\" class=\"markedContent\"><\/span><span id=\"page3R_mcid19\" class=\"markedContent\"> <span dir=\"ltr\" role=\"presentation\">s\u2019expriment et<\/span><\/span><span id=\"page3R_mcid20\" class=\"markedContent\"><\/span><span id=\"page3R_mcid21\" class=\"markedContent\"> <span dir=\"ltr\" role=\"presentation\">contribue<\/span><\/span><span id=\"page3R_mcid22\" class=\"markedContent\"><span dir=\"ltr\" role=\"presentation\">nt<\/span><\/span><span id=\"page3R_mcid23\" class=\"markedContent\"><\/span><span id=\"page3R_mcid24\" class=\"markedContent\"> <span dir=\"ltr\" role=\"presentation\">\u00e0 enrichir la <\/span><\/span><span id=\"page3R_mcid25\" class=\"markedContent\"><span dir=\"ltr\" role=\"presentation\">base de travail<\/span><\/span><span id=\"page3R_mcid26\" class=\"markedContent\"> <span dir=\"ltr\" role=\"presentation\">qui<\/span><\/span><span id=\"page3R_mcid27\" class=\"markedContent\"> <span dir=\"ltr\" role=\"presentation\">va<\/span><\/span><span id=\"page3R_mcid28\" class=\"markedContent\"> <span dir=\"ltr\" role=\"presentation\">tracer la<\/span><\/span><span id=\"page3R_mcid29\" class=\"markedContent\"> <span dir=\"ltr\" role=\"presentation\">voie pour<\/span><\/span><span id=\"page3R_mcid30\" class=\"markedContent\"><\/span><span id=\"page3R_mcid31\" class=\"markedContent\"> <span dir=\"ltr\" role=\"presentation\">les ann\u00e9es \u00e0 venir<\/span><\/span><span id=\"page3R_mcid32\" class=\"markedContent\"><span dir=\"ltr\" role=\"presentation\">.<\/span><\/span><span id=\"page3R_mcid33\" class=\"markedContent\"> <span dir=\"ltr\" role=\"presentation\">C<\/span><\/span><span id=\"page3R_mcid34\" class=\"markedContent\"><span dir=\"ltr\" role=\"presentation\">e 39<\/span><\/span><span id=\"page3R_mcid35\" class=\"markedContent\"><span dir=\"ltr\" role=\"presentation\">\u00e8me<\/span><\/span><span id=\"page3R_mcid36\" class=\"markedContent\"><\/span><span id=\"page3R_mcid37\" class=\"markedContent\"> <span dir=\"ltr\" role=\"presentation\">congr\u00e8s<\/span><\/span><span id=\"page3R_mcid38\" class=\"markedContent\"><\/span><span id=\"page3R_mcid39\" class=\"markedContent\"> <span dir=\"ltr\" role=\"presentation\">du PCF<\/span><\/span><span id=\"page3R_mcid40\" class=\"markedContent\"><\/span><span id=\"page3R_mcid41\" class=\"markedContent\"> <span dir=\"ltr\" role=\"presentation\">qui se tiendra \u00e0 <\/span><\/span><span id=\"page3R_mcid42\" class=\"markedContent\"><span dir=\"ltr\" role=\"presentation\">Marseille, sera<\/span><\/span><span id=\"page3R_mcid43\" class=\"markedContent\"> <span dir=\"ltr\" role=\"presentation\">un moment fort de la vie de notre<\/span><\/span><span id=\"page3R_mcid44\" class=\"markedContent\"> <span dir=\"ltr\" role=\"presentation\">parti<\/span><\/span><span id=\"page3R_mcid45\" class=\"markedContent\"><\/span><span id=\"page3R_mcid46\" class=\"markedContent\"> <span dir=\"ltr\" role=\"presentation\">!<\/span><\/span><\/div>\n<div class=\"splitToolbarButton toggled\" role=\"radiogroup\"><span id=\"page3R_mcid49\" class=\"markedContent\"><span dir=\"ltr\" role=\"presentation\">C<\/span><\/span><span id=\"page3R_mcid50\" class=\"markedContent\"><span dir=\"ltr\" role=\"presentation\">\u2019est ainsi que le<\/span><\/span><span id=\"page3R_mcid51\" class=\"markedContent\"> <span dir=\"ltr\" role=\"presentation\">12 mars,<\/span><\/span><span id=\"page3R_mcid52\" class=\"markedContent\"> <span dir=\"ltr\" role=\"presentation\">31<\/span><\/span><span id=\"page3R_mcid53\" class=\"markedContent\"> <span dir=\"ltr\" role=\"presentation\">congressistes de notre cir<\/span><\/span><span id=\"page3R_mcid54\" class=\"markedContent\"><span dir=\"ltr\" role=\"presentation\">conscription ont<\/span><\/span><span id=\"page3R_mcid55\" class=\"markedContent\"> <span dir=\"ltr\" role=\"presentation\">d\u00e9battu et valid\u00e9<\/span><\/span><span id=\"page3R_mcid56\" class=\"markedContent\"><span dir=\"ltr\" role=\"presentation\">,<\/span><\/span><span id=\"page3R_mcid57\" class=\"markedContent\"><\/span><span id=\"page3R_mcid58\" class=\"markedContent\"> <span dir=\"ltr\" role=\"presentation\">ou p<\/span><\/span><span id=\"page3R_mcid59\" class=\"markedContent\"><span dir=\"ltr\" role=\"presentation\">as<\/span><\/span><span id=\"page3R_mcid60\" class=\"markedContent\"><span dir=\"ltr\" role=\"presentation\">,<\/span><\/span><span id=\"page3R_mcid61\" class=\"markedContent\"><\/span><span id=\"page3R_mcid62\" class=\"markedContent\"> <span dir=\"ltr\" role=\"presentation\">la <\/span><\/span><span id=\"page3R_mcid63\" class=\"markedContent\"><span dir=\"ltr\" role=\"presentation\">trentaine d<\/span><\/span><span id=\"page3R_mcid64\" class=\"markedContent\"><span dir=\"ltr\" role=\"presentation\">\u2019amendements propos\u00e9s<\/span><\/span><span id=\"page3R_mcid65\" class=\"markedContent\"><\/span><span id=\"page3R_mcid66\" class=\"markedContent\"> <span dir=\"ltr\" role=\"presentation\">dans la base commune<\/span><\/span><span id=\"page3R_mcid67\" class=\"markedContent\"><\/span><span id=\"page3R_mcid68\" class=\"markedContent\"> <span dir=\"ltr\" role=\"presentation\">et<\/span><\/span><span id=\"page3R_mcid69\" class=\"markedContent\"> <span dir=\"ltr\" role=\"presentation\">soumis<\/span><\/span><span id=\"page3R_mcid70\" class=\"markedContent\"><\/span><span id=\"page3R_mcid71\" class=\"markedContent\"> <span dir=\"ltr\" role=\"presentation\">diman<\/span><\/span><span id=\"page3R_mcid72\" class=\"markedContent\"><span dir=\"ltr\" role=\"presentation\">che dernier au congr\u00e8s <\/span><\/span><span id=\"page3R_mcid73\" class=\"markedContent\"><span dir=\"ltr\" role=\"presentation\">d\u00e9partemental<\/span><\/span><span id=\"page3R_mcid74\" class=\"markedContent\"><\/span><span id=\"page3R_mcid75\" class=\"markedContent\"> <span dir=\"ltr\" role=\"presentation\">du PCF.<\/span><\/span><span id=\"page3R_mcid76\" class=\"markedContent\"> <\/span><\/div>\n<div class=\"splitToolbarButton toggled\" role=\"radiogroup\"><span id=\"page3R_mcid76\" class=\"markedContent\"><span dir=\"ltr\" role=\"presentation\">Le<\/span><\/span><span id=\"page3R_mcid77\" class=\"markedContent\"><\/span><span id=\"page3R_mcid78\" class=\"markedContent\"> <span dir=\"ltr\" role=\"presentation\">comit\u00e9 de section<\/span><\/span><span id=\"page3R_mcid79\" class=\"markedContent\"><\/span><span id=\"page3R_mcid80\" class=\"markedContent\"> <span dir=\"ltr\" role=\"presentation\">de 12 membres<\/span><\/span><span id=\"page3R_mcid81\" class=\"markedContent\"><\/span><span id=\"page3R_mcid82\" class=\"markedContent\"> <span dir=\"ltr\" role=\"presentation\">a \u00e9t\u00e9 \u00e9lu<\/span><\/span><span id=\"page3R_mcid83\" class=\"markedContent\"><span dir=\"ltr\" role=\"presentation\">, \u00e0 parit\u00e9 \u00e9gale.<br \/>\n<\/span><\/span><span id=\"page3R_mcid85\" class=\"markedContent\"><span dir=\"ltr\" role=\"presentation\">Sa s<\/span><\/span><span id=\"page3R_mcid86\" class=\"markedContent\"><span dir=\"ltr\" role=\"presentation\">ecr\u00e9taire<\/span><\/span><span id=\"page3R_mcid87\" class=\"markedContent\"><\/span><span id=\"page3R_mcid88\" class=\"markedContent\"> <span dir=\"ltr\" role=\"presentation\">:<\/span><\/span><span id=\"page3R_mcid89\" class=\"markedContent\"><\/span><span id=\"page3R_mcid90\" class=\"markedContent\"> <span dir=\"ltr\" role=\"presentation\">Maryse Rousseau<\/span><\/span><span id=\"page3R_mcid91\" class=\"markedContent\"><\/span><span id=\"page3R_mcid92\" class=\"markedContent\"> <span dir=\"ltr\" role=\"presentation\">;<\/span><\/span><span id=\"page3R_mcid93\" class=\"markedContent\"><\/span><span id=\"page3R_mcid94\" class=\"markedContent\"> <span dir=\"ltr\" role=\"presentation\">secr\u00e9taire adjoint<\/span><\/span><span id=\"page3R_mcid95\" class=\"markedContent\"><\/span><span id=\"page3R_mcid96\" class=\"markedContent\"> <span dir=\"ltr\" role=\"presentation\">:<\/span><\/span><span id=\"page3R_mcid97\" class=\"markedContent\"><\/span><span id=\"page3R_mcid98\" class=\"markedContent\"> <span dir=\"ltr\" role=\"presentation\">G\u00e9rard Bal<\/span><\/span><span id=\"page3R_mcid99\" class=\"markedContent\"><\/span><span id=\"page3R_mcid100\" class=\"markedContent\"> <span dir=\"ltr\" role=\"presentation\">;<\/span><\/span><span id=\"page3R_mcid101\" class=\"markedContent\"><\/span><span id=\"page3R_mcid102\" class=\"markedContent\"> <span dir=\"ltr\" role=\"presentation\">tr\u00e9sorier<\/span><\/span><span id=\"page3R_mcid103\" class=\"markedContent\"><\/span><span id=\"page3R_mcid104\" class=\"markedContent\"> <span dir=\"ltr\" role=\"presentation\">: Philippe Moreau<\/span><\/span><span id=\"page3R_mcid105\" class=\"markedContent\"><\/span><span id=\"page3R_mcid106\" class=\"markedContent\"> :<\/span><span id=\"page3R_mcid107\" class=\"markedContent\"><\/span><span id=\"page3R_mcid108\" class=\"markedContent\"> <span dir=\"ltr\" role=\"presentation\">tr\u00e9soriers <\/span><\/span><span id=\"page3R_mcid109\" class=\"markedContent\"><span dir=\"ltr\" role=\"presentation\">adjoints<\/span><\/span><span id=\"page3R_mcid110\" class=\"markedContent\"><\/span><span id=\"page3R_mcid111\" class=\"markedContent\"> <span dir=\"ltr\" role=\"presentation\">:<\/span><\/span><span id=\"page3R_mcid112\" class=\"markedContent\"><\/span><span id=\"page3R_mcid113\" class=\"markedContent\"> <span dir=\"ltr\" role=\"presentation\">Sergine Le Bohec et Louis Guirriec<\/span><\/span><span id=\"page3R_mcid114\" class=\"markedContent\"><span dir=\"ltr\" role=\"presentation\">.<\/span><\/span><\/div>\n<\/div>\n<\/div>\n<\/div>\n<\/div>\n<p><span id=\"page3R_mcid117\" class=\"markedContent\"><span dir=\"ltr\" role=\"presentation\">Les actions men\u00e9es<\/span><\/span><span id=\"page3R_mcid118\" class=\"markedContent\"> <span dir=\"ltr\" role=\"presentation\">en 2022<\/span><\/span><span id=\"page3R_mcid119\" class=\"markedContent\"><span dir=\"ltr\" role=\"presentation\">,<\/span><\/span><span id=\"page3R_mcid120\" class=\"markedContent\"><\/span><span id=\"page3R_mcid121\" class=\"markedContent\"> <span dir=\"ltr\" role=\"presentation\">comme<\/span><\/span><span id=\"page3R_mcid122\" class=\"markedContent\"> <span dir=\"ltr\" role=\"presentation\">l<\/span><\/span><span id=\"page3R_mcid123\" class=\"markedContent\"><span dir=\"ltr\" role=\"presentation\">e<\/span><\/span><span id=\"page3R_mcid124\" class=\"markedContent\"><span dir=\"ltr\" role=\"presentation\">s<\/span><\/span><span id=\"page3R_mcid125\" class=\"markedContent\"><\/span><span id=\"page3R_mcid126\" class=\"markedContent\"> <span dir=\"ltr\" role=\"presentation\">ras<\/span><\/span><span id=\"page3R_mcid127\" class=\"markedContent\"><span dir=\"ltr\" role=\"presentation\">semblement<\/span><\/span><span id=\"page3R_mcid128\" class=\"markedContent\"><span dir=\"ltr\" role=\"presentation\">s<\/span><\/span><span id=\"page3R_mcid129\" class=\"markedContent\"><\/span><span id=\"page3R_mcid130\" class=\"markedContent\"> <span dir=\"ltr\" role=\"presentation\">le 5<\/span><\/span><span id=\"page3R_mcid131\" class=\"markedContent\"> <span dir=\"ltr\" role=\"presentation\">mars<\/span><\/span><span id=\"page3R_mcid132\" class=\"markedContent\"><\/span><span id=\"page3R_mcid133\" class=\"markedContent\"> <span dir=\"ltr\" role=\"presentation\">contre la guerre en Ukraine<\/span><\/span><span id=\"page3R_mcid134\" class=\"markedContent\"><span dir=\"ltr\" role=\"presentation\">,<\/span><\/span><span id=\"page3R_mcid135\" class=\"markedContent\"><\/span><span id=\"page3R_mcid136\" class=\"markedContent\"> <span dir=\"ltr\" role=\"presentation\">avec<\/span><\/span><span id=\"page3R_mcid137\" class=\"markedContent\"> <span dir=\"ltr\" role=\"presentation\">de <\/span><\/span><span id=\"page3R_mcid138\" class=\"markedContent\"><span dir=\"ltr\" role=\"presentation\">plus de 500 personnes<\/span><\/span><span id=\"page3R_mcid139\" class=\"markedContent\"><span dir=\"ltr\" role=\"presentation\">, ou plus<\/span><\/span><span id=\"page3R_mcid140\" class=\"markedContent\"> <span dir=\"ltr\" role=\"presentation\">r\u00e9cemment,<\/span><\/span><span id=\"page3R_mcid141\" class=\"markedContent\"><\/span><span id=\"page3R_mcid142\" class=\"markedContent\"> <span dir=\"ltr\" role=\"presentation\">celui<\/span><\/span><span id=\"page3R_mcid143\" class=\"markedContent\"><\/span><span id=\"page3R_mcid144\" class=\"markedContent\"> <span dir=\"ltr\" role=\"presentation\">contre la r\u00e9forme des retraites devant<\/span><\/span><span id=\"page3R_mcid145\" class=\"markedContent\"> <span dir=\"ltr\" role=\"presentation\">la<\/span><\/span><span id=\"page3R_mcid146\" class=\"markedContent\"> <span dir=\"ltr\" role=\"presentation\">permanence<\/span><\/span><span id=\"page3R_mcid147\" class=\"markedContent\"><\/span><span id=\"page3R_mcid148\" class=\"markedContent\"> <span dir=\"ltr\" role=\"presentation\">de <\/span><\/span><span id=\"page3R_mcid149\" class=\"markedContent\"><span dir=\"ltr\" role=\"presentation\">la d\u00e9pu<\/span><\/span><span id=\"page3R_mcid150\" class=\"markedContent\"><span dir=\"ltr\" role=\"presentation\">t<\/span><\/span><span id=\"page3R_mcid151\" class=\"markedContent\"><span dir=\"ltr\" role=\"presentation\">\u00e9e Tanguy avec pr\u00e8s de 200 p<\/span><\/span><span id=\"page3R_mcid152\" class=\"markedContent\"><span dir=\"ltr\" role=\"presentation\">ersonnes<\/span><\/span><span id=\"page3R_mcid153\" class=\"markedContent\"> <span dir=\"ltr\" role=\"presentation\">d\u00e9<\/span><\/span><span id=\"page3R_mcid154\" class=\"markedContent\"><span dir=\"ltr\" role=\"presentation\">montrent<\/span><\/span><span id=\"page3R_mcid155\" class=\"markedContent\"> <span dir=\"ltr\" role=\"presentation\">que notre formation politique est <\/span><\/span><span id=\"page3R_mcid156\" class=\"markedContent\"><span dir=\"ltr\" role=\"presentation\">incontournable dans le paysage politique du territoire<\/span><\/span><span id=\"page3R_mcid157\" class=\"markedContent\"><span dir=\"ltr\" role=\"presentation\">.<\/span><\/span><span id=\"page3R_mcid158\" class=\"markedContent\"><\/span><span id=\"page3R_mcid159\" class=\"markedContent\"><\/span><span id=\"page3R_mcid160\" class=\"markedContent\"><br role=\"presentation\" \/><span dir=\"ltr\" role=\"presentation\">C&rsquo;est<\/span><\/span><span id=\"page3R_mcid161\" class=\"markedContent\"> <span dir=\"ltr\" role=\"presentation\">toujours<\/span><\/span><span id=\"page3R_mcid162\" class=\"markedContent\"> <span dir=\"ltr\" role=\"presentation\">dans cet esprit<\/span><\/span><span id=\"page3R_mcid163\" class=\"markedContent\"><\/span><span id=\"page3R_mcid164\" class=\"markedContent\"> <span dir=\"ltr\" role=\"presentation\">d<\/span><\/span><span id=\"page3R_mcid165\" class=\"markedContent\"><span dir=\"ltr\" role=\"presentation\">\u2019\u00e9coute<\/span><\/span><span id=\"page3R_mcid166\" class=\"markedContent\"><\/span><span id=\"page3R_mcid167\" class=\"markedContent\"> <span dir=\"ltr\" role=\"presentation\">et de<\/span><\/span><span id=\"page3R_mcid168\" class=\"markedContent\"><\/span><span id=\"page3R_mcid169\" class=\"markedContent\"> <span dir=\"ltr\" role=\"presentation\">rassemblement<\/span><\/span><span id=\"page3R_mcid170\" class=\"markedContent\"> <span dir=\"ltr\" role=\"presentation\">que nous comptons mener les diff\u00e9rents <\/span><\/span><span id=\"page3R_mcid171\" class=\"markedContent\"><span dir=\"ltr\" role=\"presentation\">chantiers de transformation, pour une soci\u00e9t\u00e9 solidaire, respectueuse de l&rsquo;environnement, ou chaque <\/span><\/span><span id=\"page3R_mcid172\" class=\"markedContent\"><span dir=\"ltr\" role=\"presentation\">femme et chaque homme puisse<\/span><\/span><span id=\"page3R_mcid173\" class=\"markedContent\"><\/span><span id=\"page3R_mcid174\" class=\"markedContent\"> <span dir=\"ltr\" role=\"presentation\">se constr<\/span><\/span><span id=\"page3R_mcid175\" class=\"markedContent\"><span dir=\"ltr\" role=\"presentation\">uire et<\/span><\/span><span id=\"page3R_mcid176\" class=\"markedContent\"><\/span><span id=\"page3R_mcid177\" class=\"markedContent\"> <span dir=\"ltr\" role=\"presentation\">s&rsquo;\u00e9p<\/span><\/span><span id=\"page3R_mcid178\" class=\"markedContent\"><span dir=\"ltr\" role=\"presentation\">anouir<\/span><\/span><span id=\"page3R_mcid179\" class=\"markedContent\"> <span dir=\"ltr\" role=\"presentation\">quel que<\/span><\/span><span id=\"page3R_mcid180\" class=\"markedContent\"><\/span><span id=\"page3R_mcid181\" class=\"markedContent\"> <span dir=\"ltr\" role=\"presentation\">soit son<\/span><\/span><span id=\"page3R_mcid182\" class=\"markedContent\"> <span dir=\"ltr\" role=\"presentation\">\u00e2ge<\/span><\/span><span id=\"page3R_mcid183\" class=\"markedContent\"><\/span><span id=\"page3R_mcid184\" class=\"markedContent\"> <span dir=\"ltr\" role=\"presentation\">et sa condition sociale.<\/span><\/span><span id=\"page3R_mcid185\" class=\"markedContent\"><\/span><span id=\"page3R_mcid186\" class=\"markedContent\"><\/span><span id=\"page3R_mcid187\" class=\"markedContent\"><br role=\"presentation\" \/><strong><span dir=\"ltr\" role=\"presentation\">1.<\/span><\/strong><\/span><strong><span id=\"page3R_mcid188\" class=\"markedContent\"> <span dir=\"ltr\" role=\"presentation\">LA RETRAITE<\/span><\/span><\/strong><span id=\"page3R_mcid189\" class=\"markedContent\"><\/span><span id=\"page3R_mcid190\" class=\"markedContent\"><\/span><span id=\"page3R_mcid191\" class=\"markedContent\"><\/span><span id=\"page3R_mcid192\" class=\"markedContent\"><br role=\"presentation\" \/><span dir=\"ltr\" role=\"presentation\">Malgr\u00e9<\/span><\/span><span id=\"page3R_mcid193\" class=\"markedContent\"><\/span><span id=\"page3R_mcid194\" class=\"markedContent\"> <span dir=\"ltr\" role=\"presentation\">ces<\/span><\/span><span id=\"page3R_mcid195\" class=\"markedContent\"><\/span><span id=\"page3R_mcid196\" class=\"markedContent\"> <span dir=\"ltr\" role=\"presentation\">3 mois de manifestation<\/span><\/span><span id=\"page3R_mcid197\" class=\"markedContent\"><span dir=\"ltr\" role=\"presentation\">s<\/span><\/span><span id=\"page3R_mcid198\" class=\"markedContent\"><\/span><span id=\"page3R_mcid199\" class=\"markedContent\"> <span dir=\"ltr\" role=\"presentation\">unitaires et de col\u00e8re d<\/span><\/span><span id=\"page3R_mcid200\" class=\"markedContent\"><span dir=\"ltr\" role=\"presentation\">e millions de personnes<\/span><\/span><span id=\"page3R_mcid201\" class=\"markedContent\"><\/span><span id=\"page3R_mcid202\" class=\"markedContent\"> <span dir=\"ltr\" role=\"presentation\">contre la r\u00e9forme des <\/span><\/span><span id=\"page3R_mcid203\" class=\"markedContent\"><span dir=\"ltr\" role=\"presentation\">ret<\/span><\/span><span id=\"page3R_mcid204\" class=\"markedContent\"><span dir=\"ltr\" role=\"presentation\">raites,<\/span><\/span><span id=\"page3R_mcid205\" class=\"markedContent\"> <span dir=\"ltr\" role=\"presentation\">dont 92<\/span><\/span><span id=\"page3R_mcid206\" class=\"markedContent\"><span dir=\"ltr\" role=\"presentation\">% des actifs<\/span><\/span><span id=\"page3R_mcid207\" class=\"markedContent\"><\/span><span id=\"page3R_mcid208\" class=\"markedContent\"> <span dir=\"ltr\" role=\"presentation\">dans les rues de<\/span><\/span><span id=\"page3R_mcid209\" class=\"markedContent\"> <span dir=\"ltr\" role=\"presentation\">France<\/span><\/span><span id=\"page3R_mcid210\" class=\"markedContent\"><span dir=\"ltr\" role=\"presentation\">,<\/span><\/span><span id=\"page3R_mcid211\" class=\"markedContent\"><\/span><span id=\"page3R_mcid212\" class=\"markedContent\"> <span dir=\"ltr\" role=\"presentation\">le gouvernement<\/span><\/span><span id=\"page3R_mcid213\" class=\"markedContent\"><\/span><span id=\"page3R_mcid214\" class=\"markedContent\"> <span dir=\"ltr\" role=\"presentation\">Borne<\/span><\/span><span id=\"page3R_mcid215\" class=\"markedContent\"><\/span><span id=\"page3R_mcid216\" class=\"markedContent\"> <span dir=\"ltr\" role=\"presentation\">d\u00e9cide de<\/span><\/span><span id=\"page3R_mcid217\" class=\"markedContent\"> <span dir=\"ltr\" role=\"presentation\">d\u00e9clencher<\/span><\/span><span id=\"page3R_mcid218\" class=\"markedContent\"><\/span><span id=\"page3R_mcid219\" class=\"markedContent\"> <span dir=\"ltr\" role=\"presentation\">le<\/span><\/span><span id=\"page3R_mcid220\" class=\"markedContent\"> <span dir=\"ltr\" role=\"presentation\">49<\/span><\/span><span id=\"page3R_mcid221\" class=\"markedContent\"><span dir=\"ltr\" role=\"presentation\">&#8211;<\/span><\/span><span id=\"page3R_mcid222\" class=\"markedContent\"><span dir=\"ltr\" role=\"presentation\">3<\/span><\/span><span id=\"page3R_mcid223\" class=\"markedContent\"><span dir=\"ltr\" role=\"presentation\">.<\/span><\/span><span id=\"page3R_mcid224\" class=\"markedContent\"><\/span><span id=\"page3R_mcid225\" class=\"markedContent\"><\/span><span id=\"page3R_mcid226\" class=\"markedContent\"><br role=\"presentation\" \/><span dir=\"ltr\" role=\"presentation\">Le PCF bigouden continuera sans rel\u00e2che \u00e0 accompagner et soutenir l &lsquo;ensemble des organisations <\/span><\/span><span id=\"page3R_mcid227\" class=\"markedContent\"><span dir=\"ltr\" role=\"presentation\">syndicales du travail et de jeunesse pour une meilleu<\/span><\/span><span id=\"page3R_mcid228\" class=\"markedContent\"><span dir=\"ltr\" role=\"presentation\">re r\u00e9partition des richesses de notre pays. Cette <\/span><\/span><span id=\"page3R_mcid229\" class=\"markedContent\"><span dir=\"ltr\" role=\"presentation\">r\u00e9forme<\/span><\/span><span id=\"page3R_mcid230\" class=\"markedContent\"><\/span><span id=\"page3R_mcid231\" class=\"markedContent\"> <span dir=\"ltr\" role=\"presentation\">voulue par le gouvernement est synonyme d&rsquo;une soci\u00e9t\u00e9<\/span><\/span><span id=\"page3R_mcid232\" class=\"markedContent\"> <span dir=\"ltr\" role=\"presentation\">que<\/span><\/span><span id=\"page3R_mcid233\" class=\"markedContent\"><\/span><span id=\"page3R_mcid234\" class=\"markedContent\"> <span dir=\"ltr\" role=\"presentation\">les<\/span><\/span><span id=\"page3R_mcid235\" class=\"markedContent\"> <span dir=\"ltr\" role=\"presentation\">Fran\u00e7ais<\/span><\/span><span id=\"page3R_mcid236\" class=\"markedContent\"><\/span><span id=\"page3R_mcid237\" class=\"markedContent\"> <span dir=\"ltr\" role=\"presentation\">ne veulent pas. Derri\u00e8re <\/span><\/span><span id=\"page3R_mcid238\" class=\"markedContent\"><span dir=\"ltr\" role=\"presentation\">elle<\/span><\/span><span id=\"page3R_mcid239\" class=\"markedContent\"><span dir=\"ltr\" role=\"presentation\">, c&rsquo;est bien un changement de soci\u00e9t\u00e9 qui se profile, loin de la solidarit\u00e9<\/span><\/span><span id=\"page3R_mcid240\" class=\"markedContent\"><\/span><span id=\"page3R_mcid241\" class=\"markedContent\"><\/span><span id=\"page3R_mcid242\" class=\"markedContent\"> <span dir=\"ltr\" role=\"presentation\">initi\u00e9<\/span><\/span><span id=\"page3R_mcid243\" class=\"markedContent\"><span dir=\"ltr\" role=\"presentation\">e<\/span><\/span><span id=\"page3R_mcid244\" class=\"markedContent\"><\/span><span id=\"page3R_mcid245\" class=\"markedContent\"> <span dir=\"ltr\" role=\"presentation\">par Am<\/span><\/span><span id=\"page3R_mcid246\" class=\"markedContent\"><span dir=\"ltr\" role=\"presentation\">broise Croiza<\/span><\/span><span id=\"page3R_mcid247\" class=\"markedContent\"><span dir=\"ltr\" role=\"presentation\">t<\/span><\/span><span id=\"page3R_mcid248\" class=\"markedContent\"><span dir=\"ltr\" role=\"presentation\">, <\/span><\/span><span id=\"page3R_mcid249\" class=\"markedContent\"><span dir=\"ltr\" role=\"presentation\">fondateur de notre S\u00e9curit\u00e9 Sociale.<\/span><\/span><span id=\"page3R_mcid250\" class=\"markedContent\"><\/span><span id=\"page3R_mcid251\" class=\"markedContent\"><\/span><span id=\"page3R_mcid252\" class=\"markedContent\"><br role=\"presentation\" \/><strong><span dir=\"ltr\" role=\"presentation\">2.<\/span><\/strong><\/span><strong><span id=\"page3R_mcid253\" class=\"markedContent\"> <span dir=\"ltr\" role=\"presentation\">LA PECHE<\/span><\/span><\/strong><span id=\"page3R_mcid254\" class=\"markedContent\"><\/span><span id=\"page3R_mcid255\" class=\"markedContent\"><\/span><span id=\"page3R_mcid256\" class=\"markedContent\"><\/span><span id=\"page3R_mcid257\" class=\"markedContent\"><br role=\"presentation\" \/><span dir=\"ltr\" role=\"presentation\">Nous sero<\/span><\/span><span id=\"page3R_mcid258\" class=\"markedContent\"><span dir=\"ltr\" role=\"presentation\">ns pr\u00e9sents ce soir<\/span><\/span><span id=\"page3R_mcid259\" class=\"markedContent\"><\/span><span id=\"page3R_mcid260\" class=\"markedContent\"> <span dir=\"ltr\" role=\"presentation\">\u00e0 18 h 30<\/span><\/span><span id=\"page3R_mcid261\" class=\"markedContent\"><span dir=\"ltr\" role=\"presentation\">,<\/span><\/span><span id=\"page3R_mcid262\" class=\"markedContent\"> <span dir=\"ltr\" role=\"presentation\">sur le port de Lesconil<\/span><\/span><span id=\"page3R_mcid263\" class=\"markedContent\"><\/span><span id=\"page3R_mcid264\" class=\"markedContent\"> <span dir=\"ltr\" role=\"presentation\">et<\/span><\/span><span id=\"page3R_mcid265\" class=\"markedContent\"> <span dir=\"ltr\" role=\"presentation\">appelons<\/span><\/span><span id=\"page3R_mcid266\" class=\"markedContent\"><\/span><span id=\"page3R_mcid267\" class=\"markedContent\"> <span dir=\"ltr\" role=\"presentation\">la population<\/span><\/span><span id=\"page3R_mcid268\" class=\"markedContent\"><\/span><span id=\"page3R_mcid269\" class=\"markedContent\"> <span dir=\"ltr\" role=\"presentation\">\u00e0<\/span><\/span><span id=\"page3R_mcid270\" class=\"markedContent\"> <span dir=\"ltr\" role=\"presentation\">soutenir les <\/span><\/span><span id=\"page3R_mcid272\" class=\"markedContent\"><span dir=\"ltr\" role=\"presentation\">p\u00eacheurs et toute la fili\u00e8re p\u00each<\/span><\/span><span id=\"page3R_mcid273\" class=\"markedContent\"><span dir=\"ltr\" role=\"presentation\">e<\/span><\/span><span id=\"page3R_mcid274\" class=\"markedContent\"><span dir=\"ltr\" role=\"presentation\">, poumon \u00e9conomique de notre territoire<\/span><\/span><span id=\"page3R_mcid275\" class=\"markedContent\"><span dir=\"ltr\" role=\"presentation\">.<\/span><\/span><span id=\"page3R_mcid276\" class=\"markedContent\"><\/span><span id=\"page3R_mcid277\" class=\"markedContent\"><\/span><span id=\"page3R_mcid278\" class=\"markedContent\"><\/span><span id=\"page3R_mcid279\" class=\"markedContent\"><br role=\"presentation\" \/><span dir=\"ltr\" role=\"presentation\">Ce nouveau plan est une fois de plus la r\u00e9sultante d\u2019une politique visant \u00e0 d\u00e9truire l\u2019outils de production, la <\/span><span dir=\"ltr\" role=\"presentation\">ressource et l\u2019humain, au profit des donneurs d\u2019ordre capitalistes.<\/span><\/span><span id=\"page3R_mcid280\" class=\"markedContent\"><\/span><span id=\"page3R_mcid281\" class=\"markedContent\"><br role=\"presentation\" \/><span dir=\"ltr\" role=\"presentation\">Nous demandons<\/span> <span dir=\"ltr\" role=\"presentation\">:<\/span><\/span><span id=\"page3R_mcid282\" class=\"markedContent\"><\/span><span id=\"page3R_mcid283\" class=\"markedContent\"><br role=\"presentation\" \/><span dir=\"ltr\" role=\"presentation\">\u2022<\/span> <span dir=\"ltr\" role=\"presentation\">Que soit exig\u00e9e une n\u00e9gociation globale sous l\u2019\u00e9gide d\u2019un v\u00e9ritable minist\u00e8re de la mer de plein exer<\/span><span dir=\"ltr\" role=\"presentation\">cice.<\/span><\/span><span id=\"page3R_mcid284\" class=\"markedContent\"><\/span><span id=\"page3R_mcid285\" class=\"markedContent\"><br role=\"presentation\" \/><span dir=\"ltr\" role=\"presentation\">\u2022<\/span> <span dir=\"ltr\" role=\"presentation\">Que soit organis\u00e9e une juste<\/span> <span dir=\"ltr\" role=\"presentation\">r\u00e9partition des droits de p\u00eache et des quotas dont une part de ces derniers <\/span><span dir=\"ltr\" role=\"presentation\">doit \u00eatre r\u00e9serv\u00e9e \u00e0 la p\u00eache artisanale, que les sp\u00e9cificit\u00e9s doivent \u00eatre reconnues.<br \/>\n<\/span><\/span><span id=\"page29R_mcid0\" class=\"markedContent\"><\/span><span id=\"page29R_mcid1\" class=\"markedContent\"><span dir=\"ltr\" role=\"presentation\">\u2022<\/span> <span dir=\"ltr\" role=\"presentation\">Que des actions visant \u00e0 d\u00e9velopper la p\u00eache durable soient mises en place et p\u00e9rennis\u00e9es.<\/span><\/span><span id=\"page29R_mcid2\" class=\"markedContent\"><\/span><span id=\"page29R_mcid3\" class=\"markedContent\"><br role=\"presentation\" \/><span dir=\"ltr\" role=\"presentation\">\u2022<\/span> <span dir=\"ltr\" role=\"presentation\">Qu<\/span><span dir=\"ltr\" role=\"presentation\">\u2019un dialogue constructif associant administration, marins p\u00eacheurs, scientifiques, associations et usa<\/span><span dir=\"ltr\" role=\"presentation\">gers au niveau local comme au niveau r\u00e9gional soit instaur\u00e9.<\/span><\/span><span id=\"page29R_mcid4\" class=\"markedContent\"><\/span><span id=\"page29R_mcid5\" class=\"markedContent\"><br role=\"presentation\" \/><span dir=\"ltr\" role=\"presentation\">\u2022<\/span> <span dir=\"ltr\" role=\"presentation\">Que nos \u00e9lus rendent compte \u00e0 la population de leur vision \u00e0 long terme du devenir du territo<\/span><span dir=\"ltr\" role=\"presentation\">ire bigou<\/span><span dir=\"ltr\" role=\"presentation\">den.<\/span><\/span><span id=\"page29R_mcid6\" class=\"markedContent\"><\/span><span id=\"page29R_mcid7\" class=\"markedContent\"><br role=\"presentation\" \/><span dir=\"ltr\" role=\"presentation\">Des solutions peuvent encore \u00eatre trouv\u00e9es<\/span> <span dir=\"ltr\" role=\"presentation\">! Nous ne laisserons pas le pays bigouden devenir un mus\u00e9e <\/span><span dir=\"ltr\" role=\"presentation\">touristique. Nous serons vigilants \u00e0 ce<\/span> <span dir=\"ltr\" role=\"presentation\">que les d\u00e9cisions prises r\u00e9pond<\/span><\/span><span id=\"page29R_mcid8\" class=\"markedContent\"><span dir=\"ltr\" role=\"presentation\">ent aux besoins de la population et <\/span><\/span><span id=\"page29R_mcid10\" class=\"markedContent\"><span dir=\"ltr\" role=\"presentation\">non aux int\u00e9r\u00eats politiques et <\/span><\/span><span id=\"page29R_mcid11\" class=\"markedContent\"><span dir=\"ltr\" role=\"presentation\">\u00e9conomiques de certains.<\/span><\/span><span id=\"page29R_mcid12\" class=\"markedContent\"><\/span><span id=\"page29R_mcid13\" class=\"markedContent\"><\/span><span id=\"page29R_mcid14\" class=\"markedContent\"><br role=\"presentation\" \/><strong><span dir=\"ltr\" role=\"presentation\">3.<\/span> <span dir=\"ltr\" role=\"presentation\">FERMETURE DE CLASSES ET&#8230;D\u2019ECOLE<\/span> <span dir=\"ltr\" role=\"presentation\">!<\/span><\/strong><\/span><span id=\"page29R_mcid15\" class=\"markedContent\"><br role=\"presentation\" \/><span dir=\"ltr\" role=\"presentation\">Pas moins de 4 classes ferm\u00e9es sur la<\/span><\/span><span id=\"page29R_mcid16\" class=\"markedContent\"> <span dir=\"ltr\" role=\"presentation\">circo<\/span><\/span><span id=\"page29R_mcid17\" class=\"markedContent\"><\/span><span id=\"page29R_mcid18\" class=\"markedContent\"> <span dir=\"ltr\" role=\"presentation\">!<\/span><\/span><span id=\"page29R_mcid19\" class=\"markedContent\"><\/span><span id=\"page29R_mcid20\" class=\"markedContent\"> <span dir=\"ltr\" role=\"presentation\">Plozevet, Ploneour<\/span><\/span><span id=\"page29R_mcid21\" class=\"markedContent\"><span dir=\"ltr\" role=\"presentation\">&#8211;<\/span><\/span><span id=\"page29R_mcid22\" class=\"markedContent\"><span dir=\"ltr\" role=\"presentation\">Lan<\/span><\/span><span id=\"page29R_mcid23\" class=\"markedContent\"><span dir=\"ltr\" role=\"presentation\">vern, Tr\u00e9fiagat, Pont<\/span><\/span><span id=\"page29R_mcid24\" class=\"markedContent\"><span dir=\"ltr\" role=\"presentation\">&#8211;<\/span><\/span><span id=\"page29R_mcid25\" class=\"markedContent\"><span dir=\"ltr\" role=\"presentation\">l<\/span><\/span><span id=\"page29R_mcid26\" class=\"markedContent\"><span dir=\"ltr\" role=\"presentation\">\u2019<\/span><\/span><span id=\"page29R_mcid27\" class=\"markedContent\"><span dir=\"ltr\" role=\"presentation\">Abb\u00e9.<\/span><\/span><span id=\"page29R_mcid28\" class=\"markedContent\"><\/span><span id=\"page29R_mcid29\" class=\"markedContent\"><br role=\"presentation\" \/><span dir=\"ltr\" role=\"presentation\">A Pont<\/span><\/span><span id=\"page29R_mcid30\" class=\"markedContent\"><span dir=\"ltr\" role=\"presentation\">&#8211;<\/span><\/span><span id=\"page29R_mcid31\" class=\"markedContent\"><span dir=\"ltr\" role=\"presentation\">l<\/span><\/span><span id=\"page29R_mcid32\" class=\"markedContent\"><span dir=\"ltr\" role=\"presentation\">\u2019<\/span><\/span><span id=\"page29R_mcid33\" class=\"markedContent\"><span dir=\"ltr\" role=\"presentation\">Abb\u00e9, le maire d\u00e9cide en plus de ferm<\/span><\/span><span id=\"page29R_mcid34\" class=\"markedContent\"><span dir=\"ltr\" role=\"presentation\">er<\/span><\/span><span id=\"page29R_mcid35\" class=\"markedContent\"> <span dir=\"ltr\" role=\"presentation\">l<\/span><\/span><span id=\"page29R_mcid36\" class=\"markedContent\"><span dir=\"ltr\" role=\"presentation\">\u2019<\/span><\/span><span id=\"page29R_mcid37\" class=\"markedContent\"><span dir=\"ltr\" role=\"presentation\">\u00e9cole<\/span><\/span><span id=\"page29R_mcid38\" class=\"markedContent\"><\/span><span id=\"page29R_mcid39\" class=\"markedContent\"> <span dir=\"ltr\" role=\"presentation\">Maternelle de Lambourg<\/span><\/span><span id=\"page29R_mcid40\" class=\"markedContent\"><span dir=\"ltr\" role=\"presentation\">, faisant fi des <\/span><\/span><span id=\"page29R_mcid42\" class=\"markedContent\"><span dir=\"ltr\" role=\"presentation\">mouvements<\/span><\/span><span id=\"page29R_mcid43\" class=\"markedContent\"> <span dir=\"ltr\" role=\"presentation\">enseignants<\/span><\/span><span id=\"page29R_mcid44\" class=\"markedContent\"><\/span><span id=\"page29R_mcid45\" class=\"markedContent\"> <span dir=\"ltr\" role=\"presentation\">rele<\/span><\/span><span id=\"page29R_mcid46\" class=\"markedContent\"><span dir=\"ltr\" role=\"presentation\">vant de<\/span><\/span><span id=\"page29R_mcid47\" class=\"markedContent\"> <span dir=\"ltr\" role=\"presentation\">l<\/span><\/span><span id=\"page29R_mcid48\" class=\"markedContent\"><span dir=\"ltr\" role=\"presentation\">\u2019<\/span><\/span><span id=\"page29R_mcid49\" class=\"markedContent\"><span dir=\"ltr\" role=\"presentation\">Educ<\/span><\/span><span id=\"page29R_mcid50\" class=\"markedContent\"><span dir=\"ltr\" role=\"presentation\">ation Nationale, sans<\/span><\/span><span id=\"page29R_mcid51\" class=\"markedContent\"> <span dir=\"ltr\" role=\"presentation\">con<\/span><\/span><span id=\"page29R_mcid52\" class=\"markedContent\"><span dir=\"ltr\" role=\"presentation\">certation a<\/span><\/span><span id=\"page29R_mcid53\" class=\"markedContent\"><span dir=\"ltr\" role=\"presentation\">vec les parents <\/span><\/span><span id=\"page29R_mcid54\" class=\"markedContent\"><span dir=\"ltr\" role=\"presentation\">d<\/span><\/span><span id=\"page29R_mcid55\" class=\"markedContent\"><span dir=\"ltr\" role=\"presentation\">\u2019<\/span><\/span><span id=\"page29R_mcid56\" class=\"markedContent\"><span dir=\"ltr\" role=\"presentation\">\u00e9l\u00e8ves<\/span><\/span><span id=\"page29R_mcid57\" class=\"markedContent\"><\/span><span id=\"page29R_mcid58\" class=\"markedContent\"> <span dir=\"ltr\" role=\"presentation\">interlocuteurs<\/span><\/span><span id=\"page29R_mcid59\" class=\"markedContent\"><\/span><span id=\"page29R_mcid60\" class=\"markedContent\"> <span dir=\"ltr\" role=\"presentation\">privil\u00e9gi\u00e9s,<\/span><\/span><span id=\"page29R_mcid61\" class=\"markedContent\"><\/span><span id=\"page29R_mcid62\" class=\"markedContent\"> <span dir=\"ltr\" role=\"presentation\">professionnels<\/span><\/span><span id=\"page29R_mcid63\" class=\"markedContent\"><\/span><span id=\"page29R_mcid64\" class=\"markedContent\"> <span dir=\"ltr\" role=\"presentation\">Ti<\/span><\/span><span id=\"page29R_mcid65\" class=\"markedContent\"><span dir=\"ltr\" role=\"presentation\">&#8211;<\/span><\/span><span id=\"page29R_mcid66\" class=\"markedContent\"><span dir=\"ltr\" role=\"presentation\">liou<\/span><\/span><span id=\"page29R_mcid67\" class=\"markedContent\"><\/span><span id=\"page29R_mcid68\" class=\"markedContent\"> <span dir=\"ltr\" role=\"presentation\">et encadrants des \u00e9coles maternelles<\/span><\/span><span id=\"page29R_mcid69\" class=\"markedContent\"><span dir=\"ltr\" role=\"presentation\">.<\/span><\/span><span id=\"page29R_mcid70\" class=\"markedContent\"><br role=\"presentation\" \/><span dir=\"ltr\" role=\"presentation\">Soucieu<\/span><\/span><span id=\"page29R_mcid71\" class=\"markedContent\"><span dir=\"ltr\" role=\"presentation\">x d<\/span><\/span><span id=\"page29R_mcid72\" class=\"markedContent\"><span dir=\"ltr\" role=\"presentation\">\u2019<\/span><\/span><span id=\"page29R_mcid73\" class=\"markedContent\"><span dir=\"ltr\" role=\"presentation\">une \u00e9cole d<\/span><\/span><span id=\"page29R_mcid74\" class=\"markedContent\"><span dir=\"ltr\" role=\"presentation\">e qualit\u00e9, \u00e9mancipatrice<\/span><\/span><span id=\"page29R_mcid75\" class=\"markedContent\"><span dir=\"ltr\" role=\"presentation\">, proche des parents d<\/span><\/span><span id=\"page29R_mcid76\" class=\"markedContent\"><span dir=\"ltr\" role=\"presentation\">\u2019<\/span><\/span><span id=\"page29R_mcid77\" class=\"markedContent\"><span dir=\"ltr\" role=\"presentation\">\u00e9l\u00e8ves, \u00e0 l<\/span><\/span><span id=\"page29R_mcid78\" class=\"markedContent\"><span dir=\"ltr\" role=\"presentation\">\u2019<\/span><\/span><span id=\"page29R_mcid79\" class=\"markedContent\"><span dir=\"ltr\" role=\"presentation\">\u00e9coute des \u00e9quipes <\/span><\/span><span id=\"page29R_mcid80\" class=\"markedContent\"><span dir=\"ltr\" role=\"presentation\">enseignantes<\/span><\/span><span id=\"page29R_mcid81\" class=\"markedContent\"><\/span><span id=\"page29R_mcid82\" class=\"markedContent\"> <span dir=\"ltr\" role=\"presentation\">et \u00e9ducat<\/span><\/span><span id=\"page29R_mcid83\" class=\"markedContent\"><span dir=\"ltr\" role=\"presentation\">ives, nous<\/span><\/span><span id=\"page29R_mcid84\" class=\"markedContent\"> <span dir=\"ltr\" role=\"presentation\">soutenons<\/span><\/span><span id=\"page29R_mcid85\" class=\"markedContent\"><\/span><span id=\"page29R_mcid86\" class=\"markedContent\"> <span dir=\"ltr\" role=\"presentation\">la d\u00e9<\/span><\/span><span id=\"page29R_mcid87\" class=\"markedContent\"><span dir=\"ltr\" role=\"presentation\">marche<\/span><\/span><span id=\"page29R_mcid88\" class=\"markedContent\"><\/span><span id=\"page29R_mcid89\" class=\"markedContent\"> <span dir=\"ltr\" role=\"presentation\">in<\/span><\/span><span id=\"page29R_mcid90\" class=\"markedContent\"><span dir=\"ltr\" role=\"presentation\">iti\u00e9e pa<\/span><\/span><span id=\"page29R_mcid91\" class=\"markedContent\"><span dir=\"ltr\" role=\"presentation\">r les parents et l<\/span><\/span><span id=\"page29R_mcid92\" class=\"markedContent\"><span dir=\"ltr\" role=\"presentation\">\u2019<\/span><\/span><span id=\"page29R_mcid93\" class=\"markedContent\"><span dir=\"ltr\" role=\"presentation\">Amicale La\u00efque, <\/span><\/span><span id=\"page29R_mcid95\" class=\"markedContent\"><span dir=\"ltr\" role=\"presentation\">et<\/span><\/span><span id=\"page29R_mcid96\" class=\"markedContent\"> <span dir=\"ltr\" role=\"presentation\">appelons \u00e0 signer la p\u00e9tition<\/span><\/span><span id=\"page29R_mcid97\" class=\"markedContent\"><\/span><span id=\"page29R_mcid98\" class=\"markedContent\"> <span dir=\"ltr\" role=\"presentation\">des APE de Pont<\/span><\/span><span id=\"page29R_mcid99\" class=\"markedContent\"><span dir=\"ltr\" role=\"presentation\">&#8211;<\/span><\/span><span id=\"page29R_mcid100\" class=\"markedContent\"><span dir=\"ltr\" role=\"presentation\">l<\/span><\/span><span id=\"page29R_mcid101\" class=\"markedContent\"><span dir=\"ltr\" role=\"presentation\">\u2019<\/span><\/span><span id=\"page29R_mcid102\" class=\"markedContent\"><span dir=\"ltr\" role=\"presentation\">Abb\u00e9<\/span><\/span><span id=\"page29R_mcid103\" class=\"markedContent\"><span dir=\"ltr\" role=\"presentation\">.<\/span><\/span><span id=\"page29R_mcid104\" class=\"markedContent\"><\/span><span id=\"page29R_mcid105\" class=\"markedContent\"><\/span><span id=\"page29R_mcid106\" class=\"markedContent\"><br role=\"presentation\" \/><strong><span dir=\"ltr\" role=\"presentation\">M<\/span><\/strong><\/span><strong><span id=\"page29R_mcid107\" class=\"markedContent\"><span dir=\"ltr\" role=\"presentation\">ais d<\/span><\/span><span id=\"page29R_mcid108\" class=\"markedContent\"><span dir=\"ltr\" role=\"presentation\">\u2019<\/span><\/span><\/strong><span id=\"page29R_mcid109\" class=\"markedContent\"><span dir=\"ltr\" role=\"presentation\"><strong>autres sujets soci\u00e9taux<\/strong> nous pr\u00e9<\/span><\/span><span id=\"page29R_mcid110\" class=\"markedContent\"><span dir=\"ltr\" role=\"presentation\">occupent et interpellent tout autant<\/span><\/span><span id=\"page29R_mcid111\" class=\"markedContent\"><\/span><span id=\"page29R_mcid112\" class=\"markedContent\"> <span dir=\"ltr\" role=\"presentation\">!<\/span><\/span><span id=\"page29R_mcid113\" class=\"markedContent\"><\/span><span id=\"page29R_mcid114\" class=\"markedContent\"> <span dir=\"ltr\" role=\"presentation\">Loi Blanquer, p\u00e9nibilit\u00e9 <\/span><\/span><span id=\"page29R_mcid115\" class=\"markedContent\"><span dir=\"ltr\" role=\"presentation\">au travail, pr\u00e9<\/span><\/span><span id=\"page29R_mcid116\" class=\"markedContent\"><span dir=\"ltr\" role=\"presentation\">carit\u00e9, ch\u00f4mage, sant\u00e9,<\/span><\/span><span id=\"page29R_mcid117\" class=\"markedContent\"><\/span><span id=\"page29R_mcid118\" class=\"markedContent\"> <span dir=\"ltr\" role=\"presentation\">la guerre<\/span><\/span><span id=\"page29R_mcid119\" class=\"markedContent\"><\/span><span id=\"page29R_mcid120\" class=\"markedContent\"> <span dir=\"ltr\" role=\"presentation\">dans le<\/span><\/span><span id=\"page29R_mcid121\" class=\"markedContent\"> <span dir=\"ltr\" role=\"presentation\">monde, l\u2019urgence<\/span><\/span><span id=\"page29R_mcid122\" class=\"markedContent\"><\/span><span id=\"page29R_mcid123\" class=\"markedContent\"> <span dir=\"ltr\" role=\"presentation\">environnementa<\/span><\/span><span id=\"page29R_mcid124\" class=\"markedContent\"><span dir=\"ltr\" role=\"presentation\">le<\/span><\/span><span id=\"page29R_mcid125\" class=\"markedContent\"><span dir=\"ltr\" role=\"presentation\">&#8230;<\/span><\/span><span id=\"page29R_mcid126\" class=\"markedContent\"><span dir=\"ltr\" role=\"presentation\">Nous <\/span><\/span><span id=\"page29R_mcid127\" class=\"markedContent\"><span dir=\"ltr\" role=\"presentation\">\u00e9tions pr\u00e9sents hier<\/span><\/span><span id=\"page29R_mcid128\" class=\"markedContent\"><\/span><span id=\"page29R_mcid129\" class=\"markedContent\"> <span dir=\"ltr\" role=\"presentation\">soir <\/span><\/span><span id=\"page29R_mcid130\" class=\"markedContent\"><span dir=\"ltr\" role=\"presentation\">devant la pr\u00e9fecture de Quimper, pour manifester notre col\u00e8re<\/span><\/span><span id=\"page29R_mcid131\" class=\"markedContent\"> <span dir=\"ltr\" role=\"presentation\">face \u00e0<\/span><\/span><span id=\"page29R_mcid132\" class=\"markedContent\"><\/span><span id=\"page29R_mcid133\" class=\"markedContent\"> <span dir=\"ltr\" role=\"presentation\">la <\/span><\/span><span id=\"page29R_mcid134\" class=\"markedContent\"><span dir=\"ltr\" role=\"presentation\">violence des forces de l<\/span><\/span><span id=\"page29R_mcid135\" class=\"markedContent\"><span dir=\"ltr\" role=\"presentation\">\u2019<\/span><\/span><span id=\"page29R_mcid136\" class=\"markedContent\"><span dir=\"ltr\" role=\"presentation\">ordre \u00e0 S<\/span><\/span><span id=\"page29R_mcid137\" class=\"markedContent\"><span dir=\"ltr\" role=\"presentation\">te Soline.<\/span><\/span><span id=\"page29R_mcid138\" class=\"markedContent\"><\/span><span id=\"page29R_mcid139\" class=\"markedContent\"><\/span><span id=\"page29R_mcid140\" class=\"markedContent\"><br role=\"presentation\" \/><span dir=\"ltr\" role=\"presentation\">Notre parti doit s<\/span><\/span><span id=\"page29R_mcid141\" class=\"markedContent\"><span dir=\"ltr\" role=\"presentation\">\u2019<\/span><\/span><span id=\"page29R_mcid142\" class=\"markedContent\"><span dir=\"ltr\" role=\"presentation\">inscrire avec les citoyens dans les mouvements de solidarit\u00e9, de pa<\/span><\/span><span id=\"page29R_mcid143\" class=\"markedContent\"><span dir=\"ltr\" role=\"presentation\">i<\/span><\/span><span id=\"page29R_mcid144\" class=\"markedContent\"><span dir=\"ltr\" role=\"presentation\">x e<\/span><\/span><span id=\"page29R_mcid145\" class=\"markedContent\"><span dir=\"ltr\" role=\"presentation\">t <\/span><\/span><span id=\"page29R_mcid146\" class=\"markedContent\"><span dir=\"ltr\" role=\"presentation\">d<\/span><\/span><span id=\"page29R_mcid147\" class=\"markedContent\"><span dir=\"ltr\" role=\"presentation\">\u2019<\/span><\/span><span id=\"page29R_mcid148\" class=\"markedContent\"><span dir=\"ltr\" role=\"presentation\">\u00e9mancipations des peuples. Nous avons besoin de nous renforcer, de faire<\/span><\/span><span id=\"page29R_mcid149\" class=\"markedContent\"> <span dir=\"ltr\" role=\"presentation\">adh\u00e9rer<\/span><\/span><span id=\"page29R_mcid150\" class=\"markedContent\"><\/span><span id=\"page29R_mcid151\" class=\"markedContent\"> <span dir=\"ltr\" role=\"presentation\">pour cela l<\/span><\/span><span id=\"page29R_mcid152\" class=\"markedContent\"><span dir=\"ltr\" role=\"presentation\">es <\/span><\/span><span id=\"page29R_mcid153\" class=\"markedContent\"><span dir=\"ltr\" role=\"presentation\">plus jeunes, pour continuer les luttes,<\/span><\/span><span id=\"page29R_mcid154\" class=\"markedContent\"><\/span><span id=\"page29R_mcid155\" class=\"markedContent\"> <span dir=\"ltr\" role=\"presentation\">combattre les in\u00e9galit\u00e9s,<\/span><\/span><span id=\"page29R_mcid156\" class=\"markedContent\"><\/span><span id=\"page29R_mcid157\" class=\"markedContent\"> <span dir=\"ltr\" role=\"presentation\">faire<\/span><\/span><span id=\"page29R_mcid158\" class=\"markedContent\"> <span dir=\"ltr\" role=\"presentation\">de la politique un sujet noble, <\/span><\/span><span id=\"page29R_mcid159\" class=\"markedContent\"><span dir=\"ltr\" role=\"presentation\">pour avancer ensemble, cr\u00e9er des richesses respectueuses de l<\/span><\/span><span id=\"page29R_mcid160\" class=\"markedContent\"><span dir=\"ltr\" role=\"presentation\">\u2019<\/span><\/span><span id=\"page29R_mcid161\" class=\"markedContent\"><span dir=\"ltr\" role=\"presentation\">env<\/span><\/span><span id=\"page29R_mcid162\" class=\"markedContent\"><span dir=\"ltr\" role=\"presentation\">ironnement<\/span><\/span><span id=\"page29R_mcid163\" class=\"markedContent\"><span dir=\"ltr\" role=\"presentation\">, de l<\/span><\/span><span id=\"page29R_mcid164\" class=\"markedContent\"><span dir=\"ltr\" role=\"presentation\">\u2019<\/span><\/span><span id=\"page29R_mcid165\" class=\"markedContent\"><span dir=\"ltr\" role=\"presentation\">\u00eatre vivant,<\/span><\/span><span id=\"page29R_mcid166\" class=\"markedContent\"> <span dir=\"ltr\" role=\"presentation\">de <\/span><\/span><span id=\"page29R_mcid167\" class=\"markedContent\"><span dir=\"ltr\" role=\"presentation\">l<\/span><\/span><span id=\"page29R_mcid168\" class=\"markedContent\"><span dir=\"ltr\" role=\"presentation\">\u2019<\/span><\/span><span id=\"page29R_mcid169\" class=\"markedContent\"><span dir=\"ltr\" role=\"presentation\">\u00eatre<\/span><\/span><span id=\"page29R_mcid170\" class=\"markedContent\"> <span dir=\"ltr\" role=\"presentation\">humain<\/span><\/span><span id=\"page29R_mcid171\" class=\"markedContent\"><\/span><span id=\"page29R_mcid172\" class=\"markedContent\"> <span dir=\"ltr\" role=\"presentation\">!<\/span><\/span><\/p>\n<\/div>\n<p><button class=\"su-button-fullscreen\" data-oftriggerresize=\"\" data-sutoggleclass=\"[{&quot;sel&quot;:&quot;.carrousel-plein-ecran&quot;,&quot;klass&quot;:&quot;su-hidden&quot;}, {&quot;sel&quot;:&quot;body&quot;,&quot;klass&quot;:&quot;carrousel-open&quot;}]\">Voir en plein \u00e9cran<\/button><\/p>\n<\/div>\n<\/header>\n<div class=\"col-gauche\"><\/div>\n","protected":false},"excerpt":{"rendered":"<p>Le T\u00e9l\u00e9gramme Le nouveau bureau de la section bigoud\u00e8ne du Parti communiste Maryse Rousseau et G\u00e9rard Bal sont respectivement secr\u00e9taire et secr\u00e9taire adjoint de la section bigoud\u00e8ne du Parti communiste. (Le T\u00e9l\u00e9gramme\/de Moulins Madeleine) Le 12 mars, le comit\u00e9 de section du PCF du Pays bigouden a r\u00e9uni ses membres pour travailler, \u00e0 son \u00e9chelle, &hellip; <a href=\"https:\/\/pcbigouden.fr\/?p=2570\" class=\"more-link\">Continue reading <span class=\"screen-reader-text\">Conf\u00e9rence de presse du PCF pays bigouden le 31 mars 2023<\/span><\/a><\/p>\n","protected":false},"author":6,"featured_media":0,"comment_status":"closed","ping_status":"closed","sticky":false,"template":"","format":"standard","meta":{"_jetpack_memberships_contains_paid_content":false,"footnotes":""},"categories":[59,14],"tags":[94,60],"class_list":["post-2570","post","type-post","status-publish","format-standard","hentry","category-parti-communiste","category-vie-locale","tag-bigouden","tag-pcf"],"yoast_head":"<!-- This site is optimized with the Yoast SEO plugin v27.5 - https:\/\/yoast.com\/product\/yoast-seo-wordpress\/ -->\n<title>Conf\u00e9rence de presse du PCF pays bigouden le 31 mars 2023 - PCF Pays Bigouden<\/title>\n<meta name=\"robots\" content=\"index, follow, max-snippet:-1, max-image-preview:large, max-video-preview:-1\" \/>\n<link rel=\"canonical\" href=\"https:\/\/pcbigouden.fr\/?p=2570\" \/>\n<meta property=\"og:locale\" content=\"fr_FR\" \/>\n<meta property=\"og:type\" content=\"article\" \/>\n<meta property=\"og:title\" content=\"Conf\u00e9rence de presse du PCF pays bigouden le 31 mars 2023 - PCF Pays Bigouden\" \/>\n<meta property=\"og:description\" content=\"Le T\u00e9l\u00e9gramme Le nouveau bureau de la section bigoud\u00e8ne du Parti communiste Maryse Rousseau et G\u00e9rard Bal sont respectivement secr\u00e9taire et secr\u00e9taire adjoint de la section bigoud\u00e8ne du Parti communiste. (Le T\u00e9l\u00e9gramme\/de Moulins Madeleine) Le 12 mars, le comit\u00e9 de section du PCF du Pays bigouden a r\u00e9uni ses membres pour travailler, \u00e0 son \u00e9chelle, &hellip; Continue reading Conf\u00e9rence de presse du PCF pays bigouden le 31 mars 2023\" \/>\n<meta property=\"og:url\" content=\"https:\/\/pcbigouden.fr\/?p=2570\" \/>\n<meta property=\"og:site_name\" content=\"PCF Pays Bigouden\" \/>\n<meta property=\"article:published_time\" content=\"2023-04-04T06:22:33+00:00\" \/>\n<meta property=\"article:modified_time\" content=\"2023-05-07T05:01:07+00:00\" \/>\n<meta property=\"og:image\" content=\"https:\/\/www.letelegramme.fr\/images\/2023\/04\/01\/maryse-rousseau-et-gerard-bal-sont-respectivement-secretaire_7408138_676x418p.jpg?v=1\" \/>\n<meta name=\"author\" content=\"sierramaestra\" \/>\n<meta name=\"twitter:card\" content=\"summary_large_image\" \/>\n<meta name=\"twitter:label1\" content=\"\u00c9crit par\" \/>\n\t<meta name=\"twitter:data1\" content=\"sierramaestra\" \/>\n\t<meta name=\"twitter:label2\" content=\"Dur\u00e9e de lecture estim\u00e9e\" \/>\n\t<meta name=\"twitter:data2\" content=\"5 minutes\" \/>\n<script type=\"application\/ld+json\" class=\"yoast-schema-graph\">{\"@context\":\"https:\\\/\\\/schema.org\",\"@graph\":[{\"@type\":\"Article\",\"@id\":\"https:\\\/\\\/pcbigouden.fr\\\/?p=2570#article\",\"isPartOf\":{\"@id\":\"https:\\\/\\\/pcbigouden.fr\\\/?p=2570\"},\"author\":{\"name\":\"sierramaestra\",\"@id\":\"https:\\\/\\\/pcbigouden.fr\\\/#\\\/schema\\\/person\\\/2f88b3db41deacf169cab9e2ff83133a\"},\"headline\":\"Conf\u00e9rence de presse du PCF pays bigouden le 31 mars 2023\",\"datePublished\":\"2023-04-04T06:22:33+00:00\",\"dateModified\":\"2023-05-07T05:01:07+00:00\",\"mainEntityOfPage\":{\"@id\":\"https:\\\/\\\/pcbigouden.fr\\\/?p=2570\"},\"wordCount\":1112,\"publisher\":{\"@id\":\"https:\\\/\\\/pcbigouden.fr\\\/#organization\"},\"image\":{\"@id\":\"https:\\\/\\\/pcbigouden.fr\\\/?p=2570#primaryimage\"},\"thumbnailUrl\":\"https:\\\/\\\/www.letelegramme.fr\\\/images\\\/2023\\\/04\\\/01\\\/maryse-rousseau-et-gerard-bal-sont-respectivement-secretaire_7408138_676x418p.jpg?v=1\",\"keywords\":[\"bigouden\",\"pcf\"],\"articleSection\":[\"Parti Communiste\",\"Vie Locale\"],\"inLanguage\":\"fr-FR\"},{\"@type\":\"WebPage\",\"@id\":\"https:\\\/\\\/pcbigouden.fr\\\/?p=2570\",\"url\":\"https:\\\/\\\/pcbigouden.fr\\\/?p=2570\",\"name\":\"Conf\u00e9rence de presse du PCF pays bigouden le 31 mars 2023 - PCF Pays Bigouden\",\"isPartOf\":{\"@id\":\"https:\\\/\\\/pcbigouden.fr\\\/#website\"},\"primaryImageOfPage\":{\"@id\":\"https:\\\/\\\/pcbigouden.fr\\\/?p=2570#primaryimage\"},\"image\":{\"@id\":\"https:\\\/\\\/pcbigouden.fr\\\/?p=2570#primaryimage\"},\"thumbnailUrl\":\"https:\\\/\\\/www.letelegramme.fr\\\/images\\\/2023\\\/04\\\/01\\\/maryse-rousseau-et-gerard-bal-sont-respectivement-secretaire_7408138_676x418p.jpg?v=1\",\"datePublished\":\"2023-04-04T06:22:33+00:00\",\"dateModified\":\"2023-05-07T05:01:07+00:00\",\"breadcrumb\":{\"@id\":\"https:\\\/\\\/pcbigouden.fr\\\/?p=2570#breadcrumb\"},\"inLanguage\":\"fr-FR\",\"potentialAction\":[{\"@type\":\"ReadAction\",\"target\":[\"https:\\\/\\\/pcbigouden.fr\\\/?p=2570\"]}]},{\"@type\":\"ImageObject\",\"inLanguage\":\"fr-FR\",\"@id\":\"https:\\\/\\\/pcbigouden.fr\\\/?p=2570#primaryimage\",\"url\":\"https:\\\/\\\/www.letelegramme.fr\\\/images\\\/2023\\\/04\\\/01\\\/maryse-rousseau-et-gerard-bal-sont-respectivement-secretaire_7408138_676x418p.jpg?v=1\",\"contentUrl\":\"https:\\\/\\\/www.letelegramme.fr\\\/images\\\/2023\\\/04\\\/01\\\/maryse-rousseau-et-gerard-bal-sont-respectivement-secretaire_7408138_676x418p.jpg?v=1\"},{\"@type\":\"BreadcrumbList\",\"@id\":\"https:\\\/\\\/pcbigouden.fr\\\/?p=2570#breadcrumb\",\"itemListElement\":[{\"@type\":\"ListItem\",\"position\":1,\"name\":\"Accueil\",\"item\":\"https:\\\/\\\/pcbigouden.fr\\\/\"},{\"@type\":\"ListItem\",\"position\":2,\"name\":\"Conf\u00e9rence de presse du PCF pays bigouden le 31 mars 2023\"}]},{\"@type\":\"WebSite\",\"@id\":\"https:\\\/\\\/pcbigouden.fr\\\/#website\",\"url\":\"https:\\\/\\\/pcbigouden.fr\\\/\",\"name\":\"PCF Pays Bigouden\",\"description\":\"Blog des communistes du Pays Bigouden\",\"publisher\":{\"@id\":\"https:\\\/\\\/pcbigouden.fr\\\/#organization\"},\"potentialAction\":[{\"@type\":\"SearchAction\",\"target\":{\"@type\":\"EntryPoint\",\"urlTemplate\":\"https:\\\/\\\/pcbigouden.fr\\\/?s={search_term_string}\"},\"query-input\":{\"@type\":\"PropertyValueSpecification\",\"valueRequired\":true,\"valueName\":\"search_term_string\"}}],\"inLanguage\":\"fr-FR\"},{\"@type\":\"Organization\",\"@id\":\"https:\\\/\\\/pcbigouden.fr\\\/#organization\",\"name\":\"Parti Communiste PCF Pays Bigouden\",\"url\":\"https:\\\/\\\/pcbigouden.fr\\\/\",\"logo\":{\"@type\":\"ImageObject\",\"inLanguage\":\"fr-FR\",\"@id\":\"https:\\\/\\\/pcbigouden.fr\\\/#\\\/schema\\\/logo\\\/image\\\/\",\"url\":\"https:\\\/\\\/pcbigouden.fr\\\/wp-content\\\/uploads\\\/2021\\\/10\\\/logoTB307x290.jpg\",\"contentUrl\":\"https:\\\/\\\/pcbigouden.fr\\\/wp-content\\\/uploads\\\/2021\\\/10\\\/logoTB307x290.jpg\",\"width\":307,\"height\":290,\"caption\":\"Parti Communiste PCF Pays Bigouden\"},\"image\":{\"@id\":\"https:\\\/\\\/pcbigouden.fr\\\/#\\\/schema\\\/logo\\\/image\\\/\"}},{\"@type\":\"Person\",\"@id\":\"https:\\\/\\\/pcbigouden.fr\\\/#\\\/schema\\\/person\\\/2f88b3db41deacf169cab9e2ff83133a\",\"name\":\"sierramaestra\",\"image\":{\"@type\":\"ImageObject\",\"inLanguage\":\"fr-FR\",\"@id\":\"https:\\\/\\\/secure.gravatar.com\\\/avatar\\\/5e822171bcc9a9856efba4097a35cfd35b4c239b7b552810087caf40ef8496b2?s=96&d=mm&r=g\",\"url\":\"https:\\\/\\\/secure.gravatar.com\\\/avatar\\\/5e822171bcc9a9856efba4097a35cfd35b4c239b7b552810087caf40ef8496b2?s=96&d=mm&r=g\",\"contentUrl\":\"https:\\\/\\\/secure.gravatar.com\\\/avatar\\\/5e822171bcc9a9856efba4097a35cfd35b4c239b7b552810087caf40ef8496b2?s=96&d=mm&r=g\",\"caption\":\"sierramaestra\"},\"url\":\"https:\\\/\\\/pcbigouden.fr\\\/?author=6\"}]}<\/script>\n<!-- \/ Yoast SEO plugin. -->","yoast_head_json":{"title":"Conf\u00e9rence de presse du PCF pays bigouden le 31 mars 2023 - PCF Pays Bigouden","robots":{"index":"index","follow":"follow","max-snippet":"max-snippet:-1","max-image-preview":"max-image-preview:large","max-video-preview":"max-video-preview:-1"},"canonical":"https:\/\/pcbigouden.fr\/?p=2570","og_locale":"fr_FR","og_type":"article","og_title":"Conf\u00e9rence de presse du PCF pays bigouden le 31 mars 2023 - PCF Pays Bigouden","og_description":"Le T\u00e9l\u00e9gramme Le nouveau bureau de la section bigoud\u00e8ne du Parti communiste Maryse Rousseau et G\u00e9rard Bal sont respectivement secr\u00e9taire et secr\u00e9taire adjoint de la section bigoud\u00e8ne du Parti communiste. (Le T\u00e9l\u00e9gramme\/de Moulins Madeleine) Le 12 mars, le comit\u00e9 de section du PCF du Pays bigouden a r\u00e9uni ses membres pour travailler, \u00e0 son \u00e9chelle, &hellip; Continue reading Conf\u00e9rence de presse du PCF pays bigouden le 31 mars 2023","og_url":"https:\/\/pcbigouden.fr\/?p=2570","og_site_name":"PCF Pays Bigouden","article_published_time":"2023-04-04T06:22:33+00:00","article_modified_time":"2023-05-07T05:01:07+00:00","og_image":[{"url":"https:\/\/www.letelegramme.fr\/images\/2023\/04\/01\/maryse-rousseau-et-gerard-bal-sont-respectivement-secretaire_7408138_676x418p.jpg?v=1","type":"","width":"","height":""}],"author":"sierramaestra","twitter_card":"summary_large_image","twitter_misc":{"\u00c9crit par":"sierramaestra","Dur\u00e9e de lecture estim\u00e9e":"5 minutes"},"schema":{"@context":"https:\/\/schema.org","@graph":[{"@type":"Article","@id":"https:\/\/pcbigouden.fr\/?p=2570#article","isPartOf":{"@id":"https:\/\/pcbigouden.fr\/?p=2570"},"author":{"name":"sierramaestra","@id":"https:\/\/pcbigouden.fr\/#\/schema\/person\/2f88b3db41deacf169cab9e2ff83133a"},"headline":"Conf\u00e9rence de presse du PCF pays bigouden le 31 mars 2023","datePublished":"2023-04-04T06:22:33+00:00","dateModified":"2023-05-07T05:01:07+00:00","mainEntityOfPage":{"@id":"https:\/\/pcbigouden.fr\/?p=2570"},"wordCount":1112,"publisher":{"@id":"https:\/\/pcbigouden.fr\/#organization"},"image":{"@id":"https:\/\/pcbigouden.fr\/?p=2570#primaryimage"},"thumbnailUrl":"https:\/\/www.letelegramme.fr\/images\/2023\/04\/01\/maryse-rousseau-et-gerard-bal-sont-respectivement-secretaire_7408138_676x418p.jpg?v=1","keywords":["bigouden","pcf"],"articleSection":["Parti Communiste","Vie Locale"],"inLanguage":"fr-FR"},{"@type":"WebPage","@id":"https:\/\/pcbigouden.fr\/?p=2570","url":"https:\/\/pcbigouden.fr\/?p=2570","name":"Conf\u00e9rence de presse du PCF pays bigouden le 31 mars 2023 - PCF Pays Bigouden","isPartOf":{"@id":"https:\/\/pcbigouden.fr\/#website"},"primaryImageOfPage":{"@id":"https:\/\/pcbigouden.fr\/?p=2570#primaryimage"},"image":{"@id":"https:\/\/pcbigouden.fr\/?p=2570#primaryimage"},"thumbnailUrl":"https:\/\/www.letelegramme.fr\/images\/2023\/04\/01\/maryse-rousseau-et-gerard-bal-sont-respectivement-secretaire_7408138_676x418p.jpg?v=1","datePublished":"2023-04-04T06:22:33+00:00","dateModified":"2023-05-07T05:01:07+00:00","breadcrumb":{"@id":"https:\/\/pcbigouden.fr\/?p=2570#breadcrumb"},"inLanguage":"fr-FR","potentialAction":[{"@type":"ReadAction","target":["https:\/\/pcbigouden.fr\/?p=2570"]}]},{"@type":"ImageObject","inLanguage":"fr-FR","@id":"https:\/\/pcbigouden.fr\/?p=2570#primaryimage","url":"https:\/\/www.letelegramme.fr\/images\/2023\/04\/01\/maryse-rousseau-et-gerard-bal-sont-respectivement-secretaire_7408138_676x418p.jpg?v=1","contentUrl":"https:\/\/www.letelegramme.fr\/images\/2023\/04\/01\/maryse-rousseau-et-gerard-bal-sont-respectivement-secretaire_7408138_676x418p.jpg?v=1"},{"@type":"BreadcrumbList","@id":"https:\/\/pcbigouden.fr\/?p=2570#breadcrumb","itemListElement":[{"@type":"ListItem","position":1,"name":"Accueil","item":"https:\/\/pcbigouden.fr\/"},{"@type":"ListItem","position":2,"name":"Conf\u00e9rence de presse du PCF pays bigouden le 31 mars 2023"}]},{"@type":"WebSite","@id":"https:\/\/pcbigouden.fr\/#website","url":"https:\/\/pcbigouden.fr\/","name":"PCF Pays Bigouden","description":"Blog des communistes du Pays Bigouden","publisher":{"@id":"https:\/\/pcbigouden.fr\/#organization"},"potentialAction":[{"@type":"SearchAction","target":{"@type":"EntryPoint","urlTemplate":"https:\/\/pcbigouden.fr\/?s={search_term_string}"},"query-input":{"@type":"PropertyValueSpecification","valueRequired":true,"valueName":"search_term_string"}}],"inLanguage":"fr-FR"},{"@type":"Organization","@id":"https:\/\/pcbigouden.fr\/#organization","name":"Parti Communiste PCF Pays Bigouden","url":"https:\/\/pcbigouden.fr\/","logo":{"@type":"ImageObject","inLanguage":"fr-FR","@id":"https:\/\/pcbigouden.fr\/#\/schema\/logo\/image\/","url":"https:\/\/pcbigouden.fr\/wp-content\/uploads\/2021\/10\/logoTB307x290.jpg","contentUrl":"https:\/\/pcbigouden.fr\/wp-content\/uploads\/2021\/10\/logoTB307x290.jpg","width":307,"height":290,"caption":"Parti Communiste PCF Pays Bigouden"},"image":{"@id":"https:\/\/pcbigouden.fr\/#\/schema\/logo\/image\/"}},{"@type":"Person","@id":"https:\/\/pcbigouden.fr\/#\/schema\/person\/2f88b3db41deacf169cab9e2ff83133a","name":"sierramaestra","image":{"@type":"ImageObject","inLanguage":"fr-FR","@id":"https:\/\/secure.gravatar.com\/avatar\/5e822171bcc9a9856efba4097a35cfd35b4c239b7b552810087caf40ef8496b2?s=96&d=mm&r=g","url":"https:\/\/secure.gravatar.com\/avatar\/5e822171bcc9a9856efba4097a35cfd35b4c239b7b552810087caf40ef8496b2?s=96&d=mm&r=g","contentUrl":"https:\/\/secure.gravatar.com\/avatar\/5e822171bcc9a9856efba4097a35cfd35b4c239b7b552810087caf40ef8496b2?s=96&d=mm&r=g","caption":"sierramaestra"},"url":"https:\/\/pcbigouden.fr\/?author=6"}]}},"jetpack_featured_media_url":"","jetpack_sharing_enabled":true,"jetpack_likes_enabled":true,"_links":{"self":[{"href":"https:\/\/pcbigouden.fr\/index.php?rest_route=\/wp\/v2\/posts\/2570","targetHints":{"allow":["GET"]}}],"collection":[{"href":"https:\/\/pcbigouden.fr\/index.php?rest_route=\/wp\/v2\/posts"}],"about":[{"href":"https:\/\/pcbigouden.fr\/index.php?rest_route=\/wp\/v2\/types\/post"}],"author":[{"embeddable":true,"href":"https:\/\/pcbigouden.fr\/index.php?rest_route=\/wp\/v2\/users\/6"}],"replies":[{"embeddable":true,"href":"https:\/\/pcbigouden.fr\/index.php?rest_route=%2Fwp%2Fv2%2Fcomments&post=2570"}],"version-history":[{"count":13,"href":"https:\/\/pcbigouden.fr\/index.php?rest_route=\/wp\/v2\/posts\/2570\/revisions"}],"predecessor-version":[{"id":2703,"href":"https:\/\/pcbigouden.fr\/index.php?rest_route=\/wp\/v2\/posts\/2570\/revisions\/2703"}],"wp:attachment":[{"href":"https:\/\/pcbigouden.fr\/index.php?rest_route=%2Fwp%2Fv2%2Fmedia&parent=2570"}],"wp:term":[{"taxonomy":"category","embeddable":true,"href":"https:\/\/pcbigouden.fr\/index.php?rest_route=%2Fwp%2Fv2%2Fcategories&post=2570"},{"taxonomy":"post_tag","embeddable":true,"href":"https:\/\/pcbigouden.fr\/index.php?rest_route=%2Fwp%2Fv2%2Ftags&post=2570"}],"curies":[{"name":"wp","href":"https:\/\/api.w.org\/{rel}","templated":true}]}}