{"id":2543,"date":"2023-03-27T18:20:48","date_gmt":"2023-03-27T16:20:48","guid":{"rendered":"https:\/\/pcbigouden.fr\/?p=2543"},"modified":"2023-03-29T10:06:07","modified_gmt":"2023-03-29T08:06:07","slug":"pont-labbe-non-a-la-fermeture-dune-maternelle","status":"publish","type":"post","link":"https:\/\/pcbigouden.fr\/?p=2543","title":{"rendered":"Pont L&rsquo;Abb\u00e9 NON \u00e0 la fermeture d&rsquo;une maternelle"},"content":{"rendered":"<p>\u200c<strong>Alors que les \u00e9coles maternelles publiques de Pont L&rsquo;Abb\u00e9 accueilleront 150 enfants \u00e0 la prochaine rentr\u00e9e, et que la d\u00e9mographie augmente, le maire de Pont L&rsquo;Abb\u00e9 projette d&rsquo;en fermer une d\u00e8s septembre 2023.<\/strong><br \/>\nC&rsquo;est en totale contradiction avec le label petites villes de demain que le maire promeut.<br \/>\nLa commune a la chance d&rsquo;avoir 3 \u00e9coles maternelles Publiques bien r\u00e9parties g\u00e9ographiquement, avec des \u00e9quipes p\u00e9dagogiques comp\u00e9tentes, volontaires, d\u00e9vou\u00e9es .Pourquoi vouloir d\u00e9truire ce bel \u00e9quilibre ?<\/p>\n<p style=\"padding-left: 40px;\"><strong>Il est urgent de r\u00e9agir !<\/strong> Nous consid\u00e9rons que c&rsquo;est l&rsquo;avenir de nos enfants qui est en jeu !<br \/>\nNous avons besoin du soutien de tous<br \/>\n&#8211; En signant la p\u00e9tition<br \/>\n<strong><a href=\"https:\/\/www.change.org\/p\/non-a-la-fermeture-d-une-ecole-maternelle-publique-a-pont-l-abbe-lambour-mervil\" target=\"_blank\" rel=\"noopener\">https:\/\/www.change.org\/p\/non-a-la-fermeture-d-une-ecole-maternelle-publique-a-pont-l-abbe-lambour-mervil<\/a><\/strong><br \/>\n&#8211; En se rassemblant tr\u00e8s nombreux pour dire non \u00e0 cette fermeture au moment o\u00f9 le maire recevra les directrices<br \/>\n<strong>Mardi 28 mars<\/strong><br \/>\n<strong>\u00e0 18 h<\/strong><br \/>\n<strong>Passage de la lev\u00e9e<\/strong><\/p>\n<p><strong>Prochaines \u00e9tapes :<\/strong><\/p>\n<p>&#8211; signature de p\u00e9titions et distribution de tracts jeudi 30 sur le march\u00e9.<\/p>\n<p>&#8211; R\u00e9union d&rsquo;information samedi midi 1er avril salle du patro La\u00efque<\/p>\n<p>&#8211; Intervention aupr\u00e8s des \u00e9lus pour tenter de les \u00ab\u00a0retourner\u00a0\u00bb avant le conseil municipal<\/p>\n<p>&#8211; Pr\u00e9sence en masse au conseil municipal extraordinaire qui d\u00e9battra du sujet<\/p>\n<p>&nbsp;<\/p>\n","protected":false},"excerpt":{"rendered":"<p>\u200cAlors que les \u00e9coles maternelles publiques de Pont L&rsquo;Abb\u00e9 accueilleront 150 enfants \u00e0 la prochaine rentr\u00e9e, et que la d\u00e9mographie augmente, le maire de Pont L&rsquo;Abb\u00e9 projette d&rsquo;en fermer une d\u00e8s septembre 2023. C&rsquo;est en totale contradiction avec le label petites villes de demain que le maire promeut. La commune a la chance d&rsquo;avoir 3 &hellip; <a href=\"https:\/\/pcbigouden.fr\/?p=2543\" class=\"more-link\">Continue reading <span class=\"screen-reader-text\">Pont L&rsquo;Abb\u00e9 NON \u00e0 la fermeture d&rsquo;une maternelle<\/span><\/a><\/p>\n","protected":false},"author":6,"featured_media":2544,"comment_status":"closed","ping_status":"closed","sticky":false,"template":"","format":"standard","meta":{"_jetpack_memberships_contains_paid_content":false,"footnotes":""},"categories":[12],"tags":[176,183,37],"class_list":["post-2543","post","type-post","status-publish","format-standard","has-post-thumbnail","hentry","category-services-publics","tag-ecole","tag-maternelle","tag-pont-labbe"],"yoast_head":"<!-- This site is optimized with the Yoast SEO plugin v27.5 - https:\/\/yoast.com\/product\/yoast-seo-wordpress\/ -->\n<title>Pont L&#039;Abb\u00e9 NON \u00e0 la fermeture d&#039;une maternelle - PCF Pays Bigouden<\/title>\n<meta name=\"robots\" content=\"index, follow, max-snippet:-1, max-image-preview:large, max-video-preview:-1\" \/>\n<link rel=\"canonical\" href=\"https:\/\/pcbigouden.fr\/?p=2543\" \/>\n<meta property=\"og:locale\" content=\"fr_FR\" \/>\n<meta property=\"og:type\" content=\"article\" \/>\n<meta property=\"og:title\" content=\"Pont L&#039;Abb\u00e9 NON \u00e0 la fermeture d&#039;une maternelle - PCF Pays Bigouden\" \/>\n<meta property=\"og:description\" content=\"\u200cAlors que les \u00e9coles maternelles publiques de Pont L&rsquo;Abb\u00e9 accueilleront 150 enfants \u00e0 la prochaine rentr\u00e9e, et que la d\u00e9mographie augmente, le maire de Pont L&rsquo;Abb\u00e9 projette d&rsquo;en fermer une d\u00e8s septembre 2023. C&rsquo;est en totale contradiction avec le label petites villes de demain que le maire promeut. La commune a la chance d&rsquo;avoir 3 &hellip; Continue reading Pont L&rsquo;Abb\u00e9 NON \u00e0 la fermeture d&rsquo;une maternelle\" \/>\n<meta property=\"og:url\" content=\"https:\/\/pcbigouden.fr\/?p=2543\" \/>\n<meta property=\"og:site_name\" content=\"PCF Pays Bigouden\" \/>\n<meta property=\"article:published_time\" content=\"2023-03-27T16:20:48+00:00\" \/>\n<meta property=\"article:modified_time\" content=\"2023-03-29T08:06:07+00:00\" \/>\n<meta property=\"og:image\" content=\"https:\/\/pcbigouden.fr\/wp-content\/uploads\/2023\/03\/MaternelleEnDanger2.jpg\" \/>\n\t<meta property=\"og:image:width\" content=\"423\" \/>\n\t<meta property=\"og:image:height\" content=\"198\" \/>\n\t<meta property=\"og:image:type\" content=\"image\/jpeg\" \/>\n<meta name=\"author\" content=\"sierramaestra\" \/>\n<meta name=\"twitter:card\" content=\"summary_large_image\" \/>\n<meta name=\"twitter:label1\" content=\"\u00c9crit par\" \/>\n\t<meta name=\"twitter:data1\" content=\"sierramaestra\" \/>\n\t<meta name=\"twitter:label2\" content=\"Dur\u00e9e de lecture estim\u00e9e\" \/>\n\t<meta name=\"twitter:data2\" content=\"1 minute\" \/>\n<script type=\"application\/ld+json\" class=\"yoast-schema-graph\">{\"@context\":\"https:\\\/\\\/schema.org\",\"@graph\":[{\"@type\":\"Article\",\"@id\":\"https:\\\/\\\/pcbigouden.fr\\\/?p=2543#article\",\"isPartOf\":{\"@id\":\"https:\\\/\\\/pcbigouden.fr\\\/?p=2543\"},\"author\":{\"name\":\"sierramaestra\",\"@id\":\"https:\\\/\\\/pcbigouden.fr\\\/#\\\/schema\\\/person\\\/2f88b3db41deacf169cab9e2ff83133a\"},\"headline\":\"Pont L&rsquo;Abb\u00e9 NON \u00e0 la fermeture d&rsquo;une maternelle\",\"datePublished\":\"2023-03-27T16:20:48+00:00\",\"dateModified\":\"2023-03-29T08:06:07+00:00\",\"mainEntityOfPage\":{\"@id\":\"https:\\\/\\\/pcbigouden.fr\\\/?p=2543\"},\"wordCount\":221,\"publisher\":{\"@id\":\"https:\\\/\\\/pcbigouden.fr\\\/#organization\"},\"image\":{\"@id\":\"https:\\\/\\\/pcbigouden.fr\\\/?p=2543#primaryimage\"},\"thumbnailUrl\":\"https:\\\/\\\/pcbigouden.fr\\\/wp-content\\\/uploads\\\/2023\\\/03\\\/MaternelleEnDanger2.jpg\",\"keywords\":[\"\u00e9cole\",\"maternelle\",\"Pont L'Abb\u00e9\"],\"articleSection\":[\"Services Publics\"],\"inLanguage\":\"fr-FR\"},{\"@type\":\"WebPage\",\"@id\":\"https:\\\/\\\/pcbigouden.fr\\\/?p=2543\",\"url\":\"https:\\\/\\\/pcbigouden.fr\\\/?p=2543\",\"name\":\"Pont L'Abb\u00e9 NON \u00e0 la fermeture d'une maternelle - PCF Pays Bigouden\",\"isPartOf\":{\"@id\":\"https:\\\/\\\/pcbigouden.fr\\\/#website\"},\"primaryImageOfPage\":{\"@id\":\"https:\\\/\\\/pcbigouden.fr\\\/?p=2543#primaryimage\"},\"image\":{\"@id\":\"https:\\\/\\\/pcbigouden.fr\\\/?p=2543#primaryimage\"},\"thumbnailUrl\":\"https:\\\/\\\/pcbigouden.fr\\\/wp-content\\\/uploads\\\/2023\\\/03\\\/MaternelleEnDanger2.jpg\",\"datePublished\":\"2023-03-27T16:20:48+00:00\",\"dateModified\":\"2023-03-29T08:06:07+00:00\",\"breadcrumb\":{\"@id\":\"https:\\\/\\\/pcbigouden.fr\\\/?p=2543#breadcrumb\"},\"inLanguage\":\"fr-FR\",\"potentialAction\":[{\"@type\":\"ReadAction\",\"target\":[\"https:\\\/\\\/pcbigouden.fr\\\/?p=2543\"]}]},{\"@type\":\"ImageObject\",\"inLanguage\":\"fr-FR\",\"@id\":\"https:\\\/\\\/pcbigouden.fr\\\/?p=2543#primaryimage\",\"url\":\"https:\\\/\\\/pcbigouden.fr\\\/wp-content\\\/uploads\\\/2023\\\/03\\\/MaternelleEnDanger2.jpg\",\"contentUrl\":\"https:\\\/\\\/pcbigouden.fr\\\/wp-content\\\/uploads\\\/2023\\\/03\\\/MaternelleEnDanger2.jpg\",\"width\":423,\"height\":198},{\"@type\":\"BreadcrumbList\",\"@id\":\"https:\\\/\\\/pcbigouden.fr\\\/?p=2543#breadcrumb\",\"itemListElement\":[{\"@type\":\"ListItem\",\"position\":1,\"name\":\"Accueil\",\"item\":\"https:\\\/\\\/pcbigouden.fr\\\/\"},{\"@type\":\"ListItem\",\"position\":2,\"name\":\"Pont L&rsquo;Abb\u00e9 NON \u00e0 la fermeture d&rsquo;une maternelle\"}]},{\"@type\":\"WebSite\",\"@id\":\"https:\\\/\\\/pcbigouden.fr\\\/#website\",\"url\":\"https:\\\/\\\/pcbigouden.fr\\\/\",\"name\":\"PCF Pays Bigouden\",\"description\":\"Blog des communistes du Pays Bigouden\",\"publisher\":{\"@id\":\"https:\\\/\\\/pcbigouden.fr\\\/#organization\"},\"potentialAction\":[{\"@type\":\"SearchAction\",\"target\":{\"@type\":\"EntryPoint\",\"urlTemplate\":\"https:\\\/\\\/pcbigouden.fr\\\/?s={search_term_string}\"},\"query-input\":{\"@type\":\"PropertyValueSpecification\",\"valueRequired\":true,\"valueName\":\"search_term_string\"}}],\"inLanguage\":\"fr-FR\"},{\"@type\":\"Organization\",\"@id\":\"https:\\\/\\\/pcbigouden.fr\\\/#organization\",\"name\":\"Parti Communiste PCF Pays Bigouden\",\"url\":\"https:\\\/\\\/pcbigouden.fr\\\/\",\"logo\":{\"@type\":\"ImageObject\",\"inLanguage\":\"fr-FR\",\"@id\":\"https:\\\/\\\/pcbigouden.fr\\\/#\\\/schema\\\/logo\\\/image\\\/\",\"url\":\"https:\\\/\\\/pcbigouden.fr\\\/wp-content\\\/uploads\\\/2021\\\/10\\\/logoTB307x290.jpg\",\"contentUrl\":\"https:\\\/\\\/pcbigouden.fr\\\/wp-content\\\/uploads\\\/2021\\\/10\\\/logoTB307x290.jpg\",\"width\":307,\"height\":290,\"caption\":\"Parti Communiste PCF Pays Bigouden\"},\"image\":{\"@id\":\"https:\\\/\\\/pcbigouden.fr\\\/#\\\/schema\\\/logo\\\/image\\\/\"}},{\"@type\":\"Person\",\"@id\":\"https:\\\/\\\/pcbigouden.fr\\\/#\\\/schema\\\/person\\\/2f88b3db41deacf169cab9e2ff83133a\",\"name\":\"sierramaestra\",\"image\":{\"@type\":\"ImageObject\",\"inLanguage\":\"fr-FR\",\"@id\":\"https:\\\/\\\/secure.gravatar.com\\\/avatar\\\/5e822171bcc9a9856efba4097a35cfd35b4c239b7b552810087caf40ef8496b2?s=96&d=mm&r=g\",\"url\":\"https:\\\/\\\/secure.gravatar.com\\\/avatar\\\/5e822171bcc9a9856efba4097a35cfd35b4c239b7b552810087caf40ef8496b2?s=96&d=mm&r=g\",\"contentUrl\":\"https:\\\/\\\/secure.gravatar.com\\\/avatar\\\/5e822171bcc9a9856efba4097a35cfd35b4c239b7b552810087caf40ef8496b2?s=96&d=mm&r=g\",\"caption\":\"sierramaestra\"},\"url\":\"https:\\\/\\\/pcbigouden.fr\\\/?author=6\"}]}<\/script>\n<!-- \/ Yoast SEO plugin. -->","yoast_head_json":{"title":"Pont L'Abb\u00e9 NON \u00e0 la fermeture d'une maternelle - PCF Pays Bigouden","robots":{"index":"index","follow":"follow","max-snippet":"max-snippet:-1","max-image-preview":"max-image-preview:large","max-video-preview":"max-video-preview:-1"},"canonical":"https:\/\/pcbigouden.fr\/?p=2543","og_locale":"fr_FR","og_type":"article","og_title":"Pont L'Abb\u00e9 NON \u00e0 la fermeture d'une maternelle - PCF Pays Bigouden","og_description":"\u200cAlors que les \u00e9coles maternelles publiques de Pont L&rsquo;Abb\u00e9 accueilleront 150 enfants \u00e0 la prochaine rentr\u00e9e, et que la d\u00e9mographie augmente, le maire de Pont L&rsquo;Abb\u00e9 projette d&rsquo;en fermer une d\u00e8s septembre 2023. C&rsquo;est en totale contradiction avec le label petites villes de demain que le maire promeut. La commune a la chance d&rsquo;avoir 3 &hellip; Continue reading Pont L&rsquo;Abb\u00e9 NON \u00e0 la fermeture d&rsquo;une maternelle","og_url":"https:\/\/pcbigouden.fr\/?p=2543","og_site_name":"PCF Pays Bigouden","article_published_time":"2023-03-27T16:20:48+00:00","article_modified_time":"2023-03-29T08:06:07+00:00","og_image":[{"width":423,"height":198,"url":"https:\/\/pcbigouden.fr\/wp-content\/uploads\/2023\/03\/MaternelleEnDanger2.jpg","type":"image\/jpeg"}],"author":"sierramaestra","twitter_card":"summary_large_image","twitter_misc":{"\u00c9crit par":"sierramaestra","Dur\u00e9e de lecture estim\u00e9e":"1 minute"},"schema":{"@context":"https:\/\/schema.org","@graph":[{"@type":"Article","@id":"https:\/\/pcbigouden.fr\/?p=2543#article","isPartOf":{"@id":"https:\/\/pcbigouden.fr\/?p=2543"},"author":{"name":"sierramaestra","@id":"https:\/\/pcbigouden.fr\/#\/schema\/person\/2f88b3db41deacf169cab9e2ff83133a"},"headline":"Pont L&rsquo;Abb\u00e9 NON \u00e0 la fermeture d&rsquo;une maternelle","datePublished":"2023-03-27T16:20:48+00:00","dateModified":"2023-03-29T08:06:07+00:00","mainEntityOfPage":{"@id":"https:\/\/pcbigouden.fr\/?p=2543"},"wordCount":221,"publisher":{"@id":"https:\/\/pcbigouden.fr\/#organization"},"image":{"@id":"https:\/\/pcbigouden.fr\/?p=2543#primaryimage"},"thumbnailUrl":"https:\/\/pcbigouden.fr\/wp-content\/uploads\/2023\/03\/MaternelleEnDanger2.jpg","keywords":["\u00e9cole","maternelle","Pont L'Abb\u00e9"],"articleSection":["Services Publics"],"inLanguage":"fr-FR"},{"@type":"WebPage","@id":"https:\/\/pcbigouden.fr\/?p=2543","url":"https:\/\/pcbigouden.fr\/?p=2543","name":"Pont L'Abb\u00e9 NON \u00e0 la fermeture d'une maternelle - PCF Pays Bigouden","isPartOf":{"@id":"https:\/\/pcbigouden.fr\/#website"},"primaryImageOfPage":{"@id":"https:\/\/pcbigouden.fr\/?p=2543#primaryimage"},"image":{"@id":"https:\/\/pcbigouden.fr\/?p=2543#primaryimage"},"thumbnailUrl":"https:\/\/pcbigouden.fr\/wp-content\/uploads\/2023\/03\/MaternelleEnDanger2.jpg","datePublished":"2023-03-27T16:20:48+00:00","dateModified":"2023-03-29T08:06:07+00:00","breadcrumb":{"@id":"https:\/\/pcbigouden.fr\/?p=2543#breadcrumb"},"inLanguage":"fr-FR","potentialAction":[{"@type":"ReadAction","target":["https:\/\/pcbigouden.fr\/?p=2543"]}]},{"@type":"ImageObject","inLanguage":"fr-FR","@id":"https:\/\/pcbigouden.fr\/?p=2543#primaryimage","url":"https:\/\/pcbigouden.fr\/wp-content\/uploads\/2023\/03\/MaternelleEnDanger2.jpg","contentUrl":"https:\/\/pcbigouden.fr\/wp-content\/uploads\/2023\/03\/MaternelleEnDanger2.jpg","width":423,"height":198},{"@type":"BreadcrumbList","@id":"https:\/\/pcbigouden.fr\/?p=2543#breadcrumb","itemListElement":[{"@type":"ListItem","position":1,"name":"Accueil","item":"https:\/\/pcbigouden.fr\/"},{"@type":"ListItem","position":2,"name":"Pont L&rsquo;Abb\u00e9 NON \u00e0 la fermeture d&rsquo;une maternelle"}]},{"@type":"WebSite","@id":"https:\/\/pcbigouden.fr\/#website","url":"https:\/\/pcbigouden.fr\/","name":"PCF Pays Bigouden","description":"Blog des communistes du Pays Bigouden","publisher":{"@id":"https:\/\/pcbigouden.fr\/#organization"},"potentialAction":[{"@type":"SearchAction","target":{"@type":"EntryPoint","urlTemplate":"https:\/\/pcbigouden.fr\/?s={search_term_string}"},"query-input":{"@type":"PropertyValueSpecification","valueRequired":true,"valueName":"search_term_string"}}],"inLanguage":"fr-FR"},{"@type":"Organization","@id":"https:\/\/pcbigouden.fr\/#organization","name":"Parti Communiste PCF Pays Bigouden","url":"https:\/\/pcbigouden.fr\/","logo":{"@type":"ImageObject","inLanguage":"fr-FR","@id":"https:\/\/pcbigouden.fr\/#\/schema\/logo\/image\/","url":"https:\/\/pcbigouden.fr\/wp-content\/uploads\/2021\/10\/logoTB307x290.jpg","contentUrl":"https:\/\/pcbigouden.fr\/wp-content\/uploads\/2021\/10\/logoTB307x290.jpg","width":307,"height":290,"caption":"Parti Communiste PCF Pays Bigouden"},"image":{"@id":"https:\/\/pcbigouden.fr\/#\/schema\/logo\/image\/"}},{"@type":"Person","@id":"https:\/\/pcbigouden.fr\/#\/schema\/person\/2f88b3db41deacf169cab9e2ff83133a","name":"sierramaestra","image":{"@type":"ImageObject","inLanguage":"fr-FR","@id":"https:\/\/secure.gravatar.com\/avatar\/5e822171bcc9a9856efba4097a35cfd35b4c239b7b552810087caf40ef8496b2?s=96&d=mm&r=g","url":"https:\/\/secure.gravatar.com\/avatar\/5e822171bcc9a9856efba4097a35cfd35b4c239b7b552810087caf40ef8496b2?s=96&d=mm&r=g","contentUrl":"https:\/\/secure.gravatar.com\/avatar\/5e822171bcc9a9856efba4097a35cfd35b4c239b7b552810087caf40ef8496b2?s=96&d=mm&r=g","caption":"sierramaestra"},"url":"https:\/\/pcbigouden.fr\/?author=6"}]}},"jetpack_featured_media_url":"https:\/\/pcbigouden.fr\/wp-content\/uploads\/2023\/03\/MaternelleEnDanger2.jpg","jetpack_sharing_enabled":true,"jetpack_likes_enabled":true,"_links":{"self":[{"href":"https:\/\/pcbigouden.fr\/index.php?rest_route=\/wp\/v2\/posts\/2543","targetHints":{"allow":["GET"]}}],"collection":[{"href":"https:\/\/pcbigouden.fr\/index.php?rest_route=\/wp\/v2\/posts"}],"about":[{"href":"https:\/\/pcbigouden.fr\/index.php?rest_route=\/wp\/v2\/types\/post"}],"author":[{"embeddable":true,"href":"https:\/\/pcbigouden.fr\/index.php?rest_route=\/wp\/v2\/users\/6"}],"replies":[{"embeddable":true,"href":"https:\/\/pcbigouden.fr\/index.php?rest_route=%2Fwp%2Fv2%2Fcomments&post=2543"}],"version-history":[{"count":4,"href":"https:\/\/pcbigouden.fr\/index.php?rest_route=\/wp\/v2\/posts\/2543\/revisions"}],"predecessor-version":[{"id":2553,"href":"https:\/\/pcbigouden.fr\/index.php?rest_route=\/wp\/v2\/posts\/2543\/revisions\/2553"}],"wp:featuredmedia":[{"embeddable":true,"href":"https:\/\/pcbigouden.fr\/index.php?rest_route=\/wp\/v2\/media\/2544"}],"wp:attachment":[{"href":"https:\/\/pcbigouden.fr\/index.php?rest_route=%2Fwp%2Fv2%2Fmedia&parent=2543"}],"wp:term":[{"taxonomy":"category","embeddable":true,"href":"https:\/\/pcbigouden.fr\/index.php?rest_route=%2Fwp%2Fv2%2Fcategories&post=2543"},{"taxonomy":"post_tag","embeddable":true,"href":"https:\/\/pcbigouden.fr\/index.php?rest_route=%2Fwp%2Fv2%2Ftags&post=2543"}],"curies":[{"name":"wp","href":"https:\/\/api.w.org\/{rel}","templated":true}]}}