{"id":2466,"date":"2023-03-21T09:17:12","date_gmt":"2023-03-21T08:17:12","guid":{"rendered":"https:\/\/pcbigouden.fr\/?p=2466"},"modified":"2023-03-27T20:01:45","modified_gmt":"2023-03-27T18:01:45","slug":"declaration-de-fabien-roussel-retraites-le-combat-continue-construisons-une-autre-majorite-politique","status":"publish","type":"post","link":"https:\/\/pcbigouden.fr\/?p=2466","title":{"rendered":"Retraites : le combat continue ! Construisons une autre majorit\u00e9 politique !"},"content":{"rendered":"<div class=\"chapeau\"><\/div>\n<p><img decoding=\"async\" class=\"img-responsive test-meta\" src=\"https:\/\/assets.nationbuilder.com\/pcf\/pages\/15723\/meta_images\/original\/visuel-pcf-site%286%29.png?1679336622\" \/><\/p>\n<p>\u00c0 neuf voix pr\u00e8s, la motion de censure n\u2019a pas \u00e9t\u00e9 adopt\u00e9e.\u00a0<strong>Quel naufrage pour le gouvernement ! Cette r\u00e9forme reste ill\u00e9gitime.<\/strong><\/p>\n<p>Le combat continue car une majorit\u00e9 de progr\u00e8s existe toujours dans notre pays contre cette r\u00e9forme. Depuis le recours au 49-3, la r\u00e9volte n\u2019a fait que grandir.<\/p>\n<p>Les gr\u00e8ves reconductibles se maintiennent dans de nombreux secteurs, elles s\u2019ancrent dans plusieurs d\u2019entre eux, elles commencent \u00e0 peser sur l\u2019activit\u00e9 \u00e9conomique.<\/p>\n<p>Face au chaos provoqu\u00e9 par le pr\u00e9sident de la R\u00e9publique et son gouvernement, nous devons r\u00e9pondre par notre unit\u00e9, notre d\u00e9termination \u00e0 faire retirer cette r\u00e9forme, et cela dans le respect de la d\u00e9mocratie. Face \u00e0 la monarchie pr\u00e9sidentielle qui fracture notre pays, face \u00e0 la menace de dissolution de l\u2019Assembl\u00e9e nationale, j\u2019appelle d\u2019abord au retrait de cette r\u00e9forme, seule exigence port\u00e9e par nos concitoyens aujourd\u2019hui.<!--more--><\/p>\n<p>Nous utiliserons tous les moyens \u00e0 notre disposition pour la mettre en \u00e9chec : recours au Conseil constitutionnel, r\u00e9f\u00e9rendum d\u2019initiative partag\u00e9e pour redonner \u00e0 notre peuple les moyens d\u2019imposer le retrait du projet gouvernemental, mobilisations \u00e0 l\u2019appel de l\u2019intersyndicale. Retrouvons-nous jeudi 23 mars pour manifester avec l\u2019objectif d\u2019en faire une nouvelle journ\u00e9e d\u2019action exceptionnelle.<\/p>\n<p><strong>Nous pouvons gagner en obtenant le retrait du projet ! L\u2019avenir du pays se joue en ce moment.<\/strong><\/p>\n<p>Le camp de la gauche, du progr\u00e8s et de la justice sociale sort renforc\u00e9 de cette bataille.<\/p>\n<p>Les organisations syndicales, depuis le 19 janvier, date de la premi\u00e8re manifestation, ont \u00e9t\u00e9 exemplaires. Elles ont multipli\u00e9 les propositions alternatives \u00e0 l\u2019allongement de l\u2019\u00e2ge de d\u00e9part, elles ont continuellement tendu la main au gouvernement et au pr\u00e9sident de la R\u00e9publique, elles ont organis\u00e9 des manifestations massives, exceptionnelles, joyeuses et d\u00e9termin\u00e9es.<\/p>\n<p>Les forces politiques de gauche et \u00e9cologistes, PCF, PS, LFI, EELV, G\u00e9n\u00e9rationS, GRS, avec leurs parlementaires pr\u00e9sents au sein des sept groupes du S\u00e9nat et de l\u2019Assembl\u00e9e nationale, ont montr\u00e9 par leur mobilisation, par de nombreux amendements communs, qu\u2019une r\u00e9forme progressiste des retraites \u00e9tait possible, elles ont uni leurs forces pour d\u00e9crypter la r\u00e9forme gouvernementale, elles se sont mobilis\u00e9 dans des meetings communs. Elles ont travaill\u00e9 en liaison constante avec les organisations syndicales, en collant au plus pr\u00e8s de leurs attentes.<\/p>\n<p>Tous ensemble, \u00e0 travers manifestations, gr\u00e8ves, batailles parlementaires, nous avons construit un puissant mouvement exemplaire. Face \u00e0 un pouvoir ultraminoritaire dans le pays,<strong>\u00a0j\u2019appelle \u00e0 construire une alternative de progr\u00e8s, rassemblant l\u2019ensemble des forces de gauche, travaillant avec les organisations syndicales, respectant la d\u00e9mocratie sociale.<\/strong><\/p>\n<p>Construisons un pacte pour le redressement social et d\u00e9mocratique de la France, en vue d\u2019une majorit\u00e9 et d\u2019un gouvernement de la gauche et des \u00e9cologistes uni et respectueux des organisations syndicales.<\/p>\n<p>Contrairement \u00e0 ce que l\u2019on entend trop souvent, l\u2019extr\u00eame droite perd du terrain. Cette extr\u00eame droite, en effet, qu\u2019a-t-elle fait ? Rien ou si peu. Rien dans les mobilisations, rien au Parlement, rien dans les propositions hormis une terrible suppression des cotisations sociales sur les salaires, privant notre S\u00e9curit\u00e9 sociale de tout financement. Elle refuse d\u2019augmenter le Smic, de r\u00e9tablir l\u2019ISF et elle n\u2019a de cesse de s\u2019attaquer \u00e0 notre mod\u00e8le social et aux syndicats autant qu\u2019\u00e0 nos compatriotes d\u2019origine \u00e9trang\u00e8re dont elle fait des boucs \u00e9missaires.<\/p>\n<p><strong>Le camp du progr\u00e8s et de la justice sociale a une responsabilit\u00e9 historique. Forces de gauche et forces syndicales, dans le respect du r\u00f4le de chacun et de nos diff\u00e9rences, l\u2019avenir est d\u00e9sormais de notre c\u00f4t\u00e9 !<\/strong><\/p>\n<p>Fabien Roussel, d\u00e9put\u00e9 du Nord et secr\u00e9taire national du PCF,<br \/>\nParis, le 20 mars 2023<\/p>\n<h1 style=\"text-align: center;\"><a href=\"https:\/\/pcbigouden.fr\/wp-content\/uploads\/2023\/03\/tract_retraite_motioncensure.pdf\" target=\"_blank\" rel=\"noopener\">Notre tract en version PDF<\/a><\/h1>\n<p><a href=\"https:\/\/pcbigouden.fr\/wp-content\/uploads\/2023\/03\/Abornage.jpg\"><img loading=\"lazy\" decoding=\"async\" class=\"alignnone size-full wp-image-2468\" src=\"https:\/\/pcbigouden.fr\/wp-content\/uploads\/2023\/03\/Abornage.jpg\" alt=\"\" width=\"1723\" height=\"2048\" srcset=\"https:\/\/pcbigouden.fr\/wp-content\/uploads\/2023\/03\/Abornage.jpg 1723w, https:\/\/pcbigouden.fr\/wp-content\/uploads\/2023\/03\/Abornage-252x300.jpg 252w, https:\/\/pcbigouden.fr\/wp-content\/uploads\/2023\/03\/Abornage-862x1024.jpg 862w, https:\/\/pcbigouden.fr\/wp-content\/uploads\/2023\/03\/Abornage-768x913.jpg 768w, https:\/\/pcbigouden.fr\/wp-content\/uploads\/2023\/03\/Abornage-1292x1536.jpg 1292w, https:\/\/pcbigouden.fr\/wp-content\/uploads\/2023\/03\/Abornage-863x1026.jpg 863w, https:\/\/pcbigouden.fr\/wp-content\/uploads\/2023\/03\/Abornage-91x108.jpg 91w, https:\/\/pcbigouden.fr\/wp-content\/uploads\/2023\/03\/Abornage-1320x1569.jpg 1320w\" sizes=\"auto, (max-width: 1723px) 100vw, 1723px\" \/><\/a><\/p>\n<h2 style=\"text-align: center;\"><a href=\"https:\/\/www.facebook.com\/watch?v=448913590736837\" target=\"_blank\" rel=\"noopener\">A l&rsquo;Assembl\u00e9e Nationale_lien vid\u00e9o<\/a><\/h2>\n<p><a href=\"https:\/\/pcbigouden.fr\/wp-content\/uploads\/2023\/03\/Humapromo.jpg\"><img loading=\"lazy\" decoding=\"async\" class=\"alignnone size-full wp-image-2475\" src=\"https:\/\/pcbigouden.fr\/wp-content\/uploads\/2023\/03\/Humapromo.jpg\" alt=\"\" width=\"588\" height=\"557\" srcset=\"https:\/\/pcbigouden.fr\/wp-content\/uploads\/2023\/03\/Humapromo.jpg 588w, https:\/\/pcbigouden.fr\/wp-content\/uploads\/2023\/03\/Humapromo-300x284.jpg 300w, https:\/\/pcbigouden.fr\/wp-content\/uploads\/2023\/03\/Humapromo-114x108.jpg 114w\" sizes=\"auto, (max-width: 588px) 100vw, 588px\" \/><\/a><\/p>\n","protected":false},"excerpt":{"rendered":"<p>\u00c0 neuf voix pr\u00e8s, la motion de censure n\u2019a pas \u00e9t\u00e9 adopt\u00e9e.\u00a0Quel naufrage pour le gouvernement ! Cette r\u00e9forme reste ill\u00e9gitime. Le combat continue car une majorit\u00e9 de progr\u00e8s existe toujours dans notre pays contre cette r\u00e9forme. Depuis le recours au 49-3, la r\u00e9volte n\u2019a fait que grandir. Les gr\u00e8ves reconductibles se maintiennent dans de &hellip; <a href=\"https:\/\/pcbigouden.fr\/?p=2466\" class=\"more-link\">Continue reading <span class=\"screen-reader-text\">Retraites : le combat continue ! Construisons une autre majorit\u00e9 politique !<\/span><\/a><\/p>\n","protected":false},"author":6,"featured_media":0,"comment_status":"closed","ping_status":"closed","sticky":false,"template":"","format":"standard","meta":{"_jetpack_memberships_contains_paid_content":false,"footnotes":""},"categories":[2,59,10],"tags":[108],"class_list":["post-2466","post","type-post","status-publish","format-standard","hentry","category-democratie","category-parti-communiste","category-retraites","tag-retraites"],"yoast_head":"<!-- This site is optimized with the Yoast SEO plugin v27.5 - https:\/\/yoast.com\/product\/yoast-seo-wordpress\/ -->\n<title>Retraites : le combat continue ! Construisons une autre majorit\u00e9 politique ! - PCF Pays Bigouden<\/title>\n<meta name=\"robots\" content=\"index, follow, max-snippet:-1, max-image-preview:large, max-video-preview:-1\" \/>\n<link rel=\"canonical\" href=\"https:\/\/pcbigouden.fr\/?p=2466\" \/>\n<meta property=\"og:locale\" content=\"fr_FR\" \/>\n<meta property=\"og:type\" content=\"article\" \/>\n<meta property=\"og:title\" content=\"Retraites : le combat continue ! Construisons une autre majorit\u00e9 politique ! - PCF Pays Bigouden\" \/>\n<meta property=\"og:description\" content=\"\u00c0 neuf voix pr\u00e8s, la motion de censure n\u2019a pas \u00e9t\u00e9 adopt\u00e9e.\u00a0Quel naufrage pour le gouvernement ! Cette r\u00e9forme reste ill\u00e9gitime. Le combat continue car une majorit\u00e9 de progr\u00e8s existe toujours dans notre pays contre cette r\u00e9forme. Depuis le recours au 49-3, la r\u00e9volte n\u2019a fait que grandir. Les gr\u00e8ves reconductibles se maintiennent dans de &hellip; Continue reading Retraites : le combat continue ! Construisons une autre majorit\u00e9 politique !\" \/>\n<meta property=\"og:url\" content=\"https:\/\/pcbigouden.fr\/?p=2466\" \/>\n<meta property=\"og:site_name\" content=\"PCF Pays Bigouden\" \/>\n<meta property=\"article:published_time\" content=\"2023-03-21T08:17:12+00:00\" \/>\n<meta property=\"article:modified_time\" content=\"2023-03-27T18:01:45+00:00\" \/>\n<meta property=\"og:image\" content=\"https:\/\/assets.nationbuilder.com\/pcf\/pages\/15723\/meta_images\/original\/visuel-pcf-site%286%29.png?1679336622\" \/>\n<meta name=\"author\" content=\"sierramaestra\" \/>\n<meta name=\"twitter:card\" content=\"summary_large_image\" \/>\n<meta name=\"twitter:label1\" content=\"\u00c9crit par\" \/>\n\t<meta name=\"twitter:data1\" content=\"sierramaestra\" \/>\n\t<meta name=\"twitter:label2\" content=\"Dur\u00e9e de lecture estim\u00e9e\" \/>\n\t<meta name=\"twitter:data2\" content=\"3 minutes\" \/>\n<script type=\"application\/ld+json\" class=\"yoast-schema-graph\">{\"@context\":\"https:\\\/\\\/schema.org\",\"@graph\":[{\"@type\":\"Article\",\"@id\":\"https:\\\/\\\/pcbigouden.fr\\\/?p=2466#article\",\"isPartOf\":{\"@id\":\"https:\\\/\\\/pcbigouden.fr\\\/?p=2466\"},\"author\":{\"name\":\"sierramaestra\",\"@id\":\"https:\\\/\\\/pcbigouden.fr\\\/#\\\/schema\\\/person\\\/2f88b3db41deacf169cab9e2ff83133a\"},\"headline\":\"Retraites : le combat continue ! Construisons une autre majorit\u00e9 politique !\",\"datePublished\":\"2023-03-21T08:17:12+00:00\",\"dateModified\":\"2023-03-27T18:01:45+00:00\",\"mainEntityOfPage\":{\"@id\":\"https:\\\/\\\/pcbigouden.fr\\\/?p=2466\"},\"wordCount\":661,\"publisher\":{\"@id\":\"https:\\\/\\\/pcbigouden.fr\\\/#organization\"},\"image\":{\"@id\":\"https:\\\/\\\/pcbigouden.fr\\\/?p=2466#primaryimage\"},\"thumbnailUrl\":\"https:\\\/\\\/assets.nationbuilder.com\\\/pcf\\\/pages\\\/15723\\\/meta_images\\\/original\\\/visuel-pcf-site%286%29.png?1679336622\",\"keywords\":[\"retraites\"],\"articleSection\":[\"D\u00e9mocratie\",\"Parti Communiste\",\"Retraites\"],\"inLanguage\":\"fr-FR\"},{\"@type\":\"WebPage\",\"@id\":\"https:\\\/\\\/pcbigouden.fr\\\/?p=2466\",\"url\":\"https:\\\/\\\/pcbigouden.fr\\\/?p=2466\",\"name\":\"Retraites : le combat continue ! Construisons une autre majorit\u00e9 politique ! - PCF Pays Bigouden\",\"isPartOf\":{\"@id\":\"https:\\\/\\\/pcbigouden.fr\\\/#website\"},\"primaryImageOfPage\":{\"@id\":\"https:\\\/\\\/pcbigouden.fr\\\/?p=2466#primaryimage\"},\"image\":{\"@id\":\"https:\\\/\\\/pcbigouden.fr\\\/?p=2466#primaryimage\"},\"thumbnailUrl\":\"https:\\\/\\\/assets.nationbuilder.com\\\/pcf\\\/pages\\\/15723\\\/meta_images\\\/original\\\/visuel-pcf-site%286%29.png?1679336622\",\"datePublished\":\"2023-03-21T08:17:12+00:00\",\"dateModified\":\"2023-03-27T18:01:45+00:00\",\"breadcrumb\":{\"@id\":\"https:\\\/\\\/pcbigouden.fr\\\/?p=2466#breadcrumb\"},\"inLanguage\":\"fr-FR\",\"potentialAction\":[{\"@type\":\"ReadAction\",\"target\":[\"https:\\\/\\\/pcbigouden.fr\\\/?p=2466\"]}]},{\"@type\":\"ImageObject\",\"inLanguage\":\"fr-FR\",\"@id\":\"https:\\\/\\\/pcbigouden.fr\\\/?p=2466#primaryimage\",\"url\":\"https:\\\/\\\/assets.nationbuilder.com\\\/pcf\\\/pages\\\/15723\\\/meta_images\\\/original\\\/visuel-pcf-site%286%29.png?1679336622\",\"contentUrl\":\"https:\\\/\\\/assets.nationbuilder.com\\\/pcf\\\/pages\\\/15723\\\/meta_images\\\/original\\\/visuel-pcf-site%286%29.png?1679336622\"},{\"@type\":\"BreadcrumbList\",\"@id\":\"https:\\\/\\\/pcbigouden.fr\\\/?p=2466#breadcrumb\",\"itemListElement\":[{\"@type\":\"ListItem\",\"position\":1,\"name\":\"Accueil\",\"item\":\"https:\\\/\\\/pcbigouden.fr\\\/\"},{\"@type\":\"ListItem\",\"position\":2,\"name\":\"Retraites : le combat continue ! Construisons une autre majorit\u00e9 politique !\"}]},{\"@type\":\"WebSite\",\"@id\":\"https:\\\/\\\/pcbigouden.fr\\\/#website\",\"url\":\"https:\\\/\\\/pcbigouden.fr\\\/\",\"name\":\"PCF Pays Bigouden\",\"description\":\"Blog des communistes du Pays Bigouden\",\"publisher\":{\"@id\":\"https:\\\/\\\/pcbigouden.fr\\\/#organization\"},\"potentialAction\":[{\"@type\":\"SearchAction\",\"target\":{\"@type\":\"EntryPoint\",\"urlTemplate\":\"https:\\\/\\\/pcbigouden.fr\\\/?s={search_term_string}\"},\"query-input\":{\"@type\":\"PropertyValueSpecification\",\"valueRequired\":true,\"valueName\":\"search_term_string\"}}],\"inLanguage\":\"fr-FR\"},{\"@type\":\"Organization\",\"@id\":\"https:\\\/\\\/pcbigouden.fr\\\/#organization\",\"name\":\"Parti Communiste PCF Pays Bigouden\",\"url\":\"https:\\\/\\\/pcbigouden.fr\\\/\",\"logo\":{\"@type\":\"ImageObject\",\"inLanguage\":\"fr-FR\",\"@id\":\"https:\\\/\\\/pcbigouden.fr\\\/#\\\/schema\\\/logo\\\/image\\\/\",\"url\":\"https:\\\/\\\/pcbigouden.fr\\\/wp-content\\\/uploads\\\/2021\\\/10\\\/logoTB307x290.jpg\",\"contentUrl\":\"https:\\\/\\\/pcbigouden.fr\\\/wp-content\\\/uploads\\\/2021\\\/10\\\/logoTB307x290.jpg\",\"width\":307,\"height\":290,\"caption\":\"Parti Communiste PCF Pays Bigouden\"},\"image\":{\"@id\":\"https:\\\/\\\/pcbigouden.fr\\\/#\\\/schema\\\/logo\\\/image\\\/\"}},{\"@type\":\"Person\",\"@id\":\"https:\\\/\\\/pcbigouden.fr\\\/#\\\/schema\\\/person\\\/2f88b3db41deacf169cab9e2ff83133a\",\"name\":\"sierramaestra\",\"image\":{\"@type\":\"ImageObject\",\"inLanguage\":\"fr-FR\",\"@id\":\"https:\\\/\\\/secure.gravatar.com\\\/avatar\\\/5e822171bcc9a9856efba4097a35cfd35b4c239b7b552810087caf40ef8496b2?s=96&d=mm&r=g\",\"url\":\"https:\\\/\\\/secure.gravatar.com\\\/avatar\\\/5e822171bcc9a9856efba4097a35cfd35b4c239b7b552810087caf40ef8496b2?s=96&d=mm&r=g\",\"contentUrl\":\"https:\\\/\\\/secure.gravatar.com\\\/avatar\\\/5e822171bcc9a9856efba4097a35cfd35b4c239b7b552810087caf40ef8496b2?s=96&d=mm&r=g\",\"caption\":\"sierramaestra\"},\"url\":\"https:\\\/\\\/pcbigouden.fr\\\/?author=6\"}]}<\/script>\n<!-- \/ Yoast SEO plugin. -->","yoast_head_json":{"title":"Retraites : le combat continue ! Construisons une autre majorit\u00e9 politique ! - PCF Pays Bigouden","robots":{"index":"index","follow":"follow","max-snippet":"max-snippet:-1","max-image-preview":"max-image-preview:large","max-video-preview":"max-video-preview:-1"},"canonical":"https:\/\/pcbigouden.fr\/?p=2466","og_locale":"fr_FR","og_type":"article","og_title":"Retraites : le combat continue ! Construisons une autre majorit\u00e9 politique ! - PCF Pays Bigouden","og_description":"\u00c0 neuf voix pr\u00e8s, la motion de censure n\u2019a pas \u00e9t\u00e9 adopt\u00e9e.\u00a0Quel naufrage pour le gouvernement ! Cette r\u00e9forme reste ill\u00e9gitime. Le combat continue car une majorit\u00e9 de progr\u00e8s existe toujours dans notre pays contre cette r\u00e9forme. Depuis le recours au 49-3, la r\u00e9volte n\u2019a fait que grandir. Les gr\u00e8ves reconductibles se maintiennent dans de &hellip; Continue reading Retraites : le combat continue ! Construisons une autre majorit\u00e9 politique !","og_url":"https:\/\/pcbigouden.fr\/?p=2466","og_site_name":"PCF Pays Bigouden","article_published_time":"2023-03-21T08:17:12+00:00","article_modified_time":"2023-03-27T18:01:45+00:00","og_image":[{"url":"https:\/\/assets.nationbuilder.com\/pcf\/pages\/15723\/meta_images\/original\/visuel-pcf-site%286%29.png?1679336622","type":"","width":"","height":""}],"author":"sierramaestra","twitter_card":"summary_large_image","twitter_misc":{"\u00c9crit par":"sierramaestra","Dur\u00e9e de lecture estim\u00e9e":"3 minutes"},"schema":{"@context":"https:\/\/schema.org","@graph":[{"@type":"Article","@id":"https:\/\/pcbigouden.fr\/?p=2466#article","isPartOf":{"@id":"https:\/\/pcbigouden.fr\/?p=2466"},"author":{"name":"sierramaestra","@id":"https:\/\/pcbigouden.fr\/#\/schema\/person\/2f88b3db41deacf169cab9e2ff83133a"},"headline":"Retraites : le combat continue ! Construisons une autre majorit\u00e9 politique !","datePublished":"2023-03-21T08:17:12+00:00","dateModified":"2023-03-27T18:01:45+00:00","mainEntityOfPage":{"@id":"https:\/\/pcbigouden.fr\/?p=2466"},"wordCount":661,"publisher":{"@id":"https:\/\/pcbigouden.fr\/#organization"},"image":{"@id":"https:\/\/pcbigouden.fr\/?p=2466#primaryimage"},"thumbnailUrl":"https:\/\/assets.nationbuilder.com\/pcf\/pages\/15723\/meta_images\/original\/visuel-pcf-site%286%29.png?1679336622","keywords":["retraites"],"articleSection":["D\u00e9mocratie","Parti Communiste","Retraites"],"inLanguage":"fr-FR"},{"@type":"WebPage","@id":"https:\/\/pcbigouden.fr\/?p=2466","url":"https:\/\/pcbigouden.fr\/?p=2466","name":"Retraites : le combat continue ! Construisons une autre majorit\u00e9 politique ! - PCF Pays Bigouden","isPartOf":{"@id":"https:\/\/pcbigouden.fr\/#website"},"primaryImageOfPage":{"@id":"https:\/\/pcbigouden.fr\/?p=2466#primaryimage"},"image":{"@id":"https:\/\/pcbigouden.fr\/?p=2466#primaryimage"},"thumbnailUrl":"https:\/\/assets.nationbuilder.com\/pcf\/pages\/15723\/meta_images\/original\/visuel-pcf-site%286%29.png?1679336622","datePublished":"2023-03-21T08:17:12+00:00","dateModified":"2023-03-27T18:01:45+00:00","breadcrumb":{"@id":"https:\/\/pcbigouden.fr\/?p=2466#breadcrumb"},"inLanguage":"fr-FR","potentialAction":[{"@type":"ReadAction","target":["https:\/\/pcbigouden.fr\/?p=2466"]}]},{"@type":"ImageObject","inLanguage":"fr-FR","@id":"https:\/\/pcbigouden.fr\/?p=2466#primaryimage","url":"https:\/\/assets.nationbuilder.com\/pcf\/pages\/15723\/meta_images\/original\/visuel-pcf-site%286%29.png?1679336622","contentUrl":"https:\/\/assets.nationbuilder.com\/pcf\/pages\/15723\/meta_images\/original\/visuel-pcf-site%286%29.png?1679336622"},{"@type":"BreadcrumbList","@id":"https:\/\/pcbigouden.fr\/?p=2466#breadcrumb","itemListElement":[{"@type":"ListItem","position":1,"name":"Accueil","item":"https:\/\/pcbigouden.fr\/"},{"@type":"ListItem","position":2,"name":"Retraites : le combat continue ! Construisons une autre majorit\u00e9 politique !"}]},{"@type":"WebSite","@id":"https:\/\/pcbigouden.fr\/#website","url":"https:\/\/pcbigouden.fr\/","name":"PCF Pays Bigouden","description":"Blog des communistes du Pays Bigouden","publisher":{"@id":"https:\/\/pcbigouden.fr\/#organization"},"potentialAction":[{"@type":"SearchAction","target":{"@type":"EntryPoint","urlTemplate":"https:\/\/pcbigouden.fr\/?s={search_term_string}"},"query-input":{"@type":"PropertyValueSpecification","valueRequired":true,"valueName":"search_term_string"}}],"inLanguage":"fr-FR"},{"@type":"Organization","@id":"https:\/\/pcbigouden.fr\/#organization","name":"Parti Communiste PCF Pays Bigouden","url":"https:\/\/pcbigouden.fr\/","logo":{"@type":"ImageObject","inLanguage":"fr-FR","@id":"https:\/\/pcbigouden.fr\/#\/schema\/logo\/image\/","url":"https:\/\/pcbigouden.fr\/wp-content\/uploads\/2021\/10\/logoTB307x290.jpg","contentUrl":"https:\/\/pcbigouden.fr\/wp-content\/uploads\/2021\/10\/logoTB307x290.jpg","width":307,"height":290,"caption":"Parti Communiste PCF Pays Bigouden"},"image":{"@id":"https:\/\/pcbigouden.fr\/#\/schema\/logo\/image\/"}},{"@type":"Person","@id":"https:\/\/pcbigouden.fr\/#\/schema\/person\/2f88b3db41deacf169cab9e2ff83133a","name":"sierramaestra","image":{"@type":"ImageObject","inLanguage":"fr-FR","@id":"https:\/\/secure.gravatar.com\/avatar\/5e822171bcc9a9856efba4097a35cfd35b4c239b7b552810087caf40ef8496b2?s=96&d=mm&r=g","url":"https:\/\/secure.gravatar.com\/avatar\/5e822171bcc9a9856efba4097a35cfd35b4c239b7b552810087caf40ef8496b2?s=96&d=mm&r=g","contentUrl":"https:\/\/secure.gravatar.com\/avatar\/5e822171bcc9a9856efba4097a35cfd35b4c239b7b552810087caf40ef8496b2?s=96&d=mm&r=g","caption":"sierramaestra"},"url":"https:\/\/pcbigouden.fr\/?author=6"}]}},"jetpack_featured_media_url":"","jetpack_sharing_enabled":true,"jetpack_likes_enabled":true,"_links":{"self":[{"href":"https:\/\/pcbigouden.fr\/index.php?rest_route=\/wp\/v2\/posts\/2466","targetHints":{"allow":["GET"]}}],"collection":[{"href":"https:\/\/pcbigouden.fr\/index.php?rest_route=\/wp\/v2\/posts"}],"about":[{"href":"https:\/\/pcbigouden.fr\/index.php?rest_route=\/wp\/v2\/types\/post"}],"author":[{"embeddable":true,"href":"https:\/\/pcbigouden.fr\/index.php?rest_route=\/wp\/v2\/users\/6"}],"replies":[{"embeddable":true,"href":"https:\/\/pcbigouden.fr\/index.php?rest_route=%2Fwp%2Fv2%2Fcomments&post=2466"}],"version-history":[{"count":7,"href":"https:\/\/pcbigouden.fr\/index.php?rest_route=\/wp\/v2\/posts\/2466\/revisions"}],"predecessor-version":[{"id":2541,"href":"https:\/\/pcbigouden.fr\/index.php?rest_route=\/wp\/v2\/posts\/2466\/revisions\/2541"}],"wp:attachment":[{"href":"https:\/\/pcbigouden.fr\/index.php?rest_route=%2Fwp%2Fv2%2Fmedia&parent=2466"}],"wp:term":[{"taxonomy":"category","embeddable":true,"href":"https:\/\/pcbigouden.fr\/index.php?rest_route=%2Fwp%2Fv2%2Fcategories&post=2466"},{"taxonomy":"post_tag","embeddable":true,"href":"https:\/\/pcbigouden.fr\/index.php?rest_route=%2Fwp%2Fv2%2Ftags&post=2466"}],"curies":[{"name":"wp","href":"https:\/\/api.w.org\/{rel}","templated":true}]}}